{"id":17342,"date":"2019-12-28T08:51:12","date_gmt":"2019-12-28T11:51:12","guid":{"rendered":"https:\/\/wpsandbox4.pante.com.br\/?p=17342"},"modified":"2019-12-28T08:51:12","modified_gmt":"2019-12-28T11:51:12","slug":"gilson-conzatti-concede-entrevista-radio-maraba","status":"publish","type":"post","link":"https:\/\/uvbbrasil.com.br\/gilson-conzatti-concede-entrevista-radio-maraba\/","title":{"rendered":"Gilson Conzatti concede entrevista \u00e0 R\u00e1dio Marab\u00e1"},"content":{"rendered":"<p>Na \u00faltima semana, o novo presidente da C\u00e2mara de Vereadores de Ira\u00ed para o exerc\u00edcio 2020, Gilson Conzatti, esteve participando do Programa Caf\u00e9 com Not\u00edcias, da R\u00e1dio Marab\u00e1, onde concedeu entrevista ao comunicador H\u00e9lio Dreher.<\/p>\n<p>Durante sua entrevista ele respondeu sobre a import\u00e2ncia e participa\u00e7\u00e3o do Legislativo nas quest\u00f5es de desenvolvimento local, de atender as reivindica\u00e7\u00f5es da popula\u00e7\u00e3o do munic\u00edpio e aproximar a comunidade do Poder Legislativo.<\/p>\n<p>Um dos assuntos importantes destacado por Conzatti foi a reformula\u00e7\u00e3o do pacto federativo, pois para ele o que deve acontecer \u00e9 uma melhor distribui\u00e7\u00e3o de recursos entre os entes da federa\u00e7\u00e3o (Uni\u00e3o, estados, munic\u00edpios e Distrito Federal). Gilson explicou a import\u00e2ncia da reformula\u00e7\u00e3o do atual pacto federativo, pois na estrutura vigente, a Uni\u00e3o recebe 60% da arrecada\u00e7\u00e3o tribut\u00e1ria; os estados, 25%; e os munic\u00edpios, de 15 a 18%. Para ele, diante do aumento das obriga\u00e7\u00f5es dos munic\u00edpios ao longo dos anos, poderia haver altera\u00e7\u00e3o na divis\u00e3o, o que s\u00f3 pode ser feito por meio de emenda constitucional. \u201cPrecisamos chamar a aten\u00e7\u00e3o da sociedade para se repensar o pa\u00eds, pois a vida acontece no munic\u00edpio\u201d, enfatizou. O parlamentar tamb\u00e9m destacou que pretende fazer uma atualiza\u00e7\u00e3o do regimento interno da C\u00e2mara junto com os vereadores e da Lei Org\u00e2nica do munic\u00edpio.<\/p>\n<p>Conzatti destacou que em 2020 trar\u00e1 inova\u00e7\u00f5es para dentro da C\u00e2mara de Vereadores, sendo uma delas ele destacou no programa, onde ir\u00e1 promover um curso para os pr\u00e9-candidatos a vereadores do munic\u00edpio para que os mesmos possam ter uma no\u00e7\u00e3o de quais s\u00e3o os deveres e obriga\u00e7\u00f5es de um vereador.<\/p>\n<p>No terceiro mandato de vereador, Conzatti, finalizou a entrevista dizendo que ser um presidente que ir\u00e1 marcar sua passagem pela Casa com a\u00e7\u00f5es voltadas em prol dos vereadores e da comunidade em geral.<a href=\"https:\/\/uvbbrasil.com.br\/?attachment_id=17343\" rel=\"attachment wp-att-17343\"><img fetchpriority=\"high\" decoding=\"async\" class=\"aligncenter size-full wp-image-17343\" src=\"https:\/\/uvbbrasil.com.br\/wp-content\/uploads\/2019\/12\/giii.jpg\" alt=\"\" width=\"960\" height=\"639\" srcset=\"https:\/\/uvbbrasil.com.br\/wp-content\/uploads\/2019\/12\/giii.jpg 960w, https:\/\/uvbbrasil.com.br\/wp-content\/uploads\/2019\/12\/giii-300x200.jpg 300w, https:\/\/uvbbrasil.com.br\/wp-content\/uploads\/2019\/12\/giii-768x511.jpg 768w\" sizes=\"(max-width: 960px) 100vw, 960px\" \/><\/a><\/p>\n","protected":false},"excerpt":{"rendered":"<p>Na \u00faltima semana, o novo presidente da C\u00e2mara de Vereadores de Ira\u00ed para o exerc\u00edcio 2020, Gilson Conzatti, esteve participando&#8230;<\/p>\n","protected":false},"author":1,"featured_media":17343,"comment_status":"open","ping_status":"open","sticky":false,"template":"","format":"standard","meta":{"footnotes":""},"categories":[3,4],"tags":[],"class_list":["post-17342","post","type-post","status-publish","format-standard","has-post-thumbnail","hentry","category-noticias","category-home"],"yoast_head":"<!-- This site is optimized with the Yoast SEO plugin v26.7 - https:\/\/yoast.com\/wordpress\/plugins\/seo\/ -->\n<title>Gilson Conzatti concede entrevista \u00e0 R\u00e1dio Marab\u00e1 - UVB Brasil<\/title>\n<meta name=\"robots\" content=\"index, follow, max-snippet:-1, max-image-preview:large, max-video-preview:-1\" \/>\n<link rel=\"canonical\" href=\"https:\/\/uvbbrasil.com.br\/gilson-conzatti-concede-entrevista-radio-maraba\/\" \/>\n<meta property=\"og:locale\" content=\"pt_BR\" \/>\n<meta property=\"og:type\" content=\"article\" \/>\n<meta property=\"og:title\" content=\"Gilson Conzatti concede entrevista \u00e0 R\u00e1dio Marab\u00e1 - UVB Brasil\" \/>\n<meta property=\"og:description\" content=\"Na \u00faltima semana, o novo presidente da C\u00e2mara de Vereadores de Ira\u00ed para o exerc\u00edcio 2020, Gilson Conzatti, esteve participando...\" \/>\n<meta property=\"og:url\" content=\"https:\/\/uvbbrasil.com.br\/gilson-conzatti-concede-entrevista-radio-maraba\/\" \/>\n<meta property=\"og:site_name\" content=\"UVB Brasil\" \/>\n<meta property=\"article:publisher\" content=\"https:\/\/www.facebook.com\/uvb.vereadoresbrasil\" \/>\n<meta property=\"article:published_time\" content=\"2019-12-28T11:51:12+00:00\" \/>\n<meta property=\"og:image\" content=\"https:\/\/uvbbrasil.com.br\/wp-content\/uploads\/2019\/12\/giii.jpg\" \/>\n\t<meta property=\"og:image:width\" content=\"960\" \/>\n\t<meta property=\"og:image:height\" content=\"639\" \/>\n\t<meta property=\"og:image:type\" content=\"image\/jpeg\" \/>\n<meta name=\"author\" content=\"adminuvb\" \/>\n<meta name=\"twitter:card\" content=\"summary_large_image\" \/>\n<meta name=\"twitter:label1\" content=\"Escrito por\" \/>\n\t<meta name=\"twitter:data1\" content=\"adminuvb\" \/>\n\t<meta name=\"twitter:label2\" content=\"Est. tempo de leitura\" \/>\n\t<meta name=\"twitter:data2\" content=\"2 minutos\" \/>\n<script type=\"application\/ld+json\" class=\"yoast-schema-graph\">{\"@context\":\"https:\/\/schema.org\",\"@graph\":[{\"@type\":\"Article\",\"@id\":\"https:\/\/uvbbrasil.com.br\/gilson-conzatti-concede-entrevista-radio-maraba\/#article\",\"isPartOf\":{\"@id\":\"https:\/\/uvbbrasil.com.br\/gilson-conzatti-concede-entrevista-radio-maraba\/\"},\"author\":{\"name\":\"adminuvb\",\"@id\":\"https:\/\/uvbbrasil.com.br\/#\/schema\/person\/17990098446c098f52effddff4f1b272\"},\"headline\":\"Gilson Conzatti concede entrevista \u00e0 R\u00e1dio Marab\u00e1\",\"datePublished\":\"2019-12-28T11:51:12+00:00\",\"mainEntityOfPage\":{\"@id\":\"https:\/\/uvbbrasil.com.br\/gilson-conzatti-concede-entrevista-radio-maraba\/\"},\"wordCount\":331,\"commentCount\":0,\"publisher\":{\"@id\":\"https:\/\/uvbbrasil.com.br\/#organization\"},\"image\":{\"@id\":\"https:\/\/uvbbrasil.com.br\/gilson-conzatti-concede-entrevista-radio-maraba\/#primaryimage\"},\"thumbnailUrl\":\"https:\/\/uvbbrasil.com.br\/wp-content\/uploads\/2019\/12\/giii.jpg\",\"articleSection\":[\"NOT\u00cdCIAS\",\"UVB\"],\"inLanguage\":\"pt-BR\",\"potentialAction\":[{\"@type\":\"CommentAction\",\"name\":\"Comment\",\"target\":[\"https:\/\/uvbbrasil.com.br\/gilson-conzatti-concede-entrevista-radio-maraba\/#respond\"]}]},{\"@type\":\"WebPage\",\"@id\":\"https:\/\/uvbbrasil.com.br\/gilson-conzatti-concede-entrevista-radio-maraba\/\",\"url\":\"https:\/\/uvbbrasil.com.br\/gilson-conzatti-concede-entrevista-radio-maraba\/\",\"name\":\"Gilson Conzatti concede entrevista \u00e0 R\u00e1dio Marab\u00e1 - UVB Brasil\",\"isPartOf\":{\"@id\":\"https:\/\/uvbbrasil.com.br\/#website\"},\"primaryImageOfPage\":{\"@id\":\"https:\/\/uvbbrasil.com.br\/gilson-conzatti-concede-entrevista-radio-maraba\/#primaryimage\"},\"image\":{\"@id\":\"https:\/\/uvbbrasil.com.br\/gilson-conzatti-concede-entrevista-radio-maraba\/#primaryimage\"},\"thumbnailUrl\":\"https:\/\/uvbbrasil.com.br\/wp-content\/uploads\/2019\/12\/giii.jpg\",\"datePublished\":\"2019-12-28T11:51:12+00:00\",\"breadcrumb\":{\"@id\":\"https:\/\/uvbbrasil.com.br\/gilson-conzatti-concede-entrevista-radio-maraba\/#breadcrumb\"},\"inLanguage\":\"pt-BR\",\"potentialAction\":[{\"@type\":\"ReadAction\",\"target\":[\"https:\/\/uvbbrasil.com.br\/gilson-conzatti-concede-entrevista-radio-maraba\/\"]}]},{\"@type\":\"ImageObject\",\"inLanguage\":\"pt-BR\",\"@id\":\"https:\/\/uvbbrasil.com.br\/gilson-conzatti-concede-entrevista-radio-maraba\/#primaryimage\",\"url\":\"https:\/\/uvbbrasil.com.br\/wp-content\/uploads\/2019\/12\/giii.jpg\",\"contentUrl\":\"https:\/\/uvbbrasil.com.br\/wp-content\/uploads\/2019\/12\/giii.jpg\",\"width\":960,\"height\":639},{\"@type\":\"BreadcrumbList\",\"@id\":\"https:\/\/uvbbrasil.com.br\/gilson-conzatti-concede-entrevista-radio-maraba\/#breadcrumb\",\"itemListElement\":[{\"@type\":\"ListItem\",\"position\":1,\"name\":\"In\u00edcio\",\"item\":\"https:\/\/uvbbrasil.com.br\/\"},{\"@type\":\"ListItem\",\"position\":2,\"name\":\"Gilson Conzatti concede entrevista \u00e0 R\u00e1dio Marab\u00e1\"}]},{\"@type\":\"WebSite\",\"@id\":\"https:\/\/uvbbrasil.com.br\/#website\",\"url\":\"https:\/\/uvbbrasil.com.br\/\",\"name\":\"UVB Brasil\",\"description\":\"Uni\u00e3o dos Vereadores do Brasil\",\"publisher\":{\"@id\":\"https:\/\/uvbbrasil.com.br\/#organization\"},\"potentialAction\":[{\"@type\":\"SearchAction\",\"target\":{\"@type\":\"EntryPoint\",\"urlTemplate\":\"https:\/\/uvbbrasil.com.br\/?s={search_term_string}\"},\"query-input\":{\"@type\":\"PropertyValueSpecification\",\"valueRequired\":true,\"valueName\":\"search_term_string\"}}],\"inLanguage\":\"pt-BR\"},{\"@type\":\"Organization\",\"@id\":\"https:\/\/uvbbrasil.com.br\/#organization\",\"name\":\"UVB Brasil\",\"url\":\"https:\/\/uvbbrasil.com.br\/\",\"logo\":{\"@type\":\"ImageObject\",\"inLanguage\":\"pt-BR\",\"@id\":\"https:\/\/uvbbrasil.com.br\/#\/schema\/logo\/image\/\",\"url\":\"https:\/\/uvbbrasil.com.br\/wp-content\/uploads\/2025\/01\/LOGO-UVB-2024-azul-1.jpg\",\"contentUrl\":\"https:\/\/uvbbrasil.com.br\/wp-content\/uploads\/2025\/01\/LOGO-UVB-2024-azul-1.jpg\",\"width\":600,\"height\":211,\"caption\":\"UVB Brasil\"},\"image\":{\"@id\":\"https:\/\/uvbbrasil.com.br\/#\/schema\/logo\/image\/\"},\"sameAs\":[\"https:\/\/www.facebook.com\/uvb.vereadoresbrasil\",\"https:\/\/www.instagram.com\/uvbbrasil\/\",\"https:\/\/www.youtube.com\/channel\/UCIlPQ8Xzw5GHNzosQIg9S5A\"]},{\"@type\":\"Person\",\"@id\":\"https:\/\/uvbbrasil.com.br\/#\/schema\/person\/17990098446c098f52effddff4f1b272\",\"name\":\"adminuvb\",\"image\":{\"@type\":\"ImageObject\",\"inLanguage\":\"pt-BR\",\"@id\":\"https:\/\/uvbbrasil.com.br\/#\/schema\/person\/image\/\",\"url\":\"https:\/\/secure.gravatar.com\/avatar\/1a494ea6f8e2dd1ae526e55b0e9497efdba542491e0620d704cccf63c6f77c45?s=96&d=mm&r=g\",\"contentUrl\":\"https:\/\/secure.gravatar.com\/avatar\/1a494ea6f8e2dd1ae526e55b0e9497efdba542491e0620d704cccf63c6f77c45?s=96&d=mm&r=g\",\"caption\":\"adminuvb\"},\"sameAs\":[\"https:\/\/uvbbrasil.com.br\"],\"url\":\"https:\/\/uvbbrasil.com.br\/author\/adminuvb\/\"}]}<\/script>\n<!-- \/ Yoast SEO plugin. -->","yoast_head_json":{"title":"Gilson Conzatti concede entrevista \u00e0 R\u00e1dio Marab\u00e1 - UVB Brasil","robots":{"index":"index","follow":"follow","max-snippet":"max-snippet:-1","max-image-preview":"max-image-preview:large","max-video-preview":"max-video-preview:-1"},"canonical":"https:\/\/uvbbrasil.com.br\/gilson-conzatti-concede-entrevista-radio-maraba\/","og_locale":"pt_BR","og_type":"article","og_title":"Gilson Conzatti concede entrevista \u00e0 R\u00e1dio Marab\u00e1 - UVB Brasil","og_description":"Na \u00faltima semana, o novo presidente da C\u00e2mara de Vereadores de Ira\u00ed para o exerc\u00edcio 2020, Gilson Conzatti, esteve participando...","og_url":"https:\/\/uvbbrasil.com.br\/gilson-conzatti-concede-entrevista-radio-maraba\/","og_site_name":"UVB Brasil","article_publisher":"https:\/\/www.facebook.com\/uvb.vereadoresbrasil","article_published_time":"2019-12-28T11:51:12+00:00","og_image":[{"width":960,"height":639,"url":"https:\/\/uvbbrasil.com.br\/wp-content\/uploads\/2019\/12\/giii.jpg","type":"image\/jpeg"}],"author":"adminuvb","twitter_card":"summary_large_image","twitter_misc":{"Escrito por":"adminuvb","Est. tempo de leitura":"2 minutos"},"schema":{"@context":"https:\/\/schema.org","@graph":[{"@type":"Article","@id":"https:\/\/uvbbrasil.com.br\/gilson-conzatti-concede-entrevista-radio-maraba\/#article","isPartOf":{"@id":"https:\/\/uvbbrasil.com.br\/gilson-conzatti-concede-entrevista-radio-maraba\/"},"author":{"name":"adminuvb","@id":"https:\/\/uvbbrasil.com.br\/#\/schema\/person\/17990098446c098f52effddff4f1b272"},"headline":"Gilson Conzatti concede entrevista \u00e0 R\u00e1dio Marab\u00e1","datePublished":"2019-12-28T11:51:12+00:00","mainEntityOfPage":{"@id":"https:\/\/uvbbrasil.com.br\/gilson-conzatti-concede-entrevista-radio-maraba\/"},"wordCount":331,"commentCount":0,"publisher":{"@id":"https:\/\/uvbbrasil.com.br\/#organization"},"image":{"@id":"https:\/\/uvbbrasil.com.br\/gilson-conzatti-concede-entrevista-radio-maraba\/#primaryimage"},"thumbnailUrl":"https:\/\/uvbbrasil.com.br\/wp-content\/uploads\/2019\/12\/giii.jpg","articleSection":["NOT\u00cdCIAS","UVB"],"inLanguage":"pt-BR","potentialAction":[{"@type":"CommentAction","name":"Comment","target":["https:\/\/uvbbrasil.com.br\/gilson-conzatti-concede-entrevista-radio-maraba\/#respond"]}]},{"@type":"WebPage","@id":"https:\/\/uvbbrasil.com.br\/gilson-conzatti-concede-entrevista-radio-maraba\/","url":"https:\/\/uvbbrasil.com.br\/gilson-conzatti-concede-entrevista-radio-maraba\/","name":"Gilson Conzatti concede entrevista \u00e0 R\u00e1dio Marab\u00e1 - UVB Brasil","isPartOf":{"@id":"https:\/\/uvbbrasil.com.br\/#website"},"primaryImageOfPage":{"@id":"https:\/\/uvbbrasil.com.br\/gilson-conzatti-concede-entrevista-radio-maraba\/#primaryimage"},"image":{"@id":"https:\/\/uvbbrasil.com.br\/gilson-conzatti-concede-entrevista-radio-maraba\/#primaryimage"},"thumbnailUrl":"https:\/\/uvbbrasil.com.br\/wp-content\/uploads\/2019\/12\/giii.jpg","datePublished":"2019-12-28T11:51:12+00:00","breadcrumb":{"@id":"https:\/\/uvbbrasil.com.br\/gilson-conzatti-concede-entrevista-radio-maraba\/#breadcrumb"},"inLanguage":"pt-BR","potentialAction":[{"@type":"ReadAction","target":["https:\/\/uvbbrasil.com.br\/gilson-conzatti-concede-entrevista-radio-maraba\/"]}]},{"@type":"ImageObject","inLanguage":"pt-BR","@id":"https:\/\/uvbbrasil.com.br\/gilson-conzatti-concede-entrevista-radio-maraba\/#primaryimage","url":"https:\/\/uvbbrasil.com.br\/wp-content\/uploads\/2019\/12\/giii.jpg","contentUrl":"https:\/\/uvbbrasil.com.br\/wp-content\/uploads\/2019\/12\/giii.jpg","width":960,"height":639},{"@type":"BreadcrumbList","@id":"https:\/\/uvbbrasil.com.br\/gilson-conzatti-concede-entrevista-radio-maraba\/#breadcrumb","itemListElement":[{"@type":"ListItem","position":1,"name":"In\u00edcio","item":"https:\/\/uvbbrasil.com.br\/"},{"@type":"ListItem","position":2,"name":"Gilson Conzatti concede entrevista \u00e0 R\u00e1dio Marab\u00e1"}]},{"@type":"WebSite","@id":"https:\/\/uvbbrasil.com.br\/#website","url":"https:\/\/uvbbrasil.com.br\/","name":"UVB Brasil","description":"Uni\u00e3o dos Vereadores do Brasil","publisher":{"@id":"https:\/\/uvbbrasil.com.br\/#organization"},"potentialAction":[{"@type":"SearchAction","target":{"@type":"EntryPoint","urlTemplate":"https:\/\/uvbbrasil.com.br\/?s={search_term_string}"},"query-input":{"@type":"PropertyValueSpecification","valueRequired":true,"valueName":"search_term_string"}}],"inLanguage":"pt-BR"},{"@type":"Organization","@id":"https:\/\/uvbbrasil.com.br\/#organization","name":"UVB Brasil","url":"https:\/\/uvbbrasil.com.br\/","logo":{"@type":"ImageObject","inLanguage":"pt-BR","@id":"https:\/\/uvbbrasil.com.br\/#\/schema\/logo\/image\/","url":"https:\/\/uvbbrasil.com.br\/wp-content\/uploads\/2025\/01\/LOGO-UVB-2024-azul-1.jpg","contentUrl":"https:\/\/uvbbrasil.com.br\/wp-content\/uploads\/2025\/01\/LOGO-UVB-2024-azul-1.jpg","width":600,"height":211,"caption":"UVB Brasil"},"image":{"@id":"https:\/\/uvbbrasil.com.br\/#\/schema\/logo\/image\/"},"sameAs":["https:\/\/www.facebook.com\/uvb.vereadoresbrasil","https:\/\/www.instagram.com\/uvbbrasil\/","https:\/\/www.youtube.com\/channel\/UCIlPQ8Xzw5GHNzosQIg9S5A"]},{"@type":"Person","@id":"https:\/\/uvbbrasil.com.br\/#\/schema\/person\/17990098446c098f52effddff4f1b272","name":"adminuvb","image":{"@type":"ImageObject","inLanguage":"pt-BR","@id":"https:\/\/uvbbrasil.com.br\/#\/schema\/person\/image\/","url":"https:\/\/secure.gravatar.com\/avatar\/1a494ea6f8e2dd1ae526e55b0e9497efdba542491e0620d704cccf63c6f77c45?s=96&d=mm&r=g","contentUrl":"https:\/\/secure.gravatar.com\/avatar\/1a494ea6f8e2dd1ae526e55b0e9497efdba542491e0620d704cccf63c6f77c45?s=96&d=mm&r=g","caption":"adminuvb"},"sameAs":["https:\/\/uvbbrasil.com.br"],"url":"https:\/\/uvbbrasil.com.br\/author\/adminuvb\/"}]}},"_links":{"self":[{"href":"https:\/\/uvbbrasil.com.br\/uvb-json\/wp\/v2\/posts\/17342","targetHints":{"allow":["GET"]}}],"collection":[{"href":"https:\/\/uvbbrasil.com.br\/uvb-json\/wp\/v2\/posts"}],"about":[{"href":"https:\/\/uvbbrasil.com.br\/uvb-json\/wp\/v2\/types\/post"}],"author":[{"embeddable":true,"href":"https:\/\/uvbbrasil.com.br\/uvb-json\/wp\/v2\/users\/1"}],"replies":[{"embeddable":true,"href":"https:\/\/uvbbrasil.com.br\/uvb-json\/wp\/v2\/comments?post=17342"}],"version-history":[{"count":0,"href":"https:\/\/uvbbrasil.com.br\/uvb-json\/wp\/v2\/posts\/17342\/revisions"}],"wp:featuredmedia":[{"embeddable":true,"href":"https:\/\/uvbbrasil.com.br\/uvb-json\/wp\/v2\/media\/17343"}],"wp:attachment":[{"href":"https:\/\/uvbbrasil.com.br\/uvb-json\/wp\/v2\/media?parent=17342"}],"wp:term":[{"taxonomy":"category","embeddable":true,"href":"https:\/\/uvbbrasil.com.br\/uvb-json\/wp\/v2\/categories?post=17342"},{"taxonomy":"post_tag","embeddable":true,"href":"https:\/\/uvbbrasil.com.br\/uvb-json\/wp\/v2\/tags?post=17342"}],"curies":[{"name":"wp","href":"https:\/\/api.w.org\/{rel}","templated":true}]}}