{"id":17252,"date":"2019-12-13T17:09:47","date_gmt":"2019-12-13T20:09:47","guid":{"rendered":"https:\/\/wpsandbox4.pante.com.br\/?p=17252"},"modified":"2019-12-13T17:09:47","modified_gmt":"2019-12-13T20:09:47","slug":"diretor-geral-tribunal-de-contas-estado-de-sao-paulo-participa-seminario-nacional-da-uvb","status":"publish","type":"post","link":"https:\/\/uvbbrasil.com.br\/diretor-geral-tribunal-de-contas-estado-de-sao-paulo-participa-seminario-nacional-da-uvb\/","title":{"rendered":"Diretor Geral do Tribunal de Contas do Estado de S\u00e3o Paulo participa do Semin\u00e1rio Nacional da UVB."},"content":{"rendered":"<p>O Diretor Geral do Tribunal de contas do Estado de S\u00e3o Paulo, Dr. S\u00e9rgio Ciqueira Rossi, participou do encerramento do Semin\u00e1rio Nacional de Legislativos Municipais nesta sexta feira(13) em Itu\/SP, debateu sobre o tema \u201cTribunal de contas e a fiscaliza\u00e7\u00e3o dos munic\u00edpios\u201d, onde explicou que \u00e9 o momento para o Tribunal de contas demostrar suas preocupa\u00e7\u00f5es em assuntos de interesse p\u00fablico, em primeiro lugar os legislativos municipais, a import\u00e2ncia que a c\u00e2mara municipal de vereadores tem e que na maioria das vezes os parlamentares n\u00e3o sabem da for\u00e7a e da tamanha import\u00e2ncia que tem para participa\u00e7\u00e3o popular que se faz atrav\u00e9s do vereador e principalmente pela necessidade da discurs\u00e3o voltadas ao interesse publico. E por outro lado os cuidados que o tribunal de contas do Estado no controle das dispensas para evitar os excessos que tem constatado, principalmente na contrata\u00e7\u00e3o pessoal, gastos com combust\u00edvel, frota de ve\u00edculos, quest\u00f5es que n\u00e3o s\u00e3o compat\u00edveis com a atividade parlamentar principalmente nos pequenos munic\u00edpios. A fiscaliza\u00e7\u00e3o dos Munic\u00edpios ser\u00e1 exercida pelo Poder Legislativo Municipal, mediante controle externo, e pelos sistemas de controle interno do Poder Executivo Municipal, na forma da lei.<\/p>\n<p>&nbsp;<\/p>\n<p><a href=\"https:\/\/uvbbrasil.com.br\/?attachment_id=17254\" rel=\"attachment wp-att-17254\"><img fetchpriority=\"high\" decoding=\"async\" class=\"aligncenter size-full wp-image-17254\" src=\"https:\/\/uvbbrasil.com.br\/wp-content\/uploads\/2019\/12\/tce-2.jpeg\" alt=\"\" width=\"1280\" height=\"960\" srcset=\"https:\/\/uvbbrasil.com.br\/wp-content\/uploads\/2019\/12\/tce-2.jpeg 1280w, https:\/\/uvbbrasil.com.br\/wp-content\/uploads\/2019\/12\/tce-2-300x225.jpeg 300w, https:\/\/uvbbrasil.com.br\/wp-content\/uploads\/2019\/12\/tce-2-1024x768.jpeg 1024w, https:\/\/uvbbrasil.com.br\/wp-content\/uploads\/2019\/12\/tce-2-768x576.jpeg 768w\" sizes=\"(max-width: 1280px) 100vw, 1280px\" \/><\/a><a href=\"https:\/\/uvbbrasil.com.br\/?attachment_id=17253\" rel=\"attachment wp-att-17253\"><img decoding=\"async\" class=\"aligncenter size-full wp-image-17253\" src=\"https:\/\/uvbbrasil.com.br\/wp-content\/uploads\/2019\/12\/tce-sp.jpeg\" alt=\"\" width=\"1280\" height=\"960\" srcset=\"https:\/\/uvbbrasil.com.br\/wp-content\/uploads\/2019\/12\/tce-sp.jpeg 1280w, https:\/\/uvbbrasil.com.br\/wp-content\/uploads\/2019\/12\/tce-sp-300x225.jpeg 300w, https:\/\/uvbbrasil.com.br\/wp-content\/uploads\/2019\/12\/tce-sp-1024x768.jpeg 1024w, https:\/\/uvbbrasil.com.br\/wp-content\/uploads\/2019\/12\/tce-sp-768x576.jpeg 768w\" sizes=\"(max-width: 1280px) 100vw, 1280px\" \/><\/a><\/p>\n","protected":false},"excerpt":{"rendered":"<p>O Diretor Geral do Tribunal de contas do Estado de S\u00e3o Paulo, Dr. S\u00e9rgio Ciqueira Rossi, participou do encerramento do&#8230;<\/p>\n","protected":false},"author":1,"featured_media":17253,"comment_status":"open","ping_status":"open","sticky":false,"template":"","format":"standard","meta":{"footnotes":""},"categories":[3,4],"tags":[],"class_list":["post-17252","post","type-post","status-publish","format-standard","has-post-thumbnail","hentry","category-noticias","category-home"],"yoast_head":"<!-- This site is optimized with the Yoast SEO plugin v26.7 - https:\/\/yoast.com\/wordpress\/plugins\/seo\/ -->\n<title>Diretor Geral do Tribunal de Contas do Estado de S\u00e3o Paulo participa do Semin\u00e1rio Nacional da UVB. - UVB Brasil<\/title>\n<meta name=\"robots\" content=\"index, follow, max-snippet:-1, max-image-preview:large, max-video-preview:-1\" \/>\n<link rel=\"canonical\" href=\"https:\/\/uvbbrasil.com.br\/diretor-geral-tribunal-de-contas-estado-de-sao-paulo-participa-seminario-nacional-da-uvb\/\" \/>\n<meta property=\"og:locale\" content=\"pt_BR\" \/>\n<meta property=\"og:type\" content=\"article\" \/>\n<meta property=\"og:title\" content=\"Diretor Geral do Tribunal de Contas do Estado de S\u00e3o Paulo participa do Semin\u00e1rio Nacional da UVB. - UVB Brasil\" \/>\n<meta property=\"og:description\" content=\"O Diretor Geral do Tribunal de contas do Estado de S\u00e3o Paulo, Dr. S\u00e9rgio Ciqueira Rossi, participou do encerramento do...\" \/>\n<meta property=\"og:url\" content=\"https:\/\/uvbbrasil.com.br\/diretor-geral-tribunal-de-contas-estado-de-sao-paulo-participa-seminario-nacional-da-uvb\/\" \/>\n<meta property=\"og:site_name\" content=\"UVB Brasil\" \/>\n<meta property=\"article:publisher\" content=\"https:\/\/www.facebook.com\/uvb.vereadoresbrasil\" \/>\n<meta property=\"article:published_time\" content=\"2019-12-13T20:09:47+00:00\" \/>\n<meta property=\"og:image\" content=\"https:\/\/uvbbrasil.com.br\/wp-content\/uploads\/2019\/12\/tce-sp.jpeg\" \/>\n\t<meta property=\"og:image:width\" content=\"1280\" \/>\n\t<meta property=\"og:image:height\" content=\"960\" \/>\n\t<meta property=\"og:image:type\" content=\"image\/jpeg\" \/>\n<meta name=\"author\" content=\"adminuvb\" \/>\n<meta name=\"twitter:card\" content=\"summary_large_image\" \/>\n<meta name=\"twitter:label1\" content=\"Escrito por\" \/>\n\t<meta name=\"twitter:data1\" content=\"adminuvb\" \/>\n\t<meta name=\"twitter:label2\" content=\"Est. tempo de leitura\" \/>\n\t<meta name=\"twitter:data2\" content=\"1 minuto\" \/>\n<script type=\"application\/ld+json\" class=\"yoast-schema-graph\">{\"@context\":\"https:\/\/schema.org\",\"@graph\":[{\"@type\":\"Article\",\"@id\":\"https:\/\/uvbbrasil.com.br\/diretor-geral-tribunal-de-contas-estado-de-sao-paulo-participa-seminario-nacional-da-uvb\/#article\",\"isPartOf\":{\"@id\":\"https:\/\/uvbbrasil.com.br\/diretor-geral-tribunal-de-contas-estado-de-sao-paulo-participa-seminario-nacional-da-uvb\/\"},\"author\":{\"name\":\"adminuvb\",\"@id\":\"https:\/\/uvbbrasil.com.br\/#\/schema\/person\/17990098446c098f52effddff4f1b272\"},\"headline\":\"Diretor Geral do Tribunal de Contas do Estado de S\u00e3o Paulo participa do Semin\u00e1rio Nacional da UVB.\",\"datePublished\":\"2019-12-13T20:09:47+00:00\",\"mainEntityOfPage\":{\"@id\":\"https:\/\/uvbbrasil.com.br\/diretor-geral-tribunal-de-contas-estado-de-sao-paulo-participa-seminario-nacional-da-uvb\/\"},\"wordCount\":232,\"commentCount\":0,\"publisher\":{\"@id\":\"https:\/\/uvbbrasil.com.br\/#organization\"},\"image\":{\"@id\":\"https:\/\/uvbbrasil.com.br\/diretor-geral-tribunal-de-contas-estado-de-sao-paulo-participa-seminario-nacional-da-uvb\/#primaryimage\"},\"thumbnailUrl\":\"https:\/\/uvbbrasil.com.br\/wp-content\/uploads\/2019\/12\/tce-sp.jpeg\",\"articleSection\":[\"NOT\u00cdCIAS\",\"UVB\"],\"inLanguage\":\"pt-BR\",\"potentialAction\":[{\"@type\":\"CommentAction\",\"name\":\"Comment\",\"target\":[\"https:\/\/uvbbrasil.com.br\/diretor-geral-tribunal-de-contas-estado-de-sao-paulo-participa-seminario-nacional-da-uvb\/#respond\"]}]},{\"@type\":\"WebPage\",\"@id\":\"https:\/\/uvbbrasil.com.br\/diretor-geral-tribunal-de-contas-estado-de-sao-paulo-participa-seminario-nacional-da-uvb\/\",\"url\":\"https:\/\/uvbbrasil.com.br\/diretor-geral-tribunal-de-contas-estado-de-sao-paulo-participa-seminario-nacional-da-uvb\/\",\"name\":\"Diretor Geral do Tribunal de Contas do Estado de S\u00e3o Paulo participa do Semin\u00e1rio Nacional da UVB. - UVB Brasil\",\"isPartOf\":{\"@id\":\"https:\/\/uvbbrasil.com.br\/#website\"},\"primaryImageOfPage\":{\"@id\":\"https:\/\/uvbbrasil.com.br\/diretor-geral-tribunal-de-contas-estado-de-sao-paulo-participa-seminario-nacional-da-uvb\/#primaryimage\"},\"image\":{\"@id\":\"https:\/\/uvbbrasil.com.br\/diretor-geral-tribunal-de-contas-estado-de-sao-paulo-participa-seminario-nacional-da-uvb\/#primaryimage\"},\"thumbnailUrl\":\"https:\/\/uvbbrasil.com.br\/wp-content\/uploads\/2019\/12\/tce-sp.jpeg\",\"datePublished\":\"2019-12-13T20:09:47+00:00\",\"breadcrumb\":{\"@id\":\"https:\/\/uvbbrasil.com.br\/diretor-geral-tribunal-de-contas-estado-de-sao-paulo-participa-seminario-nacional-da-uvb\/#breadcrumb\"},\"inLanguage\":\"pt-BR\",\"potentialAction\":[{\"@type\":\"ReadAction\",\"target\":[\"https:\/\/uvbbrasil.com.br\/diretor-geral-tribunal-de-contas-estado-de-sao-paulo-participa-seminario-nacional-da-uvb\/\"]}]},{\"@type\":\"ImageObject\",\"inLanguage\":\"pt-BR\",\"@id\":\"https:\/\/uvbbrasil.com.br\/diretor-geral-tribunal-de-contas-estado-de-sao-paulo-participa-seminario-nacional-da-uvb\/#primaryimage\",\"url\":\"https:\/\/uvbbrasil.com.br\/wp-content\/uploads\/2019\/12\/tce-sp.jpeg\",\"contentUrl\":\"https:\/\/uvbbrasil.com.br\/wp-content\/uploads\/2019\/12\/tce-sp.jpeg\",\"width\":1280,\"height\":960},{\"@type\":\"BreadcrumbList\",\"@id\":\"https:\/\/uvbbrasil.com.br\/diretor-geral-tribunal-de-contas-estado-de-sao-paulo-participa-seminario-nacional-da-uvb\/#breadcrumb\",\"itemListElement\":[{\"@type\":\"ListItem\",\"position\":1,\"name\":\"In\u00edcio\",\"item\":\"https:\/\/uvbbrasil.com.br\/\"},{\"@type\":\"ListItem\",\"position\":2,\"name\":\"Diretor Geral do Tribunal de Contas do Estado de S\u00e3o Paulo participa do Semin\u00e1rio Nacional da UVB.\"}]},{\"@type\":\"WebSite\",\"@id\":\"https:\/\/uvbbrasil.com.br\/#website\",\"url\":\"https:\/\/uvbbrasil.com.br\/\",\"name\":\"UVB Brasil\",\"description\":\"Uni\u00e3o dos Vereadores do Brasil\",\"publisher\":{\"@id\":\"https:\/\/uvbbrasil.com.br\/#organization\"},\"potentialAction\":[{\"@type\":\"SearchAction\",\"target\":{\"@type\":\"EntryPoint\",\"urlTemplate\":\"https:\/\/uvbbrasil.com.br\/?s={search_term_string}\"},\"query-input\":{\"@type\":\"PropertyValueSpecification\",\"valueRequired\":true,\"valueName\":\"search_term_string\"}}],\"inLanguage\":\"pt-BR\"},{\"@type\":\"Organization\",\"@id\":\"https:\/\/uvbbrasil.com.br\/#organization\",\"name\":\"UVB Brasil\",\"url\":\"https:\/\/uvbbrasil.com.br\/\",\"logo\":{\"@type\":\"ImageObject\",\"inLanguage\":\"pt-BR\",\"@id\":\"https:\/\/uvbbrasil.com.br\/#\/schema\/logo\/image\/\",\"url\":\"https:\/\/uvbbrasil.com.br\/wp-content\/uploads\/2025\/01\/LOGO-UVB-2024-azul-1.jpg\",\"contentUrl\":\"https:\/\/uvbbrasil.com.br\/wp-content\/uploads\/2025\/01\/LOGO-UVB-2024-azul-1.jpg\",\"width\":600,\"height\":211,\"caption\":\"UVB Brasil\"},\"image\":{\"@id\":\"https:\/\/uvbbrasil.com.br\/#\/schema\/logo\/image\/\"},\"sameAs\":[\"https:\/\/www.facebook.com\/uvb.vereadoresbrasil\",\"https:\/\/www.instagram.com\/uvbbrasil\/\",\"https:\/\/www.youtube.com\/channel\/UCIlPQ8Xzw5GHNzosQIg9S5A\"]},{\"@type\":\"Person\",\"@id\":\"https:\/\/uvbbrasil.com.br\/#\/schema\/person\/17990098446c098f52effddff4f1b272\",\"name\":\"adminuvb\",\"image\":{\"@type\":\"ImageObject\",\"inLanguage\":\"pt-BR\",\"@id\":\"https:\/\/uvbbrasil.com.br\/#\/schema\/person\/image\/\",\"url\":\"https:\/\/secure.gravatar.com\/avatar\/1a494ea6f8e2dd1ae526e55b0e9497efdba542491e0620d704cccf63c6f77c45?s=96&d=mm&r=g\",\"contentUrl\":\"https:\/\/secure.gravatar.com\/avatar\/1a494ea6f8e2dd1ae526e55b0e9497efdba542491e0620d704cccf63c6f77c45?s=96&d=mm&r=g\",\"caption\":\"adminuvb\"},\"sameAs\":[\"https:\/\/uvbbrasil.com.br\"],\"url\":\"https:\/\/uvbbrasil.com.br\/author\/adminuvb\/\"}]}<\/script>\n<!-- \/ Yoast SEO plugin. -->","yoast_head_json":{"title":"Diretor Geral do Tribunal de Contas do Estado de S\u00e3o Paulo participa do Semin\u00e1rio Nacional da UVB. - UVB Brasil","robots":{"index":"index","follow":"follow","max-snippet":"max-snippet:-1","max-image-preview":"max-image-preview:large","max-video-preview":"max-video-preview:-1"},"canonical":"https:\/\/uvbbrasil.com.br\/diretor-geral-tribunal-de-contas-estado-de-sao-paulo-participa-seminario-nacional-da-uvb\/","og_locale":"pt_BR","og_type":"article","og_title":"Diretor Geral do Tribunal de Contas do Estado de S\u00e3o Paulo participa do Semin\u00e1rio Nacional da UVB. - UVB Brasil","og_description":"O Diretor Geral do Tribunal de contas do Estado de S\u00e3o Paulo, Dr. S\u00e9rgio Ciqueira Rossi, participou do encerramento do...","og_url":"https:\/\/uvbbrasil.com.br\/diretor-geral-tribunal-de-contas-estado-de-sao-paulo-participa-seminario-nacional-da-uvb\/","og_site_name":"UVB Brasil","article_publisher":"https:\/\/www.facebook.com\/uvb.vereadoresbrasil","article_published_time":"2019-12-13T20:09:47+00:00","og_image":[{"width":1280,"height":960,"url":"https:\/\/uvbbrasil.com.br\/wp-content\/uploads\/2019\/12\/tce-sp.jpeg","type":"image\/jpeg"}],"author":"adminuvb","twitter_card":"summary_large_image","twitter_misc":{"Escrito por":"adminuvb","Est. tempo de leitura":"1 minuto"},"schema":{"@context":"https:\/\/schema.org","@graph":[{"@type":"Article","@id":"https:\/\/uvbbrasil.com.br\/diretor-geral-tribunal-de-contas-estado-de-sao-paulo-participa-seminario-nacional-da-uvb\/#article","isPartOf":{"@id":"https:\/\/uvbbrasil.com.br\/diretor-geral-tribunal-de-contas-estado-de-sao-paulo-participa-seminario-nacional-da-uvb\/"},"author":{"name":"adminuvb","@id":"https:\/\/uvbbrasil.com.br\/#\/schema\/person\/17990098446c098f52effddff4f1b272"},"headline":"Diretor Geral do Tribunal de Contas do Estado de S\u00e3o Paulo participa do Semin\u00e1rio Nacional da UVB.","datePublished":"2019-12-13T20:09:47+00:00","mainEntityOfPage":{"@id":"https:\/\/uvbbrasil.com.br\/diretor-geral-tribunal-de-contas-estado-de-sao-paulo-participa-seminario-nacional-da-uvb\/"},"wordCount":232,"commentCount":0,"publisher":{"@id":"https:\/\/uvbbrasil.com.br\/#organization"},"image":{"@id":"https:\/\/uvbbrasil.com.br\/diretor-geral-tribunal-de-contas-estado-de-sao-paulo-participa-seminario-nacional-da-uvb\/#primaryimage"},"thumbnailUrl":"https:\/\/uvbbrasil.com.br\/wp-content\/uploads\/2019\/12\/tce-sp.jpeg","articleSection":["NOT\u00cdCIAS","UVB"],"inLanguage":"pt-BR","potentialAction":[{"@type":"CommentAction","name":"Comment","target":["https:\/\/uvbbrasil.com.br\/diretor-geral-tribunal-de-contas-estado-de-sao-paulo-participa-seminario-nacional-da-uvb\/#respond"]}]},{"@type":"WebPage","@id":"https:\/\/uvbbrasil.com.br\/diretor-geral-tribunal-de-contas-estado-de-sao-paulo-participa-seminario-nacional-da-uvb\/","url":"https:\/\/uvbbrasil.com.br\/diretor-geral-tribunal-de-contas-estado-de-sao-paulo-participa-seminario-nacional-da-uvb\/","name":"Diretor Geral do Tribunal de Contas do Estado de S\u00e3o Paulo participa do Semin\u00e1rio Nacional da UVB. - UVB Brasil","isPartOf":{"@id":"https:\/\/uvbbrasil.com.br\/#website"},"primaryImageOfPage":{"@id":"https:\/\/uvbbrasil.com.br\/diretor-geral-tribunal-de-contas-estado-de-sao-paulo-participa-seminario-nacional-da-uvb\/#primaryimage"},"image":{"@id":"https:\/\/uvbbrasil.com.br\/diretor-geral-tribunal-de-contas-estado-de-sao-paulo-participa-seminario-nacional-da-uvb\/#primaryimage"},"thumbnailUrl":"https:\/\/uvbbrasil.com.br\/wp-content\/uploads\/2019\/12\/tce-sp.jpeg","datePublished":"2019-12-13T20:09:47+00:00","breadcrumb":{"@id":"https:\/\/uvbbrasil.com.br\/diretor-geral-tribunal-de-contas-estado-de-sao-paulo-participa-seminario-nacional-da-uvb\/#breadcrumb"},"inLanguage":"pt-BR","potentialAction":[{"@type":"ReadAction","target":["https:\/\/uvbbrasil.com.br\/diretor-geral-tribunal-de-contas-estado-de-sao-paulo-participa-seminario-nacional-da-uvb\/"]}]},{"@type":"ImageObject","inLanguage":"pt-BR","@id":"https:\/\/uvbbrasil.com.br\/diretor-geral-tribunal-de-contas-estado-de-sao-paulo-participa-seminario-nacional-da-uvb\/#primaryimage","url":"https:\/\/uvbbrasil.com.br\/wp-content\/uploads\/2019\/12\/tce-sp.jpeg","contentUrl":"https:\/\/uvbbrasil.com.br\/wp-content\/uploads\/2019\/12\/tce-sp.jpeg","width":1280,"height":960},{"@type":"BreadcrumbList","@id":"https:\/\/uvbbrasil.com.br\/diretor-geral-tribunal-de-contas-estado-de-sao-paulo-participa-seminario-nacional-da-uvb\/#breadcrumb","itemListElement":[{"@type":"ListItem","position":1,"name":"In\u00edcio","item":"https:\/\/uvbbrasil.com.br\/"},{"@type":"ListItem","position":2,"name":"Diretor Geral do Tribunal de Contas do Estado de S\u00e3o Paulo participa do Semin\u00e1rio Nacional da UVB."}]},{"@type":"WebSite","@id":"https:\/\/uvbbrasil.com.br\/#website","url":"https:\/\/uvbbrasil.com.br\/","name":"UVB Brasil","description":"Uni\u00e3o dos Vereadores do Brasil","publisher":{"@id":"https:\/\/uvbbrasil.com.br\/#organization"},"potentialAction":[{"@type":"SearchAction","target":{"@type":"EntryPoint","urlTemplate":"https:\/\/uvbbrasil.com.br\/?s={search_term_string}"},"query-input":{"@type":"PropertyValueSpecification","valueRequired":true,"valueName":"search_term_string"}}],"inLanguage":"pt-BR"},{"@type":"Organization","@id":"https:\/\/uvbbrasil.com.br\/#organization","name":"UVB Brasil","url":"https:\/\/uvbbrasil.com.br\/","logo":{"@type":"ImageObject","inLanguage":"pt-BR","@id":"https:\/\/uvbbrasil.com.br\/#\/schema\/logo\/image\/","url":"https:\/\/uvbbrasil.com.br\/wp-content\/uploads\/2025\/01\/LOGO-UVB-2024-azul-1.jpg","contentUrl":"https:\/\/uvbbrasil.com.br\/wp-content\/uploads\/2025\/01\/LOGO-UVB-2024-azul-1.jpg","width":600,"height":211,"caption":"UVB Brasil"},"image":{"@id":"https:\/\/uvbbrasil.com.br\/#\/schema\/logo\/image\/"},"sameAs":["https:\/\/www.facebook.com\/uvb.vereadoresbrasil","https:\/\/www.instagram.com\/uvbbrasil\/","https:\/\/www.youtube.com\/channel\/UCIlPQ8Xzw5GHNzosQIg9S5A"]},{"@type":"Person","@id":"https:\/\/uvbbrasil.com.br\/#\/schema\/person\/17990098446c098f52effddff4f1b272","name":"adminuvb","image":{"@type":"ImageObject","inLanguage":"pt-BR","@id":"https:\/\/uvbbrasil.com.br\/#\/schema\/person\/image\/","url":"https:\/\/secure.gravatar.com\/avatar\/1a494ea6f8e2dd1ae526e55b0e9497efdba542491e0620d704cccf63c6f77c45?s=96&d=mm&r=g","contentUrl":"https:\/\/secure.gravatar.com\/avatar\/1a494ea6f8e2dd1ae526e55b0e9497efdba542491e0620d704cccf63c6f77c45?s=96&d=mm&r=g","caption":"adminuvb"},"sameAs":["https:\/\/uvbbrasil.com.br"],"url":"https:\/\/uvbbrasil.com.br\/author\/adminuvb\/"}]}},"_links":{"self":[{"href":"https:\/\/uvbbrasil.com.br\/uvb-json\/wp\/v2\/posts\/17252","targetHints":{"allow":["GET"]}}],"collection":[{"href":"https:\/\/uvbbrasil.com.br\/uvb-json\/wp\/v2\/posts"}],"about":[{"href":"https:\/\/uvbbrasil.com.br\/uvb-json\/wp\/v2\/types\/post"}],"author":[{"embeddable":true,"href":"https:\/\/uvbbrasil.com.br\/uvb-json\/wp\/v2\/users\/1"}],"replies":[{"embeddable":true,"href":"https:\/\/uvbbrasil.com.br\/uvb-json\/wp\/v2\/comments?post=17252"}],"version-history":[{"count":0,"href":"https:\/\/uvbbrasil.com.br\/uvb-json\/wp\/v2\/posts\/17252\/revisions"}],"wp:featuredmedia":[{"embeddable":true,"href":"https:\/\/uvbbrasil.com.br\/uvb-json\/wp\/v2\/media\/17253"}],"wp:attachment":[{"href":"https:\/\/uvbbrasil.com.br\/uvb-json\/wp\/v2\/media?parent=17252"}],"wp:term":[{"taxonomy":"category","embeddable":true,"href":"https:\/\/uvbbrasil.com.br\/uvb-json\/wp\/v2\/categories?post=17252"},{"taxonomy":"post_tag","embeddable":true,"href":"https:\/\/uvbbrasil.com.br\/uvb-json\/wp\/v2\/tags?post=17252"}],"curies":[{"name":"wp","href":"https:\/\/api.w.org\/{rel}","templated":true}]}}