{"id":17248,"date":"2019-12-13T14:34:00","date_gmt":"2019-12-13T17:34:00","guid":{"rendered":"https:\/\/wpsandbox4.pante.com.br\/?p=17248"},"modified":"2019-12-13T14:34:00","modified_gmt":"2019-12-13T17:34:00","slug":"comunicacao-e-marketing-politico-no-seminario-nacional-de-legislativos-municipais-em-itu-sp","status":"publish","type":"post","link":"https:\/\/uvbbrasil.com.br\/comunicacao-e-marketing-politico-no-seminario-nacional-de-legislativos-municipais-em-itu-sp\/","title":{"rendered":"Comunica\u00e7\u00e3o e Marketing Pol\u00edtico no Semin\u00e1rio Nacional de Legislativos Municipais em Itu-SP."},"content":{"rendered":"<p>Mestre em Comunica\u00e7\u00e3o, Especializa\u00e7\u00e3o em Ci\u00eancias Pol\u00edticas, Carlos Manhanelli, participou na manh\u00e3 desta sexta (13) do Seminario Nacional de Legislativos Municipais. Manhanelli citou que \u00e9 imprescind\u00edvel que os candidatos, assessores, consultores e todos os que militam em campanhas eleitorais mantenham-se atualizados para que possam usufruir na integra e dentro da legalidade de todas as ferramentas dispon\u00edveis para se chegar at\u00e9 o eleitor.<\/p>\n<p>Dentro dessa concep\u00e7\u00e3o o jornalista e mestre em comunica\u00e7\u00e3o, Carlos Manhanelli, apresentou como preparar candidatos, assessores e coordenadores de campanhas eleitorais para as elei\u00e7\u00f5es conforme a atual Lei Eleitoral. Saber o que pode e o que n\u00e3o pode e como fazer de maneira eficaz e legal a campanha, maximizando os recursos, al\u00e9m de capacitar para a comunica\u00e7\u00e3o durante a pr\u00e9-campanha e como fazer uma boa comunica\u00e7\u00e3o no mandato governamental e parlamentar.<\/p>\n<p><a href=\"https:\/\/uvbbrasil.com.br\/?attachment_id=17250\" rel=\"attachment wp-att-17250\"><img fetchpriority=\"high\" decoding=\"async\" class=\"aligncenter size-full wp-image-17250\" src=\"https:\/\/uvbbrasil.com.br\/wp-content\/uploads\/2019\/12\/carlos-2-itu.jpeg\" alt=\"\" width=\"1280\" height=\"960\" srcset=\"https:\/\/uvbbrasil.com.br\/wp-content\/uploads\/2019\/12\/carlos-2-itu.jpeg 1280w, https:\/\/uvbbrasil.com.br\/wp-content\/uploads\/2019\/12\/carlos-2-itu-300x225.jpeg 300w, https:\/\/uvbbrasil.com.br\/wp-content\/uploads\/2019\/12\/carlos-2-itu-1024x768.jpeg 1024w, https:\/\/uvbbrasil.com.br\/wp-content\/uploads\/2019\/12\/carlos-2-itu-768x576.jpeg 768w\" sizes=\"(max-width: 1280px) 100vw, 1280px\" \/><\/a><\/p>\n<p><a href=\"https:\/\/uvbbrasil.com.br\/?attachment_id=17249\" rel=\"attachment wp-att-17249\"><img decoding=\"async\" class=\"aligncenter size-full wp-image-17249\" src=\"https:\/\/uvbbrasil.com.br\/wp-content\/uploads\/2019\/12\/carlos-itu.jpeg\" alt=\"\" width=\"1280\" height=\"960\" srcset=\"https:\/\/uvbbrasil.com.br\/wp-content\/uploads\/2019\/12\/carlos-itu.jpeg 1280w, https:\/\/uvbbrasil.com.br\/wp-content\/uploads\/2019\/12\/carlos-itu-300x225.jpeg 300w, https:\/\/uvbbrasil.com.br\/wp-content\/uploads\/2019\/12\/carlos-itu-1024x768.jpeg 1024w, https:\/\/uvbbrasil.com.br\/wp-content\/uploads\/2019\/12\/carlos-itu-768x576.jpeg 768w\" sizes=\"(max-width: 1280px) 100vw, 1280px\" \/><\/a><\/p>\n","protected":false},"excerpt":{"rendered":"<p>Mestre em Comunica\u00e7\u00e3o, Especializa\u00e7\u00e3o em Ci\u00eancias Pol\u00edticas, Carlos Manhanelli, participou na manh\u00e3 desta sexta (13) do Seminario Nacional de Legislativos&#8230;<\/p>\n","protected":false},"author":1,"featured_media":17249,"comment_status":"open","ping_status":"open","sticky":false,"template":"","format":"standard","meta":{"footnotes":""},"categories":[3,4],"tags":[],"class_list":["post-17248","post","type-post","status-publish","format-standard","has-post-thumbnail","hentry","category-noticias","category-home"],"yoast_head":"<!-- This site is optimized with the Yoast SEO plugin v26.7 - https:\/\/yoast.com\/wordpress\/plugins\/seo\/ -->\n<title>Comunica\u00e7\u00e3o e Marketing Pol\u00edtico no Semin\u00e1rio Nacional de Legislativos Municipais em Itu-SP. - UVB Brasil<\/title>\n<meta name=\"robots\" content=\"index, follow, max-snippet:-1, max-image-preview:large, max-video-preview:-1\" \/>\n<link rel=\"canonical\" href=\"https:\/\/uvbbrasil.com.br\/comunicacao-e-marketing-politico-no-seminario-nacional-de-legislativos-municipais-em-itu-sp\/\" \/>\n<meta property=\"og:locale\" content=\"pt_BR\" \/>\n<meta property=\"og:type\" content=\"article\" \/>\n<meta property=\"og:title\" content=\"Comunica\u00e7\u00e3o e Marketing Pol\u00edtico no Semin\u00e1rio Nacional de Legislativos Municipais em Itu-SP. - UVB Brasil\" \/>\n<meta property=\"og:description\" content=\"Mestre em Comunica\u00e7\u00e3o, Especializa\u00e7\u00e3o em Ci\u00eancias Pol\u00edticas, Carlos Manhanelli, participou na manh\u00e3 desta sexta (13) do Seminario Nacional de Legislativos...\" \/>\n<meta property=\"og:url\" content=\"https:\/\/uvbbrasil.com.br\/comunicacao-e-marketing-politico-no-seminario-nacional-de-legislativos-municipais-em-itu-sp\/\" \/>\n<meta property=\"og:site_name\" content=\"UVB Brasil\" \/>\n<meta property=\"article:publisher\" content=\"https:\/\/www.facebook.com\/uvb.vereadoresbrasil\" \/>\n<meta property=\"article:published_time\" content=\"2019-12-13T17:34:00+00:00\" \/>\n<meta property=\"og:image\" content=\"https:\/\/uvbbrasil.com.br\/wp-content\/uploads\/2019\/12\/carlos-itu.jpeg\" \/>\n\t<meta property=\"og:image:width\" content=\"1280\" \/>\n\t<meta property=\"og:image:height\" content=\"960\" \/>\n\t<meta property=\"og:image:type\" content=\"image\/jpeg\" \/>\n<meta name=\"author\" content=\"adminuvb\" \/>\n<meta name=\"twitter:card\" content=\"summary_large_image\" \/>\n<meta name=\"twitter:label1\" content=\"Escrito por\" \/>\n\t<meta name=\"twitter:data1\" content=\"adminuvb\" \/>\n\t<meta name=\"twitter:label2\" content=\"Est. tempo de leitura\" \/>\n\t<meta name=\"twitter:data2\" content=\"1 minuto\" \/>\n<script type=\"application\/ld+json\" class=\"yoast-schema-graph\">{\"@context\":\"https:\/\/schema.org\",\"@graph\":[{\"@type\":\"Article\",\"@id\":\"https:\/\/uvbbrasil.com.br\/comunicacao-e-marketing-politico-no-seminario-nacional-de-legislativos-municipais-em-itu-sp\/#article\",\"isPartOf\":{\"@id\":\"https:\/\/uvbbrasil.com.br\/comunicacao-e-marketing-politico-no-seminario-nacional-de-legislativos-municipais-em-itu-sp\/\"},\"author\":{\"name\":\"adminuvb\",\"@id\":\"https:\/\/uvbbrasil.com.br\/#\/schema\/person\/17990098446c098f52effddff4f1b272\"},\"headline\":\"Comunica\u00e7\u00e3o e Marketing Pol\u00edtico no Semin\u00e1rio Nacional de Legislativos Municipais em Itu-SP.\",\"datePublished\":\"2019-12-13T17:34:00+00:00\",\"mainEntityOfPage\":{\"@id\":\"https:\/\/uvbbrasil.com.br\/comunicacao-e-marketing-politico-no-seminario-nacional-de-legislativos-municipais-em-itu-sp\/\"},\"wordCount\":160,\"commentCount\":0,\"publisher\":{\"@id\":\"https:\/\/uvbbrasil.com.br\/#organization\"},\"image\":{\"@id\":\"https:\/\/uvbbrasil.com.br\/comunicacao-e-marketing-politico-no-seminario-nacional-de-legislativos-municipais-em-itu-sp\/#primaryimage\"},\"thumbnailUrl\":\"https:\/\/uvbbrasil.com.br\/wp-content\/uploads\/2019\/12\/carlos-itu.jpeg\",\"articleSection\":[\"NOT\u00cdCIAS\",\"UVB\"],\"inLanguage\":\"pt-BR\",\"potentialAction\":[{\"@type\":\"CommentAction\",\"name\":\"Comment\",\"target\":[\"https:\/\/uvbbrasil.com.br\/comunicacao-e-marketing-politico-no-seminario-nacional-de-legislativos-municipais-em-itu-sp\/#respond\"]}]},{\"@type\":\"WebPage\",\"@id\":\"https:\/\/uvbbrasil.com.br\/comunicacao-e-marketing-politico-no-seminario-nacional-de-legislativos-municipais-em-itu-sp\/\",\"url\":\"https:\/\/uvbbrasil.com.br\/comunicacao-e-marketing-politico-no-seminario-nacional-de-legislativos-municipais-em-itu-sp\/\",\"name\":\"Comunica\u00e7\u00e3o e Marketing Pol\u00edtico no Semin\u00e1rio Nacional de Legislativos Municipais em Itu-SP. - UVB Brasil\",\"isPartOf\":{\"@id\":\"https:\/\/uvbbrasil.com.br\/#website\"},\"primaryImageOfPage\":{\"@id\":\"https:\/\/uvbbrasil.com.br\/comunicacao-e-marketing-politico-no-seminario-nacional-de-legislativos-municipais-em-itu-sp\/#primaryimage\"},\"image\":{\"@id\":\"https:\/\/uvbbrasil.com.br\/comunicacao-e-marketing-politico-no-seminario-nacional-de-legislativos-municipais-em-itu-sp\/#primaryimage\"},\"thumbnailUrl\":\"https:\/\/uvbbrasil.com.br\/wp-content\/uploads\/2019\/12\/carlos-itu.jpeg\",\"datePublished\":\"2019-12-13T17:34:00+00:00\",\"breadcrumb\":{\"@id\":\"https:\/\/uvbbrasil.com.br\/comunicacao-e-marketing-politico-no-seminario-nacional-de-legislativos-municipais-em-itu-sp\/#breadcrumb\"},\"inLanguage\":\"pt-BR\",\"potentialAction\":[{\"@type\":\"ReadAction\",\"target\":[\"https:\/\/uvbbrasil.com.br\/comunicacao-e-marketing-politico-no-seminario-nacional-de-legislativos-municipais-em-itu-sp\/\"]}]},{\"@type\":\"ImageObject\",\"inLanguage\":\"pt-BR\",\"@id\":\"https:\/\/uvbbrasil.com.br\/comunicacao-e-marketing-politico-no-seminario-nacional-de-legislativos-municipais-em-itu-sp\/#primaryimage\",\"url\":\"https:\/\/uvbbrasil.com.br\/wp-content\/uploads\/2019\/12\/carlos-itu.jpeg\",\"contentUrl\":\"https:\/\/uvbbrasil.com.br\/wp-content\/uploads\/2019\/12\/carlos-itu.jpeg\",\"width\":1280,\"height\":960},{\"@type\":\"BreadcrumbList\",\"@id\":\"https:\/\/uvbbrasil.com.br\/comunicacao-e-marketing-politico-no-seminario-nacional-de-legislativos-municipais-em-itu-sp\/#breadcrumb\",\"itemListElement\":[{\"@type\":\"ListItem\",\"position\":1,\"name\":\"In\u00edcio\",\"item\":\"https:\/\/uvbbrasil.com.br\/\"},{\"@type\":\"ListItem\",\"position\":2,\"name\":\"Comunica\u00e7\u00e3o e Marketing Pol\u00edtico no Semin\u00e1rio Nacional de Legislativos Municipais em Itu-SP.\"}]},{\"@type\":\"WebSite\",\"@id\":\"https:\/\/uvbbrasil.com.br\/#website\",\"url\":\"https:\/\/uvbbrasil.com.br\/\",\"name\":\"UVB Brasil\",\"description\":\"Uni\u00e3o dos Vereadores do Brasil\",\"publisher\":{\"@id\":\"https:\/\/uvbbrasil.com.br\/#organization\"},\"potentialAction\":[{\"@type\":\"SearchAction\",\"target\":{\"@type\":\"EntryPoint\",\"urlTemplate\":\"https:\/\/uvbbrasil.com.br\/?s={search_term_string}\"},\"query-input\":{\"@type\":\"PropertyValueSpecification\",\"valueRequired\":true,\"valueName\":\"search_term_string\"}}],\"inLanguage\":\"pt-BR\"},{\"@type\":\"Organization\",\"@id\":\"https:\/\/uvbbrasil.com.br\/#organization\",\"name\":\"UVB Brasil\",\"url\":\"https:\/\/uvbbrasil.com.br\/\",\"logo\":{\"@type\":\"ImageObject\",\"inLanguage\":\"pt-BR\",\"@id\":\"https:\/\/uvbbrasil.com.br\/#\/schema\/logo\/image\/\",\"url\":\"https:\/\/uvbbrasil.com.br\/wp-content\/uploads\/2025\/01\/LOGO-UVB-2024-azul-1.jpg\",\"contentUrl\":\"https:\/\/uvbbrasil.com.br\/wp-content\/uploads\/2025\/01\/LOGO-UVB-2024-azul-1.jpg\",\"width\":600,\"height\":211,\"caption\":\"UVB Brasil\"},\"image\":{\"@id\":\"https:\/\/uvbbrasil.com.br\/#\/schema\/logo\/image\/\"},\"sameAs\":[\"https:\/\/www.facebook.com\/uvb.vereadoresbrasil\",\"https:\/\/www.instagram.com\/uvbbrasil\/\",\"https:\/\/www.youtube.com\/channel\/UCIlPQ8Xzw5GHNzosQIg9S5A\"]},{\"@type\":\"Person\",\"@id\":\"https:\/\/uvbbrasil.com.br\/#\/schema\/person\/17990098446c098f52effddff4f1b272\",\"name\":\"adminuvb\",\"image\":{\"@type\":\"ImageObject\",\"inLanguage\":\"pt-BR\",\"@id\":\"https:\/\/uvbbrasil.com.br\/#\/schema\/person\/image\/\",\"url\":\"https:\/\/secure.gravatar.com\/avatar\/1a494ea6f8e2dd1ae526e55b0e9497efdba542491e0620d704cccf63c6f77c45?s=96&d=mm&r=g\",\"contentUrl\":\"https:\/\/secure.gravatar.com\/avatar\/1a494ea6f8e2dd1ae526e55b0e9497efdba542491e0620d704cccf63c6f77c45?s=96&d=mm&r=g\",\"caption\":\"adminuvb\"},\"sameAs\":[\"https:\/\/uvbbrasil.com.br\"],\"url\":\"https:\/\/uvbbrasil.com.br\/author\/adminuvb\/\"}]}<\/script>\n<!-- \/ Yoast SEO plugin. -->","yoast_head_json":{"title":"Comunica\u00e7\u00e3o e Marketing Pol\u00edtico no Semin\u00e1rio Nacional de Legislativos Municipais em Itu-SP. - UVB Brasil","robots":{"index":"index","follow":"follow","max-snippet":"max-snippet:-1","max-image-preview":"max-image-preview:large","max-video-preview":"max-video-preview:-1"},"canonical":"https:\/\/uvbbrasil.com.br\/comunicacao-e-marketing-politico-no-seminario-nacional-de-legislativos-municipais-em-itu-sp\/","og_locale":"pt_BR","og_type":"article","og_title":"Comunica\u00e7\u00e3o e Marketing Pol\u00edtico no Semin\u00e1rio Nacional de Legislativos Municipais em Itu-SP. - UVB Brasil","og_description":"Mestre em Comunica\u00e7\u00e3o, Especializa\u00e7\u00e3o em Ci\u00eancias Pol\u00edticas, Carlos Manhanelli, participou na manh\u00e3 desta sexta (13) do Seminario Nacional de Legislativos...","og_url":"https:\/\/uvbbrasil.com.br\/comunicacao-e-marketing-politico-no-seminario-nacional-de-legislativos-municipais-em-itu-sp\/","og_site_name":"UVB Brasil","article_publisher":"https:\/\/www.facebook.com\/uvb.vereadoresbrasil","article_published_time":"2019-12-13T17:34:00+00:00","og_image":[{"width":1280,"height":960,"url":"https:\/\/uvbbrasil.com.br\/wp-content\/uploads\/2019\/12\/carlos-itu.jpeg","type":"image\/jpeg"}],"author":"adminuvb","twitter_card":"summary_large_image","twitter_misc":{"Escrito por":"adminuvb","Est. tempo de leitura":"1 minuto"},"schema":{"@context":"https:\/\/schema.org","@graph":[{"@type":"Article","@id":"https:\/\/uvbbrasil.com.br\/comunicacao-e-marketing-politico-no-seminario-nacional-de-legislativos-municipais-em-itu-sp\/#article","isPartOf":{"@id":"https:\/\/uvbbrasil.com.br\/comunicacao-e-marketing-politico-no-seminario-nacional-de-legislativos-municipais-em-itu-sp\/"},"author":{"name":"adminuvb","@id":"https:\/\/uvbbrasil.com.br\/#\/schema\/person\/17990098446c098f52effddff4f1b272"},"headline":"Comunica\u00e7\u00e3o e Marketing Pol\u00edtico no Semin\u00e1rio Nacional de Legislativos Municipais em Itu-SP.","datePublished":"2019-12-13T17:34:00+00:00","mainEntityOfPage":{"@id":"https:\/\/uvbbrasil.com.br\/comunicacao-e-marketing-politico-no-seminario-nacional-de-legislativos-municipais-em-itu-sp\/"},"wordCount":160,"commentCount":0,"publisher":{"@id":"https:\/\/uvbbrasil.com.br\/#organization"},"image":{"@id":"https:\/\/uvbbrasil.com.br\/comunicacao-e-marketing-politico-no-seminario-nacional-de-legislativos-municipais-em-itu-sp\/#primaryimage"},"thumbnailUrl":"https:\/\/uvbbrasil.com.br\/wp-content\/uploads\/2019\/12\/carlos-itu.jpeg","articleSection":["NOT\u00cdCIAS","UVB"],"inLanguage":"pt-BR","potentialAction":[{"@type":"CommentAction","name":"Comment","target":["https:\/\/uvbbrasil.com.br\/comunicacao-e-marketing-politico-no-seminario-nacional-de-legislativos-municipais-em-itu-sp\/#respond"]}]},{"@type":"WebPage","@id":"https:\/\/uvbbrasil.com.br\/comunicacao-e-marketing-politico-no-seminario-nacional-de-legislativos-municipais-em-itu-sp\/","url":"https:\/\/uvbbrasil.com.br\/comunicacao-e-marketing-politico-no-seminario-nacional-de-legislativos-municipais-em-itu-sp\/","name":"Comunica\u00e7\u00e3o e Marketing Pol\u00edtico no Semin\u00e1rio Nacional de Legislativos Municipais em Itu-SP. - UVB Brasil","isPartOf":{"@id":"https:\/\/uvbbrasil.com.br\/#website"},"primaryImageOfPage":{"@id":"https:\/\/uvbbrasil.com.br\/comunicacao-e-marketing-politico-no-seminario-nacional-de-legislativos-municipais-em-itu-sp\/#primaryimage"},"image":{"@id":"https:\/\/uvbbrasil.com.br\/comunicacao-e-marketing-politico-no-seminario-nacional-de-legislativos-municipais-em-itu-sp\/#primaryimage"},"thumbnailUrl":"https:\/\/uvbbrasil.com.br\/wp-content\/uploads\/2019\/12\/carlos-itu.jpeg","datePublished":"2019-12-13T17:34:00+00:00","breadcrumb":{"@id":"https:\/\/uvbbrasil.com.br\/comunicacao-e-marketing-politico-no-seminario-nacional-de-legislativos-municipais-em-itu-sp\/#breadcrumb"},"inLanguage":"pt-BR","potentialAction":[{"@type":"ReadAction","target":["https:\/\/uvbbrasil.com.br\/comunicacao-e-marketing-politico-no-seminario-nacional-de-legislativos-municipais-em-itu-sp\/"]}]},{"@type":"ImageObject","inLanguage":"pt-BR","@id":"https:\/\/uvbbrasil.com.br\/comunicacao-e-marketing-politico-no-seminario-nacional-de-legislativos-municipais-em-itu-sp\/#primaryimage","url":"https:\/\/uvbbrasil.com.br\/wp-content\/uploads\/2019\/12\/carlos-itu.jpeg","contentUrl":"https:\/\/uvbbrasil.com.br\/wp-content\/uploads\/2019\/12\/carlos-itu.jpeg","width":1280,"height":960},{"@type":"BreadcrumbList","@id":"https:\/\/uvbbrasil.com.br\/comunicacao-e-marketing-politico-no-seminario-nacional-de-legislativos-municipais-em-itu-sp\/#breadcrumb","itemListElement":[{"@type":"ListItem","position":1,"name":"In\u00edcio","item":"https:\/\/uvbbrasil.com.br\/"},{"@type":"ListItem","position":2,"name":"Comunica\u00e7\u00e3o e Marketing Pol\u00edtico no Semin\u00e1rio Nacional de Legislativos Municipais em Itu-SP."}]},{"@type":"WebSite","@id":"https:\/\/uvbbrasil.com.br\/#website","url":"https:\/\/uvbbrasil.com.br\/","name":"UVB Brasil","description":"Uni\u00e3o dos Vereadores do Brasil","publisher":{"@id":"https:\/\/uvbbrasil.com.br\/#organization"},"potentialAction":[{"@type":"SearchAction","target":{"@type":"EntryPoint","urlTemplate":"https:\/\/uvbbrasil.com.br\/?s={search_term_string}"},"query-input":{"@type":"PropertyValueSpecification","valueRequired":true,"valueName":"search_term_string"}}],"inLanguage":"pt-BR"},{"@type":"Organization","@id":"https:\/\/uvbbrasil.com.br\/#organization","name":"UVB Brasil","url":"https:\/\/uvbbrasil.com.br\/","logo":{"@type":"ImageObject","inLanguage":"pt-BR","@id":"https:\/\/uvbbrasil.com.br\/#\/schema\/logo\/image\/","url":"https:\/\/uvbbrasil.com.br\/wp-content\/uploads\/2025\/01\/LOGO-UVB-2024-azul-1.jpg","contentUrl":"https:\/\/uvbbrasil.com.br\/wp-content\/uploads\/2025\/01\/LOGO-UVB-2024-azul-1.jpg","width":600,"height":211,"caption":"UVB Brasil"},"image":{"@id":"https:\/\/uvbbrasil.com.br\/#\/schema\/logo\/image\/"},"sameAs":["https:\/\/www.facebook.com\/uvb.vereadoresbrasil","https:\/\/www.instagram.com\/uvbbrasil\/","https:\/\/www.youtube.com\/channel\/UCIlPQ8Xzw5GHNzosQIg9S5A"]},{"@type":"Person","@id":"https:\/\/uvbbrasil.com.br\/#\/schema\/person\/17990098446c098f52effddff4f1b272","name":"adminuvb","image":{"@type":"ImageObject","inLanguage":"pt-BR","@id":"https:\/\/uvbbrasil.com.br\/#\/schema\/person\/image\/","url":"https:\/\/secure.gravatar.com\/avatar\/1a494ea6f8e2dd1ae526e55b0e9497efdba542491e0620d704cccf63c6f77c45?s=96&d=mm&r=g","contentUrl":"https:\/\/secure.gravatar.com\/avatar\/1a494ea6f8e2dd1ae526e55b0e9497efdba542491e0620d704cccf63c6f77c45?s=96&d=mm&r=g","caption":"adminuvb"},"sameAs":["https:\/\/uvbbrasil.com.br"],"url":"https:\/\/uvbbrasil.com.br\/author\/adminuvb\/"}]}},"_links":{"self":[{"href":"https:\/\/uvbbrasil.com.br\/uvb-json\/wp\/v2\/posts\/17248","targetHints":{"allow":["GET"]}}],"collection":[{"href":"https:\/\/uvbbrasil.com.br\/uvb-json\/wp\/v2\/posts"}],"about":[{"href":"https:\/\/uvbbrasil.com.br\/uvb-json\/wp\/v2\/types\/post"}],"author":[{"embeddable":true,"href":"https:\/\/uvbbrasil.com.br\/uvb-json\/wp\/v2\/users\/1"}],"replies":[{"embeddable":true,"href":"https:\/\/uvbbrasil.com.br\/uvb-json\/wp\/v2\/comments?post=17248"}],"version-history":[{"count":0,"href":"https:\/\/uvbbrasil.com.br\/uvb-json\/wp\/v2\/posts\/17248\/revisions"}],"wp:featuredmedia":[{"embeddable":true,"href":"https:\/\/uvbbrasil.com.br\/uvb-json\/wp\/v2\/media\/17249"}],"wp:attachment":[{"href":"https:\/\/uvbbrasil.com.br\/uvb-json\/wp\/v2\/media?parent=17248"}],"wp:term":[{"taxonomy":"category","embeddable":true,"href":"https:\/\/uvbbrasil.com.br\/uvb-json\/wp\/v2\/categories?post=17248"},{"taxonomy":"post_tag","embeddable":true,"href":"https:\/\/uvbbrasil.com.br\/uvb-json\/wp\/v2\/tags?post=17248"}],"curies":[{"name":"wp","href":"https:\/\/api.w.org\/{rel}","templated":true}]}}