{"id":17237,"date":"2019-12-13T09:15:23","date_gmt":"2019-12-13T12:15:23","guid":{"rendered":"https:\/\/wpsandbox4.pante.com.br\/?p=17237"},"modified":"2019-12-13T09:15:23","modified_gmt":"2019-12-13T12:15:23","slug":"ccj-aprova-dispensa-de-licitacao-para-contratacao-de-advogados-e-contadores","status":"publish","type":"post","link":"https:\/\/uvbbrasil.com.br\/ccj-aprova-dispensa-de-licitacao-para-contratacao-de-advogados-e-contadores\/","title":{"rendered":"CCJ aprova dispensa de licita\u00e7\u00e3o para contrata\u00e7\u00e3o de advogados e contadores"},"content":{"rendered":"<p>A Comiss\u00e3o de Constitui\u00e7\u00e3o e Justi\u00e7a (CCJ) aprovou proposta que permite a dispensa de licita\u00e7\u00e3o para contrata\u00e7\u00e3o de servi\u00e7os jur\u00eddicos e de contabilidade pela administra\u00e7\u00e3o p\u00fablica. O Projeto de Lei (PL) 4.489\/2019 segue para vota\u00e7\u00e3o no Plen\u00e1rio.<\/p>\n<p>Pela proposta, os servi\u00e7os do advogado e do contador s\u00e3o, por natureza, t\u00e9cnicos e singulares, se for comprovada a not\u00f3ria especializa\u00e7\u00e3o. O PL define a not\u00f3ria especializa\u00e7\u00e3o nos mesmos termos que a Lei de Licita\u00e7\u00f5es (Lei 8.666, de 1993): quando o trabalho \u00e9 o mais adequado ao contrato, pela especialidade decorrente de desempenho anterior, estudos e experi\u00eancia, entre outros requisitos.<\/p>\n<p>A legisla\u00e7\u00e3o atual determina que a licita\u00e7\u00e3o \u00e9 inexig\u00edvel em casos em que a competi\u00e7\u00e3o \u00e9 imposs\u00edvel, como quando \u00e9 requerida not\u00f3ria especializa\u00e7\u00e3o para realiza\u00e7\u00e3o do contrato. O projeto altera o Estatuto da Advocacia (Lei 8.906, de 1994) e o Decreto-Lei 9.295, de 1946, que trata das atribui\u00e7\u00f5es do contador.<\/p>\n<p>Apresentado pelo deputado Efraim Filho (DEM-PB), o projeto recebeu voto favor\u00e1vel, com emenda de reda\u00e7\u00e3o do relator, o senador Veneziano Vital do R\u00eago (PSB-PB). Para Veneziano, al\u00e9m de louv\u00e1vel, a aprova\u00e7\u00e3o do projeto \u00e9 oportuna por extinguir uma controv\u00e9rsia jur\u00eddica em torno das qualifica\u00e7\u00f5es do advogado.<\/p>\n<p>Segundo explicou o relator, o Conselho Federal da Ordem dos Advogados do Brasil (OAB) ingressou com uma A\u00e7\u00e3o Declarat\u00f3ria de Constitucionalidade (ADC) junto ao Supremo Tribunal Federal (STF), suscitada pela aus\u00eancia de uma posi\u00e7\u00e3o pac\u00edfica, legal, sobre a iner\u00eancia da singularidade dos servi\u00e7os advocat\u00edcios.<\/p>\n<p>\u201cMuitos profissionais est\u00e3o sendo condenados pela pretensa pr\u00e1tica de atos de improbidade administrativa, depois de terem celebrado contrato com entes p\u00fablicos para o simples desempenho de atividades que lhes s\u00e3o pr\u00f3prias, e em hip\u00f3teses em que a licita\u00e7\u00e3o se afigura, por via de regra, patentemente inexig\u00edvel\u201d, pontua Veneziano no parecer.<\/p>\n<p>Assim como em rela\u00e7\u00e3o aos advogados, o relator entende que essa prerrogativa justificada pela not\u00f3ria especializa\u00e7\u00e3o e singularidade da atua\u00e7\u00e3o profissional tamb\u00e9m deve se estender aos contadores.<\/p>\n<p>Audi\u00eancia p\u00fablica<br \/>\nA dispensa de licita\u00e7\u00e3o para contrata\u00e7\u00e3o de advogados e contadores dividiu opini\u00f5es em audi\u00eancia p\u00fablica realizada para instruir o projeto. Operadores do direito atuantes no governo consideram a mudan\u00e7a uma brecha perigosa, por ferir o princ\u00edpio da impessoalidade. Representantes de advogados e contadores defenderam o not\u00f3rio saber e a especializa\u00e7\u00e3o como diferencial para uma contrata\u00e7\u00e3o direcionada e o desenvolvimento de projetos espec\u00edficos.<\/p>\n<p>&nbsp;<\/p>\n<p><a href=\"https:\/\/uvbbrasil.com.br\/?attachment_id=17238\" rel=\"attachment wp-att-17238\"><img fetchpriority=\"high\" decoding=\"async\" class=\"aligncenter size-full wp-image-17238\" src=\"https:\/\/uvbbrasil.com.br\/wp-content\/uploads\/2019\/12\/dispensa.jpg\" alt=\"\" width=\"860\" height=\"570\" srcset=\"https:\/\/uvbbrasil.com.br\/wp-content\/uploads\/2019\/12\/dispensa.jpg 860w, https:\/\/uvbbrasil.com.br\/wp-content\/uploads\/2019\/12\/dispensa-300x199.jpg 300w, https:\/\/uvbbrasil.com.br\/wp-content\/uploads\/2019\/12\/dispensa-768x509.jpg 768w\" sizes=\"(max-width: 860px) 100vw, 860px\" \/><\/a><\/p>\n<p>fonte: Ag\u00eancia Senado<\/p>\n","protected":false},"excerpt":{"rendered":"<p>A Comiss\u00e3o de Constitui\u00e7\u00e3o e Justi\u00e7a (CCJ) aprovou proposta que permite a dispensa de licita\u00e7\u00e3o para contrata\u00e7\u00e3o de servi\u00e7os jur\u00eddicos&#8230;<\/p>\n","protected":false},"author":1,"featured_media":17238,"comment_status":"open","ping_status":"open","sticky":false,"template":"","format":"standard","meta":{"footnotes":""},"categories":[3],"tags":[],"class_list":["post-17237","post","type-post","status-publish","format-standard","has-post-thumbnail","hentry","category-noticias"],"yoast_head":"<!-- This site is optimized with the Yoast SEO plugin v26.7 - https:\/\/yoast.com\/wordpress\/plugins\/seo\/ -->\n<title>CCJ aprova dispensa de licita\u00e7\u00e3o para contrata\u00e7\u00e3o de advogados e contadores - UVB Brasil<\/title>\n<meta name=\"robots\" content=\"index, follow, max-snippet:-1, max-image-preview:large, max-video-preview:-1\" \/>\n<link rel=\"canonical\" href=\"https:\/\/uvbbrasil.com.br\/ccj-aprova-dispensa-de-licitacao-para-contratacao-de-advogados-e-contadores\/\" \/>\n<meta property=\"og:locale\" content=\"pt_BR\" \/>\n<meta property=\"og:type\" content=\"article\" \/>\n<meta property=\"og:title\" content=\"CCJ aprova dispensa de licita\u00e7\u00e3o para contrata\u00e7\u00e3o de advogados e contadores - UVB Brasil\" \/>\n<meta property=\"og:description\" content=\"A Comiss\u00e3o de Constitui\u00e7\u00e3o e Justi\u00e7a (CCJ) aprovou proposta que permite a dispensa de licita\u00e7\u00e3o para contrata\u00e7\u00e3o de servi\u00e7os jur\u00eddicos...\" \/>\n<meta property=\"og:url\" content=\"https:\/\/uvbbrasil.com.br\/ccj-aprova-dispensa-de-licitacao-para-contratacao-de-advogados-e-contadores\/\" \/>\n<meta property=\"og:site_name\" content=\"UVB Brasil\" \/>\n<meta property=\"article:publisher\" content=\"https:\/\/www.facebook.com\/uvb.vereadoresbrasil\" \/>\n<meta property=\"article:published_time\" content=\"2019-12-13T12:15:23+00:00\" \/>\n<meta property=\"og:image\" content=\"https:\/\/uvbbrasil.com.br\/wp-content\/uploads\/2019\/12\/dispensa.jpg\" \/>\n\t<meta property=\"og:image:width\" content=\"860\" \/>\n\t<meta property=\"og:image:height\" content=\"570\" \/>\n\t<meta property=\"og:image:type\" content=\"image\/jpeg\" \/>\n<meta name=\"author\" content=\"adminuvb\" \/>\n<meta name=\"twitter:card\" content=\"summary_large_image\" \/>\n<meta name=\"twitter:label1\" content=\"Escrito por\" \/>\n\t<meta name=\"twitter:data1\" content=\"adminuvb\" \/>\n\t<meta name=\"twitter:label2\" content=\"Est. tempo de leitura\" \/>\n\t<meta name=\"twitter:data2\" content=\"2 minutos\" \/>\n<script type=\"application\/ld+json\" class=\"yoast-schema-graph\">{\"@context\":\"https:\/\/schema.org\",\"@graph\":[{\"@type\":\"Article\",\"@id\":\"https:\/\/uvbbrasil.com.br\/ccj-aprova-dispensa-de-licitacao-para-contratacao-de-advogados-e-contadores\/#article\",\"isPartOf\":{\"@id\":\"https:\/\/uvbbrasil.com.br\/ccj-aprova-dispensa-de-licitacao-para-contratacao-de-advogados-e-contadores\/\"},\"author\":{\"name\":\"adminuvb\",\"@id\":\"https:\/\/uvbbrasil.com.br\/#\/schema\/person\/17990098446c098f52effddff4f1b272\"},\"headline\":\"CCJ aprova dispensa de licita\u00e7\u00e3o para contrata\u00e7\u00e3o de advogados e contadores\",\"datePublished\":\"2019-12-13T12:15:23+00:00\",\"mainEntityOfPage\":{\"@id\":\"https:\/\/uvbbrasil.com.br\/ccj-aprova-dispensa-de-licitacao-para-contratacao-de-advogados-e-contadores\/\"},\"wordCount\":456,\"commentCount\":0,\"publisher\":{\"@id\":\"https:\/\/uvbbrasil.com.br\/#organization\"},\"image\":{\"@id\":\"https:\/\/uvbbrasil.com.br\/ccj-aprova-dispensa-de-licitacao-para-contratacao-de-advogados-e-contadores\/#primaryimage\"},\"thumbnailUrl\":\"https:\/\/uvbbrasil.com.br\/wp-content\/uploads\/2019\/12\/dispensa.jpg\",\"articleSection\":[\"NOT\u00cdCIAS\"],\"inLanguage\":\"pt-BR\",\"potentialAction\":[{\"@type\":\"CommentAction\",\"name\":\"Comment\",\"target\":[\"https:\/\/uvbbrasil.com.br\/ccj-aprova-dispensa-de-licitacao-para-contratacao-de-advogados-e-contadores\/#respond\"]}]},{\"@type\":\"WebPage\",\"@id\":\"https:\/\/uvbbrasil.com.br\/ccj-aprova-dispensa-de-licitacao-para-contratacao-de-advogados-e-contadores\/\",\"url\":\"https:\/\/uvbbrasil.com.br\/ccj-aprova-dispensa-de-licitacao-para-contratacao-de-advogados-e-contadores\/\",\"name\":\"CCJ aprova dispensa de licita\u00e7\u00e3o para contrata\u00e7\u00e3o de advogados e contadores - UVB Brasil\",\"isPartOf\":{\"@id\":\"https:\/\/uvbbrasil.com.br\/#website\"},\"primaryImageOfPage\":{\"@id\":\"https:\/\/uvbbrasil.com.br\/ccj-aprova-dispensa-de-licitacao-para-contratacao-de-advogados-e-contadores\/#primaryimage\"},\"image\":{\"@id\":\"https:\/\/uvbbrasil.com.br\/ccj-aprova-dispensa-de-licitacao-para-contratacao-de-advogados-e-contadores\/#primaryimage\"},\"thumbnailUrl\":\"https:\/\/uvbbrasil.com.br\/wp-content\/uploads\/2019\/12\/dispensa.jpg\",\"datePublished\":\"2019-12-13T12:15:23+00:00\",\"breadcrumb\":{\"@id\":\"https:\/\/uvbbrasil.com.br\/ccj-aprova-dispensa-de-licitacao-para-contratacao-de-advogados-e-contadores\/#breadcrumb\"},\"inLanguage\":\"pt-BR\",\"potentialAction\":[{\"@type\":\"ReadAction\",\"target\":[\"https:\/\/uvbbrasil.com.br\/ccj-aprova-dispensa-de-licitacao-para-contratacao-de-advogados-e-contadores\/\"]}]},{\"@type\":\"ImageObject\",\"inLanguage\":\"pt-BR\",\"@id\":\"https:\/\/uvbbrasil.com.br\/ccj-aprova-dispensa-de-licitacao-para-contratacao-de-advogados-e-contadores\/#primaryimage\",\"url\":\"https:\/\/uvbbrasil.com.br\/wp-content\/uploads\/2019\/12\/dispensa.jpg\",\"contentUrl\":\"https:\/\/uvbbrasil.com.br\/wp-content\/uploads\/2019\/12\/dispensa.jpg\",\"width\":860,\"height\":570},{\"@type\":\"BreadcrumbList\",\"@id\":\"https:\/\/uvbbrasil.com.br\/ccj-aprova-dispensa-de-licitacao-para-contratacao-de-advogados-e-contadores\/#breadcrumb\",\"itemListElement\":[{\"@type\":\"ListItem\",\"position\":1,\"name\":\"In\u00edcio\",\"item\":\"https:\/\/uvbbrasil.com.br\/\"},{\"@type\":\"ListItem\",\"position\":2,\"name\":\"CCJ aprova dispensa de licita\u00e7\u00e3o para contrata\u00e7\u00e3o de advogados e contadores\"}]},{\"@type\":\"WebSite\",\"@id\":\"https:\/\/uvbbrasil.com.br\/#website\",\"url\":\"https:\/\/uvbbrasil.com.br\/\",\"name\":\"UVB Brasil\",\"description\":\"Uni\u00e3o dos Vereadores do Brasil\",\"publisher\":{\"@id\":\"https:\/\/uvbbrasil.com.br\/#organization\"},\"potentialAction\":[{\"@type\":\"SearchAction\",\"target\":{\"@type\":\"EntryPoint\",\"urlTemplate\":\"https:\/\/uvbbrasil.com.br\/?s={search_term_string}\"},\"query-input\":{\"@type\":\"PropertyValueSpecification\",\"valueRequired\":true,\"valueName\":\"search_term_string\"}}],\"inLanguage\":\"pt-BR\"},{\"@type\":\"Organization\",\"@id\":\"https:\/\/uvbbrasil.com.br\/#organization\",\"name\":\"UVB Brasil\",\"url\":\"https:\/\/uvbbrasil.com.br\/\",\"logo\":{\"@type\":\"ImageObject\",\"inLanguage\":\"pt-BR\",\"@id\":\"https:\/\/uvbbrasil.com.br\/#\/schema\/logo\/image\/\",\"url\":\"https:\/\/uvbbrasil.com.br\/wp-content\/uploads\/2025\/01\/LOGO-UVB-2024-azul-1.jpg\",\"contentUrl\":\"https:\/\/uvbbrasil.com.br\/wp-content\/uploads\/2025\/01\/LOGO-UVB-2024-azul-1.jpg\",\"width\":600,\"height\":211,\"caption\":\"UVB Brasil\"},\"image\":{\"@id\":\"https:\/\/uvbbrasil.com.br\/#\/schema\/logo\/image\/\"},\"sameAs\":[\"https:\/\/www.facebook.com\/uvb.vereadoresbrasil\",\"https:\/\/www.instagram.com\/uvbbrasil\/\",\"https:\/\/www.youtube.com\/channel\/UCIlPQ8Xzw5GHNzosQIg9S5A\"]},{\"@type\":\"Person\",\"@id\":\"https:\/\/uvbbrasil.com.br\/#\/schema\/person\/17990098446c098f52effddff4f1b272\",\"name\":\"adminuvb\",\"image\":{\"@type\":\"ImageObject\",\"inLanguage\":\"pt-BR\",\"@id\":\"https:\/\/uvbbrasil.com.br\/#\/schema\/person\/image\/\",\"url\":\"https:\/\/secure.gravatar.com\/avatar\/1a494ea6f8e2dd1ae526e55b0e9497efdba542491e0620d704cccf63c6f77c45?s=96&d=mm&r=g\",\"contentUrl\":\"https:\/\/secure.gravatar.com\/avatar\/1a494ea6f8e2dd1ae526e55b0e9497efdba542491e0620d704cccf63c6f77c45?s=96&d=mm&r=g\",\"caption\":\"adminuvb\"},\"sameAs\":[\"https:\/\/uvbbrasil.com.br\"],\"url\":\"https:\/\/uvbbrasil.com.br\/author\/adminuvb\/\"}]}<\/script>\n<!-- \/ Yoast SEO plugin. -->","yoast_head_json":{"title":"CCJ aprova dispensa de licita\u00e7\u00e3o para contrata\u00e7\u00e3o de advogados e contadores - UVB Brasil","robots":{"index":"index","follow":"follow","max-snippet":"max-snippet:-1","max-image-preview":"max-image-preview:large","max-video-preview":"max-video-preview:-1"},"canonical":"https:\/\/uvbbrasil.com.br\/ccj-aprova-dispensa-de-licitacao-para-contratacao-de-advogados-e-contadores\/","og_locale":"pt_BR","og_type":"article","og_title":"CCJ aprova dispensa de licita\u00e7\u00e3o para contrata\u00e7\u00e3o de advogados e contadores - UVB Brasil","og_description":"A Comiss\u00e3o de Constitui\u00e7\u00e3o e Justi\u00e7a (CCJ) aprovou proposta que permite a dispensa de licita\u00e7\u00e3o para contrata\u00e7\u00e3o de servi\u00e7os jur\u00eddicos...","og_url":"https:\/\/uvbbrasil.com.br\/ccj-aprova-dispensa-de-licitacao-para-contratacao-de-advogados-e-contadores\/","og_site_name":"UVB Brasil","article_publisher":"https:\/\/www.facebook.com\/uvb.vereadoresbrasil","article_published_time":"2019-12-13T12:15:23+00:00","og_image":[{"width":860,"height":570,"url":"https:\/\/uvbbrasil.com.br\/wp-content\/uploads\/2019\/12\/dispensa.jpg","type":"image\/jpeg"}],"author":"adminuvb","twitter_card":"summary_large_image","twitter_misc":{"Escrito por":"adminuvb","Est. tempo de leitura":"2 minutos"},"schema":{"@context":"https:\/\/schema.org","@graph":[{"@type":"Article","@id":"https:\/\/uvbbrasil.com.br\/ccj-aprova-dispensa-de-licitacao-para-contratacao-de-advogados-e-contadores\/#article","isPartOf":{"@id":"https:\/\/uvbbrasil.com.br\/ccj-aprova-dispensa-de-licitacao-para-contratacao-de-advogados-e-contadores\/"},"author":{"name":"adminuvb","@id":"https:\/\/uvbbrasil.com.br\/#\/schema\/person\/17990098446c098f52effddff4f1b272"},"headline":"CCJ aprova dispensa de licita\u00e7\u00e3o para contrata\u00e7\u00e3o de advogados e contadores","datePublished":"2019-12-13T12:15:23+00:00","mainEntityOfPage":{"@id":"https:\/\/uvbbrasil.com.br\/ccj-aprova-dispensa-de-licitacao-para-contratacao-de-advogados-e-contadores\/"},"wordCount":456,"commentCount":0,"publisher":{"@id":"https:\/\/uvbbrasil.com.br\/#organization"},"image":{"@id":"https:\/\/uvbbrasil.com.br\/ccj-aprova-dispensa-de-licitacao-para-contratacao-de-advogados-e-contadores\/#primaryimage"},"thumbnailUrl":"https:\/\/uvbbrasil.com.br\/wp-content\/uploads\/2019\/12\/dispensa.jpg","articleSection":["NOT\u00cdCIAS"],"inLanguage":"pt-BR","potentialAction":[{"@type":"CommentAction","name":"Comment","target":["https:\/\/uvbbrasil.com.br\/ccj-aprova-dispensa-de-licitacao-para-contratacao-de-advogados-e-contadores\/#respond"]}]},{"@type":"WebPage","@id":"https:\/\/uvbbrasil.com.br\/ccj-aprova-dispensa-de-licitacao-para-contratacao-de-advogados-e-contadores\/","url":"https:\/\/uvbbrasil.com.br\/ccj-aprova-dispensa-de-licitacao-para-contratacao-de-advogados-e-contadores\/","name":"CCJ aprova dispensa de licita\u00e7\u00e3o para contrata\u00e7\u00e3o de advogados e contadores - UVB Brasil","isPartOf":{"@id":"https:\/\/uvbbrasil.com.br\/#website"},"primaryImageOfPage":{"@id":"https:\/\/uvbbrasil.com.br\/ccj-aprova-dispensa-de-licitacao-para-contratacao-de-advogados-e-contadores\/#primaryimage"},"image":{"@id":"https:\/\/uvbbrasil.com.br\/ccj-aprova-dispensa-de-licitacao-para-contratacao-de-advogados-e-contadores\/#primaryimage"},"thumbnailUrl":"https:\/\/uvbbrasil.com.br\/wp-content\/uploads\/2019\/12\/dispensa.jpg","datePublished":"2019-12-13T12:15:23+00:00","breadcrumb":{"@id":"https:\/\/uvbbrasil.com.br\/ccj-aprova-dispensa-de-licitacao-para-contratacao-de-advogados-e-contadores\/#breadcrumb"},"inLanguage":"pt-BR","potentialAction":[{"@type":"ReadAction","target":["https:\/\/uvbbrasil.com.br\/ccj-aprova-dispensa-de-licitacao-para-contratacao-de-advogados-e-contadores\/"]}]},{"@type":"ImageObject","inLanguage":"pt-BR","@id":"https:\/\/uvbbrasil.com.br\/ccj-aprova-dispensa-de-licitacao-para-contratacao-de-advogados-e-contadores\/#primaryimage","url":"https:\/\/uvbbrasil.com.br\/wp-content\/uploads\/2019\/12\/dispensa.jpg","contentUrl":"https:\/\/uvbbrasil.com.br\/wp-content\/uploads\/2019\/12\/dispensa.jpg","width":860,"height":570},{"@type":"BreadcrumbList","@id":"https:\/\/uvbbrasil.com.br\/ccj-aprova-dispensa-de-licitacao-para-contratacao-de-advogados-e-contadores\/#breadcrumb","itemListElement":[{"@type":"ListItem","position":1,"name":"In\u00edcio","item":"https:\/\/uvbbrasil.com.br\/"},{"@type":"ListItem","position":2,"name":"CCJ aprova dispensa de licita\u00e7\u00e3o para contrata\u00e7\u00e3o de advogados e contadores"}]},{"@type":"WebSite","@id":"https:\/\/uvbbrasil.com.br\/#website","url":"https:\/\/uvbbrasil.com.br\/","name":"UVB Brasil","description":"Uni\u00e3o dos Vereadores do Brasil","publisher":{"@id":"https:\/\/uvbbrasil.com.br\/#organization"},"potentialAction":[{"@type":"SearchAction","target":{"@type":"EntryPoint","urlTemplate":"https:\/\/uvbbrasil.com.br\/?s={search_term_string}"},"query-input":{"@type":"PropertyValueSpecification","valueRequired":true,"valueName":"search_term_string"}}],"inLanguage":"pt-BR"},{"@type":"Organization","@id":"https:\/\/uvbbrasil.com.br\/#organization","name":"UVB Brasil","url":"https:\/\/uvbbrasil.com.br\/","logo":{"@type":"ImageObject","inLanguage":"pt-BR","@id":"https:\/\/uvbbrasil.com.br\/#\/schema\/logo\/image\/","url":"https:\/\/uvbbrasil.com.br\/wp-content\/uploads\/2025\/01\/LOGO-UVB-2024-azul-1.jpg","contentUrl":"https:\/\/uvbbrasil.com.br\/wp-content\/uploads\/2025\/01\/LOGO-UVB-2024-azul-1.jpg","width":600,"height":211,"caption":"UVB Brasil"},"image":{"@id":"https:\/\/uvbbrasil.com.br\/#\/schema\/logo\/image\/"},"sameAs":["https:\/\/www.facebook.com\/uvb.vereadoresbrasil","https:\/\/www.instagram.com\/uvbbrasil\/","https:\/\/www.youtube.com\/channel\/UCIlPQ8Xzw5GHNzosQIg9S5A"]},{"@type":"Person","@id":"https:\/\/uvbbrasil.com.br\/#\/schema\/person\/17990098446c098f52effddff4f1b272","name":"adminuvb","image":{"@type":"ImageObject","inLanguage":"pt-BR","@id":"https:\/\/uvbbrasil.com.br\/#\/schema\/person\/image\/","url":"https:\/\/secure.gravatar.com\/avatar\/1a494ea6f8e2dd1ae526e55b0e9497efdba542491e0620d704cccf63c6f77c45?s=96&d=mm&r=g","contentUrl":"https:\/\/secure.gravatar.com\/avatar\/1a494ea6f8e2dd1ae526e55b0e9497efdba542491e0620d704cccf63c6f77c45?s=96&d=mm&r=g","caption":"adminuvb"},"sameAs":["https:\/\/uvbbrasil.com.br"],"url":"https:\/\/uvbbrasil.com.br\/author\/adminuvb\/"}]}},"_links":{"self":[{"href":"https:\/\/uvbbrasil.com.br\/uvb-json\/wp\/v2\/posts\/17237","targetHints":{"allow":["GET"]}}],"collection":[{"href":"https:\/\/uvbbrasil.com.br\/uvb-json\/wp\/v2\/posts"}],"about":[{"href":"https:\/\/uvbbrasil.com.br\/uvb-json\/wp\/v2\/types\/post"}],"author":[{"embeddable":true,"href":"https:\/\/uvbbrasil.com.br\/uvb-json\/wp\/v2\/users\/1"}],"replies":[{"embeddable":true,"href":"https:\/\/uvbbrasil.com.br\/uvb-json\/wp\/v2\/comments?post=17237"}],"version-history":[{"count":0,"href":"https:\/\/uvbbrasil.com.br\/uvb-json\/wp\/v2\/posts\/17237\/revisions"}],"wp:featuredmedia":[{"embeddable":true,"href":"https:\/\/uvbbrasil.com.br\/uvb-json\/wp\/v2\/media\/17238"}],"wp:attachment":[{"href":"https:\/\/uvbbrasil.com.br\/uvb-json\/wp\/v2\/media?parent=17237"}],"wp:term":[{"taxonomy":"category","embeddable":true,"href":"https:\/\/uvbbrasil.com.br\/uvb-json\/wp\/v2\/categories?post=17237"},{"taxonomy":"post_tag","embeddable":true,"href":"https:\/\/uvbbrasil.com.br\/uvb-json\/wp\/v2\/tags?post=17237"}],"curies":[{"name":"wp","href":"https:\/\/api.w.org\/{rel}","templated":true}]}}