{"id":17231,"date":"2019-12-12T16:24:09","date_gmt":"2019-12-12T19:24:09","guid":{"rendered":"https:\/\/wpsandbox4.pante.com.br\/?p=17231"},"modified":"2019-12-12T16:24:09","modified_gmt":"2019-12-12T19:24:09","slug":"diretor-da-unidade-de-saude-publica-participa-de-seminario-legislativo-da-uvb","status":"publish","type":"post","link":"https:\/\/uvbbrasil.com.br\/diretor-da-unidade-de-saude-publica-participa-de-seminario-legislativo-da-uvb\/","title":{"rendered":"Diretor da Unidade de Sa\u00fade P\u00fablica  participa de Semin\u00e1rio Legislativo da UVB"},"content":{"rendered":"<p>O diretor da Unidade de Sa\u00fade P\u00fablica de S\u00e3o Paulo, Vandr\u00e9 Dall Agnol, representante da MV que possui sistemas de Gest\u00e3o em Sa\u00fade para todos os tipos de organiza\u00e7\u00f5es, hospitais (gest\u00e3o hospitalar, prontu\u00e1rios eletr\u00f4nicos e hospital digital),operadores de sa\u00fade(sistema de gest\u00e3o de operadora de sa\u00fade), e sa\u00fade p\u00fablica(prontu\u00e1rio eletr\u00f4nico do SUS). Participou nesta quinta feira (12) do Semin\u00e1rio Nacional de Legislativos Municipais realizado pela Uni\u00e3o dos Vereadores do Brasil-UVB em parceria com a C\u00e2mara Municipal de Itu\/SP. Na oportunidade debateu aos presentes sobre \u201cSmart Health como um facilitador da assist\u00eancia m\u00e9dica, conectando munic\u00edpio e cidad\u00e3o em busca da preven\u00e7\u00e3o\u201d. A ideia \u00a0\u00e9 que mude a percep\u00e7\u00e3o dos munic\u00edpios e n\u00e3o mais fazer o tratamento em\u00a0 cima\u00a0 da doen\u00e7a mais sim em cima da produtividade ou seja \u00a0usar a tecnologia para que transforme a sa\u00fade inteligente \u00a0no munic\u00edpio conectando o cidad\u00e3o aos tratamentos dispon\u00edvel .O tratamento do SUS \u00e9 muito bom desde que se comece\u00a0 a pensar na gest\u00e3o proporcionando ao cidad\u00e3o melhor qualidade de vida e principalmente qualidade no tratamento e mais acess\u00edvel.Com este trabalho aplicado, contribuir\u00e1 para acelerar a moderniza\u00e7\u00e3o das cidades, como componente de especial relev\u00e2ncia no ecossistema de desenvolvimento econ\u00f4mico, social e cultural da na sociedade.<\/p>\n<p>O momento atual \u00e9 importante porque, enquanto os cidad\u00e3os j\u00e1 mudaram a sua forma de viver, comprar, compartilhar informa\u00e7\u00e3o, desfrutar novos servi\u00e7os gra\u00e7as \u00e0 tecnologia, \u00e0 mobilidade e \u00e0 revolu\u00e7\u00e3o digital, um \u00e2mbito t\u00e3o importante como a cidade ainda est\u00e1 no in\u00edcio dessa transforma\u00e7\u00e3o. O setor p\u00fablico e privado &#8211; em modelos de colabora\u00e7\u00e3o estreitos &#8211; deve enfrentar esse desafio com urg\u00eancia. Isso permite que cada um no seu \u00e2mbito possa capturar todas as oportunidades que lhe s\u00e3o oferecidas e compartilhar conhecimento, experi\u00eancias e pontos de vista referentes ao desafio que come\u00e7a agora &#8211; a transforma\u00e7\u00e3o digital da cidade -, alguns anos depois da transforma\u00e7\u00e3o digital dos cidad\u00e3os.<\/p>\n<p><a href=\"https:\/\/uvbbrasil.com.br\/?attachment_id=17234\" rel=\"attachment wp-att-17234\"><img fetchpriority=\"high\" decoding=\"async\" class=\"aligncenter size-full wp-image-17234\" src=\"https:\/\/uvbbrasil.com.br\/wp-content\/uploads\/2019\/12\/palestrante-12-2.jpeg\" alt=\"\" width=\"1280\" height=\"960\" srcset=\"https:\/\/uvbbrasil.com.br\/wp-content\/uploads\/2019\/12\/palestrante-12-2.jpeg 1280w, https:\/\/uvbbrasil.com.br\/wp-content\/uploads\/2019\/12\/palestrante-12-2-300x225.jpeg 300w, https:\/\/uvbbrasil.com.br\/wp-content\/uploads\/2019\/12\/palestrante-12-2-1024x768.jpeg 1024w, https:\/\/uvbbrasil.com.br\/wp-content\/uploads\/2019\/12\/palestrante-12-2-768x576.jpeg 768w\" sizes=\"(max-width: 1280px) 100vw, 1280px\" \/><\/a><\/p>\n","protected":false},"excerpt":{"rendered":"<p>O diretor da Unidade de Sa\u00fade P\u00fablica de S\u00e3o Paulo, Vandr\u00e9 Dall Agnol, representante da MV que possui sistemas de&#8230;<\/p>\n","protected":false},"author":1,"featured_media":17233,"comment_status":"open","ping_status":"open","sticky":false,"template":"","format":"standard","meta":{"footnotes":""},"categories":[3,4],"tags":[],"class_list":["post-17231","post","type-post","status-publish","format-standard","has-post-thumbnail","hentry","category-noticias","category-home"],"yoast_head":"<!-- This site is optimized with the Yoast SEO plugin v26.7 - https:\/\/yoast.com\/wordpress\/plugins\/seo\/ -->\n<title>Diretor da Unidade de Sa\u00fade P\u00fablica participa de Semin\u00e1rio Legislativo da UVB - UVB Brasil<\/title>\n<meta name=\"robots\" content=\"index, follow, max-snippet:-1, max-image-preview:large, max-video-preview:-1\" \/>\n<link rel=\"canonical\" href=\"https:\/\/uvbbrasil.com.br\/diretor-da-unidade-de-saude-publica-participa-de-seminario-legislativo-da-uvb\/\" \/>\n<meta property=\"og:locale\" content=\"pt_BR\" \/>\n<meta property=\"og:type\" content=\"article\" \/>\n<meta property=\"og:title\" content=\"Diretor da Unidade de Sa\u00fade P\u00fablica participa de Semin\u00e1rio Legislativo da UVB - UVB Brasil\" \/>\n<meta property=\"og:description\" content=\"O diretor da Unidade de Sa\u00fade P\u00fablica de S\u00e3o Paulo, Vandr\u00e9 Dall Agnol, representante da MV que possui sistemas de...\" \/>\n<meta property=\"og:url\" content=\"https:\/\/uvbbrasil.com.br\/diretor-da-unidade-de-saude-publica-participa-de-seminario-legislativo-da-uvb\/\" \/>\n<meta property=\"og:site_name\" content=\"UVB Brasil\" \/>\n<meta property=\"article:publisher\" content=\"https:\/\/www.facebook.com\/uvb.vereadoresbrasil\" \/>\n<meta property=\"article:published_time\" content=\"2019-12-12T19:24:09+00:00\" \/>\n<meta property=\"og:image\" content=\"https:\/\/uvbbrasil.com.br\/wp-content\/uploads\/2019\/12\/palestrante-12-.jpeg\" \/>\n\t<meta property=\"og:image:width\" content=\"1280\" \/>\n\t<meta property=\"og:image:height\" content=\"960\" \/>\n\t<meta property=\"og:image:type\" content=\"image\/jpeg\" \/>\n<meta name=\"author\" content=\"adminuvb\" \/>\n<meta name=\"twitter:card\" content=\"summary_large_image\" \/>\n<meta name=\"twitter:label1\" content=\"Escrito por\" \/>\n\t<meta name=\"twitter:data1\" content=\"adminuvb\" \/>\n\t<meta name=\"twitter:label2\" content=\"Est. tempo de leitura\" \/>\n\t<meta name=\"twitter:data2\" content=\"2 minutos\" \/>\n<script type=\"application\/ld+json\" class=\"yoast-schema-graph\">{\"@context\":\"https:\/\/schema.org\",\"@graph\":[{\"@type\":\"Article\",\"@id\":\"https:\/\/uvbbrasil.com.br\/diretor-da-unidade-de-saude-publica-participa-de-seminario-legislativo-da-uvb\/#article\",\"isPartOf\":{\"@id\":\"https:\/\/uvbbrasil.com.br\/diretor-da-unidade-de-saude-publica-participa-de-seminario-legislativo-da-uvb\/\"},\"author\":{\"name\":\"adminuvb\",\"@id\":\"https:\/\/uvbbrasil.com.br\/#\/schema\/person\/17990098446c098f52effddff4f1b272\"},\"headline\":\"Diretor da Unidade de Sa\u00fade P\u00fablica participa de Semin\u00e1rio Legislativo da UVB\",\"datePublished\":\"2019-12-12T19:24:09+00:00\",\"mainEntityOfPage\":{\"@id\":\"https:\/\/uvbbrasil.com.br\/diretor-da-unidade-de-saude-publica-participa-de-seminario-legislativo-da-uvb\/\"},\"wordCount\":375,\"commentCount\":0,\"publisher\":{\"@id\":\"https:\/\/uvbbrasil.com.br\/#organization\"},\"image\":{\"@id\":\"https:\/\/uvbbrasil.com.br\/diretor-da-unidade-de-saude-publica-participa-de-seminario-legislativo-da-uvb\/#primaryimage\"},\"thumbnailUrl\":\"https:\/\/uvbbrasil.com.br\/wp-content\/uploads\/2019\/12\/palestrante-12-.jpeg\",\"articleSection\":[\"NOT\u00cdCIAS\",\"UVB\"],\"inLanguage\":\"pt-BR\",\"potentialAction\":[{\"@type\":\"CommentAction\",\"name\":\"Comment\",\"target\":[\"https:\/\/uvbbrasil.com.br\/diretor-da-unidade-de-saude-publica-participa-de-seminario-legislativo-da-uvb\/#respond\"]}]},{\"@type\":\"WebPage\",\"@id\":\"https:\/\/uvbbrasil.com.br\/diretor-da-unidade-de-saude-publica-participa-de-seminario-legislativo-da-uvb\/\",\"url\":\"https:\/\/uvbbrasil.com.br\/diretor-da-unidade-de-saude-publica-participa-de-seminario-legislativo-da-uvb\/\",\"name\":\"Diretor da Unidade de Sa\u00fade P\u00fablica participa de Semin\u00e1rio Legislativo da UVB - UVB Brasil\",\"isPartOf\":{\"@id\":\"https:\/\/uvbbrasil.com.br\/#website\"},\"primaryImageOfPage\":{\"@id\":\"https:\/\/uvbbrasil.com.br\/diretor-da-unidade-de-saude-publica-participa-de-seminario-legislativo-da-uvb\/#primaryimage\"},\"image\":{\"@id\":\"https:\/\/uvbbrasil.com.br\/diretor-da-unidade-de-saude-publica-participa-de-seminario-legislativo-da-uvb\/#primaryimage\"},\"thumbnailUrl\":\"https:\/\/uvbbrasil.com.br\/wp-content\/uploads\/2019\/12\/palestrante-12-.jpeg\",\"datePublished\":\"2019-12-12T19:24:09+00:00\",\"breadcrumb\":{\"@id\":\"https:\/\/uvbbrasil.com.br\/diretor-da-unidade-de-saude-publica-participa-de-seminario-legislativo-da-uvb\/#breadcrumb\"},\"inLanguage\":\"pt-BR\",\"potentialAction\":[{\"@type\":\"ReadAction\",\"target\":[\"https:\/\/uvbbrasil.com.br\/diretor-da-unidade-de-saude-publica-participa-de-seminario-legislativo-da-uvb\/\"]}]},{\"@type\":\"ImageObject\",\"inLanguage\":\"pt-BR\",\"@id\":\"https:\/\/uvbbrasil.com.br\/diretor-da-unidade-de-saude-publica-participa-de-seminario-legislativo-da-uvb\/#primaryimage\",\"url\":\"https:\/\/uvbbrasil.com.br\/wp-content\/uploads\/2019\/12\/palestrante-12-.jpeg\",\"contentUrl\":\"https:\/\/uvbbrasil.com.br\/wp-content\/uploads\/2019\/12\/palestrante-12-.jpeg\",\"width\":1280,\"height\":960},{\"@type\":\"BreadcrumbList\",\"@id\":\"https:\/\/uvbbrasil.com.br\/diretor-da-unidade-de-saude-publica-participa-de-seminario-legislativo-da-uvb\/#breadcrumb\",\"itemListElement\":[{\"@type\":\"ListItem\",\"position\":1,\"name\":\"In\u00edcio\",\"item\":\"https:\/\/uvbbrasil.com.br\/\"},{\"@type\":\"ListItem\",\"position\":2,\"name\":\"Diretor da Unidade de Sa\u00fade P\u00fablica participa de Semin\u00e1rio Legislativo da UVB\"}]},{\"@type\":\"WebSite\",\"@id\":\"https:\/\/uvbbrasil.com.br\/#website\",\"url\":\"https:\/\/uvbbrasil.com.br\/\",\"name\":\"UVB Brasil\",\"description\":\"Uni\u00e3o dos Vereadores do Brasil\",\"publisher\":{\"@id\":\"https:\/\/uvbbrasil.com.br\/#organization\"},\"potentialAction\":[{\"@type\":\"SearchAction\",\"target\":{\"@type\":\"EntryPoint\",\"urlTemplate\":\"https:\/\/uvbbrasil.com.br\/?s={search_term_string}\"},\"query-input\":{\"@type\":\"PropertyValueSpecification\",\"valueRequired\":true,\"valueName\":\"search_term_string\"}}],\"inLanguage\":\"pt-BR\"},{\"@type\":\"Organization\",\"@id\":\"https:\/\/uvbbrasil.com.br\/#organization\",\"name\":\"UVB Brasil\",\"url\":\"https:\/\/uvbbrasil.com.br\/\",\"logo\":{\"@type\":\"ImageObject\",\"inLanguage\":\"pt-BR\",\"@id\":\"https:\/\/uvbbrasil.com.br\/#\/schema\/logo\/image\/\",\"url\":\"https:\/\/uvbbrasil.com.br\/wp-content\/uploads\/2025\/01\/LOGO-UVB-2024-azul-1.jpg\",\"contentUrl\":\"https:\/\/uvbbrasil.com.br\/wp-content\/uploads\/2025\/01\/LOGO-UVB-2024-azul-1.jpg\",\"width\":600,\"height\":211,\"caption\":\"UVB Brasil\"},\"image\":{\"@id\":\"https:\/\/uvbbrasil.com.br\/#\/schema\/logo\/image\/\"},\"sameAs\":[\"https:\/\/www.facebook.com\/uvb.vereadoresbrasil\",\"https:\/\/www.instagram.com\/uvbbrasil\/\",\"https:\/\/www.youtube.com\/channel\/UCIlPQ8Xzw5GHNzosQIg9S5A\"]},{\"@type\":\"Person\",\"@id\":\"https:\/\/uvbbrasil.com.br\/#\/schema\/person\/17990098446c098f52effddff4f1b272\",\"name\":\"adminuvb\",\"image\":{\"@type\":\"ImageObject\",\"inLanguage\":\"pt-BR\",\"@id\":\"https:\/\/uvbbrasil.com.br\/#\/schema\/person\/image\/\",\"url\":\"https:\/\/secure.gravatar.com\/avatar\/1a494ea6f8e2dd1ae526e55b0e9497efdba542491e0620d704cccf63c6f77c45?s=96&d=mm&r=g\",\"contentUrl\":\"https:\/\/secure.gravatar.com\/avatar\/1a494ea6f8e2dd1ae526e55b0e9497efdba542491e0620d704cccf63c6f77c45?s=96&d=mm&r=g\",\"caption\":\"adminuvb\"},\"sameAs\":[\"https:\/\/uvbbrasil.com.br\"],\"url\":\"https:\/\/uvbbrasil.com.br\/author\/adminuvb\/\"}]}<\/script>\n<!-- \/ Yoast SEO plugin. -->","yoast_head_json":{"title":"Diretor da Unidade de Sa\u00fade P\u00fablica participa de Semin\u00e1rio Legislativo da UVB - UVB Brasil","robots":{"index":"index","follow":"follow","max-snippet":"max-snippet:-1","max-image-preview":"max-image-preview:large","max-video-preview":"max-video-preview:-1"},"canonical":"https:\/\/uvbbrasil.com.br\/diretor-da-unidade-de-saude-publica-participa-de-seminario-legislativo-da-uvb\/","og_locale":"pt_BR","og_type":"article","og_title":"Diretor da Unidade de Sa\u00fade P\u00fablica participa de Semin\u00e1rio Legislativo da UVB - UVB Brasil","og_description":"O diretor da Unidade de Sa\u00fade P\u00fablica de S\u00e3o Paulo, Vandr\u00e9 Dall Agnol, representante da MV que possui sistemas de...","og_url":"https:\/\/uvbbrasil.com.br\/diretor-da-unidade-de-saude-publica-participa-de-seminario-legislativo-da-uvb\/","og_site_name":"UVB Brasil","article_publisher":"https:\/\/www.facebook.com\/uvb.vereadoresbrasil","article_published_time":"2019-12-12T19:24:09+00:00","og_image":[{"width":1280,"height":960,"url":"https:\/\/uvbbrasil.com.br\/wp-content\/uploads\/2019\/12\/palestrante-12-.jpeg","type":"image\/jpeg"}],"author":"adminuvb","twitter_card":"summary_large_image","twitter_misc":{"Escrito por":"adminuvb","Est. tempo de leitura":"2 minutos"},"schema":{"@context":"https:\/\/schema.org","@graph":[{"@type":"Article","@id":"https:\/\/uvbbrasil.com.br\/diretor-da-unidade-de-saude-publica-participa-de-seminario-legislativo-da-uvb\/#article","isPartOf":{"@id":"https:\/\/uvbbrasil.com.br\/diretor-da-unidade-de-saude-publica-participa-de-seminario-legislativo-da-uvb\/"},"author":{"name":"adminuvb","@id":"https:\/\/uvbbrasil.com.br\/#\/schema\/person\/17990098446c098f52effddff4f1b272"},"headline":"Diretor da Unidade de Sa\u00fade P\u00fablica participa de Semin\u00e1rio Legislativo da UVB","datePublished":"2019-12-12T19:24:09+00:00","mainEntityOfPage":{"@id":"https:\/\/uvbbrasil.com.br\/diretor-da-unidade-de-saude-publica-participa-de-seminario-legislativo-da-uvb\/"},"wordCount":375,"commentCount":0,"publisher":{"@id":"https:\/\/uvbbrasil.com.br\/#organization"},"image":{"@id":"https:\/\/uvbbrasil.com.br\/diretor-da-unidade-de-saude-publica-participa-de-seminario-legislativo-da-uvb\/#primaryimage"},"thumbnailUrl":"https:\/\/uvbbrasil.com.br\/wp-content\/uploads\/2019\/12\/palestrante-12-.jpeg","articleSection":["NOT\u00cdCIAS","UVB"],"inLanguage":"pt-BR","potentialAction":[{"@type":"CommentAction","name":"Comment","target":["https:\/\/uvbbrasil.com.br\/diretor-da-unidade-de-saude-publica-participa-de-seminario-legislativo-da-uvb\/#respond"]}]},{"@type":"WebPage","@id":"https:\/\/uvbbrasil.com.br\/diretor-da-unidade-de-saude-publica-participa-de-seminario-legislativo-da-uvb\/","url":"https:\/\/uvbbrasil.com.br\/diretor-da-unidade-de-saude-publica-participa-de-seminario-legislativo-da-uvb\/","name":"Diretor da Unidade de Sa\u00fade P\u00fablica participa de Semin\u00e1rio Legislativo da UVB - UVB Brasil","isPartOf":{"@id":"https:\/\/uvbbrasil.com.br\/#website"},"primaryImageOfPage":{"@id":"https:\/\/uvbbrasil.com.br\/diretor-da-unidade-de-saude-publica-participa-de-seminario-legislativo-da-uvb\/#primaryimage"},"image":{"@id":"https:\/\/uvbbrasil.com.br\/diretor-da-unidade-de-saude-publica-participa-de-seminario-legislativo-da-uvb\/#primaryimage"},"thumbnailUrl":"https:\/\/uvbbrasil.com.br\/wp-content\/uploads\/2019\/12\/palestrante-12-.jpeg","datePublished":"2019-12-12T19:24:09+00:00","breadcrumb":{"@id":"https:\/\/uvbbrasil.com.br\/diretor-da-unidade-de-saude-publica-participa-de-seminario-legislativo-da-uvb\/#breadcrumb"},"inLanguage":"pt-BR","potentialAction":[{"@type":"ReadAction","target":["https:\/\/uvbbrasil.com.br\/diretor-da-unidade-de-saude-publica-participa-de-seminario-legislativo-da-uvb\/"]}]},{"@type":"ImageObject","inLanguage":"pt-BR","@id":"https:\/\/uvbbrasil.com.br\/diretor-da-unidade-de-saude-publica-participa-de-seminario-legislativo-da-uvb\/#primaryimage","url":"https:\/\/uvbbrasil.com.br\/wp-content\/uploads\/2019\/12\/palestrante-12-.jpeg","contentUrl":"https:\/\/uvbbrasil.com.br\/wp-content\/uploads\/2019\/12\/palestrante-12-.jpeg","width":1280,"height":960},{"@type":"BreadcrumbList","@id":"https:\/\/uvbbrasil.com.br\/diretor-da-unidade-de-saude-publica-participa-de-seminario-legislativo-da-uvb\/#breadcrumb","itemListElement":[{"@type":"ListItem","position":1,"name":"In\u00edcio","item":"https:\/\/uvbbrasil.com.br\/"},{"@type":"ListItem","position":2,"name":"Diretor da Unidade de Sa\u00fade P\u00fablica participa de Semin\u00e1rio Legislativo da UVB"}]},{"@type":"WebSite","@id":"https:\/\/uvbbrasil.com.br\/#website","url":"https:\/\/uvbbrasil.com.br\/","name":"UVB Brasil","description":"Uni\u00e3o dos Vereadores do Brasil","publisher":{"@id":"https:\/\/uvbbrasil.com.br\/#organization"},"potentialAction":[{"@type":"SearchAction","target":{"@type":"EntryPoint","urlTemplate":"https:\/\/uvbbrasil.com.br\/?s={search_term_string}"},"query-input":{"@type":"PropertyValueSpecification","valueRequired":true,"valueName":"search_term_string"}}],"inLanguage":"pt-BR"},{"@type":"Organization","@id":"https:\/\/uvbbrasil.com.br\/#organization","name":"UVB Brasil","url":"https:\/\/uvbbrasil.com.br\/","logo":{"@type":"ImageObject","inLanguage":"pt-BR","@id":"https:\/\/uvbbrasil.com.br\/#\/schema\/logo\/image\/","url":"https:\/\/uvbbrasil.com.br\/wp-content\/uploads\/2025\/01\/LOGO-UVB-2024-azul-1.jpg","contentUrl":"https:\/\/uvbbrasil.com.br\/wp-content\/uploads\/2025\/01\/LOGO-UVB-2024-azul-1.jpg","width":600,"height":211,"caption":"UVB Brasil"},"image":{"@id":"https:\/\/uvbbrasil.com.br\/#\/schema\/logo\/image\/"},"sameAs":["https:\/\/www.facebook.com\/uvb.vereadoresbrasil","https:\/\/www.instagram.com\/uvbbrasil\/","https:\/\/www.youtube.com\/channel\/UCIlPQ8Xzw5GHNzosQIg9S5A"]},{"@type":"Person","@id":"https:\/\/uvbbrasil.com.br\/#\/schema\/person\/17990098446c098f52effddff4f1b272","name":"adminuvb","image":{"@type":"ImageObject","inLanguage":"pt-BR","@id":"https:\/\/uvbbrasil.com.br\/#\/schema\/person\/image\/","url":"https:\/\/secure.gravatar.com\/avatar\/1a494ea6f8e2dd1ae526e55b0e9497efdba542491e0620d704cccf63c6f77c45?s=96&d=mm&r=g","contentUrl":"https:\/\/secure.gravatar.com\/avatar\/1a494ea6f8e2dd1ae526e55b0e9497efdba542491e0620d704cccf63c6f77c45?s=96&d=mm&r=g","caption":"adminuvb"},"sameAs":["https:\/\/uvbbrasil.com.br"],"url":"https:\/\/uvbbrasil.com.br\/author\/adminuvb\/"}]}},"_links":{"self":[{"href":"https:\/\/uvbbrasil.com.br\/uvb-json\/wp\/v2\/posts\/17231","targetHints":{"allow":["GET"]}}],"collection":[{"href":"https:\/\/uvbbrasil.com.br\/uvb-json\/wp\/v2\/posts"}],"about":[{"href":"https:\/\/uvbbrasil.com.br\/uvb-json\/wp\/v2\/types\/post"}],"author":[{"embeddable":true,"href":"https:\/\/uvbbrasil.com.br\/uvb-json\/wp\/v2\/users\/1"}],"replies":[{"embeddable":true,"href":"https:\/\/uvbbrasil.com.br\/uvb-json\/wp\/v2\/comments?post=17231"}],"version-history":[{"count":0,"href":"https:\/\/uvbbrasil.com.br\/uvb-json\/wp\/v2\/posts\/17231\/revisions"}],"wp:featuredmedia":[{"embeddable":true,"href":"https:\/\/uvbbrasil.com.br\/uvb-json\/wp\/v2\/media\/17233"}],"wp:attachment":[{"href":"https:\/\/uvbbrasil.com.br\/uvb-json\/wp\/v2\/media?parent=17231"}],"wp:term":[{"taxonomy":"category","embeddable":true,"href":"https:\/\/uvbbrasil.com.br\/uvb-json\/wp\/v2\/categories?post=17231"},{"taxonomy":"post_tag","embeddable":true,"href":"https:\/\/uvbbrasil.com.br\/uvb-json\/wp\/v2\/tags?post=17231"}],"curies":[{"name":"wp","href":"https:\/\/api.w.org\/{rel}","templated":true}]}}