{"id":17226,"date":"2019-12-12T14:03:35","date_gmt":"2019-12-12T17:03:35","guid":{"rendered":"https:\/\/wpsandbox4.pante.com.br\/?p=17226"},"modified":"2019-12-12T14:03:35","modified_gmt":"2019-12-12T17:03:35","slug":"promotor-de-justica-estado-de-sao-paulo-participa-seminario-nacional-de-legislativos","status":"publish","type":"post","link":"https:\/\/uvbbrasil.com.br\/promotor-de-justica-estado-de-sao-paulo-participa-seminario-nacional-de-legislativos\/","title":{"rendered":"Promotor de Justi\u00e7a do Estado de S\u00e3o Paulo participa do Semin\u00e1rio Nacional de Legislativos"},"content":{"rendered":"<p>Dr. Gustavo dos Reis Gazzola, P\u00f3s-doutor pela Ius Gentium Conimbrigae &#8211; Faculdade de Direito da Universidade de Coimbra de Coimbra e promotor de Justi\u00e7a do Minist\u00e9rio P\u00fablico do Estado de S\u00e3o Paulo.Apresentou no Semin\u00e1rio Nacional de Legislativos Municipais palestra sobre\u00a0 o Abuso de Autoridade a nova lei, onde fez analise de todos os dispositivos legais e basicamente o intuito de mostrar que a lei n\u00e3o veio para prejudicar a a\u00e7\u00e3o do judici\u00e1rio, do\u00a0 minist\u00e9rio publico, da policia,\u00a0 e sim como uma forma de salva guardar dos direitos da cidadania.<\/p>\n<p>Relativamente ligado ao abuso de poder, o abuso de autoridade \u00e9 crime. Assim, o crime do abuso de autoridade tem a tipifica\u00e7\u00e3o de condutas abusivas de poder, dentro do C\u00f3digo Penal. Al\u00e9m disso, utiliza os conceitos administrativos para tipificar condutas contr\u00e1rias \u00e0 lei nos \u00e2mbitos penal e disciplinar.<\/p>\n<p>Desta forma, \u00e9 poss\u00edvel dizer que al\u00e9m do abuso de poder ser tamb\u00e9m uma infra\u00e7\u00e3o administrativa, suas caracter\u00edsticas encontram no \u00e2mbito penal o abuso de autoridade. Geralmente, essas caracter\u00edsticas abrangem outras condutas ilegais do agente p\u00fablico.<\/p>\n<p>Explicou as diferen\u00e7as entre abuso de poder e abuso de autoridade diferentemente do abuso de autoridade, o abuso de poder n\u00e3o configura crime. Tudo porque, o abuso de poder, se manifesta como excesso de poder. Pode ser usado quando um agente p\u00fablico, por exemplo, usa medidas que v\u00e3o al\u00e9m de suas compet\u00eancias legais. Al\u00e9m disso, acontece quando h\u00e1 desvio de poder.<\/p>\n<p>O Presidente da UVB,vereador,Gilson Conzatti, esteve presente na manha desta quinta feira(12) onde fez seu pronunciamento e sauda\u00e7\u00e3o aos participantes do evento. Conzatti conduzir\u00e1 palestra\u00a0 &#8220;Vereador, Pra que?O pacto Federativo e os Munic\u00edpios.<\/p>\n<p><a href=\"https:\/\/uvbbrasil.com.br\/?attachment_id=17227\" rel=\"attachment wp-att-17227\"><img fetchpriority=\"high\" decoding=\"async\" class=\"aligncenter size-full wp-image-17227\" src=\"https:\/\/uvbbrasil.com.br\/wp-content\/uploads\/2019\/12\/gazola-2.jpeg\" alt=\"\" width=\"1280\" height=\"960\" srcset=\"https:\/\/uvbbrasil.com.br\/wp-content\/uploads\/2019\/12\/gazola-2.jpeg 1280w, https:\/\/uvbbrasil.com.br\/wp-content\/uploads\/2019\/12\/gazola-2-300x225.jpeg 300w, https:\/\/uvbbrasil.com.br\/wp-content\/uploads\/2019\/12\/gazola-2-1024x768.jpeg 1024w, https:\/\/uvbbrasil.com.br\/wp-content\/uploads\/2019\/12\/gazola-2-768x576.jpeg 768w\" sizes=\"(max-width: 1280px) 100vw, 1280px\" \/><\/a><\/p>\n<p><a href=\"https:\/\/uvbbrasil.com.br\/?attachment_id=17228\" rel=\"attachment wp-att-17228\"><img decoding=\"async\" class=\"aligncenter size-full wp-image-17228\" src=\"https:\/\/uvbbrasil.com.br\/wp-content\/uploads\/2019\/12\/gazola-2-1.jpeg\" alt=\"\" width=\"1280\" height=\"960\" srcset=\"https:\/\/uvbbrasil.com.br\/wp-content\/uploads\/2019\/12\/gazola-2-1.jpeg 1280w, https:\/\/uvbbrasil.com.br\/wp-content\/uploads\/2019\/12\/gazola-2-1-300x225.jpeg 300w, https:\/\/uvbbrasil.com.br\/wp-content\/uploads\/2019\/12\/gazola-2-1-1024x768.jpeg 1024w, https:\/\/uvbbrasil.com.br\/wp-content\/uploads\/2019\/12\/gazola-2-1-768x576.jpeg 768w\" sizes=\"(max-width: 1280px) 100vw, 1280px\" \/><\/a><\/p>\n<p>&nbsp;<\/p>\n","protected":false},"excerpt":{"rendered":"<p>Dr. Gustavo dos Reis Gazzola, P\u00f3s-doutor pela Ius Gentium Conimbrigae &#8211; Faculdade de Direito da Universidade de Coimbra de Coimbra&#8230;<\/p>\n","protected":false},"author":1,"featured_media":17229,"comment_status":"open","ping_status":"open","sticky":false,"template":"","format":"standard","meta":{"footnotes":""},"categories":[3,4],"tags":[],"class_list":["post-17226","post","type-post","status-publish","format-standard","has-post-thumbnail","hentry","category-noticias","category-home"],"yoast_head":"<!-- This site is optimized with the Yoast SEO plugin v26.7 - https:\/\/yoast.com\/wordpress\/plugins\/seo\/ -->\n<title>Promotor de Justi\u00e7a do Estado de S\u00e3o Paulo participa do Semin\u00e1rio Nacional de Legislativos - UVB Brasil<\/title>\n<meta name=\"robots\" content=\"index, follow, max-snippet:-1, max-image-preview:large, max-video-preview:-1\" \/>\n<link rel=\"canonical\" href=\"https:\/\/uvbbrasil.com.br\/promotor-de-justica-estado-de-sao-paulo-participa-seminario-nacional-de-legislativos\/\" \/>\n<meta property=\"og:locale\" content=\"pt_BR\" \/>\n<meta property=\"og:type\" content=\"article\" \/>\n<meta property=\"og:title\" content=\"Promotor de Justi\u00e7a do Estado de S\u00e3o Paulo participa do Semin\u00e1rio Nacional de Legislativos - UVB Brasil\" \/>\n<meta property=\"og:description\" content=\"Dr. Gustavo dos Reis Gazzola, P\u00f3s-doutor pela Ius Gentium Conimbrigae &#8211; Faculdade de Direito da Universidade de Coimbra de Coimbra...\" \/>\n<meta property=\"og:url\" content=\"https:\/\/uvbbrasil.com.br\/promotor-de-justica-estado-de-sao-paulo-participa-seminario-nacional-de-legislativos\/\" \/>\n<meta property=\"og:site_name\" content=\"UVB Brasil\" \/>\n<meta property=\"article:publisher\" content=\"https:\/\/www.facebook.com\/uvb.vereadoresbrasil\" \/>\n<meta property=\"article:published_time\" content=\"2019-12-12T17:03:35+00:00\" \/>\n<meta property=\"og:image\" content=\"https:\/\/uvbbrasil.com.br\/wp-content\/uploads\/2019\/12\/gazola.jpeg\" \/>\n\t<meta property=\"og:image:width\" content=\"1280\" \/>\n\t<meta property=\"og:image:height\" content=\"960\" \/>\n\t<meta property=\"og:image:type\" content=\"image\/jpeg\" \/>\n<meta name=\"author\" content=\"adminuvb\" \/>\n<meta name=\"twitter:card\" content=\"summary_large_image\" \/>\n<meta name=\"twitter:label1\" content=\"Escrito por\" \/>\n\t<meta name=\"twitter:data1\" content=\"adminuvb\" \/>\n\t<meta name=\"twitter:label2\" content=\"Est. tempo de leitura\" \/>\n\t<meta name=\"twitter:data2\" content=\"1 minuto\" \/>\n<script type=\"application\/ld+json\" class=\"yoast-schema-graph\">{\"@context\":\"https:\/\/schema.org\",\"@graph\":[{\"@type\":\"Article\",\"@id\":\"https:\/\/uvbbrasil.com.br\/promotor-de-justica-estado-de-sao-paulo-participa-seminario-nacional-de-legislativos\/#article\",\"isPartOf\":{\"@id\":\"https:\/\/uvbbrasil.com.br\/promotor-de-justica-estado-de-sao-paulo-participa-seminario-nacional-de-legislativos\/\"},\"author\":{\"name\":\"adminuvb\",\"@id\":\"https:\/\/uvbbrasil.com.br\/#\/schema\/person\/17990098446c098f52effddff4f1b272\"},\"headline\":\"Promotor de Justi\u00e7a do Estado de S\u00e3o Paulo participa do Semin\u00e1rio Nacional de Legislativos\",\"datePublished\":\"2019-12-12T17:03:35+00:00\",\"mainEntityOfPage\":{\"@id\":\"https:\/\/uvbbrasil.com.br\/promotor-de-justica-estado-de-sao-paulo-participa-seminario-nacional-de-legislativos\/\"},\"wordCount\":316,\"commentCount\":0,\"publisher\":{\"@id\":\"https:\/\/uvbbrasil.com.br\/#organization\"},\"image\":{\"@id\":\"https:\/\/uvbbrasil.com.br\/promotor-de-justica-estado-de-sao-paulo-participa-seminario-nacional-de-legislativos\/#primaryimage\"},\"thumbnailUrl\":\"https:\/\/uvbbrasil.com.br\/wp-content\/uploads\/2019\/12\/gazola.jpeg\",\"articleSection\":[\"NOT\u00cdCIAS\",\"UVB\"],\"inLanguage\":\"pt-BR\",\"potentialAction\":[{\"@type\":\"CommentAction\",\"name\":\"Comment\",\"target\":[\"https:\/\/uvbbrasil.com.br\/promotor-de-justica-estado-de-sao-paulo-participa-seminario-nacional-de-legislativos\/#respond\"]}]},{\"@type\":\"WebPage\",\"@id\":\"https:\/\/uvbbrasil.com.br\/promotor-de-justica-estado-de-sao-paulo-participa-seminario-nacional-de-legislativos\/\",\"url\":\"https:\/\/uvbbrasil.com.br\/promotor-de-justica-estado-de-sao-paulo-participa-seminario-nacional-de-legislativos\/\",\"name\":\"Promotor de Justi\u00e7a do Estado de S\u00e3o Paulo participa do Semin\u00e1rio Nacional de Legislativos - UVB Brasil\",\"isPartOf\":{\"@id\":\"https:\/\/uvbbrasil.com.br\/#website\"},\"primaryImageOfPage\":{\"@id\":\"https:\/\/uvbbrasil.com.br\/promotor-de-justica-estado-de-sao-paulo-participa-seminario-nacional-de-legislativos\/#primaryimage\"},\"image\":{\"@id\":\"https:\/\/uvbbrasil.com.br\/promotor-de-justica-estado-de-sao-paulo-participa-seminario-nacional-de-legislativos\/#primaryimage\"},\"thumbnailUrl\":\"https:\/\/uvbbrasil.com.br\/wp-content\/uploads\/2019\/12\/gazola.jpeg\",\"datePublished\":\"2019-12-12T17:03:35+00:00\",\"breadcrumb\":{\"@id\":\"https:\/\/uvbbrasil.com.br\/promotor-de-justica-estado-de-sao-paulo-participa-seminario-nacional-de-legislativos\/#breadcrumb\"},\"inLanguage\":\"pt-BR\",\"potentialAction\":[{\"@type\":\"ReadAction\",\"target\":[\"https:\/\/uvbbrasil.com.br\/promotor-de-justica-estado-de-sao-paulo-participa-seminario-nacional-de-legislativos\/\"]}]},{\"@type\":\"ImageObject\",\"inLanguage\":\"pt-BR\",\"@id\":\"https:\/\/uvbbrasil.com.br\/promotor-de-justica-estado-de-sao-paulo-participa-seminario-nacional-de-legislativos\/#primaryimage\",\"url\":\"https:\/\/uvbbrasil.com.br\/wp-content\/uploads\/2019\/12\/gazola.jpeg\",\"contentUrl\":\"https:\/\/uvbbrasil.com.br\/wp-content\/uploads\/2019\/12\/gazola.jpeg\",\"width\":1280,\"height\":960},{\"@type\":\"BreadcrumbList\",\"@id\":\"https:\/\/uvbbrasil.com.br\/promotor-de-justica-estado-de-sao-paulo-participa-seminario-nacional-de-legislativos\/#breadcrumb\",\"itemListElement\":[{\"@type\":\"ListItem\",\"position\":1,\"name\":\"In\u00edcio\",\"item\":\"https:\/\/uvbbrasil.com.br\/\"},{\"@type\":\"ListItem\",\"position\":2,\"name\":\"Promotor de Justi\u00e7a do Estado de S\u00e3o Paulo participa do Semin\u00e1rio Nacional de Legislativos\"}]},{\"@type\":\"WebSite\",\"@id\":\"https:\/\/uvbbrasil.com.br\/#website\",\"url\":\"https:\/\/uvbbrasil.com.br\/\",\"name\":\"UVB Brasil\",\"description\":\"Uni\u00e3o dos Vereadores do Brasil\",\"publisher\":{\"@id\":\"https:\/\/uvbbrasil.com.br\/#organization\"},\"potentialAction\":[{\"@type\":\"SearchAction\",\"target\":{\"@type\":\"EntryPoint\",\"urlTemplate\":\"https:\/\/uvbbrasil.com.br\/?s={search_term_string}\"},\"query-input\":{\"@type\":\"PropertyValueSpecification\",\"valueRequired\":true,\"valueName\":\"search_term_string\"}}],\"inLanguage\":\"pt-BR\"},{\"@type\":\"Organization\",\"@id\":\"https:\/\/uvbbrasil.com.br\/#organization\",\"name\":\"UVB Brasil\",\"url\":\"https:\/\/uvbbrasil.com.br\/\",\"logo\":{\"@type\":\"ImageObject\",\"inLanguage\":\"pt-BR\",\"@id\":\"https:\/\/uvbbrasil.com.br\/#\/schema\/logo\/image\/\",\"url\":\"https:\/\/uvbbrasil.com.br\/wp-content\/uploads\/2025\/01\/LOGO-UVB-2024-azul-1.jpg\",\"contentUrl\":\"https:\/\/uvbbrasil.com.br\/wp-content\/uploads\/2025\/01\/LOGO-UVB-2024-azul-1.jpg\",\"width\":600,\"height\":211,\"caption\":\"UVB Brasil\"},\"image\":{\"@id\":\"https:\/\/uvbbrasil.com.br\/#\/schema\/logo\/image\/\"},\"sameAs\":[\"https:\/\/www.facebook.com\/uvb.vereadoresbrasil\",\"https:\/\/www.instagram.com\/uvbbrasil\/\",\"https:\/\/www.youtube.com\/channel\/UCIlPQ8Xzw5GHNzosQIg9S5A\"]},{\"@type\":\"Person\",\"@id\":\"https:\/\/uvbbrasil.com.br\/#\/schema\/person\/17990098446c098f52effddff4f1b272\",\"name\":\"adminuvb\",\"image\":{\"@type\":\"ImageObject\",\"inLanguage\":\"pt-BR\",\"@id\":\"https:\/\/uvbbrasil.com.br\/#\/schema\/person\/image\/\",\"url\":\"https:\/\/secure.gravatar.com\/avatar\/1a494ea6f8e2dd1ae526e55b0e9497efdba542491e0620d704cccf63c6f77c45?s=96&d=mm&r=g\",\"contentUrl\":\"https:\/\/secure.gravatar.com\/avatar\/1a494ea6f8e2dd1ae526e55b0e9497efdba542491e0620d704cccf63c6f77c45?s=96&d=mm&r=g\",\"caption\":\"adminuvb\"},\"sameAs\":[\"https:\/\/uvbbrasil.com.br\"],\"url\":\"https:\/\/uvbbrasil.com.br\/author\/adminuvb\/\"}]}<\/script>\n<!-- \/ Yoast SEO plugin. -->","yoast_head_json":{"title":"Promotor de Justi\u00e7a do Estado de S\u00e3o Paulo participa do Semin\u00e1rio Nacional de Legislativos - UVB Brasil","robots":{"index":"index","follow":"follow","max-snippet":"max-snippet:-1","max-image-preview":"max-image-preview:large","max-video-preview":"max-video-preview:-1"},"canonical":"https:\/\/uvbbrasil.com.br\/promotor-de-justica-estado-de-sao-paulo-participa-seminario-nacional-de-legislativos\/","og_locale":"pt_BR","og_type":"article","og_title":"Promotor de Justi\u00e7a do Estado de S\u00e3o Paulo participa do Semin\u00e1rio Nacional de Legislativos - UVB Brasil","og_description":"Dr. Gustavo dos Reis Gazzola, P\u00f3s-doutor pela Ius Gentium Conimbrigae &#8211; Faculdade de Direito da Universidade de Coimbra de Coimbra...","og_url":"https:\/\/uvbbrasil.com.br\/promotor-de-justica-estado-de-sao-paulo-participa-seminario-nacional-de-legislativos\/","og_site_name":"UVB Brasil","article_publisher":"https:\/\/www.facebook.com\/uvb.vereadoresbrasil","article_published_time":"2019-12-12T17:03:35+00:00","og_image":[{"width":1280,"height":960,"url":"https:\/\/uvbbrasil.com.br\/wp-content\/uploads\/2019\/12\/gazola.jpeg","type":"image\/jpeg"}],"author":"adminuvb","twitter_card":"summary_large_image","twitter_misc":{"Escrito por":"adminuvb","Est. tempo de leitura":"1 minuto"},"schema":{"@context":"https:\/\/schema.org","@graph":[{"@type":"Article","@id":"https:\/\/uvbbrasil.com.br\/promotor-de-justica-estado-de-sao-paulo-participa-seminario-nacional-de-legislativos\/#article","isPartOf":{"@id":"https:\/\/uvbbrasil.com.br\/promotor-de-justica-estado-de-sao-paulo-participa-seminario-nacional-de-legislativos\/"},"author":{"name":"adminuvb","@id":"https:\/\/uvbbrasil.com.br\/#\/schema\/person\/17990098446c098f52effddff4f1b272"},"headline":"Promotor de Justi\u00e7a do Estado de S\u00e3o Paulo participa do Semin\u00e1rio Nacional de Legislativos","datePublished":"2019-12-12T17:03:35+00:00","mainEntityOfPage":{"@id":"https:\/\/uvbbrasil.com.br\/promotor-de-justica-estado-de-sao-paulo-participa-seminario-nacional-de-legislativos\/"},"wordCount":316,"commentCount":0,"publisher":{"@id":"https:\/\/uvbbrasil.com.br\/#organization"},"image":{"@id":"https:\/\/uvbbrasil.com.br\/promotor-de-justica-estado-de-sao-paulo-participa-seminario-nacional-de-legislativos\/#primaryimage"},"thumbnailUrl":"https:\/\/uvbbrasil.com.br\/wp-content\/uploads\/2019\/12\/gazola.jpeg","articleSection":["NOT\u00cdCIAS","UVB"],"inLanguage":"pt-BR","potentialAction":[{"@type":"CommentAction","name":"Comment","target":["https:\/\/uvbbrasil.com.br\/promotor-de-justica-estado-de-sao-paulo-participa-seminario-nacional-de-legislativos\/#respond"]}]},{"@type":"WebPage","@id":"https:\/\/uvbbrasil.com.br\/promotor-de-justica-estado-de-sao-paulo-participa-seminario-nacional-de-legislativos\/","url":"https:\/\/uvbbrasil.com.br\/promotor-de-justica-estado-de-sao-paulo-participa-seminario-nacional-de-legislativos\/","name":"Promotor de Justi\u00e7a do Estado de S\u00e3o Paulo participa do Semin\u00e1rio Nacional de Legislativos - UVB Brasil","isPartOf":{"@id":"https:\/\/uvbbrasil.com.br\/#website"},"primaryImageOfPage":{"@id":"https:\/\/uvbbrasil.com.br\/promotor-de-justica-estado-de-sao-paulo-participa-seminario-nacional-de-legislativos\/#primaryimage"},"image":{"@id":"https:\/\/uvbbrasil.com.br\/promotor-de-justica-estado-de-sao-paulo-participa-seminario-nacional-de-legislativos\/#primaryimage"},"thumbnailUrl":"https:\/\/uvbbrasil.com.br\/wp-content\/uploads\/2019\/12\/gazola.jpeg","datePublished":"2019-12-12T17:03:35+00:00","breadcrumb":{"@id":"https:\/\/uvbbrasil.com.br\/promotor-de-justica-estado-de-sao-paulo-participa-seminario-nacional-de-legislativos\/#breadcrumb"},"inLanguage":"pt-BR","potentialAction":[{"@type":"ReadAction","target":["https:\/\/uvbbrasil.com.br\/promotor-de-justica-estado-de-sao-paulo-participa-seminario-nacional-de-legislativos\/"]}]},{"@type":"ImageObject","inLanguage":"pt-BR","@id":"https:\/\/uvbbrasil.com.br\/promotor-de-justica-estado-de-sao-paulo-participa-seminario-nacional-de-legislativos\/#primaryimage","url":"https:\/\/uvbbrasil.com.br\/wp-content\/uploads\/2019\/12\/gazola.jpeg","contentUrl":"https:\/\/uvbbrasil.com.br\/wp-content\/uploads\/2019\/12\/gazola.jpeg","width":1280,"height":960},{"@type":"BreadcrumbList","@id":"https:\/\/uvbbrasil.com.br\/promotor-de-justica-estado-de-sao-paulo-participa-seminario-nacional-de-legislativos\/#breadcrumb","itemListElement":[{"@type":"ListItem","position":1,"name":"In\u00edcio","item":"https:\/\/uvbbrasil.com.br\/"},{"@type":"ListItem","position":2,"name":"Promotor de Justi\u00e7a do Estado de S\u00e3o Paulo participa do Semin\u00e1rio Nacional de Legislativos"}]},{"@type":"WebSite","@id":"https:\/\/uvbbrasil.com.br\/#website","url":"https:\/\/uvbbrasil.com.br\/","name":"UVB Brasil","description":"Uni\u00e3o dos Vereadores do Brasil","publisher":{"@id":"https:\/\/uvbbrasil.com.br\/#organization"},"potentialAction":[{"@type":"SearchAction","target":{"@type":"EntryPoint","urlTemplate":"https:\/\/uvbbrasil.com.br\/?s={search_term_string}"},"query-input":{"@type":"PropertyValueSpecification","valueRequired":true,"valueName":"search_term_string"}}],"inLanguage":"pt-BR"},{"@type":"Organization","@id":"https:\/\/uvbbrasil.com.br\/#organization","name":"UVB Brasil","url":"https:\/\/uvbbrasil.com.br\/","logo":{"@type":"ImageObject","inLanguage":"pt-BR","@id":"https:\/\/uvbbrasil.com.br\/#\/schema\/logo\/image\/","url":"https:\/\/uvbbrasil.com.br\/wp-content\/uploads\/2025\/01\/LOGO-UVB-2024-azul-1.jpg","contentUrl":"https:\/\/uvbbrasil.com.br\/wp-content\/uploads\/2025\/01\/LOGO-UVB-2024-azul-1.jpg","width":600,"height":211,"caption":"UVB Brasil"},"image":{"@id":"https:\/\/uvbbrasil.com.br\/#\/schema\/logo\/image\/"},"sameAs":["https:\/\/www.facebook.com\/uvb.vereadoresbrasil","https:\/\/www.instagram.com\/uvbbrasil\/","https:\/\/www.youtube.com\/channel\/UCIlPQ8Xzw5GHNzosQIg9S5A"]},{"@type":"Person","@id":"https:\/\/uvbbrasil.com.br\/#\/schema\/person\/17990098446c098f52effddff4f1b272","name":"adminuvb","image":{"@type":"ImageObject","inLanguage":"pt-BR","@id":"https:\/\/uvbbrasil.com.br\/#\/schema\/person\/image\/","url":"https:\/\/secure.gravatar.com\/avatar\/1a494ea6f8e2dd1ae526e55b0e9497efdba542491e0620d704cccf63c6f77c45?s=96&d=mm&r=g","contentUrl":"https:\/\/secure.gravatar.com\/avatar\/1a494ea6f8e2dd1ae526e55b0e9497efdba542491e0620d704cccf63c6f77c45?s=96&d=mm&r=g","caption":"adminuvb"},"sameAs":["https:\/\/uvbbrasil.com.br"],"url":"https:\/\/uvbbrasil.com.br\/author\/adminuvb\/"}]}},"_links":{"self":[{"href":"https:\/\/uvbbrasil.com.br\/uvb-json\/wp\/v2\/posts\/17226","targetHints":{"allow":["GET"]}}],"collection":[{"href":"https:\/\/uvbbrasil.com.br\/uvb-json\/wp\/v2\/posts"}],"about":[{"href":"https:\/\/uvbbrasil.com.br\/uvb-json\/wp\/v2\/types\/post"}],"author":[{"embeddable":true,"href":"https:\/\/uvbbrasil.com.br\/uvb-json\/wp\/v2\/users\/1"}],"replies":[{"embeddable":true,"href":"https:\/\/uvbbrasil.com.br\/uvb-json\/wp\/v2\/comments?post=17226"}],"version-history":[{"count":0,"href":"https:\/\/uvbbrasil.com.br\/uvb-json\/wp\/v2\/posts\/17226\/revisions"}],"wp:featuredmedia":[{"embeddable":true,"href":"https:\/\/uvbbrasil.com.br\/uvb-json\/wp\/v2\/media\/17229"}],"wp:attachment":[{"href":"https:\/\/uvbbrasil.com.br\/uvb-json\/wp\/v2\/media?parent=17226"}],"wp:term":[{"taxonomy":"category","embeddable":true,"href":"https:\/\/uvbbrasil.com.br\/uvb-json\/wp\/v2\/categories?post=17226"},{"taxonomy":"post_tag","embeddable":true,"href":"https:\/\/uvbbrasil.com.br\/uvb-json\/wp\/v2\/tags?post=17226"}],"curies":[{"name":"wp","href":"https:\/\/api.w.org\/{rel}","templated":true}]}}