{"id":17218,"date":"2019-12-11T16:57:07","date_gmt":"2019-12-11T19:57:07","guid":{"rendered":"https:\/\/wpsandbox4.pante.com.br\/?p=17218"},"modified":"2019-12-11T16:57:07","modified_gmt":"2019-12-11T19:57:07","slug":"os-vereadores-e-leis-de-conciliacao-de-politicas-publicas-leis-aproximam-o-povo-poder-em-itu-sp","status":"publish","type":"post","link":"https:\/\/uvbbrasil.com.br\/os-vereadores-e-leis-de-conciliacao-de-politicas-publicas-leis-aproximam-o-povo-poder-em-itu-sp\/","title":{"rendered":"\u201cOs Vereadores e as Leis de Concilia\u00e7\u00e3o de Pol\u00edticas P\u00fablicas \u2013 Leis aproximam o Povo do Poder\u201d em Itu-SP."},"content":{"rendered":"<p>O Procurador do Munic\u00edpio de Itu\/SP, Dr Damil Carlos Roldan, apresentou aos participantes do Semin\u00e1rio Nacional de Legislativos Municipais na tarde dessa quarta feira (11) a palestra \u201cOs Vereadores e as Leis de Concilia\u00e7\u00e3o de Pol\u00edticas P\u00fablicas \u2013 Leis aproximam o Povo do Poder\u201d. O projeto que j\u00e1 existe na C\u00e2mara Municipal de Itu, onde busca a recombina\u00e7\u00e3o de receita, buscam atender pedidos no fornecimento de medicamentos e atender pedidos de vagas em creches, ou seja, pol\u00edticas p\u00fablicas, mais sem nenhum tipo de interfer\u00eancia do judici\u00e1rio sem gastar com o munic\u00edpio e sim trazendo a popula\u00e7\u00e3o para dentro da prefeitura municipal para melhor atendimento das demandas.<\/p>\n<p>No desempenho dessas fun\u00e7\u00f5es, o vereador \u00e9 o representante do cidad\u00e3o. Ele faz a media\u00e7\u00e3o entre aqueles que vivem na cidade e os que a administram, contribuindo para criar canais de di\u00e1logo e participa\u00e7\u00e3o social na pol\u00edtica. A C\u00e2mara Municipal, dessa forma, se converte em espa\u00e7o voltado \u00e0 promo\u00e7\u00e3o do debate, ambiente destinado \u00e0 discuss\u00e3o dos problemas da cidade e \u00e0 busca coletiva de solu\u00e7\u00f5es para eles, finalizou o procurador.<a href=\"https:\/\/uvbbrasil.com.br\/?attachment_id=17219\" rel=\"attachment wp-att-17219\"><img fetchpriority=\"high\" decoding=\"async\" class=\"aligncenter size-full wp-image-17219\" src=\"https:\/\/uvbbrasil.com.br\/wp-content\/uploads\/2019\/12\/itu-2.jpeg\" alt=\"\" width=\"1280\" height=\"960\" srcset=\"https:\/\/uvbbrasil.com.br\/wp-content\/uploads\/2019\/12\/itu-2.jpeg 1280w, https:\/\/uvbbrasil.com.br\/wp-content\/uploads\/2019\/12\/itu-2-300x225.jpeg 300w, https:\/\/uvbbrasil.com.br\/wp-content\/uploads\/2019\/12\/itu-2-1024x768.jpeg 1024w, https:\/\/uvbbrasil.com.br\/wp-content\/uploads\/2019\/12\/itu-2-768x576.jpeg 768w\" sizes=\"(max-width: 1280px) 100vw, 1280px\" \/><\/a><\/p>\n","protected":false},"excerpt":{"rendered":"<p>O Procurador do Munic\u00edpio de Itu\/SP, Dr Damil Carlos Roldan, apresentou aos participantes do Semin\u00e1rio Nacional de Legislativos Municipais na&#8230;<\/p>\n","protected":false},"author":1,"featured_media":17219,"comment_status":"open","ping_status":"open","sticky":false,"template":"","format":"standard","meta":{"footnotes":""},"categories":[3,4],"tags":[],"class_list":["post-17218","post","type-post","status-publish","format-standard","has-post-thumbnail","hentry","category-noticias","category-home"],"yoast_head":"<!-- This site is optimized with the Yoast SEO plugin v26.7 - https:\/\/yoast.com\/wordpress\/plugins\/seo\/ -->\n<title>\u201cOs Vereadores e as Leis de Concilia\u00e7\u00e3o de Pol\u00edticas P\u00fablicas \u2013 Leis aproximam o Povo do Poder\u201d em Itu-SP. - UVB Brasil<\/title>\n<meta name=\"robots\" content=\"index, follow, max-snippet:-1, max-image-preview:large, max-video-preview:-1\" \/>\n<link rel=\"canonical\" href=\"https:\/\/uvbbrasil.com.br\/os-vereadores-e-leis-de-conciliacao-de-politicas-publicas-leis-aproximam-o-povo-poder-em-itu-sp\/\" \/>\n<meta property=\"og:locale\" content=\"pt_BR\" \/>\n<meta property=\"og:type\" content=\"article\" \/>\n<meta property=\"og:title\" content=\"\u201cOs Vereadores e as Leis de Concilia\u00e7\u00e3o de Pol\u00edticas P\u00fablicas \u2013 Leis aproximam o Povo do Poder\u201d em Itu-SP. - UVB Brasil\" \/>\n<meta property=\"og:description\" content=\"O Procurador do Munic\u00edpio de Itu\/SP, Dr Damil Carlos Roldan, apresentou aos participantes do Semin\u00e1rio Nacional de Legislativos Municipais na...\" \/>\n<meta property=\"og:url\" content=\"https:\/\/uvbbrasil.com.br\/os-vereadores-e-leis-de-conciliacao-de-politicas-publicas-leis-aproximam-o-povo-poder-em-itu-sp\/\" \/>\n<meta property=\"og:site_name\" content=\"UVB Brasil\" \/>\n<meta property=\"article:publisher\" content=\"https:\/\/www.facebook.com\/uvb.vereadoresbrasil\" \/>\n<meta property=\"article:published_time\" content=\"2019-12-11T19:57:07+00:00\" \/>\n<meta property=\"og:image\" content=\"https:\/\/uvbbrasil.com.br\/wp-content\/uploads\/2019\/12\/itu-2.jpeg\" \/>\n\t<meta property=\"og:image:width\" content=\"1280\" \/>\n\t<meta property=\"og:image:height\" content=\"960\" \/>\n\t<meta property=\"og:image:type\" content=\"image\/jpeg\" \/>\n<meta name=\"author\" content=\"adminuvb\" \/>\n<meta name=\"twitter:card\" content=\"summary_large_image\" \/>\n<meta name=\"twitter:label1\" content=\"Escrito por\" \/>\n\t<meta name=\"twitter:data1\" content=\"adminuvb\" \/>\n\t<meta name=\"twitter:label2\" content=\"Est. tempo de leitura\" \/>\n\t<meta name=\"twitter:data2\" content=\"1 minuto\" \/>\n<script type=\"application\/ld+json\" class=\"yoast-schema-graph\">{\"@context\":\"https:\/\/schema.org\",\"@graph\":[{\"@type\":\"Article\",\"@id\":\"https:\/\/uvbbrasil.com.br\/os-vereadores-e-leis-de-conciliacao-de-politicas-publicas-leis-aproximam-o-povo-poder-em-itu-sp\/#article\",\"isPartOf\":{\"@id\":\"https:\/\/uvbbrasil.com.br\/os-vereadores-e-leis-de-conciliacao-de-politicas-publicas-leis-aproximam-o-povo-poder-em-itu-sp\/\"},\"author\":{\"name\":\"adminuvb\",\"@id\":\"https:\/\/uvbbrasil.com.br\/#\/schema\/person\/17990098446c098f52effddff4f1b272\"},\"headline\":\"\u201cOs Vereadores e as Leis de Concilia\u00e7\u00e3o de Pol\u00edticas P\u00fablicas \u2013 Leis aproximam o Povo do Poder\u201d em Itu-SP.\",\"datePublished\":\"2019-12-11T19:57:07+00:00\",\"mainEntityOfPage\":{\"@id\":\"https:\/\/uvbbrasil.com.br\/os-vereadores-e-leis-de-conciliacao-de-politicas-publicas-leis-aproximam-o-povo-poder-em-itu-sp\/\"},\"wordCount\":216,\"commentCount\":0,\"publisher\":{\"@id\":\"https:\/\/uvbbrasil.com.br\/#organization\"},\"image\":{\"@id\":\"https:\/\/uvbbrasil.com.br\/os-vereadores-e-leis-de-conciliacao-de-politicas-publicas-leis-aproximam-o-povo-poder-em-itu-sp\/#primaryimage\"},\"thumbnailUrl\":\"https:\/\/uvbbrasil.com.br\/wp-content\/uploads\/2019\/12\/itu-2.jpeg\",\"articleSection\":[\"NOT\u00cdCIAS\",\"UVB\"],\"inLanguage\":\"pt-BR\",\"potentialAction\":[{\"@type\":\"CommentAction\",\"name\":\"Comment\",\"target\":[\"https:\/\/uvbbrasil.com.br\/os-vereadores-e-leis-de-conciliacao-de-politicas-publicas-leis-aproximam-o-povo-poder-em-itu-sp\/#respond\"]}]},{\"@type\":\"WebPage\",\"@id\":\"https:\/\/uvbbrasil.com.br\/os-vereadores-e-leis-de-conciliacao-de-politicas-publicas-leis-aproximam-o-povo-poder-em-itu-sp\/\",\"url\":\"https:\/\/uvbbrasil.com.br\/os-vereadores-e-leis-de-conciliacao-de-politicas-publicas-leis-aproximam-o-povo-poder-em-itu-sp\/\",\"name\":\"\u201cOs Vereadores e as Leis de Concilia\u00e7\u00e3o de Pol\u00edticas P\u00fablicas \u2013 Leis aproximam o Povo do Poder\u201d em Itu-SP. - UVB Brasil\",\"isPartOf\":{\"@id\":\"https:\/\/uvbbrasil.com.br\/#website\"},\"primaryImageOfPage\":{\"@id\":\"https:\/\/uvbbrasil.com.br\/os-vereadores-e-leis-de-conciliacao-de-politicas-publicas-leis-aproximam-o-povo-poder-em-itu-sp\/#primaryimage\"},\"image\":{\"@id\":\"https:\/\/uvbbrasil.com.br\/os-vereadores-e-leis-de-conciliacao-de-politicas-publicas-leis-aproximam-o-povo-poder-em-itu-sp\/#primaryimage\"},\"thumbnailUrl\":\"https:\/\/uvbbrasil.com.br\/wp-content\/uploads\/2019\/12\/itu-2.jpeg\",\"datePublished\":\"2019-12-11T19:57:07+00:00\",\"breadcrumb\":{\"@id\":\"https:\/\/uvbbrasil.com.br\/os-vereadores-e-leis-de-conciliacao-de-politicas-publicas-leis-aproximam-o-povo-poder-em-itu-sp\/#breadcrumb\"},\"inLanguage\":\"pt-BR\",\"potentialAction\":[{\"@type\":\"ReadAction\",\"target\":[\"https:\/\/uvbbrasil.com.br\/os-vereadores-e-leis-de-conciliacao-de-politicas-publicas-leis-aproximam-o-povo-poder-em-itu-sp\/\"]}]},{\"@type\":\"ImageObject\",\"inLanguage\":\"pt-BR\",\"@id\":\"https:\/\/uvbbrasil.com.br\/os-vereadores-e-leis-de-conciliacao-de-politicas-publicas-leis-aproximam-o-povo-poder-em-itu-sp\/#primaryimage\",\"url\":\"https:\/\/uvbbrasil.com.br\/wp-content\/uploads\/2019\/12\/itu-2.jpeg\",\"contentUrl\":\"https:\/\/uvbbrasil.com.br\/wp-content\/uploads\/2019\/12\/itu-2.jpeg\",\"width\":1280,\"height\":960},{\"@type\":\"BreadcrumbList\",\"@id\":\"https:\/\/uvbbrasil.com.br\/os-vereadores-e-leis-de-conciliacao-de-politicas-publicas-leis-aproximam-o-povo-poder-em-itu-sp\/#breadcrumb\",\"itemListElement\":[{\"@type\":\"ListItem\",\"position\":1,\"name\":\"In\u00edcio\",\"item\":\"https:\/\/uvbbrasil.com.br\/\"},{\"@type\":\"ListItem\",\"position\":2,\"name\":\"\u201cOs Vereadores e as Leis de Concilia\u00e7\u00e3o de Pol\u00edticas P\u00fablicas \u2013 Leis aproximam o Povo do Poder\u201d em Itu-SP.\"}]},{\"@type\":\"WebSite\",\"@id\":\"https:\/\/uvbbrasil.com.br\/#website\",\"url\":\"https:\/\/uvbbrasil.com.br\/\",\"name\":\"UVB Brasil\",\"description\":\"Uni\u00e3o dos Vereadores do Brasil\",\"publisher\":{\"@id\":\"https:\/\/uvbbrasil.com.br\/#organization\"},\"potentialAction\":[{\"@type\":\"SearchAction\",\"target\":{\"@type\":\"EntryPoint\",\"urlTemplate\":\"https:\/\/uvbbrasil.com.br\/?s={search_term_string}\"},\"query-input\":{\"@type\":\"PropertyValueSpecification\",\"valueRequired\":true,\"valueName\":\"search_term_string\"}}],\"inLanguage\":\"pt-BR\"},{\"@type\":\"Organization\",\"@id\":\"https:\/\/uvbbrasil.com.br\/#organization\",\"name\":\"UVB Brasil\",\"url\":\"https:\/\/uvbbrasil.com.br\/\",\"logo\":{\"@type\":\"ImageObject\",\"inLanguage\":\"pt-BR\",\"@id\":\"https:\/\/uvbbrasil.com.br\/#\/schema\/logo\/image\/\",\"url\":\"https:\/\/uvbbrasil.com.br\/wp-content\/uploads\/2025\/01\/LOGO-UVB-2024-azul-1.jpg\",\"contentUrl\":\"https:\/\/uvbbrasil.com.br\/wp-content\/uploads\/2025\/01\/LOGO-UVB-2024-azul-1.jpg\",\"width\":600,\"height\":211,\"caption\":\"UVB Brasil\"},\"image\":{\"@id\":\"https:\/\/uvbbrasil.com.br\/#\/schema\/logo\/image\/\"},\"sameAs\":[\"https:\/\/www.facebook.com\/uvb.vereadoresbrasil\",\"https:\/\/www.instagram.com\/uvbbrasil\/\",\"https:\/\/www.youtube.com\/channel\/UCIlPQ8Xzw5GHNzosQIg9S5A\"]},{\"@type\":\"Person\",\"@id\":\"https:\/\/uvbbrasil.com.br\/#\/schema\/person\/17990098446c098f52effddff4f1b272\",\"name\":\"adminuvb\",\"image\":{\"@type\":\"ImageObject\",\"inLanguage\":\"pt-BR\",\"@id\":\"https:\/\/uvbbrasil.com.br\/#\/schema\/person\/image\/\",\"url\":\"https:\/\/secure.gravatar.com\/avatar\/1a494ea6f8e2dd1ae526e55b0e9497efdba542491e0620d704cccf63c6f77c45?s=96&d=mm&r=g\",\"contentUrl\":\"https:\/\/secure.gravatar.com\/avatar\/1a494ea6f8e2dd1ae526e55b0e9497efdba542491e0620d704cccf63c6f77c45?s=96&d=mm&r=g\",\"caption\":\"adminuvb\"},\"sameAs\":[\"https:\/\/uvbbrasil.com.br\"],\"url\":\"https:\/\/uvbbrasil.com.br\/author\/adminuvb\/\"}]}<\/script>\n<!-- \/ Yoast SEO plugin. -->","yoast_head_json":{"title":"\u201cOs Vereadores e as Leis de Concilia\u00e7\u00e3o de Pol\u00edticas P\u00fablicas \u2013 Leis aproximam o Povo do Poder\u201d em Itu-SP. - UVB Brasil","robots":{"index":"index","follow":"follow","max-snippet":"max-snippet:-1","max-image-preview":"max-image-preview:large","max-video-preview":"max-video-preview:-1"},"canonical":"https:\/\/uvbbrasil.com.br\/os-vereadores-e-leis-de-conciliacao-de-politicas-publicas-leis-aproximam-o-povo-poder-em-itu-sp\/","og_locale":"pt_BR","og_type":"article","og_title":"\u201cOs Vereadores e as Leis de Concilia\u00e7\u00e3o de Pol\u00edticas P\u00fablicas \u2013 Leis aproximam o Povo do Poder\u201d em Itu-SP. - UVB Brasil","og_description":"O Procurador do Munic\u00edpio de Itu\/SP, Dr Damil Carlos Roldan, apresentou aos participantes do Semin\u00e1rio Nacional de Legislativos Municipais na...","og_url":"https:\/\/uvbbrasil.com.br\/os-vereadores-e-leis-de-conciliacao-de-politicas-publicas-leis-aproximam-o-povo-poder-em-itu-sp\/","og_site_name":"UVB Brasil","article_publisher":"https:\/\/www.facebook.com\/uvb.vereadoresbrasil","article_published_time":"2019-12-11T19:57:07+00:00","og_image":[{"width":1280,"height":960,"url":"https:\/\/uvbbrasil.com.br\/wp-content\/uploads\/2019\/12\/itu-2.jpeg","type":"image\/jpeg"}],"author":"adminuvb","twitter_card":"summary_large_image","twitter_misc":{"Escrito por":"adminuvb","Est. tempo de leitura":"1 minuto"},"schema":{"@context":"https:\/\/schema.org","@graph":[{"@type":"Article","@id":"https:\/\/uvbbrasil.com.br\/os-vereadores-e-leis-de-conciliacao-de-politicas-publicas-leis-aproximam-o-povo-poder-em-itu-sp\/#article","isPartOf":{"@id":"https:\/\/uvbbrasil.com.br\/os-vereadores-e-leis-de-conciliacao-de-politicas-publicas-leis-aproximam-o-povo-poder-em-itu-sp\/"},"author":{"name":"adminuvb","@id":"https:\/\/uvbbrasil.com.br\/#\/schema\/person\/17990098446c098f52effddff4f1b272"},"headline":"\u201cOs Vereadores e as Leis de Concilia\u00e7\u00e3o de Pol\u00edticas P\u00fablicas \u2013 Leis aproximam o Povo do Poder\u201d em Itu-SP.","datePublished":"2019-12-11T19:57:07+00:00","mainEntityOfPage":{"@id":"https:\/\/uvbbrasil.com.br\/os-vereadores-e-leis-de-conciliacao-de-politicas-publicas-leis-aproximam-o-povo-poder-em-itu-sp\/"},"wordCount":216,"commentCount":0,"publisher":{"@id":"https:\/\/uvbbrasil.com.br\/#organization"},"image":{"@id":"https:\/\/uvbbrasil.com.br\/os-vereadores-e-leis-de-conciliacao-de-politicas-publicas-leis-aproximam-o-povo-poder-em-itu-sp\/#primaryimage"},"thumbnailUrl":"https:\/\/uvbbrasil.com.br\/wp-content\/uploads\/2019\/12\/itu-2.jpeg","articleSection":["NOT\u00cdCIAS","UVB"],"inLanguage":"pt-BR","potentialAction":[{"@type":"CommentAction","name":"Comment","target":["https:\/\/uvbbrasil.com.br\/os-vereadores-e-leis-de-conciliacao-de-politicas-publicas-leis-aproximam-o-povo-poder-em-itu-sp\/#respond"]}]},{"@type":"WebPage","@id":"https:\/\/uvbbrasil.com.br\/os-vereadores-e-leis-de-conciliacao-de-politicas-publicas-leis-aproximam-o-povo-poder-em-itu-sp\/","url":"https:\/\/uvbbrasil.com.br\/os-vereadores-e-leis-de-conciliacao-de-politicas-publicas-leis-aproximam-o-povo-poder-em-itu-sp\/","name":"\u201cOs Vereadores e as Leis de Concilia\u00e7\u00e3o de Pol\u00edticas P\u00fablicas \u2013 Leis aproximam o Povo do Poder\u201d em Itu-SP. - UVB Brasil","isPartOf":{"@id":"https:\/\/uvbbrasil.com.br\/#website"},"primaryImageOfPage":{"@id":"https:\/\/uvbbrasil.com.br\/os-vereadores-e-leis-de-conciliacao-de-politicas-publicas-leis-aproximam-o-povo-poder-em-itu-sp\/#primaryimage"},"image":{"@id":"https:\/\/uvbbrasil.com.br\/os-vereadores-e-leis-de-conciliacao-de-politicas-publicas-leis-aproximam-o-povo-poder-em-itu-sp\/#primaryimage"},"thumbnailUrl":"https:\/\/uvbbrasil.com.br\/wp-content\/uploads\/2019\/12\/itu-2.jpeg","datePublished":"2019-12-11T19:57:07+00:00","breadcrumb":{"@id":"https:\/\/uvbbrasil.com.br\/os-vereadores-e-leis-de-conciliacao-de-politicas-publicas-leis-aproximam-o-povo-poder-em-itu-sp\/#breadcrumb"},"inLanguage":"pt-BR","potentialAction":[{"@type":"ReadAction","target":["https:\/\/uvbbrasil.com.br\/os-vereadores-e-leis-de-conciliacao-de-politicas-publicas-leis-aproximam-o-povo-poder-em-itu-sp\/"]}]},{"@type":"ImageObject","inLanguage":"pt-BR","@id":"https:\/\/uvbbrasil.com.br\/os-vereadores-e-leis-de-conciliacao-de-politicas-publicas-leis-aproximam-o-povo-poder-em-itu-sp\/#primaryimage","url":"https:\/\/uvbbrasil.com.br\/wp-content\/uploads\/2019\/12\/itu-2.jpeg","contentUrl":"https:\/\/uvbbrasil.com.br\/wp-content\/uploads\/2019\/12\/itu-2.jpeg","width":1280,"height":960},{"@type":"BreadcrumbList","@id":"https:\/\/uvbbrasil.com.br\/os-vereadores-e-leis-de-conciliacao-de-politicas-publicas-leis-aproximam-o-povo-poder-em-itu-sp\/#breadcrumb","itemListElement":[{"@type":"ListItem","position":1,"name":"In\u00edcio","item":"https:\/\/uvbbrasil.com.br\/"},{"@type":"ListItem","position":2,"name":"\u201cOs Vereadores e as Leis de Concilia\u00e7\u00e3o de Pol\u00edticas P\u00fablicas \u2013 Leis aproximam o Povo do Poder\u201d em Itu-SP."}]},{"@type":"WebSite","@id":"https:\/\/uvbbrasil.com.br\/#website","url":"https:\/\/uvbbrasil.com.br\/","name":"UVB Brasil","description":"Uni\u00e3o dos Vereadores do Brasil","publisher":{"@id":"https:\/\/uvbbrasil.com.br\/#organization"},"potentialAction":[{"@type":"SearchAction","target":{"@type":"EntryPoint","urlTemplate":"https:\/\/uvbbrasil.com.br\/?s={search_term_string}"},"query-input":{"@type":"PropertyValueSpecification","valueRequired":true,"valueName":"search_term_string"}}],"inLanguage":"pt-BR"},{"@type":"Organization","@id":"https:\/\/uvbbrasil.com.br\/#organization","name":"UVB Brasil","url":"https:\/\/uvbbrasil.com.br\/","logo":{"@type":"ImageObject","inLanguage":"pt-BR","@id":"https:\/\/uvbbrasil.com.br\/#\/schema\/logo\/image\/","url":"https:\/\/uvbbrasil.com.br\/wp-content\/uploads\/2025\/01\/LOGO-UVB-2024-azul-1.jpg","contentUrl":"https:\/\/uvbbrasil.com.br\/wp-content\/uploads\/2025\/01\/LOGO-UVB-2024-azul-1.jpg","width":600,"height":211,"caption":"UVB Brasil"},"image":{"@id":"https:\/\/uvbbrasil.com.br\/#\/schema\/logo\/image\/"},"sameAs":["https:\/\/www.facebook.com\/uvb.vereadoresbrasil","https:\/\/www.instagram.com\/uvbbrasil\/","https:\/\/www.youtube.com\/channel\/UCIlPQ8Xzw5GHNzosQIg9S5A"]},{"@type":"Person","@id":"https:\/\/uvbbrasil.com.br\/#\/schema\/person\/17990098446c098f52effddff4f1b272","name":"adminuvb","image":{"@type":"ImageObject","inLanguage":"pt-BR","@id":"https:\/\/uvbbrasil.com.br\/#\/schema\/person\/image\/","url":"https:\/\/secure.gravatar.com\/avatar\/1a494ea6f8e2dd1ae526e55b0e9497efdba542491e0620d704cccf63c6f77c45?s=96&d=mm&r=g","contentUrl":"https:\/\/secure.gravatar.com\/avatar\/1a494ea6f8e2dd1ae526e55b0e9497efdba542491e0620d704cccf63c6f77c45?s=96&d=mm&r=g","caption":"adminuvb"},"sameAs":["https:\/\/uvbbrasil.com.br"],"url":"https:\/\/uvbbrasil.com.br\/author\/adminuvb\/"}]}},"_links":{"self":[{"href":"https:\/\/uvbbrasil.com.br\/uvb-json\/wp\/v2\/posts\/17218","targetHints":{"allow":["GET"]}}],"collection":[{"href":"https:\/\/uvbbrasil.com.br\/uvb-json\/wp\/v2\/posts"}],"about":[{"href":"https:\/\/uvbbrasil.com.br\/uvb-json\/wp\/v2\/types\/post"}],"author":[{"embeddable":true,"href":"https:\/\/uvbbrasil.com.br\/uvb-json\/wp\/v2\/users\/1"}],"replies":[{"embeddable":true,"href":"https:\/\/uvbbrasil.com.br\/uvb-json\/wp\/v2\/comments?post=17218"}],"version-history":[{"count":0,"href":"https:\/\/uvbbrasil.com.br\/uvb-json\/wp\/v2\/posts\/17218\/revisions"}],"wp:featuredmedia":[{"embeddable":true,"href":"https:\/\/uvbbrasil.com.br\/uvb-json\/wp\/v2\/media\/17219"}],"wp:attachment":[{"href":"https:\/\/uvbbrasil.com.br\/uvb-json\/wp\/v2\/media?parent=17218"}],"wp:term":[{"taxonomy":"category","embeddable":true,"href":"https:\/\/uvbbrasil.com.br\/uvb-json\/wp\/v2\/categories?post=17218"},{"taxonomy":"post_tag","embeddable":true,"href":"https:\/\/uvbbrasil.com.br\/uvb-json\/wp\/v2\/tags?post=17218"}],"curies":[{"name":"wp","href":"https:\/\/api.w.org\/{rel}","templated":true}]}}