{"id":17205,"date":"2019-12-11T09:18:47","date_gmt":"2019-12-11T12:18:47","guid":{"rendered":"https:\/\/wpsandbox4.pante.com.br\/?p=17205"},"modified":"2019-12-11T09:18:47","modified_gmt":"2019-12-11T12:18:47","slug":"camara-mantem-veto-de-bolsonaro-e-barra-regra-mais-frouxa-para-candidato-ficha-suja","status":"publish","type":"post","link":"https:\/\/uvbbrasil.com.br\/camara-mantem-veto-de-bolsonaro-e-barra-regra-mais-frouxa-para-candidato-ficha-suja\/","title":{"rendered":"C\u00e2mara mant\u00e9m veto de Bolsonaro e barra regra mais frouxa para candidato ficha suja"},"content":{"rendered":"<p>Presidente derrubou trecho da minirreforma eleitoral que estendia at\u00e9 a data da posse o prazo para aferi\u00e7\u00e3o das condi\u00e7\u00f5es de elegibilidade dos candidatos<\/p>\n<p>A C\u00e2mara manteve nesta ter\u00e7a-feira (10), em sess\u00e3o do Congresso, os vetos do presidente Jair Bolsonaro \u00e0 possibilidade de se usar dinheiro p\u00fablico para pagamento de multas de partidos e \u00e0 amplia\u00e7\u00e3o do prazo para se verificar se um candidato \u00e9 ficha suja.<\/p>\n<p>Foram 193 votos a favor de manter os vetos e 223 contra. Para derrubar um veto, por\u00e9m, s\u00e3o necess\u00e1rios 257 votos de deputados. Como este n\u00famero n\u00e3o foi alcan\u00e7ado, os vetos n\u00e3o precisaram nem passar pelo Senado.<\/p>\n<p>Bolsonaro vetou um trecho da minirreforma eleitoral aprovada em setembro que estendia at\u00e9 a data da posse o prazo para aferi\u00e7\u00e3o das condi\u00e7\u00f5es de elegibilidade dos candidatos. Hoje, isso ocorre no momento de pedido de registro da candidatura.<\/p>\n<p>Projeto que autoriza pris\u00e3o ap\u00f3s condena\u00e7\u00e3o em segunda inst\u00e2ncia avan\u00e7a no Senado Projeto que autoriza pris\u00e3o ap\u00f3s condena\u00e7\u00e3o em segunda inst\u00e2ncia avan\u00e7a no Senado<\/p>\n<p>Apesar de desidrata\u00e7\u00e3o de pacote anticrime, Moro diz que texto traz medidas &#8220;muito positivas&#8221;Apesar de desidrata\u00e7\u00e3o de pacote anticrime, Moro diz que texto traz medidas &#8220;muito positivas&#8221;<\/p>\n<p>A Lei da Ficha Limpa, de 2010, impediu a candidatura de pol\u00edticos que tiveram o mandato cassado, dos que foram condenados em processos criminais por \u00f3rg\u00e3o colegiado e daqueles que renunciaram aos seus mandatos para evitar um poss\u00edvel processo de cassa\u00e7\u00e3o.<\/p>\n<p>\u00c9 a checagem desse hist\u00f3rico, que ser\u00e1 mantida, que \u00e9 feita at\u00e9 o registro da candidatura.<\/p>\n<p>O governo diz que o dispositivo que havia sido introduzido pela minirreforma gerava inseguran\u00e7a jur\u00eddica para a atua\u00e7\u00e3o da Justi\u00e7a Eleitoral.<\/p>\n<p>Os congressistas n\u00e3o conseguiram tamb\u00e9m retomar a permiss\u00e3o para uso do fundo partid\u00e1rio para pagamento de juros, multas, d\u00e9bitos eleitorais e demais san\u00e7\u00f5es aplicadas por infra\u00e7\u00e3o \u00e0 legisla\u00e7\u00e3o eleitoral ou partid\u00e1ria.<\/p>\n<p>Para o Planalto, a proposta ofende o interesse p\u00fablico por utilizar o fundo para a defesa de interesses privados dos partidos, &#8220;desvirtuando a utiliza\u00e7\u00e3o dos recursos destinados ao atendimento das finalidades essenciais da agremia\u00e7\u00e3o pol\u00edtica, como instrumento de efetiva\u00e7\u00e3o do sistema democr\u00e1tico&#8221;.<\/p>\n<p>\u2014 O candidato vai l\u00e1, comete um crime eleitoral sujeito ao pagamento de multa e o partido banca o pagamento desta multa com dinheiro que vem do fundo partid\u00e1rio. Ou seja, \u00e9 um absurdo, porque n\u00e3o h\u00e1 mais nenhuma penalidade para o candidato \u2014 ponderou o l\u00edder do Novo, Marcel Van Hattem (RS).<\/p>\n<p>\u2014 \u00c9 muito importante preservar a autonomia dos partidos pol\u00edticos, garantir que haja a possibilidade de os partidos serem estruturas s\u00f3lidas, estruturas que funcionem, prestando contas, naturalmente, aos filiados, mas com corpo jur\u00eddico, t\u00e9cnico, com sede, com condi\u00e7\u00f5es de cumprir as atribui\u00e7\u00f5es dos partidos pol\u00edticos \u2014 afirmou o l\u00edder do PC do B, Daniel Almeida (BA).<\/p>\n<p>Parlamentares e t\u00e9cnicos ouvidos pela reportagem disseram que deputados n\u00e3o se mobilizaram nesta sess\u00e3o desestimulados pela sess\u00e3o da semana passada.<\/p>\n<p>Num desentendimento entre C\u00e2mara e Senado, senadores contrariaram os deputados e mantiveram na sess\u00e3o passada o veto ao dispositivo que recriava a propaganda partid\u00e1ria em r\u00e1dio e televis\u00e3o.<\/p>\n<p>Extinta em 2017 para a cria\u00e7\u00e3o do fundo eleitoral, que injeta recursos p\u00fablicos nas campanhas, a propaganda partid\u00e1ria havia sido recriada pelos parlamentares.<\/p>\n<p>TSE aprova cria\u00e7\u00e3o do 33\u00ba partido pol\u00edtico do BrasilTSE aprova cria\u00e7\u00e3o do 33\u00ba partido pol\u00edtico do Brasil<\/p>\n<p>Capit\u00e3es da Brigada Militar ter\u00e3o aumento de at\u00e9 60% com aprova\u00e7\u00e3o do pacote do PiratiniCapit\u00e3es da Brigada Militar ter\u00e3o aumento de at\u00e9 60% com aprova\u00e7\u00e3o do pacote do Piratini<\/p>\n<p>Bolsonaro vetou todos os pontos que tratam desse assunto sob a justificativa de que, ao assegurar o acesso gratuito a tempo de r\u00e1dio e TV, a proposta aumenta a ren\u00fancia fiscal e, consequentemente, majora a despesa p\u00fablica sem o cancelamento equivalente de outra despesa obrigat\u00f3ria.<\/p>\n<p>Al\u00e9m disso, o governo afirma que a propositura do Legislativo n\u00e3o traz estimativa do seu impacto or\u00e7ament\u00e1rio e financeiro, contrariando a Lei de Responsabilidade Fiscal.<\/p>\n<p>H\u00e1 duas semanas, os parlamentares derrubaram sete dispositivos que o presidente havia vetado na minirreforma eleitoral. Apenas um item foi mantido.<\/p>\n<p>Entre os trechos retomados na sess\u00e3o passada est\u00e1 a permiss\u00e3o para uso do fundo partid\u00e1rio para gastos com passagens a\u00e9reas, independentemente de filia\u00e7\u00e3o partid\u00e1ria, para eventos relacionados \u00e0 legenda, como congressos, conven\u00e7\u00f5es ou palestras.<\/p>\n<p>Tamb\u00e9m foi derrubado o veto ao trecho que trata da regra sobre a composi\u00e7\u00e3o do valor do fundo eleitoral usado para financiar campanhas. O valor final ser\u00e1 definido na vota\u00e7\u00e3o do projeto de Or\u00e7amento da Uni\u00e3o para 2022.<\/p>\n<p>Foi mantido o veto ao trecho que permitia aos partidos pol\u00edticos prestar contas por qualquer sistema de contabilidade dispon\u00edvel no mercado.<\/p>\n<p>Fora da minirreforma eleitoral, tamb\u00e9m foi mantido veto a uma propositura que dava prefer\u00eancia na ordem de pagamentos \u00e0 indeniza\u00e7\u00e3o a marisqueiras impossibilitadas de trabalhar por causa de desastres ambientais. No fim de novembro, l\u00edderes partid\u00e1rios e o governo haviam combinado a manuten\u00e7\u00e3o deste veto.<\/p>\n<p>As sess\u00f5es do Congresso t\u00eam sido marcadas por longas discuss\u00f5es de bastidores. O tema mais recorrente \u00e9 a insatisfa\u00e7\u00e3o dos parlamentares com a articula\u00e7\u00e3o pol\u00edtica do governo e com o fato de o Pal\u00e1cio do Planalto ainda n\u00e3o ter pagado todas as emendas prometidas em troca da aprova\u00e7\u00e3o da reforma da Previd\u00eancia.<\/p>\n<p>Nas \u00faltimas reuni\u00f5es, entrou na pol\u00eamica a vota\u00e7\u00e3o de projetos de lei para abrir ao Or\u00e7amento de Investimento cr\u00e9dito suplementar no total de cerca de R$ 22 bilh\u00f5es para \u00f3rg\u00e3os do Executivo, Judici\u00e1rio e Minist\u00e9rio P\u00fablico.<\/p>\n<p>Na semana passada, parlamentares travaram as vota\u00e7\u00f5es at\u00e9 que o Planalto encaminhasse um projeto que tratava de vetos feitos \u00e0 Lei de Diretrizes Or\u00e7ament\u00e1rias (LDO). Este texto dificulta o contingenciamento porque estabelece metas e prioridades. Assim, os cortes t\u00eam que ser feitos antes em \u00e1reas consideradas n\u00e3o priorit\u00e1rias.<\/p>\n<p>Nesta ter\u00e7a, o desentendimento foi em torno de um projeto que libera R$ 2,2 bilh\u00f5es para senadores. A C\u00e2mara resistia votar esta proposta em retalia\u00e7\u00e3o aos senadores que garantiram a manuten\u00e7\u00e3o do veto \u00e0 propaganda partid\u00e1ria em r\u00e1dio e TV.<a href=\"https:\/\/uvbbrasil.com.br\/?attachment_id=17207\" rel=\"attachment wp-att-17207\"><img fetchpriority=\"high\" decoding=\"async\" class=\"aligncenter size-full wp-image-17207\" src=\"https:\/\/uvbbrasil.com.br\/wp-content\/uploads\/2019\/12\/11-12.jpg\" alt=\"\" width=\"700\" height=\"466\" srcset=\"https:\/\/uvbbrasil.com.br\/wp-content\/uploads\/2019\/12\/11-12.jpg 700w, https:\/\/uvbbrasil.com.br\/wp-content\/uploads\/2019\/12\/11-12-300x200.jpg 300w\" sizes=\"(max-width: 700px) 100vw, 700px\" \/><\/a><\/p>\n<p>fonte:www.gauchazh.clicrbs.com.br<\/p>\n","protected":false},"excerpt":{"rendered":"<p>Presidente derrubou trecho da minirreforma eleitoral que estendia at\u00e9 a data da posse o prazo para aferi\u00e7\u00e3o das condi\u00e7\u00f5es de&#8230;<\/p>\n","protected":false},"author":1,"featured_media":17207,"comment_status":"open","ping_status":"open","sticky":false,"template":"","format":"standard","meta":{"footnotes":""},"categories":[3],"tags":[],"class_list":["post-17205","post","type-post","status-publish","format-standard","has-post-thumbnail","hentry","category-noticias"],"yoast_head":"<!-- This site is optimized with the Yoast SEO plugin v26.7 - https:\/\/yoast.com\/wordpress\/plugins\/seo\/ -->\n<title>C\u00e2mara mant\u00e9m veto de Bolsonaro e barra regra mais frouxa para candidato ficha suja - UVB Brasil<\/title>\n<meta name=\"robots\" content=\"index, follow, max-snippet:-1, max-image-preview:large, max-video-preview:-1\" \/>\n<link rel=\"canonical\" href=\"https:\/\/uvbbrasil.com.br\/camara-mantem-veto-de-bolsonaro-e-barra-regra-mais-frouxa-para-candidato-ficha-suja\/\" \/>\n<meta property=\"og:locale\" content=\"pt_BR\" \/>\n<meta property=\"og:type\" content=\"article\" \/>\n<meta property=\"og:title\" content=\"C\u00e2mara mant\u00e9m veto de Bolsonaro e barra regra mais frouxa para candidato ficha suja - UVB Brasil\" \/>\n<meta property=\"og:description\" content=\"Presidente derrubou trecho da minirreforma eleitoral que estendia at\u00e9 a data da posse o prazo para aferi\u00e7\u00e3o das condi\u00e7\u00f5es de...\" \/>\n<meta property=\"og:url\" content=\"https:\/\/uvbbrasil.com.br\/camara-mantem-veto-de-bolsonaro-e-barra-regra-mais-frouxa-para-candidato-ficha-suja\/\" \/>\n<meta property=\"og:site_name\" content=\"UVB Brasil\" \/>\n<meta property=\"article:publisher\" content=\"https:\/\/www.facebook.com\/uvb.vereadoresbrasil\" \/>\n<meta property=\"article:published_time\" content=\"2019-12-11T12:18:47+00:00\" \/>\n<meta property=\"og:image\" content=\"https:\/\/uvbbrasil.com.br\/wp-content\/uploads\/2019\/12\/11-12.jpg\" \/>\n\t<meta property=\"og:image:width\" content=\"700\" \/>\n\t<meta property=\"og:image:height\" content=\"466\" \/>\n\t<meta property=\"og:image:type\" content=\"image\/jpeg\" \/>\n<meta name=\"author\" content=\"adminuvb\" \/>\n<meta name=\"twitter:card\" content=\"summary_large_image\" \/>\n<meta name=\"twitter:label1\" content=\"Escrito por\" \/>\n\t<meta name=\"twitter:data1\" content=\"adminuvb\" \/>\n\t<meta name=\"twitter:label2\" content=\"Est. tempo de leitura\" \/>\n\t<meta name=\"twitter:data2\" content=\"5 minutos\" \/>\n<script type=\"application\/ld+json\" class=\"yoast-schema-graph\">{\"@context\":\"https:\/\/schema.org\",\"@graph\":[{\"@type\":\"Article\",\"@id\":\"https:\/\/uvbbrasil.com.br\/camara-mantem-veto-de-bolsonaro-e-barra-regra-mais-frouxa-para-candidato-ficha-suja\/#article\",\"isPartOf\":{\"@id\":\"https:\/\/uvbbrasil.com.br\/camara-mantem-veto-de-bolsonaro-e-barra-regra-mais-frouxa-para-candidato-ficha-suja\/\"},\"author\":{\"name\":\"adminuvb\",\"@id\":\"https:\/\/uvbbrasil.com.br\/#\/schema\/person\/17990098446c098f52effddff4f1b272\"},\"headline\":\"C\u00e2mara mant\u00e9m veto de Bolsonaro e barra regra mais frouxa para candidato ficha suja\",\"datePublished\":\"2019-12-11T12:18:47+00:00\",\"mainEntityOfPage\":{\"@id\":\"https:\/\/uvbbrasil.com.br\/camara-mantem-veto-de-bolsonaro-e-barra-regra-mais-frouxa-para-candidato-ficha-suja\/\"},\"wordCount\":1113,\"commentCount\":0,\"publisher\":{\"@id\":\"https:\/\/uvbbrasil.com.br\/#organization\"},\"image\":{\"@id\":\"https:\/\/uvbbrasil.com.br\/camara-mantem-veto-de-bolsonaro-e-barra-regra-mais-frouxa-para-candidato-ficha-suja\/#primaryimage\"},\"thumbnailUrl\":\"https:\/\/uvbbrasil.com.br\/wp-content\/uploads\/2019\/12\/11-12.jpg\",\"articleSection\":[\"NOT\u00cdCIAS\"],\"inLanguage\":\"pt-BR\",\"potentialAction\":[{\"@type\":\"CommentAction\",\"name\":\"Comment\",\"target\":[\"https:\/\/uvbbrasil.com.br\/camara-mantem-veto-de-bolsonaro-e-barra-regra-mais-frouxa-para-candidato-ficha-suja\/#respond\"]}]},{\"@type\":\"WebPage\",\"@id\":\"https:\/\/uvbbrasil.com.br\/camara-mantem-veto-de-bolsonaro-e-barra-regra-mais-frouxa-para-candidato-ficha-suja\/\",\"url\":\"https:\/\/uvbbrasil.com.br\/camara-mantem-veto-de-bolsonaro-e-barra-regra-mais-frouxa-para-candidato-ficha-suja\/\",\"name\":\"C\u00e2mara mant\u00e9m veto de Bolsonaro e barra regra mais frouxa para candidato ficha suja - UVB Brasil\",\"isPartOf\":{\"@id\":\"https:\/\/uvbbrasil.com.br\/#website\"},\"primaryImageOfPage\":{\"@id\":\"https:\/\/uvbbrasil.com.br\/camara-mantem-veto-de-bolsonaro-e-barra-regra-mais-frouxa-para-candidato-ficha-suja\/#primaryimage\"},\"image\":{\"@id\":\"https:\/\/uvbbrasil.com.br\/camara-mantem-veto-de-bolsonaro-e-barra-regra-mais-frouxa-para-candidato-ficha-suja\/#primaryimage\"},\"thumbnailUrl\":\"https:\/\/uvbbrasil.com.br\/wp-content\/uploads\/2019\/12\/11-12.jpg\",\"datePublished\":\"2019-12-11T12:18:47+00:00\",\"breadcrumb\":{\"@id\":\"https:\/\/uvbbrasil.com.br\/camara-mantem-veto-de-bolsonaro-e-barra-regra-mais-frouxa-para-candidato-ficha-suja\/#breadcrumb\"},\"inLanguage\":\"pt-BR\",\"potentialAction\":[{\"@type\":\"ReadAction\",\"target\":[\"https:\/\/uvbbrasil.com.br\/camara-mantem-veto-de-bolsonaro-e-barra-regra-mais-frouxa-para-candidato-ficha-suja\/\"]}]},{\"@type\":\"ImageObject\",\"inLanguage\":\"pt-BR\",\"@id\":\"https:\/\/uvbbrasil.com.br\/camara-mantem-veto-de-bolsonaro-e-barra-regra-mais-frouxa-para-candidato-ficha-suja\/#primaryimage\",\"url\":\"https:\/\/uvbbrasil.com.br\/wp-content\/uploads\/2019\/12\/11-12.jpg\",\"contentUrl\":\"https:\/\/uvbbrasil.com.br\/wp-content\/uploads\/2019\/12\/11-12.jpg\",\"width\":700,\"height\":466},{\"@type\":\"BreadcrumbList\",\"@id\":\"https:\/\/uvbbrasil.com.br\/camara-mantem-veto-de-bolsonaro-e-barra-regra-mais-frouxa-para-candidato-ficha-suja\/#breadcrumb\",\"itemListElement\":[{\"@type\":\"ListItem\",\"position\":1,\"name\":\"In\u00edcio\",\"item\":\"https:\/\/uvbbrasil.com.br\/\"},{\"@type\":\"ListItem\",\"position\":2,\"name\":\"C\u00e2mara mant\u00e9m veto de Bolsonaro e barra regra mais frouxa para candidato ficha suja\"}]},{\"@type\":\"WebSite\",\"@id\":\"https:\/\/uvbbrasil.com.br\/#website\",\"url\":\"https:\/\/uvbbrasil.com.br\/\",\"name\":\"UVB Brasil\",\"description\":\"Uni\u00e3o dos Vereadores do Brasil\",\"publisher\":{\"@id\":\"https:\/\/uvbbrasil.com.br\/#organization\"},\"potentialAction\":[{\"@type\":\"SearchAction\",\"target\":{\"@type\":\"EntryPoint\",\"urlTemplate\":\"https:\/\/uvbbrasil.com.br\/?s={search_term_string}\"},\"query-input\":{\"@type\":\"PropertyValueSpecification\",\"valueRequired\":true,\"valueName\":\"search_term_string\"}}],\"inLanguage\":\"pt-BR\"},{\"@type\":\"Organization\",\"@id\":\"https:\/\/uvbbrasil.com.br\/#organization\",\"name\":\"UVB Brasil\",\"url\":\"https:\/\/uvbbrasil.com.br\/\",\"logo\":{\"@type\":\"ImageObject\",\"inLanguage\":\"pt-BR\",\"@id\":\"https:\/\/uvbbrasil.com.br\/#\/schema\/logo\/image\/\",\"url\":\"https:\/\/uvbbrasil.com.br\/wp-content\/uploads\/2025\/01\/LOGO-UVB-2024-azul-1.jpg\",\"contentUrl\":\"https:\/\/uvbbrasil.com.br\/wp-content\/uploads\/2025\/01\/LOGO-UVB-2024-azul-1.jpg\",\"width\":600,\"height\":211,\"caption\":\"UVB Brasil\"},\"image\":{\"@id\":\"https:\/\/uvbbrasil.com.br\/#\/schema\/logo\/image\/\"},\"sameAs\":[\"https:\/\/www.facebook.com\/uvb.vereadoresbrasil\",\"https:\/\/www.instagram.com\/uvbbrasil\/\",\"https:\/\/www.youtube.com\/channel\/UCIlPQ8Xzw5GHNzosQIg9S5A\"]},{\"@type\":\"Person\",\"@id\":\"https:\/\/uvbbrasil.com.br\/#\/schema\/person\/17990098446c098f52effddff4f1b272\",\"name\":\"adminuvb\",\"image\":{\"@type\":\"ImageObject\",\"inLanguage\":\"pt-BR\",\"@id\":\"https:\/\/uvbbrasil.com.br\/#\/schema\/person\/image\/\",\"url\":\"https:\/\/secure.gravatar.com\/avatar\/1a494ea6f8e2dd1ae526e55b0e9497efdba542491e0620d704cccf63c6f77c45?s=96&d=mm&r=g\",\"contentUrl\":\"https:\/\/secure.gravatar.com\/avatar\/1a494ea6f8e2dd1ae526e55b0e9497efdba542491e0620d704cccf63c6f77c45?s=96&d=mm&r=g\",\"caption\":\"adminuvb\"},\"sameAs\":[\"https:\/\/uvbbrasil.com.br\"],\"url\":\"https:\/\/uvbbrasil.com.br\/author\/adminuvb\/\"}]}<\/script>\n<!-- \/ Yoast SEO plugin. -->","yoast_head_json":{"title":"C\u00e2mara mant\u00e9m veto de Bolsonaro e barra regra mais frouxa para candidato ficha suja - UVB Brasil","robots":{"index":"index","follow":"follow","max-snippet":"max-snippet:-1","max-image-preview":"max-image-preview:large","max-video-preview":"max-video-preview:-1"},"canonical":"https:\/\/uvbbrasil.com.br\/camara-mantem-veto-de-bolsonaro-e-barra-regra-mais-frouxa-para-candidato-ficha-suja\/","og_locale":"pt_BR","og_type":"article","og_title":"C\u00e2mara mant\u00e9m veto de Bolsonaro e barra regra mais frouxa para candidato ficha suja - UVB Brasil","og_description":"Presidente derrubou trecho da minirreforma eleitoral que estendia at\u00e9 a data da posse o prazo para aferi\u00e7\u00e3o das condi\u00e7\u00f5es de...","og_url":"https:\/\/uvbbrasil.com.br\/camara-mantem-veto-de-bolsonaro-e-barra-regra-mais-frouxa-para-candidato-ficha-suja\/","og_site_name":"UVB Brasil","article_publisher":"https:\/\/www.facebook.com\/uvb.vereadoresbrasil","article_published_time":"2019-12-11T12:18:47+00:00","og_image":[{"width":700,"height":466,"url":"https:\/\/uvbbrasil.com.br\/wp-content\/uploads\/2019\/12\/11-12.jpg","type":"image\/jpeg"}],"author":"adminuvb","twitter_card":"summary_large_image","twitter_misc":{"Escrito por":"adminuvb","Est. tempo de leitura":"5 minutos"},"schema":{"@context":"https:\/\/schema.org","@graph":[{"@type":"Article","@id":"https:\/\/uvbbrasil.com.br\/camara-mantem-veto-de-bolsonaro-e-barra-regra-mais-frouxa-para-candidato-ficha-suja\/#article","isPartOf":{"@id":"https:\/\/uvbbrasil.com.br\/camara-mantem-veto-de-bolsonaro-e-barra-regra-mais-frouxa-para-candidato-ficha-suja\/"},"author":{"name":"adminuvb","@id":"https:\/\/uvbbrasil.com.br\/#\/schema\/person\/17990098446c098f52effddff4f1b272"},"headline":"C\u00e2mara mant\u00e9m veto de Bolsonaro e barra regra mais frouxa para candidato ficha suja","datePublished":"2019-12-11T12:18:47+00:00","mainEntityOfPage":{"@id":"https:\/\/uvbbrasil.com.br\/camara-mantem-veto-de-bolsonaro-e-barra-regra-mais-frouxa-para-candidato-ficha-suja\/"},"wordCount":1113,"commentCount":0,"publisher":{"@id":"https:\/\/uvbbrasil.com.br\/#organization"},"image":{"@id":"https:\/\/uvbbrasil.com.br\/camara-mantem-veto-de-bolsonaro-e-barra-regra-mais-frouxa-para-candidato-ficha-suja\/#primaryimage"},"thumbnailUrl":"https:\/\/uvbbrasil.com.br\/wp-content\/uploads\/2019\/12\/11-12.jpg","articleSection":["NOT\u00cdCIAS"],"inLanguage":"pt-BR","potentialAction":[{"@type":"CommentAction","name":"Comment","target":["https:\/\/uvbbrasil.com.br\/camara-mantem-veto-de-bolsonaro-e-barra-regra-mais-frouxa-para-candidato-ficha-suja\/#respond"]}]},{"@type":"WebPage","@id":"https:\/\/uvbbrasil.com.br\/camara-mantem-veto-de-bolsonaro-e-barra-regra-mais-frouxa-para-candidato-ficha-suja\/","url":"https:\/\/uvbbrasil.com.br\/camara-mantem-veto-de-bolsonaro-e-barra-regra-mais-frouxa-para-candidato-ficha-suja\/","name":"C\u00e2mara mant\u00e9m veto de Bolsonaro e barra regra mais frouxa para candidato ficha suja - UVB Brasil","isPartOf":{"@id":"https:\/\/uvbbrasil.com.br\/#website"},"primaryImageOfPage":{"@id":"https:\/\/uvbbrasil.com.br\/camara-mantem-veto-de-bolsonaro-e-barra-regra-mais-frouxa-para-candidato-ficha-suja\/#primaryimage"},"image":{"@id":"https:\/\/uvbbrasil.com.br\/camara-mantem-veto-de-bolsonaro-e-barra-regra-mais-frouxa-para-candidato-ficha-suja\/#primaryimage"},"thumbnailUrl":"https:\/\/uvbbrasil.com.br\/wp-content\/uploads\/2019\/12\/11-12.jpg","datePublished":"2019-12-11T12:18:47+00:00","breadcrumb":{"@id":"https:\/\/uvbbrasil.com.br\/camara-mantem-veto-de-bolsonaro-e-barra-regra-mais-frouxa-para-candidato-ficha-suja\/#breadcrumb"},"inLanguage":"pt-BR","potentialAction":[{"@type":"ReadAction","target":["https:\/\/uvbbrasil.com.br\/camara-mantem-veto-de-bolsonaro-e-barra-regra-mais-frouxa-para-candidato-ficha-suja\/"]}]},{"@type":"ImageObject","inLanguage":"pt-BR","@id":"https:\/\/uvbbrasil.com.br\/camara-mantem-veto-de-bolsonaro-e-barra-regra-mais-frouxa-para-candidato-ficha-suja\/#primaryimage","url":"https:\/\/uvbbrasil.com.br\/wp-content\/uploads\/2019\/12\/11-12.jpg","contentUrl":"https:\/\/uvbbrasil.com.br\/wp-content\/uploads\/2019\/12\/11-12.jpg","width":700,"height":466},{"@type":"BreadcrumbList","@id":"https:\/\/uvbbrasil.com.br\/camara-mantem-veto-de-bolsonaro-e-barra-regra-mais-frouxa-para-candidato-ficha-suja\/#breadcrumb","itemListElement":[{"@type":"ListItem","position":1,"name":"In\u00edcio","item":"https:\/\/uvbbrasil.com.br\/"},{"@type":"ListItem","position":2,"name":"C\u00e2mara mant\u00e9m veto de Bolsonaro e barra regra mais frouxa para candidato ficha suja"}]},{"@type":"WebSite","@id":"https:\/\/uvbbrasil.com.br\/#website","url":"https:\/\/uvbbrasil.com.br\/","name":"UVB Brasil","description":"Uni\u00e3o dos Vereadores do Brasil","publisher":{"@id":"https:\/\/uvbbrasil.com.br\/#organization"},"potentialAction":[{"@type":"SearchAction","target":{"@type":"EntryPoint","urlTemplate":"https:\/\/uvbbrasil.com.br\/?s={search_term_string}"},"query-input":{"@type":"PropertyValueSpecification","valueRequired":true,"valueName":"search_term_string"}}],"inLanguage":"pt-BR"},{"@type":"Organization","@id":"https:\/\/uvbbrasil.com.br\/#organization","name":"UVB Brasil","url":"https:\/\/uvbbrasil.com.br\/","logo":{"@type":"ImageObject","inLanguage":"pt-BR","@id":"https:\/\/uvbbrasil.com.br\/#\/schema\/logo\/image\/","url":"https:\/\/uvbbrasil.com.br\/wp-content\/uploads\/2025\/01\/LOGO-UVB-2024-azul-1.jpg","contentUrl":"https:\/\/uvbbrasil.com.br\/wp-content\/uploads\/2025\/01\/LOGO-UVB-2024-azul-1.jpg","width":600,"height":211,"caption":"UVB Brasil"},"image":{"@id":"https:\/\/uvbbrasil.com.br\/#\/schema\/logo\/image\/"},"sameAs":["https:\/\/www.facebook.com\/uvb.vereadoresbrasil","https:\/\/www.instagram.com\/uvbbrasil\/","https:\/\/www.youtube.com\/channel\/UCIlPQ8Xzw5GHNzosQIg9S5A"]},{"@type":"Person","@id":"https:\/\/uvbbrasil.com.br\/#\/schema\/person\/17990098446c098f52effddff4f1b272","name":"adminuvb","image":{"@type":"ImageObject","inLanguage":"pt-BR","@id":"https:\/\/uvbbrasil.com.br\/#\/schema\/person\/image\/","url":"https:\/\/secure.gravatar.com\/avatar\/1a494ea6f8e2dd1ae526e55b0e9497efdba542491e0620d704cccf63c6f77c45?s=96&d=mm&r=g","contentUrl":"https:\/\/secure.gravatar.com\/avatar\/1a494ea6f8e2dd1ae526e55b0e9497efdba542491e0620d704cccf63c6f77c45?s=96&d=mm&r=g","caption":"adminuvb"},"sameAs":["https:\/\/uvbbrasil.com.br"],"url":"https:\/\/uvbbrasil.com.br\/author\/adminuvb\/"}]}},"_links":{"self":[{"href":"https:\/\/uvbbrasil.com.br\/uvb-json\/wp\/v2\/posts\/17205","targetHints":{"allow":["GET"]}}],"collection":[{"href":"https:\/\/uvbbrasil.com.br\/uvb-json\/wp\/v2\/posts"}],"about":[{"href":"https:\/\/uvbbrasil.com.br\/uvb-json\/wp\/v2\/types\/post"}],"author":[{"embeddable":true,"href":"https:\/\/uvbbrasil.com.br\/uvb-json\/wp\/v2\/users\/1"}],"replies":[{"embeddable":true,"href":"https:\/\/uvbbrasil.com.br\/uvb-json\/wp\/v2\/comments?post=17205"}],"version-history":[{"count":0,"href":"https:\/\/uvbbrasil.com.br\/uvb-json\/wp\/v2\/posts\/17205\/revisions"}],"wp:featuredmedia":[{"embeddable":true,"href":"https:\/\/uvbbrasil.com.br\/uvb-json\/wp\/v2\/media\/17207"}],"wp:attachment":[{"href":"https:\/\/uvbbrasil.com.br\/uvb-json\/wp\/v2\/media?parent=17205"}],"wp:term":[{"taxonomy":"category","embeddable":true,"href":"https:\/\/uvbbrasil.com.br\/uvb-json\/wp\/v2\/categories?post=17205"},{"taxonomy":"post_tag","embeddable":true,"href":"https:\/\/uvbbrasil.com.br\/uvb-json\/wp\/v2\/tags?post=17205"}],"curies":[{"name":"wp","href":"https:\/\/api.w.org\/{rel}","templated":true}]}}