{"id":17158,"date":"2019-12-07T08:03:25","date_gmt":"2019-12-07T11:03:25","guid":{"rendered":"https:\/\/wpsandbox4.pante.com.br\/?p=17158"},"modified":"2019-12-07T08:03:25","modified_gmt":"2019-12-07T11:03:25","slug":"misiara-e-eleito-em-porto-alegre-presidente-forum-de-entidades-estaduais-legislativo","status":"publish","type":"post","link":"https:\/\/uvbbrasil.com.br\/misiara-e-eleito-em-porto-alegre-presidente-forum-de-entidades-estaduais-legislativo\/","title":{"rendered":"Misiara \u00e9 eleito em Porto Alegre, Presidente do F\u00f3rum de Entidades Estaduais do Legislativo."},"content":{"rendered":"<p>Composto por dezesseis Estados da Federa\u00e7\u00e3o , o F\u00f3rum de Presidentes Estaduais de vereadores, elegeu sua nova diretoria, durante evento em Porto Alegre, organizado pela Uni\u00e3o de Vereadores do Brasil, da qual o F\u00f3rum \u00e9 o bra\u00e7o de integra\u00e7\u00e3o e organizador de propostas para o fortalecimento do Poder Legislativo Municipal. Liderado pelo vereador de Irai, Gilson Conzatti , coube a ele o an\u00fancio que por aclama\u00e7\u00e3o foi eleito presidente o paulista Sebasti\u00e3o Misiara . Como vice presidente, o representante do Maranh\u00e3o, Assaf Sobrinho, sendo secret\u00e1rio geral o representante do Paran\u00e1, J\u00falio Makuch e como primeiro secret\u00e1rio, Silomar Garcia Silveira, representante do Rio Grande do Sul.<\/p>\n<p>O presidente Misiara cumprimentou o presidente da UVB, Gilson Conzatti, \u201csobre o qual pesa a grande responsabilidade de dirigir uma entidade que representa 57.913 vereadores brasileiros e faz isso com brilhantismo incomum\u201d, disse Misiara . Por sua vez o presidente eleito do F\u00f3rum, convidou os presidentes a transmitirem as informa\u00e7\u00f5es sobre \u201cO QUE O VEREADOR DEVE E PODE FAZER\u201d. Segundo ele para dizer o que o vereador n\u00e3o pode fazer, j\u00e1 tem muitos dizendo isso. A primeira reuni\u00e3o do F\u00f3rum ser\u00e1 em Bras\u00edlia no m\u00eas de fevereiro para debater projetos em andamento que praticamente inviabilizam os munic\u00edpios. \u201cO F\u00f3rum funcionar\u00e1 como um ap\u00eandice da UVB, cuja lideran\u00e7a \u00e9 irretoc\u00e1vel, concluiu Misiara.<a href=\"https:\/\/uvbbrasil.com.br\/?attachment_id=17159\" rel=\"attachment wp-att-17159\"><img fetchpriority=\"high\" decoding=\"async\" class=\"aligncenter size-full wp-image-17159\" src=\"https:\/\/uvbbrasil.com.br\/wp-content\/uploads\/2019\/12\/misiara.jpeg\" alt=\"\" width=\"1280\" height=\"960\" srcset=\"https:\/\/uvbbrasil.com.br\/wp-content\/uploads\/2019\/12\/misiara.jpeg 1280w, https:\/\/uvbbrasil.com.br\/wp-content\/uploads\/2019\/12\/misiara-300x225.jpeg 300w, https:\/\/uvbbrasil.com.br\/wp-content\/uploads\/2019\/12\/misiara-1024x768.jpeg 1024w, https:\/\/uvbbrasil.com.br\/wp-content\/uploads\/2019\/12\/misiara-768x576.jpeg 768w\" sizes=\"(max-width: 1280px) 100vw, 1280px\" \/><\/a><\/p>\n<p>&nbsp;<\/p>\n","protected":false},"excerpt":{"rendered":"<p>Composto por dezesseis Estados da Federa\u00e7\u00e3o , o F\u00f3rum de Presidentes Estaduais de vereadores, elegeu sua nova diretoria, durante evento&#8230;<\/p>\n","protected":false},"author":1,"featured_media":17159,"comment_status":"open","ping_status":"open","sticky":false,"template":"","format":"standard","meta":{"footnotes":""},"categories":[3,4],"tags":[],"class_list":["post-17158","post","type-post","status-publish","format-standard","has-post-thumbnail","hentry","category-noticias","category-home"],"yoast_head":"<!-- This site is optimized with the Yoast SEO plugin v26.7 - https:\/\/yoast.com\/wordpress\/plugins\/seo\/ -->\n<title>Misiara \u00e9 eleito em Porto Alegre, Presidente do F\u00f3rum de Entidades Estaduais do Legislativo. - UVB Brasil<\/title>\n<meta name=\"robots\" content=\"index, follow, max-snippet:-1, max-image-preview:large, max-video-preview:-1\" \/>\n<link rel=\"canonical\" href=\"https:\/\/uvbbrasil.com.br\/misiara-e-eleito-em-porto-alegre-presidente-forum-de-entidades-estaduais-legislativo\/\" \/>\n<meta property=\"og:locale\" content=\"pt_BR\" \/>\n<meta property=\"og:type\" content=\"article\" \/>\n<meta property=\"og:title\" content=\"Misiara \u00e9 eleito em Porto Alegre, Presidente do F\u00f3rum de Entidades Estaduais do Legislativo. - UVB Brasil\" \/>\n<meta property=\"og:description\" content=\"Composto por dezesseis Estados da Federa\u00e7\u00e3o , o F\u00f3rum de Presidentes Estaduais de vereadores, elegeu sua nova diretoria, durante evento...\" \/>\n<meta property=\"og:url\" content=\"https:\/\/uvbbrasil.com.br\/misiara-e-eleito-em-porto-alegre-presidente-forum-de-entidades-estaduais-legislativo\/\" \/>\n<meta property=\"og:site_name\" content=\"UVB Brasil\" \/>\n<meta property=\"article:publisher\" content=\"https:\/\/www.facebook.com\/uvb.vereadoresbrasil\" \/>\n<meta property=\"article:published_time\" content=\"2019-12-07T11:03:25+00:00\" \/>\n<meta property=\"og:image\" content=\"https:\/\/uvbbrasil.com.br\/wp-content\/uploads\/2019\/12\/misiara.jpeg\" \/>\n\t<meta property=\"og:image:width\" content=\"1280\" \/>\n\t<meta property=\"og:image:height\" content=\"960\" \/>\n\t<meta property=\"og:image:type\" content=\"image\/jpeg\" \/>\n<meta name=\"author\" content=\"adminuvb\" \/>\n<meta name=\"twitter:card\" content=\"summary_large_image\" \/>\n<meta name=\"twitter:label1\" content=\"Escrito por\" \/>\n\t<meta name=\"twitter:data1\" content=\"adminuvb\" \/>\n\t<meta name=\"twitter:label2\" content=\"Est. tempo de leitura\" \/>\n\t<meta name=\"twitter:data2\" content=\"1 minuto\" \/>\n<script type=\"application\/ld+json\" class=\"yoast-schema-graph\">{\"@context\":\"https:\/\/schema.org\",\"@graph\":[{\"@type\":\"Article\",\"@id\":\"https:\/\/uvbbrasil.com.br\/misiara-e-eleito-em-porto-alegre-presidente-forum-de-entidades-estaduais-legislativo\/#article\",\"isPartOf\":{\"@id\":\"https:\/\/uvbbrasil.com.br\/misiara-e-eleito-em-porto-alegre-presidente-forum-de-entidades-estaduais-legislativo\/\"},\"author\":{\"name\":\"adminuvb\",\"@id\":\"https:\/\/uvbbrasil.com.br\/#\/schema\/person\/17990098446c098f52effddff4f1b272\"},\"headline\":\"Misiara \u00e9 eleito em Porto Alegre, Presidente do F\u00f3rum de Entidades Estaduais do Legislativo.\",\"datePublished\":\"2019-12-07T11:03:25+00:00\",\"mainEntityOfPage\":{\"@id\":\"https:\/\/uvbbrasil.com.br\/misiara-e-eleito-em-porto-alegre-presidente-forum-de-entidades-estaduais-legislativo\/\"},\"wordCount\":249,\"commentCount\":0,\"publisher\":{\"@id\":\"https:\/\/uvbbrasil.com.br\/#organization\"},\"image\":{\"@id\":\"https:\/\/uvbbrasil.com.br\/misiara-e-eleito-em-porto-alegre-presidente-forum-de-entidades-estaduais-legislativo\/#primaryimage\"},\"thumbnailUrl\":\"https:\/\/uvbbrasil.com.br\/wp-content\/uploads\/2019\/12\/misiara.jpeg\",\"articleSection\":[\"NOT\u00cdCIAS\",\"UVB\"],\"inLanguage\":\"pt-BR\",\"potentialAction\":[{\"@type\":\"CommentAction\",\"name\":\"Comment\",\"target\":[\"https:\/\/uvbbrasil.com.br\/misiara-e-eleito-em-porto-alegre-presidente-forum-de-entidades-estaduais-legislativo\/#respond\"]}]},{\"@type\":\"WebPage\",\"@id\":\"https:\/\/uvbbrasil.com.br\/misiara-e-eleito-em-porto-alegre-presidente-forum-de-entidades-estaduais-legislativo\/\",\"url\":\"https:\/\/uvbbrasil.com.br\/misiara-e-eleito-em-porto-alegre-presidente-forum-de-entidades-estaduais-legislativo\/\",\"name\":\"Misiara \u00e9 eleito em Porto Alegre, Presidente do F\u00f3rum de Entidades Estaduais do Legislativo. - UVB Brasil\",\"isPartOf\":{\"@id\":\"https:\/\/uvbbrasil.com.br\/#website\"},\"primaryImageOfPage\":{\"@id\":\"https:\/\/uvbbrasil.com.br\/misiara-e-eleito-em-porto-alegre-presidente-forum-de-entidades-estaduais-legislativo\/#primaryimage\"},\"image\":{\"@id\":\"https:\/\/uvbbrasil.com.br\/misiara-e-eleito-em-porto-alegre-presidente-forum-de-entidades-estaduais-legislativo\/#primaryimage\"},\"thumbnailUrl\":\"https:\/\/uvbbrasil.com.br\/wp-content\/uploads\/2019\/12\/misiara.jpeg\",\"datePublished\":\"2019-12-07T11:03:25+00:00\",\"breadcrumb\":{\"@id\":\"https:\/\/uvbbrasil.com.br\/misiara-e-eleito-em-porto-alegre-presidente-forum-de-entidades-estaduais-legislativo\/#breadcrumb\"},\"inLanguage\":\"pt-BR\",\"potentialAction\":[{\"@type\":\"ReadAction\",\"target\":[\"https:\/\/uvbbrasil.com.br\/misiara-e-eleito-em-porto-alegre-presidente-forum-de-entidades-estaduais-legislativo\/\"]}]},{\"@type\":\"ImageObject\",\"inLanguage\":\"pt-BR\",\"@id\":\"https:\/\/uvbbrasil.com.br\/misiara-e-eleito-em-porto-alegre-presidente-forum-de-entidades-estaduais-legislativo\/#primaryimage\",\"url\":\"https:\/\/uvbbrasil.com.br\/wp-content\/uploads\/2019\/12\/misiara.jpeg\",\"contentUrl\":\"https:\/\/uvbbrasil.com.br\/wp-content\/uploads\/2019\/12\/misiara.jpeg\",\"width\":1280,\"height\":960},{\"@type\":\"BreadcrumbList\",\"@id\":\"https:\/\/uvbbrasil.com.br\/misiara-e-eleito-em-porto-alegre-presidente-forum-de-entidades-estaduais-legislativo\/#breadcrumb\",\"itemListElement\":[{\"@type\":\"ListItem\",\"position\":1,\"name\":\"In\u00edcio\",\"item\":\"https:\/\/uvbbrasil.com.br\/\"},{\"@type\":\"ListItem\",\"position\":2,\"name\":\"Misiara \u00e9 eleito em Porto Alegre, Presidente do F\u00f3rum de Entidades Estaduais do Legislativo.\"}]},{\"@type\":\"WebSite\",\"@id\":\"https:\/\/uvbbrasil.com.br\/#website\",\"url\":\"https:\/\/uvbbrasil.com.br\/\",\"name\":\"UVB Brasil\",\"description\":\"Uni\u00e3o dos Vereadores do Brasil\",\"publisher\":{\"@id\":\"https:\/\/uvbbrasil.com.br\/#organization\"},\"potentialAction\":[{\"@type\":\"SearchAction\",\"target\":{\"@type\":\"EntryPoint\",\"urlTemplate\":\"https:\/\/uvbbrasil.com.br\/?s={search_term_string}\"},\"query-input\":{\"@type\":\"PropertyValueSpecification\",\"valueRequired\":true,\"valueName\":\"search_term_string\"}}],\"inLanguage\":\"pt-BR\"},{\"@type\":\"Organization\",\"@id\":\"https:\/\/uvbbrasil.com.br\/#organization\",\"name\":\"UVB Brasil\",\"url\":\"https:\/\/uvbbrasil.com.br\/\",\"logo\":{\"@type\":\"ImageObject\",\"inLanguage\":\"pt-BR\",\"@id\":\"https:\/\/uvbbrasil.com.br\/#\/schema\/logo\/image\/\",\"url\":\"https:\/\/uvbbrasil.com.br\/wp-content\/uploads\/2025\/01\/LOGO-UVB-2024-azul-1.jpg\",\"contentUrl\":\"https:\/\/uvbbrasil.com.br\/wp-content\/uploads\/2025\/01\/LOGO-UVB-2024-azul-1.jpg\",\"width\":600,\"height\":211,\"caption\":\"UVB Brasil\"},\"image\":{\"@id\":\"https:\/\/uvbbrasil.com.br\/#\/schema\/logo\/image\/\"},\"sameAs\":[\"https:\/\/www.facebook.com\/uvb.vereadoresbrasil\",\"https:\/\/www.instagram.com\/uvbbrasil\/\",\"https:\/\/www.youtube.com\/channel\/UCIlPQ8Xzw5GHNzosQIg9S5A\"]},{\"@type\":\"Person\",\"@id\":\"https:\/\/uvbbrasil.com.br\/#\/schema\/person\/17990098446c098f52effddff4f1b272\",\"name\":\"adminuvb\",\"image\":{\"@type\":\"ImageObject\",\"inLanguage\":\"pt-BR\",\"@id\":\"https:\/\/uvbbrasil.com.br\/#\/schema\/person\/image\/\",\"url\":\"https:\/\/secure.gravatar.com\/avatar\/1a494ea6f8e2dd1ae526e55b0e9497efdba542491e0620d704cccf63c6f77c45?s=96&d=mm&r=g\",\"contentUrl\":\"https:\/\/secure.gravatar.com\/avatar\/1a494ea6f8e2dd1ae526e55b0e9497efdba542491e0620d704cccf63c6f77c45?s=96&d=mm&r=g\",\"caption\":\"adminuvb\"},\"sameAs\":[\"https:\/\/uvbbrasil.com.br\"],\"url\":\"https:\/\/uvbbrasil.com.br\/author\/adminuvb\/\"}]}<\/script>\n<!-- \/ Yoast SEO plugin. -->","yoast_head_json":{"title":"Misiara \u00e9 eleito em Porto Alegre, Presidente do F\u00f3rum de Entidades Estaduais do Legislativo. - UVB Brasil","robots":{"index":"index","follow":"follow","max-snippet":"max-snippet:-1","max-image-preview":"max-image-preview:large","max-video-preview":"max-video-preview:-1"},"canonical":"https:\/\/uvbbrasil.com.br\/misiara-e-eleito-em-porto-alegre-presidente-forum-de-entidades-estaduais-legislativo\/","og_locale":"pt_BR","og_type":"article","og_title":"Misiara \u00e9 eleito em Porto Alegre, Presidente do F\u00f3rum de Entidades Estaduais do Legislativo. - UVB Brasil","og_description":"Composto por dezesseis Estados da Federa\u00e7\u00e3o , o F\u00f3rum de Presidentes Estaduais de vereadores, elegeu sua nova diretoria, durante evento...","og_url":"https:\/\/uvbbrasil.com.br\/misiara-e-eleito-em-porto-alegre-presidente-forum-de-entidades-estaduais-legislativo\/","og_site_name":"UVB Brasil","article_publisher":"https:\/\/www.facebook.com\/uvb.vereadoresbrasil","article_published_time":"2019-12-07T11:03:25+00:00","og_image":[{"width":1280,"height":960,"url":"https:\/\/uvbbrasil.com.br\/wp-content\/uploads\/2019\/12\/misiara.jpeg","type":"image\/jpeg"}],"author":"adminuvb","twitter_card":"summary_large_image","twitter_misc":{"Escrito por":"adminuvb","Est. tempo de leitura":"1 minuto"},"schema":{"@context":"https:\/\/schema.org","@graph":[{"@type":"Article","@id":"https:\/\/uvbbrasil.com.br\/misiara-e-eleito-em-porto-alegre-presidente-forum-de-entidades-estaduais-legislativo\/#article","isPartOf":{"@id":"https:\/\/uvbbrasil.com.br\/misiara-e-eleito-em-porto-alegre-presidente-forum-de-entidades-estaduais-legislativo\/"},"author":{"name":"adminuvb","@id":"https:\/\/uvbbrasil.com.br\/#\/schema\/person\/17990098446c098f52effddff4f1b272"},"headline":"Misiara \u00e9 eleito em Porto Alegre, Presidente do F\u00f3rum de Entidades Estaduais do Legislativo.","datePublished":"2019-12-07T11:03:25+00:00","mainEntityOfPage":{"@id":"https:\/\/uvbbrasil.com.br\/misiara-e-eleito-em-porto-alegre-presidente-forum-de-entidades-estaduais-legislativo\/"},"wordCount":249,"commentCount":0,"publisher":{"@id":"https:\/\/uvbbrasil.com.br\/#organization"},"image":{"@id":"https:\/\/uvbbrasil.com.br\/misiara-e-eleito-em-porto-alegre-presidente-forum-de-entidades-estaduais-legislativo\/#primaryimage"},"thumbnailUrl":"https:\/\/uvbbrasil.com.br\/wp-content\/uploads\/2019\/12\/misiara.jpeg","articleSection":["NOT\u00cdCIAS","UVB"],"inLanguage":"pt-BR","potentialAction":[{"@type":"CommentAction","name":"Comment","target":["https:\/\/uvbbrasil.com.br\/misiara-e-eleito-em-porto-alegre-presidente-forum-de-entidades-estaduais-legislativo\/#respond"]}]},{"@type":"WebPage","@id":"https:\/\/uvbbrasil.com.br\/misiara-e-eleito-em-porto-alegre-presidente-forum-de-entidades-estaduais-legislativo\/","url":"https:\/\/uvbbrasil.com.br\/misiara-e-eleito-em-porto-alegre-presidente-forum-de-entidades-estaduais-legislativo\/","name":"Misiara \u00e9 eleito em Porto Alegre, Presidente do F\u00f3rum de Entidades Estaduais do Legislativo. - UVB Brasil","isPartOf":{"@id":"https:\/\/uvbbrasil.com.br\/#website"},"primaryImageOfPage":{"@id":"https:\/\/uvbbrasil.com.br\/misiara-e-eleito-em-porto-alegre-presidente-forum-de-entidades-estaduais-legislativo\/#primaryimage"},"image":{"@id":"https:\/\/uvbbrasil.com.br\/misiara-e-eleito-em-porto-alegre-presidente-forum-de-entidades-estaduais-legislativo\/#primaryimage"},"thumbnailUrl":"https:\/\/uvbbrasil.com.br\/wp-content\/uploads\/2019\/12\/misiara.jpeg","datePublished":"2019-12-07T11:03:25+00:00","breadcrumb":{"@id":"https:\/\/uvbbrasil.com.br\/misiara-e-eleito-em-porto-alegre-presidente-forum-de-entidades-estaduais-legislativo\/#breadcrumb"},"inLanguage":"pt-BR","potentialAction":[{"@type":"ReadAction","target":["https:\/\/uvbbrasil.com.br\/misiara-e-eleito-em-porto-alegre-presidente-forum-de-entidades-estaduais-legislativo\/"]}]},{"@type":"ImageObject","inLanguage":"pt-BR","@id":"https:\/\/uvbbrasil.com.br\/misiara-e-eleito-em-porto-alegre-presidente-forum-de-entidades-estaduais-legislativo\/#primaryimage","url":"https:\/\/uvbbrasil.com.br\/wp-content\/uploads\/2019\/12\/misiara.jpeg","contentUrl":"https:\/\/uvbbrasil.com.br\/wp-content\/uploads\/2019\/12\/misiara.jpeg","width":1280,"height":960},{"@type":"BreadcrumbList","@id":"https:\/\/uvbbrasil.com.br\/misiara-e-eleito-em-porto-alegre-presidente-forum-de-entidades-estaduais-legislativo\/#breadcrumb","itemListElement":[{"@type":"ListItem","position":1,"name":"In\u00edcio","item":"https:\/\/uvbbrasil.com.br\/"},{"@type":"ListItem","position":2,"name":"Misiara \u00e9 eleito em Porto Alegre, Presidente do F\u00f3rum de Entidades Estaduais do Legislativo."}]},{"@type":"WebSite","@id":"https:\/\/uvbbrasil.com.br\/#website","url":"https:\/\/uvbbrasil.com.br\/","name":"UVB Brasil","description":"Uni\u00e3o dos Vereadores do Brasil","publisher":{"@id":"https:\/\/uvbbrasil.com.br\/#organization"},"potentialAction":[{"@type":"SearchAction","target":{"@type":"EntryPoint","urlTemplate":"https:\/\/uvbbrasil.com.br\/?s={search_term_string}"},"query-input":{"@type":"PropertyValueSpecification","valueRequired":true,"valueName":"search_term_string"}}],"inLanguage":"pt-BR"},{"@type":"Organization","@id":"https:\/\/uvbbrasil.com.br\/#organization","name":"UVB Brasil","url":"https:\/\/uvbbrasil.com.br\/","logo":{"@type":"ImageObject","inLanguage":"pt-BR","@id":"https:\/\/uvbbrasil.com.br\/#\/schema\/logo\/image\/","url":"https:\/\/uvbbrasil.com.br\/wp-content\/uploads\/2025\/01\/LOGO-UVB-2024-azul-1.jpg","contentUrl":"https:\/\/uvbbrasil.com.br\/wp-content\/uploads\/2025\/01\/LOGO-UVB-2024-azul-1.jpg","width":600,"height":211,"caption":"UVB Brasil"},"image":{"@id":"https:\/\/uvbbrasil.com.br\/#\/schema\/logo\/image\/"},"sameAs":["https:\/\/www.facebook.com\/uvb.vereadoresbrasil","https:\/\/www.instagram.com\/uvbbrasil\/","https:\/\/www.youtube.com\/channel\/UCIlPQ8Xzw5GHNzosQIg9S5A"]},{"@type":"Person","@id":"https:\/\/uvbbrasil.com.br\/#\/schema\/person\/17990098446c098f52effddff4f1b272","name":"adminuvb","image":{"@type":"ImageObject","inLanguage":"pt-BR","@id":"https:\/\/uvbbrasil.com.br\/#\/schema\/person\/image\/","url":"https:\/\/secure.gravatar.com\/avatar\/1a494ea6f8e2dd1ae526e55b0e9497efdba542491e0620d704cccf63c6f77c45?s=96&d=mm&r=g","contentUrl":"https:\/\/secure.gravatar.com\/avatar\/1a494ea6f8e2dd1ae526e55b0e9497efdba542491e0620d704cccf63c6f77c45?s=96&d=mm&r=g","caption":"adminuvb"},"sameAs":["https:\/\/uvbbrasil.com.br"],"url":"https:\/\/uvbbrasil.com.br\/author\/adminuvb\/"}]}},"_links":{"self":[{"href":"https:\/\/uvbbrasil.com.br\/uvb-json\/wp\/v2\/posts\/17158","targetHints":{"allow":["GET"]}}],"collection":[{"href":"https:\/\/uvbbrasil.com.br\/uvb-json\/wp\/v2\/posts"}],"about":[{"href":"https:\/\/uvbbrasil.com.br\/uvb-json\/wp\/v2\/types\/post"}],"author":[{"embeddable":true,"href":"https:\/\/uvbbrasil.com.br\/uvb-json\/wp\/v2\/users\/1"}],"replies":[{"embeddable":true,"href":"https:\/\/uvbbrasil.com.br\/uvb-json\/wp\/v2\/comments?post=17158"}],"version-history":[{"count":0,"href":"https:\/\/uvbbrasil.com.br\/uvb-json\/wp\/v2\/posts\/17158\/revisions"}],"wp:featuredmedia":[{"embeddable":true,"href":"https:\/\/uvbbrasil.com.br\/uvb-json\/wp\/v2\/media\/17159"}],"wp:attachment":[{"href":"https:\/\/uvbbrasil.com.br\/uvb-json\/wp\/v2\/media?parent=17158"}],"wp:term":[{"taxonomy":"category","embeddable":true,"href":"https:\/\/uvbbrasil.com.br\/uvb-json\/wp\/v2\/categories?post=17158"},{"taxonomy":"post_tag","embeddable":true,"href":"https:\/\/uvbbrasil.com.br\/uvb-json\/wp\/v2\/tags?post=17158"}],"curies":[{"name":"wp","href":"https:\/\/api.w.org\/{rel}","templated":true}]}}