{"id":17153,"date":"2019-12-07T07:00:54","date_gmt":"2019-12-07T10:00:54","guid":{"rendered":"https:\/\/wpsandbox4.pante.com.br\/?p=17153"},"modified":"2019-12-07T07:00:54","modified_gmt":"2019-12-07T10:00:54","slug":"uvb-homenageia-vereadores-e-entidades-com-o-top-legislativo","status":"publish","type":"post","link":"https:\/\/uvbbrasil.com.br\/uvb-homenageia-vereadores-e-entidades-com-o-top-legislativo\/","title":{"rendered":"UVB homenageia vereadores e entidades com o Top Legislativo"},"content":{"rendered":"<p>A Uni\u00e3o dos Vereadores do Brasil (UVB) prestou hoje (dia 06) uma justa homenagem para 55 vereadores e lideran\u00e7as de entidades representativas do Poder Legislativo Municipal. Sob o comando do presidente da UVB, vereador Gilson Conazatti, a entrega da \u201cMedalha Top Legislativo\u201d e \u201cTrof\u00e9u Personalidade Brasil\u201d reuniu na mesa de trabalhos a presidente do TER-RS, Marilene Bonzanini, o presidente da Uni\u00e3o dos Vereadores de S\u00e3o Paulo, Sebasti\u00e3o Misiara, o deputado estadual Tiago Simon e dois \u00edcones da pol\u00edtica ga\u00facha, os ex-governadores Alceu Collares e Pedro Simon.<\/p>\n<p>TOP LEGISLATIVO 2019<\/p>\n<p>VEREADORES HOMENAGEADOS:<br \/>\n. CRISTIANE CARINE JOST HARTMANN \u2013 VEREADORA PRESIDENTE DA C\u00c2MARA DE LAGOA DOS TRES CANTOS \u2013 RS<br \/>\n. JULIANO MARINHO \u2013 PRESIDENTE DA C\u00c2MARA DE VEREADORES DE ALVORADA \u2013 RS<br \/>\n. LUCIANO MORESCO \u2013 PRESIDENTE DA C\u00c2MARA DE VEREADORES DE ENCANTADO \u2013 RS<br \/>\n. SUELI LODI \u2013 PRESIDENTE DA C\u00c2MARA DE ARVOREZINHA \u2013 RS<br \/>\n. S\u00c9RGIO REIF \u2013 PRESIDENTE DA C\u00c2MARA DE POUSO REDONDO \u2013 SC<br \/>\n. ADEMIR CAETANO \u2013 PRESIDENTE DA C\u00c2MARA DE LAURENTINO \u2013 SC<br \/>\n. FABIANA SILVEIRA GALV\u00c3O \u2013 DE RIBAS DO RIO PARDO \u2013 MS<br \/>\n. BRUNO RENATO DOS SANTOS MARTINS \u2013 PRESIDENTE DA C\u00c2MARA DE BARCARENA \u2013 PA<br \/>\n. APARECIDA DE F\u00c1TIMA NEVES PEREIRA \u2013 BARROS CASSAL-RS<br \/>\n. SIMONE OLIVEIRA BATISTA \u2013 SIMONE XUCRA \u2013 DE \u00c1GUA CLARA \u2013 MS<br \/>\n. DAVI PERINI VERMELHO \u2013 DA C\u00c2MARA DE S\u00c3O JO\u00c3O DO MERITI \u2013 RJ<br \/>\n. MARANT AZEVEDO \u2013 DIAS D\u00b4 \u00c1VILA \u2013 BA<br \/>\n. NEIRIBERTO MARTINS DA SILVA ERTHAL \u2013 PRESIDENTE DA C\u00c2MARA DE QUER\u00caNCIA \u2013 MT<br \/>\n. JOS\u00c9 SIDERLANE MENDON\u00c7A \u2013 VEREADOR DE MACEI\u00d3 \u2013 AL<br \/>\n. SEBASTI\u00c3O COSTA MAMEDE \u2013 PARA\u00cdBA \u2013 VEREADOR DE NOVA PRATA \u2013 RS<br \/>\n. CARLOS MAR\u00c7AL DEMARCHI \u2013 VEREADOR DE ATALANTA -SC<br \/>\n. ALEX NASCIMENTO-VEREADOR DE DION\u00cdSIO CERQUEIRA-SC<br \/>\n. FABIO SACCON- VEREADOR DE CAMPINAS DO SUL-RS.<br \/>\n. DEBORA REGIS DOS SANTOS FILHA \u2013 VEREADORA DE LAURO DE FREITAS \u2013 BA<br \/>\n. AIRTON SARDO \u2013 POUSO REDONDO \u2013 SC<br \/>\n. ALTAIR TORRES DE LIMA PIANC\u00d3 \u2013 PRESIDENTE DA C\u00c2MARA DE IGACI \u2013 AL<br \/>\n. JOS\u00c9 ELTON DE MORAES \u2013 SOLEDADE \u2013 RS<br \/>\n. ALISON MORAES \u2013 MARAC\u00c1S \u2013 BA<br \/>\n. REMI ANT\u00d4NIO SULZBACHER \u2013 VEREADOR DE PINHALZINHO \u2013 SC<br \/>\n. IDENIO RIBEIRO \u2013 VANINI \u2013 RS<br \/>\n. EUDES MIRANDA \u2013 PRESIDENTE \u2013 GUAMAR\u00c9 \u2013 RN<br \/>\n. JUAREZ MARQUES \u2013 TRAMANDA\u00cd \u2013 RS<br \/>\n. MIGUEL ADONES DE CAMPOS \u2013 SOLEDADE \u2013 RS<br \/>\n. ROGACIANO SILVA \u2013 PASTOR ROGACIANO \u2013 BONITO-PE<br \/>\n. EVEREALDO QUADROS \u2013 PRES. DA ASS. DAS CAMARAS MUNICIPAIS DA REGI\u00c3O DO ALTO DO JACU\u00cd -RS (ASCAMAJA)<br \/>\n. DANILO FALC\u00c3O \u2013 ADVOGADO, ASSESSOR E T\u00c9CNICO LEGISLATIVO \u2013 ARACAJ\u00da \u2013 SERGIPE<br \/>\n. WAGNER FREITAS \u2013 ASSESSOR \u2013 TRAMANDA\u00cd<br \/>\n. C\u00c2MARA MUNICIPAL DE TOLEDO \u2013 TOLEDO \u2013 PR, REPRESENTADA PELO PRES. VER. ANT\u00d4NIO S\u00c9RGIO ZOIO DE FREITAS \u2013 TOLEDO<\/p>\n<p>REPRESENTANTES DE ENTIDADES<br \/>\n. SILVIA MELO \u2013 PRESIDENTE EXECUITVA DA UVESP, COORDENADORA GERAL DO CONEXIDADES<br \/>\n. ANIZIO AMORIM \u2013 SUPERINTENDENTE UVB \u2013 NORDESTE<br \/>\n. ELCIO BONACOLCI \u2013 MEMBRO DO CONSELHO FISCAL DA UVB \u2013 VEREADOR DE LAURENTINO -SC<br \/>\n. EDINOR DE ALBUQUERQUE MELO \u2013 SUPERINTENDENTE DA UVB NO ESTADO DO RIO GRANDE DO NORTE E VICE-PRESIDENTE DA UNI\u00c3O DOS VEREADORES DO ESTADO DO RIO GRANDE DO NORTE \u2013 UVERN<br \/>\n. ASAF SOBRINHO \u2013 PRESIDENTE DA UNI\u00c3O DAS C\u00c2MARAS E VEREADORES DO ESTADO DO MARANH\u00c3O \u2013 UVCM<br \/>\n. JULIO MAKUCH \u2013 PRESIDENTE DA UNI\u00c3O DOS VEREADORES DO ESTADO DO PARAN\u00c1 \u2013 UVEPAR<br \/>\n. VALDECIR GONZATTI \u2013 CONSELHO FISCAL DA UVB \u2013 VEREADOR DE ENCANTADO \u2013RS<br \/>\n. JER\u00c7ON REIS SANTANA \u2013 SUPERINTENDENTE DA UVB NOESTADO DO PARAN\u00c1<br \/>\n. CARLOS EDUARDO BARBOSA \u2013 CADU \u2013 COORDENADOR NACIONAL DA UVB CAUSA ANIMAL \u2013 VERADOR DE PRAIA GRANDE -SP<br \/>\n. GIVANILDO SILVA \u2013 PRESIDENTE DA C\u00c3MARA DE ITU E SUPERINTENDENTE DA UVB NA REGI\u00c3O METROPOLITANA DE SOROCABA \u2013 SP<br \/>\n. FERNANDO MALTA \u2013 SUPERINTENDENTE DA UVB NO ESTADO DE ALAGOAS<br \/>\n. ILMAR DALLA COSTA \u2013 SUPERINTEDENTE DA UVESC \u2013 NESTE ATO REPRESENTADO PELO SENHOR CRISTIANO MOTA<\/p>\n<p>COMUNICA\u00c7\u00c3O<br \/>\n. LUCIO VAZ \u2013 DIRETOR DA REVISTA EM EVID\u00caNCIA \u2013 PORTO ALEGRE \u2013 RS<br \/>\n. FELIPE GERLING \u2013 DIRETOR DA REVISTA LIDERAN\u00c7AS \u2013CARAZINHO \u2013 RS<br \/>\n. CARLOS MANHANELLI \u2013 PRESIDENTE DA ASSOCIA\u00c7\u00c3O BRASILEIRA DE CONSULTORES POL\u00cdTICOS \u2013 ABICOP<\/p>\n<p>TROF\u00c9U PERSONALIDADE BRASIL 2019<br \/>\n. ALCEU DE DEUS COLLARES \u2013 EX-GOVERNADOR RS<br \/>\n. ALFREDO GASPAR MENDON\u00c7A \u2013 PROCURADOR GERAL DA JUSTI\u00c7A DO ESTADO DE ALAGOAS<br \/>\n. PEDRO SIMON- EX-GOVERNADOR RS-<br \/>\n. DRA MARILENE BONZANINI- PRESIDENTE TRE\/RS-<br \/>\n. SEBASTI\u00c3O MISIARA \u2013 50 ANOS DE DEFESA DO MUNICIPAILISMO \u2013 PRES UVESP<\/p>\n<p><a href=\"https:\/\/uvbbrasil.com.br\/?attachment_id=17155\" rel=\"attachment wp-att-17155\"><img fetchpriority=\"high\" decoding=\"async\" class=\"aligncenter size-full wp-image-17155\" src=\"https:\/\/uvbbrasil.com.br\/wp-content\/uploads\/2019\/12\/top-2.jpeg\" alt=\"\" width=\"1280\" height=\"605\" srcset=\"https:\/\/uvbbrasil.com.br\/wp-content\/uploads\/2019\/12\/top-2.jpeg 1280w, https:\/\/uvbbrasil.com.br\/wp-content\/uploads\/2019\/12\/top-2-300x142.jpeg 300w, https:\/\/uvbbrasil.com.br\/wp-content\/uploads\/2019\/12\/top-2-1024x484.jpeg 1024w, https:\/\/uvbbrasil.com.br\/wp-content\/uploads\/2019\/12\/top-2-768x363.jpeg 768w\" sizes=\"(max-width: 1280px) 100vw, 1280px\" \/><\/a><\/p>\n<p><a href=\"https:\/\/uvbbrasil.com.br\/?attachment_id=17154\" rel=\"attachment wp-att-17154\"><img decoding=\"async\" class=\"aligncenter size-full wp-image-17154\" src=\"https:\/\/uvbbrasil.com.br\/wp-content\/uploads\/2019\/12\/top.jpeg\" alt=\"\" width=\"1280\" height=\"605\" srcset=\"https:\/\/uvbbrasil.com.br\/wp-content\/uploads\/2019\/12\/top.jpeg 1280w, https:\/\/uvbbrasil.com.br\/wp-content\/uploads\/2019\/12\/top-300x142.jpeg 300w, https:\/\/uvbbrasil.com.br\/wp-content\/uploads\/2019\/12\/top-1024x484.jpeg 1024w, https:\/\/uvbbrasil.com.br\/wp-content\/uploads\/2019\/12\/top-768x363.jpeg 768w\" sizes=\"(max-width: 1280px) 100vw, 1280px\" \/><\/a><\/p>\n","protected":false},"excerpt":{"rendered":"<p>A Uni\u00e3o dos Vereadores do Brasil (UVB) prestou hoje (dia 06) uma justa homenagem para 55 vereadores e lideran\u00e7as de&#8230;<\/p>\n","protected":false},"author":1,"featured_media":17155,"comment_status":"open","ping_status":"open","sticky":false,"template":"","format":"standard","meta":{"footnotes":""},"categories":[3,4],"tags":[],"class_list":["post-17153","post","type-post","status-publish","format-standard","has-post-thumbnail","hentry","category-noticias","category-home"],"yoast_head":"<!-- This site is optimized with the Yoast SEO plugin v26.7 - https:\/\/yoast.com\/wordpress\/plugins\/seo\/ -->\n<title>UVB homenageia vereadores e entidades com o Top Legislativo - UVB Brasil<\/title>\n<meta name=\"robots\" content=\"index, follow, max-snippet:-1, max-image-preview:large, max-video-preview:-1\" \/>\n<link rel=\"canonical\" href=\"https:\/\/uvbbrasil.com.br\/uvb-homenageia-vereadores-e-entidades-com-o-top-legislativo\/\" \/>\n<meta property=\"og:locale\" content=\"pt_BR\" \/>\n<meta property=\"og:type\" content=\"article\" \/>\n<meta property=\"og:title\" content=\"UVB homenageia vereadores e entidades com o Top Legislativo - UVB Brasil\" \/>\n<meta property=\"og:description\" content=\"A Uni\u00e3o dos Vereadores do Brasil (UVB) prestou hoje (dia 06) uma justa homenagem para 55 vereadores e lideran\u00e7as de...\" \/>\n<meta property=\"og:url\" content=\"https:\/\/uvbbrasil.com.br\/uvb-homenageia-vereadores-e-entidades-com-o-top-legislativo\/\" \/>\n<meta property=\"og:site_name\" content=\"UVB Brasil\" \/>\n<meta property=\"article:publisher\" content=\"https:\/\/www.facebook.com\/uvb.vereadoresbrasil\" \/>\n<meta property=\"article:published_time\" content=\"2019-12-07T10:00:54+00:00\" \/>\n<meta property=\"og:image\" content=\"https:\/\/uvbbrasil.com.br\/wp-content\/uploads\/2019\/12\/top-2.jpeg\" \/>\n\t<meta property=\"og:image:width\" content=\"1280\" \/>\n\t<meta property=\"og:image:height\" content=\"605\" \/>\n\t<meta property=\"og:image:type\" content=\"image\/jpeg\" \/>\n<meta name=\"author\" content=\"adminuvb\" \/>\n<meta name=\"twitter:card\" content=\"summary_large_image\" \/>\n<meta name=\"twitter:label1\" content=\"Escrito por\" \/>\n\t<meta name=\"twitter:data1\" content=\"adminuvb\" \/>\n\t<meta name=\"twitter:label2\" content=\"Est. tempo de leitura\" \/>\n\t<meta name=\"twitter:data2\" content=\"3 minutos\" \/>\n<script type=\"application\/ld+json\" class=\"yoast-schema-graph\">{\"@context\":\"https:\/\/schema.org\",\"@graph\":[{\"@type\":\"Article\",\"@id\":\"https:\/\/uvbbrasil.com.br\/uvb-homenageia-vereadores-e-entidades-com-o-top-legislativo\/#article\",\"isPartOf\":{\"@id\":\"https:\/\/uvbbrasil.com.br\/uvb-homenageia-vereadores-e-entidades-com-o-top-legislativo\/\"},\"author\":{\"name\":\"adminuvb\",\"@id\":\"https:\/\/uvbbrasil.com.br\/#\/schema\/person\/17990098446c098f52effddff4f1b272\"},\"headline\":\"UVB homenageia vereadores e entidades com o Top Legislativo\",\"datePublished\":\"2019-12-07T10:00:54+00:00\",\"mainEntityOfPage\":{\"@id\":\"https:\/\/uvbbrasil.com.br\/uvb-homenageia-vereadores-e-entidades-com-o-top-legislativo\/\"},\"wordCount\":647,\"commentCount\":0,\"publisher\":{\"@id\":\"https:\/\/uvbbrasil.com.br\/#organization\"},\"image\":{\"@id\":\"https:\/\/uvbbrasil.com.br\/uvb-homenageia-vereadores-e-entidades-com-o-top-legislativo\/#primaryimage\"},\"thumbnailUrl\":\"https:\/\/uvbbrasil.com.br\/wp-content\/uploads\/2019\/12\/top-2.jpeg\",\"articleSection\":[\"NOT\u00cdCIAS\",\"UVB\"],\"inLanguage\":\"pt-BR\",\"potentialAction\":[{\"@type\":\"CommentAction\",\"name\":\"Comment\",\"target\":[\"https:\/\/uvbbrasil.com.br\/uvb-homenageia-vereadores-e-entidades-com-o-top-legislativo\/#respond\"]}]},{\"@type\":\"WebPage\",\"@id\":\"https:\/\/uvbbrasil.com.br\/uvb-homenageia-vereadores-e-entidades-com-o-top-legislativo\/\",\"url\":\"https:\/\/uvbbrasil.com.br\/uvb-homenageia-vereadores-e-entidades-com-o-top-legislativo\/\",\"name\":\"UVB homenageia vereadores e entidades com o Top Legislativo - UVB Brasil\",\"isPartOf\":{\"@id\":\"https:\/\/uvbbrasil.com.br\/#website\"},\"primaryImageOfPage\":{\"@id\":\"https:\/\/uvbbrasil.com.br\/uvb-homenageia-vereadores-e-entidades-com-o-top-legislativo\/#primaryimage\"},\"image\":{\"@id\":\"https:\/\/uvbbrasil.com.br\/uvb-homenageia-vereadores-e-entidades-com-o-top-legislativo\/#primaryimage\"},\"thumbnailUrl\":\"https:\/\/uvbbrasil.com.br\/wp-content\/uploads\/2019\/12\/top-2.jpeg\",\"datePublished\":\"2019-12-07T10:00:54+00:00\",\"breadcrumb\":{\"@id\":\"https:\/\/uvbbrasil.com.br\/uvb-homenageia-vereadores-e-entidades-com-o-top-legislativo\/#breadcrumb\"},\"inLanguage\":\"pt-BR\",\"potentialAction\":[{\"@type\":\"ReadAction\",\"target\":[\"https:\/\/uvbbrasil.com.br\/uvb-homenageia-vereadores-e-entidades-com-o-top-legislativo\/\"]}]},{\"@type\":\"ImageObject\",\"inLanguage\":\"pt-BR\",\"@id\":\"https:\/\/uvbbrasil.com.br\/uvb-homenageia-vereadores-e-entidades-com-o-top-legislativo\/#primaryimage\",\"url\":\"https:\/\/uvbbrasil.com.br\/wp-content\/uploads\/2019\/12\/top-2.jpeg\",\"contentUrl\":\"https:\/\/uvbbrasil.com.br\/wp-content\/uploads\/2019\/12\/top-2.jpeg\",\"width\":1280,\"height\":605},{\"@type\":\"BreadcrumbList\",\"@id\":\"https:\/\/uvbbrasil.com.br\/uvb-homenageia-vereadores-e-entidades-com-o-top-legislativo\/#breadcrumb\",\"itemListElement\":[{\"@type\":\"ListItem\",\"position\":1,\"name\":\"In\u00edcio\",\"item\":\"https:\/\/uvbbrasil.com.br\/\"},{\"@type\":\"ListItem\",\"position\":2,\"name\":\"UVB homenageia vereadores e entidades com o Top Legislativo\"}]},{\"@type\":\"WebSite\",\"@id\":\"https:\/\/uvbbrasil.com.br\/#website\",\"url\":\"https:\/\/uvbbrasil.com.br\/\",\"name\":\"UVB Brasil\",\"description\":\"Uni\u00e3o dos Vereadores do Brasil\",\"publisher\":{\"@id\":\"https:\/\/uvbbrasil.com.br\/#organization\"},\"potentialAction\":[{\"@type\":\"SearchAction\",\"target\":{\"@type\":\"EntryPoint\",\"urlTemplate\":\"https:\/\/uvbbrasil.com.br\/?s={search_term_string}\"},\"query-input\":{\"@type\":\"PropertyValueSpecification\",\"valueRequired\":true,\"valueName\":\"search_term_string\"}}],\"inLanguage\":\"pt-BR\"},{\"@type\":\"Organization\",\"@id\":\"https:\/\/uvbbrasil.com.br\/#organization\",\"name\":\"UVB Brasil\",\"url\":\"https:\/\/uvbbrasil.com.br\/\",\"logo\":{\"@type\":\"ImageObject\",\"inLanguage\":\"pt-BR\",\"@id\":\"https:\/\/uvbbrasil.com.br\/#\/schema\/logo\/image\/\",\"url\":\"https:\/\/uvbbrasil.com.br\/wp-content\/uploads\/2025\/01\/LOGO-UVB-2024-azul-1.jpg\",\"contentUrl\":\"https:\/\/uvbbrasil.com.br\/wp-content\/uploads\/2025\/01\/LOGO-UVB-2024-azul-1.jpg\",\"width\":600,\"height\":211,\"caption\":\"UVB Brasil\"},\"image\":{\"@id\":\"https:\/\/uvbbrasil.com.br\/#\/schema\/logo\/image\/\"},\"sameAs\":[\"https:\/\/www.facebook.com\/uvb.vereadoresbrasil\",\"https:\/\/www.instagram.com\/uvbbrasil\/\",\"https:\/\/www.youtube.com\/channel\/UCIlPQ8Xzw5GHNzosQIg9S5A\"]},{\"@type\":\"Person\",\"@id\":\"https:\/\/uvbbrasil.com.br\/#\/schema\/person\/17990098446c098f52effddff4f1b272\",\"name\":\"adminuvb\",\"image\":{\"@type\":\"ImageObject\",\"inLanguage\":\"pt-BR\",\"@id\":\"https:\/\/uvbbrasil.com.br\/#\/schema\/person\/image\/\",\"url\":\"https:\/\/secure.gravatar.com\/avatar\/1a494ea6f8e2dd1ae526e55b0e9497efdba542491e0620d704cccf63c6f77c45?s=96&d=mm&r=g\",\"contentUrl\":\"https:\/\/secure.gravatar.com\/avatar\/1a494ea6f8e2dd1ae526e55b0e9497efdba542491e0620d704cccf63c6f77c45?s=96&d=mm&r=g\",\"caption\":\"adminuvb\"},\"sameAs\":[\"https:\/\/uvbbrasil.com.br\"],\"url\":\"https:\/\/uvbbrasil.com.br\/author\/adminuvb\/\"}]}<\/script>\n<!-- \/ Yoast SEO plugin. -->","yoast_head_json":{"title":"UVB homenageia vereadores e entidades com o Top Legislativo - UVB Brasil","robots":{"index":"index","follow":"follow","max-snippet":"max-snippet:-1","max-image-preview":"max-image-preview:large","max-video-preview":"max-video-preview:-1"},"canonical":"https:\/\/uvbbrasil.com.br\/uvb-homenageia-vereadores-e-entidades-com-o-top-legislativo\/","og_locale":"pt_BR","og_type":"article","og_title":"UVB homenageia vereadores e entidades com o Top Legislativo - UVB Brasil","og_description":"A Uni\u00e3o dos Vereadores do Brasil (UVB) prestou hoje (dia 06) uma justa homenagem para 55 vereadores e lideran\u00e7as de...","og_url":"https:\/\/uvbbrasil.com.br\/uvb-homenageia-vereadores-e-entidades-com-o-top-legislativo\/","og_site_name":"UVB Brasil","article_publisher":"https:\/\/www.facebook.com\/uvb.vereadoresbrasil","article_published_time":"2019-12-07T10:00:54+00:00","og_image":[{"width":1280,"height":605,"url":"https:\/\/uvbbrasil.com.br\/wp-content\/uploads\/2019\/12\/top-2.jpeg","type":"image\/jpeg"}],"author":"adminuvb","twitter_card":"summary_large_image","twitter_misc":{"Escrito por":"adminuvb","Est. tempo de leitura":"3 minutos"},"schema":{"@context":"https:\/\/schema.org","@graph":[{"@type":"Article","@id":"https:\/\/uvbbrasil.com.br\/uvb-homenageia-vereadores-e-entidades-com-o-top-legislativo\/#article","isPartOf":{"@id":"https:\/\/uvbbrasil.com.br\/uvb-homenageia-vereadores-e-entidades-com-o-top-legislativo\/"},"author":{"name":"adminuvb","@id":"https:\/\/uvbbrasil.com.br\/#\/schema\/person\/17990098446c098f52effddff4f1b272"},"headline":"UVB homenageia vereadores e entidades com o Top Legislativo","datePublished":"2019-12-07T10:00:54+00:00","mainEntityOfPage":{"@id":"https:\/\/uvbbrasil.com.br\/uvb-homenageia-vereadores-e-entidades-com-o-top-legislativo\/"},"wordCount":647,"commentCount":0,"publisher":{"@id":"https:\/\/uvbbrasil.com.br\/#organization"},"image":{"@id":"https:\/\/uvbbrasil.com.br\/uvb-homenageia-vereadores-e-entidades-com-o-top-legislativo\/#primaryimage"},"thumbnailUrl":"https:\/\/uvbbrasil.com.br\/wp-content\/uploads\/2019\/12\/top-2.jpeg","articleSection":["NOT\u00cdCIAS","UVB"],"inLanguage":"pt-BR","potentialAction":[{"@type":"CommentAction","name":"Comment","target":["https:\/\/uvbbrasil.com.br\/uvb-homenageia-vereadores-e-entidades-com-o-top-legislativo\/#respond"]}]},{"@type":"WebPage","@id":"https:\/\/uvbbrasil.com.br\/uvb-homenageia-vereadores-e-entidades-com-o-top-legislativo\/","url":"https:\/\/uvbbrasil.com.br\/uvb-homenageia-vereadores-e-entidades-com-o-top-legislativo\/","name":"UVB homenageia vereadores e entidades com o Top Legislativo - UVB Brasil","isPartOf":{"@id":"https:\/\/uvbbrasil.com.br\/#website"},"primaryImageOfPage":{"@id":"https:\/\/uvbbrasil.com.br\/uvb-homenageia-vereadores-e-entidades-com-o-top-legislativo\/#primaryimage"},"image":{"@id":"https:\/\/uvbbrasil.com.br\/uvb-homenageia-vereadores-e-entidades-com-o-top-legislativo\/#primaryimage"},"thumbnailUrl":"https:\/\/uvbbrasil.com.br\/wp-content\/uploads\/2019\/12\/top-2.jpeg","datePublished":"2019-12-07T10:00:54+00:00","breadcrumb":{"@id":"https:\/\/uvbbrasil.com.br\/uvb-homenageia-vereadores-e-entidades-com-o-top-legislativo\/#breadcrumb"},"inLanguage":"pt-BR","potentialAction":[{"@type":"ReadAction","target":["https:\/\/uvbbrasil.com.br\/uvb-homenageia-vereadores-e-entidades-com-o-top-legislativo\/"]}]},{"@type":"ImageObject","inLanguage":"pt-BR","@id":"https:\/\/uvbbrasil.com.br\/uvb-homenageia-vereadores-e-entidades-com-o-top-legislativo\/#primaryimage","url":"https:\/\/uvbbrasil.com.br\/wp-content\/uploads\/2019\/12\/top-2.jpeg","contentUrl":"https:\/\/uvbbrasil.com.br\/wp-content\/uploads\/2019\/12\/top-2.jpeg","width":1280,"height":605},{"@type":"BreadcrumbList","@id":"https:\/\/uvbbrasil.com.br\/uvb-homenageia-vereadores-e-entidades-com-o-top-legislativo\/#breadcrumb","itemListElement":[{"@type":"ListItem","position":1,"name":"In\u00edcio","item":"https:\/\/uvbbrasil.com.br\/"},{"@type":"ListItem","position":2,"name":"UVB homenageia vereadores e entidades com o Top Legislativo"}]},{"@type":"WebSite","@id":"https:\/\/uvbbrasil.com.br\/#website","url":"https:\/\/uvbbrasil.com.br\/","name":"UVB Brasil","description":"Uni\u00e3o dos Vereadores do Brasil","publisher":{"@id":"https:\/\/uvbbrasil.com.br\/#organization"},"potentialAction":[{"@type":"SearchAction","target":{"@type":"EntryPoint","urlTemplate":"https:\/\/uvbbrasil.com.br\/?s={search_term_string}"},"query-input":{"@type":"PropertyValueSpecification","valueRequired":true,"valueName":"search_term_string"}}],"inLanguage":"pt-BR"},{"@type":"Organization","@id":"https:\/\/uvbbrasil.com.br\/#organization","name":"UVB Brasil","url":"https:\/\/uvbbrasil.com.br\/","logo":{"@type":"ImageObject","inLanguage":"pt-BR","@id":"https:\/\/uvbbrasil.com.br\/#\/schema\/logo\/image\/","url":"https:\/\/uvbbrasil.com.br\/wp-content\/uploads\/2025\/01\/LOGO-UVB-2024-azul-1.jpg","contentUrl":"https:\/\/uvbbrasil.com.br\/wp-content\/uploads\/2025\/01\/LOGO-UVB-2024-azul-1.jpg","width":600,"height":211,"caption":"UVB Brasil"},"image":{"@id":"https:\/\/uvbbrasil.com.br\/#\/schema\/logo\/image\/"},"sameAs":["https:\/\/www.facebook.com\/uvb.vereadoresbrasil","https:\/\/www.instagram.com\/uvbbrasil\/","https:\/\/www.youtube.com\/channel\/UCIlPQ8Xzw5GHNzosQIg9S5A"]},{"@type":"Person","@id":"https:\/\/uvbbrasil.com.br\/#\/schema\/person\/17990098446c098f52effddff4f1b272","name":"adminuvb","image":{"@type":"ImageObject","inLanguage":"pt-BR","@id":"https:\/\/uvbbrasil.com.br\/#\/schema\/person\/image\/","url":"https:\/\/secure.gravatar.com\/avatar\/1a494ea6f8e2dd1ae526e55b0e9497efdba542491e0620d704cccf63c6f77c45?s=96&d=mm&r=g","contentUrl":"https:\/\/secure.gravatar.com\/avatar\/1a494ea6f8e2dd1ae526e55b0e9497efdba542491e0620d704cccf63c6f77c45?s=96&d=mm&r=g","caption":"adminuvb"},"sameAs":["https:\/\/uvbbrasil.com.br"],"url":"https:\/\/uvbbrasil.com.br\/author\/adminuvb\/"}]}},"_links":{"self":[{"href":"https:\/\/uvbbrasil.com.br\/uvb-json\/wp\/v2\/posts\/17153","targetHints":{"allow":["GET"]}}],"collection":[{"href":"https:\/\/uvbbrasil.com.br\/uvb-json\/wp\/v2\/posts"}],"about":[{"href":"https:\/\/uvbbrasil.com.br\/uvb-json\/wp\/v2\/types\/post"}],"author":[{"embeddable":true,"href":"https:\/\/uvbbrasil.com.br\/uvb-json\/wp\/v2\/users\/1"}],"replies":[{"embeddable":true,"href":"https:\/\/uvbbrasil.com.br\/uvb-json\/wp\/v2\/comments?post=17153"}],"version-history":[{"count":0,"href":"https:\/\/uvbbrasil.com.br\/uvb-json\/wp\/v2\/posts\/17153\/revisions"}],"wp:featuredmedia":[{"embeddable":true,"href":"https:\/\/uvbbrasil.com.br\/uvb-json\/wp\/v2\/media\/17155"}],"wp:attachment":[{"href":"https:\/\/uvbbrasil.com.br\/uvb-json\/wp\/v2\/media?parent=17153"}],"wp:term":[{"taxonomy":"category","embeddable":true,"href":"https:\/\/uvbbrasil.com.br\/uvb-json\/wp\/v2\/categories?post=17153"},{"taxonomy":"post_tag","embeddable":true,"href":"https:\/\/uvbbrasil.com.br\/uvb-json\/wp\/v2\/tags?post=17153"}],"curies":[{"name":"wp","href":"https:\/\/api.w.org\/{rel}","templated":true}]}}