{"id":17142,"date":"2019-12-06T10:48:25","date_gmt":"2019-12-06T13:48:25","guid":{"rendered":"https:\/\/wpsandbox4.pante.com.br\/?p=17142"},"modified":"2019-12-06T10:48:25","modified_gmt":"2019-12-06T13:48:25","slug":"camara-municipal-de-encantado-rs-apresenta-projetos-no-municipalidades","status":"publish","type":"post","link":"https:\/\/uvbbrasil.com.br\/camara-municipal-de-encantado-rs-apresenta-projetos-no-municipalidades\/","title":{"rendered":"C\u00e2mara municipal de Encantado-RS apresenta projetos no Municipalidades."},"content":{"rendered":"<p>O presidente da C\u00e2mara Municipal de Encantado\/RS, Luciano Moresco acompanhado do vereador, Valdecir Gonzatti em participa\u00e7\u00e3o no Municipalidades- Encontro Nacional de Agentes Pol\u00edticos pelo fortalecimento da cidadania e democracia, apresentaram ao participantes os projetos desenvolvidos no ano de 2019 na c\u00e2mara municipal de\u00a0 Encantado. O primeiro foi a Democracia na escola realizado\u00a0 em parceria com\u00a0 a Uni\u00e3o dos Vereadores do Brasil-UVB e a Secretaria de Educa\u00e7\u00e3o e Cultura do munic\u00edpio de Encantado.<\/p>\n<p>Nesse projeto uma cartilha foi desenvolvida sobre os tr\u00eas poderes, municipal, Estadual e Federal, onde os estudos e relatos foram levados para das escolas. Depois convidaram as escolas municipais, estaduais e escolas particulares a desenvolverem projetos e anteprojetos e ideias inovadoras na tem\u00e1tica, educa\u00e7\u00e3o, sa\u00fade, cidadania e meio ambiente. Participaram do projeto 11 escolas de Encantado e os anteprojetos premiados foram 2 do n\u00edvel Fundamental, 2 do n\u00edvel m\u00e9dio e um da Educa\u00e7\u00e3o de Jovens e Adultos. O envolvimento foi de mais de 1.100 alunos e dezenas de professores. O projeto proporcionou aos grupos de alunos vencedores, viagens de conhecimento para Bras\u00edlia e Porto Alegre\u00a0 com visita aos parlamentos e \u00e0 \u00e1rea da Justi\u00e7a.<a href=\"https:\/\/uvbbrasil.com.br\/?attachment_id=17145\" rel=\"attachment wp-att-17145\"><img fetchpriority=\"high\" decoding=\"async\" class=\"aligncenter size-full wp-image-17145\" src=\"https:\/\/uvbbrasil.com.br\/wp-content\/uploads\/2019\/12\/encantado.jpeg\" alt=\"\" width=\"1280\" height=\"720\" srcset=\"https:\/\/uvbbrasil.com.br\/wp-content\/uploads\/2019\/12\/encantado.jpeg 1280w, https:\/\/uvbbrasil.com.br\/wp-content\/uploads\/2019\/12\/encantado-300x169.jpeg 300w, https:\/\/uvbbrasil.com.br\/wp-content\/uploads\/2019\/12\/encantado-1024x576.jpeg 1024w, https:\/\/uvbbrasil.com.br\/wp-content\/uploads\/2019\/12\/encantado-768x432.jpeg 768w\" sizes=\"(max-width: 1280px) 100vw, 1280px\" \/><\/a><\/p>\n<p>E o segundo projeto desenvolvido pela c\u00e2mara de Encantado \u00e9 o Memoria viva, que atrav\u00e9s de entrevistas e estudos de resgates hist\u00f3ricos do legislativo de encantado, entrevista com ex-vereadores que contaram a sua participa\u00e7\u00e3o, coisa pitoresca da \u00e9poca de vereadores, situa\u00e7\u00f5es importantes, projetos desenvolvidos no munic\u00edpio, ou seja, um resgate atrav\u00e9s do trabalho da c\u00e2mara de vereadores transformado em v\u00eddeo \u00a0document\u00e1rio que est\u00e3o dispon\u00edveis \u00a0na redes sociais\u00a0 como youtube, facebook sendo transmitido hoje em v\u00e1rios lugares do Brasil.<\/p>\n<p>&nbsp;<\/p>\n<p><a href=\"https:\/\/uvbbrasil.com.br\/?attachment_id=17143\" rel=\"attachment wp-att-17143\"><img decoding=\"async\" class=\"aligncenter size-full wp-image-17143\" src=\"https:\/\/uvbbrasil.com.br\/wp-content\/uploads\/2019\/12\/encantado-2.jpeg\" alt=\"\" width=\"605\" height=\"1280\" srcset=\"https:\/\/uvbbrasil.com.br\/wp-content\/uploads\/2019\/12\/encantado-2.jpeg 605w, https:\/\/uvbbrasil.com.br\/wp-content\/uploads\/2019\/12\/encantado-2-142x300.jpeg 142w, https:\/\/uvbbrasil.com.br\/wp-content\/uploads\/2019\/12\/encantado-2-484x1024.jpeg 484w\" sizes=\"(max-width: 605px) 100vw, 605px\" \/><\/a><\/p>\n<p><a href=\"https:\/\/uvbbrasil.com.br\/?attachment_id=17144\" rel=\"attachment wp-att-17144\"><img decoding=\"async\" class=\"aligncenter size-full wp-image-17144\" src=\"https:\/\/uvbbrasil.com.br\/wp-content\/uploads\/2019\/12\/luciano.jpeg\" alt=\"\" width=\"1280\" height=\"605\" srcset=\"https:\/\/uvbbrasil.com.br\/wp-content\/uploads\/2019\/12\/luciano.jpeg 1280w, https:\/\/uvbbrasil.com.br\/wp-content\/uploads\/2019\/12\/luciano-300x142.jpeg 300w, https:\/\/uvbbrasil.com.br\/wp-content\/uploads\/2019\/12\/luciano-1024x484.jpeg 1024w, https:\/\/uvbbrasil.com.br\/wp-content\/uploads\/2019\/12\/luciano-768x363.jpeg 768w\" sizes=\"(max-width: 1280px) 100vw, 1280px\" \/><\/a><\/p>\n<p>&nbsp;<\/p>\n","protected":false},"excerpt":{"rendered":"<p>O presidente da C\u00e2mara Municipal de Encantado\/RS, Luciano Moresco acompanhado do vereador, Valdecir Gonzatti em participa\u00e7\u00e3o no Municipalidades- Encontro Nacional&#8230;<\/p>\n","protected":false},"author":1,"featured_media":17144,"comment_status":"open","ping_status":"open","sticky":false,"template":"","format":"standard","meta":{"footnotes":""},"categories":[3,4],"tags":[],"class_list":["post-17142","post","type-post","status-publish","format-standard","has-post-thumbnail","hentry","category-noticias","category-home"],"yoast_head":"<!-- This site is optimized with the Yoast SEO plugin v26.7 - https:\/\/yoast.com\/wordpress\/plugins\/seo\/ -->\n<title>C\u00e2mara municipal de Encantado-RS apresenta projetos no Municipalidades. - UVB Brasil<\/title>\n<meta name=\"robots\" content=\"index, follow, max-snippet:-1, max-image-preview:large, max-video-preview:-1\" \/>\n<link rel=\"canonical\" href=\"https:\/\/uvbbrasil.com.br\/camara-municipal-de-encantado-rs-apresenta-projetos-no-municipalidades\/\" \/>\n<meta property=\"og:locale\" content=\"pt_BR\" \/>\n<meta property=\"og:type\" content=\"article\" \/>\n<meta property=\"og:title\" content=\"C\u00e2mara municipal de Encantado-RS apresenta projetos no Municipalidades. - UVB Brasil\" \/>\n<meta property=\"og:description\" content=\"O presidente da C\u00e2mara Municipal de Encantado\/RS, Luciano Moresco acompanhado do vereador, Valdecir Gonzatti em participa\u00e7\u00e3o no Municipalidades- Encontro Nacional...\" \/>\n<meta property=\"og:url\" content=\"https:\/\/uvbbrasil.com.br\/camara-municipal-de-encantado-rs-apresenta-projetos-no-municipalidades\/\" \/>\n<meta property=\"og:site_name\" content=\"UVB Brasil\" \/>\n<meta property=\"article:publisher\" content=\"https:\/\/www.facebook.com\/uvb.vereadoresbrasil\" \/>\n<meta property=\"article:published_time\" content=\"2019-12-06T13:48:25+00:00\" \/>\n<meta property=\"og:image\" content=\"https:\/\/uvbbrasil.com.br\/wp-content\/uploads\/2019\/12\/luciano.jpeg\" \/>\n\t<meta property=\"og:image:width\" content=\"1280\" \/>\n\t<meta property=\"og:image:height\" content=\"605\" \/>\n\t<meta property=\"og:image:type\" content=\"image\/jpeg\" \/>\n<meta name=\"author\" content=\"adminuvb\" \/>\n<meta name=\"twitter:card\" content=\"summary_large_image\" \/>\n<meta name=\"twitter:label1\" content=\"Escrito por\" \/>\n\t<meta name=\"twitter:data1\" content=\"adminuvb\" \/>\n\t<meta name=\"twitter:label2\" content=\"Est. tempo de leitura\" \/>\n\t<meta name=\"twitter:data2\" content=\"1 minuto\" \/>\n<script type=\"application\/ld+json\" class=\"yoast-schema-graph\">{\"@context\":\"https:\/\/schema.org\",\"@graph\":[{\"@type\":\"Article\",\"@id\":\"https:\/\/uvbbrasil.com.br\/camara-municipal-de-encantado-rs-apresenta-projetos-no-municipalidades\/#article\",\"isPartOf\":{\"@id\":\"https:\/\/uvbbrasil.com.br\/camara-municipal-de-encantado-rs-apresenta-projetos-no-municipalidades\/\"},\"author\":{\"name\":\"adminuvb\",\"@id\":\"https:\/\/uvbbrasil.com.br\/#\/schema\/person\/17990098446c098f52effddff4f1b272\"},\"headline\":\"C\u00e2mara municipal de Encantado-RS apresenta projetos no Municipalidades.\",\"datePublished\":\"2019-12-06T13:48:25+00:00\",\"mainEntityOfPage\":{\"@id\":\"https:\/\/uvbbrasil.com.br\/camara-municipal-de-encantado-rs-apresenta-projetos-no-municipalidades\/\"},\"wordCount\":299,\"commentCount\":0,\"publisher\":{\"@id\":\"https:\/\/uvbbrasil.com.br\/#organization\"},\"image\":{\"@id\":\"https:\/\/uvbbrasil.com.br\/camara-municipal-de-encantado-rs-apresenta-projetos-no-municipalidades\/#primaryimage\"},\"thumbnailUrl\":\"https:\/\/uvbbrasil.com.br\/wp-content\/uploads\/2019\/12\/luciano.jpeg\",\"articleSection\":[\"NOT\u00cdCIAS\",\"UVB\"],\"inLanguage\":\"pt-BR\",\"potentialAction\":[{\"@type\":\"CommentAction\",\"name\":\"Comment\",\"target\":[\"https:\/\/uvbbrasil.com.br\/camara-municipal-de-encantado-rs-apresenta-projetos-no-municipalidades\/#respond\"]}]},{\"@type\":\"WebPage\",\"@id\":\"https:\/\/uvbbrasil.com.br\/camara-municipal-de-encantado-rs-apresenta-projetos-no-municipalidades\/\",\"url\":\"https:\/\/uvbbrasil.com.br\/camara-municipal-de-encantado-rs-apresenta-projetos-no-municipalidades\/\",\"name\":\"C\u00e2mara municipal de Encantado-RS apresenta projetos no Municipalidades. - UVB Brasil\",\"isPartOf\":{\"@id\":\"https:\/\/uvbbrasil.com.br\/#website\"},\"primaryImageOfPage\":{\"@id\":\"https:\/\/uvbbrasil.com.br\/camara-municipal-de-encantado-rs-apresenta-projetos-no-municipalidades\/#primaryimage\"},\"image\":{\"@id\":\"https:\/\/uvbbrasil.com.br\/camara-municipal-de-encantado-rs-apresenta-projetos-no-municipalidades\/#primaryimage\"},\"thumbnailUrl\":\"https:\/\/uvbbrasil.com.br\/wp-content\/uploads\/2019\/12\/luciano.jpeg\",\"datePublished\":\"2019-12-06T13:48:25+00:00\",\"breadcrumb\":{\"@id\":\"https:\/\/uvbbrasil.com.br\/camara-municipal-de-encantado-rs-apresenta-projetos-no-municipalidades\/#breadcrumb\"},\"inLanguage\":\"pt-BR\",\"potentialAction\":[{\"@type\":\"ReadAction\",\"target\":[\"https:\/\/uvbbrasil.com.br\/camara-municipal-de-encantado-rs-apresenta-projetos-no-municipalidades\/\"]}]},{\"@type\":\"ImageObject\",\"inLanguage\":\"pt-BR\",\"@id\":\"https:\/\/uvbbrasil.com.br\/camara-municipal-de-encantado-rs-apresenta-projetos-no-municipalidades\/#primaryimage\",\"url\":\"https:\/\/uvbbrasil.com.br\/wp-content\/uploads\/2019\/12\/luciano.jpeg\",\"contentUrl\":\"https:\/\/uvbbrasil.com.br\/wp-content\/uploads\/2019\/12\/luciano.jpeg\",\"width\":1280,\"height\":605},{\"@type\":\"BreadcrumbList\",\"@id\":\"https:\/\/uvbbrasil.com.br\/camara-municipal-de-encantado-rs-apresenta-projetos-no-municipalidades\/#breadcrumb\",\"itemListElement\":[{\"@type\":\"ListItem\",\"position\":1,\"name\":\"In\u00edcio\",\"item\":\"https:\/\/uvbbrasil.com.br\/\"},{\"@type\":\"ListItem\",\"position\":2,\"name\":\"C\u00e2mara municipal de Encantado-RS apresenta projetos no Municipalidades.\"}]},{\"@type\":\"WebSite\",\"@id\":\"https:\/\/uvbbrasil.com.br\/#website\",\"url\":\"https:\/\/uvbbrasil.com.br\/\",\"name\":\"UVB Brasil\",\"description\":\"Uni\u00e3o dos Vereadores do Brasil\",\"publisher\":{\"@id\":\"https:\/\/uvbbrasil.com.br\/#organization\"},\"potentialAction\":[{\"@type\":\"SearchAction\",\"target\":{\"@type\":\"EntryPoint\",\"urlTemplate\":\"https:\/\/uvbbrasil.com.br\/?s={search_term_string}\"},\"query-input\":{\"@type\":\"PropertyValueSpecification\",\"valueRequired\":true,\"valueName\":\"search_term_string\"}}],\"inLanguage\":\"pt-BR\"},{\"@type\":\"Organization\",\"@id\":\"https:\/\/uvbbrasil.com.br\/#organization\",\"name\":\"UVB Brasil\",\"url\":\"https:\/\/uvbbrasil.com.br\/\",\"logo\":{\"@type\":\"ImageObject\",\"inLanguage\":\"pt-BR\",\"@id\":\"https:\/\/uvbbrasil.com.br\/#\/schema\/logo\/image\/\",\"url\":\"https:\/\/uvbbrasil.com.br\/wp-content\/uploads\/2025\/01\/LOGO-UVB-2024-azul-1.jpg\",\"contentUrl\":\"https:\/\/uvbbrasil.com.br\/wp-content\/uploads\/2025\/01\/LOGO-UVB-2024-azul-1.jpg\",\"width\":600,\"height\":211,\"caption\":\"UVB Brasil\"},\"image\":{\"@id\":\"https:\/\/uvbbrasil.com.br\/#\/schema\/logo\/image\/\"},\"sameAs\":[\"https:\/\/www.facebook.com\/uvb.vereadoresbrasil\",\"https:\/\/www.instagram.com\/uvbbrasil\/\",\"https:\/\/www.youtube.com\/channel\/UCIlPQ8Xzw5GHNzosQIg9S5A\"]},{\"@type\":\"Person\",\"@id\":\"https:\/\/uvbbrasil.com.br\/#\/schema\/person\/17990098446c098f52effddff4f1b272\",\"name\":\"adminuvb\",\"image\":{\"@type\":\"ImageObject\",\"inLanguage\":\"pt-BR\",\"@id\":\"https:\/\/uvbbrasil.com.br\/#\/schema\/person\/image\/\",\"url\":\"https:\/\/secure.gravatar.com\/avatar\/1a494ea6f8e2dd1ae526e55b0e9497efdba542491e0620d704cccf63c6f77c45?s=96&d=mm&r=g\",\"contentUrl\":\"https:\/\/secure.gravatar.com\/avatar\/1a494ea6f8e2dd1ae526e55b0e9497efdba542491e0620d704cccf63c6f77c45?s=96&d=mm&r=g\",\"caption\":\"adminuvb\"},\"sameAs\":[\"https:\/\/uvbbrasil.com.br\"],\"url\":\"https:\/\/uvbbrasil.com.br\/author\/adminuvb\/\"}]}<\/script>\n<!-- \/ Yoast SEO plugin. -->","yoast_head_json":{"title":"C\u00e2mara municipal de Encantado-RS apresenta projetos no Municipalidades. - UVB Brasil","robots":{"index":"index","follow":"follow","max-snippet":"max-snippet:-1","max-image-preview":"max-image-preview:large","max-video-preview":"max-video-preview:-1"},"canonical":"https:\/\/uvbbrasil.com.br\/camara-municipal-de-encantado-rs-apresenta-projetos-no-municipalidades\/","og_locale":"pt_BR","og_type":"article","og_title":"C\u00e2mara municipal de Encantado-RS apresenta projetos no Municipalidades. - UVB Brasil","og_description":"O presidente da C\u00e2mara Municipal de Encantado\/RS, Luciano Moresco acompanhado do vereador, Valdecir Gonzatti em participa\u00e7\u00e3o no Municipalidades- Encontro Nacional...","og_url":"https:\/\/uvbbrasil.com.br\/camara-municipal-de-encantado-rs-apresenta-projetos-no-municipalidades\/","og_site_name":"UVB Brasil","article_publisher":"https:\/\/www.facebook.com\/uvb.vereadoresbrasil","article_published_time":"2019-12-06T13:48:25+00:00","og_image":[{"width":1280,"height":605,"url":"https:\/\/uvbbrasil.com.br\/wp-content\/uploads\/2019\/12\/luciano.jpeg","type":"image\/jpeg"}],"author":"adminuvb","twitter_card":"summary_large_image","twitter_misc":{"Escrito por":"adminuvb","Est. tempo de leitura":"1 minuto"},"schema":{"@context":"https:\/\/schema.org","@graph":[{"@type":"Article","@id":"https:\/\/uvbbrasil.com.br\/camara-municipal-de-encantado-rs-apresenta-projetos-no-municipalidades\/#article","isPartOf":{"@id":"https:\/\/uvbbrasil.com.br\/camara-municipal-de-encantado-rs-apresenta-projetos-no-municipalidades\/"},"author":{"name":"adminuvb","@id":"https:\/\/uvbbrasil.com.br\/#\/schema\/person\/17990098446c098f52effddff4f1b272"},"headline":"C\u00e2mara municipal de Encantado-RS apresenta projetos no Municipalidades.","datePublished":"2019-12-06T13:48:25+00:00","mainEntityOfPage":{"@id":"https:\/\/uvbbrasil.com.br\/camara-municipal-de-encantado-rs-apresenta-projetos-no-municipalidades\/"},"wordCount":299,"commentCount":0,"publisher":{"@id":"https:\/\/uvbbrasil.com.br\/#organization"},"image":{"@id":"https:\/\/uvbbrasil.com.br\/camara-municipal-de-encantado-rs-apresenta-projetos-no-municipalidades\/#primaryimage"},"thumbnailUrl":"https:\/\/uvbbrasil.com.br\/wp-content\/uploads\/2019\/12\/luciano.jpeg","articleSection":["NOT\u00cdCIAS","UVB"],"inLanguage":"pt-BR","potentialAction":[{"@type":"CommentAction","name":"Comment","target":["https:\/\/uvbbrasil.com.br\/camara-municipal-de-encantado-rs-apresenta-projetos-no-municipalidades\/#respond"]}]},{"@type":"WebPage","@id":"https:\/\/uvbbrasil.com.br\/camara-municipal-de-encantado-rs-apresenta-projetos-no-municipalidades\/","url":"https:\/\/uvbbrasil.com.br\/camara-municipal-de-encantado-rs-apresenta-projetos-no-municipalidades\/","name":"C\u00e2mara municipal de Encantado-RS apresenta projetos no Municipalidades. - UVB Brasil","isPartOf":{"@id":"https:\/\/uvbbrasil.com.br\/#website"},"primaryImageOfPage":{"@id":"https:\/\/uvbbrasil.com.br\/camara-municipal-de-encantado-rs-apresenta-projetos-no-municipalidades\/#primaryimage"},"image":{"@id":"https:\/\/uvbbrasil.com.br\/camara-municipal-de-encantado-rs-apresenta-projetos-no-municipalidades\/#primaryimage"},"thumbnailUrl":"https:\/\/uvbbrasil.com.br\/wp-content\/uploads\/2019\/12\/luciano.jpeg","datePublished":"2019-12-06T13:48:25+00:00","breadcrumb":{"@id":"https:\/\/uvbbrasil.com.br\/camara-municipal-de-encantado-rs-apresenta-projetos-no-municipalidades\/#breadcrumb"},"inLanguage":"pt-BR","potentialAction":[{"@type":"ReadAction","target":["https:\/\/uvbbrasil.com.br\/camara-municipal-de-encantado-rs-apresenta-projetos-no-municipalidades\/"]}]},{"@type":"ImageObject","inLanguage":"pt-BR","@id":"https:\/\/uvbbrasil.com.br\/camara-municipal-de-encantado-rs-apresenta-projetos-no-municipalidades\/#primaryimage","url":"https:\/\/uvbbrasil.com.br\/wp-content\/uploads\/2019\/12\/luciano.jpeg","contentUrl":"https:\/\/uvbbrasil.com.br\/wp-content\/uploads\/2019\/12\/luciano.jpeg","width":1280,"height":605},{"@type":"BreadcrumbList","@id":"https:\/\/uvbbrasil.com.br\/camara-municipal-de-encantado-rs-apresenta-projetos-no-municipalidades\/#breadcrumb","itemListElement":[{"@type":"ListItem","position":1,"name":"In\u00edcio","item":"https:\/\/uvbbrasil.com.br\/"},{"@type":"ListItem","position":2,"name":"C\u00e2mara municipal de Encantado-RS apresenta projetos no Municipalidades."}]},{"@type":"WebSite","@id":"https:\/\/uvbbrasil.com.br\/#website","url":"https:\/\/uvbbrasil.com.br\/","name":"UVB Brasil","description":"Uni\u00e3o dos Vereadores do Brasil","publisher":{"@id":"https:\/\/uvbbrasil.com.br\/#organization"},"potentialAction":[{"@type":"SearchAction","target":{"@type":"EntryPoint","urlTemplate":"https:\/\/uvbbrasil.com.br\/?s={search_term_string}"},"query-input":{"@type":"PropertyValueSpecification","valueRequired":true,"valueName":"search_term_string"}}],"inLanguage":"pt-BR"},{"@type":"Organization","@id":"https:\/\/uvbbrasil.com.br\/#organization","name":"UVB Brasil","url":"https:\/\/uvbbrasil.com.br\/","logo":{"@type":"ImageObject","inLanguage":"pt-BR","@id":"https:\/\/uvbbrasil.com.br\/#\/schema\/logo\/image\/","url":"https:\/\/uvbbrasil.com.br\/wp-content\/uploads\/2025\/01\/LOGO-UVB-2024-azul-1.jpg","contentUrl":"https:\/\/uvbbrasil.com.br\/wp-content\/uploads\/2025\/01\/LOGO-UVB-2024-azul-1.jpg","width":600,"height":211,"caption":"UVB Brasil"},"image":{"@id":"https:\/\/uvbbrasil.com.br\/#\/schema\/logo\/image\/"},"sameAs":["https:\/\/www.facebook.com\/uvb.vereadoresbrasil","https:\/\/www.instagram.com\/uvbbrasil\/","https:\/\/www.youtube.com\/channel\/UCIlPQ8Xzw5GHNzosQIg9S5A"]},{"@type":"Person","@id":"https:\/\/uvbbrasil.com.br\/#\/schema\/person\/17990098446c098f52effddff4f1b272","name":"adminuvb","image":{"@type":"ImageObject","inLanguage":"pt-BR","@id":"https:\/\/uvbbrasil.com.br\/#\/schema\/person\/image\/","url":"https:\/\/secure.gravatar.com\/avatar\/1a494ea6f8e2dd1ae526e55b0e9497efdba542491e0620d704cccf63c6f77c45?s=96&d=mm&r=g","contentUrl":"https:\/\/secure.gravatar.com\/avatar\/1a494ea6f8e2dd1ae526e55b0e9497efdba542491e0620d704cccf63c6f77c45?s=96&d=mm&r=g","caption":"adminuvb"},"sameAs":["https:\/\/uvbbrasil.com.br"],"url":"https:\/\/uvbbrasil.com.br\/author\/adminuvb\/"}]}},"_links":{"self":[{"href":"https:\/\/uvbbrasil.com.br\/uvb-json\/wp\/v2\/posts\/17142","targetHints":{"allow":["GET"]}}],"collection":[{"href":"https:\/\/uvbbrasil.com.br\/uvb-json\/wp\/v2\/posts"}],"about":[{"href":"https:\/\/uvbbrasil.com.br\/uvb-json\/wp\/v2\/types\/post"}],"author":[{"embeddable":true,"href":"https:\/\/uvbbrasil.com.br\/uvb-json\/wp\/v2\/users\/1"}],"replies":[{"embeddable":true,"href":"https:\/\/uvbbrasil.com.br\/uvb-json\/wp\/v2\/comments?post=17142"}],"version-history":[{"count":0,"href":"https:\/\/uvbbrasil.com.br\/uvb-json\/wp\/v2\/posts\/17142\/revisions"}],"wp:featuredmedia":[{"embeddable":true,"href":"https:\/\/uvbbrasil.com.br\/uvb-json\/wp\/v2\/media\/17144"}],"wp:attachment":[{"href":"https:\/\/uvbbrasil.com.br\/uvb-json\/wp\/v2\/media?parent=17142"}],"wp:term":[{"taxonomy":"category","embeddable":true,"href":"https:\/\/uvbbrasil.com.br\/uvb-json\/wp\/v2\/categories?post=17142"},{"taxonomy":"post_tag","embeddable":true,"href":"https:\/\/uvbbrasil.com.br\/uvb-json\/wp\/v2\/tags?post=17142"}],"curies":[{"name":"wp","href":"https:\/\/api.w.org\/{rel}","templated":true}]}}