{"id":17121,"date":"2019-12-04T16:03:14","date_gmt":"2019-12-04T19:03:14","guid":{"rendered":"https:\/\/wpsandbox4.pante.com.br\/?p=17121"},"modified":"2019-12-04T16:03:14","modified_gmt":"2019-12-04T19:03:14","slug":"uvb-proporciona-imersao-de-conhecimento-sobre-eleicoes","status":"publish","type":"post","link":"https:\/\/uvbbrasil.com.br\/uvb-proporciona-imersao-de-conhecimento-sobre-eleicoes\/","title":{"rendered":"UVB proporciona imers\u00e3o de conhecimento sobre elei\u00e7\u00f5es"},"content":{"rendered":"<p>A Uni\u00e3o dos Vereadores do Brasil (UVB) colocou os participantes do Encontro Nacional de Agentes Pol\u00edticos pelo Fortalecimento da Cidadania Democr\u00e1tica a pensar sobre as elei\u00e7\u00f5es 2020. O evento que est\u00e1 acontecendo em Porto Alegre, com participantes de todas as regi\u00f5es do Brasil, trouxe para o palco uma das maiores autoridades da comunica\u00e7\u00e3o pol\u00edtica no Brasil. O Jornalista e mestre em comunica\u00e7\u00e3o Carlos Manhanelli proporcionou uma verdadeira imers\u00e3o de conhecimento, com abordagem din\u00e2mica e de f\u00e1cil compreens\u00e3o.<a href=\"https:\/\/uvbbrasil.com.br\/?attachment_id=17126\" rel=\"attachment wp-att-17126\"><img fetchpriority=\"high\" decoding=\"async\" class=\"aligncenter size-full wp-image-17126\" src=\"https:\/\/uvbbrasil.com.br\/wp-content\/uploads\/2019\/12\/carlos-3.jpeg\" alt=\"\" width=\"1066\" height=\"799\" srcset=\"https:\/\/uvbbrasil.com.br\/wp-content\/uploads\/2019\/12\/carlos-3.jpeg 1066w, https:\/\/uvbbrasil.com.br\/wp-content\/uploads\/2019\/12\/carlos-3-300x225.jpeg 300w, https:\/\/uvbbrasil.com.br\/wp-content\/uploads\/2019\/12\/carlos-3-1024x768.jpeg 1024w, https:\/\/uvbbrasil.com.br\/wp-content\/uploads\/2019\/12\/carlos-3-768x576.jpeg 768w\" sizes=\"(max-width: 1066px) 100vw, 1066px\" \/><\/a><\/p>\n<p>O presidente da UVB, vereador Gilson Conzatti, est\u00e1 coordenando pessoalmente o evento e fazendo a media\u00e7\u00e3o entre participantes e palestrantes. No turno da manh\u00e3, a palestra foi da presidente do TRE\/RS, desembargadora Marilene Bonzanini. A sua principal abordagem foi a insatisfa\u00e7\u00e3o da popula\u00e7\u00e3o com a pol\u00edtica, seja para participar como novos agentes pol\u00edticos ou simplesmente eleitores.<\/p>\n<p><a href=\"https:\/\/uvbbrasil.com.br\/?attachment_id=17123\" rel=\"attachment wp-att-17123\"><img decoding=\"async\" class=\"aligncenter size-full wp-image-17123\" src=\"https:\/\/uvbbrasil.com.br\/wp-content\/uploads\/2019\/12\/gil.jpeg\" alt=\"\" width=\"1280\" height=\"872\" srcset=\"https:\/\/uvbbrasil.com.br\/wp-content\/uploads\/2019\/12\/gil.jpeg 1280w, https:\/\/uvbbrasil.com.br\/wp-content\/uploads\/2019\/12\/gil-300x204.jpeg 300w, https:\/\/uvbbrasil.com.br\/wp-content\/uploads\/2019\/12\/gil-1024x698.jpeg 1024w, https:\/\/uvbbrasil.com.br\/wp-content\/uploads\/2019\/12\/gil-768x523.jpeg 768w\" sizes=\"(max-width: 1280px) 100vw, 1280px\" \/><\/a><br \/>\n\u201cUma parcela significativa do nosso eleitorado tem demonstrado insatisfa\u00e7\u00e3o com a representa\u00e7\u00e3o pol\u00edtica, abrindo m\u00e3o de participar ativamente da escolha de seus representantes, trocando o campo do debate e da saud\u00e1vel discuss\u00e3o pol\u00edtica pela simples omiss\u00e3o. Essa crise de representatividade, decorrente do crescente desinteresse da popula\u00e7\u00e3o, principalmente daqueles mais jovens, pode ser facilmente evidenciada pela diminui\u00e7\u00e3o de novos alistamentos e pelo aumento do n\u00famero de votos brancos, nulos e absten\u00e7\u00f5es\u201d, destacou a presidente do TCE-RS.<a href=\"https:\/\/uvbbrasil.com.br\/?attachment_id=17110\" rel=\"attachment wp-att-17110\"><img decoding=\"async\" class=\"aligncenter size-full wp-image-17110\" src=\"https:\/\/uvbbrasil.com.br\/wp-content\/uploads\/2019\/12\/b-3.jpeg\" alt=\"\" width=\"1280\" height=\"605\" srcset=\"https:\/\/uvbbrasil.com.br\/wp-content\/uploads\/2019\/12\/b-3.jpeg 1280w, https:\/\/uvbbrasil.com.br\/wp-content\/uploads\/2019\/12\/b-3-300x142.jpeg 300w, https:\/\/uvbbrasil.com.br\/wp-content\/uploads\/2019\/12\/b-3-1024x484.jpeg 1024w, https:\/\/uvbbrasil.com.br\/wp-content\/uploads\/2019\/12\/b-3-768x363.jpeg 768w\" sizes=\"(max-width: 1280px) 100vw, 1280px\" \/><\/a><\/p>\n<p><a href=\"https:\/\/uvbbrasil.com.br\/?attachment_id=17124\" rel=\"attachment wp-att-17124\"><img loading=\"lazy\" decoding=\"async\" class=\"aligncenter size-full wp-image-17124\" src=\"https:\/\/uvbbrasil.com.br\/wp-content\/uploads\/2019\/12\/des-2.jpeg\" alt=\"\" width=\"1272\" height=\"954\" srcset=\"https:\/\/uvbbrasil.com.br\/wp-content\/uploads\/2019\/12\/des-2.jpeg 1272w, https:\/\/uvbbrasil.com.br\/wp-content\/uploads\/2019\/12\/des-2-300x225.jpeg 300w, https:\/\/uvbbrasil.com.br\/wp-content\/uploads\/2019\/12\/des-2-1024x768.jpeg 1024w, https:\/\/uvbbrasil.com.br\/wp-content\/uploads\/2019\/12\/des-2-768x576.jpeg 768w\" sizes=\"(max-width: 1272px) 100vw, 1272px\" \/><\/a><\/p>\n","protected":false},"excerpt":{"rendered":"<p>A Uni\u00e3o dos Vereadores do Brasil (UVB) colocou os participantes do Encontro Nacional de Agentes Pol\u00edticos pelo Fortalecimento da Cidadania&#8230;<\/p>\n","protected":false},"author":1,"featured_media":17124,"comment_status":"open","ping_status":"open","sticky":false,"template":"","format":"standard","meta":{"footnotes":""},"categories":[3,4],"tags":[],"class_list":["post-17121","post","type-post","status-publish","format-standard","has-post-thumbnail","hentry","category-noticias","category-home"],"yoast_head":"<!-- This site is optimized with the Yoast SEO plugin v26.7 - https:\/\/yoast.com\/wordpress\/plugins\/seo\/ -->\n<title>UVB proporciona imers\u00e3o de conhecimento sobre elei\u00e7\u00f5es - UVB Brasil<\/title>\n<meta name=\"robots\" content=\"index, follow, max-snippet:-1, max-image-preview:large, max-video-preview:-1\" \/>\n<link rel=\"canonical\" href=\"https:\/\/uvbbrasil.com.br\/uvb-proporciona-imersao-de-conhecimento-sobre-eleicoes\/\" \/>\n<meta property=\"og:locale\" content=\"pt_BR\" \/>\n<meta property=\"og:type\" content=\"article\" \/>\n<meta property=\"og:title\" content=\"UVB proporciona imers\u00e3o de conhecimento sobre elei\u00e7\u00f5es - UVB Brasil\" \/>\n<meta property=\"og:description\" content=\"A Uni\u00e3o dos Vereadores do Brasil (UVB) colocou os participantes do Encontro Nacional de Agentes Pol\u00edticos pelo Fortalecimento da Cidadania...\" \/>\n<meta property=\"og:url\" content=\"https:\/\/uvbbrasil.com.br\/uvb-proporciona-imersao-de-conhecimento-sobre-eleicoes\/\" \/>\n<meta property=\"og:site_name\" content=\"UVB Brasil\" \/>\n<meta property=\"article:publisher\" content=\"https:\/\/www.facebook.com\/uvb.vereadoresbrasil\" \/>\n<meta property=\"article:published_time\" content=\"2019-12-04T19:03:14+00:00\" \/>\n<meta property=\"og:image\" content=\"https:\/\/uvbbrasil.com.br\/wp-content\/uploads\/2019\/12\/des-2.jpeg\" \/>\n\t<meta property=\"og:image:width\" content=\"1272\" \/>\n\t<meta property=\"og:image:height\" content=\"954\" \/>\n\t<meta property=\"og:image:type\" content=\"image\/jpeg\" \/>\n<meta name=\"author\" content=\"adminuvb\" \/>\n<meta name=\"twitter:card\" content=\"summary_large_image\" \/>\n<meta name=\"twitter:label1\" content=\"Escrito por\" \/>\n\t<meta name=\"twitter:data1\" content=\"adminuvb\" \/>\n\t<meta name=\"twitter:label2\" content=\"Est. tempo de leitura\" \/>\n\t<meta name=\"twitter:data2\" content=\"1 minuto\" \/>\n<script type=\"application\/ld+json\" class=\"yoast-schema-graph\">{\"@context\":\"https:\/\/schema.org\",\"@graph\":[{\"@type\":\"Article\",\"@id\":\"https:\/\/uvbbrasil.com.br\/uvb-proporciona-imersao-de-conhecimento-sobre-eleicoes\/#article\",\"isPartOf\":{\"@id\":\"https:\/\/uvbbrasil.com.br\/uvb-proporciona-imersao-de-conhecimento-sobre-eleicoes\/\"},\"author\":{\"name\":\"adminuvb\",\"@id\":\"https:\/\/uvbbrasil.com.br\/#\/schema\/person\/17990098446c098f52effddff4f1b272\"},\"headline\":\"UVB proporciona imers\u00e3o de conhecimento sobre elei\u00e7\u00f5es\",\"datePublished\":\"2019-12-04T19:03:14+00:00\",\"mainEntityOfPage\":{\"@id\":\"https:\/\/uvbbrasil.com.br\/uvb-proporciona-imersao-de-conhecimento-sobre-eleicoes\/\"},\"wordCount\":246,\"commentCount\":0,\"publisher\":{\"@id\":\"https:\/\/uvbbrasil.com.br\/#organization\"},\"image\":{\"@id\":\"https:\/\/uvbbrasil.com.br\/uvb-proporciona-imersao-de-conhecimento-sobre-eleicoes\/#primaryimage\"},\"thumbnailUrl\":\"https:\/\/uvbbrasil.com.br\/wp-content\/uploads\/2019\/12\/des-2.jpeg\",\"articleSection\":[\"NOT\u00cdCIAS\",\"UVB\"],\"inLanguage\":\"pt-BR\",\"potentialAction\":[{\"@type\":\"CommentAction\",\"name\":\"Comment\",\"target\":[\"https:\/\/uvbbrasil.com.br\/uvb-proporciona-imersao-de-conhecimento-sobre-eleicoes\/#respond\"]}]},{\"@type\":\"WebPage\",\"@id\":\"https:\/\/uvbbrasil.com.br\/uvb-proporciona-imersao-de-conhecimento-sobre-eleicoes\/\",\"url\":\"https:\/\/uvbbrasil.com.br\/uvb-proporciona-imersao-de-conhecimento-sobre-eleicoes\/\",\"name\":\"UVB proporciona imers\u00e3o de conhecimento sobre elei\u00e7\u00f5es - UVB Brasil\",\"isPartOf\":{\"@id\":\"https:\/\/uvbbrasil.com.br\/#website\"},\"primaryImageOfPage\":{\"@id\":\"https:\/\/uvbbrasil.com.br\/uvb-proporciona-imersao-de-conhecimento-sobre-eleicoes\/#primaryimage\"},\"image\":{\"@id\":\"https:\/\/uvbbrasil.com.br\/uvb-proporciona-imersao-de-conhecimento-sobre-eleicoes\/#primaryimage\"},\"thumbnailUrl\":\"https:\/\/uvbbrasil.com.br\/wp-content\/uploads\/2019\/12\/des-2.jpeg\",\"datePublished\":\"2019-12-04T19:03:14+00:00\",\"breadcrumb\":{\"@id\":\"https:\/\/uvbbrasil.com.br\/uvb-proporciona-imersao-de-conhecimento-sobre-eleicoes\/#breadcrumb\"},\"inLanguage\":\"pt-BR\",\"potentialAction\":[{\"@type\":\"ReadAction\",\"target\":[\"https:\/\/uvbbrasil.com.br\/uvb-proporciona-imersao-de-conhecimento-sobre-eleicoes\/\"]}]},{\"@type\":\"ImageObject\",\"inLanguage\":\"pt-BR\",\"@id\":\"https:\/\/uvbbrasil.com.br\/uvb-proporciona-imersao-de-conhecimento-sobre-eleicoes\/#primaryimage\",\"url\":\"https:\/\/uvbbrasil.com.br\/wp-content\/uploads\/2019\/12\/des-2.jpeg\",\"contentUrl\":\"https:\/\/uvbbrasil.com.br\/wp-content\/uploads\/2019\/12\/des-2.jpeg\",\"width\":1272,\"height\":954},{\"@type\":\"BreadcrumbList\",\"@id\":\"https:\/\/uvbbrasil.com.br\/uvb-proporciona-imersao-de-conhecimento-sobre-eleicoes\/#breadcrumb\",\"itemListElement\":[{\"@type\":\"ListItem\",\"position\":1,\"name\":\"In\u00edcio\",\"item\":\"https:\/\/uvbbrasil.com.br\/\"},{\"@type\":\"ListItem\",\"position\":2,\"name\":\"UVB proporciona imers\u00e3o de conhecimento sobre elei\u00e7\u00f5es\"}]},{\"@type\":\"WebSite\",\"@id\":\"https:\/\/uvbbrasil.com.br\/#website\",\"url\":\"https:\/\/uvbbrasil.com.br\/\",\"name\":\"UVB Brasil\",\"description\":\"Uni\u00e3o dos Vereadores do Brasil\",\"publisher\":{\"@id\":\"https:\/\/uvbbrasil.com.br\/#organization\"},\"potentialAction\":[{\"@type\":\"SearchAction\",\"target\":{\"@type\":\"EntryPoint\",\"urlTemplate\":\"https:\/\/uvbbrasil.com.br\/?s={search_term_string}\"},\"query-input\":{\"@type\":\"PropertyValueSpecification\",\"valueRequired\":true,\"valueName\":\"search_term_string\"}}],\"inLanguage\":\"pt-BR\"},{\"@type\":\"Organization\",\"@id\":\"https:\/\/uvbbrasil.com.br\/#organization\",\"name\":\"UVB Brasil\",\"url\":\"https:\/\/uvbbrasil.com.br\/\",\"logo\":{\"@type\":\"ImageObject\",\"inLanguage\":\"pt-BR\",\"@id\":\"https:\/\/uvbbrasil.com.br\/#\/schema\/logo\/image\/\",\"url\":\"https:\/\/uvbbrasil.com.br\/wp-content\/uploads\/2025\/01\/LOGO-UVB-2024-azul-1.jpg\",\"contentUrl\":\"https:\/\/uvbbrasil.com.br\/wp-content\/uploads\/2025\/01\/LOGO-UVB-2024-azul-1.jpg\",\"width\":600,\"height\":211,\"caption\":\"UVB Brasil\"},\"image\":{\"@id\":\"https:\/\/uvbbrasil.com.br\/#\/schema\/logo\/image\/\"},\"sameAs\":[\"https:\/\/www.facebook.com\/uvb.vereadoresbrasil\",\"https:\/\/www.instagram.com\/uvbbrasil\/\",\"https:\/\/www.youtube.com\/channel\/UCIlPQ8Xzw5GHNzosQIg9S5A\"]},{\"@type\":\"Person\",\"@id\":\"https:\/\/uvbbrasil.com.br\/#\/schema\/person\/17990098446c098f52effddff4f1b272\",\"name\":\"adminuvb\",\"image\":{\"@type\":\"ImageObject\",\"inLanguage\":\"pt-BR\",\"@id\":\"https:\/\/uvbbrasil.com.br\/#\/schema\/person\/image\/\",\"url\":\"https:\/\/secure.gravatar.com\/avatar\/1a494ea6f8e2dd1ae526e55b0e9497efdba542491e0620d704cccf63c6f77c45?s=96&d=mm&r=g\",\"contentUrl\":\"https:\/\/secure.gravatar.com\/avatar\/1a494ea6f8e2dd1ae526e55b0e9497efdba542491e0620d704cccf63c6f77c45?s=96&d=mm&r=g\",\"caption\":\"adminuvb\"},\"sameAs\":[\"https:\/\/uvbbrasil.com.br\"],\"url\":\"https:\/\/uvbbrasil.com.br\/author\/adminuvb\/\"}]}<\/script>\n<!-- \/ Yoast SEO plugin. -->","yoast_head_json":{"title":"UVB proporciona imers\u00e3o de conhecimento sobre elei\u00e7\u00f5es - UVB Brasil","robots":{"index":"index","follow":"follow","max-snippet":"max-snippet:-1","max-image-preview":"max-image-preview:large","max-video-preview":"max-video-preview:-1"},"canonical":"https:\/\/uvbbrasil.com.br\/uvb-proporciona-imersao-de-conhecimento-sobre-eleicoes\/","og_locale":"pt_BR","og_type":"article","og_title":"UVB proporciona imers\u00e3o de conhecimento sobre elei\u00e7\u00f5es - UVB Brasil","og_description":"A Uni\u00e3o dos Vereadores do Brasil (UVB) colocou os participantes do Encontro Nacional de Agentes Pol\u00edticos pelo Fortalecimento da Cidadania...","og_url":"https:\/\/uvbbrasil.com.br\/uvb-proporciona-imersao-de-conhecimento-sobre-eleicoes\/","og_site_name":"UVB Brasil","article_publisher":"https:\/\/www.facebook.com\/uvb.vereadoresbrasil","article_published_time":"2019-12-04T19:03:14+00:00","og_image":[{"width":1272,"height":954,"url":"https:\/\/uvbbrasil.com.br\/wp-content\/uploads\/2019\/12\/des-2.jpeg","type":"image\/jpeg"}],"author":"adminuvb","twitter_card":"summary_large_image","twitter_misc":{"Escrito por":"adminuvb","Est. tempo de leitura":"1 minuto"},"schema":{"@context":"https:\/\/schema.org","@graph":[{"@type":"Article","@id":"https:\/\/uvbbrasil.com.br\/uvb-proporciona-imersao-de-conhecimento-sobre-eleicoes\/#article","isPartOf":{"@id":"https:\/\/uvbbrasil.com.br\/uvb-proporciona-imersao-de-conhecimento-sobre-eleicoes\/"},"author":{"name":"adminuvb","@id":"https:\/\/uvbbrasil.com.br\/#\/schema\/person\/17990098446c098f52effddff4f1b272"},"headline":"UVB proporciona imers\u00e3o de conhecimento sobre elei\u00e7\u00f5es","datePublished":"2019-12-04T19:03:14+00:00","mainEntityOfPage":{"@id":"https:\/\/uvbbrasil.com.br\/uvb-proporciona-imersao-de-conhecimento-sobre-eleicoes\/"},"wordCount":246,"commentCount":0,"publisher":{"@id":"https:\/\/uvbbrasil.com.br\/#organization"},"image":{"@id":"https:\/\/uvbbrasil.com.br\/uvb-proporciona-imersao-de-conhecimento-sobre-eleicoes\/#primaryimage"},"thumbnailUrl":"https:\/\/uvbbrasil.com.br\/wp-content\/uploads\/2019\/12\/des-2.jpeg","articleSection":["NOT\u00cdCIAS","UVB"],"inLanguage":"pt-BR","potentialAction":[{"@type":"CommentAction","name":"Comment","target":["https:\/\/uvbbrasil.com.br\/uvb-proporciona-imersao-de-conhecimento-sobre-eleicoes\/#respond"]}]},{"@type":"WebPage","@id":"https:\/\/uvbbrasil.com.br\/uvb-proporciona-imersao-de-conhecimento-sobre-eleicoes\/","url":"https:\/\/uvbbrasil.com.br\/uvb-proporciona-imersao-de-conhecimento-sobre-eleicoes\/","name":"UVB proporciona imers\u00e3o de conhecimento sobre elei\u00e7\u00f5es - UVB Brasil","isPartOf":{"@id":"https:\/\/uvbbrasil.com.br\/#website"},"primaryImageOfPage":{"@id":"https:\/\/uvbbrasil.com.br\/uvb-proporciona-imersao-de-conhecimento-sobre-eleicoes\/#primaryimage"},"image":{"@id":"https:\/\/uvbbrasil.com.br\/uvb-proporciona-imersao-de-conhecimento-sobre-eleicoes\/#primaryimage"},"thumbnailUrl":"https:\/\/uvbbrasil.com.br\/wp-content\/uploads\/2019\/12\/des-2.jpeg","datePublished":"2019-12-04T19:03:14+00:00","breadcrumb":{"@id":"https:\/\/uvbbrasil.com.br\/uvb-proporciona-imersao-de-conhecimento-sobre-eleicoes\/#breadcrumb"},"inLanguage":"pt-BR","potentialAction":[{"@type":"ReadAction","target":["https:\/\/uvbbrasil.com.br\/uvb-proporciona-imersao-de-conhecimento-sobre-eleicoes\/"]}]},{"@type":"ImageObject","inLanguage":"pt-BR","@id":"https:\/\/uvbbrasil.com.br\/uvb-proporciona-imersao-de-conhecimento-sobre-eleicoes\/#primaryimage","url":"https:\/\/uvbbrasil.com.br\/wp-content\/uploads\/2019\/12\/des-2.jpeg","contentUrl":"https:\/\/uvbbrasil.com.br\/wp-content\/uploads\/2019\/12\/des-2.jpeg","width":1272,"height":954},{"@type":"BreadcrumbList","@id":"https:\/\/uvbbrasil.com.br\/uvb-proporciona-imersao-de-conhecimento-sobre-eleicoes\/#breadcrumb","itemListElement":[{"@type":"ListItem","position":1,"name":"In\u00edcio","item":"https:\/\/uvbbrasil.com.br\/"},{"@type":"ListItem","position":2,"name":"UVB proporciona imers\u00e3o de conhecimento sobre elei\u00e7\u00f5es"}]},{"@type":"WebSite","@id":"https:\/\/uvbbrasil.com.br\/#website","url":"https:\/\/uvbbrasil.com.br\/","name":"UVB Brasil","description":"Uni\u00e3o dos Vereadores do Brasil","publisher":{"@id":"https:\/\/uvbbrasil.com.br\/#organization"},"potentialAction":[{"@type":"SearchAction","target":{"@type":"EntryPoint","urlTemplate":"https:\/\/uvbbrasil.com.br\/?s={search_term_string}"},"query-input":{"@type":"PropertyValueSpecification","valueRequired":true,"valueName":"search_term_string"}}],"inLanguage":"pt-BR"},{"@type":"Organization","@id":"https:\/\/uvbbrasil.com.br\/#organization","name":"UVB Brasil","url":"https:\/\/uvbbrasil.com.br\/","logo":{"@type":"ImageObject","inLanguage":"pt-BR","@id":"https:\/\/uvbbrasil.com.br\/#\/schema\/logo\/image\/","url":"https:\/\/uvbbrasil.com.br\/wp-content\/uploads\/2025\/01\/LOGO-UVB-2024-azul-1.jpg","contentUrl":"https:\/\/uvbbrasil.com.br\/wp-content\/uploads\/2025\/01\/LOGO-UVB-2024-azul-1.jpg","width":600,"height":211,"caption":"UVB Brasil"},"image":{"@id":"https:\/\/uvbbrasil.com.br\/#\/schema\/logo\/image\/"},"sameAs":["https:\/\/www.facebook.com\/uvb.vereadoresbrasil","https:\/\/www.instagram.com\/uvbbrasil\/","https:\/\/www.youtube.com\/channel\/UCIlPQ8Xzw5GHNzosQIg9S5A"]},{"@type":"Person","@id":"https:\/\/uvbbrasil.com.br\/#\/schema\/person\/17990098446c098f52effddff4f1b272","name":"adminuvb","image":{"@type":"ImageObject","inLanguage":"pt-BR","@id":"https:\/\/uvbbrasil.com.br\/#\/schema\/person\/image\/","url":"https:\/\/secure.gravatar.com\/avatar\/1a494ea6f8e2dd1ae526e55b0e9497efdba542491e0620d704cccf63c6f77c45?s=96&d=mm&r=g","contentUrl":"https:\/\/secure.gravatar.com\/avatar\/1a494ea6f8e2dd1ae526e55b0e9497efdba542491e0620d704cccf63c6f77c45?s=96&d=mm&r=g","caption":"adminuvb"},"sameAs":["https:\/\/uvbbrasil.com.br"],"url":"https:\/\/uvbbrasil.com.br\/author\/adminuvb\/"}]}},"_links":{"self":[{"href":"https:\/\/uvbbrasil.com.br\/uvb-json\/wp\/v2\/posts\/17121","targetHints":{"allow":["GET"]}}],"collection":[{"href":"https:\/\/uvbbrasil.com.br\/uvb-json\/wp\/v2\/posts"}],"about":[{"href":"https:\/\/uvbbrasil.com.br\/uvb-json\/wp\/v2\/types\/post"}],"author":[{"embeddable":true,"href":"https:\/\/uvbbrasil.com.br\/uvb-json\/wp\/v2\/users\/1"}],"replies":[{"embeddable":true,"href":"https:\/\/uvbbrasil.com.br\/uvb-json\/wp\/v2\/comments?post=17121"}],"version-history":[{"count":0,"href":"https:\/\/uvbbrasil.com.br\/uvb-json\/wp\/v2\/posts\/17121\/revisions"}],"wp:featuredmedia":[{"embeddable":true,"href":"https:\/\/uvbbrasil.com.br\/uvb-json\/wp\/v2\/media\/17124"}],"wp:attachment":[{"href":"https:\/\/uvbbrasil.com.br\/uvb-json\/wp\/v2\/media?parent=17121"}],"wp:term":[{"taxonomy":"category","embeddable":true,"href":"https:\/\/uvbbrasil.com.br\/uvb-json\/wp\/v2\/categories?post=17121"},{"taxonomy":"post_tag","embeddable":true,"href":"https:\/\/uvbbrasil.com.br\/uvb-json\/wp\/v2\/tags?post=17121"}],"curies":[{"name":"wp","href":"https:\/\/api.w.org\/{rel}","templated":true}]}}