{"id":17103,"date":"2019-12-04T11:42:19","date_gmt":"2019-12-04T14:42:19","guid":{"rendered":"https:\/\/wpsandbox4.pante.com.br\/?p=17103"},"modified":"2019-12-04T11:42:19","modified_gmt":"2019-12-04T14:42:19","slug":"abertura-oficial-municipalidades-em-porto-alegre-rs","status":"publish","type":"post","link":"https:\/\/uvbbrasil.com.br\/abertura-oficial-municipalidades-em-porto-alegre-rs\/","title":{"rendered":"Abertura oficial do Municipalidades em Porto Alegre-RS"},"content":{"rendered":"<p>&nbsp;<\/p>\n<p>A Uni\u00e3o dos Vereadores do Brasil (UVB) e a Uni\u00e3o dos Vereadores do Rio Grande do Sul (UVERGS) deram in\u00edcio hoje ao segundo dia de trabalhos Municipalidades- Encontro Nacional de Agentes Pol\u00edticos pelo Fortalecimento da Cidadania e Democracia e Semin\u00e1rio Estadual de Informa\u00e7\u00f5es Legislativas. O evento est\u00e1 acontecendo no audit\u00f3rio da AIAMU, em Porto Alegre, reunindo vereadores de v\u00e1rias regi\u00f5es do Brasil.<\/p>\n<p>O presidente da UVB, vereador Gilson Conzatti, comandou os trabalhos na manh\u00e3 de hoje. A palestra t\u00e9cnica ficou a cargo da presidente do TRE-RS, Dra. Marilene Bonzanini. A mesa de abertura dos trabalhos foi composta pelo presidente da UVB, Gilson Conzatti (Ira\u00ed-RS), presidente da UVERGS, Silomar Garcia (Novo Cabrais-RS), vereador Mauricio Jos\u00e9 Vianna (Bozano-RS), vereadora Simone Oliveira (\u00c1gua Clara\/MS) e vereador Samuel Rocha (Pouso Redondo\/SC).<\/p>\n<p>A programa\u00e7\u00e3o segue at\u00e9 esta sexta-feira, dia 06 de dezembro, com mais palestras e debates de temas municipalistas e Elei\u00e7\u00f5es 2020.<\/p>\n<p>Confiram a galeria de imagens!<a href=\"https:\/\/uvbbrasil.com.br\/?attachment_id=17104\" rel=\"attachment wp-att-17104\"><img fetchpriority=\"high\" decoding=\"async\" class=\"aligncenter size-full wp-image-17104\" src=\"https:\/\/uvbbrasil.com.br\/wp-content\/uploads\/2019\/12\/poa-1.jpeg\" alt=\"\" width=\"1152\" height=\"560\" srcset=\"https:\/\/uvbbrasil.com.br\/wp-content\/uploads\/2019\/12\/poa-1.jpeg 1152w, https:\/\/uvbbrasil.com.br\/wp-content\/uploads\/2019\/12\/poa-1-300x146.jpeg 300w, https:\/\/uvbbrasil.com.br\/wp-content\/uploads\/2019\/12\/poa-1-1024x498.jpeg 1024w, https:\/\/uvbbrasil.com.br\/wp-content\/uploads\/2019\/12\/poa-1-768x373.jpeg 768w\" sizes=\"(max-width: 1152px) 100vw, 1152px\" \/><\/a><\/p>\n<p><a href=\"https:\/\/uvbbrasil.com.br\/?attachment_id=17105\" rel=\"attachment wp-att-17105\"><img decoding=\"async\" class=\"aligncenter size-full wp-image-17105\" src=\"https:\/\/uvbbrasil.com.br\/wp-content\/uploads\/2019\/12\/poa.jpeg\" alt=\"\" width=\"1152\" height=\"560\" srcset=\"https:\/\/uvbbrasil.com.br\/wp-content\/uploads\/2019\/12\/poa.jpeg 1152w, https:\/\/uvbbrasil.com.br\/wp-content\/uploads\/2019\/12\/poa-300x146.jpeg 300w, https:\/\/uvbbrasil.com.br\/wp-content\/uploads\/2019\/12\/poa-1024x498.jpeg 1024w, https:\/\/uvbbrasil.com.br\/wp-content\/uploads\/2019\/12\/poa-768x373.jpeg 768w\" sizes=\"(max-width: 1152px) 100vw, 1152px\" \/><\/a><\/p>\n<p><a href=\"https:\/\/uvbbrasil.com.br\/?attachment_id=17106\" rel=\"attachment wp-att-17106\"><img decoding=\"async\" class=\"aligncenter size-full wp-image-17106\" src=\"https:\/\/uvbbrasil.com.br\/wp-content\/uploads\/2019\/12\/poa-2.jpeg\" alt=\"\" width=\"1152\" height=\"560\" srcset=\"https:\/\/uvbbrasil.com.br\/wp-content\/uploads\/2019\/12\/poa-2.jpeg 1152w, https:\/\/uvbbrasil.com.br\/wp-content\/uploads\/2019\/12\/poa-2-300x146.jpeg 300w, https:\/\/uvbbrasil.com.br\/wp-content\/uploads\/2019\/12\/poa-2-1024x498.jpeg 1024w, https:\/\/uvbbrasil.com.br\/wp-content\/uploads\/2019\/12\/poa-2-768x373.jpeg 768w\" sizes=\"(max-width: 1152px) 100vw, 1152px\" \/><\/a><\/p>\n<p>&nbsp;<\/p>\n","protected":false},"excerpt":{"rendered":"<p>&nbsp; A Uni\u00e3o dos Vereadores do Brasil (UVB) e a Uni\u00e3o dos Vereadores do Rio Grande do Sul (UVERGS) deram&#8230;<\/p>\n","protected":false},"author":1,"featured_media":17104,"comment_status":"open","ping_status":"open","sticky":false,"template":"","format":"standard","meta":{"footnotes":""},"categories":[3,4],"tags":[],"class_list":["post-17103","post","type-post","status-publish","format-standard","has-post-thumbnail","hentry","category-noticias","category-home"],"yoast_head":"<!-- This site is optimized with the Yoast SEO plugin v26.7 - https:\/\/yoast.com\/wordpress\/plugins\/seo\/ -->\n<title>Abertura oficial do Municipalidades em Porto Alegre-RS - UVB Brasil<\/title>\n<meta name=\"robots\" content=\"index, follow, max-snippet:-1, max-image-preview:large, max-video-preview:-1\" \/>\n<link rel=\"canonical\" href=\"https:\/\/uvbbrasil.com.br\/abertura-oficial-municipalidades-em-porto-alegre-rs\/\" \/>\n<meta property=\"og:locale\" content=\"pt_BR\" \/>\n<meta property=\"og:type\" content=\"article\" \/>\n<meta property=\"og:title\" content=\"Abertura oficial do Municipalidades em Porto Alegre-RS - UVB Brasil\" \/>\n<meta property=\"og:description\" content=\"&nbsp; A Uni\u00e3o dos Vereadores do Brasil (UVB) e a Uni\u00e3o dos Vereadores do Rio Grande do Sul (UVERGS) deram...\" \/>\n<meta property=\"og:url\" content=\"https:\/\/uvbbrasil.com.br\/abertura-oficial-municipalidades-em-porto-alegre-rs\/\" \/>\n<meta property=\"og:site_name\" content=\"UVB Brasil\" \/>\n<meta property=\"article:publisher\" content=\"https:\/\/www.facebook.com\/uvb.vereadoresbrasil\" \/>\n<meta property=\"article:published_time\" content=\"2019-12-04T14:42:19+00:00\" \/>\n<meta property=\"og:image\" content=\"https:\/\/uvbbrasil.com.br\/wp-content\/uploads\/2019\/12\/poa-1.jpeg\" \/>\n\t<meta property=\"og:image:width\" content=\"1152\" \/>\n\t<meta property=\"og:image:height\" content=\"560\" \/>\n\t<meta property=\"og:image:type\" content=\"image\/jpeg\" \/>\n<meta name=\"author\" content=\"adminuvb\" \/>\n<meta name=\"twitter:card\" content=\"summary_large_image\" \/>\n<meta name=\"twitter:label1\" content=\"Escrito por\" \/>\n\t<meta name=\"twitter:data1\" content=\"adminuvb\" \/>\n\t<meta name=\"twitter:label2\" content=\"Est. tempo de leitura\" \/>\n\t<meta name=\"twitter:data2\" content=\"1 minuto\" \/>\n<script type=\"application\/ld+json\" class=\"yoast-schema-graph\">{\"@context\":\"https:\/\/schema.org\",\"@graph\":[{\"@type\":\"Article\",\"@id\":\"https:\/\/uvbbrasil.com.br\/abertura-oficial-municipalidades-em-porto-alegre-rs\/#article\",\"isPartOf\":{\"@id\":\"https:\/\/uvbbrasil.com.br\/abertura-oficial-municipalidades-em-porto-alegre-rs\/\"},\"author\":{\"name\":\"adminuvb\",\"@id\":\"https:\/\/uvbbrasil.com.br\/#\/schema\/person\/17990098446c098f52effddff4f1b272\"},\"headline\":\"Abertura oficial do Municipalidades em Porto Alegre-RS\",\"datePublished\":\"2019-12-04T14:42:19+00:00\",\"mainEntityOfPage\":{\"@id\":\"https:\/\/uvbbrasil.com.br\/abertura-oficial-municipalidades-em-porto-alegre-rs\/\"},\"wordCount\":175,\"commentCount\":0,\"publisher\":{\"@id\":\"https:\/\/uvbbrasil.com.br\/#organization\"},\"image\":{\"@id\":\"https:\/\/uvbbrasil.com.br\/abertura-oficial-municipalidades-em-porto-alegre-rs\/#primaryimage\"},\"thumbnailUrl\":\"https:\/\/uvbbrasil.com.br\/wp-content\/uploads\/2019\/12\/poa-1.jpeg\",\"articleSection\":[\"NOT\u00cdCIAS\",\"UVB\"],\"inLanguage\":\"pt-BR\",\"potentialAction\":[{\"@type\":\"CommentAction\",\"name\":\"Comment\",\"target\":[\"https:\/\/uvbbrasil.com.br\/abertura-oficial-municipalidades-em-porto-alegre-rs\/#respond\"]}]},{\"@type\":\"WebPage\",\"@id\":\"https:\/\/uvbbrasil.com.br\/abertura-oficial-municipalidades-em-porto-alegre-rs\/\",\"url\":\"https:\/\/uvbbrasil.com.br\/abertura-oficial-municipalidades-em-porto-alegre-rs\/\",\"name\":\"Abertura oficial do Municipalidades em Porto Alegre-RS - UVB Brasil\",\"isPartOf\":{\"@id\":\"https:\/\/uvbbrasil.com.br\/#website\"},\"primaryImageOfPage\":{\"@id\":\"https:\/\/uvbbrasil.com.br\/abertura-oficial-municipalidades-em-porto-alegre-rs\/#primaryimage\"},\"image\":{\"@id\":\"https:\/\/uvbbrasil.com.br\/abertura-oficial-municipalidades-em-porto-alegre-rs\/#primaryimage\"},\"thumbnailUrl\":\"https:\/\/uvbbrasil.com.br\/wp-content\/uploads\/2019\/12\/poa-1.jpeg\",\"datePublished\":\"2019-12-04T14:42:19+00:00\",\"breadcrumb\":{\"@id\":\"https:\/\/uvbbrasil.com.br\/abertura-oficial-municipalidades-em-porto-alegre-rs\/#breadcrumb\"},\"inLanguage\":\"pt-BR\",\"potentialAction\":[{\"@type\":\"ReadAction\",\"target\":[\"https:\/\/uvbbrasil.com.br\/abertura-oficial-municipalidades-em-porto-alegre-rs\/\"]}]},{\"@type\":\"ImageObject\",\"inLanguage\":\"pt-BR\",\"@id\":\"https:\/\/uvbbrasil.com.br\/abertura-oficial-municipalidades-em-porto-alegre-rs\/#primaryimage\",\"url\":\"https:\/\/uvbbrasil.com.br\/wp-content\/uploads\/2019\/12\/poa-1.jpeg\",\"contentUrl\":\"https:\/\/uvbbrasil.com.br\/wp-content\/uploads\/2019\/12\/poa-1.jpeg\",\"width\":1152,\"height\":560},{\"@type\":\"BreadcrumbList\",\"@id\":\"https:\/\/uvbbrasil.com.br\/abertura-oficial-municipalidades-em-porto-alegre-rs\/#breadcrumb\",\"itemListElement\":[{\"@type\":\"ListItem\",\"position\":1,\"name\":\"In\u00edcio\",\"item\":\"https:\/\/uvbbrasil.com.br\/\"},{\"@type\":\"ListItem\",\"position\":2,\"name\":\"Abertura oficial do Municipalidades em Porto Alegre-RS\"}]},{\"@type\":\"WebSite\",\"@id\":\"https:\/\/uvbbrasil.com.br\/#website\",\"url\":\"https:\/\/uvbbrasil.com.br\/\",\"name\":\"UVB Brasil\",\"description\":\"Uni\u00e3o dos Vereadores do Brasil\",\"publisher\":{\"@id\":\"https:\/\/uvbbrasil.com.br\/#organization\"},\"potentialAction\":[{\"@type\":\"SearchAction\",\"target\":{\"@type\":\"EntryPoint\",\"urlTemplate\":\"https:\/\/uvbbrasil.com.br\/?s={search_term_string}\"},\"query-input\":{\"@type\":\"PropertyValueSpecification\",\"valueRequired\":true,\"valueName\":\"search_term_string\"}}],\"inLanguage\":\"pt-BR\"},{\"@type\":\"Organization\",\"@id\":\"https:\/\/uvbbrasil.com.br\/#organization\",\"name\":\"UVB Brasil\",\"url\":\"https:\/\/uvbbrasil.com.br\/\",\"logo\":{\"@type\":\"ImageObject\",\"inLanguage\":\"pt-BR\",\"@id\":\"https:\/\/uvbbrasil.com.br\/#\/schema\/logo\/image\/\",\"url\":\"https:\/\/uvbbrasil.com.br\/wp-content\/uploads\/2025\/01\/LOGO-UVB-2024-azul-1.jpg\",\"contentUrl\":\"https:\/\/uvbbrasil.com.br\/wp-content\/uploads\/2025\/01\/LOGO-UVB-2024-azul-1.jpg\",\"width\":600,\"height\":211,\"caption\":\"UVB Brasil\"},\"image\":{\"@id\":\"https:\/\/uvbbrasil.com.br\/#\/schema\/logo\/image\/\"},\"sameAs\":[\"https:\/\/www.facebook.com\/uvb.vereadoresbrasil\",\"https:\/\/www.instagram.com\/uvbbrasil\/\",\"https:\/\/www.youtube.com\/channel\/UCIlPQ8Xzw5GHNzosQIg9S5A\"]},{\"@type\":\"Person\",\"@id\":\"https:\/\/uvbbrasil.com.br\/#\/schema\/person\/17990098446c098f52effddff4f1b272\",\"name\":\"adminuvb\",\"image\":{\"@type\":\"ImageObject\",\"inLanguage\":\"pt-BR\",\"@id\":\"https:\/\/uvbbrasil.com.br\/#\/schema\/person\/image\/\",\"url\":\"https:\/\/secure.gravatar.com\/avatar\/1a494ea6f8e2dd1ae526e55b0e9497efdba542491e0620d704cccf63c6f77c45?s=96&d=mm&r=g\",\"contentUrl\":\"https:\/\/secure.gravatar.com\/avatar\/1a494ea6f8e2dd1ae526e55b0e9497efdba542491e0620d704cccf63c6f77c45?s=96&d=mm&r=g\",\"caption\":\"adminuvb\"},\"sameAs\":[\"https:\/\/uvbbrasil.com.br\"],\"url\":\"https:\/\/uvbbrasil.com.br\/author\/adminuvb\/\"}]}<\/script>\n<!-- \/ Yoast SEO plugin. -->","yoast_head_json":{"title":"Abertura oficial do Municipalidades em Porto Alegre-RS - UVB Brasil","robots":{"index":"index","follow":"follow","max-snippet":"max-snippet:-1","max-image-preview":"max-image-preview:large","max-video-preview":"max-video-preview:-1"},"canonical":"https:\/\/uvbbrasil.com.br\/abertura-oficial-municipalidades-em-porto-alegre-rs\/","og_locale":"pt_BR","og_type":"article","og_title":"Abertura oficial do Municipalidades em Porto Alegre-RS - UVB Brasil","og_description":"&nbsp; A Uni\u00e3o dos Vereadores do Brasil (UVB) e a Uni\u00e3o dos Vereadores do Rio Grande do Sul (UVERGS) deram...","og_url":"https:\/\/uvbbrasil.com.br\/abertura-oficial-municipalidades-em-porto-alegre-rs\/","og_site_name":"UVB Brasil","article_publisher":"https:\/\/www.facebook.com\/uvb.vereadoresbrasil","article_published_time":"2019-12-04T14:42:19+00:00","og_image":[{"width":1152,"height":560,"url":"https:\/\/uvbbrasil.com.br\/wp-content\/uploads\/2019\/12\/poa-1.jpeg","type":"image\/jpeg"}],"author":"adminuvb","twitter_card":"summary_large_image","twitter_misc":{"Escrito por":"adminuvb","Est. tempo de leitura":"1 minuto"},"schema":{"@context":"https:\/\/schema.org","@graph":[{"@type":"Article","@id":"https:\/\/uvbbrasil.com.br\/abertura-oficial-municipalidades-em-porto-alegre-rs\/#article","isPartOf":{"@id":"https:\/\/uvbbrasil.com.br\/abertura-oficial-municipalidades-em-porto-alegre-rs\/"},"author":{"name":"adminuvb","@id":"https:\/\/uvbbrasil.com.br\/#\/schema\/person\/17990098446c098f52effddff4f1b272"},"headline":"Abertura oficial do Municipalidades em Porto Alegre-RS","datePublished":"2019-12-04T14:42:19+00:00","mainEntityOfPage":{"@id":"https:\/\/uvbbrasil.com.br\/abertura-oficial-municipalidades-em-porto-alegre-rs\/"},"wordCount":175,"commentCount":0,"publisher":{"@id":"https:\/\/uvbbrasil.com.br\/#organization"},"image":{"@id":"https:\/\/uvbbrasil.com.br\/abertura-oficial-municipalidades-em-porto-alegre-rs\/#primaryimage"},"thumbnailUrl":"https:\/\/uvbbrasil.com.br\/wp-content\/uploads\/2019\/12\/poa-1.jpeg","articleSection":["NOT\u00cdCIAS","UVB"],"inLanguage":"pt-BR","potentialAction":[{"@type":"CommentAction","name":"Comment","target":["https:\/\/uvbbrasil.com.br\/abertura-oficial-municipalidades-em-porto-alegre-rs\/#respond"]}]},{"@type":"WebPage","@id":"https:\/\/uvbbrasil.com.br\/abertura-oficial-municipalidades-em-porto-alegre-rs\/","url":"https:\/\/uvbbrasil.com.br\/abertura-oficial-municipalidades-em-porto-alegre-rs\/","name":"Abertura oficial do Municipalidades em Porto Alegre-RS - UVB Brasil","isPartOf":{"@id":"https:\/\/uvbbrasil.com.br\/#website"},"primaryImageOfPage":{"@id":"https:\/\/uvbbrasil.com.br\/abertura-oficial-municipalidades-em-porto-alegre-rs\/#primaryimage"},"image":{"@id":"https:\/\/uvbbrasil.com.br\/abertura-oficial-municipalidades-em-porto-alegre-rs\/#primaryimage"},"thumbnailUrl":"https:\/\/uvbbrasil.com.br\/wp-content\/uploads\/2019\/12\/poa-1.jpeg","datePublished":"2019-12-04T14:42:19+00:00","breadcrumb":{"@id":"https:\/\/uvbbrasil.com.br\/abertura-oficial-municipalidades-em-porto-alegre-rs\/#breadcrumb"},"inLanguage":"pt-BR","potentialAction":[{"@type":"ReadAction","target":["https:\/\/uvbbrasil.com.br\/abertura-oficial-municipalidades-em-porto-alegre-rs\/"]}]},{"@type":"ImageObject","inLanguage":"pt-BR","@id":"https:\/\/uvbbrasil.com.br\/abertura-oficial-municipalidades-em-porto-alegre-rs\/#primaryimage","url":"https:\/\/uvbbrasil.com.br\/wp-content\/uploads\/2019\/12\/poa-1.jpeg","contentUrl":"https:\/\/uvbbrasil.com.br\/wp-content\/uploads\/2019\/12\/poa-1.jpeg","width":1152,"height":560},{"@type":"BreadcrumbList","@id":"https:\/\/uvbbrasil.com.br\/abertura-oficial-municipalidades-em-porto-alegre-rs\/#breadcrumb","itemListElement":[{"@type":"ListItem","position":1,"name":"In\u00edcio","item":"https:\/\/uvbbrasil.com.br\/"},{"@type":"ListItem","position":2,"name":"Abertura oficial do Municipalidades em Porto Alegre-RS"}]},{"@type":"WebSite","@id":"https:\/\/uvbbrasil.com.br\/#website","url":"https:\/\/uvbbrasil.com.br\/","name":"UVB Brasil","description":"Uni\u00e3o dos Vereadores do Brasil","publisher":{"@id":"https:\/\/uvbbrasil.com.br\/#organization"},"potentialAction":[{"@type":"SearchAction","target":{"@type":"EntryPoint","urlTemplate":"https:\/\/uvbbrasil.com.br\/?s={search_term_string}"},"query-input":{"@type":"PropertyValueSpecification","valueRequired":true,"valueName":"search_term_string"}}],"inLanguage":"pt-BR"},{"@type":"Organization","@id":"https:\/\/uvbbrasil.com.br\/#organization","name":"UVB Brasil","url":"https:\/\/uvbbrasil.com.br\/","logo":{"@type":"ImageObject","inLanguage":"pt-BR","@id":"https:\/\/uvbbrasil.com.br\/#\/schema\/logo\/image\/","url":"https:\/\/uvbbrasil.com.br\/wp-content\/uploads\/2025\/01\/LOGO-UVB-2024-azul-1.jpg","contentUrl":"https:\/\/uvbbrasil.com.br\/wp-content\/uploads\/2025\/01\/LOGO-UVB-2024-azul-1.jpg","width":600,"height":211,"caption":"UVB Brasil"},"image":{"@id":"https:\/\/uvbbrasil.com.br\/#\/schema\/logo\/image\/"},"sameAs":["https:\/\/www.facebook.com\/uvb.vereadoresbrasil","https:\/\/www.instagram.com\/uvbbrasil\/","https:\/\/www.youtube.com\/channel\/UCIlPQ8Xzw5GHNzosQIg9S5A"]},{"@type":"Person","@id":"https:\/\/uvbbrasil.com.br\/#\/schema\/person\/17990098446c098f52effddff4f1b272","name":"adminuvb","image":{"@type":"ImageObject","inLanguage":"pt-BR","@id":"https:\/\/uvbbrasil.com.br\/#\/schema\/person\/image\/","url":"https:\/\/secure.gravatar.com\/avatar\/1a494ea6f8e2dd1ae526e55b0e9497efdba542491e0620d704cccf63c6f77c45?s=96&d=mm&r=g","contentUrl":"https:\/\/secure.gravatar.com\/avatar\/1a494ea6f8e2dd1ae526e55b0e9497efdba542491e0620d704cccf63c6f77c45?s=96&d=mm&r=g","caption":"adminuvb"},"sameAs":["https:\/\/uvbbrasil.com.br"],"url":"https:\/\/uvbbrasil.com.br\/author\/adminuvb\/"}]}},"_links":{"self":[{"href":"https:\/\/uvbbrasil.com.br\/uvb-json\/wp\/v2\/posts\/17103","targetHints":{"allow":["GET"]}}],"collection":[{"href":"https:\/\/uvbbrasil.com.br\/uvb-json\/wp\/v2\/posts"}],"about":[{"href":"https:\/\/uvbbrasil.com.br\/uvb-json\/wp\/v2\/types\/post"}],"author":[{"embeddable":true,"href":"https:\/\/uvbbrasil.com.br\/uvb-json\/wp\/v2\/users\/1"}],"replies":[{"embeddable":true,"href":"https:\/\/uvbbrasil.com.br\/uvb-json\/wp\/v2\/comments?post=17103"}],"version-history":[{"count":0,"href":"https:\/\/uvbbrasil.com.br\/uvb-json\/wp\/v2\/posts\/17103\/revisions"}],"wp:featuredmedia":[{"embeddable":true,"href":"https:\/\/uvbbrasil.com.br\/uvb-json\/wp\/v2\/media\/17104"}],"wp:attachment":[{"href":"https:\/\/uvbbrasil.com.br\/uvb-json\/wp\/v2\/media?parent=17103"}],"wp:term":[{"taxonomy":"category","embeddable":true,"href":"https:\/\/uvbbrasil.com.br\/uvb-json\/wp\/v2\/categories?post=17103"},{"taxonomy":"post_tag","embeddable":true,"href":"https:\/\/uvbbrasil.com.br\/uvb-json\/wp\/v2\/tags?post=17103"}],"curies":[{"name":"wp","href":"https:\/\/api.w.org\/{rel}","templated":true}]}}