{"id":17098,"date":"2019-12-04T09:51:06","date_gmt":"2019-12-04T12:51:06","guid":{"rendered":"https:\/\/wpsandbox4.pante.com.br\/?p=17098"},"modified":"2019-12-04T09:51:06","modified_gmt":"2019-12-04T12:51:06","slug":"congresso-mantem-veto-propaganda-partidaria-em-tv-e-radio","status":"publish","type":"post","link":"https:\/\/uvbbrasil.com.br\/congresso-mantem-veto-propaganda-partidaria-em-tv-e-radio\/","title":{"rendered":"Congresso mant\u00e9m veto \u00e0 propaganda partid\u00e1ria em TV e r\u00e1dio"},"content":{"rendered":"<p>O Congresso Nacional manteve nesta ter\u00e7a-feira (3) veto do presidente da Rep\u00fablica, Jair Bolsonaro, \u00e0 retomada das propagandas partid\u00e1rias gratuitas na televis\u00e3o e no r\u00e1dio. O veto foi derrubado pelos deputados, na primeira vota\u00e7\u00e3o, mas se sustentou ao ser analisado pelos senadores. Foram 39 votos a favor da derrubada, dois a menos do que o necess\u00e1rio.<\/p>\n<p>A manuten\u00e7\u00e3o do veto foi uma surpresa, pois havia acordo de lideran\u00e7as para a sua rejei\u00e7\u00e3o. O resultado levou a maioria das bancadas a entrarem em obstru\u00e7\u00e3o, impedindo a continuidade da sess\u00e3o conjunta. Com isso, o Congresso n\u00e3o conseguiu votar outros dois destaques que ainda trancam a sua pauta e impedem a an\u00e1lise de projetos de cr\u00e9ditos suplementares e mat\u00e9rias or\u00e7ament\u00e1rias.<\/p>\n<p>A retomada das propagandas fazia parta da reforma eleitoral aprovada pelo Congresso em setembro (Lei 13.877, de 2019). Ela foi vetada pelo presidente com o argumento de que ela criava ren\u00fancia de receitas para o poder p\u00fablico sem apontar uma redu\u00e7\u00e3o equivalente de despesa. Outra medida que constava do destaque e continuou vetada foi a permiss\u00e3o para que os partidos pagassem multas e d\u00edvidas com recursos do fundo partid\u00e1rio.<\/p>\n<p>Parlamentares favor\u00e1veis \u00e0 manuten\u00e7\u00e3o do veto argumentaram que o fim da propaganda gratuita foi um \u201cacordo com a sociedade\u201d firmado em 2017, quando o Congresso aumentou o volume de recursos destinados ao financiamento de campanhas eleitorais (Lei 13.487). Segundo o senador Randolfe Rodrigues (Rede-AP), o restabelecimento da ferramenta representaria uma despesa de cerca de R$ 460 milh\u00f5es por ano, na forma de compensa\u00e7\u00f5es fiscais para as emissoras de televis\u00e3o e de r\u00e1dio, que se somaria ao fundo eleitoral j\u00e1 estabelecido.<\/p>\n<p>O senador Alessandro Vieira (Cidadania-ES) argumentou que o formato de distribui\u00e7\u00e3o do tempo de propaganda privilegiaria a concentra\u00e7\u00e3o de recursos nos partidos maiores e j\u00e1 estabelecidos, uma vez que as legendas que conseguissem eleger mais deputados federais teriam direito a mais tempo de inser\u00e7\u00f5es na programa\u00e7\u00e3o.<\/p>\n<p>Por outro lado, os parlamentares que argumentaram pela derrubada do veto disseram que as propagandas gratuitas para os partidos representariam um fortalecimento da democracia. Para os deputados Airton Faleiro (PT-PA) e Henrique Fontana (PT-RS), a defesa do veto seria uma demonstra\u00e7\u00e3o de \u201coportunismo\u201d e faria parte de um movimento para \u201ccriminalizar a pol\u00edtica\u201d.<\/p>\n<p>Ainda restam na pauta do Congresso vetos sobre regras de inelegibilidade, da mesma reforma eleitoral, e sobre a pol\u00edtica de apoio \u00e0s mulheres marisqueiras (Lei 13.902, de 2019).<\/p>\n<p><a href=\"https:\/\/uvbbrasil.com.br\/?attachment_id=17099\" rel=\"attachment wp-att-17099\"><img fetchpriority=\"high\" decoding=\"async\" class=\"aligncenter size-full wp-image-17099\" src=\"https:\/\/uvbbrasil.com.br\/wp-content\/uploads\/2019\/12\/04.jpg\" alt=\"\" width=\"860\" height=\"570\" srcset=\"https:\/\/uvbbrasil.com.br\/wp-content\/uploads\/2019\/12\/04.jpg 860w, https:\/\/uvbbrasil.com.br\/wp-content\/uploads\/2019\/12\/04-300x199.jpg 300w, https:\/\/uvbbrasil.com.br\/wp-content\/uploads\/2019\/12\/04-768x509.jpg 768w\" sizes=\"(max-width: 860px) 100vw, 860px\" \/><\/a><\/p>\n<p>Fonte: Ag\u00eancia Senado<\/p>\n","protected":false},"excerpt":{"rendered":"<p>O Congresso Nacional manteve nesta ter\u00e7a-feira (3) veto do presidente da Rep\u00fablica, Jair Bolsonaro, \u00e0 retomada das propagandas partid\u00e1rias gratuitas&#8230;<\/p>\n","protected":false},"author":1,"featured_media":17099,"comment_status":"open","ping_status":"open","sticky":false,"template":"","format":"standard","meta":{"footnotes":""},"categories":[3],"tags":[],"class_list":["post-17098","post","type-post","status-publish","format-standard","has-post-thumbnail","hentry","category-noticias"],"yoast_head":"<!-- This site is optimized with the Yoast SEO plugin v26.7 - https:\/\/yoast.com\/wordpress\/plugins\/seo\/ -->\n<title>Congresso mant\u00e9m veto \u00e0 propaganda partid\u00e1ria em TV e r\u00e1dio - UVB Brasil<\/title>\n<meta name=\"robots\" content=\"index, follow, max-snippet:-1, max-image-preview:large, max-video-preview:-1\" \/>\n<link rel=\"canonical\" href=\"https:\/\/uvbbrasil.com.br\/congresso-mantem-veto-propaganda-partidaria-em-tv-e-radio\/\" \/>\n<meta property=\"og:locale\" content=\"pt_BR\" \/>\n<meta property=\"og:type\" content=\"article\" \/>\n<meta property=\"og:title\" content=\"Congresso mant\u00e9m veto \u00e0 propaganda partid\u00e1ria em TV e r\u00e1dio - UVB Brasil\" \/>\n<meta property=\"og:description\" content=\"O Congresso Nacional manteve nesta ter\u00e7a-feira (3) veto do presidente da Rep\u00fablica, Jair Bolsonaro, \u00e0 retomada das propagandas partid\u00e1rias gratuitas...\" \/>\n<meta property=\"og:url\" content=\"https:\/\/uvbbrasil.com.br\/congresso-mantem-veto-propaganda-partidaria-em-tv-e-radio\/\" \/>\n<meta property=\"og:site_name\" content=\"UVB Brasil\" \/>\n<meta property=\"article:publisher\" content=\"https:\/\/www.facebook.com\/uvb.vereadoresbrasil\" \/>\n<meta property=\"article:published_time\" content=\"2019-12-04T12:51:06+00:00\" \/>\n<meta property=\"og:image\" content=\"https:\/\/uvbbrasil.com.br\/wp-content\/uploads\/2019\/12\/04.jpg\" \/>\n\t<meta property=\"og:image:width\" content=\"860\" \/>\n\t<meta property=\"og:image:height\" content=\"570\" \/>\n\t<meta property=\"og:image:type\" content=\"image\/jpeg\" \/>\n<meta name=\"author\" content=\"adminuvb\" \/>\n<meta name=\"twitter:card\" content=\"summary_large_image\" \/>\n<meta name=\"twitter:label1\" content=\"Escrito por\" \/>\n\t<meta name=\"twitter:data1\" content=\"adminuvb\" \/>\n\t<meta name=\"twitter:label2\" content=\"Est. tempo de leitura\" \/>\n\t<meta name=\"twitter:data2\" content=\"2 minutos\" \/>\n<script type=\"application\/ld+json\" class=\"yoast-schema-graph\">{\"@context\":\"https:\/\/schema.org\",\"@graph\":[{\"@type\":\"Article\",\"@id\":\"https:\/\/uvbbrasil.com.br\/congresso-mantem-veto-propaganda-partidaria-em-tv-e-radio\/#article\",\"isPartOf\":{\"@id\":\"https:\/\/uvbbrasil.com.br\/congresso-mantem-veto-propaganda-partidaria-em-tv-e-radio\/\"},\"author\":{\"name\":\"adminuvb\",\"@id\":\"https:\/\/uvbbrasil.com.br\/#\/schema\/person\/17990098446c098f52effddff4f1b272\"},\"headline\":\"Congresso mant\u00e9m veto \u00e0 propaganda partid\u00e1ria em TV e r\u00e1dio\",\"datePublished\":\"2019-12-04T12:51:06+00:00\",\"mainEntityOfPage\":{\"@id\":\"https:\/\/uvbbrasil.com.br\/congresso-mantem-veto-propaganda-partidaria-em-tv-e-radio\/\"},\"wordCount\":435,\"commentCount\":0,\"publisher\":{\"@id\":\"https:\/\/uvbbrasil.com.br\/#organization\"},\"image\":{\"@id\":\"https:\/\/uvbbrasil.com.br\/congresso-mantem-veto-propaganda-partidaria-em-tv-e-radio\/#primaryimage\"},\"thumbnailUrl\":\"https:\/\/uvbbrasil.com.br\/wp-content\/uploads\/2019\/12\/04.jpg\",\"articleSection\":[\"NOT\u00cdCIAS\"],\"inLanguage\":\"pt-BR\",\"potentialAction\":[{\"@type\":\"CommentAction\",\"name\":\"Comment\",\"target\":[\"https:\/\/uvbbrasil.com.br\/congresso-mantem-veto-propaganda-partidaria-em-tv-e-radio\/#respond\"]}]},{\"@type\":\"WebPage\",\"@id\":\"https:\/\/uvbbrasil.com.br\/congresso-mantem-veto-propaganda-partidaria-em-tv-e-radio\/\",\"url\":\"https:\/\/uvbbrasil.com.br\/congresso-mantem-veto-propaganda-partidaria-em-tv-e-radio\/\",\"name\":\"Congresso mant\u00e9m veto \u00e0 propaganda partid\u00e1ria em TV e r\u00e1dio - UVB Brasil\",\"isPartOf\":{\"@id\":\"https:\/\/uvbbrasil.com.br\/#website\"},\"primaryImageOfPage\":{\"@id\":\"https:\/\/uvbbrasil.com.br\/congresso-mantem-veto-propaganda-partidaria-em-tv-e-radio\/#primaryimage\"},\"image\":{\"@id\":\"https:\/\/uvbbrasil.com.br\/congresso-mantem-veto-propaganda-partidaria-em-tv-e-radio\/#primaryimage\"},\"thumbnailUrl\":\"https:\/\/uvbbrasil.com.br\/wp-content\/uploads\/2019\/12\/04.jpg\",\"datePublished\":\"2019-12-04T12:51:06+00:00\",\"breadcrumb\":{\"@id\":\"https:\/\/uvbbrasil.com.br\/congresso-mantem-veto-propaganda-partidaria-em-tv-e-radio\/#breadcrumb\"},\"inLanguage\":\"pt-BR\",\"potentialAction\":[{\"@type\":\"ReadAction\",\"target\":[\"https:\/\/uvbbrasil.com.br\/congresso-mantem-veto-propaganda-partidaria-em-tv-e-radio\/\"]}]},{\"@type\":\"ImageObject\",\"inLanguage\":\"pt-BR\",\"@id\":\"https:\/\/uvbbrasil.com.br\/congresso-mantem-veto-propaganda-partidaria-em-tv-e-radio\/#primaryimage\",\"url\":\"https:\/\/uvbbrasil.com.br\/wp-content\/uploads\/2019\/12\/04.jpg\",\"contentUrl\":\"https:\/\/uvbbrasil.com.br\/wp-content\/uploads\/2019\/12\/04.jpg\",\"width\":860,\"height\":570},{\"@type\":\"BreadcrumbList\",\"@id\":\"https:\/\/uvbbrasil.com.br\/congresso-mantem-veto-propaganda-partidaria-em-tv-e-radio\/#breadcrumb\",\"itemListElement\":[{\"@type\":\"ListItem\",\"position\":1,\"name\":\"In\u00edcio\",\"item\":\"https:\/\/uvbbrasil.com.br\/\"},{\"@type\":\"ListItem\",\"position\":2,\"name\":\"Congresso mant\u00e9m veto \u00e0 propaganda partid\u00e1ria em TV e r\u00e1dio\"}]},{\"@type\":\"WebSite\",\"@id\":\"https:\/\/uvbbrasil.com.br\/#website\",\"url\":\"https:\/\/uvbbrasil.com.br\/\",\"name\":\"UVB Brasil\",\"description\":\"Uni\u00e3o dos Vereadores do Brasil\",\"publisher\":{\"@id\":\"https:\/\/uvbbrasil.com.br\/#organization\"},\"potentialAction\":[{\"@type\":\"SearchAction\",\"target\":{\"@type\":\"EntryPoint\",\"urlTemplate\":\"https:\/\/uvbbrasil.com.br\/?s={search_term_string}\"},\"query-input\":{\"@type\":\"PropertyValueSpecification\",\"valueRequired\":true,\"valueName\":\"search_term_string\"}}],\"inLanguage\":\"pt-BR\"},{\"@type\":\"Organization\",\"@id\":\"https:\/\/uvbbrasil.com.br\/#organization\",\"name\":\"UVB Brasil\",\"url\":\"https:\/\/uvbbrasil.com.br\/\",\"logo\":{\"@type\":\"ImageObject\",\"inLanguage\":\"pt-BR\",\"@id\":\"https:\/\/uvbbrasil.com.br\/#\/schema\/logo\/image\/\",\"url\":\"https:\/\/uvbbrasil.com.br\/wp-content\/uploads\/2025\/01\/LOGO-UVB-2024-azul-1.jpg\",\"contentUrl\":\"https:\/\/uvbbrasil.com.br\/wp-content\/uploads\/2025\/01\/LOGO-UVB-2024-azul-1.jpg\",\"width\":600,\"height\":211,\"caption\":\"UVB Brasil\"},\"image\":{\"@id\":\"https:\/\/uvbbrasil.com.br\/#\/schema\/logo\/image\/\"},\"sameAs\":[\"https:\/\/www.facebook.com\/uvb.vereadoresbrasil\",\"https:\/\/www.instagram.com\/uvbbrasil\/\",\"https:\/\/www.youtube.com\/channel\/UCIlPQ8Xzw5GHNzosQIg9S5A\"]},{\"@type\":\"Person\",\"@id\":\"https:\/\/uvbbrasil.com.br\/#\/schema\/person\/17990098446c098f52effddff4f1b272\",\"name\":\"adminuvb\",\"image\":{\"@type\":\"ImageObject\",\"inLanguage\":\"pt-BR\",\"@id\":\"https:\/\/uvbbrasil.com.br\/#\/schema\/person\/image\/\",\"url\":\"https:\/\/secure.gravatar.com\/avatar\/1a494ea6f8e2dd1ae526e55b0e9497efdba542491e0620d704cccf63c6f77c45?s=96&d=mm&r=g\",\"contentUrl\":\"https:\/\/secure.gravatar.com\/avatar\/1a494ea6f8e2dd1ae526e55b0e9497efdba542491e0620d704cccf63c6f77c45?s=96&d=mm&r=g\",\"caption\":\"adminuvb\"},\"sameAs\":[\"https:\/\/uvbbrasil.com.br\"],\"url\":\"https:\/\/uvbbrasil.com.br\/author\/adminuvb\/\"}]}<\/script>\n<!-- \/ Yoast SEO plugin. -->","yoast_head_json":{"title":"Congresso mant\u00e9m veto \u00e0 propaganda partid\u00e1ria em TV e r\u00e1dio - UVB Brasil","robots":{"index":"index","follow":"follow","max-snippet":"max-snippet:-1","max-image-preview":"max-image-preview:large","max-video-preview":"max-video-preview:-1"},"canonical":"https:\/\/uvbbrasil.com.br\/congresso-mantem-veto-propaganda-partidaria-em-tv-e-radio\/","og_locale":"pt_BR","og_type":"article","og_title":"Congresso mant\u00e9m veto \u00e0 propaganda partid\u00e1ria em TV e r\u00e1dio - UVB Brasil","og_description":"O Congresso Nacional manteve nesta ter\u00e7a-feira (3) veto do presidente da Rep\u00fablica, Jair Bolsonaro, \u00e0 retomada das propagandas partid\u00e1rias gratuitas...","og_url":"https:\/\/uvbbrasil.com.br\/congresso-mantem-veto-propaganda-partidaria-em-tv-e-radio\/","og_site_name":"UVB Brasil","article_publisher":"https:\/\/www.facebook.com\/uvb.vereadoresbrasil","article_published_time":"2019-12-04T12:51:06+00:00","og_image":[{"width":860,"height":570,"url":"https:\/\/uvbbrasil.com.br\/wp-content\/uploads\/2019\/12\/04.jpg","type":"image\/jpeg"}],"author":"adminuvb","twitter_card":"summary_large_image","twitter_misc":{"Escrito por":"adminuvb","Est. tempo de leitura":"2 minutos"},"schema":{"@context":"https:\/\/schema.org","@graph":[{"@type":"Article","@id":"https:\/\/uvbbrasil.com.br\/congresso-mantem-veto-propaganda-partidaria-em-tv-e-radio\/#article","isPartOf":{"@id":"https:\/\/uvbbrasil.com.br\/congresso-mantem-veto-propaganda-partidaria-em-tv-e-radio\/"},"author":{"name":"adminuvb","@id":"https:\/\/uvbbrasil.com.br\/#\/schema\/person\/17990098446c098f52effddff4f1b272"},"headline":"Congresso mant\u00e9m veto \u00e0 propaganda partid\u00e1ria em TV e r\u00e1dio","datePublished":"2019-12-04T12:51:06+00:00","mainEntityOfPage":{"@id":"https:\/\/uvbbrasil.com.br\/congresso-mantem-veto-propaganda-partidaria-em-tv-e-radio\/"},"wordCount":435,"commentCount":0,"publisher":{"@id":"https:\/\/uvbbrasil.com.br\/#organization"},"image":{"@id":"https:\/\/uvbbrasil.com.br\/congresso-mantem-veto-propaganda-partidaria-em-tv-e-radio\/#primaryimage"},"thumbnailUrl":"https:\/\/uvbbrasil.com.br\/wp-content\/uploads\/2019\/12\/04.jpg","articleSection":["NOT\u00cdCIAS"],"inLanguage":"pt-BR","potentialAction":[{"@type":"CommentAction","name":"Comment","target":["https:\/\/uvbbrasil.com.br\/congresso-mantem-veto-propaganda-partidaria-em-tv-e-radio\/#respond"]}]},{"@type":"WebPage","@id":"https:\/\/uvbbrasil.com.br\/congresso-mantem-veto-propaganda-partidaria-em-tv-e-radio\/","url":"https:\/\/uvbbrasil.com.br\/congresso-mantem-veto-propaganda-partidaria-em-tv-e-radio\/","name":"Congresso mant\u00e9m veto \u00e0 propaganda partid\u00e1ria em TV e r\u00e1dio - UVB Brasil","isPartOf":{"@id":"https:\/\/uvbbrasil.com.br\/#website"},"primaryImageOfPage":{"@id":"https:\/\/uvbbrasil.com.br\/congresso-mantem-veto-propaganda-partidaria-em-tv-e-radio\/#primaryimage"},"image":{"@id":"https:\/\/uvbbrasil.com.br\/congresso-mantem-veto-propaganda-partidaria-em-tv-e-radio\/#primaryimage"},"thumbnailUrl":"https:\/\/uvbbrasil.com.br\/wp-content\/uploads\/2019\/12\/04.jpg","datePublished":"2019-12-04T12:51:06+00:00","breadcrumb":{"@id":"https:\/\/uvbbrasil.com.br\/congresso-mantem-veto-propaganda-partidaria-em-tv-e-radio\/#breadcrumb"},"inLanguage":"pt-BR","potentialAction":[{"@type":"ReadAction","target":["https:\/\/uvbbrasil.com.br\/congresso-mantem-veto-propaganda-partidaria-em-tv-e-radio\/"]}]},{"@type":"ImageObject","inLanguage":"pt-BR","@id":"https:\/\/uvbbrasil.com.br\/congresso-mantem-veto-propaganda-partidaria-em-tv-e-radio\/#primaryimage","url":"https:\/\/uvbbrasil.com.br\/wp-content\/uploads\/2019\/12\/04.jpg","contentUrl":"https:\/\/uvbbrasil.com.br\/wp-content\/uploads\/2019\/12\/04.jpg","width":860,"height":570},{"@type":"BreadcrumbList","@id":"https:\/\/uvbbrasil.com.br\/congresso-mantem-veto-propaganda-partidaria-em-tv-e-radio\/#breadcrumb","itemListElement":[{"@type":"ListItem","position":1,"name":"In\u00edcio","item":"https:\/\/uvbbrasil.com.br\/"},{"@type":"ListItem","position":2,"name":"Congresso mant\u00e9m veto \u00e0 propaganda partid\u00e1ria em TV e r\u00e1dio"}]},{"@type":"WebSite","@id":"https:\/\/uvbbrasil.com.br\/#website","url":"https:\/\/uvbbrasil.com.br\/","name":"UVB Brasil","description":"Uni\u00e3o dos Vereadores do Brasil","publisher":{"@id":"https:\/\/uvbbrasil.com.br\/#organization"},"potentialAction":[{"@type":"SearchAction","target":{"@type":"EntryPoint","urlTemplate":"https:\/\/uvbbrasil.com.br\/?s={search_term_string}"},"query-input":{"@type":"PropertyValueSpecification","valueRequired":true,"valueName":"search_term_string"}}],"inLanguage":"pt-BR"},{"@type":"Organization","@id":"https:\/\/uvbbrasil.com.br\/#organization","name":"UVB Brasil","url":"https:\/\/uvbbrasil.com.br\/","logo":{"@type":"ImageObject","inLanguage":"pt-BR","@id":"https:\/\/uvbbrasil.com.br\/#\/schema\/logo\/image\/","url":"https:\/\/uvbbrasil.com.br\/wp-content\/uploads\/2025\/01\/LOGO-UVB-2024-azul-1.jpg","contentUrl":"https:\/\/uvbbrasil.com.br\/wp-content\/uploads\/2025\/01\/LOGO-UVB-2024-azul-1.jpg","width":600,"height":211,"caption":"UVB Brasil"},"image":{"@id":"https:\/\/uvbbrasil.com.br\/#\/schema\/logo\/image\/"},"sameAs":["https:\/\/www.facebook.com\/uvb.vereadoresbrasil","https:\/\/www.instagram.com\/uvbbrasil\/","https:\/\/www.youtube.com\/channel\/UCIlPQ8Xzw5GHNzosQIg9S5A"]},{"@type":"Person","@id":"https:\/\/uvbbrasil.com.br\/#\/schema\/person\/17990098446c098f52effddff4f1b272","name":"adminuvb","image":{"@type":"ImageObject","inLanguage":"pt-BR","@id":"https:\/\/uvbbrasil.com.br\/#\/schema\/person\/image\/","url":"https:\/\/secure.gravatar.com\/avatar\/1a494ea6f8e2dd1ae526e55b0e9497efdba542491e0620d704cccf63c6f77c45?s=96&d=mm&r=g","contentUrl":"https:\/\/secure.gravatar.com\/avatar\/1a494ea6f8e2dd1ae526e55b0e9497efdba542491e0620d704cccf63c6f77c45?s=96&d=mm&r=g","caption":"adminuvb"},"sameAs":["https:\/\/uvbbrasil.com.br"],"url":"https:\/\/uvbbrasil.com.br\/author\/adminuvb\/"}]}},"_links":{"self":[{"href":"https:\/\/uvbbrasil.com.br\/uvb-json\/wp\/v2\/posts\/17098","targetHints":{"allow":["GET"]}}],"collection":[{"href":"https:\/\/uvbbrasil.com.br\/uvb-json\/wp\/v2\/posts"}],"about":[{"href":"https:\/\/uvbbrasil.com.br\/uvb-json\/wp\/v2\/types\/post"}],"author":[{"embeddable":true,"href":"https:\/\/uvbbrasil.com.br\/uvb-json\/wp\/v2\/users\/1"}],"replies":[{"embeddable":true,"href":"https:\/\/uvbbrasil.com.br\/uvb-json\/wp\/v2\/comments?post=17098"}],"version-history":[{"count":0,"href":"https:\/\/uvbbrasil.com.br\/uvb-json\/wp\/v2\/posts\/17098\/revisions"}],"wp:featuredmedia":[{"embeddable":true,"href":"https:\/\/uvbbrasil.com.br\/uvb-json\/wp\/v2\/media\/17099"}],"wp:attachment":[{"href":"https:\/\/uvbbrasil.com.br\/uvb-json\/wp\/v2\/media?parent=17098"}],"wp:term":[{"taxonomy":"category","embeddable":true,"href":"https:\/\/uvbbrasil.com.br\/uvb-json\/wp\/v2\/categories?post=17098"},{"taxonomy":"post_tag","embeddable":true,"href":"https:\/\/uvbbrasil.com.br\/uvb-json\/wp\/v2\/tags?post=17098"}],"curies":[{"name":"wp","href":"https:\/\/api.w.org\/{rel}","templated":true}]}}