{"id":17038,"date":"2019-11-28T16:38:17","date_gmt":"2019-11-28T19:38:17","guid":{"rendered":"https:\/\/wpsandbox4.pante.com.br\/?p=17038"},"modified":"2019-11-28T16:38:17","modified_gmt":"2019-11-28T19:38:17","slug":"presidente-da-uvb-participa-lancamento-campanha-contas-publicas-sao-da-nossa-conta-em-brasilia","status":"publish","type":"post","link":"https:\/\/uvbbrasil.com.br\/presidente-da-uvb-participa-lancamento-campanha-contas-publicas-sao-da-nossa-conta-em-brasilia\/","title":{"rendered":"Presidente da UVB participa do lan\u00e7amento Campanha \u2018\u2019Contas P\u00fablicas s\u00e3o da nossa conta\u2019\u2019 em Bras\u00edlia"},"content":{"rendered":"<p>Ocorreu na manha desta quinta feira (28), o lan\u00e7amento da campanha \u201cContas P\u00fablicas s\u00e3o da nossa conta\u201d no Senado Federal. A\u00a0cerim\u00f4nia foi seguida de pain\u00e9is de debate. O primeiro tema abordado foi \u00a0\u201cOs desafios das Contas Publicas\u00a0 Municipais no Brasil, com o\u00a0presidente da Uni\u00e3o dos Vereadores do Brasil -UVB, vereador, Gilson Conzatti e a conselheira do TCE-PA, Milene Cunha e como moderador do painel o\u00a0coordenador do portal Meu Munic\u00edpio, Fernando Rabelo.<\/p>\n<p>Expectativas da Reforma do Pacto Federativo tamb\u00e9m foi\u00a0 discutido com o\u00a0 secret\u00e1rio geral Contas abertas, Gil Castelo Branco, Luciene Pereira representando o Tribunal de Contas da Uni\u00e3o\/TCU, Alex Canudo, Presidente\u00a0 da ANESP. Ap\u00f3s aconteceu o painel dos Tribunais\u00a0 de Contas e da Inova\u00e7\u00e3o do ajuste de contas municipais, com\u00a0 a vice-presidente nacional da associa\u00e7\u00e3o nacional de auditores e controle externo &#8211; ANTC, procurador da associa\u00e7\u00e3o de procuradores\u00a0 de contas\u00a0 do Minist\u00e9rio P\u00fablico\u00a0 &#8211; AMPCON, Stephenson Victor e o representante do Instituto Ruy Barbosa,que\u00a0 teve como moderadora a Conselheira do TCE-GO, Heloisa Helena.<\/p>\n<p>A iniciativa foi da AUDICON que lan\u00e7ou da campanha que pretende, na forma de rede colaborativa, realizar eventos pelo pa\u00eds, contribuir para a forma\u00e7\u00e3o de jornalistas com foco em contas p\u00fablicas, envolve organiza\u00e7\u00f5es sociais e o cidad\u00e3o, disseminando conhecimento sobre o setor e o que \u00e9 permitido e o que recai em improbidades. Na oportunidade diversas entidades representativas aderiram a campanha, entre elas a UVB.<\/p>\n<p><a href=\"https:\/\/uvbbrasil.com.br\/?attachment_id=17043\" rel=\"attachment wp-att-17043\"><img fetchpriority=\"high\" decoding=\"async\" class=\"aligncenter size-full wp-image-17043\" src=\"https:\/\/uvbbrasil.com.br\/wp-content\/uploads\/2019\/11\/audicon.jpg\" alt=\"\" width=\"345\" height=\"146\" srcset=\"https:\/\/uvbbrasil.com.br\/wp-content\/uploads\/2019\/11\/audicon.jpg 345w, https:\/\/uvbbrasil.com.br\/wp-content\/uploads\/2019\/11\/audicon-300x127.jpg 300w\" sizes=\"(max-width: 345px) 100vw, 345px\" \/><\/a><\/p>\n<p><a href=\"https:\/\/uvbbrasil.com.br\/?attachment_id=17040\" rel=\"attachment wp-att-17040\"><img decoding=\"async\" class=\"aligncenter size-full wp-image-17040\" src=\"https:\/\/uvbbrasil.com.br\/wp-content\/uploads\/2019\/11\/CAMPANHA.jpeg\" alt=\"\" width=\"1200\" height=\"1200\" srcset=\"https:\/\/uvbbrasil.com.br\/wp-content\/uploads\/2019\/11\/CAMPANHA.jpeg 1200w, https:\/\/uvbbrasil.com.br\/wp-content\/uploads\/2019\/11\/CAMPANHA-300x300.jpeg 300w, https:\/\/uvbbrasil.com.br\/wp-content\/uploads\/2019\/11\/CAMPANHA-1024x1024.jpeg 1024w, https:\/\/uvbbrasil.com.br\/wp-content\/uploads\/2019\/11\/CAMPANHA-150x150.jpeg 150w, https:\/\/uvbbrasil.com.br\/wp-content\/uploads\/2019\/11\/CAMPANHA-768x768.jpeg 768w\" sizes=\"(max-width: 1200px) 100vw, 1200px\" \/><\/a><\/p>\n","protected":false},"excerpt":{"rendered":"<p>Ocorreu na manha desta quinta feira (28), o lan\u00e7amento da campanha \u201cContas P\u00fablicas s\u00e3o da nossa conta\u201d no Senado Federal&#8230;.<\/p>\n","protected":false},"author":1,"featured_media":17040,"comment_status":"open","ping_status":"open","sticky":false,"template":"","format":"standard","meta":{"footnotes":""},"categories":[3,4],"tags":[],"class_list":["post-17038","post","type-post","status-publish","format-standard","has-post-thumbnail","hentry","category-noticias","category-home"],"yoast_head":"<!-- This site is optimized with the Yoast SEO plugin v26.7 - https:\/\/yoast.com\/wordpress\/plugins\/seo\/ -->\n<title>Presidente da UVB participa do lan\u00e7amento Campanha \u2018\u2019Contas P\u00fablicas s\u00e3o da nossa conta\u2019\u2019 em Bras\u00edlia - UVB Brasil<\/title>\n<meta name=\"robots\" content=\"index, follow, max-snippet:-1, max-image-preview:large, max-video-preview:-1\" \/>\n<link rel=\"canonical\" href=\"https:\/\/uvbbrasil.com.br\/presidente-da-uvb-participa-lancamento-campanha-contas-publicas-sao-da-nossa-conta-em-brasilia\/\" \/>\n<meta property=\"og:locale\" content=\"pt_BR\" \/>\n<meta property=\"og:type\" content=\"article\" \/>\n<meta property=\"og:title\" content=\"Presidente da UVB participa do lan\u00e7amento Campanha \u2018\u2019Contas P\u00fablicas s\u00e3o da nossa conta\u2019\u2019 em Bras\u00edlia - UVB Brasil\" \/>\n<meta property=\"og:description\" content=\"Ocorreu na manha desta quinta feira (28), o lan\u00e7amento da campanha \u201cContas P\u00fablicas s\u00e3o da nossa conta\u201d no Senado Federal....\" \/>\n<meta property=\"og:url\" content=\"https:\/\/uvbbrasil.com.br\/presidente-da-uvb-participa-lancamento-campanha-contas-publicas-sao-da-nossa-conta-em-brasilia\/\" \/>\n<meta property=\"og:site_name\" content=\"UVB Brasil\" \/>\n<meta property=\"article:publisher\" content=\"https:\/\/www.facebook.com\/uvb.vereadoresbrasil\" \/>\n<meta property=\"article:published_time\" content=\"2019-11-28T19:38:17+00:00\" \/>\n<meta property=\"og:image\" content=\"https:\/\/uvbbrasil.com.br\/wp-content\/uploads\/2019\/11\/CAMPANHA.jpeg\" \/>\n\t<meta property=\"og:image:width\" content=\"1200\" \/>\n\t<meta property=\"og:image:height\" content=\"1200\" \/>\n\t<meta property=\"og:image:type\" content=\"image\/jpeg\" \/>\n<meta name=\"author\" content=\"adminuvb\" \/>\n<meta name=\"twitter:card\" content=\"summary_large_image\" \/>\n<meta name=\"twitter:label1\" content=\"Escrito por\" \/>\n\t<meta name=\"twitter:data1\" content=\"adminuvb\" \/>\n\t<meta name=\"twitter:label2\" content=\"Est. tempo de leitura\" \/>\n\t<meta name=\"twitter:data2\" content=\"1 minuto\" \/>\n<script type=\"application\/ld+json\" class=\"yoast-schema-graph\">{\"@context\":\"https:\/\/schema.org\",\"@graph\":[{\"@type\":\"Article\",\"@id\":\"https:\/\/uvbbrasil.com.br\/presidente-da-uvb-participa-lancamento-campanha-contas-publicas-sao-da-nossa-conta-em-brasilia\/#article\",\"isPartOf\":{\"@id\":\"https:\/\/uvbbrasil.com.br\/presidente-da-uvb-participa-lancamento-campanha-contas-publicas-sao-da-nossa-conta-em-brasilia\/\"},\"author\":{\"name\":\"adminuvb\",\"@id\":\"https:\/\/uvbbrasil.com.br\/#\/schema\/person\/17990098446c098f52effddff4f1b272\"},\"headline\":\"Presidente da UVB participa do lan\u00e7amento Campanha \u2018\u2019Contas P\u00fablicas s\u00e3o da nossa conta\u2019\u2019 em Bras\u00edlia\",\"datePublished\":\"2019-11-28T19:38:17+00:00\",\"mainEntityOfPage\":{\"@id\":\"https:\/\/uvbbrasil.com.br\/presidente-da-uvb-participa-lancamento-campanha-contas-publicas-sao-da-nossa-conta-em-brasilia\/\"},\"wordCount\":272,\"commentCount\":0,\"publisher\":{\"@id\":\"https:\/\/uvbbrasil.com.br\/#organization\"},\"image\":{\"@id\":\"https:\/\/uvbbrasil.com.br\/presidente-da-uvb-participa-lancamento-campanha-contas-publicas-sao-da-nossa-conta-em-brasilia\/#primaryimage\"},\"thumbnailUrl\":\"https:\/\/uvbbrasil.com.br\/wp-content\/uploads\/2019\/11\/CAMPANHA.jpeg\",\"articleSection\":[\"NOT\u00cdCIAS\",\"UVB\"],\"inLanguage\":\"pt-BR\",\"potentialAction\":[{\"@type\":\"CommentAction\",\"name\":\"Comment\",\"target\":[\"https:\/\/uvbbrasil.com.br\/presidente-da-uvb-participa-lancamento-campanha-contas-publicas-sao-da-nossa-conta-em-brasilia\/#respond\"]}]},{\"@type\":\"WebPage\",\"@id\":\"https:\/\/uvbbrasil.com.br\/presidente-da-uvb-participa-lancamento-campanha-contas-publicas-sao-da-nossa-conta-em-brasilia\/\",\"url\":\"https:\/\/uvbbrasil.com.br\/presidente-da-uvb-participa-lancamento-campanha-contas-publicas-sao-da-nossa-conta-em-brasilia\/\",\"name\":\"Presidente da UVB participa do lan\u00e7amento Campanha \u2018\u2019Contas P\u00fablicas s\u00e3o da nossa conta\u2019\u2019 em Bras\u00edlia - UVB Brasil\",\"isPartOf\":{\"@id\":\"https:\/\/uvbbrasil.com.br\/#website\"},\"primaryImageOfPage\":{\"@id\":\"https:\/\/uvbbrasil.com.br\/presidente-da-uvb-participa-lancamento-campanha-contas-publicas-sao-da-nossa-conta-em-brasilia\/#primaryimage\"},\"image\":{\"@id\":\"https:\/\/uvbbrasil.com.br\/presidente-da-uvb-participa-lancamento-campanha-contas-publicas-sao-da-nossa-conta-em-brasilia\/#primaryimage\"},\"thumbnailUrl\":\"https:\/\/uvbbrasil.com.br\/wp-content\/uploads\/2019\/11\/CAMPANHA.jpeg\",\"datePublished\":\"2019-11-28T19:38:17+00:00\",\"breadcrumb\":{\"@id\":\"https:\/\/uvbbrasil.com.br\/presidente-da-uvb-participa-lancamento-campanha-contas-publicas-sao-da-nossa-conta-em-brasilia\/#breadcrumb\"},\"inLanguage\":\"pt-BR\",\"potentialAction\":[{\"@type\":\"ReadAction\",\"target\":[\"https:\/\/uvbbrasil.com.br\/presidente-da-uvb-participa-lancamento-campanha-contas-publicas-sao-da-nossa-conta-em-brasilia\/\"]}]},{\"@type\":\"ImageObject\",\"inLanguage\":\"pt-BR\",\"@id\":\"https:\/\/uvbbrasil.com.br\/presidente-da-uvb-participa-lancamento-campanha-contas-publicas-sao-da-nossa-conta-em-brasilia\/#primaryimage\",\"url\":\"https:\/\/uvbbrasil.com.br\/wp-content\/uploads\/2019\/11\/CAMPANHA.jpeg\",\"contentUrl\":\"https:\/\/uvbbrasil.com.br\/wp-content\/uploads\/2019\/11\/CAMPANHA.jpeg\",\"width\":1200,\"height\":1200},{\"@type\":\"BreadcrumbList\",\"@id\":\"https:\/\/uvbbrasil.com.br\/presidente-da-uvb-participa-lancamento-campanha-contas-publicas-sao-da-nossa-conta-em-brasilia\/#breadcrumb\",\"itemListElement\":[{\"@type\":\"ListItem\",\"position\":1,\"name\":\"In\u00edcio\",\"item\":\"https:\/\/uvbbrasil.com.br\/\"},{\"@type\":\"ListItem\",\"position\":2,\"name\":\"Presidente da UVB participa do lan\u00e7amento Campanha \u2018\u2019Contas P\u00fablicas s\u00e3o da nossa conta\u2019\u2019 em Bras\u00edlia\"}]},{\"@type\":\"WebSite\",\"@id\":\"https:\/\/uvbbrasil.com.br\/#website\",\"url\":\"https:\/\/uvbbrasil.com.br\/\",\"name\":\"UVB Brasil\",\"description\":\"Uni\u00e3o dos Vereadores do Brasil\",\"publisher\":{\"@id\":\"https:\/\/uvbbrasil.com.br\/#organization\"},\"potentialAction\":[{\"@type\":\"SearchAction\",\"target\":{\"@type\":\"EntryPoint\",\"urlTemplate\":\"https:\/\/uvbbrasil.com.br\/?s={search_term_string}\"},\"query-input\":{\"@type\":\"PropertyValueSpecification\",\"valueRequired\":true,\"valueName\":\"search_term_string\"}}],\"inLanguage\":\"pt-BR\"},{\"@type\":\"Organization\",\"@id\":\"https:\/\/uvbbrasil.com.br\/#organization\",\"name\":\"UVB Brasil\",\"url\":\"https:\/\/uvbbrasil.com.br\/\",\"logo\":{\"@type\":\"ImageObject\",\"inLanguage\":\"pt-BR\",\"@id\":\"https:\/\/uvbbrasil.com.br\/#\/schema\/logo\/image\/\",\"url\":\"https:\/\/uvbbrasil.com.br\/wp-content\/uploads\/2025\/01\/LOGO-UVB-2024-azul-1.jpg\",\"contentUrl\":\"https:\/\/uvbbrasil.com.br\/wp-content\/uploads\/2025\/01\/LOGO-UVB-2024-azul-1.jpg\",\"width\":600,\"height\":211,\"caption\":\"UVB Brasil\"},\"image\":{\"@id\":\"https:\/\/uvbbrasil.com.br\/#\/schema\/logo\/image\/\"},\"sameAs\":[\"https:\/\/www.facebook.com\/uvb.vereadoresbrasil\",\"https:\/\/www.instagram.com\/uvbbrasil\/\",\"https:\/\/www.youtube.com\/channel\/UCIlPQ8Xzw5GHNzosQIg9S5A\"]},{\"@type\":\"Person\",\"@id\":\"https:\/\/uvbbrasil.com.br\/#\/schema\/person\/17990098446c098f52effddff4f1b272\",\"name\":\"adminuvb\",\"image\":{\"@type\":\"ImageObject\",\"inLanguage\":\"pt-BR\",\"@id\":\"https:\/\/uvbbrasil.com.br\/#\/schema\/person\/image\/\",\"url\":\"https:\/\/secure.gravatar.com\/avatar\/1a494ea6f8e2dd1ae526e55b0e9497efdba542491e0620d704cccf63c6f77c45?s=96&d=mm&r=g\",\"contentUrl\":\"https:\/\/secure.gravatar.com\/avatar\/1a494ea6f8e2dd1ae526e55b0e9497efdba542491e0620d704cccf63c6f77c45?s=96&d=mm&r=g\",\"caption\":\"adminuvb\"},\"sameAs\":[\"https:\/\/uvbbrasil.com.br\"],\"url\":\"https:\/\/uvbbrasil.com.br\/author\/adminuvb\/\"}]}<\/script>\n<!-- \/ Yoast SEO plugin. -->","yoast_head_json":{"title":"Presidente da UVB participa do lan\u00e7amento Campanha \u2018\u2019Contas P\u00fablicas s\u00e3o da nossa conta\u2019\u2019 em Bras\u00edlia - UVB Brasil","robots":{"index":"index","follow":"follow","max-snippet":"max-snippet:-1","max-image-preview":"max-image-preview:large","max-video-preview":"max-video-preview:-1"},"canonical":"https:\/\/uvbbrasil.com.br\/presidente-da-uvb-participa-lancamento-campanha-contas-publicas-sao-da-nossa-conta-em-brasilia\/","og_locale":"pt_BR","og_type":"article","og_title":"Presidente da UVB participa do lan\u00e7amento Campanha \u2018\u2019Contas P\u00fablicas s\u00e3o da nossa conta\u2019\u2019 em Bras\u00edlia - UVB Brasil","og_description":"Ocorreu na manha desta quinta feira (28), o lan\u00e7amento da campanha \u201cContas P\u00fablicas s\u00e3o da nossa conta\u201d no Senado Federal....","og_url":"https:\/\/uvbbrasil.com.br\/presidente-da-uvb-participa-lancamento-campanha-contas-publicas-sao-da-nossa-conta-em-brasilia\/","og_site_name":"UVB Brasil","article_publisher":"https:\/\/www.facebook.com\/uvb.vereadoresbrasil","article_published_time":"2019-11-28T19:38:17+00:00","og_image":[{"width":1200,"height":1200,"url":"https:\/\/uvbbrasil.com.br\/wp-content\/uploads\/2019\/11\/CAMPANHA.jpeg","type":"image\/jpeg"}],"author":"adminuvb","twitter_card":"summary_large_image","twitter_misc":{"Escrito por":"adminuvb","Est. tempo de leitura":"1 minuto"},"schema":{"@context":"https:\/\/schema.org","@graph":[{"@type":"Article","@id":"https:\/\/uvbbrasil.com.br\/presidente-da-uvb-participa-lancamento-campanha-contas-publicas-sao-da-nossa-conta-em-brasilia\/#article","isPartOf":{"@id":"https:\/\/uvbbrasil.com.br\/presidente-da-uvb-participa-lancamento-campanha-contas-publicas-sao-da-nossa-conta-em-brasilia\/"},"author":{"name":"adminuvb","@id":"https:\/\/uvbbrasil.com.br\/#\/schema\/person\/17990098446c098f52effddff4f1b272"},"headline":"Presidente da UVB participa do lan\u00e7amento Campanha \u2018\u2019Contas P\u00fablicas s\u00e3o da nossa conta\u2019\u2019 em Bras\u00edlia","datePublished":"2019-11-28T19:38:17+00:00","mainEntityOfPage":{"@id":"https:\/\/uvbbrasil.com.br\/presidente-da-uvb-participa-lancamento-campanha-contas-publicas-sao-da-nossa-conta-em-brasilia\/"},"wordCount":272,"commentCount":0,"publisher":{"@id":"https:\/\/uvbbrasil.com.br\/#organization"},"image":{"@id":"https:\/\/uvbbrasil.com.br\/presidente-da-uvb-participa-lancamento-campanha-contas-publicas-sao-da-nossa-conta-em-brasilia\/#primaryimage"},"thumbnailUrl":"https:\/\/uvbbrasil.com.br\/wp-content\/uploads\/2019\/11\/CAMPANHA.jpeg","articleSection":["NOT\u00cdCIAS","UVB"],"inLanguage":"pt-BR","potentialAction":[{"@type":"CommentAction","name":"Comment","target":["https:\/\/uvbbrasil.com.br\/presidente-da-uvb-participa-lancamento-campanha-contas-publicas-sao-da-nossa-conta-em-brasilia\/#respond"]}]},{"@type":"WebPage","@id":"https:\/\/uvbbrasil.com.br\/presidente-da-uvb-participa-lancamento-campanha-contas-publicas-sao-da-nossa-conta-em-brasilia\/","url":"https:\/\/uvbbrasil.com.br\/presidente-da-uvb-participa-lancamento-campanha-contas-publicas-sao-da-nossa-conta-em-brasilia\/","name":"Presidente da UVB participa do lan\u00e7amento Campanha \u2018\u2019Contas P\u00fablicas s\u00e3o da nossa conta\u2019\u2019 em Bras\u00edlia - UVB Brasil","isPartOf":{"@id":"https:\/\/uvbbrasil.com.br\/#website"},"primaryImageOfPage":{"@id":"https:\/\/uvbbrasil.com.br\/presidente-da-uvb-participa-lancamento-campanha-contas-publicas-sao-da-nossa-conta-em-brasilia\/#primaryimage"},"image":{"@id":"https:\/\/uvbbrasil.com.br\/presidente-da-uvb-participa-lancamento-campanha-contas-publicas-sao-da-nossa-conta-em-brasilia\/#primaryimage"},"thumbnailUrl":"https:\/\/uvbbrasil.com.br\/wp-content\/uploads\/2019\/11\/CAMPANHA.jpeg","datePublished":"2019-11-28T19:38:17+00:00","breadcrumb":{"@id":"https:\/\/uvbbrasil.com.br\/presidente-da-uvb-participa-lancamento-campanha-contas-publicas-sao-da-nossa-conta-em-brasilia\/#breadcrumb"},"inLanguage":"pt-BR","potentialAction":[{"@type":"ReadAction","target":["https:\/\/uvbbrasil.com.br\/presidente-da-uvb-participa-lancamento-campanha-contas-publicas-sao-da-nossa-conta-em-brasilia\/"]}]},{"@type":"ImageObject","inLanguage":"pt-BR","@id":"https:\/\/uvbbrasil.com.br\/presidente-da-uvb-participa-lancamento-campanha-contas-publicas-sao-da-nossa-conta-em-brasilia\/#primaryimage","url":"https:\/\/uvbbrasil.com.br\/wp-content\/uploads\/2019\/11\/CAMPANHA.jpeg","contentUrl":"https:\/\/uvbbrasil.com.br\/wp-content\/uploads\/2019\/11\/CAMPANHA.jpeg","width":1200,"height":1200},{"@type":"BreadcrumbList","@id":"https:\/\/uvbbrasil.com.br\/presidente-da-uvb-participa-lancamento-campanha-contas-publicas-sao-da-nossa-conta-em-brasilia\/#breadcrumb","itemListElement":[{"@type":"ListItem","position":1,"name":"In\u00edcio","item":"https:\/\/uvbbrasil.com.br\/"},{"@type":"ListItem","position":2,"name":"Presidente da UVB participa do lan\u00e7amento Campanha \u2018\u2019Contas P\u00fablicas s\u00e3o da nossa conta\u2019\u2019 em Bras\u00edlia"}]},{"@type":"WebSite","@id":"https:\/\/uvbbrasil.com.br\/#website","url":"https:\/\/uvbbrasil.com.br\/","name":"UVB Brasil","description":"Uni\u00e3o dos Vereadores do Brasil","publisher":{"@id":"https:\/\/uvbbrasil.com.br\/#organization"},"potentialAction":[{"@type":"SearchAction","target":{"@type":"EntryPoint","urlTemplate":"https:\/\/uvbbrasil.com.br\/?s={search_term_string}"},"query-input":{"@type":"PropertyValueSpecification","valueRequired":true,"valueName":"search_term_string"}}],"inLanguage":"pt-BR"},{"@type":"Organization","@id":"https:\/\/uvbbrasil.com.br\/#organization","name":"UVB Brasil","url":"https:\/\/uvbbrasil.com.br\/","logo":{"@type":"ImageObject","inLanguage":"pt-BR","@id":"https:\/\/uvbbrasil.com.br\/#\/schema\/logo\/image\/","url":"https:\/\/uvbbrasil.com.br\/wp-content\/uploads\/2025\/01\/LOGO-UVB-2024-azul-1.jpg","contentUrl":"https:\/\/uvbbrasil.com.br\/wp-content\/uploads\/2025\/01\/LOGO-UVB-2024-azul-1.jpg","width":600,"height":211,"caption":"UVB Brasil"},"image":{"@id":"https:\/\/uvbbrasil.com.br\/#\/schema\/logo\/image\/"},"sameAs":["https:\/\/www.facebook.com\/uvb.vereadoresbrasil","https:\/\/www.instagram.com\/uvbbrasil\/","https:\/\/www.youtube.com\/channel\/UCIlPQ8Xzw5GHNzosQIg9S5A"]},{"@type":"Person","@id":"https:\/\/uvbbrasil.com.br\/#\/schema\/person\/17990098446c098f52effddff4f1b272","name":"adminuvb","image":{"@type":"ImageObject","inLanguage":"pt-BR","@id":"https:\/\/uvbbrasil.com.br\/#\/schema\/person\/image\/","url":"https:\/\/secure.gravatar.com\/avatar\/1a494ea6f8e2dd1ae526e55b0e9497efdba542491e0620d704cccf63c6f77c45?s=96&d=mm&r=g","contentUrl":"https:\/\/secure.gravatar.com\/avatar\/1a494ea6f8e2dd1ae526e55b0e9497efdba542491e0620d704cccf63c6f77c45?s=96&d=mm&r=g","caption":"adminuvb"},"sameAs":["https:\/\/uvbbrasil.com.br"],"url":"https:\/\/uvbbrasil.com.br\/author\/adminuvb\/"}]}},"_links":{"self":[{"href":"https:\/\/uvbbrasil.com.br\/uvb-json\/wp\/v2\/posts\/17038","targetHints":{"allow":["GET"]}}],"collection":[{"href":"https:\/\/uvbbrasil.com.br\/uvb-json\/wp\/v2\/posts"}],"about":[{"href":"https:\/\/uvbbrasil.com.br\/uvb-json\/wp\/v2\/types\/post"}],"author":[{"embeddable":true,"href":"https:\/\/uvbbrasil.com.br\/uvb-json\/wp\/v2\/users\/1"}],"replies":[{"embeddable":true,"href":"https:\/\/uvbbrasil.com.br\/uvb-json\/wp\/v2\/comments?post=17038"}],"version-history":[{"count":0,"href":"https:\/\/uvbbrasil.com.br\/uvb-json\/wp\/v2\/posts\/17038\/revisions"}],"wp:featuredmedia":[{"embeddable":true,"href":"https:\/\/uvbbrasil.com.br\/uvb-json\/wp\/v2\/media\/17040"}],"wp:attachment":[{"href":"https:\/\/uvbbrasil.com.br\/uvb-json\/wp\/v2\/media?parent=17038"}],"wp:term":[{"taxonomy":"category","embeddable":true,"href":"https:\/\/uvbbrasil.com.br\/uvb-json\/wp\/v2\/categories?post=17038"},{"taxonomy":"post_tag","embeddable":true,"href":"https:\/\/uvbbrasil.com.br\/uvb-json\/wp\/v2\/tags?post=17038"}],"curies":[{"name":"wp","href":"https:\/\/api.w.org\/{rel}","templated":true}]}}