{"id":16954,"date":"2019-11-22T17:46:57","date_gmt":"2019-11-22T20:46:57","guid":{"rendered":"https:\/\/wpsandbox4.pante.com.br\/?p=16954"},"modified":"2019-11-22T17:46:57","modified_gmt":"2019-11-22T20:46:57","slug":"comissao-senado-aprova-lei-de-dados-abertos-para-estender-transparencia","status":"publish","type":"post","link":"https:\/\/uvbbrasil.com.br\/comissao-senado-aprova-lei-de-dados-abertos-para-estender-transparencia\/","title":{"rendered":"Comiss\u00e3o do Senado aprova Lei de Dados Abertos para estender a transpar\u00eancia"},"content":{"rendered":"<p>\u2013 Organizar a forma e os padr\u00f5es de abertura de dados da Uni\u00e3o, Estados, Distrito Federal e Munic\u00edpios, assim como a solicita\u00e7\u00e3o de dados privados de interesse p\u00fablico, \u00e9 o que prop\u00f5e o Projeto de Lei 7804\/2014. Para isso, o projeto cria a Lei de Dados Abertos. Ele tramita em car\u00e1ter conclusivo na C\u00e2mara dos Deputados e recebeu aprova\u00e7\u00e3o na Comiss\u00e3o de Ci\u00eancia e Tecnologia, Comunica\u00e7\u00e3o e Inform\u00e1tica.<\/p>\n<p>A proposta foi aprovada na forma do substitutivo apresentado pelo relator, deputado Andr\u00e9 Figueiredo (PDT-CE), ao texto original do deputado Pedro Paulo (DEM-RJ) e quatro apensados. O relator unificou todo esse material. Contudo, o texto ainda ser\u00e1 deliberado pelas comiss\u00f5es de Trabalho, de Administra\u00e7\u00e3o e Servi\u00e7o P\u00fablico; Finan\u00e7as e Tributa\u00e7\u00e3o; e Constitui\u00e7\u00e3o e Justi\u00e7a e de Cidadania.<\/p>\n<p>Mesmo com as Leis de Responsabilidade Fiscal (LRF), de Acesso \u00e0 Informa\u00e7\u00e3o (LAI) e o Marco Civil da Internet (MCI), que garantem o direito \u00e0 informa\u00e7\u00e3o, o projeto prop\u00f5e ampliar esse acesso de forma transparente e estruturada. Tamb\u00e9m pretende fomentar o controle e a qualidade da administra\u00e7\u00e3o e dos servi\u00e7os p\u00fablicos por parte do cidad\u00e3o.<\/p>\n<p>Mecanismo<br \/>\nSe aprovado o projeto, a lei vai garantir o acesso aos dados prim\u00e1rios n\u00e3o sigilosos produzidos, coletados ou armazenados por \u00f3rg\u00e3os dos Poderes Executivo, Legislativo e Judici\u00e1rio e pelo Minist\u00e9rio P\u00fablico dos Entes federal, estadual ou municipal. Al\u00e9m de estender o acesso, o texto tamb\u00e9m prop\u00f5e estabelecer mecanismo central e uniforme para disponibiliza\u00e7\u00e3o de dados em todo o Brasil.<\/p>\n<p>Entre as novidades, PL tamb\u00e9m traz a defini\u00e7\u00e3o de conceitos e princ\u00edpios gerais sobre dados; quais Entes estar\u00e3o subordinados \u00e0 lei, excluindo Munic\u00edpios com menos de dez mil habitantes; as regras para transpar\u00eancia ativa e procedimentos operacionais, inclusive determina\u00e7\u00f5es ao Poder Executivo, que dever\u00e1 regulamentar a futura lei. O texto prev\u00ea exce\u00e7\u00e3o \u00e0s informa\u00e7\u00f5es produzidas ou acumuladas que estejam sob sigilo ou restri\u00e7\u00e3o de acesso.<a href=\"https:\/\/uvbbrasil.com.br\/?attachment_id=16955\" rel=\"attachment wp-att-16955\"><img fetchpriority=\"high\" decoding=\"async\" class=\"aligncenter size-full wp-image-16955\" src=\"https:\/\/uvbbrasil.com.br\/wp-content\/uploads\/2019\/11\/SE.jpg\" alt=\"\" width=\"780\" height=\"450\" srcset=\"https:\/\/uvbbrasil.com.br\/wp-content\/uploads\/2019\/11\/SE.jpg 780w, https:\/\/uvbbrasil.com.br\/wp-content\/uploads\/2019\/11\/SE-300x173.jpg 300w, https:\/\/uvbbrasil.com.br\/wp-content\/uploads\/2019\/11\/SE-768x443.jpg 768w\" sizes=\"(max-width: 780px) 100vw, 780px\" \/><\/a><\/p>\n<p>fonte:www.i9treinamentos.com.br<\/p>\n","protected":false},"excerpt":{"rendered":"<p>\u2013 Organizar a forma e os padr\u00f5es de abertura de dados da Uni\u00e3o, Estados, Distrito Federal e Munic\u00edpios, assim como&#8230;<\/p>\n","protected":false},"author":1,"featured_media":16955,"comment_status":"open","ping_status":"open","sticky":false,"template":"","format":"standard","meta":{"footnotes":""},"categories":[3],"tags":[],"class_list":["post-16954","post","type-post","status-publish","format-standard","has-post-thumbnail","hentry","category-noticias"],"yoast_head":"<!-- This site is optimized with the Yoast SEO plugin v26.7 - https:\/\/yoast.com\/wordpress\/plugins\/seo\/ -->\n<title>Comiss\u00e3o do Senado aprova Lei de Dados Abertos para estender a transpar\u00eancia - UVB Brasil<\/title>\n<meta name=\"robots\" content=\"index, follow, max-snippet:-1, max-image-preview:large, max-video-preview:-1\" \/>\n<link rel=\"canonical\" href=\"https:\/\/uvbbrasil.com.br\/comissao-senado-aprova-lei-de-dados-abertos-para-estender-transparencia\/\" \/>\n<meta property=\"og:locale\" content=\"pt_BR\" \/>\n<meta property=\"og:type\" content=\"article\" \/>\n<meta property=\"og:title\" content=\"Comiss\u00e3o do Senado aprova Lei de Dados Abertos para estender a transpar\u00eancia - UVB Brasil\" \/>\n<meta property=\"og:description\" content=\"\u2013 Organizar a forma e os padr\u00f5es de abertura de dados da Uni\u00e3o, Estados, Distrito Federal e Munic\u00edpios, assim como...\" \/>\n<meta property=\"og:url\" content=\"https:\/\/uvbbrasil.com.br\/comissao-senado-aprova-lei-de-dados-abertos-para-estender-transparencia\/\" \/>\n<meta property=\"og:site_name\" content=\"UVB Brasil\" \/>\n<meta property=\"article:publisher\" content=\"https:\/\/www.facebook.com\/uvb.vereadoresbrasil\" \/>\n<meta property=\"article:published_time\" content=\"2019-11-22T20:46:57+00:00\" \/>\n<meta property=\"og:image\" content=\"https:\/\/uvbbrasil.com.br\/wp-content\/uploads\/2019\/11\/SE.jpg\" \/>\n\t<meta property=\"og:image:width\" content=\"780\" \/>\n\t<meta property=\"og:image:height\" content=\"450\" \/>\n\t<meta property=\"og:image:type\" content=\"image\/jpeg\" \/>\n<meta name=\"author\" content=\"adminuvb\" \/>\n<meta name=\"twitter:card\" content=\"summary_large_image\" \/>\n<meta name=\"twitter:label1\" content=\"Escrito por\" \/>\n\t<meta name=\"twitter:data1\" content=\"adminuvb\" \/>\n\t<meta name=\"twitter:label2\" content=\"Est. tempo de leitura\" \/>\n\t<meta name=\"twitter:data2\" content=\"2 minutos\" \/>\n<script type=\"application\/ld+json\" class=\"yoast-schema-graph\">{\"@context\":\"https:\/\/schema.org\",\"@graph\":[{\"@type\":\"Article\",\"@id\":\"https:\/\/uvbbrasil.com.br\/comissao-senado-aprova-lei-de-dados-abertos-para-estender-transparencia\/#article\",\"isPartOf\":{\"@id\":\"https:\/\/uvbbrasil.com.br\/comissao-senado-aprova-lei-de-dados-abertos-para-estender-transparencia\/\"},\"author\":{\"name\":\"adminuvb\",\"@id\":\"https:\/\/uvbbrasil.com.br\/#\/schema\/person\/17990098446c098f52effddff4f1b272\"},\"headline\":\"Comiss\u00e3o do Senado aprova Lei de Dados Abertos para estender a transpar\u00eancia\",\"datePublished\":\"2019-11-22T20:46:57+00:00\",\"mainEntityOfPage\":{\"@id\":\"https:\/\/uvbbrasil.com.br\/comissao-senado-aprova-lei-de-dados-abertos-para-estender-transparencia\/\"},\"wordCount\":368,\"commentCount\":2,\"publisher\":{\"@id\":\"https:\/\/uvbbrasil.com.br\/#organization\"},\"image\":{\"@id\":\"https:\/\/uvbbrasil.com.br\/comissao-senado-aprova-lei-de-dados-abertos-para-estender-transparencia\/#primaryimage\"},\"thumbnailUrl\":\"https:\/\/uvbbrasil.com.br\/wp-content\/uploads\/2019\/11\/SE.jpg\",\"articleSection\":[\"NOT\u00cdCIAS\"],\"inLanguage\":\"pt-BR\",\"potentialAction\":[{\"@type\":\"CommentAction\",\"name\":\"Comment\",\"target\":[\"https:\/\/uvbbrasil.com.br\/comissao-senado-aprova-lei-de-dados-abertos-para-estender-transparencia\/#respond\"]}]},{\"@type\":\"WebPage\",\"@id\":\"https:\/\/uvbbrasil.com.br\/comissao-senado-aprova-lei-de-dados-abertos-para-estender-transparencia\/\",\"url\":\"https:\/\/uvbbrasil.com.br\/comissao-senado-aprova-lei-de-dados-abertos-para-estender-transparencia\/\",\"name\":\"Comiss\u00e3o do Senado aprova Lei de Dados Abertos para estender a transpar\u00eancia - UVB Brasil\",\"isPartOf\":{\"@id\":\"https:\/\/uvbbrasil.com.br\/#website\"},\"primaryImageOfPage\":{\"@id\":\"https:\/\/uvbbrasil.com.br\/comissao-senado-aprova-lei-de-dados-abertos-para-estender-transparencia\/#primaryimage\"},\"image\":{\"@id\":\"https:\/\/uvbbrasil.com.br\/comissao-senado-aprova-lei-de-dados-abertos-para-estender-transparencia\/#primaryimage\"},\"thumbnailUrl\":\"https:\/\/uvbbrasil.com.br\/wp-content\/uploads\/2019\/11\/SE.jpg\",\"datePublished\":\"2019-11-22T20:46:57+00:00\",\"breadcrumb\":{\"@id\":\"https:\/\/uvbbrasil.com.br\/comissao-senado-aprova-lei-de-dados-abertos-para-estender-transparencia\/#breadcrumb\"},\"inLanguage\":\"pt-BR\",\"potentialAction\":[{\"@type\":\"ReadAction\",\"target\":[\"https:\/\/uvbbrasil.com.br\/comissao-senado-aprova-lei-de-dados-abertos-para-estender-transparencia\/\"]}]},{\"@type\":\"ImageObject\",\"inLanguage\":\"pt-BR\",\"@id\":\"https:\/\/uvbbrasil.com.br\/comissao-senado-aprova-lei-de-dados-abertos-para-estender-transparencia\/#primaryimage\",\"url\":\"https:\/\/uvbbrasil.com.br\/wp-content\/uploads\/2019\/11\/SE.jpg\",\"contentUrl\":\"https:\/\/uvbbrasil.com.br\/wp-content\/uploads\/2019\/11\/SE.jpg\",\"width\":780,\"height\":450},{\"@type\":\"BreadcrumbList\",\"@id\":\"https:\/\/uvbbrasil.com.br\/comissao-senado-aprova-lei-de-dados-abertos-para-estender-transparencia\/#breadcrumb\",\"itemListElement\":[{\"@type\":\"ListItem\",\"position\":1,\"name\":\"In\u00edcio\",\"item\":\"https:\/\/uvbbrasil.com.br\/\"},{\"@type\":\"ListItem\",\"position\":2,\"name\":\"Comiss\u00e3o do Senado aprova Lei de Dados Abertos para estender a transpar\u00eancia\"}]},{\"@type\":\"WebSite\",\"@id\":\"https:\/\/uvbbrasil.com.br\/#website\",\"url\":\"https:\/\/uvbbrasil.com.br\/\",\"name\":\"UVB Brasil\",\"description\":\"Uni\u00e3o dos Vereadores do Brasil\",\"publisher\":{\"@id\":\"https:\/\/uvbbrasil.com.br\/#organization\"},\"potentialAction\":[{\"@type\":\"SearchAction\",\"target\":{\"@type\":\"EntryPoint\",\"urlTemplate\":\"https:\/\/uvbbrasil.com.br\/?s={search_term_string}\"},\"query-input\":{\"@type\":\"PropertyValueSpecification\",\"valueRequired\":true,\"valueName\":\"search_term_string\"}}],\"inLanguage\":\"pt-BR\"},{\"@type\":\"Organization\",\"@id\":\"https:\/\/uvbbrasil.com.br\/#organization\",\"name\":\"UVB Brasil\",\"url\":\"https:\/\/uvbbrasil.com.br\/\",\"logo\":{\"@type\":\"ImageObject\",\"inLanguage\":\"pt-BR\",\"@id\":\"https:\/\/uvbbrasil.com.br\/#\/schema\/logo\/image\/\",\"url\":\"https:\/\/uvbbrasil.com.br\/wp-content\/uploads\/2025\/01\/LOGO-UVB-2024-azul-1.jpg\",\"contentUrl\":\"https:\/\/uvbbrasil.com.br\/wp-content\/uploads\/2025\/01\/LOGO-UVB-2024-azul-1.jpg\",\"width\":600,\"height\":211,\"caption\":\"UVB Brasil\"},\"image\":{\"@id\":\"https:\/\/uvbbrasil.com.br\/#\/schema\/logo\/image\/\"},\"sameAs\":[\"https:\/\/www.facebook.com\/uvb.vereadoresbrasil\",\"https:\/\/www.instagram.com\/uvbbrasil\/\",\"https:\/\/www.youtube.com\/channel\/UCIlPQ8Xzw5GHNzosQIg9S5A\"]},{\"@type\":\"Person\",\"@id\":\"https:\/\/uvbbrasil.com.br\/#\/schema\/person\/17990098446c098f52effddff4f1b272\",\"name\":\"adminuvb\",\"image\":{\"@type\":\"ImageObject\",\"inLanguage\":\"pt-BR\",\"@id\":\"https:\/\/uvbbrasil.com.br\/#\/schema\/person\/image\/\",\"url\":\"https:\/\/secure.gravatar.com\/avatar\/1a494ea6f8e2dd1ae526e55b0e9497efdba542491e0620d704cccf63c6f77c45?s=96&d=mm&r=g\",\"contentUrl\":\"https:\/\/secure.gravatar.com\/avatar\/1a494ea6f8e2dd1ae526e55b0e9497efdba542491e0620d704cccf63c6f77c45?s=96&d=mm&r=g\",\"caption\":\"adminuvb\"},\"sameAs\":[\"https:\/\/uvbbrasil.com.br\"],\"url\":\"https:\/\/uvbbrasil.com.br\/author\/adminuvb\/\"}]}<\/script>\n<!-- \/ Yoast SEO plugin. -->","yoast_head_json":{"title":"Comiss\u00e3o do Senado aprova Lei de Dados Abertos para estender a transpar\u00eancia - UVB Brasil","robots":{"index":"index","follow":"follow","max-snippet":"max-snippet:-1","max-image-preview":"max-image-preview:large","max-video-preview":"max-video-preview:-1"},"canonical":"https:\/\/uvbbrasil.com.br\/comissao-senado-aprova-lei-de-dados-abertos-para-estender-transparencia\/","og_locale":"pt_BR","og_type":"article","og_title":"Comiss\u00e3o do Senado aprova Lei de Dados Abertos para estender a transpar\u00eancia - UVB Brasil","og_description":"\u2013 Organizar a forma e os padr\u00f5es de abertura de dados da Uni\u00e3o, Estados, Distrito Federal e Munic\u00edpios, assim como...","og_url":"https:\/\/uvbbrasil.com.br\/comissao-senado-aprova-lei-de-dados-abertos-para-estender-transparencia\/","og_site_name":"UVB Brasil","article_publisher":"https:\/\/www.facebook.com\/uvb.vereadoresbrasil","article_published_time":"2019-11-22T20:46:57+00:00","og_image":[{"width":780,"height":450,"url":"https:\/\/uvbbrasil.com.br\/wp-content\/uploads\/2019\/11\/SE.jpg","type":"image\/jpeg"}],"author":"adminuvb","twitter_card":"summary_large_image","twitter_misc":{"Escrito por":"adminuvb","Est. tempo de leitura":"2 minutos"},"schema":{"@context":"https:\/\/schema.org","@graph":[{"@type":"Article","@id":"https:\/\/uvbbrasil.com.br\/comissao-senado-aprova-lei-de-dados-abertos-para-estender-transparencia\/#article","isPartOf":{"@id":"https:\/\/uvbbrasil.com.br\/comissao-senado-aprova-lei-de-dados-abertos-para-estender-transparencia\/"},"author":{"name":"adminuvb","@id":"https:\/\/uvbbrasil.com.br\/#\/schema\/person\/17990098446c098f52effddff4f1b272"},"headline":"Comiss\u00e3o do Senado aprova Lei de Dados Abertos para estender a transpar\u00eancia","datePublished":"2019-11-22T20:46:57+00:00","mainEntityOfPage":{"@id":"https:\/\/uvbbrasil.com.br\/comissao-senado-aprova-lei-de-dados-abertos-para-estender-transparencia\/"},"wordCount":368,"commentCount":2,"publisher":{"@id":"https:\/\/uvbbrasil.com.br\/#organization"},"image":{"@id":"https:\/\/uvbbrasil.com.br\/comissao-senado-aprova-lei-de-dados-abertos-para-estender-transparencia\/#primaryimage"},"thumbnailUrl":"https:\/\/uvbbrasil.com.br\/wp-content\/uploads\/2019\/11\/SE.jpg","articleSection":["NOT\u00cdCIAS"],"inLanguage":"pt-BR","potentialAction":[{"@type":"CommentAction","name":"Comment","target":["https:\/\/uvbbrasil.com.br\/comissao-senado-aprova-lei-de-dados-abertos-para-estender-transparencia\/#respond"]}]},{"@type":"WebPage","@id":"https:\/\/uvbbrasil.com.br\/comissao-senado-aprova-lei-de-dados-abertos-para-estender-transparencia\/","url":"https:\/\/uvbbrasil.com.br\/comissao-senado-aprova-lei-de-dados-abertos-para-estender-transparencia\/","name":"Comiss\u00e3o do Senado aprova Lei de Dados Abertos para estender a transpar\u00eancia - UVB Brasil","isPartOf":{"@id":"https:\/\/uvbbrasil.com.br\/#website"},"primaryImageOfPage":{"@id":"https:\/\/uvbbrasil.com.br\/comissao-senado-aprova-lei-de-dados-abertos-para-estender-transparencia\/#primaryimage"},"image":{"@id":"https:\/\/uvbbrasil.com.br\/comissao-senado-aprova-lei-de-dados-abertos-para-estender-transparencia\/#primaryimage"},"thumbnailUrl":"https:\/\/uvbbrasil.com.br\/wp-content\/uploads\/2019\/11\/SE.jpg","datePublished":"2019-11-22T20:46:57+00:00","breadcrumb":{"@id":"https:\/\/uvbbrasil.com.br\/comissao-senado-aprova-lei-de-dados-abertos-para-estender-transparencia\/#breadcrumb"},"inLanguage":"pt-BR","potentialAction":[{"@type":"ReadAction","target":["https:\/\/uvbbrasil.com.br\/comissao-senado-aprova-lei-de-dados-abertos-para-estender-transparencia\/"]}]},{"@type":"ImageObject","inLanguage":"pt-BR","@id":"https:\/\/uvbbrasil.com.br\/comissao-senado-aprova-lei-de-dados-abertos-para-estender-transparencia\/#primaryimage","url":"https:\/\/uvbbrasil.com.br\/wp-content\/uploads\/2019\/11\/SE.jpg","contentUrl":"https:\/\/uvbbrasil.com.br\/wp-content\/uploads\/2019\/11\/SE.jpg","width":780,"height":450},{"@type":"BreadcrumbList","@id":"https:\/\/uvbbrasil.com.br\/comissao-senado-aprova-lei-de-dados-abertos-para-estender-transparencia\/#breadcrumb","itemListElement":[{"@type":"ListItem","position":1,"name":"In\u00edcio","item":"https:\/\/uvbbrasil.com.br\/"},{"@type":"ListItem","position":2,"name":"Comiss\u00e3o do Senado aprova Lei de Dados Abertos para estender a transpar\u00eancia"}]},{"@type":"WebSite","@id":"https:\/\/uvbbrasil.com.br\/#website","url":"https:\/\/uvbbrasil.com.br\/","name":"UVB Brasil","description":"Uni\u00e3o dos Vereadores do Brasil","publisher":{"@id":"https:\/\/uvbbrasil.com.br\/#organization"},"potentialAction":[{"@type":"SearchAction","target":{"@type":"EntryPoint","urlTemplate":"https:\/\/uvbbrasil.com.br\/?s={search_term_string}"},"query-input":{"@type":"PropertyValueSpecification","valueRequired":true,"valueName":"search_term_string"}}],"inLanguage":"pt-BR"},{"@type":"Organization","@id":"https:\/\/uvbbrasil.com.br\/#organization","name":"UVB Brasil","url":"https:\/\/uvbbrasil.com.br\/","logo":{"@type":"ImageObject","inLanguage":"pt-BR","@id":"https:\/\/uvbbrasil.com.br\/#\/schema\/logo\/image\/","url":"https:\/\/uvbbrasil.com.br\/wp-content\/uploads\/2025\/01\/LOGO-UVB-2024-azul-1.jpg","contentUrl":"https:\/\/uvbbrasil.com.br\/wp-content\/uploads\/2025\/01\/LOGO-UVB-2024-azul-1.jpg","width":600,"height":211,"caption":"UVB Brasil"},"image":{"@id":"https:\/\/uvbbrasil.com.br\/#\/schema\/logo\/image\/"},"sameAs":["https:\/\/www.facebook.com\/uvb.vereadoresbrasil","https:\/\/www.instagram.com\/uvbbrasil\/","https:\/\/www.youtube.com\/channel\/UCIlPQ8Xzw5GHNzosQIg9S5A"]},{"@type":"Person","@id":"https:\/\/uvbbrasil.com.br\/#\/schema\/person\/17990098446c098f52effddff4f1b272","name":"adminuvb","image":{"@type":"ImageObject","inLanguage":"pt-BR","@id":"https:\/\/uvbbrasil.com.br\/#\/schema\/person\/image\/","url":"https:\/\/secure.gravatar.com\/avatar\/1a494ea6f8e2dd1ae526e55b0e9497efdba542491e0620d704cccf63c6f77c45?s=96&d=mm&r=g","contentUrl":"https:\/\/secure.gravatar.com\/avatar\/1a494ea6f8e2dd1ae526e55b0e9497efdba542491e0620d704cccf63c6f77c45?s=96&d=mm&r=g","caption":"adminuvb"},"sameAs":["https:\/\/uvbbrasil.com.br"],"url":"https:\/\/uvbbrasil.com.br\/author\/adminuvb\/"}]}},"_links":{"self":[{"href":"https:\/\/uvbbrasil.com.br\/uvb-json\/wp\/v2\/posts\/16954","targetHints":{"allow":["GET"]}}],"collection":[{"href":"https:\/\/uvbbrasil.com.br\/uvb-json\/wp\/v2\/posts"}],"about":[{"href":"https:\/\/uvbbrasil.com.br\/uvb-json\/wp\/v2\/types\/post"}],"author":[{"embeddable":true,"href":"https:\/\/uvbbrasil.com.br\/uvb-json\/wp\/v2\/users\/1"}],"replies":[{"embeddable":true,"href":"https:\/\/uvbbrasil.com.br\/uvb-json\/wp\/v2\/comments?post=16954"}],"version-history":[{"count":0,"href":"https:\/\/uvbbrasil.com.br\/uvb-json\/wp\/v2\/posts\/16954\/revisions"}],"wp:featuredmedia":[{"embeddable":true,"href":"https:\/\/uvbbrasil.com.br\/uvb-json\/wp\/v2\/media\/16955"}],"wp:attachment":[{"href":"https:\/\/uvbbrasil.com.br\/uvb-json\/wp\/v2\/media?parent=16954"}],"wp:term":[{"taxonomy":"category","embeddable":true,"href":"https:\/\/uvbbrasil.com.br\/uvb-json\/wp\/v2\/categories?post=16954"},{"taxonomy":"post_tag","embeddable":true,"href":"https:\/\/uvbbrasil.com.br\/uvb-json\/wp\/v2\/tags?post=16954"}],"curies":[{"name":"wp","href":"https:\/\/api.w.org\/{rel}","templated":true}]}}