{"id":16948,"date":"2019-11-22T12:09:23","date_gmt":"2019-11-22T15:09:23","guid":{"rendered":"https:\/\/wpsandbox4.pante.com.br\/?p=16948"},"modified":"2019-11-22T12:09:23","modified_gmt":"2019-11-22T15:09:23","slug":"bancos-anunciam-mutirao-para-renegociacao-de-dividas-em-dezembro","status":"publish","type":"post","link":"https:\/\/uvbbrasil.com.br\/bancos-anunciam-mutirao-para-renegociacao-de-dividas-em-dezembro\/","title":{"rendered":"Bancos anunciam mutir\u00e3o para renegocia\u00e7\u00e3o de d\u00edvidas em dezembro"},"content":{"rendered":"<p>Bras\u00edlia-DF\u2013 O presidente do Banco Central, Roberto Campos Neto, e o presidente da Federa\u00e7\u00e3o Brasileira de Bancos (Febraban), Murilo Portugal, assinaram hoje (21) um acordo de coopera\u00e7\u00e3o t\u00e9cnica para promover a\u00e7\u00f5es coordenadas na \u00e1rea de educa\u00e7\u00e3o financeira e de renegocia\u00e7\u00e3o de d\u00edvidas. O acordo foi assinado no in\u00edcio da tarde de hoje, em S\u00e3o Paulo.<\/p>\n<p>A primeira a\u00e7\u00e3o do acordo ser\u00e1 a realiza\u00e7\u00e3o de um mutir\u00e3o para renegocia\u00e7\u00e3o de d\u00edvidas, marcado para ocorrer entre os dias 2 e 6 de dezembro. Neste mutir\u00e3o, participar\u00e3o os bancos Caixa Econ\u00f4mica Federal, Banco do Brasil, Ita\u00fa, Bradesco, Santander e Banrisul. Uma novidade ser\u00e1 que a renegocia\u00e7\u00e3o de d\u00edvidas poder\u00e1 ser feita nas pr\u00f3prias ag\u00eancias, de forma personalizada. Ao todo, 261 ag\u00eancias banc\u00e1rias participar\u00e3o do mutir\u00e3o.<\/p>\n<p>As ag\u00eancias dever\u00e3o ficar abertas at\u00e9 as 20h para isso. A lista com as ag\u00eancias participantes da a\u00e7\u00e3o ser\u00e3o divulgadas na pr\u00f3xima segunda-feira (25), no site Papo Reto, da Febraban.<br \/>\nDurante o mutir\u00e3o, disse o presidente da Febraban, tamb\u00e9m ser\u00e3o dadas orienta\u00e7\u00f5es sobre educa\u00e7\u00e3o financeira aos clientes. Cada um dos bancos envolvidos vai definir os valores e a forma de negocia\u00e7\u00e3o. \u201cOs bancos v\u00e3o oferecer as condi\u00e7\u00f5es mais vantajosas para a renegocia\u00e7\u00e3o. Cada banco tem sua pol\u00edtica pr\u00f3pria de renegocia\u00e7\u00e3o de d\u00edvida que v\u00e3o desde o parcelamento e a troca por outra d\u00edvida, at\u00e9 descontos\u201d, disse Amaury Oliva, diretor de Autorregula\u00e7\u00e3o e Rela\u00e7\u00f5es com os Clientes da Febraban.<\/p>\n<p>Outras a\u00e7\u00f5es<br \/>\nO acordo prev\u00ea ainda outras tr\u00eas a\u00e7\u00f5es. Uma delas \u00e9 a cria\u00e7\u00e3o de uma plataforma online de educa\u00e7\u00e3o financeira que, segundo Amaury Oliva, deve ter in\u00edcio no pr\u00f3ximo ano.<\/p>\n<p>Tamb\u00e9m est\u00e3o previstos, segundo Luis Gustavo Mansur, chefe do Departamento de Promo\u00e7\u00e3o e Cidadania Financeira do BC, a promo\u00e7\u00e3o de um concurso nacional que premiar\u00e1 a\u00e7\u00f5es e iniciativas sobre educa\u00e7\u00e3o financeira, com edital previsto inicialmente para maio do pr\u00f3ximo ano; e a\u00e7\u00f5es para a Semana Nacional de Educa\u00e7\u00e3o Financeira (ENEF), que geralmente ocorre no m\u00eas de maio. \u201cEssas iniciativas podem alcan\u00e7ar um p\u00fablico vasto: cerca de 144 milh\u00f5es de brasileiros adultos, com relacionamento banc\u00e1rio\u201d, disse o presidente do Banco Central.<\/p>\n<p>O acordo n\u00e3o envolve a transfer\u00eancia de recursos financeiros entre as institui\u00e7\u00f5es e tem vig\u00eancia de 60 meses. O plano inicial de trabalho, que prev\u00ea a realiza\u00e7\u00e3o das quatro a\u00e7\u00f5es (mutir\u00e3o, plataforma online, concurso e apoio \u00e0 Semana Nacional de Educa\u00e7\u00e3o Financeira), ter\u00e1 dura\u00e7\u00e3o de 24 meses.<a href=\"https:\/\/uvbbrasil.com.br\/?attachment_id=16949\" rel=\"attachment wp-att-16949\"><img fetchpriority=\"high\" decoding=\"async\" class=\"aligncenter size-full wp-image-16949\" src=\"https:\/\/uvbbrasil.com.br\/wp-content\/uploads\/2019\/11\/banco_central_abr_30091923895-oh3iuarmpn2ridqgzu1h8i69x6e76khcunk8n220es.jpg\" alt=\"\" width=\"780\" height=\"450\" srcset=\"https:\/\/uvbbrasil.com.br\/wp-content\/uploads\/2019\/11\/banco_central_abr_30091923895-oh3iuarmpn2ridqgzu1h8i69x6e76khcunk8n220es.jpg 780w, https:\/\/uvbbrasil.com.br\/wp-content\/uploads\/2019\/11\/banco_central_abr_30091923895-oh3iuarmpn2ridqgzu1h8i69x6e76khcunk8n220es-300x173.jpg 300w, https:\/\/uvbbrasil.com.br\/wp-content\/uploads\/2019\/11\/banco_central_abr_30091923895-oh3iuarmpn2ridqgzu1h8i69x6e76khcunk8n220es-768x443.jpg 768w\" sizes=\"(max-width: 780px) 100vw, 780px\" \/><\/a><\/p>\n","protected":false},"excerpt":{"rendered":"<p>Bras\u00edlia-DF\u2013 O presidente do Banco Central, Roberto Campos Neto, e o presidente da Federa\u00e7\u00e3o Brasileira de Bancos (Febraban), Murilo Portugal,&#8230;<\/p>\n","protected":false},"author":1,"featured_media":16949,"comment_status":"open","ping_status":"open","sticky":false,"template":"","format":"standard","meta":{"footnotes":""},"categories":[3],"tags":[],"class_list":["post-16948","post","type-post","status-publish","format-standard","has-post-thumbnail","hentry","category-noticias"],"yoast_head":"<!-- This site is optimized with the Yoast SEO plugin v26.7 - https:\/\/yoast.com\/wordpress\/plugins\/seo\/ -->\n<title>Bancos anunciam mutir\u00e3o para renegocia\u00e7\u00e3o de d\u00edvidas em dezembro - UVB Brasil<\/title>\n<meta name=\"robots\" content=\"index, follow, max-snippet:-1, max-image-preview:large, max-video-preview:-1\" \/>\n<link rel=\"canonical\" href=\"https:\/\/uvbbrasil.com.br\/bancos-anunciam-mutirao-para-renegociacao-de-dividas-em-dezembro\/\" \/>\n<meta property=\"og:locale\" content=\"pt_BR\" \/>\n<meta property=\"og:type\" content=\"article\" \/>\n<meta property=\"og:title\" content=\"Bancos anunciam mutir\u00e3o para renegocia\u00e7\u00e3o de d\u00edvidas em dezembro - UVB Brasil\" \/>\n<meta property=\"og:description\" content=\"Bras\u00edlia-DF\u2013 O presidente do Banco Central, Roberto Campos Neto, e o presidente da Federa\u00e7\u00e3o Brasileira de Bancos (Febraban), Murilo Portugal,...\" \/>\n<meta property=\"og:url\" content=\"https:\/\/uvbbrasil.com.br\/bancos-anunciam-mutirao-para-renegociacao-de-dividas-em-dezembro\/\" \/>\n<meta property=\"og:site_name\" content=\"UVB Brasil\" \/>\n<meta property=\"article:publisher\" content=\"https:\/\/www.facebook.com\/uvb.vereadoresbrasil\" \/>\n<meta property=\"article:published_time\" content=\"2019-11-22T15:09:23+00:00\" \/>\n<meta property=\"og:image\" content=\"https:\/\/uvbbrasil.com.br\/wp-content\/uploads\/2019\/11\/banco_central_abr_30091923895-oh3iuarmpn2ridqgzu1h8i69x6e76khcunk8n220es.jpg\" \/>\n\t<meta property=\"og:image:width\" content=\"780\" \/>\n\t<meta property=\"og:image:height\" content=\"450\" \/>\n\t<meta property=\"og:image:type\" content=\"image\/jpeg\" \/>\n<meta name=\"author\" content=\"adminuvb\" \/>\n<meta name=\"twitter:card\" content=\"summary_large_image\" \/>\n<meta name=\"twitter:label1\" content=\"Escrito por\" \/>\n\t<meta name=\"twitter:data1\" content=\"adminuvb\" \/>\n\t<meta name=\"twitter:label2\" content=\"Est. tempo de leitura\" \/>\n\t<meta name=\"twitter:data2\" content=\"2 minutos\" \/>\n<script type=\"application\/ld+json\" class=\"yoast-schema-graph\">{\"@context\":\"https:\/\/schema.org\",\"@graph\":[{\"@type\":\"Article\",\"@id\":\"https:\/\/uvbbrasil.com.br\/bancos-anunciam-mutirao-para-renegociacao-de-dividas-em-dezembro\/#article\",\"isPartOf\":{\"@id\":\"https:\/\/uvbbrasil.com.br\/bancos-anunciam-mutirao-para-renegociacao-de-dividas-em-dezembro\/\"},\"author\":{\"name\":\"adminuvb\",\"@id\":\"https:\/\/uvbbrasil.com.br\/#\/schema\/person\/17990098446c098f52effddff4f1b272\"},\"headline\":\"Bancos anunciam mutir\u00e3o para renegocia\u00e7\u00e3o de d\u00edvidas em dezembro\",\"datePublished\":\"2019-11-22T15:09:23+00:00\",\"mainEntityOfPage\":{\"@id\":\"https:\/\/uvbbrasil.com.br\/bancos-anunciam-mutirao-para-renegociacao-de-dividas-em-dezembro\/\"},\"wordCount\":469,\"commentCount\":2,\"publisher\":{\"@id\":\"https:\/\/uvbbrasil.com.br\/#organization\"},\"image\":{\"@id\":\"https:\/\/uvbbrasil.com.br\/bancos-anunciam-mutirao-para-renegociacao-de-dividas-em-dezembro\/#primaryimage\"},\"thumbnailUrl\":\"https:\/\/uvbbrasil.com.br\/wp-content\/uploads\/2019\/11\/banco_central_abr_30091923895-oh3iuarmpn2ridqgzu1h8i69x6e76khcunk8n220es.jpg\",\"articleSection\":[\"NOT\u00cdCIAS\"],\"inLanguage\":\"pt-BR\",\"potentialAction\":[{\"@type\":\"CommentAction\",\"name\":\"Comment\",\"target\":[\"https:\/\/uvbbrasil.com.br\/bancos-anunciam-mutirao-para-renegociacao-de-dividas-em-dezembro\/#respond\"]}]},{\"@type\":\"WebPage\",\"@id\":\"https:\/\/uvbbrasil.com.br\/bancos-anunciam-mutirao-para-renegociacao-de-dividas-em-dezembro\/\",\"url\":\"https:\/\/uvbbrasil.com.br\/bancos-anunciam-mutirao-para-renegociacao-de-dividas-em-dezembro\/\",\"name\":\"Bancos anunciam mutir\u00e3o para renegocia\u00e7\u00e3o de d\u00edvidas em dezembro - UVB Brasil\",\"isPartOf\":{\"@id\":\"https:\/\/uvbbrasil.com.br\/#website\"},\"primaryImageOfPage\":{\"@id\":\"https:\/\/uvbbrasil.com.br\/bancos-anunciam-mutirao-para-renegociacao-de-dividas-em-dezembro\/#primaryimage\"},\"image\":{\"@id\":\"https:\/\/uvbbrasil.com.br\/bancos-anunciam-mutirao-para-renegociacao-de-dividas-em-dezembro\/#primaryimage\"},\"thumbnailUrl\":\"https:\/\/uvbbrasil.com.br\/wp-content\/uploads\/2019\/11\/banco_central_abr_30091923895-oh3iuarmpn2ridqgzu1h8i69x6e76khcunk8n220es.jpg\",\"datePublished\":\"2019-11-22T15:09:23+00:00\",\"breadcrumb\":{\"@id\":\"https:\/\/uvbbrasil.com.br\/bancos-anunciam-mutirao-para-renegociacao-de-dividas-em-dezembro\/#breadcrumb\"},\"inLanguage\":\"pt-BR\",\"potentialAction\":[{\"@type\":\"ReadAction\",\"target\":[\"https:\/\/uvbbrasil.com.br\/bancos-anunciam-mutirao-para-renegociacao-de-dividas-em-dezembro\/\"]}]},{\"@type\":\"ImageObject\",\"inLanguage\":\"pt-BR\",\"@id\":\"https:\/\/uvbbrasil.com.br\/bancos-anunciam-mutirao-para-renegociacao-de-dividas-em-dezembro\/#primaryimage\",\"url\":\"https:\/\/uvbbrasil.com.br\/wp-content\/uploads\/2019\/11\/banco_central_abr_30091923895-oh3iuarmpn2ridqgzu1h8i69x6e76khcunk8n220es.jpg\",\"contentUrl\":\"https:\/\/uvbbrasil.com.br\/wp-content\/uploads\/2019\/11\/banco_central_abr_30091923895-oh3iuarmpn2ridqgzu1h8i69x6e76khcunk8n220es.jpg\",\"width\":780,\"height\":450},{\"@type\":\"BreadcrumbList\",\"@id\":\"https:\/\/uvbbrasil.com.br\/bancos-anunciam-mutirao-para-renegociacao-de-dividas-em-dezembro\/#breadcrumb\",\"itemListElement\":[{\"@type\":\"ListItem\",\"position\":1,\"name\":\"In\u00edcio\",\"item\":\"https:\/\/uvbbrasil.com.br\/\"},{\"@type\":\"ListItem\",\"position\":2,\"name\":\"Bancos anunciam mutir\u00e3o para renegocia\u00e7\u00e3o de d\u00edvidas em dezembro\"}]},{\"@type\":\"WebSite\",\"@id\":\"https:\/\/uvbbrasil.com.br\/#website\",\"url\":\"https:\/\/uvbbrasil.com.br\/\",\"name\":\"UVB Brasil\",\"description\":\"Uni\u00e3o dos Vereadores do Brasil\",\"publisher\":{\"@id\":\"https:\/\/uvbbrasil.com.br\/#organization\"},\"potentialAction\":[{\"@type\":\"SearchAction\",\"target\":{\"@type\":\"EntryPoint\",\"urlTemplate\":\"https:\/\/uvbbrasil.com.br\/?s={search_term_string}\"},\"query-input\":{\"@type\":\"PropertyValueSpecification\",\"valueRequired\":true,\"valueName\":\"search_term_string\"}}],\"inLanguage\":\"pt-BR\"},{\"@type\":\"Organization\",\"@id\":\"https:\/\/uvbbrasil.com.br\/#organization\",\"name\":\"UVB Brasil\",\"url\":\"https:\/\/uvbbrasil.com.br\/\",\"logo\":{\"@type\":\"ImageObject\",\"inLanguage\":\"pt-BR\",\"@id\":\"https:\/\/uvbbrasil.com.br\/#\/schema\/logo\/image\/\",\"url\":\"https:\/\/uvbbrasil.com.br\/wp-content\/uploads\/2025\/01\/LOGO-UVB-2024-azul-1.jpg\",\"contentUrl\":\"https:\/\/uvbbrasil.com.br\/wp-content\/uploads\/2025\/01\/LOGO-UVB-2024-azul-1.jpg\",\"width\":600,\"height\":211,\"caption\":\"UVB Brasil\"},\"image\":{\"@id\":\"https:\/\/uvbbrasil.com.br\/#\/schema\/logo\/image\/\"},\"sameAs\":[\"https:\/\/www.facebook.com\/uvb.vereadoresbrasil\",\"https:\/\/www.instagram.com\/uvbbrasil\/\",\"https:\/\/www.youtube.com\/channel\/UCIlPQ8Xzw5GHNzosQIg9S5A\"]},{\"@type\":\"Person\",\"@id\":\"https:\/\/uvbbrasil.com.br\/#\/schema\/person\/17990098446c098f52effddff4f1b272\",\"name\":\"adminuvb\",\"image\":{\"@type\":\"ImageObject\",\"inLanguage\":\"pt-BR\",\"@id\":\"https:\/\/uvbbrasil.com.br\/#\/schema\/person\/image\/\",\"url\":\"https:\/\/secure.gravatar.com\/avatar\/1a494ea6f8e2dd1ae526e55b0e9497efdba542491e0620d704cccf63c6f77c45?s=96&d=mm&r=g\",\"contentUrl\":\"https:\/\/secure.gravatar.com\/avatar\/1a494ea6f8e2dd1ae526e55b0e9497efdba542491e0620d704cccf63c6f77c45?s=96&d=mm&r=g\",\"caption\":\"adminuvb\"},\"sameAs\":[\"https:\/\/uvbbrasil.com.br\"],\"url\":\"https:\/\/uvbbrasil.com.br\/author\/adminuvb\/\"}]}<\/script>\n<!-- \/ Yoast SEO plugin. -->","yoast_head_json":{"title":"Bancos anunciam mutir\u00e3o para renegocia\u00e7\u00e3o de d\u00edvidas em dezembro - UVB Brasil","robots":{"index":"index","follow":"follow","max-snippet":"max-snippet:-1","max-image-preview":"max-image-preview:large","max-video-preview":"max-video-preview:-1"},"canonical":"https:\/\/uvbbrasil.com.br\/bancos-anunciam-mutirao-para-renegociacao-de-dividas-em-dezembro\/","og_locale":"pt_BR","og_type":"article","og_title":"Bancos anunciam mutir\u00e3o para renegocia\u00e7\u00e3o de d\u00edvidas em dezembro - UVB Brasil","og_description":"Bras\u00edlia-DF\u2013 O presidente do Banco Central, Roberto Campos Neto, e o presidente da Federa\u00e7\u00e3o Brasileira de Bancos (Febraban), Murilo Portugal,...","og_url":"https:\/\/uvbbrasil.com.br\/bancos-anunciam-mutirao-para-renegociacao-de-dividas-em-dezembro\/","og_site_name":"UVB Brasil","article_publisher":"https:\/\/www.facebook.com\/uvb.vereadoresbrasil","article_published_time":"2019-11-22T15:09:23+00:00","og_image":[{"width":780,"height":450,"url":"https:\/\/uvbbrasil.com.br\/wp-content\/uploads\/2019\/11\/banco_central_abr_30091923895-oh3iuarmpn2ridqgzu1h8i69x6e76khcunk8n220es.jpg","type":"image\/jpeg"}],"author":"adminuvb","twitter_card":"summary_large_image","twitter_misc":{"Escrito por":"adminuvb","Est. tempo de leitura":"2 minutos"},"schema":{"@context":"https:\/\/schema.org","@graph":[{"@type":"Article","@id":"https:\/\/uvbbrasil.com.br\/bancos-anunciam-mutirao-para-renegociacao-de-dividas-em-dezembro\/#article","isPartOf":{"@id":"https:\/\/uvbbrasil.com.br\/bancos-anunciam-mutirao-para-renegociacao-de-dividas-em-dezembro\/"},"author":{"name":"adminuvb","@id":"https:\/\/uvbbrasil.com.br\/#\/schema\/person\/17990098446c098f52effddff4f1b272"},"headline":"Bancos anunciam mutir\u00e3o para renegocia\u00e7\u00e3o de d\u00edvidas em dezembro","datePublished":"2019-11-22T15:09:23+00:00","mainEntityOfPage":{"@id":"https:\/\/uvbbrasil.com.br\/bancos-anunciam-mutirao-para-renegociacao-de-dividas-em-dezembro\/"},"wordCount":469,"commentCount":2,"publisher":{"@id":"https:\/\/uvbbrasil.com.br\/#organization"},"image":{"@id":"https:\/\/uvbbrasil.com.br\/bancos-anunciam-mutirao-para-renegociacao-de-dividas-em-dezembro\/#primaryimage"},"thumbnailUrl":"https:\/\/uvbbrasil.com.br\/wp-content\/uploads\/2019\/11\/banco_central_abr_30091923895-oh3iuarmpn2ridqgzu1h8i69x6e76khcunk8n220es.jpg","articleSection":["NOT\u00cdCIAS"],"inLanguage":"pt-BR","potentialAction":[{"@type":"CommentAction","name":"Comment","target":["https:\/\/uvbbrasil.com.br\/bancos-anunciam-mutirao-para-renegociacao-de-dividas-em-dezembro\/#respond"]}]},{"@type":"WebPage","@id":"https:\/\/uvbbrasil.com.br\/bancos-anunciam-mutirao-para-renegociacao-de-dividas-em-dezembro\/","url":"https:\/\/uvbbrasil.com.br\/bancos-anunciam-mutirao-para-renegociacao-de-dividas-em-dezembro\/","name":"Bancos anunciam mutir\u00e3o para renegocia\u00e7\u00e3o de d\u00edvidas em dezembro - UVB Brasil","isPartOf":{"@id":"https:\/\/uvbbrasil.com.br\/#website"},"primaryImageOfPage":{"@id":"https:\/\/uvbbrasil.com.br\/bancos-anunciam-mutirao-para-renegociacao-de-dividas-em-dezembro\/#primaryimage"},"image":{"@id":"https:\/\/uvbbrasil.com.br\/bancos-anunciam-mutirao-para-renegociacao-de-dividas-em-dezembro\/#primaryimage"},"thumbnailUrl":"https:\/\/uvbbrasil.com.br\/wp-content\/uploads\/2019\/11\/banco_central_abr_30091923895-oh3iuarmpn2ridqgzu1h8i69x6e76khcunk8n220es.jpg","datePublished":"2019-11-22T15:09:23+00:00","breadcrumb":{"@id":"https:\/\/uvbbrasil.com.br\/bancos-anunciam-mutirao-para-renegociacao-de-dividas-em-dezembro\/#breadcrumb"},"inLanguage":"pt-BR","potentialAction":[{"@type":"ReadAction","target":["https:\/\/uvbbrasil.com.br\/bancos-anunciam-mutirao-para-renegociacao-de-dividas-em-dezembro\/"]}]},{"@type":"ImageObject","inLanguage":"pt-BR","@id":"https:\/\/uvbbrasil.com.br\/bancos-anunciam-mutirao-para-renegociacao-de-dividas-em-dezembro\/#primaryimage","url":"https:\/\/uvbbrasil.com.br\/wp-content\/uploads\/2019\/11\/banco_central_abr_30091923895-oh3iuarmpn2ridqgzu1h8i69x6e76khcunk8n220es.jpg","contentUrl":"https:\/\/uvbbrasil.com.br\/wp-content\/uploads\/2019\/11\/banco_central_abr_30091923895-oh3iuarmpn2ridqgzu1h8i69x6e76khcunk8n220es.jpg","width":780,"height":450},{"@type":"BreadcrumbList","@id":"https:\/\/uvbbrasil.com.br\/bancos-anunciam-mutirao-para-renegociacao-de-dividas-em-dezembro\/#breadcrumb","itemListElement":[{"@type":"ListItem","position":1,"name":"In\u00edcio","item":"https:\/\/uvbbrasil.com.br\/"},{"@type":"ListItem","position":2,"name":"Bancos anunciam mutir\u00e3o para renegocia\u00e7\u00e3o de d\u00edvidas em dezembro"}]},{"@type":"WebSite","@id":"https:\/\/uvbbrasil.com.br\/#website","url":"https:\/\/uvbbrasil.com.br\/","name":"UVB Brasil","description":"Uni\u00e3o dos Vereadores do Brasil","publisher":{"@id":"https:\/\/uvbbrasil.com.br\/#organization"},"potentialAction":[{"@type":"SearchAction","target":{"@type":"EntryPoint","urlTemplate":"https:\/\/uvbbrasil.com.br\/?s={search_term_string}"},"query-input":{"@type":"PropertyValueSpecification","valueRequired":true,"valueName":"search_term_string"}}],"inLanguage":"pt-BR"},{"@type":"Organization","@id":"https:\/\/uvbbrasil.com.br\/#organization","name":"UVB Brasil","url":"https:\/\/uvbbrasil.com.br\/","logo":{"@type":"ImageObject","inLanguage":"pt-BR","@id":"https:\/\/uvbbrasil.com.br\/#\/schema\/logo\/image\/","url":"https:\/\/uvbbrasil.com.br\/wp-content\/uploads\/2025\/01\/LOGO-UVB-2024-azul-1.jpg","contentUrl":"https:\/\/uvbbrasil.com.br\/wp-content\/uploads\/2025\/01\/LOGO-UVB-2024-azul-1.jpg","width":600,"height":211,"caption":"UVB Brasil"},"image":{"@id":"https:\/\/uvbbrasil.com.br\/#\/schema\/logo\/image\/"},"sameAs":["https:\/\/www.facebook.com\/uvb.vereadoresbrasil","https:\/\/www.instagram.com\/uvbbrasil\/","https:\/\/www.youtube.com\/channel\/UCIlPQ8Xzw5GHNzosQIg9S5A"]},{"@type":"Person","@id":"https:\/\/uvbbrasil.com.br\/#\/schema\/person\/17990098446c098f52effddff4f1b272","name":"adminuvb","image":{"@type":"ImageObject","inLanguage":"pt-BR","@id":"https:\/\/uvbbrasil.com.br\/#\/schema\/person\/image\/","url":"https:\/\/secure.gravatar.com\/avatar\/1a494ea6f8e2dd1ae526e55b0e9497efdba542491e0620d704cccf63c6f77c45?s=96&d=mm&r=g","contentUrl":"https:\/\/secure.gravatar.com\/avatar\/1a494ea6f8e2dd1ae526e55b0e9497efdba542491e0620d704cccf63c6f77c45?s=96&d=mm&r=g","caption":"adminuvb"},"sameAs":["https:\/\/uvbbrasil.com.br"],"url":"https:\/\/uvbbrasil.com.br\/author\/adminuvb\/"}]}},"_links":{"self":[{"href":"https:\/\/uvbbrasil.com.br\/uvb-json\/wp\/v2\/posts\/16948","targetHints":{"allow":["GET"]}}],"collection":[{"href":"https:\/\/uvbbrasil.com.br\/uvb-json\/wp\/v2\/posts"}],"about":[{"href":"https:\/\/uvbbrasil.com.br\/uvb-json\/wp\/v2\/types\/post"}],"author":[{"embeddable":true,"href":"https:\/\/uvbbrasil.com.br\/uvb-json\/wp\/v2\/users\/1"}],"replies":[{"embeddable":true,"href":"https:\/\/uvbbrasil.com.br\/uvb-json\/wp\/v2\/comments?post=16948"}],"version-history":[{"count":0,"href":"https:\/\/uvbbrasil.com.br\/uvb-json\/wp\/v2\/posts\/16948\/revisions"}],"wp:featuredmedia":[{"embeddable":true,"href":"https:\/\/uvbbrasil.com.br\/uvb-json\/wp\/v2\/media\/16949"}],"wp:attachment":[{"href":"https:\/\/uvbbrasil.com.br\/uvb-json\/wp\/v2\/media?parent=16948"}],"wp:term":[{"taxonomy":"category","embeddable":true,"href":"https:\/\/uvbbrasil.com.br\/uvb-json\/wp\/v2\/categories?post=16948"},{"taxonomy":"post_tag","embeddable":true,"href":"https:\/\/uvbbrasil.com.br\/uvb-json\/wp\/v2\/tags?post=16948"}],"curies":[{"name":"wp","href":"https:\/\/api.w.org\/{rel}","templated":true}]}}