{"id":16907,"date":"2019-11-20T10:53:49","date_gmt":"2019-11-20T13:53:49","guid":{"rendered":"https:\/\/wpsandbox4.pante.com.br\/?p=16907"},"modified":"2019-11-20T10:53:49","modified_gmt":"2019-11-20T13:53:49","slug":"dr-antonio-augusto-meyer-advogado-especialista-em-direito-eleitoral-confirmado-em-porto-alegre","status":"publish","type":"post","link":"https:\/\/uvbbrasil.com.br\/dr-antonio-augusto-meyer-advogado-especialista-em-direito-eleitoral-confirmado-em-porto-alegre\/","title":{"rendered":"Dr. Antonio Augusto Meyer \u2013 Advogado especialista em direito eleitoral  confirmado em Porto Alegre."},"content":{"rendered":"<p>Para fechar o ano com chave de ouro a UVB realizar\u00e1 \u00a0o\u201d Encontro Nacional de Agentes Pol\u00edticos pelo Fortalecimento da Cidadania e Democracia \u201c,1\u00b0Municipalidades Aspectos Relevantes para as Elei\u00e7\u00f5es 2020, de 03 a 06 de dezembro de 2019 na AIAMU \u2013 Associa\u00e7\u00e3o dos Auditores Fiscais da Receita Municipal de Porto Alegre(Rua dos Andradas, 1234, 8\u00b0 andar, centro \u2013 Porto Alegre\/RS)<\/p>\n<p>Dr. Antonio Augusto Meyer dos Santos \u2013 Advogado especialista em direito eleitoral\u00a0 \u00e9 palestrante Confirmado<\/p>\n<p>Na oportunidade ir\u00e1 apresentar palestra sobre Pr\u00e9-Campanha Eleitoral e Reelei\u00e7\u00e3o \u00e0 Verean\u00e7a; Extin\u00e7\u00e3o das Coliga\u00e7\u00f5es Proporcionais e Propaganda da Majorit\u00e1ria; \u201cCandidaturas Laranjas\u201d a partir das recentes decis\u00f5es do TSE e Condutas vedadas aos Vereadores em Per\u00edodo Eleitoral.<\/p>\n<p>Evento\u00a0 que reunir\u00e1 Vereadores, Diretores, Procuradores, Assessores e Servidores de C\u00e2maras Municipais, Prefeitos, Vice-Prefeitos, secret\u00e1rio municipais, procuradores jur\u00eddicos municipais e assessores de prefeituras municipais, estudantes e demais interessados nas mat\u00e9rias apresentadas.<\/p>\n<p>Venha participar, capacita-se, ouvi e questionar com os mais qualificados especialistas em diversos temas de interesse parlamentar.<\/p>\n<p>Confira a programa\u00e7\u00e3o que j\u00e1 esta dispon\u00edvel no site ou e-mail brasilia@wpsandbox4.pante.com.br\u00a0 inscri\u00e7\u00f5es \u00a0e maiores informa\u00e7\u00f5es pelos telefones (61) 3226 4707 , (51) 3225 2029 &#8211; ou Whatsapp(55)99644-9022 (Fernando Radaelli)ou(51)98033-1642 (Thain\u00e1 Leite)<a href=\"https:\/\/uvbbrasil.com.br\/?attachment_id=16898\" rel=\"attachment wp-att-16898\"><img fetchpriority=\"high\" decoding=\"async\" class=\"aligncenter size-full wp-image-16898\" src=\"https:\/\/uvbbrasil.com.br\/wp-content\/uploads\/2019\/11\/augusto-1.jpeg\" alt=\"\" width=\"1280\" height=\"1280\" srcset=\"https:\/\/uvbbrasil.com.br\/wp-content\/uploads\/2019\/11\/augusto-1.jpeg 1280w, https:\/\/uvbbrasil.com.br\/wp-content\/uploads\/2019\/11\/augusto-1-300x300.jpeg 300w, https:\/\/uvbbrasil.com.br\/wp-content\/uploads\/2019\/11\/augusto-1-1024x1024.jpeg 1024w, https:\/\/uvbbrasil.com.br\/wp-content\/uploads\/2019\/11\/augusto-1-150x150.jpeg 150w, https:\/\/uvbbrasil.com.br\/wp-content\/uploads\/2019\/11\/augusto-1-768x768.jpeg 768w\" sizes=\"(max-width: 1280px) 100vw, 1280px\" \/><\/a><\/p>\n","protected":false},"excerpt":{"rendered":"<p>Para fechar o ano com chave de ouro a UVB realizar\u00e1 \u00a0o\u201d Encontro Nacional de Agentes Pol\u00edticos pelo Fortalecimento da&#8230;<\/p>\n","protected":false},"author":1,"featured_media":16898,"comment_status":"open","ping_status":"open","sticky":false,"template":"","format":"standard","meta":{"footnotes":""},"categories":[3,4],"tags":[],"class_list":["post-16907","post","type-post","status-publish","format-standard","has-post-thumbnail","hentry","category-noticias","category-home"],"yoast_head":"<!-- This site is optimized with the Yoast SEO plugin v26.7 - https:\/\/yoast.com\/wordpress\/plugins\/seo\/ -->\n<title>Dr. Antonio Augusto Meyer \u2013 Advogado especialista em direito eleitoral confirmado em Porto Alegre. - UVB Brasil<\/title>\n<meta name=\"robots\" content=\"index, follow, max-snippet:-1, max-image-preview:large, max-video-preview:-1\" \/>\n<link rel=\"canonical\" href=\"https:\/\/uvbbrasil.com.br\/dr-antonio-augusto-meyer-advogado-especialista-em-direito-eleitoral-confirmado-em-porto-alegre\/\" \/>\n<meta property=\"og:locale\" content=\"pt_BR\" \/>\n<meta property=\"og:type\" content=\"article\" \/>\n<meta property=\"og:title\" content=\"Dr. Antonio Augusto Meyer \u2013 Advogado especialista em direito eleitoral confirmado em Porto Alegre. - UVB Brasil\" \/>\n<meta property=\"og:description\" content=\"Para fechar o ano com chave de ouro a UVB realizar\u00e1 \u00a0o\u201d Encontro Nacional de Agentes Pol\u00edticos pelo Fortalecimento da...\" \/>\n<meta property=\"og:url\" content=\"https:\/\/uvbbrasil.com.br\/dr-antonio-augusto-meyer-advogado-especialista-em-direito-eleitoral-confirmado-em-porto-alegre\/\" \/>\n<meta property=\"og:site_name\" content=\"UVB Brasil\" \/>\n<meta property=\"article:publisher\" content=\"https:\/\/www.facebook.com\/uvb.vereadoresbrasil\" \/>\n<meta property=\"article:published_time\" content=\"2019-11-20T13:53:49+00:00\" \/>\n<meta property=\"og:image\" content=\"https:\/\/uvbbrasil.com.br\/wp-content\/uploads\/2019\/11\/augusto-1.jpeg\" \/>\n\t<meta property=\"og:image:width\" content=\"1280\" \/>\n\t<meta property=\"og:image:height\" content=\"1280\" \/>\n\t<meta property=\"og:image:type\" content=\"image\/jpeg\" \/>\n<meta name=\"author\" content=\"adminuvb\" \/>\n<meta name=\"twitter:card\" content=\"summary_large_image\" \/>\n<meta name=\"twitter:label1\" content=\"Escrito por\" \/>\n\t<meta name=\"twitter:data1\" content=\"adminuvb\" \/>\n\t<meta name=\"twitter:label2\" content=\"Est. tempo de leitura\" \/>\n\t<meta name=\"twitter:data2\" content=\"1 minuto\" \/>\n<script type=\"application\/ld+json\" class=\"yoast-schema-graph\">{\"@context\":\"https:\/\/schema.org\",\"@graph\":[{\"@type\":\"Article\",\"@id\":\"https:\/\/uvbbrasil.com.br\/dr-antonio-augusto-meyer-advogado-especialista-em-direito-eleitoral-confirmado-em-porto-alegre\/#article\",\"isPartOf\":{\"@id\":\"https:\/\/uvbbrasil.com.br\/dr-antonio-augusto-meyer-advogado-especialista-em-direito-eleitoral-confirmado-em-porto-alegre\/\"},\"author\":{\"name\":\"adminuvb\",\"@id\":\"https:\/\/uvbbrasil.com.br\/#\/schema\/person\/17990098446c098f52effddff4f1b272\"},\"headline\":\"Dr. Antonio Augusto Meyer \u2013 Advogado especialista em direito eleitoral confirmado em Porto Alegre.\",\"datePublished\":\"2019-11-20T13:53:49+00:00\",\"mainEntityOfPage\":{\"@id\":\"https:\/\/uvbbrasil.com.br\/dr-antonio-augusto-meyer-advogado-especialista-em-direito-eleitoral-confirmado-em-porto-alegre\/\"},\"wordCount\":215,\"commentCount\":2,\"publisher\":{\"@id\":\"https:\/\/uvbbrasil.com.br\/#organization\"},\"image\":{\"@id\":\"https:\/\/uvbbrasil.com.br\/dr-antonio-augusto-meyer-advogado-especialista-em-direito-eleitoral-confirmado-em-porto-alegre\/#primaryimage\"},\"thumbnailUrl\":\"https:\/\/uvbbrasil.com.br\/wp-content\/uploads\/2019\/11\/augusto-1.jpeg\",\"articleSection\":[\"NOT\u00cdCIAS\",\"UVB\"],\"inLanguage\":\"pt-BR\",\"potentialAction\":[{\"@type\":\"CommentAction\",\"name\":\"Comment\",\"target\":[\"https:\/\/uvbbrasil.com.br\/dr-antonio-augusto-meyer-advogado-especialista-em-direito-eleitoral-confirmado-em-porto-alegre\/#respond\"]}]},{\"@type\":\"WebPage\",\"@id\":\"https:\/\/uvbbrasil.com.br\/dr-antonio-augusto-meyer-advogado-especialista-em-direito-eleitoral-confirmado-em-porto-alegre\/\",\"url\":\"https:\/\/uvbbrasil.com.br\/dr-antonio-augusto-meyer-advogado-especialista-em-direito-eleitoral-confirmado-em-porto-alegre\/\",\"name\":\"Dr. Antonio Augusto Meyer \u2013 Advogado especialista em direito eleitoral confirmado em Porto Alegre. - UVB Brasil\",\"isPartOf\":{\"@id\":\"https:\/\/uvbbrasil.com.br\/#website\"},\"primaryImageOfPage\":{\"@id\":\"https:\/\/uvbbrasil.com.br\/dr-antonio-augusto-meyer-advogado-especialista-em-direito-eleitoral-confirmado-em-porto-alegre\/#primaryimage\"},\"image\":{\"@id\":\"https:\/\/uvbbrasil.com.br\/dr-antonio-augusto-meyer-advogado-especialista-em-direito-eleitoral-confirmado-em-porto-alegre\/#primaryimage\"},\"thumbnailUrl\":\"https:\/\/uvbbrasil.com.br\/wp-content\/uploads\/2019\/11\/augusto-1.jpeg\",\"datePublished\":\"2019-11-20T13:53:49+00:00\",\"breadcrumb\":{\"@id\":\"https:\/\/uvbbrasil.com.br\/dr-antonio-augusto-meyer-advogado-especialista-em-direito-eleitoral-confirmado-em-porto-alegre\/#breadcrumb\"},\"inLanguage\":\"pt-BR\",\"potentialAction\":[{\"@type\":\"ReadAction\",\"target\":[\"https:\/\/uvbbrasil.com.br\/dr-antonio-augusto-meyer-advogado-especialista-em-direito-eleitoral-confirmado-em-porto-alegre\/\"]}]},{\"@type\":\"ImageObject\",\"inLanguage\":\"pt-BR\",\"@id\":\"https:\/\/uvbbrasil.com.br\/dr-antonio-augusto-meyer-advogado-especialista-em-direito-eleitoral-confirmado-em-porto-alegre\/#primaryimage\",\"url\":\"https:\/\/uvbbrasil.com.br\/wp-content\/uploads\/2019\/11\/augusto-1.jpeg\",\"contentUrl\":\"https:\/\/uvbbrasil.com.br\/wp-content\/uploads\/2019\/11\/augusto-1.jpeg\",\"width\":1280,\"height\":1280},{\"@type\":\"BreadcrumbList\",\"@id\":\"https:\/\/uvbbrasil.com.br\/dr-antonio-augusto-meyer-advogado-especialista-em-direito-eleitoral-confirmado-em-porto-alegre\/#breadcrumb\",\"itemListElement\":[{\"@type\":\"ListItem\",\"position\":1,\"name\":\"In\u00edcio\",\"item\":\"https:\/\/uvbbrasil.com.br\/\"},{\"@type\":\"ListItem\",\"position\":2,\"name\":\"Dr. Antonio Augusto Meyer \u2013 Advogado especialista em direito eleitoral confirmado em Porto Alegre.\"}]},{\"@type\":\"WebSite\",\"@id\":\"https:\/\/uvbbrasil.com.br\/#website\",\"url\":\"https:\/\/uvbbrasil.com.br\/\",\"name\":\"UVB Brasil\",\"description\":\"Uni\u00e3o dos Vereadores do Brasil\",\"publisher\":{\"@id\":\"https:\/\/uvbbrasil.com.br\/#organization\"},\"potentialAction\":[{\"@type\":\"SearchAction\",\"target\":{\"@type\":\"EntryPoint\",\"urlTemplate\":\"https:\/\/uvbbrasil.com.br\/?s={search_term_string}\"},\"query-input\":{\"@type\":\"PropertyValueSpecification\",\"valueRequired\":true,\"valueName\":\"search_term_string\"}}],\"inLanguage\":\"pt-BR\"},{\"@type\":\"Organization\",\"@id\":\"https:\/\/uvbbrasil.com.br\/#organization\",\"name\":\"UVB Brasil\",\"url\":\"https:\/\/uvbbrasil.com.br\/\",\"logo\":{\"@type\":\"ImageObject\",\"inLanguage\":\"pt-BR\",\"@id\":\"https:\/\/uvbbrasil.com.br\/#\/schema\/logo\/image\/\",\"url\":\"https:\/\/uvbbrasil.com.br\/wp-content\/uploads\/2025\/01\/LOGO-UVB-2024-azul-1.jpg\",\"contentUrl\":\"https:\/\/uvbbrasil.com.br\/wp-content\/uploads\/2025\/01\/LOGO-UVB-2024-azul-1.jpg\",\"width\":600,\"height\":211,\"caption\":\"UVB Brasil\"},\"image\":{\"@id\":\"https:\/\/uvbbrasil.com.br\/#\/schema\/logo\/image\/\"},\"sameAs\":[\"https:\/\/www.facebook.com\/uvb.vereadoresbrasil\",\"https:\/\/www.instagram.com\/uvbbrasil\/\",\"https:\/\/www.youtube.com\/channel\/UCIlPQ8Xzw5GHNzosQIg9S5A\"]},{\"@type\":\"Person\",\"@id\":\"https:\/\/uvbbrasil.com.br\/#\/schema\/person\/17990098446c098f52effddff4f1b272\",\"name\":\"adminuvb\",\"image\":{\"@type\":\"ImageObject\",\"inLanguage\":\"pt-BR\",\"@id\":\"https:\/\/uvbbrasil.com.br\/#\/schema\/person\/image\/\",\"url\":\"https:\/\/secure.gravatar.com\/avatar\/1a494ea6f8e2dd1ae526e55b0e9497efdba542491e0620d704cccf63c6f77c45?s=96&d=mm&r=g\",\"contentUrl\":\"https:\/\/secure.gravatar.com\/avatar\/1a494ea6f8e2dd1ae526e55b0e9497efdba542491e0620d704cccf63c6f77c45?s=96&d=mm&r=g\",\"caption\":\"adminuvb\"},\"sameAs\":[\"https:\/\/uvbbrasil.com.br\"],\"url\":\"https:\/\/uvbbrasil.com.br\/author\/adminuvb\/\"}]}<\/script>\n<!-- \/ Yoast SEO plugin. -->","yoast_head_json":{"title":"Dr. Antonio Augusto Meyer \u2013 Advogado especialista em direito eleitoral confirmado em Porto Alegre. - UVB Brasil","robots":{"index":"index","follow":"follow","max-snippet":"max-snippet:-1","max-image-preview":"max-image-preview:large","max-video-preview":"max-video-preview:-1"},"canonical":"https:\/\/uvbbrasil.com.br\/dr-antonio-augusto-meyer-advogado-especialista-em-direito-eleitoral-confirmado-em-porto-alegre\/","og_locale":"pt_BR","og_type":"article","og_title":"Dr. Antonio Augusto Meyer \u2013 Advogado especialista em direito eleitoral confirmado em Porto Alegre. - UVB Brasil","og_description":"Para fechar o ano com chave de ouro a UVB realizar\u00e1 \u00a0o\u201d Encontro Nacional de Agentes Pol\u00edticos pelo Fortalecimento da...","og_url":"https:\/\/uvbbrasil.com.br\/dr-antonio-augusto-meyer-advogado-especialista-em-direito-eleitoral-confirmado-em-porto-alegre\/","og_site_name":"UVB Brasil","article_publisher":"https:\/\/www.facebook.com\/uvb.vereadoresbrasil","article_published_time":"2019-11-20T13:53:49+00:00","og_image":[{"width":1280,"height":1280,"url":"https:\/\/uvbbrasil.com.br\/wp-content\/uploads\/2019\/11\/augusto-1.jpeg","type":"image\/jpeg"}],"author":"adminuvb","twitter_card":"summary_large_image","twitter_misc":{"Escrito por":"adminuvb","Est. tempo de leitura":"1 minuto"},"schema":{"@context":"https:\/\/schema.org","@graph":[{"@type":"Article","@id":"https:\/\/uvbbrasil.com.br\/dr-antonio-augusto-meyer-advogado-especialista-em-direito-eleitoral-confirmado-em-porto-alegre\/#article","isPartOf":{"@id":"https:\/\/uvbbrasil.com.br\/dr-antonio-augusto-meyer-advogado-especialista-em-direito-eleitoral-confirmado-em-porto-alegre\/"},"author":{"name":"adminuvb","@id":"https:\/\/uvbbrasil.com.br\/#\/schema\/person\/17990098446c098f52effddff4f1b272"},"headline":"Dr. Antonio Augusto Meyer \u2013 Advogado especialista em direito eleitoral confirmado em Porto Alegre.","datePublished":"2019-11-20T13:53:49+00:00","mainEntityOfPage":{"@id":"https:\/\/uvbbrasil.com.br\/dr-antonio-augusto-meyer-advogado-especialista-em-direito-eleitoral-confirmado-em-porto-alegre\/"},"wordCount":215,"commentCount":2,"publisher":{"@id":"https:\/\/uvbbrasil.com.br\/#organization"},"image":{"@id":"https:\/\/uvbbrasil.com.br\/dr-antonio-augusto-meyer-advogado-especialista-em-direito-eleitoral-confirmado-em-porto-alegre\/#primaryimage"},"thumbnailUrl":"https:\/\/uvbbrasil.com.br\/wp-content\/uploads\/2019\/11\/augusto-1.jpeg","articleSection":["NOT\u00cdCIAS","UVB"],"inLanguage":"pt-BR","potentialAction":[{"@type":"CommentAction","name":"Comment","target":["https:\/\/uvbbrasil.com.br\/dr-antonio-augusto-meyer-advogado-especialista-em-direito-eleitoral-confirmado-em-porto-alegre\/#respond"]}]},{"@type":"WebPage","@id":"https:\/\/uvbbrasil.com.br\/dr-antonio-augusto-meyer-advogado-especialista-em-direito-eleitoral-confirmado-em-porto-alegre\/","url":"https:\/\/uvbbrasil.com.br\/dr-antonio-augusto-meyer-advogado-especialista-em-direito-eleitoral-confirmado-em-porto-alegre\/","name":"Dr. Antonio Augusto Meyer \u2013 Advogado especialista em direito eleitoral confirmado em Porto Alegre. - UVB Brasil","isPartOf":{"@id":"https:\/\/uvbbrasil.com.br\/#website"},"primaryImageOfPage":{"@id":"https:\/\/uvbbrasil.com.br\/dr-antonio-augusto-meyer-advogado-especialista-em-direito-eleitoral-confirmado-em-porto-alegre\/#primaryimage"},"image":{"@id":"https:\/\/uvbbrasil.com.br\/dr-antonio-augusto-meyer-advogado-especialista-em-direito-eleitoral-confirmado-em-porto-alegre\/#primaryimage"},"thumbnailUrl":"https:\/\/uvbbrasil.com.br\/wp-content\/uploads\/2019\/11\/augusto-1.jpeg","datePublished":"2019-11-20T13:53:49+00:00","breadcrumb":{"@id":"https:\/\/uvbbrasil.com.br\/dr-antonio-augusto-meyer-advogado-especialista-em-direito-eleitoral-confirmado-em-porto-alegre\/#breadcrumb"},"inLanguage":"pt-BR","potentialAction":[{"@type":"ReadAction","target":["https:\/\/uvbbrasil.com.br\/dr-antonio-augusto-meyer-advogado-especialista-em-direito-eleitoral-confirmado-em-porto-alegre\/"]}]},{"@type":"ImageObject","inLanguage":"pt-BR","@id":"https:\/\/uvbbrasil.com.br\/dr-antonio-augusto-meyer-advogado-especialista-em-direito-eleitoral-confirmado-em-porto-alegre\/#primaryimage","url":"https:\/\/uvbbrasil.com.br\/wp-content\/uploads\/2019\/11\/augusto-1.jpeg","contentUrl":"https:\/\/uvbbrasil.com.br\/wp-content\/uploads\/2019\/11\/augusto-1.jpeg","width":1280,"height":1280},{"@type":"BreadcrumbList","@id":"https:\/\/uvbbrasil.com.br\/dr-antonio-augusto-meyer-advogado-especialista-em-direito-eleitoral-confirmado-em-porto-alegre\/#breadcrumb","itemListElement":[{"@type":"ListItem","position":1,"name":"In\u00edcio","item":"https:\/\/uvbbrasil.com.br\/"},{"@type":"ListItem","position":2,"name":"Dr. Antonio Augusto Meyer \u2013 Advogado especialista em direito eleitoral confirmado em Porto Alegre."}]},{"@type":"WebSite","@id":"https:\/\/uvbbrasil.com.br\/#website","url":"https:\/\/uvbbrasil.com.br\/","name":"UVB Brasil","description":"Uni\u00e3o dos Vereadores do Brasil","publisher":{"@id":"https:\/\/uvbbrasil.com.br\/#organization"},"potentialAction":[{"@type":"SearchAction","target":{"@type":"EntryPoint","urlTemplate":"https:\/\/uvbbrasil.com.br\/?s={search_term_string}"},"query-input":{"@type":"PropertyValueSpecification","valueRequired":true,"valueName":"search_term_string"}}],"inLanguage":"pt-BR"},{"@type":"Organization","@id":"https:\/\/uvbbrasil.com.br\/#organization","name":"UVB Brasil","url":"https:\/\/uvbbrasil.com.br\/","logo":{"@type":"ImageObject","inLanguage":"pt-BR","@id":"https:\/\/uvbbrasil.com.br\/#\/schema\/logo\/image\/","url":"https:\/\/uvbbrasil.com.br\/wp-content\/uploads\/2025\/01\/LOGO-UVB-2024-azul-1.jpg","contentUrl":"https:\/\/uvbbrasil.com.br\/wp-content\/uploads\/2025\/01\/LOGO-UVB-2024-azul-1.jpg","width":600,"height":211,"caption":"UVB Brasil"},"image":{"@id":"https:\/\/uvbbrasil.com.br\/#\/schema\/logo\/image\/"},"sameAs":["https:\/\/www.facebook.com\/uvb.vereadoresbrasil","https:\/\/www.instagram.com\/uvbbrasil\/","https:\/\/www.youtube.com\/channel\/UCIlPQ8Xzw5GHNzosQIg9S5A"]},{"@type":"Person","@id":"https:\/\/uvbbrasil.com.br\/#\/schema\/person\/17990098446c098f52effddff4f1b272","name":"adminuvb","image":{"@type":"ImageObject","inLanguage":"pt-BR","@id":"https:\/\/uvbbrasil.com.br\/#\/schema\/person\/image\/","url":"https:\/\/secure.gravatar.com\/avatar\/1a494ea6f8e2dd1ae526e55b0e9497efdba542491e0620d704cccf63c6f77c45?s=96&d=mm&r=g","contentUrl":"https:\/\/secure.gravatar.com\/avatar\/1a494ea6f8e2dd1ae526e55b0e9497efdba542491e0620d704cccf63c6f77c45?s=96&d=mm&r=g","caption":"adminuvb"},"sameAs":["https:\/\/uvbbrasil.com.br"],"url":"https:\/\/uvbbrasil.com.br\/author\/adminuvb\/"}]}},"_links":{"self":[{"href":"https:\/\/uvbbrasil.com.br\/uvb-json\/wp\/v2\/posts\/16907","targetHints":{"allow":["GET"]}}],"collection":[{"href":"https:\/\/uvbbrasil.com.br\/uvb-json\/wp\/v2\/posts"}],"about":[{"href":"https:\/\/uvbbrasil.com.br\/uvb-json\/wp\/v2\/types\/post"}],"author":[{"embeddable":true,"href":"https:\/\/uvbbrasil.com.br\/uvb-json\/wp\/v2\/users\/1"}],"replies":[{"embeddable":true,"href":"https:\/\/uvbbrasil.com.br\/uvb-json\/wp\/v2\/comments?post=16907"}],"version-history":[{"count":0,"href":"https:\/\/uvbbrasil.com.br\/uvb-json\/wp\/v2\/posts\/16907\/revisions"}],"wp:featuredmedia":[{"embeddable":true,"href":"https:\/\/uvbbrasil.com.br\/uvb-json\/wp\/v2\/media\/16898"}],"wp:attachment":[{"href":"https:\/\/uvbbrasil.com.br\/uvb-json\/wp\/v2\/media?parent=16907"}],"wp:term":[{"taxonomy":"category","embeddable":true,"href":"https:\/\/uvbbrasil.com.br\/uvb-json\/wp\/v2\/categories?post=16907"},{"taxonomy":"post_tag","embeddable":true,"href":"https:\/\/uvbbrasil.com.br\/uvb-json\/wp\/v2\/tags?post=16907"}],"curies":[{"name":"wp","href":"https:\/\/api.w.org\/{rel}","templated":true}]}}