{"id":16741,"date":"2019-11-07T13:20:32","date_gmt":"2019-11-07T16:20:32","guid":{"rendered":"https:\/\/wpsandbox4.pante.com.br\/?p=16741"},"modified":"2019-11-07T13:20:32","modified_gmt":"2019-11-07T16:20:32","slug":"painel-das-mulheres-e-apresentado-no-55congresso-brasileiro-de-vereadores","status":"publish","type":"post","link":"https:\/\/uvbbrasil.com.br\/painel-das-mulheres-e-apresentado-no-55congresso-brasileiro-de-vereadores\/","title":{"rendered":"Painel das Mulheres \u00e9 apresentado no 55\u00b0Congresso Brasileiro de Vereadores"},"content":{"rendered":"<h4><\/h4>\n<p>No 55\u00b0congresso Brasileiro de Vereadores, foi concedido um espa\u00e7o para o Painel das mulheres \u00a0que foi comandada pelo Presidente da UVB, Gilson Conzatti.Encerrando a programa\u00e7\u00e3o do evento \u00a0algumas vereadoras estiveram apresenta\u00e7\u00e3o sua manifesta\u00e7\u00e3o em defesa da participa\u00e7\u00e3o da mulher na pol\u00edtica e respondendo a quest\u00e3o de \u201cLugar da mulher \u00e9 onde ela quiser.<\/p>\n<p>A vereadora Lys J\u00e1come Lima (Carolina-MA),Tania Assis (Dias D\u2019Avila-BA),Regiane Aparecida (Penha-SC),Zeneide Kovalski (Santa Terezinha-SC), A vereadora Helena \u00a0(Santana-AM) presidente da c\u00e2mara ,falou aos presentes \u00a0que para a mulher est\u00e1 em qualquer lugar e exercer o papel na politica\u00a0 s\u00f3 depende dos seus esfor\u00e7os e que a mulher \u00e9 o toque principal da politica. Simone Oliveira de Agu\u00e1 Clara -MS conhecida como Simone Xucra, foi a \u00a04 vereadora \u00a0mais bem votada em seu primeiro mandato, onde realiza projetos sociais\u00a0 como o gabinete itinerante visando atender a popula\u00e7\u00e3o em suas indica\u00e7\u00f5es, M\u00e1rcia Vida tamb\u00e9m de \u00c1gua Clara-MS em seu pronunciamento \u00a0parabenizou a UVB pela realiza\u00e7\u00e3o dos eventos para capacitar os Vereadores e Vereadoras e\u00a0 tamb\u00e9m pela bandeira\u00a0 que vem levantando sobre a Causa Animal.<\/p>\n<p>Em seguida as vereadoras Daniela e Maria de Rebango-RS, falaram \u00a0da grande diferen\u00e7a \u00a0entre o homem e\u00a0 a mulher na politica e\u00a0 dos incentivos para \u00a0inserir cada vez mais mulheres na politica brasileira. Da cidade\u00a0 de S\u00e3o Domingos do Sul-RS a vereadora Michele fez sua manifesta\u00e7\u00e3o \u00a0e afirmou que cabe as mulheres se colocarem e aproveitar\u00a0 a oportunidade e ocupar o espa\u00e7o \u00a0oferecido e demostrar o respeito a classe. De Itabaianinha- SE, Ledinha contou que um pouco da sua trajet\u00f3ria na politica e que\u00a0 ajudar e servir\u00a0 a popula\u00e7\u00e3o \u00e9 sempre o caminho independente de homem ou mulher. Na sequencia Fabiana \u00a0Regis, Vereadora do Munic\u00edpio de Cabedelo-PB, relatou que apesar da marcante desigualdade a mulher pode\u00a0 sim\u00a0 e deve esta na politica\u00a0 e n\u00e3o \u00e9 s\u00f3\u00a0 para completar a vaga no partido\u00a0 e sim competir de\u00a0 forma igual. De Arvorezinha-RS a vereadora Sueli que apoia as a\u00e7\u00f5es em seu munic\u00edpio \u00a0principalmente as mulheres. Vereadora Marilene de Casca-RS que falou da sua\u00a0 contribui\u00e7\u00e3o no munic\u00edpio onde procura est\u00e1 sempre em contato com os eleitores e amigos em diversas situa\u00e7\u00f5es, entre outras parlamentares.<\/p>\n<p>A participa\u00e7\u00e3o mais ativa das mulheres na vida politica\u00a0 depende em grande medida\u00a0 do reconhecimento , por parte delas pr\u00f3prias e da sociedade\u00a0 de modo geral, de direitos e garantias\u00a0 que muitas vezes\u00a0 permanecem\u00a0 prejudicados\u00a0 pela desinforma\u00e7\u00e3o .<\/p>\n<p>Objetivo maior dessa\u00a0 manifesta\u00e7\u00e3o \u00a0no momento e renovar\u00a0 os\u00a0 anseios\u00a0 populares\u00a0 por maior justi\u00e7a \u00a0social\u00a0 e igualdade e oportunidades.<\/p>\n<p><a href=\"https:\/\/uvbbrasil.com.br\/?attachment_id=16743\" rel=\"attachment wp-att-16743\"><img fetchpriority=\"high\" decoding=\"async\" class=\"aligncenter size-full wp-image-16743\" src=\"https:\/\/uvbbrasil.com.br\/wp-content\/uploads\/2019\/11\/mulheres-3.jpeg\" alt=\"\" width=\"1280\" height=\"850\" srcset=\"https:\/\/uvbbrasil.com.br\/wp-content\/uploads\/2019\/11\/mulheres-3.jpeg 1280w, https:\/\/uvbbrasil.com.br\/wp-content\/uploads\/2019\/11\/mulheres-3-300x199.jpeg 300w, https:\/\/uvbbrasil.com.br\/wp-content\/uploads\/2019\/11\/mulheres-3-1024x680.jpeg 1024w, https:\/\/uvbbrasil.com.br\/wp-content\/uploads\/2019\/11\/mulheres-3-768x510.jpeg 768w\" sizes=\"(max-width: 1280px) 100vw, 1280px\" \/><\/a><a href=\"https:\/\/uvbbrasil.com.br\/?attachment_id=16742\" rel=\"attachment wp-att-16742\"><img decoding=\"async\" class=\"aligncenter size-full wp-image-16742\" src=\"https:\/\/uvbbrasil.com.br\/wp-content\/uploads\/2019\/11\/mulheres-1.jpeg\" alt=\"\" width=\"1280\" height=\"850\" srcset=\"https:\/\/uvbbrasil.com.br\/wp-content\/uploads\/2019\/11\/mulheres-1.jpeg 1280w, https:\/\/uvbbrasil.com.br\/wp-content\/uploads\/2019\/11\/mulheres-1-300x199.jpeg 300w, https:\/\/uvbbrasil.com.br\/wp-content\/uploads\/2019\/11\/mulheres-1-1024x680.jpeg 1024w, https:\/\/uvbbrasil.com.br\/wp-content\/uploads\/2019\/11\/mulheres-1-768x510.jpeg 768w\" sizes=\"(max-width: 1280px) 100vw, 1280px\" \/><\/a><\/p>\n<p><a href=\"https:\/\/uvbbrasil.com.br\/?attachment_id=16744\" rel=\"attachment wp-att-16744\"><img decoding=\"async\" class=\"aligncenter size-full wp-image-16744\" src=\"https:\/\/uvbbrasil.com.br\/wp-content\/uploads\/2019\/11\/mulheres-4.jpeg\" alt=\"\" width=\"1280\" height=\"850\" srcset=\"https:\/\/uvbbrasil.com.br\/wp-content\/uploads\/2019\/11\/mulheres-4.jpeg 1280w, https:\/\/uvbbrasil.com.br\/wp-content\/uploads\/2019\/11\/mulheres-4-300x199.jpeg 300w, https:\/\/uvbbrasil.com.br\/wp-content\/uploads\/2019\/11\/mulheres-4-1024x680.jpeg 1024w, https:\/\/uvbbrasil.com.br\/wp-content\/uploads\/2019\/11\/mulheres-4-768x510.jpeg 768w\" sizes=\"(max-width: 1280px) 100vw, 1280px\" \/><\/a><\/p>\n<p><a href=\"https:\/\/uvbbrasil.com.br\/?attachment_id=16745\" rel=\"attachment wp-att-16745\"><img loading=\"lazy\" decoding=\"async\" class=\"aligncenter size-full wp-image-16745\" src=\"https:\/\/uvbbrasil.com.br\/wp-content\/uploads\/2019\/11\/mulheres.jpeg\" alt=\"\" width=\"1280\" height=\"850\" srcset=\"https:\/\/uvbbrasil.com.br\/wp-content\/uploads\/2019\/11\/mulheres.jpeg 1280w, https:\/\/uvbbrasil.com.br\/wp-content\/uploads\/2019\/11\/mulheres-300x199.jpeg 300w, https:\/\/uvbbrasil.com.br\/wp-content\/uploads\/2019\/11\/mulheres-1024x680.jpeg 1024w, https:\/\/uvbbrasil.com.br\/wp-content\/uploads\/2019\/11\/mulheres-768x510.jpeg 768w\" sizes=\"(max-width: 1280px) 100vw, 1280px\" \/><\/a><\/p>\n","protected":false},"excerpt":{"rendered":"<p>No 55\u00b0congresso Brasileiro de Vereadores, foi concedido um espa\u00e7o para o Painel das mulheres \u00a0que foi comandada pelo Presidente da&#8230;<\/p>\n","protected":false},"author":1,"featured_media":16745,"comment_status":"open","ping_status":"open","sticky":false,"template":"","format":"standard","meta":{"footnotes":""},"categories":[3,4],"tags":[],"class_list":["post-16741","post","type-post","status-publish","format-standard","has-post-thumbnail","hentry","category-noticias","category-home"],"yoast_head":"<!-- This site is optimized with the Yoast SEO plugin v26.7 - https:\/\/yoast.com\/wordpress\/plugins\/seo\/ -->\n<title>Painel das Mulheres \u00e9 apresentado no 55\u00b0Congresso Brasileiro de Vereadores - UVB Brasil<\/title>\n<meta name=\"robots\" content=\"index, follow, max-snippet:-1, max-image-preview:large, max-video-preview:-1\" \/>\n<link rel=\"canonical\" href=\"https:\/\/uvbbrasil.com.br\/painel-das-mulheres-e-apresentado-no-55congresso-brasileiro-de-vereadores\/\" \/>\n<meta property=\"og:locale\" content=\"pt_BR\" \/>\n<meta property=\"og:type\" content=\"article\" \/>\n<meta property=\"og:title\" content=\"Painel das Mulheres \u00e9 apresentado no 55\u00b0Congresso Brasileiro de Vereadores - UVB Brasil\" \/>\n<meta property=\"og:description\" content=\"No 55\u00b0congresso Brasileiro de Vereadores, foi concedido um espa\u00e7o para o Painel das mulheres \u00a0que foi comandada pelo Presidente da...\" \/>\n<meta property=\"og:url\" content=\"https:\/\/uvbbrasil.com.br\/painel-das-mulheres-e-apresentado-no-55congresso-brasileiro-de-vereadores\/\" \/>\n<meta property=\"og:site_name\" content=\"UVB Brasil\" \/>\n<meta property=\"article:publisher\" content=\"https:\/\/www.facebook.com\/uvb.vereadoresbrasil\" \/>\n<meta property=\"article:published_time\" content=\"2019-11-07T16:20:32+00:00\" \/>\n<meta property=\"og:image\" content=\"https:\/\/uvbbrasil.com.br\/wp-content\/uploads\/2019\/11\/mulheres.jpeg\" \/>\n\t<meta property=\"og:image:width\" content=\"1280\" \/>\n\t<meta property=\"og:image:height\" content=\"850\" \/>\n\t<meta property=\"og:image:type\" content=\"image\/jpeg\" \/>\n<meta name=\"author\" content=\"adminuvb\" \/>\n<meta name=\"twitter:card\" content=\"summary_large_image\" \/>\n<meta name=\"twitter:label1\" content=\"Escrito por\" \/>\n\t<meta name=\"twitter:data1\" content=\"adminuvb\" \/>\n\t<meta name=\"twitter:label2\" content=\"Est. tempo de leitura\" \/>\n\t<meta name=\"twitter:data2\" content=\"2 minutos\" \/>\n<script type=\"application\/ld+json\" class=\"yoast-schema-graph\">{\"@context\":\"https:\/\/schema.org\",\"@graph\":[{\"@type\":\"Article\",\"@id\":\"https:\/\/uvbbrasil.com.br\/painel-das-mulheres-e-apresentado-no-55congresso-brasileiro-de-vereadores\/#article\",\"isPartOf\":{\"@id\":\"https:\/\/uvbbrasil.com.br\/painel-das-mulheres-e-apresentado-no-55congresso-brasileiro-de-vereadores\/\"},\"author\":{\"name\":\"adminuvb\",\"@id\":\"https:\/\/uvbbrasil.com.br\/#\/schema\/person\/17990098446c098f52effddff4f1b272\"},\"headline\":\"Painel das Mulheres \u00e9 apresentado no 55\u00b0Congresso Brasileiro de Vereadores\",\"datePublished\":\"2019-11-07T16:20:32+00:00\",\"mainEntityOfPage\":{\"@id\":\"https:\/\/uvbbrasil.com.br\/painel-das-mulheres-e-apresentado-no-55congresso-brasileiro-de-vereadores\/\"},\"wordCount\":454,\"commentCount\":0,\"publisher\":{\"@id\":\"https:\/\/uvbbrasil.com.br\/#organization\"},\"image\":{\"@id\":\"https:\/\/uvbbrasil.com.br\/painel-das-mulheres-e-apresentado-no-55congresso-brasileiro-de-vereadores\/#primaryimage\"},\"thumbnailUrl\":\"https:\/\/uvbbrasil.com.br\/wp-content\/uploads\/2019\/11\/mulheres.jpeg\",\"articleSection\":[\"NOT\u00cdCIAS\",\"UVB\"],\"inLanguage\":\"pt-BR\",\"potentialAction\":[{\"@type\":\"CommentAction\",\"name\":\"Comment\",\"target\":[\"https:\/\/uvbbrasil.com.br\/painel-das-mulheres-e-apresentado-no-55congresso-brasileiro-de-vereadores\/#respond\"]}]},{\"@type\":\"WebPage\",\"@id\":\"https:\/\/uvbbrasil.com.br\/painel-das-mulheres-e-apresentado-no-55congresso-brasileiro-de-vereadores\/\",\"url\":\"https:\/\/uvbbrasil.com.br\/painel-das-mulheres-e-apresentado-no-55congresso-brasileiro-de-vereadores\/\",\"name\":\"Painel das Mulheres \u00e9 apresentado no 55\u00b0Congresso Brasileiro de Vereadores - UVB Brasil\",\"isPartOf\":{\"@id\":\"https:\/\/uvbbrasil.com.br\/#website\"},\"primaryImageOfPage\":{\"@id\":\"https:\/\/uvbbrasil.com.br\/painel-das-mulheres-e-apresentado-no-55congresso-brasileiro-de-vereadores\/#primaryimage\"},\"image\":{\"@id\":\"https:\/\/uvbbrasil.com.br\/painel-das-mulheres-e-apresentado-no-55congresso-brasileiro-de-vereadores\/#primaryimage\"},\"thumbnailUrl\":\"https:\/\/uvbbrasil.com.br\/wp-content\/uploads\/2019\/11\/mulheres.jpeg\",\"datePublished\":\"2019-11-07T16:20:32+00:00\",\"breadcrumb\":{\"@id\":\"https:\/\/uvbbrasil.com.br\/painel-das-mulheres-e-apresentado-no-55congresso-brasileiro-de-vereadores\/#breadcrumb\"},\"inLanguage\":\"pt-BR\",\"potentialAction\":[{\"@type\":\"ReadAction\",\"target\":[\"https:\/\/uvbbrasil.com.br\/painel-das-mulheres-e-apresentado-no-55congresso-brasileiro-de-vereadores\/\"]}]},{\"@type\":\"ImageObject\",\"inLanguage\":\"pt-BR\",\"@id\":\"https:\/\/uvbbrasil.com.br\/painel-das-mulheres-e-apresentado-no-55congresso-brasileiro-de-vereadores\/#primaryimage\",\"url\":\"https:\/\/uvbbrasil.com.br\/wp-content\/uploads\/2019\/11\/mulheres.jpeg\",\"contentUrl\":\"https:\/\/uvbbrasil.com.br\/wp-content\/uploads\/2019\/11\/mulheres.jpeg\",\"width\":1280,\"height\":850},{\"@type\":\"BreadcrumbList\",\"@id\":\"https:\/\/uvbbrasil.com.br\/painel-das-mulheres-e-apresentado-no-55congresso-brasileiro-de-vereadores\/#breadcrumb\",\"itemListElement\":[{\"@type\":\"ListItem\",\"position\":1,\"name\":\"In\u00edcio\",\"item\":\"https:\/\/uvbbrasil.com.br\/\"},{\"@type\":\"ListItem\",\"position\":2,\"name\":\"Painel das Mulheres \u00e9 apresentado no 55\u00b0Congresso Brasileiro de Vereadores\"}]},{\"@type\":\"WebSite\",\"@id\":\"https:\/\/uvbbrasil.com.br\/#website\",\"url\":\"https:\/\/uvbbrasil.com.br\/\",\"name\":\"UVB Brasil\",\"description\":\"Uni\u00e3o dos Vereadores do Brasil\",\"publisher\":{\"@id\":\"https:\/\/uvbbrasil.com.br\/#organization\"},\"potentialAction\":[{\"@type\":\"SearchAction\",\"target\":{\"@type\":\"EntryPoint\",\"urlTemplate\":\"https:\/\/uvbbrasil.com.br\/?s={search_term_string}\"},\"query-input\":{\"@type\":\"PropertyValueSpecification\",\"valueRequired\":true,\"valueName\":\"search_term_string\"}}],\"inLanguage\":\"pt-BR\"},{\"@type\":\"Organization\",\"@id\":\"https:\/\/uvbbrasil.com.br\/#organization\",\"name\":\"UVB Brasil\",\"url\":\"https:\/\/uvbbrasil.com.br\/\",\"logo\":{\"@type\":\"ImageObject\",\"inLanguage\":\"pt-BR\",\"@id\":\"https:\/\/uvbbrasil.com.br\/#\/schema\/logo\/image\/\",\"url\":\"https:\/\/uvbbrasil.com.br\/wp-content\/uploads\/2025\/01\/LOGO-UVB-2024-azul-1.jpg\",\"contentUrl\":\"https:\/\/uvbbrasil.com.br\/wp-content\/uploads\/2025\/01\/LOGO-UVB-2024-azul-1.jpg\",\"width\":600,\"height\":211,\"caption\":\"UVB Brasil\"},\"image\":{\"@id\":\"https:\/\/uvbbrasil.com.br\/#\/schema\/logo\/image\/\"},\"sameAs\":[\"https:\/\/www.facebook.com\/uvb.vereadoresbrasil\",\"https:\/\/www.instagram.com\/uvbbrasil\/\",\"https:\/\/www.youtube.com\/channel\/UCIlPQ8Xzw5GHNzosQIg9S5A\"]},{\"@type\":\"Person\",\"@id\":\"https:\/\/uvbbrasil.com.br\/#\/schema\/person\/17990098446c098f52effddff4f1b272\",\"name\":\"adminuvb\",\"image\":{\"@type\":\"ImageObject\",\"inLanguage\":\"pt-BR\",\"@id\":\"https:\/\/uvbbrasil.com.br\/#\/schema\/person\/image\/\",\"url\":\"https:\/\/secure.gravatar.com\/avatar\/1a494ea6f8e2dd1ae526e55b0e9497efdba542491e0620d704cccf63c6f77c45?s=96&d=mm&r=g\",\"contentUrl\":\"https:\/\/secure.gravatar.com\/avatar\/1a494ea6f8e2dd1ae526e55b0e9497efdba542491e0620d704cccf63c6f77c45?s=96&d=mm&r=g\",\"caption\":\"adminuvb\"},\"sameAs\":[\"https:\/\/uvbbrasil.com.br\"],\"url\":\"https:\/\/uvbbrasil.com.br\/author\/adminuvb\/\"}]}<\/script>\n<!-- \/ Yoast SEO plugin. -->","yoast_head_json":{"title":"Painel das Mulheres \u00e9 apresentado no 55\u00b0Congresso Brasileiro de Vereadores - UVB Brasil","robots":{"index":"index","follow":"follow","max-snippet":"max-snippet:-1","max-image-preview":"max-image-preview:large","max-video-preview":"max-video-preview:-1"},"canonical":"https:\/\/uvbbrasil.com.br\/painel-das-mulheres-e-apresentado-no-55congresso-brasileiro-de-vereadores\/","og_locale":"pt_BR","og_type":"article","og_title":"Painel das Mulheres \u00e9 apresentado no 55\u00b0Congresso Brasileiro de Vereadores - UVB Brasil","og_description":"No 55\u00b0congresso Brasileiro de Vereadores, foi concedido um espa\u00e7o para o Painel das mulheres \u00a0que foi comandada pelo Presidente da...","og_url":"https:\/\/uvbbrasil.com.br\/painel-das-mulheres-e-apresentado-no-55congresso-brasileiro-de-vereadores\/","og_site_name":"UVB Brasil","article_publisher":"https:\/\/www.facebook.com\/uvb.vereadoresbrasil","article_published_time":"2019-11-07T16:20:32+00:00","og_image":[{"width":1280,"height":850,"url":"https:\/\/uvbbrasil.com.br\/wp-content\/uploads\/2019\/11\/mulheres.jpeg","type":"image\/jpeg"}],"author":"adminuvb","twitter_card":"summary_large_image","twitter_misc":{"Escrito por":"adminuvb","Est. tempo de leitura":"2 minutos"},"schema":{"@context":"https:\/\/schema.org","@graph":[{"@type":"Article","@id":"https:\/\/uvbbrasil.com.br\/painel-das-mulheres-e-apresentado-no-55congresso-brasileiro-de-vereadores\/#article","isPartOf":{"@id":"https:\/\/uvbbrasil.com.br\/painel-das-mulheres-e-apresentado-no-55congresso-brasileiro-de-vereadores\/"},"author":{"name":"adminuvb","@id":"https:\/\/uvbbrasil.com.br\/#\/schema\/person\/17990098446c098f52effddff4f1b272"},"headline":"Painel das Mulheres \u00e9 apresentado no 55\u00b0Congresso Brasileiro de Vereadores","datePublished":"2019-11-07T16:20:32+00:00","mainEntityOfPage":{"@id":"https:\/\/uvbbrasil.com.br\/painel-das-mulheres-e-apresentado-no-55congresso-brasileiro-de-vereadores\/"},"wordCount":454,"commentCount":0,"publisher":{"@id":"https:\/\/uvbbrasil.com.br\/#organization"},"image":{"@id":"https:\/\/uvbbrasil.com.br\/painel-das-mulheres-e-apresentado-no-55congresso-brasileiro-de-vereadores\/#primaryimage"},"thumbnailUrl":"https:\/\/uvbbrasil.com.br\/wp-content\/uploads\/2019\/11\/mulheres.jpeg","articleSection":["NOT\u00cdCIAS","UVB"],"inLanguage":"pt-BR","potentialAction":[{"@type":"CommentAction","name":"Comment","target":["https:\/\/uvbbrasil.com.br\/painel-das-mulheres-e-apresentado-no-55congresso-brasileiro-de-vereadores\/#respond"]}]},{"@type":"WebPage","@id":"https:\/\/uvbbrasil.com.br\/painel-das-mulheres-e-apresentado-no-55congresso-brasileiro-de-vereadores\/","url":"https:\/\/uvbbrasil.com.br\/painel-das-mulheres-e-apresentado-no-55congresso-brasileiro-de-vereadores\/","name":"Painel das Mulheres \u00e9 apresentado no 55\u00b0Congresso Brasileiro de Vereadores - UVB Brasil","isPartOf":{"@id":"https:\/\/uvbbrasil.com.br\/#website"},"primaryImageOfPage":{"@id":"https:\/\/uvbbrasil.com.br\/painel-das-mulheres-e-apresentado-no-55congresso-brasileiro-de-vereadores\/#primaryimage"},"image":{"@id":"https:\/\/uvbbrasil.com.br\/painel-das-mulheres-e-apresentado-no-55congresso-brasileiro-de-vereadores\/#primaryimage"},"thumbnailUrl":"https:\/\/uvbbrasil.com.br\/wp-content\/uploads\/2019\/11\/mulheres.jpeg","datePublished":"2019-11-07T16:20:32+00:00","breadcrumb":{"@id":"https:\/\/uvbbrasil.com.br\/painel-das-mulheres-e-apresentado-no-55congresso-brasileiro-de-vereadores\/#breadcrumb"},"inLanguage":"pt-BR","potentialAction":[{"@type":"ReadAction","target":["https:\/\/uvbbrasil.com.br\/painel-das-mulheres-e-apresentado-no-55congresso-brasileiro-de-vereadores\/"]}]},{"@type":"ImageObject","inLanguage":"pt-BR","@id":"https:\/\/uvbbrasil.com.br\/painel-das-mulheres-e-apresentado-no-55congresso-brasileiro-de-vereadores\/#primaryimage","url":"https:\/\/uvbbrasil.com.br\/wp-content\/uploads\/2019\/11\/mulheres.jpeg","contentUrl":"https:\/\/uvbbrasil.com.br\/wp-content\/uploads\/2019\/11\/mulheres.jpeg","width":1280,"height":850},{"@type":"BreadcrumbList","@id":"https:\/\/uvbbrasil.com.br\/painel-das-mulheres-e-apresentado-no-55congresso-brasileiro-de-vereadores\/#breadcrumb","itemListElement":[{"@type":"ListItem","position":1,"name":"In\u00edcio","item":"https:\/\/uvbbrasil.com.br\/"},{"@type":"ListItem","position":2,"name":"Painel das Mulheres \u00e9 apresentado no 55\u00b0Congresso Brasileiro de Vereadores"}]},{"@type":"WebSite","@id":"https:\/\/uvbbrasil.com.br\/#website","url":"https:\/\/uvbbrasil.com.br\/","name":"UVB Brasil","description":"Uni\u00e3o dos Vereadores do Brasil","publisher":{"@id":"https:\/\/uvbbrasil.com.br\/#organization"},"potentialAction":[{"@type":"SearchAction","target":{"@type":"EntryPoint","urlTemplate":"https:\/\/uvbbrasil.com.br\/?s={search_term_string}"},"query-input":{"@type":"PropertyValueSpecification","valueRequired":true,"valueName":"search_term_string"}}],"inLanguage":"pt-BR"},{"@type":"Organization","@id":"https:\/\/uvbbrasil.com.br\/#organization","name":"UVB Brasil","url":"https:\/\/uvbbrasil.com.br\/","logo":{"@type":"ImageObject","inLanguage":"pt-BR","@id":"https:\/\/uvbbrasil.com.br\/#\/schema\/logo\/image\/","url":"https:\/\/uvbbrasil.com.br\/wp-content\/uploads\/2025\/01\/LOGO-UVB-2024-azul-1.jpg","contentUrl":"https:\/\/uvbbrasil.com.br\/wp-content\/uploads\/2025\/01\/LOGO-UVB-2024-azul-1.jpg","width":600,"height":211,"caption":"UVB Brasil"},"image":{"@id":"https:\/\/uvbbrasil.com.br\/#\/schema\/logo\/image\/"},"sameAs":["https:\/\/www.facebook.com\/uvb.vereadoresbrasil","https:\/\/www.instagram.com\/uvbbrasil\/","https:\/\/www.youtube.com\/channel\/UCIlPQ8Xzw5GHNzosQIg9S5A"]},{"@type":"Person","@id":"https:\/\/uvbbrasil.com.br\/#\/schema\/person\/17990098446c098f52effddff4f1b272","name":"adminuvb","image":{"@type":"ImageObject","inLanguage":"pt-BR","@id":"https:\/\/uvbbrasil.com.br\/#\/schema\/person\/image\/","url":"https:\/\/secure.gravatar.com\/avatar\/1a494ea6f8e2dd1ae526e55b0e9497efdba542491e0620d704cccf63c6f77c45?s=96&d=mm&r=g","contentUrl":"https:\/\/secure.gravatar.com\/avatar\/1a494ea6f8e2dd1ae526e55b0e9497efdba542491e0620d704cccf63c6f77c45?s=96&d=mm&r=g","caption":"adminuvb"},"sameAs":["https:\/\/uvbbrasil.com.br"],"url":"https:\/\/uvbbrasil.com.br\/author\/adminuvb\/"}]}},"_links":{"self":[{"href":"https:\/\/uvbbrasil.com.br\/uvb-json\/wp\/v2\/posts\/16741","targetHints":{"allow":["GET"]}}],"collection":[{"href":"https:\/\/uvbbrasil.com.br\/uvb-json\/wp\/v2\/posts"}],"about":[{"href":"https:\/\/uvbbrasil.com.br\/uvb-json\/wp\/v2\/types\/post"}],"author":[{"embeddable":true,"href":"https:\/\/uvbbrasil.com.br\/uvb-json\/wp\/v2\/users\/1"}],"replies":[{"embeddable":true,"href":"https:\/\/uvbbrasil.com.br\/uvb-json\/wp\/v2\/comments?post=16741"}],"version-history":[{"count":0,"href":"https:\/\/uvbbrasil.com.br\/uvb-json\/wp\/v2\/posts\/16741\/revisions"}],"wp:featuredmedia":[{"embeddable":true,"href":"https:\/\/uvbbrasil.com.br\/uvb-json\/wp\/v2\/media\/16745"}],"wp:attachment":[{"href":"https:\/\/uvbbrasil.com.br\/uvb-json\/wp\/v2\/media?parent=16741"}],"wp:term":[{"taxonomy":"category","embeddable":true,"href":"https:\/\/uvbbrasil.com.br\/uvb-json\/wp\/v2\/categories?post=16741"},{"taxonomy":"post_tag","embeddable":true,"href":"https:\/\/uvbbrasil.com.br\/uvb-json\/wp\/v2\/tags?post=16741"}],"curies":[{"name":"wp","href":"https:\/\/api.w.org\/{rel}","templated":true}]}}