{"id":16405,"date":"2019-10-15T14:11:18","date_gmt":"2019-10-15T17:11:18","guid":{"rendered":"https:\/\/wpsandbox4.pante.com.br\/?p=16405"},"modified":"2019-10-15T14:11:18","modified_gmt":"2019-10-15T17:11:18","slug":"15-de-outubro-e-comemorado-o-dia-professor","status":"publish","type":"post","link":"https:\/\/uvbbrasil.com.br\/15-de-outubro-e-comemorado-o-dia-professor\/","title":{"rendered":"Neste 15 de outubro a UVB homenageia todos os professores"},"content":{"rendered":"<p>No dia\u00a015 de outubro,\u00a0\u00e9 comemorado o\u00a0Dia do Professor<strong>,<\/strong> data em que se homenageiam os respons\u00e1veis pelo desenvolvimento da educa\u00e7\u00e3o e do conhecimento no pa\u00eds, abrangendo um grupo de profissionais que trabalham desde a educa\u00e7\u00e3o infantil at\u00e9 o ensino superior. Como todos sabemos, trata-se de uma das mais importantes profiss\u00f5es praticadas no mundo, afinal, sem ela, a transmiss\u00e3o de conhecimentos e a correta apreens\u00e3o destes pelas pessoas seriam praticamente imposs\u00edveis.<\/p>\n<p>A origem do Dia do Professor se deve ao fato de, na data de 15 de outubro de 1827, o imperador\u00a0D. Pedro I\u00a0ter institu\u00eddo um decreto que criou o\u00a0Ensino Elementar no Brasil, com a institui\u00e7\u00e3o das escolas de primeiras letras em todos os vilarejos e cidades do pa\u00eds. Al\u00e9m disso, o decreto estabeleceu a regulamenta\u00e7\u00e3o dos conte\u00fados a serem ministrados e as condi\u00e7\u00f5es trabalhistas dos professores.<\/p>\n<p>No Brasil, para tornar-se professor, \u00e9 preciso ter\u00a0curso superior<strong>\u00a0<\/strong>em uma \u00e1rea relacionada com o ensino, seja a pedagogia ou qualquer curso na modalidade de\u00a0licenciatura<strong>,<\/strong> no qual se apreendam os principais conceitos did\u00e1ticos pedag\u00f3gicos e agariem-se as primeiras experi\u00eancias em sala de aula.<\/p>\n<p>Al\u00e9m disso, qualquer outro cidad\u00e3o que tenha conclu\u00eddo o ensino superior com uma\u00a0forma\u00e7\u00e3o complementar posterior\u00a0(p\u00f3s-gradua\u00e7\u00e3o\u00a0lato sensu\u00a0ou\u00a0stricto sensu) tamb\u00e9m pode ministrar aulas na universidade, com a recomenda\u00e7\u00e3o de que o profissional fa\u00e7a uma especializa\u00e7\u00e3o de doc\u00eancia em n\u00edvel superior ou algum outro curso correspondente.<\/p>\n<p>O grande problema com rela\u00e7\u00e3o ao exerc\u00edcio do professorado \u00e9 a\u00a0desvaloriza\u00e7\u00e3o\u00a0da profiss\u00e3o. Embora seja uma das compet\u00eancias mais admiradas pela sociedade, os profissionais da \u00e1rea sofrem, em alguns casos, com\u00a0baixos sal\u00e1rios,\u00a0prec\u00e1rias\u00a0condi\u00e7\u00f5es\u00a0de trabalho e com o\u00a0trabalho\u00a0excessivo.<\/p>\n<p>Al\u00e9m disso, destacam-se outros fatores, como a\u00a0indisciplina dos alunos\u00a0e a\u00a0superlota\u00e7\u00e3o das salas. Essa realidade reflete-se no baixo interesse dos estudantes em se tornarem professores, pois a minoria dos que prestam vestibular e Enem deseja ingressar em carreiras relacionadas com licenciatura ou pedagogia.<\/p>\n<p>Soma-se a esses fatores o peso que, muitas vezes, o professor carrega em educar os estudantes, haja vista que, n\u00e3o raro, as fam\u00edlias transferem essa responsabilidade para a escola.\u00a0Segundo o professor e fil\u00f3sofo Mario S\u00e9rgio Cortella, h\u00e1 uma diferen\u00e7a nem sempre muito n\u00edtida entre \u201ceducar<strong>\u201d<\/strong> e \u201cescolarizar\u201d<strong>,<\/strong> sendo a primeira uma responsabilidade dos pais e da fam\u00edlia e a segunda a fun\u00e7\u00e3o do professor e da escola.<\/p>\n<p>A UVB, parabeniza essa classe que \u00e9 t\u00e3o importante para a sociedade\u00a0 e que apesar de todas as dificuldades \u00a0o professor \u00a0oferece uma grande oportunidade para que as pessoas n\u00e3o s\u00f3 acumulem saberes, mas tamb\u00e9m oportunizem a outras pessoas o desenvolvimento das diferentes formas de conhecimento.\u00a0<a href=\"https:\/\/uvbbrasil.com.br\/?attachment_id=16406\" rel=\"attachment wp-att-16406\"><img fetchpriority=\"high\" decoding=\"async\" class=\"aligncenter size-full wp-image-16406\" src=\"https:\/\/uvbbrasil.com.br\/wp-content\/uploads\/2019\/10\/professor.jpeg\" alt=\"\" width=\"1000\" height=\"1000\" srcset=\"https:\/\/uvbbrasil.com.br\/wp-content\/uploads\/2019\/10\/professor.jpeg 1000w, https:\/\/uvbbrasil.com.br\/wp-content\/uploads\/2019\/10\/professor-300x300.jpeg 300w, https:\/\/uvbbrasil.com.br\/wp-content\/uploads\/2019\/10\/professor-150x150.jpeg 150w, https:\/\/uvbbrasil.com.br\/wp-content\/uploads\/2019\/10\/professor-768x768.jpeg 768w\" sizes=\"(max-width: 1000px) 100vw, 1000px\" \/><\/a><\/p>\n<p>&nbsp;<\/p>\n","protected":false},"excerpt":{"rendered":"<p>No dia\u00a015 de outubro,\u00a0\u00e9 comemorado o\u00a0Dia do Professor, data em que se homenageiam os respons\u00e1veis pelo desenvolvimento da educa\u00e7\u00e3o e&#8230;<\/p>\n","protected":false},"author":1,"featured_media":16406,"comment_status":"open","ping_status":"open","sticky":false,"template":"","format":"standard","meta":{"footnotes":""},"categories":[3,4],"tags":[],"class_list":["post-16405","post","type-post","status-publish","format-standard","has-post-thumbnail","hentry","category-noticias","category-home"],"yoast_head":"<!-- This site is optimized with the Yoast SEO plugin v26.7 - https:\/\/yoast.com\/wordpress\/plugins\/seo\/ -->\n<title>Neste 15 de outubro a UVB homenageia todos os professores - UVB Brasil<\/title>\n<meta name=\"robots\" content=\"index, follow, max-snippet:-1, max-image-preview:large, max-video-preview:-1\" \/>\n<link rel=\"canonical\" href=\"https:\/\/uvbbrasil.com.br\/15-de-outubro-e-comemorado-o-dia-professor\/\" \/>\n<meta property=\"og:locale\" content=\"pt_BR\" \/>\n<meta property=\"og:type\" content=\"article\" \/>\n<meta property=\"og:title\" content=\"Neste 15 de outubro a UVB homenageia todos os professores - UVB Brasil\" \/>\n<meta property=\"og:description\" content=\"No dia\u00a015 de outubro,\u00a0\u00e9 comemorado o\u00a0Dia do Professor, data em que se homenageiam os respons\u00e1veis pelo desenvolvimento da educa\u00e7\u00e3o e...\" \/>\n<meta property=\"og:url\" content=\"https:\/\/uvbbrasil.com.br\/15-de-outubro-e-comemorado-o-dia-professor\/\" \/>\n<meta property=\"og:site_name\" content=\"UVB Brasil\" \/>\n<meta property=\"article:publisher\" content=\"https:\/\/www.facebook.com\/uvb.vereadoresbrasil\" \/>\n<meta property=\"article:published_time\" content=\"2019-10-15T17:11:18+00:00\" \/>\n<meta property=\"og:image\" content=\"https:\/\/uvbbrasil.com.br\/wp-content\/uploads\/2019\/10\/professor.jpeg\" \/>\n\t<meta property=\"og:image:width\" content=\"1000\" \/>\n\t<meta property=\"og:image:height\" content=\"1000\" \/>\n\t<meta property=\"og:image:type\" content=\"image\/jpeg\" \/>\n<meta name=\"author\" content=\"adminuvb\" \/>\n<meta name=\"twitter:card\" content=\"summary_large_image\" \/>\n<meta name=\"twitter:label1\" content=\"Escrito por\" \/>\n\t<meta name=\"twitter:data1\" content=\"adminuvb\" \/>\n\t<meta name=\"twitter:label2\" content=\"Est. tempo de leitura\" \/>\n\t<meta name=\"twitter:data2\" content=\"2 minutos\" \/>\n<script type=\"application\/ld+json\" class=\"yoast-schema-graph\">{\"@context\":\"https:\/\/schema.org\",\"@graph\":[{\"@type\":\"Article\",\"@id\":\"https:\/\/uvbbrasil.com.br\/15-de-outubro-e-comemorado-o-dia-professor\/#article\",\"isPartOf\":{\"@id\":\"https:\/\/uvbbrasil.com.br\/15-de-outubro-e-comemorado-o-dia-professor\/\"},\"author\":{\"name\":\"adminuvb\",\"@id\":\"https:\/\/uvbbrasil.com.br\/#\/schema\/person\/17990098446c098f52effddff4f1b272\"},\"headline\":\"Neste 15 de outubro a UVB homenageia todos os professores\",\"datePublished\":\"2019-10-15T17:11:18+00:00\",\"mainEntityOfPage\":{\"@id\":\"https:\/\/uvbbrasil.com.br\/15-de-outubro-e-comemorado-o-dia-professor\/\"},\"wordCount\":490,\"commentCount\":0,\"publisher\":{\"@id\":\"https:\/\/uvbbrasil.com.br\/#organization\"},\"image\":{\"@id\":\"https:\/\/uvbbrasil.com.br\/15-de-outubro-e-comemorado-o-dia-professor\/#primaryimage\"},\"thumbnailUrl\":\"https:\/\/uvbbrasil.com.br\/wp-content\/uploads\/2019\/10\/professor.jpeg\",\"articleSection\":[\"NOT\u00cdCIAS\",\"UVB\"],\"inLanguage\":\"pt-BR\",\"potentialAction\":[{\"@type\":\"CommentAction\",\"name\":\"Comment\",\"target\":[\"https:\/\/uvbbrasil.com.br\/15-de-outubro-e-comemorado-o-dia-professor\/#respond\"]}]},{\"@type\":\"WebPage\",\"@id\":\"https:\/\/uvbbrasil.com.br\/15-de-outubro-e-comemorado-o-dia-professor\/\",\"url\":\"https:\/\/uvbbrasil.com.br\/15-de-outubro-e-comemorado-o-dia-professor\/\",\"name\":\"Neste 15 de outubro a UVB homenageia todos os professores - UVB Brasil\",\"isPartOf\":{\"@id\":\"https:\/\/uvbbrasil.com.br\/#website\"},\"primaryImageOfPage\":{\"@id\":\"https:\/\/uvbbrasil.com.br\/15-de-outubro-e-comemorado-o-dia-professor\/#primaryimage\"},\"image\":{\"@id\":\"https:\/\/uvbbrasil.com.br\/15-de-outubro-e-comemorado-o-dia-professor\/#primaryimage\"},\"thumbnailUrl\":\"https:\/\/uvbbrasil.com.br\/wp-content\/uploads\/2019\/10\/professor.jpeg\",\"datePublished\":\"2019-10-15T17:11:18+00:00\",\"breadcrumb\":{\"@id\":\"https:\/\/uvbbrasil.com.br\/15-de-outubro-e-comemorado-o-dia-professor\/#breadcrumb\"},\"inLanguage\":\"pt-BR\",\"potentialAction\":[{\"@type\":\"ReadAction\",\"target\":[\"https:\/\/uvbbrasil.com.br\/15-de-outubro-e-comemorado-o-dia-professor\/\"]}]},{\"@type\":\"ImageObject\",\"inLanguage\":\"pt-BR\",\"@id\":\"https:\/\/uvbbrasil.com.br\/15-de-outubro-e-comemorado-o-dia-professor\/#primaryimage\",\"url\":\"https:\/\/uvbbrasil.com.br\/wp-content\/uploads\/2019\/10\/professor.jpeg\",\"contentUrl\":\"https:\/\/uvbbrasil.com.br\/wp-content\/uploads\/2019\/10\/professor.jpeg\",\"width\":1000,\"height\":1000},{\"@type\":\"BreadcrumbList\",\"@id\":\"https:\/\/uvbbrasil.com.br\/15-de-outubro-e-comemorado-o-dia-professor\/#breadcrumb\",\"itemListElement\":[{\"@type\":\"ListItem\",\"position\":1,\"name\":\"In\u00edcio\",\"item\":\"https:\/\/uvbbrasil.com.br\/\"},{\"@type\":\"ListItem\",\"position\":2,\"name\":\"Neste 15 de outubro a UVB homenageia todos os professores\"}]},{\"@type\":\"WebSite\",\"@id\":\"https:\/\/uvbbrasil.com.br\/#website\",\"url\":\"https:\/\/uvbbrasil.com.br\/\",\"name\":\"UVB Brasil\",\"description\":\"Uni\u00e3o dos Vereadores do Brasil\",\"publisher\":{\"@id\":\"https:\/\/uvbbrasil.com.br\/#organization\"},\"potentialAction\":[{\"@type\":\"SearchAction\",\"target\":{\"@type\":\"EntryPoint\",\"urlTemplate\":\"https:\/\/uvbbrasil.com.br\/?s={search_term_string}\"},\"query-input\":{\"@type\":\"PropertyValueSpecification\",\"valueRequired\":true,\"valueName\":\"search_term_string\"}}],\"inLanguage\":\"pt-BR\"},{\"@type\":\"Organization\",\"@id\":\"https:\/\/uvbbrasil.com.br\/#organization\",\"name\":\"UVB Brasil\",\"url\":\"https:\/\/uvbbrasil.com.br\/\",\"logo\":{\"@type\":\"ImageObject\",\"inLanguage\":\"pt-BR\",\"@id\":\"https:\/\/uvbbrasil.com.br\/#\/schema\/logo\/image\/\",\"url\":\"https:\/\/uvbbrasil.com.br\/wp-content\/uploads\/2025\/01\/LOGO-UVB-2024-azul-1.jpg\",\"contentUrl\":\"https:\/\/uvbbrasil.com.br\/wp-content\/uploads\/2025\/01\/LOGO-UVB-2024-azul-1.jpg\",\"width\":600,\"height\":211,\"caption\":\"UVB Brasil\"},\"image\":{\"@id\":\"https:\/\/uvbbrasil.com.br\/#\/schema\/logo\/image\/\"},\"sameAs\":[\"https:\/\/www.facebook.com\/uvb.vereadoresbrasil\",\"https:\/\/www.instagram.com\/uvbbrasil\/\",\"https:\/\/www.youtube.com\/channel\/UCIlPQ8Xzw5GHNzosQIg9S5A\"]},{\"@type\":\"Person\",\"@id\":\"https:\/\/uvbbrasil.com.br\/#\/schema\/person\/17990098446c098f52effddff4f1b272\",\"name\":\"adminuvb\",\"image\":{\"@type\":\"ImageObject\",\"inLanguage\":\"pt-BR\",\"@id\":\"https:\/\/uvbbrasil.com.br\/#\/schema\/person\/image\/\",\"url\":\"https:\/\/secure.gravatar.com\/avatar\/1a494ea6f8e2dd1ae526e55b0e9497efdba542491e0620d704cccf63c6f77c45?s=96&d=mm&r=g\",\"contentUrl\":\"https:\/\/secure.gravatar.com\/avatar\/1a494ea6f8e2dd1ae526e55b0e9497efdba542491e0620d704cccf63c6f77c45?s=96&d=mm&r=g\",\"caption\":\"adminuvb\"},\"sameAs\":[\"https:\/\/uvbbrasil.com.br\"],\"url\":\"https:\/\/uvbbrasil.com.br\/author\/adminuvb\/\"}]}<\/script>\n<!-- \/ Yoast SEO plugin. -->","yoast_head_json":{"title":"Neste 15 de outubro a UVB homenageia todos os professores - UVB Brasil","robots":{"index":"index","follow":"follow","max-snippet":"max-snippet:-1","max-image-preview":"max-image-preview:large","max-video-preview":"max-video-preview:-1"},"canonical":"https:\/\/uvbbrasil.com.br\/15-de-outubro-e-comemorado-o-dia-professor\/","og_locale":"pt_BR","og_type":"article","og_title":"Neste 15 de outubro a UVB homenageia todos os professores - UVB Brasil","og_description":"No dia\u00a015 de outubro,\u00a0\u00e9 comemorado o\u00a0Dia do Professor, data em que se homenageiam os respons\u00e1veis pelo desenvolvimento da educa\u00e7\u00e3o e...","og_url":"https:\/\/uvbbrasil.com.br\/15-de-outubro-e-comemorado-o-dia-professor\/","og_site_name":"UVB Brasil","article_publisher":"https:\/\/www.facebook.com\/uvb.vereadoresbrasil","article_published_time":"2019-10-15T17:11:18+00:00","og_image":[{"width":1000,"height":1000,"url":"https:\/\/uvbbrasil.com.br\/wp-content\/uploads\/2019\/10\/professor.jpeg","type":"image\/jpeg"}],"author":"adminuvb","twitter_card":"summary_large_image","twitter_misc":{"Escrito por":"adminuvb","Est. tempo de leitura":"2 minutos"},"schema":{"@context":"https:\/\/schema.org","@graph":[{"@type":"Article","@id":"https:\/\/uvbbrasil.com.br\/15-de-outubro-e-comemorado-o-dia-professor\/#article","isPartOf":{"@id":"https:\/\/uvbbrasil.com.br\/15-de-outubro-e-comemorado-o-dia-professor\/"},"author":{"name":"adminuvb","@id":"https:\/\/uvbbrasil.com.br\/#\/schema\/person\/17990098446c098f52effddff4f1b272"},"headline":"Neste 15 de outubro a UVB homenageia todos os professores","datePublished":"2019-10-15T17:11:18+00:00","mainEntityOfPage":{"@id":"https:\/\/uvbbrasil.com.br\/15-de-outubro-e-comemorado-o-dia-professor\/"},"wordCount":490,"commentCount":0,"publisher":{"@id":"https:\/\/uvbbrasil.com.br\/#organization"},"image":{"@id":"https:\/\/uvbbrasil.com.br\/15-de-outubro-e-comemorado-o-dia-professor\/#primaryimage"},"thumbnailUrl":"https:\/\/uvbbrasil.com.br\/wp-content\/uploads\/2019\/10\/professor.jpeg","articleSection":["NOT\u00cdCIAS","UVB"],"inLanguage":"pt-BR","potentialAction":[{"@type":"CommentAction","name":"Comment","target":["https:\/\/uvbbrasil.com.br\/15-de-outubro-e-comemorado-o-dia-professor\/#respond"]}]},{"@type":"WebPage","@id":"https:\/\/uvbbrasil.com.br\/15-de-outubro-e-comemorado-o-dia-professor\/","url":"https:\/\/uvbbrasil.com.br\/15-de-outubro-e-comemorado-o-dia-professor\/","name":"Neste 15 de outubro a UVB homenageia todos os professores - UVB Brasil","isPartOf":{"@id":"https:\/\/uvbbrasil.com.br\/#website"},"primaryImageOfPage":{"@id":"https:\/\/uvbbrasil.com.br\/15-de-outubro-e-comemorado-o-dia-professor\/#primaryimage"},"image":{"@id":"https:\/\/uvbbrasil.com.br\/15-de-outubro-e-comemorado-o-dia-professor\/#primaryimage"},"thumbnailUrl":"https:\/\/uvbbrasil.com.br\/wp-content\/uploads\/2019\/10\/professor.jpeg","datePublished":"2019-10-15T17:11:18+00:00","breadcrumb":{"@id":"https:\/\/uvbbrasil.com.br\/15-de-outubro-e-comemorado-o-dia-professor\/#breadcrumb"},"inLanguage":"pt-BR","potentialAction":[{"@type":"ReadAction","target":["https:\/\/uvbbrasil.com.br\/15-de-outubro-e-comemorado-o-dia-professor\/"]}]},{"@type":"ImageObject","inLanguage":"pt-BR","@id":"https:\/\/uvbbrasil.com.br\/15-de-outubro-e-comemorado-o-dia-professor\/#primaryimage","url":"https:\/\/uvbbrasil.com.br\/wp-content\/uploads\/2019\/10\/professor.jpeg","contentUrl":"https:\/\/uvbbrasil.com.br\/wp-content\/uploads\/2019\/10\/professor.jpeg","width":1000,"height":1000},{"@type":"BreadcrumbList","@id":"https:\/\/uvbbrasil.com.br\/15-de-outubro-e-comemorado-o-dia-professor\/#breadcrumb","itemListElement":[{"@type":"ListItem","position":1,"name":"In\u00edcio","item":"https:\/\/uvbbrasil.com.br\/"},{"@type":"ListItem","position":2,"name":"Neste 15 de outubro a UVB homenageia todos os professores"}]},{"@type":"WebSite","@id":"https:\/\/uvbbrasil.com.br\/#website","url":"https:\/\/uvbbrasil.com.br\/","name":"UVB Brasil","description":"Uni\u00e3o dos Vereadores do Brasil","publisher":{"@id":"https:\/\/uvbbrasil.com.br\/#organization"},"potentialAction":[{"@type":"SearchAction","target":{"@type":"EntryPoint","urlTemplate":"https:\/\/uvbbrasil.com.br\/?s={search_term_string}"},"query-input":{"@type":"PropertyValueSpecification","valueRequired":true,"valueName":"search_term_string"}}],"inLanguage":"pt-BR"},{"@type":"Organization","@id":"https:\/\/uvbbrasil.com.br\/#organization","name":"UVB Brasil","url":"https:\/\/uvbbrasil.com.br\/","logo":{"@type":"ImageObject","inLanguage":"pt-BR","@id":"https:\/\/uvbbrasil.com.br\/#\/schema\/logo\/image\/","url":"https:\/\/uvbbrasil.com.br\/wp-content\/uploads\/2025\/01\/LOGO-UVB-2024-azul-1.jpg","contentUrl":"https:\/\/uvbbrasil.com.br\/wp-content\/uploads\/2025\/01\/LOGO-UVB-2024-azul-1.jpg","width":600,"height":211,"caption":"UVB Brasil"},"image":{"@id":"https:\/\/uvbbrasil.com.br\/#\/schema\/logo\/image\/"},"sameAs":["https:\/\/www.facebook.com\/uvb.vereadoresbrasil","https:\/\/www.instagram.com\/uvbbrasil\/","https:\/\/www.youtube.com\/channel\/UCIlPQ8Xzw5GHNzosQIg9S5A"]},{"@type":"Person","@id":"https:\/\/uvbbrasil.com.br\/#\/schema\/person\/17990098446c098f52effddff4f1b272","name":"adminuvb","image":{"@type":"ImageObject","inLanguage":"pt-BR","@id":"https:\/\/uvbbrasil.com.br\/#\/schema\/person\/image\/","url":"https:\/\/secure.gravatar.com\/avatar\/1a494ea6f8e2dd1ae526e55b0e9497efdba542491e0620d704cccf63c6f77c45?s=96&d=mm&r=g","contentUrl":"https:\/\/secure.gravatar.com\/avatar\/1a494ea6f8e2dd1ae526e55b0e9497efdba542491e0620d704cccf63c6f77c45?s=96&d=mm&r=g","caption":"adminuvb"},"sameAs":["https:\/\/uvbbrasil.com.br"],"url":"https:\/\/uvbbrasil.com.br\/author\/adminuvb\/"}]}},"_links":{"self":[{"href":"https:\/\/uvbbrasil.com.br\/uvb-json\/wp\/v2\/posts\/16405","targetHints":{"allow":["GET"]}}],"collection":[{"href":"https:\/\/uvbbrasil.com.br\/uvb-json\/wp\/v2\/posts"}],"about":[{"href":"https:\/\/uvbbrasil.com.br\/uvb-json\/wp\/v2\/types\/post"}],"author":[{"embeddable":true,"href":"https:\/\/uvbbrasil.com.br\/uvb-json\/wp\/v2\/users\/1"}],"replies":[{"embeddable":true,"href":"https:\/\/uvbbrasil.com.br\/uvb-json\/wp\/v2\/comments?post=16405"}],"version-history":[{"count":0,"href":"https:\/\/uvbbrasil.com.br\/uvb-json\/wp\/v2\/posts\/16405\/revisions"}],"wp:featuredmedia":[{"embeddable":true,"href":"https:\/\/uvbbrasil.com.br\/uvb-json\/wp\/v2\/media\/16406"}],"wp:attachment":[{"href":"https:\/\/uvbbrasil.com.br\/uvb-json\/wp\/v2\/media?parent=16405"}],"wp:term":[{"taxonomy":"category","embeddable":true,"href":"https:\/\/uvbbrasil.com.br\/uvb-json\/wp\/v2\/categories?post=16405"},{"taxonomy":"post_tag","embeddable":true,"href":"https:\/\/uvbbrasil.com.br\/uvb-json\/wp\/v2\/tags?post=16405"}],"curies":[{"name":"wp","href":"https:\/\/api.w.org\/{rel}","templated":true}]}}