{"id":16402,"date":"2019-10-15T09:22:49","date_gmt":"2019-10-15T12:22:49","guid":{"rendered":"https:\/\/wpsandbox4.pante.com.br\/?p=16402"},"modified":"2019-10-15T09:22:49","modified_gmt":"2019-10-15T12:22:49","slug":"aos-55-anos-de-fundacao-uvb-sera-homenageada-em-sessao-solene-na-camara-dos-deputados-em-brasilia","status":"publish","type":"post","link":"https:\/\/uvbbrasil.com.br\/aos-55-anos-de-fundacao-uvb-sera-homenageada-em-sessao-solene-na-camara-dos-deputados-em-brasilia\/","title":{"rendered":"Aos 55 anos de funda\u00e7\u00e3o UVB ser\u00e1 homenageada em sess\u00e3o solene na C\u00e2mara dos deputados em Bras\u00edlia."},"content":{"rendered":"<p>A Uni\u00e3o dos Vereadores do Brasil-UVB fundada em 16 de novembro de 1964, ser\u00e1 homenageada pelos seus 55 anos com uma sess\u00e3o solene na C\u00e2mara dos Deputados Federal, em uma iniciativa da Deputada Federal, Aline Gurgel que tamb\u00e9m j\u00e1 foi vereadora do Amap\u00e1 e hoje Presidente da Frente Parlamentar Mista em defesa dos Legislativos Municipais. Juntamente a Deputada Maria Rosas e o Deputado Marcos Pereira. A homenagem ser\u00e1 realizada no dia 04 de Novembro as 11horas no Plen\u00e1rio Ulysses Guimar\u00e3es da C\u00e2mara dos Deputados Federais.<br \/>\nA UVB \u00e9 a entidade mais tradicional do legislativo municipal brasileiro que congrega de forma federativa, todas as associa\u00e7\u00f5es, federa\u00e7\u00f5es, uni\u00f5es de vereadores estaduais, associa\u00e7\u00f5es regionais e microrregionais e c\u00e2maras de vereadores do territ\u00f3rio nacional, se constitu\u00eddo como \u00f3rg\u00e3o m\u00e1ximo de representa\u00e7\u00e3o desta entidade.<br \/>\nCom a miss\u00e3o de orientar e fortalecer os Vereadores, Vereadoras e C\u00e2mara Municipais, para consolidar a efici\u00eancia na gest\u00e3o p\u00fablica com democracia e participa\u00e7\u00e3o popular, harmonizando as c\u00e2maras de vereadores com as esferas e governos municipais, estaduais e federais. Com a ideia central de valorizar o legislativo e acima de tudo, dar respostas positivas \u00e0 sociedade, que mesmo desacreditada da pol\u00edtica, n\u00e3o perde a esperan\u00e7a em dias melhores. E que os bons devem lutar e empenhar-se, pensando no coletivo em detrimento do individual, valorizar o poder legislativo brasileiro, poder legislativo municipal e acima de tudo apoiar e trabalhar as causas municipalistas considerando que os vereadores e vereadoras s\u00e3o os representantes mais pr\u00f3ximos da popula\u00e7\u00e3o.<br \/>\nA UVB na pessoa do presidente, vereador, Gilson Conzatti,se sente muito feliz e orgulhoso por esta homenagem que representa a valoriza\u00e7\u00e3o do trabalho do poder legislativo municipal \u00e9 uma forma de estimular cada vez mais o trabalho em prol do Legislativo Municipal Brasileiro, uma conquista que a UVB vem buscando com muito trabalho e dedica\u00e7\u00e3o ao longo do tempo<a href=\"https:\/\/uvbbrasil.com.br\/?attachment_id=16403\" rel=\"attachment wp-att-16403\"><img fetchpriority=\"high\" decoding=\"async\" class=\"aligncenter size-full wp-image-16403\" src=\"https:\/\/uvbbrasil.com.br\/wp-content\/uploads\/2019\/10\/camara.jpeg\" alt=\"\" width=\"800\" height=\"800\" srcset=\"https:\/\/uvbbrasil.com.br\/wp-content\/uploads\/2019\/10\/camara.jpeg 800w, https:\/\/uvbbrasil.com.br\/wp-content\/uploads\/2019\/10\/camara-300x300.jpeg 300w, https:\/\/uvbbrasil.com.br\/wp-content\/uploads\/2019\/10\/camara-150x150.jpeg 150w, https:\/\/uvbbrasil.com.br\/wp-content\/uploads\/2019\/10\/camara-768x768.jpeg 768w\" sizes=\"(max-width: 800px) 100vw, 800px\" \/><\/a><\/p>\n","protected":false},"excerpt":{"rendered":"<p>A Uni\u00e3o dos Vereadores do Brasil-UVB fundada em 16 de novembro de 1964, ser\u00e1 homenageada pelos seus 55 anos com&#8230;<\/p>\n","protected":false},"author":1,"featured_media":16403,"comment_status":"open","ping_status":"open","sticky":false,"template":"","format":"standard","meta":{"footnotes":""},"categories":[3,4],"tags":[],"class_list":["post-16402","post","type-post","status-publish","format-standard","has-post-thumbnail","hentry","category-noticias","category-home"],"yoast_head":"<!-- This site is optimized with the Yoast SEO plugin v26.7 - https:\/\/yoast.com\/wordpress\/plugins\/seo\/ -->\n<title>Aos 55 anos de funda\u00e7\u00e3o UVB ser\u00e1 homenageada em sess\u00e3o solene na C\u00e2mara dos deputados em Bras\u00edlia. - UVB Brasil<\/title>\n<meta name=\"robots\" content=\"index, follow, max-snippet:-1, max-image-preview:large, max-video-preview:-1\" \/>\n<link rel=\"canonical\" href=\"https:\/\/uvbbrasil.com.br\/aos-55-anos-de-fundacao-uvb-sera-homenageada-em-sessao-solene-na-camara-dos-deputados-em-brasilia\/\" \/>\n<meta property=\"og:locale\" content=\"pt_BR\" \/>\n<meta property=\"og:type\" content=\"article\" \/>\n<meta property=\"og:title\" content=\"Aos 55 anos de funda\u00e7\u00e3o UVB ser\u00e1 homenageada em sess\u00e3o solene na C\u00e2mara dos deputados em Bras\u00edlia. - UVB Brasil\" \/>\n<meta property=\"og:description\" content=\"A Uni\u00e3o dos Vereadores do Brasil-UVB fundada em 16 de novembro de 1964, ser\u00e1 homenageada pelos seus 55 anos com...\" \/>\n<meta property=\"og:url\" content=\"https:\/\/uvbbrasil.com.br\/aos-55-anos-de-fundacao-uvb-sera-homenageada-em-sessao-solene-na-camara-dos-deputados-em-brasilia\/\" \/>\n<meta property=\"og:site_name\" content=\"UVB Brasil\" \/>\n<meta property=\"article:publisher\" content=\"https:\/\/www.facebook.com\/uvb.vereadoresbrasil\" \/>\n<meta property=\"article:published_time\" content=\"2019-10-15T12:22:49+00:00\" \/>\n<meta property=\"og:image\" content=\"https:\/\/uvbbrasil.com.br\/wp-content\/uploads\/2019\/10\/camara.jpeg\" \/>\n\t<meta property=\"og:image:width\" content=\"800\" \/>\n\t<meta property=\"og:image:height\" content=\"800\" \/>\n\t<meta property=\"og:image:type\" content=\"image\/jpeg\" \/>\n<meta name=\"author\" content=\"adminuvb\" \/>\n<meta name=\"twitter:card\" content=\"summary_large_image\" \/>\n<meta name=\"twitter:label1\" content=\"Escrito por\" \/>\n\t<meta name=\"twitter:data1\" content=\"adminuvb\" \/>\n\t<meta name=\"twitter:label2\" content=\"Est. tempo de leitura\" \/>\n\t<meta name=\"twitter:data2\" content=\"2 minutos\" \/>\n<script type=\"application\/ld+json\" class=\"yoast-schema-graph\">{\"@context\":\"https:\/\/schema.org\",\"@graph\":[{\"@type\":\"Article\",\"@id\":\"https:\/\/uvbbrasil.com.br\/aos-55-anos-de-fundacao-uvb-sera-homenageada-em-sessao-solene-na-camara-dos-deputados-em-brasilia\/#article\",\"isPartOf\":{\"@id\":\"https:\/\/uvbbrasil.com.br\/aos-55-anos-de-fundacao-uvb-sera-homenageada-em-sessao-solene-na-camara-dos-deputados-em-brasilia\/\"},\"author\":{\"name\":\"adminuvb\",\"@id\":\"https:\/\/uvbbrasil.com.br\/#\/schema\/person\/17990098446c098f52effddff4f1b272\"},\"headline\":\"Aos 55 anos de funda\u00e7\u00e3o UVB ser\u00e1 homenageada em sess\u00e3o solene na C\u00e2mara dos deputados em Bras\u00edlia.\",\"datePublished\":\"2019-10-15T12:22:49+00:00\",\"mainEntityOfPage\":{\"@id\":\"https:\/\/uvbbrasil.com.br\/aos-55-anos-de-fundacao-uvb-sera-homenageada-em-sessao-solene-na-camara-dos-deputados-em-brasilia\/\"},\"wordCount\":348,\"commentCount\":0,\"publisher\":{\"@id\":\"https:\/\/uvbbrasil.com.br\/#organization\"},\"image\":{\"@id\":\"https:\/\/uvbbrasil.com.br\/aos-55-anos-de-fundacao-uvb-sera-homenageada-em-sessao-solene-na-camara-dos-deputados-em-brasilia\/#primaryimage\"},\"thumbnailUrl\":\"https:\/\/uvbbrasil.com.br\/wp-content\/uploads\/2019\/10\/camara.jpeg\",\"articleSection\":[\"NOT\u00cdCIAS\",\"UVB\"],\"inLanguage\":\"pt-BR\",\"potentialAction\":[{\"@type\":\"CommentAction\",\"name\":\"Comment\",\"target\":[\"https:\/\/uvbbrasil.com.br\/aos-55-anos-de-fundacao-uvb-sera-homenageada-em-sessao-solene-na-camara-dos-deputados-em-brasilia\/#respond\"]}]},{\"@type\":\"WebPage\",\"@id\":\"https:\/\/uvbbrasil.com.br\/aos-55-anos-de-fundacao-uvb-sera-homenageada-em-sessao-solene-na-camara-dos-deputados-em-brasilia\/\",\"url\":\"https:\/\/uvbbrasil.com.br\/aos-55-anos-de-fundacao-uvb-sera-homenageada-em-sessao-solene-na-camara-dos-deputados-em-brasilia\/\",\"name\":\"Aos 55 anos de funda\u00e7\u00e3o UVB ser\u00e1 homenageada em sess\u00e3o solene na C\u00e2mara dos deputados em Bras\u00edlia. - UVB Brasil\",\"isPartOf\":{\"@id\":\"https:\/\/uvbbrasil.com.br\/#website\"},\"primaryImageOfPage\":{\"@id\":\"https:\/\/uvbbrasil.com.br\/aos-55-anos-de-fundacao-uvb-sera-homenageada-em-sessao-solene-na-camara-dos-deputados-em-brasilia\/#primaryimage\"},\"image\":{\"@id\":\"https:\/\/uvbbrasil.com.br\/aos-55-anos-de-fundacao-uvb-sera-homenageada-em-sessao-solene-na-camara-dos-deputados-em-brasilia\/#primaryimage\"},\"thumbnailUrl\":\"https:\/\/uvbbrasil.com.br\/wp-content\/uploads\/2019\/10\/camara.jpeg\",\"datePublished\":\"2019-10-15T12:22:49+00:00\",\"breadcrumb\":{\"@id\":\"https:\/\/uvbbrasil.com.br\/aos-55-anos-de-fundacao-uvb-sera-homenageada-em-sessao-solene-na-camara-dos-deputados-em-brasilia\/#breadcrumb\"},\"inLanguage\":\"pt-BR\",\"potentialAction\":[{\"@type\":\"ReadAction\",\"target\":[\"https:\/\/uvbbrasil.com.br\/aos-55-anos-de-fundacao-uvb-sera-homenageada-em-sessao-solene-na-camara-dos-deputados-em-brasilia\/\"]}]},{\"@type\":\"ImageObject\",\"inLanguage\":\"pt-BR\",\"@id\":\"https:\/\/uvbbrasil.com.br\/aos-55-anos-de-fundacao-uvb-sera-homenageada-em-sessao-solene-na-camara-dos-deputados-em-brasilia\/#primaryimage\",\"url\":\"https:\/\/uvbbrasil.com.br\/wp-content\/uploads\/2019\/10\/camara.jpeg\",\"contentUrl\":\"https:\/\/uvbbrasil.com.br\/wp-content\/uploads\/2019\/10\/camara.jpeg\",\"width\":800,\"height\":800},{\"@type\":\"BreadcrumbList\",\"@id\":\"https:\/\/uvbbrasil.com.br\/aos-55-anos-de-fundacao-uvb-sera-homenageada-em-sessao-solene-na-camara-dos-deputados-em-brasilia\/#breadcrumb\",\"itemListElement\":[{\"@type\":\"ListItem\",\"position\":1,\"name\":\"In\u00edcio\",\"item\":\"https:\/\/uvbbrasil.com.br\/\"},{\"@type\":\"ListItem\",\"position\":2,\"name\":\"Aos 55 anos de funda\u00e7\u00e3o UVB ser\u00e1 homenageada em sess\u00e3o solene na C\u00e2mara dos deputados em Bras\u00edlia.\"}]},{\"@type\":\"WebSite\",\"@id\":\"https:\/\/uvbbrasil.com.br\/#website\",\"url\":\"https:\/\/uvbbrasil.com.br\/\",\"name\":\"UVB Brasil\",\"description\":\"Uni\u00e3o dos Vereadores do Brasil\",\"publisher\":{\"@id\":\"https:\/\/uvbbrasil.com.br\/#organization\"},\"potentialAction\":[{\"@type\":\"SearchAction\",\"target\":{\"@type\":\"EntryPoint\",\"urlTemplate\":\"https:\/\/uvbbrasil.com.br\/?s={search_term_string}\"},\"query-input\":{\"@type\":\"PropertyValueSpecification\",\"valueRequired\":true,\"valueName\":\"search_term_string\"}}],\"inLanguage\":\"pt-BR\"},{\"@type\":\"Organization\",\"@id\":\"https:\/\/uvbbrasil.com.br\/#organization\",\"name\":\"UVB Brasil\",\"url\":\"https:\/\/uvbbrasil.com.br\/\",\"logo\":{\"@type\":\"ImageObject\",\"inLanguage\":\"pt-BR\",\"@id\":\"https:\/\/uvbbrasil.com.br\/#\/schema\/logo\/image\/\",\"url\":\"https:\/\/uvbbrasil.com.br\/wp-content\/uploads\/2025\/01\/LOGO-UVB-2024-azul-1.jpg\",\"contentUrl\":\"https:\/\/uvbbrasil.com.br\/wp-content\/uploads\/2025\/01\/LOGO-UVB-2024-azul-1.jpg\",\"width\":600,\"height\":211,\"caption\":\"UVB Brasil\"},\"image\":{\"@id\":\"https:\/\/uvbbrasil.com.br\/#\/schema\/logo\/image\/\"},\"sameAs\":[\"https:\/\/www.facebook.com\/uvb.vereadoresbrasil\",\"https:\/\/www.instagram.com\/uvbbrasil\/\",\"https:\/\/www.youtube.com\/channel\/UCIlPQ8Xzw5GHNzosQIg9S5A\"]},{\"@type\":\"Person\",\"@id\":\"https:\/\/uvbbrasil.com.br\/#\/schema\/person\/17990098446c098f52effddff4f1b272\",\"name\":\"adminuvb\",\"image\":{\"@type\":\"ImageObject\",\"inLanguage\":\"pt-BR\",\"@id\":\"https:\/\/uvbbrasil.com.br\/#\/schema\/person\/image\/\",\"url\":\"https:\/\/secure.gravatar.com\/avatar\/1a494ea6f8e2dd1ae526e55b0e9497efdba542491e0620d704cccf63c6f77c45?s=96&d=mm&r=g\",\"contentUrl\":\"https:\/\/secure.gravatar.com\/avatar\/1a494ea6f8e2dd1ae526e55b0e9497efdba542491e0620d704cccf63c6f77c45?s=96&d=mm&r=g\",\"caption\":\"adminuvb\"},\"sameAs\":[\"https:\/\/uvbbrasil.com.br\"],\"url\":\"https:\/\/uvbbrasil.com.br\/author\/adminuvb\/\"}]}<\/script>\n<!-- \/ Yoast SEO plugin. -->","yoast_head_json":{"title":"Aos 55 anos de funda\u00e7\u00e3o UVB ser\u00e1 homenageada em sess\u00e3o solene na C\u00e2mara dos deputados em Bras\u00edlia. - UVB Brasil","robots":{"index":"index","follow":"follow","max-snippet":"max-snippet:-1","max-image-preview":"max-image-preview:large","max-video-preview":"max-video-preview:-1"},"canonical":"https:\/\/uvbbrasil.com.br\/aos-55-anos-de-fundacao-uvb-sera-homenageada-em-sessao-solene-na-camara-dos-deputados-em-brasilia\/","og_locale":"pt_BR","og_type":"article","og_title":"Aos 55 anos de funda\u00e7\u00e3o UVB ser\u00e1 homenageada em sess\u00e3o solene na C\u00e2mara dos deputados em Bras\u00edlia. - UVB Brasil","og_description":"A Uni\u00e3o dos Vereadores do Brasil-UVB fundada em 16 de novembro de 1964, ser\u00e1 homenageada pelos seus 55 anos com...","og_url":"https:\/\/uvbbrasil.com.br\/aos-55-anos-de-fundacao-uvb-sera-homenageada-em-sessao-solene-na-camara-dos-deputados-em-brasilia\/","og_site_name":"UVB Brasil","article_publisher":"https:\/\/www.facebook.com\/uvb.vereadoresbrasil","article_published_time":"2019-10-15T12:22:49+00:00","og_image":[{"width":800,"height":800,"url":"https:\/\/uvbbrasil.com.br\/wp-content\/uploads\/2019\/10\/camara.jpeg","type":"image\/jpeg"}],"author":"adminuvb","twitter_card":"summary_large_image","twitter_misc":{"Escrito por":"adminuvb","Est. tempo de leitura":"2 minutos"},"schema":{"@context":"https:\/\/schema.org","@graph":[{"@type":"Article","@id":"https:\/\/uvbbrasil.com.br\/aos-55-anos-de-fundacao-uvb-sera-homenageada-em-sessao-solene-na-camara-dos-deputados-em-brasilia\/#article","isPartOf":{"@id":"https:\/\/uvbbrasil.com.br\/aos-55-anos-de-fundacao-uvb-sera-homenageada-em-sessao-solene-na-camara-dos-deputados-em-brasilia\/"},"author":{"name":"adminuvb","@id":"https:\/\/uvbbrasil.com.br\/#\/schema\/person\/17990098446c098f52effddff4f1b272"},"headline":"Aos 55 anos de funda\u00e7\u00e3o UVB ser\u00e1 homenageada em sess\u00e3o solene na C\u00e2mara dos deputados em Bras\u00edlia.","datePublished":"2019-10-15T12:22:49+00:00","mainEntityOfPage":{"@id":"https:\/\/uvbbrasil.com.br\/aos-55-anos-de-fundacao-uvb-sera-homenageada-em-sessao-solene-na-camara-dos-deputados-em-brasilia\/"},"wordCount":348,"commentCount":0,"publisher":{"@id":"https:\/\/uvbbrasil.com.br\/#organization"},"image":{"@id":"https:\/\/uvbbrasil.com.br\/aos-55-anos-de-fundacao-uvb-sera-homenageada-em-sessao-solene-na-camara-dos-deputados-em-brasilia\/#primaryimage"},"thumbnailUrl":"https:\/\/uvbbrasil.com.br\/wp-content\/uploads\/2019\/10\/camara.jpeg","articleSection":["NOT\u00cdCIAS","UVB"],"inLanguage":"pt-BR","potentialAction":[{"@type":"CommentAction","name":"Comment","target":["https:\/\/uvbbrasil.com.br\/aos-55-anos-de-fundacao-uvb-sera-homenageada-em-sessao-solene-na-camara-dos-deputados-em-brasilia\/#respond"]}]},{"@type":"WebPage","@id":"https:\/\/uvbbrasil.com.br\/aos-55-anos-de-fundacao-uvb-sera-homenageada-em-sessao-solene-na-camara-dos-deputados-em-brasilia\/","url":"https:\/\/uvbbrasil.com.br\/aos-55-anos-de-fundacao-uvb-sera-homenageada-em-sessao-solene-na-camara-dos-deputados-em-brasilia\/","name":"Aos 55 anos de funda\u00e7\u00e3o UVB ser\u00e1 homenageada em sess\u00e3o solene na C\u00e2mara dos deputados em Bras\u00edlia. - UVB Brasil","isPartOf":{"@id":"https:\/\/uvbbrasil.com.br\/#website"},"primaryImageOfPage":{"@id":"https:\/\/uvbbrasil.com.br\/aos-55-anos-de-fundacao-uvb-sera-homenageada-em-sessao-solene-na-camara-dos-deputados-em-brasilia\/#primaryimage"},"image":{"@id":"https:\/\/uvbbrasil.com.br\/aos-55-anos-de-fundacao-uvb-sera-homenageada-em-sessao-solene-na-camara-dos-deputados-em-brasilia\/#primaryimage"},"thumbnailUrl":"https:\/\/uvbbrasil.com.br\/wp-content\/uploads\/2019\/10\/camara.jpeg","datePublished":"2019-10-15T12:22:49+00:00","breadcrumb":{"@id":"https:\/\/uvbbrasil.com.br\/aos-55-anos-de-fundacao-uvb-sera-homenageada-em-sessao-solene-na-camara-dos-deputados-em-brasilia\/#breadcrumb"},"inLanguage":"pt-BR","potentialAction":[{"@type":"ReadAction","target":["https:\/\/uvbbrasil.com.br\/aos-55-anos-de-fundacao-uvb-sera-homenageada-em-sessao-solene-na-camara-dos-deputados-em-brasilia\/"]}]},{"@type":"ImageObject","inLanguage":"pt-BR","@id":"https:\/\/uvbbrasil.com.br\/aos-55-anos-de-fundacao-uvb-sera-homenageada-em-sessao-solene-na-camara-dos-deputados-em-brasilia\/#primaryimage","url":"https:\/\/uvbbrasil.com.br\/wp-content\/uploads\/2019\/10\/camara.jpeg","contentUrl":"https:\/\/uvbbrasil.com.br\/wp-content\/uploads\/2019\/10\/camara.jpeg","width":800,"height":800},{"@type":"BreadcrumbList","@id":"https:\/\/uvbbrasil.com.br\/aos-55-anos-de-fundacao-uvb-sera-homenageada-em-sessao-solene-na-camara-dos-deputados-em-brasilia\/#breadcrumb","itemListElement":[{"@type":"ListItem","position":1,"name":"In\u00edcio","item":"https:\/\/uvbbrasil.com.br\/"},{"@type":"ListItem","position":2,"name":"Aos 55 anos de funda\u00e7\u00e3o UVB ser\u00e1 homenageada em sess\u00e3o solene na C\u00e2mara dos deputados em Bras\u00edlia."}]},{"@type":"WebSite","@id":"https:\/\/uvbbrasil.com.br\/#website","url":"https:\/\/uvbbrasil.com.br\/","name":"UVB Brasil","description":"Uni\u00e3o dos Vereadores do Brasil","publisher":{"@id":"https:\/\/uvbbrasil.com.br\/#organization"},"potentialAction":[{"@type":"SearchAction","target":{"@type":"EntryPoint","urlTemplate":"https:\/\/uvbbrasil.com.br\/?s={search_term_string}"},"query-input":{"@type":"PropertyValueSpecification","valueRequired":true,"valueName":"search_term_string"}}],"inLanguage":"pt-BR"},{"@type":"Organization","@id":"https:\/\/uvbbrasil.com.br\/#organization","name":"UVB Brasil","url":"https:\/\/uvbbrasil.com.br\/","logo":{"@type":"ImageObject","inLanguage":"pt-BR","@id":"https:\/\/uvbbrasil.com.br\/#\/schema\/logo\/image\/","url":"https:\/\/uvbbrasil.com.br\/wp-content\/uploads\/2025\/01\/LOGO-UVB-2024-azul-1.jpg","contentUrl":"https:\/\/uvbbrasil.com.br\/wp-content\/uploads\/2025\/01\/LOGO-UVB-2024-azul-1.jpg","width":600,"height":211,"caption":"UVB Brasil"},"image":{"@id":"https:\/\/uvbbrasil.com.br\/#\/schema\/logo\/image\/"},"sameAs":["https:\/\/www.facebook.com\/uvb.vereadoresbrasil","https:\/\/www.instagram.com\/uvbbrasil\/","https:\/\/www.youtube.com\/channel\/UCIlPQ8Xzw5GHNzosQIg9S5A"]},{"@type":"Person","@id":"https:\/\/uvbbrasil.com.br\/#\/schema\/person\/17990098446c098f52effddff4f1b272","name":"adminuvb","image":{"@type":"ImageObject","inLanguage":"pt-BR","@id":"https:\/\/uvbbrasil.com.br\/#\/schema\/person\/image\/","url":"https:\/\/secure.gravatar.com\/avatar\/1a494ea6f8e2dd1ae526e55b0e9497efdba542491e0620d704cccf63c6f77c45?s=96&d=mm&r=g","contentUrl":"https:\/\/secure.gravatar.com\/avatar\/1a494ea6f8e2dd1ae526e55b0e9497efdba542491e0620d704cccf63c6f77c45?s=96&d=mm&r=g","caption":"adminuvb"},"sameAs":["https:\/\/uvbbrasil.com.br"],"url":"https:\/\/uvbbrasil.com.br\/author\/adminuvb\/"}]}},"_links":{"self":[{"href":"https:\/\/uvbbrasil.com.br\/uvb-json\/wp\/v2\/posts\/16402","targetHints":{"allow":["GET"]}}],"collection":[{"href":"https:\/\/uvbbrasil.com.br\/uvb-json\/wp\/v2\/posts"}],"about":[{"href":"https:\/\/uvbbrasil.com.br\/uvb-json\/wp\/v2\/types\/post"}],"author":[{"embeddable":true,"href":"https:\/\/uvbbrasil.com.br\/uvb-json\/wp\/v2\/users\/1"}],"replies":[{"embeddable":true,"href":"https:\/\/uvbbrasil.com.br\/uvb-json\/wp\/v2\/comments?post=16402"}],"version-history":[{"count":0,"href":"https:\/\/uvbbrasil.com.br\/uvb-json\/wp\/v2\/posts\/16402\/revisions"}],"wp:featuredmedia":[{"embeddable":true,"href":"https:\/\/uvbbrasil.com.br\/uvb-json\/wp\/v2\/media\/16403"}],"wp:attachment":[{"href":"https:\/\/uvbbrasil.com.br\/uvb-json\/wp\/v2\/media?parent=16402"}],"wp:term":[{"taxonomy":"category","embeddable":true,"href":"https:\/\/uvbbrasil.com.br\/uvb-json\/wp\/v2\/categories?post=16402"},{"taxonomy":"post_tag","embeddable":true,"href":"https:\/\/uvbbrasil.com.br\/uvb-json\/wp\/v2\/tags?post=16402"}],"curies":[{"name":"wp","href":"https:\/\/api.w.org\/{rel}","templated":true}]}}