{"id":16274,"date":"2019-10-03T16:47:50","date_gmt":"2019-10-03T19:47:50","guid":{"rendered":"https:\/\/wpsandbox4.pante.com.br\/?p=16274"},"modified":"2019-10-03T16:47:50","modified_gmt":"2019-10-03T19:47:50","slug":"dra-maira-velez-presidente-cdpa-oab-estadual-sp-participa-2o-encontro-de-vereadores-defensores-da-causa-animal","status":"publish","type":"post","link":"https:\/\/uvbbrasil.com.br\/dra-maira-velez-presidente-cdpa-oab-estadual-sp-participa-2o-encontro-de-vereadores-defensores-da-causa-animal\/","title":{"rendered":"Dra. Ma\u00edra V\u00e9lez  Presidente CDPA OAB Estadual \/SP participa do 2\u00ba Encontro de Vereadores defensores da Causa animal"},"content":{"rendered":"<p>A Presidente CDPA OAB Estadual \/SP, Ma\u00edra V\u00e9lez esteve participando do 2\u00ba Encontro de Vereadores defensores da Causa animal em S\u00e3o Paulo-SP, evento realizado pela a Uni\u00e3o dos Vereadores do Brasil-UVB\u00a0 com o apoio da Assembleia Legislativa do Estado de S\u00e3o Paulo-ALESP<\/p>\n<p>Dra. Ma\u00edra explicou aos parlamentares sobre acompanhamento de projeto de Lei e desenvolvimento de politicas p\u00fablicas efetivas\u00a0 principalmente para o munic\u00edpio \u00a0que \u00e9 quem atende a maior demanda relacionado a animais dom\u00e9sticos e na intera\u00e7\u00e3o de fauna silvestre ,fauna domestica ,meio ambiente e pessoas, no conceito de sa\u00fade \u00fanica \u00a0que pode severamente \u00a0afastar os maus tratos , o abandono\u00a0 e tamb\u00e9m oferecer mais qualidade de vida\u00a0 as pessoas .<\/p>\n<p>Sendo um conselho indissoci\u00e1vel hoje que\u00a0 atrav\u00e9s de palestras , projetos e a\u00e7\u00f5es sociais podem mobilizar e educar os munic\u00edpios , os agentes sociais , com certeza que \u00a0pode-se evitar um abandono maior ,afirmou Dra. Ma\u00edra<\/p>\n<p>Al\u00e9m do abandono, Dra. Ma\u00edra apontou outras pr\u00e1ticas que s\u00e3o consideradas crimes pela lei. Uma delas \u00e9 o atropelamento de um animal sem que haja a presta\u00e7\u00e3o de assist\u00eancia por parte do condutor do ve\u00edculo tamb\u00e9m \u00e9 ilegal. Se presenciar essa situa\u00e7\u00e3o, anote a placa do carro, hora e local. Outra \u00e9 a amea\u00e7a de envenenamento. Bater, espancar, prender por correntes, recusar \u00e1gua e comida e obrigar ao trabalho excessivo tamb\u00e9m s\u00e3o pr\u00e1ticas proibidas.<a href=\"https:\/\/uvbbrasil.com.br\/?attachment_id=16276\" rel=\"attachment wp-att-16276\"><img fetchpriority=\"high\" decoding=\"async\" class=\"aligncenter size-full wp-image-16276\" src=\"https:\/\/uvbbrasil.com.br\/wp-content\/uploads\/2019\/10\/eee.jpeg\" alt=\"\" width=\"1280\" height=\"960\" srcset=\"https:\/\/uvbbrasil.com.br\/wp-content\/uploads\/2019\/10\/eee.jpeg 1280w, https:\/\/uvbbrasil.com.br\/wp-content\/uploads\/2019\/10\/eee-300x225.jpeg 300w, https:\/\/uvbbrasil.com.br\/wp-content\/uploads\/2019\/10\/eee-1024x768.jpeg 1024w, https:\/\/uvbbrasil.com.br\/wp-content\/uploads\/2019\/10\/eee-768x576.jpeg 768w\" sizes=\"(max-width: 1280px) 100vw, 1280px\" \/><\/a><\/p>\n","protected":false},"excerpt":{"rendered":"<p>A Presidente CDPA OAB Estadual \/SP, Ma\u00edra V\u00e9lez esteve participando do 2\u00ba Encontro de Vereadores defensores da Causa animal em&#8230;<\/p>\n","protected":false},"author":1,"featured_media":16275,"comment_status":"open","ping_status":"open","sticky":false,"template":"","format":"standard","meta":{"footnotes":""},"categories":[3,4],"tags":[],"class_list":["post-16274","post","type-post","status-publish","format-standard","has-post-thumbnail","hentry","category-noticias","category-home"],"yoast_head":"<!-- This site is optimized with the Yoast SEO plugin v26.7 - https:\/\/yoast.com\/wordpress\/plugins\/seo\/ -->\n<title>Dra. Ma\u00edra V\u00e9lez Presidente CDPA OAB Estadual \/SP participa do 2\u00ba Encontro de Vereadores defensores da Causa animal - UVB Brasil<\/title>\n<meta name=\"robots\" content=\"index, follow, max-snippet:-1, max-image-preview:large, max-video-preview:-1\" \/>\n<link rel=\"canonical\" href=\"https:\/\/uvbbrasil.com.br\/dra-maira-velez-presidente-cdpa-oab-estadual-sp-participa-2o-encontro-de-vereadores-defensores-da-causa-animal\/\" \/>\n<meta property=\"og:locale\" content=\"pt_BR\" \/>\n<meta property=\"og:type\" content=\"article\" \/>\n<meta property=\"og:title\" content=\"Dra. Ma\u00edra V\u00e9lez Presidente CDPA OAB Estadual \/SP participa do 2\u00ba Encontro de Vereadores defensores da Causa animal - UVB Brasil\" \/>\n<meta property=\"og:description\" content=\"A Presidente CDPA OAB Estadual \/SP, Ma\u00edra V\u00e9lez esteve participando do 2\u00ba Encontro de Vereadores defensores da Causa animal em...\" \/>\n<meta property=\"og:url\" content=\"https:\/\/uvbbrasil.com.br\/dra-maira-velez-presidente-cdpa-oab-estadual-sp-participa-2o-encontro-de-vereadores-defensores-da-causa-animal\/\" \/>\n<meta property=\"og:site_name\" content=\"UVB Brasil\" \/>\n<meta property=\"article:publisher\" content=\"https:\/\/www.facebook.com\/uvb.vereadoresbrasil\" \/>\n<meta property=\"article:published_time\" content=\"2019-10-03T19:47:50+00:00\" \/>\n<meta property=\"og:image\" content=\"https:\/\/uvbbrasil.com.br\/wp-content\/uploads\/2019\/10\/maira.jpeg\" \/>\n\t<meta property=\"og:image:width\" content=\"945\" \/>\n\t<meta property=\"og:image:height\" content=\"1260\" \/>\n\t<meta property=\"og:image:type\" content=\"image\/jpeg\" \/>\n<meta name=\"author\" content=\"adminuvb\" \/>\n<meta name=\"twitter:card\" content=\"summary_large_image\" \/>\n<meta name=\"twitter:label1\" content=\"Escrito por\" \/>\n\t<meta name=\"twitter:data1\" content=\"adminuvb\" \/>\n\t<meta name=\"twitter:label2\" content=\"Est. tempo de leitura\" \/>\n\t<meta name=\"twitter:data2\" content=\"1 minuto\" \/>\n<script type=\"application\/ld+json\" class=\"yoast-schema-graph\">{\"@context\":\"https:\/\/schema.org\",\"@graph\":[{\"@type\":\"Article\",\"@id\":\"https:\/\/uvbbrasil.com.br\/dra-maira-velez-presidente-cdpa-oab-estadual-sp-participa-2o-encontro-de-vereadores-defensores-da-causa-animal\/#article\",\"isPartOf\":{\"@id\":\"https:\/\/uvbbrasil.com.br\/dra-maira-velez-presidente-cdpa-oab-estadual-sp-participa-2o-encontro-de-vereadores-defensores-da-causa-animal\/\"},\"author\":{\"name\":\"adminuvb\",\"@id\":\"https:\/\/uvbbrasil.com.br\/#\/schema\/person\/17990098446c098f52effddff4f1b272\"},\"headline\":\"Dra. Ma\u00edra V\u00e9lez Presidente CDPA OAB Estadual \/SP participa do 2\u00ba Encontro de Vereadores defensores da Causa animal\",\"datePublished\":\"2019-10-03T19:47:50+00:00\",\"mainEntityOfPage\":{\"@id\":\"https:\/\/uvbbrasil.com.br\/dra-maira-velez-presidente-cdpa-oab-estadual-sp-participa-2o-encontro-de-vereadores-defensores-da-causa-animal\/\"},\"wordCount\":260,\"commentCount\":0,\"publisher\":{\"@id\":\"https:\/\/uvbbrasil.com.br\/#organization\"},\"image\":{\"@id\":\"https:\/\/uvbbrasil.com.br\/dra-maira-velez-presidente-cdpa-oab-estadual-sp-participa-2o-encontro-de-vereadores-defensores-da-causa-animal\/#primaryimage\"},\"thumbnailUrl\":\"https:\/\/uvbbrasil.com.br\/wp-content\/uploads\/2019\/10\/maira.jpeg\",\"articleSection\":[\"NOT\u00cdCIAS\",\"UVB\"],\"inLanguage\":\"pt-BR\",\"potentialAction\":[{\"@type\":\"CommentAction\",\"name\":\"Comment\",\"target\":[\"https:\/\/uvbbrasil.com.br\/dra-maira-velez-presidente-cdpa-oab-estadual-sp-participa-2o-encontro-de-vereadores-defensores-da-causa-animal\/#respond\"]}]},{\"@type\":\"WebPage\",\"@id\":\"https:\/\/uvbbrasil.com.br\/dra-maira-velez-presidente-cdpa-oab-estadual-sp-participa-2o-encontro-de-vereadores-defensores-da-causa-animal\/\",\"url\":\"https:\/\/uvbbrasil.com.br\/dra-maira-velez-presidente-cdpa-oab-estadual-sp-participa-2o-encontro-de-vereadores-defensores-da-causa-animal\/\",\"name\":\"Dra. Ma\u00edra V\u00e9lez Presidente CDPA OAB Estadual \/SP participa do 2\u00ba Encontro de Vereadores defensores da Causa animal - UVB Brasil\",\"isPartOf\":{\"@id\":\"https:\/\/uvbbrasil.com.br\/#website\"},\"primaryImageOfPage\":{\"@id\":\"https:\/\/uvbbrasil.com.br\/dra-maira-velez-presidente-cdpa-oab-estadual-sp-participa-2o-encontro-de-vereadores-defensores-da-causa-animal\/#primaryimage\"},\"image\":{\"@id\":\"https:\/\/uvbbrasil.com.br\/dra-maira-velez-presidente-cdpa-oab-estadual-sp-participa-2o-encontro-de-vereadores-defensores-da-causa-animal\/#primaryimage\"},\"thumbnailUrl\":\"https:\/\/uvbbrasil.com.br\/wp-content\/uploads\/2019\/10\/maira.jpeg\",\"datePublished\":\"2019-10-03T19:47:50+00:00\",\"breadcrumb\":{\"@id\":\"https:\/\/uvbbrasil.com.br\/dra-maira-velez-presidente-cdpa-oab-estadual-sp-participa-2o-encontro-de-vereadores-defensores-da-causa-animal\/#breadcrumb\"},\"inLanguage\":\"pt-BR\",\"potentialAction\":[{\"@type\":\"ReadAction\",\"target\":[\"https:\/\/uvbbrasil.com.br\/dra-maira-velez-presidente-cdpa-oab-estadual-sp-participa-2o-encontro-de-vereadores-defensores-da-causa-animal\/\"]}]},{\"@type\":\"ImageObject\",\"inLanguage\":\"pt-BR\",\"@id\":\"https:\/\/uvbbrasil.com.br\/dra-maira-velez-presidente-cdpa-oab-estadual-sp-participa-2o-encontro-de-vereadores-defensores-da-causa-animal\/#primaryimage\",\"url\":\"https:\/\/uvbbrasil.com.br\/wp-content\/uploads\/2019\/10\/maira.jpeg\",\"contentUrl\":\"https:\/\/uvbbrasil.com.br\/wp-content\/uploads\/2019\/10\/maira.jpeg\",\"width\":945,\"height\":1260},{\"@type\":\"BreadcrumbList\",\"@id\":\"https:\/\/uvbbrasil.com.br\/dra-maira-velez-presidente-cdpa-oab-estadual-sp-participa-2o-encontro-de-vereadores-defensores-da-causa-animal\/#breadcrumb\",\"itemListElement\":[{\"@type\":\"ListItem\",\"position\":1,\"name\":\"In\u00edcio\",\"item\":\"https:\/\/uvbbrasil.com.br\/\"},{\"@type\":\"ListItem\",\"position\":2,\"name\":\"Dra. Ma\u00edra V\u00e9lez Presidente CDPA OAB Estadual \/SP participa do 2\u00ba Encontro de Vereadores defensores da Causa animal\"}]},{\"@type\":\"WebSite\",\"@id\":\"https:\/\/uvbbrasil.com.br\/#website\",\"url\":\"https:\/\/uvbbrasil.com.br\/\",\"name\":\"UVB Brasil\",\"description\":\"Uni\u00e3o dos Vereadores do Brasil\",\"publisher\":{\"@id\":\"https:\/\/uvbbrasil.com.br\/#organization\"},\"potentialAction\":[{\"@type\":\"SearchAction\",\"target\":{\"@type\":\"EntryPoint\",\"urlTemplate\":\"https:\/\/uvbbrasil.com.br\/?s={search_term_string}\"},\"query-input\":{\"@type\":\"PropertyValueSpecification\",\"valueRequired\":true,\"valueName\":\"search_term_string\"}}],\"inLanguage\":\"pt-BR\"},{\"@type\":\"Organization\",\"@id\":\"https:\/\/uvbbrasil.com.br\/#organization\",\"name\":\"UVB Brasil\",\"url\":\"https:\/\/uvbbrasil.com.br\/\",\"logo\":{\"@type\":\"ImageObject\",\"inLanguage\":\"pt-BR\",\"@id\":\"https:\/\/uvbbrasil.com.br\/#\/schema\/logo\/image\/\",\"url\":\"https:\/\/uvbbrasil.com.br\/wp-content\/uploads\/2025\/01\/LOGO-UVB-2024-azul-1.jpg\",\"contentUrl\":\"https:\/\/uvbbrasil.com.br\/wp-content\/uploads\/2025\/01\/LOGO-UVB-2024-azul-1.jpg\",\"width\":600,\"height\":211,\"caption\":\"UVB Brasil\"},\"image\":{\"@id\":\"https:\/\/uvbbrasil.com.br\/#\/schema\/logo\/image\/\"},\"sameAs\":[\"https:\/\/www.facebook.com\/uvb.vereadoresbrasil\",\"https:\/\/www.instagram.com\/uvbbrasil\/\",\"https:\/\/www.youtube.com\/channel\/UCIlPQ8Xzw5GHNzosQIg9S5A\"]},{\"@type\":\"Person\",\"@id\":\"https:\/\/uvbbrasil.com.br\/#\/schema\/person\/17990098446c098f52effddff4f1b272\",\"name\":\"adminuvb\",\"image\":{\"@type\":\"ImageObject\",\"inLanguage\":\"pt-BR\",\"@id\":\"https:\/\/uvbbrasil.com.br\/#\/schema\/person\/image\/\",\"url\":\"https:\/\/secure.gravatar.com\/avatar\/1a494ea6f8e2dd1ae526e55b0e9497efdba542491e0620d704cccf63c6f77c45?s=96&d=mm&r=g\",\"contentUrl\":\"https:\/\/secure.gravatar.com\/avatar\/1a494ea6f8e2dd1ae526e55b0e9497efdba542491e0620d704cccf63c6f77c45?s=96&d=mm&r=g\",\"caption\":\"adminuvb\"},\"sameAs\":[\"https:\/\/uvbbrasil.com.br\"],\"url\":\"https:\/\/uvbbrasil.com.br\/author\/adminuvb\/\"}]}<\/script>\n<!-- \/ Yoast SEO plugin. -->","yoast_head_json":{"title":"Dra. Ma\u00edra V\u00e9lez Presidente CDPA OAB Estadual \/SP participa do 2\u00ba Encontro de Vereadores defensores da Causa animal - UVB Brasil","robots":{"index":"index","follow":"follow","max-snippet":"max-snippet:-1","max-image-preview":"max-image-preview:large","max-video-preview":"max-video-preview:-1"},"canonical":"https:\/\/uvbbrasil.com.br\/dra-maira-velez-presidente-cdpa-oab-estadual-sp-participa-2o-encontro-de-vereadores-defensores-da-causa-animal\/","og_locale":"pt_BR","og_type":"article","og_title":"Dra. Ma\u00edra V\u00e9lez Presidente CDPA OAB Estadual \/SP participa do 2\u00ba Encontro de Vereadores defensores da Causa animal - UVB Brasil","og_description":"A Presidente CDPA OAB Estadual \/SP, Ma\u00edra V\u00e9lez esteve participando do 2\u00ba Encontro de Vereadores defensores da Causa animal em...","og_url":"https:\/\/uvbbrasil.com.br\/dra-maira-velez-presidente-cdpa-oab-estadual-sp-participa-2o-encontro-de-vereadores-defensores-da-causa-animal\/","og_site_name":"UVB Brasil","article_publisher":"https:\/\/www.facebook.com\/uvb.vereadoresbrasil","article_published_time":"2019-10-03T19:47:50+00:00","og_image":[{"width":945,"height":1260,"url":"https:\/\/uvbbrasil.com.br\/wp-content\/uploads\/2019\/10\/maira.jpeg","type":"image\/jpeg"}],"author":"adminuvb","twitter_card":"summary_large_image","twitter_misc":{"Escrito por":"adminuvb","Est. tempo de leitura":"1 minuto"},"schema":{"@context":"https:\/\/schema.org","@graph":[{"@type":"Article","@id":"https:\/\/uvbbrasil.com.br\/dra-maira-velez-presidente-cdpa-oab-estadual-sp-participa-2o-encontro-de-vereadores-defensores-da-causa-animal\/#article","isPartOf":{"@id":"https:\/\/uvbbrasil.com.br\/dra-maira-velez-presidente-cdpa-oab-estadual-sp-participa-2o-encontro-de-vereadores-defensores-da-causa-animal\/"},"author":{"name":"adminuvb","@id":"https:\/\/uvbbrasil.com.br\/#\/schema\/person\/17990098446c098f52effddff4f1b272"},"headline":"Dra. Ma\u00edra V\u00e9lez Presidente CDPA OAB Estadual \/SP participa do 2\u00ba Encontro de Vereadores defensores da Causa animal","datePublished":"2019-10-03T19:47:50+00:00","mainEntityOfPage":{"@id":"https:\/\/uvbbrasil.com.br\/dra-maira-velez-presidente-cdpa-oab-estadual-sp-participa-2o-encontro-de-vereadores-defensores-da-causa-animal\/"},"wordCount":260,"commentCount":0,"publisher":{"@id":"https:\/\/uvbbrasil.com.br\/#organization"},"image":{"@id":"https:\/\/uvbbrasil.com.br\/dra-maira-velez-presidente-cdpa-oab-estadual-sp-participa-2o-encontro-de-vereadores-defensores-da-causa-animal\/#primaryimage"},"thumbnailUrl":"https:\/\/uvbbrasil.com.br\/wp-content\/uploads\/2019\/10\/maira.jpeg","articleSection":["NOT\u00cdCIAS","UVB"],"inLanguage":"pt-BR","potentialAction":[{"@type":"CommentAction","name":"Comment","target":["https:\/\/uvbbrasil.com.br\/dra-maira-velez-presidente-cdpa-oab-estadual-sp-participa-2o-encontro-de-vereadores-defensores-da-causa-animal\/#respond"]}]},{"@type":"WebPage","@id":"https:\/\/uvbbrasil.com.br\/dra-maira-velez-presidente-cdpa-oab-estadual-sp-participa-2o-encontro-de-vereadores-defensores-da-causa-animal\/","url":"https:\/\/uvbbrasil.com.br\/dra-maira-velez-presidente-cdpa-oab-estadual-sp-participa-2o-encontro-de-vereadores-defensores-da-causa-animal\/","name":"Dra. Ma\u00edra V\u00e9lez Presidente CDPA OAB Estadual \/SP participa do 2\u00ba Encontro de Vereadores defensores da Causa animal - UVB Brasil","isPartOf":{"@id":"https:\/\/uvbbrasil.com.br\/#website"},"primaryImageOfPage":{"@id":"https:\/\/uvbbrasil.com.br\/dra-maira-velez-presidente-cdpa-oab-estadual-sp-participa-2o-encontro-de-vereadores-defensores-da-causa-animal\/#primaryimage"},"image":{"@id":"https:\/\/uvbbrasil.com.br\/dra-maira-velez-presidente-cdpa-oab-estadual-sp-participa-2o-encontro-de-vereadores-defensores-da-causa-animal\/#primaryimage"},"thumbnailUrl":"https:\/\/uvbbrasil.com.br\/wp-content\/uploads\/2019\/10\/maira.jpeg","datePublished":"2019-10-03T19:47:50+00:00","breadcrumb":{"@id":"https:\/\/uvbbrasil.com.br\/dra-maira-velez-presidente-cdpa-oab-estadual-sp-participa-2o-encontro-de-vereadores-defensores-da-causa-animal\/#breadcrumb"},"inLanguage":"pt-BR","potentialAction":[{"@type":"ReadAction","target":["https:\/\/uvbbrasil.com.br\/dra-maira-velez-presidente-cdpa-oab-estadual-sp-participa-2o-encontro-de-vereadores-defensores-da-causa-animal\/"]}]},{"@type":"ImageObject","inLanguage":"pt-BR","@id":"https:\/\/uvbbrasil.com.br\/dra-maira-velez-presidente-cdpa-oab-estadual-sp-participa-2o-encontro-de-vereadores-defensores-da-causa-animal\/#primaryimage","url":"https:\/\/uvbbrasil.com.br\/wp-content\/uploads\/2019\/10\/maira.jpeg","contentUrl":"https:\/\/uvbbrasil.com.br\/wp-content\/uploads\/2019\/10\/maira.jpeg","width":945,"height":1260},{"@type":"BreadcrumbList","@id":"https:\/\/uvbbrasil.com.br\/dra-maira-velez-presidente-cdpa-oab-estadual-sp-participa-2o-encontro-de-vereadores-defensores-da-causa-animal\/#breadcrumb","itemListElement":[{"@type":"ListItem","position":1,"name":"In\u00edcio","item":"https:\/\/uvbbrasil.com.br\/"},{"@type":"ListItem","position":2,"name":"Dra. Ma\u00edra V\u00e9lez Presidente CDPA OAB Estadual \/SP participa do 2\u00ba Encontro de Vereadores defensores da Causa animal"}]},{"@type":"WebSite","@id":"https:\/\/uvbbrasil.com.br\/#website","url":"https:\/\/uvbbrasil.com.br\/","name":"UVB Brasil","description":"Uni\u00e3o dos Vereadores do Brasil","publisher":{"@id":"https:\/\/uvbbrasil.com.br\/#organization"},"potentialAction":[{"@type":"SearchAction","target":{"@type":"EntryPoint","urlTemplate":"https:\/\/uvbbrasil.com.br\/?s={search_term_string}"},"query-input":{"@type":"PropertyValueSpecification","valueRequired":true,"valueName":"search_term_string"}}],"inLanguage":"pt-BR"},{"@type":"Organization","@id":"https:\/\/uvbbrasil.com.br\/#organization","name":"UVB Brasil","url":"https:\/\/uvbbrasil.com.br\/","logo":{"@type":"ImageObject","inLanguage":"pt-BR","@id":"https:\/\/uvbbrasil.com.br\/#\/schema\/logo\/image\/","url":"https:\/\/uvbbrasil.com.br\/wp-content\/uploads\/2025\/01\/LOGO-UVB-2024-azul-1.jpg","contentUrl":"https:\/\/uvbbrasil.com.br\/wp-content\/uploads\/2025\/01\/LOGO-UVB-2024-azul-1.jpg","width":600,"height":211,"caption":"UVB Brasil"},"image":{"@id":"https:\/\/uvbbrasil.com.br\/#\/schema\/logo\/image\/"},"sameAs":["https:\/\/www.facebook.com\/uvb.vereadoresbrasil","https:\/\/www.instagram.com\/uvbbrasil\/","https:\/\/www.youtube.com\/channel\/UCIlPQ8Xzw5GHNzosQIg9S5A"]},{"@type":"Person","@id":"https:\/\/uvbbrasil.com.br\/#\/schema\/person\/17990098446c098f52effddff4f1b272","name":"adminuvb","image":{"@type":"ImageObject","inLanguage":"pt-BR","@id":"https:\/\/uvbbrasil.com.br\/#\/schema\/person\/image\/","url":"https:\/\/secure.gravatar.com\/avatar\/1a494ea6f8e2dd1ae526e55b0e9497efdba542491e0620d704cccf63c6f77c45?s=96&d=mm&r=g","contentUrl":"https:\/\/secure.gravatar.com\/avatar\/1a494ea6f8e2dd1ae526e55b0e9497efdba542491e0620d704cccf63c6f77c45?s=96&d=mm&r=g","caption":"adminuvb"},"sameAs":["https:\/\/uvbbrasil.com.br"],"url":"https:\/\/uvbbrasil.com.br\/author\/adminuvb\/"}]}},"_links":{"self":[{"href":"https:\/\/uvbbrasil.com.br\/uvb-json\/wp\/v2\/posts\/16274","targetHints":{"allow":["GET"]}}],"collection":[{"href":"https:\/\/uvbbrasil.com.br\/uvb-json\/wp\/v2\/posts"}],"about":[{"href":"https:\/\/uvbbrasil.com.br\/uvb-json\/wp\/v2\/types\/post"}],"author":[{"embeddable":true,"href":"https:\/\/uvbbrasil.com.br\/uvb-json\/wp\/v2\/users\/1"}],"replies":[{"embeddable":true,"href":"https:\/\/uvbbrasil.com.br\/uvb-json\/wp\/v2\/comments?post=16274"}],"version-history":[{"count":0,"href":"https:\/\/uvbbrasil.com.br\/uvb-json\/wp\/v2\/posts\/16274\/revisions"}],"wp:featuredmedia":[{"embeddable":true,"href":"https:\/\/uvbbrasil.com.br\/uvb-json\/wp\/v2\/media\/16275"}],"wp:attachment":[{"href":"https:\/\/uvbbrasil.com.br\/uvb-json\/wp\/v2\/media?parent=16274"}],"wp:term":[{"taxonomy":"category","embeddable":true,"href":"https:\/\/uvbbrasil.com.br\/uvb-json\/wp\/v2\/categories?post=16274"},{"taxonomy":"post_tag","embeddable":true,"href":"https:\/\/uvbbrasil.com.br\/uvb-json\/wp\/v2\/tags?post=16274"}],"curies":[{"name":"wp","href":"https:\/\/api.w.org\/{rel}","templated":true}]}}