{"id":16270,"date":"2019-10-03T15:09:31","date_gmt":"2019-10-03T18:09:31","guid":{"rendered":"https:\/\/wpsandbox4.pante.com.br\/?p=16270"},"modified":"2019-10-03T15:09:31","modified_gmt":"2019-10-03T18:09:31","slug":"politicas-publicas-de-protecao-animal-sao-debatidas-no-2o-encontro-de-vereadores-defensores-da-causa-animal","status":"publish","type":"post","link":"https:\/\/uvbbrasil.com.br\/politicas-publicas-de-protecao-animal-sao-debatidas-no-2o-encontro-de-vereadores-defensores-da-causa-animal\/","title":{"rendered":"Pol\u00edticas P\u00fablicas de Prote\u00e7\u00e3o Animal s\u00e3o debatidas no 2\u00ba Encontro de Vereadores defensores da Causa animal"},"content":{"rendered":"<p>Pol\u00edticas P\u00fablicas de Prote\u00e7\u00e3o Animal foi tema debatido no 2\u00ba Encontro de Vereadores da Causa Animal, na manha desta quinta feira (03\/10). O encontro est\u00e1 sendo realizado na Assembleia Legislativa do Estado de S\u00e3o Paulo-ALESP.<\/p>\n<p>O veterin\u00e1rio Alexandre Welker Biondo ,explicou para os vereadores e participantes do congresso \u00a0sobre os respaldos \u00a0t\u00e9cnico da medicina veterin\u00e1ria \u00a0e pol\u00edticas p\u00fablicas\u00a0 de prote\u00e7\u00e3o animal .<\/p>\n<p>Dr Biondo \u00a0relatou a import\u00e2ncia das \u00a0pol\u00edticas p\u00fablicas modernas de prote\u00e7\u00e3o animal \u00a0que visam mudan\u00e7as de atitude e comportamento da sociedade como um todo, na inten\u00e7\u00e3o de promover, de modo eficaz, o controle populacional de c\u00e3es e gatos, o combate aos maus tratos a todas as esp\u00e9cies e ao abandono.<\/p>\n<p>Biondo citou\u00a0 tamb\u00e9m a import\u00e2ncia da Uni\u00e3o dos Vereadores do Brasil-UVB,na realiza\u00e7\u00e3o de eventos da causa animal, pois \u00e9 realmente o local ideal para se discutir politicas p\u00fablicas na menor celular que\u00a0 \u00e9 o munic\u00edpio para modificar o pa\u00eds.<\/p>\n<p><a href=\"https:\/\/uvbbrasil.com.br\/?attachment_id=16272\" rel=\"attachment wp-att-16272\"><img fetchpriority=\"high\" decoding=\"async\" class=\"aligncenter size-full wp-image-16272\" src=\"https:\/\/uvbbrasil.com.br\/wp-content\/uploads\/2019\/10\/biondo.jpeg\" alt=\"\" width=\"1280\" height=\"1076\" srcset=\"https:\/\/uvbbrasil.com.br\/wp-content\/uploads\/2019\/10\/biondo.jpeg 1280w, https:\/\/uvbbrasil.com.br\/wp-content\/uploads\/2019\/10\/biondo-300x252.jpeg 300w, https:\/\/uvbbrasil.com.br\/wp-content\/uploads\/2019\/10\/biondo-1024x861.jpeg 1024w, https:\/\/uvbbrasil.com.br\/wp-content\/uploads\/2019\/10\/biondo-768x646.jpeg 768w\" sizes=\"(max-width: 1280px) 100vw, 1280px\" \/><\/a><\/p>\n<p style=\"text-align: center;\"><em>Dr Alexandre Welker Biondo<\/em><\/p>\n<p style=\"text-align: center;\"><a href=\"https:\/\/uvbbrasil.com.br\/?attachment_id=16271\" rel=\"attachment wp-att-16271\"><img decoding=\"async\" class=\"aligncenter size-full wp-image-16271\" src=\"https:\/\/uvbbrasil.com.br\/wp-content\/uploads\/2019\/10\/sp.jpeg\" alt=\"\" width=\"1280\" height=\"859\" srcset=\"https:\/\/uvbbrasil.com.br\/wp-content\/uploads\/2019\/10\/sp.jpeg 1280w, https:\/\/uvbbrasil.com.br\/wp-content\/uploads\/2019\/10\/sp-300x201.jpeg 300w, https:\/\/uvbbrasil.com.br\/wp-content\/uploads\/2019\/10\/sp-1024x687.jpeg 1024w, https:\/\/uvbbrasil.com.br\/wp-content\/uploads\/2019\/10\/sp-768x515.jpeg 768w\" sizes=\"(max-width: 1280px) 100vw, 1280px\" \/><\/a><\/p>\n<p style=\"text-align: center;\">\n","protected":false},"excerpt":{"rendered":"<p>Pol\u00edticas P\u00fablicas de Prote\u00e7\u00e3o Animal foi tema debatido no 2\u00ba Encontro de Vereadores da Causa Animal, na manha desta quinta&#8230;<\/p>\n","protected":false},"author":1,"featured_media":16271,"comment_status":"open","ping_status":"open","sticky":false,"template":"","format":"standard","meta":{"footnotes":""},"categories":[3,4],"tags":[],"class_list":["post-16270","post","type-post","status-publish","format-standard","has-post-thumbnail","hentry","category-noticias","category-home"],"yoast_head":"<!-- This site is optimized with the Yoast SEO plugin v26.7 - https:\/\/yoast.com\/wordpress\/plugins\/seo\/ -->\n<title>Pol\u00edticas P\u00fablicas de Prote\u00e7\u00e3o Animal s\u00e3o debatidas no 2\u00ba Encontro de Vereadores defensores da Causa animal - UVB Brasil<\/title>\n<meta name=\"robots\" content=\"index, follow, max-snippet:-1, max-image-preview:large, max-video-preview:-1\" \/>\n<link rel=\"canonical\" href=\"https:\/\/uvbbrasil.com.br\/politicas-publicas-de-protecao-animal-sao-debatidas-no-2o-encontro-de-vereadores-defensores-da-causa-animal\/\" \/>\n<meta property=\"og:locale\" content=\"pt_BR\" \/>\n<meta property=\"og:type\" content=\"article\" \/>\n<meta property=\"og:title\" content=\"Pol\u00edticas P\u00fablicas de Prote\u00e7\u00e3o Animal s\u00e3o debatidas no 2\u00ba Encontro de Vereadores defensores da Causa animal - UVB Brasil\" \/>\n<meta property=\"og:description\" content=\"Pol\u00edticas P\u00fablicas de Prote\u00e7\u00e3o Animal foi tema debatido no 2\u00ba Encontro de Vereadores da Causa Animal, na manha desta quinta...\" \/>\n<meta property=\"og:url\" content=\"https:\/\/uvbbrasil.com.br\/politicas-publicas-de-protecao-animal-sao-debatidas-no-2o-encontro-de-vereadores-defensores-da-causa-animal\/\" \/>\n<meta property=\"og:site_name\" content=\"UVB Brasil\" \/>\n<meta property=\"article:publisher\" content=\"https:\/\/www.facebook.com\/uvb.vereadoresbrasil\" \/>\n<meta property=\"article:published_time\" content=\"2019-10-03T18:09:31+00:00\" \/>\n<meta property=\"og:image\" content=\"https:\/\/uvbbrasil.com.br\/wp-content\/uploads\/2019\/10\/sp.jpeg\" \/>\n\t<meta property=\"og:image:width\" content=\"1280\" \/>\n\t<meta property=\"og:image:height\" content=\"859\" \/>\n\t<meta property=\"og:image:type\" content=\"image\/jpeg\" \/>\n<meta name=\"author\" content=\"adminuvb\" \/>\n<meta name=\"twitter:card\" content=\"summary_large_image\" \/>\n<meta name=\"twitter:label1\" content=\"Escrito por\" \/>\n\t<meta name=\"twitter:data1\" content=\"adminuvb\" \/>\n\t<meta name=\"twitter:label2\" content=\"Est. tempo de leitura\" \/>\n\t<meta name=\"twitter:data2\" content=\"1 minuto\" \/>\n<script type=\"application\/ld+json\" class=\"yoast-schema-graph\">{\"@context\":\"https:\/\/schema.org\",\"@graph\":[{\"@type\":\"Article\",\"@id\":\"https:\/\/uvbbrasil.com.br\/politicas-publicas-de-protecao-animal-sao-debatidas-no-2o-encontro-de-vereadores-defensores-da-causa-animal\/#article\",\"isPartOf\":{\"@id\":\"https:\/\/uvbbrasil.com.br\/politicas-publicas-de-protecao-animal-sao-debatidas-no-2o-encontro-de-vereadores-defensores-da-causa-animal\/\"},\"author\":{\"name\":\"adminuvb\",\"@id\":\"https:\/\/uvbbrasil.com.br\/#\/schema\/person\/17990098446c098f52effddff4f1b272\"},\"headline\":\"Pol\u00edticas P\u00fablicas de Prote\u00e7\u00e3o Animal s\u00e3o debatidas no 2\u00ba Encontro de Vereadores defensores da Causa animal\",\"datePublished\":\"2019-10-03T18:09:31+00:00\",\"mainEntityOfPage\":{\"@id\":\"https:\/\/uvbbrasil.com.br\/politicas-publicas-de-protecao-animal-sao-debatidas-no-2o-encontro-de-vereadores-defensores-da-causa-animal\/\"},\"wordCount\":195,\"commentCount\":0,\"publisher\":{\"@id\":\"https:\/\/uvbbrasil.com.br\/#organization\"},\"image\":{\"@id\":\"https:\/\/uvbbrasil.com.br\/politicas-publicas-de-protecao-animal-sao-debatidas-no-2o-encontro-de-vereadores-defensores-da-causa-animal\/#primaryimage\"},\"thumbnailUrl\":\"https:\/\/uvbbrasil.com.br\/wp-content\/uploads\/2019\/10\/sp.jpeg\",\"articleSection\":[\"NOT\u00cdCIAS\",\"UVB\"],\"inLanguage\":\"pt-BR\",\"potentialAction\":[{\"@type\":\"CommentAction\",\"name\":\"Comment\",\"target\":[\"https:\/\/uvbbrasil.com.br\/politicas-publicas-de-protecao-animal-sao-debatidas-no-2o-encontro-de-vereadores-defensores-da-causa-animal\/#respond\"]}]},{\"@type\":\"WebPage\",\"@id\":\"https:\/\/uvbbrasil.com.br\/politicas-publicas-de-protecao-animal-sao-debatidas-no-2o-encontro-de-vereadores-defensores-da-causa-animal\/\",\"url\":\"https:\/\/uvbbrasil.com.br\/politicas-publicas-de-protecao-animal-sao-debatidas-no-2o-encontro-de-vereadores-defensores-da-causa-animal\/\",\"name\":\"Pol\u00edticas P\u00fablicas de Prote\u00e7\u00e3o Animal s\u00e3o debatidas no 2\u00ba Encontro de Vereadores defensores da Causa animal - UVB Brasil\",\"isPartOf\":{\"@id\":\"https:\/\/uvbbrasil.com.br\/#website\"},\"primaryImageOfPage\":{\"@id\":\"https:\/\/uvbbrasil.com.br\/politicas-publicas-de-protecao-animal-sao-debatidas-no-2o-encontro-de-vereadores-defensores-da-causa-animal\/#primaryimage\"},\"image\":{\"@id\":\"https:\/\/uvbbrasil.com.br\/politicas-publicas-de-protecao-animal-sao-debatidas-no-2o-encontro-de-vereadores-defensores-da-causa-animal\/#primaryimage\"},\"thumbnailUrl\":\"https:\/\/uvbbrasil.com.br\/wp-content\/uploads\/2019\/10\/sp.jpeg\",\"datePublished\":\"2019-10-03T18:09:31+00:00\",\"breadcrumb\":{\"@id\":\"https:\/\/uvbbrasil.com.br\/politicas-publicas-de-protecao-animal-sao-debatidas-no-2o-encontro-de-vereadores-defensores-da-causa-animal\/#breadcrumb\"},\"inLanguage\":\"pt-BR\",\"potentialAction\":[{\"@type\":\"ReadAction\",\"target\":[\"https:\/\/uvbbrasil.com.br\/politicas-publicas-de-protecao-animal-sao-debatidas-no-2o-encontro-de-vereadores-defensores-da-causa-animal\/\"]}]},{\"@type\":\"ImageObject\",\"inLanguage\":\"pt-BR\",\"@id\":\"https:\/\/uvbbrasil.com.br\/politicas-publicas-de-protecao-animal-sao-debatidas-no-2o-encontro-de-vereadores-defensores-da-causa-animal\/#primaryimage\",\"url\":\"https:\/\/uvbbrasil.com.br\/wp-content\/uploads\/2019\/10\/sp.jpeg\",\"contentUrl\":\"https:\/\/uvbbrasil.com.br\/wp-content\/uploads\/2019\/10\/sp.jpeg\",\"width\":1280,\"height\":859},{\"@type\":\"BreadcrumbList\",\"@id\":\"https:\/\/uvbbrasil.com.br\/politicas-publicas-de-protecao-animal-sao-debatidas-no-2o-encontro-de-vereadores-defensores-da-causa-animal\/#breadcrumb\",\"itemListElement\":[{\"@type\":\"ListItem\",\"position\":1,\"name\":\"In\u00edcio\",\"item\":\"https:\/\/uvbbrasil.com.br\/\"},{\"@type\":\"ListItem\",\"position\":2,\"name\":\"Pol\u00edticas P\u00fablicas de Prote\u00e7\u00e3o Animal s\u00e3o debatidas no 2\u00ba Encontro de Vereadores defensores da Causa animal\"}]},{\"@type\":\"WebSite\",\"@id\":\"https:\/\/uvbbrasil.com.br\/#website\",\"url\":\"https:\/\/uvbbrasil.com.br\/\",\"name\":\"UVB Brasil\",\"description\":\"Uni\u00e3o dos Vereadores do Brasil\",\"publisher\":{\"@id\":\"https:\/\/uvbbrasil.com.br\/#organization\"},\"potentialAction\":[{\"@type\":\"SearchAction\",\"target\":{\"@type\":\"EntryPoint\",\"urlTemplate\":\"https:\/\/uvbbrasil.com.br\/?s={search_term_string}\"},\"query-input\":{\"@type\":\"PropertyValueSpecification\",\"valueRequired\":true,\"valueName\":\"search_term_string\"}}],\"inLanguage\":\"pt-BR\"},{\"@type\":\"Organization\",\"@id\":\"https:\/\/uvbbrasil.com.br\/#organization\",\"name\":\"UVB Brasil\",\"url\":\"https:\/\/uvbbrasil.com.br\/\",\"logo\":{\"@type\":\"ImageObject\",\"inLanguage\":\"pt-BR\",\"@id\":\"https:\/\/uvbbrasil.com.br\/#\/schema\/logo\/image\/\",\"url\":\"https:\/\/uvbbrasil.com.br\/wp-content\/uploads\/2025\/01\/LOGO-UVB-2024-azul-1.jpg\",\"contentUrl\":\"https:\/\/uvbbrasil.com.br\/wp-content\/uploads\/2025\/01\/LOGO-UVB-2024-azul-1.jpg\",\"width\":600,\"height\":211,\"caption\":\"UVB Brasil\"},\"image\":{\"@id\":\"https:\/\/uvbbrasil.com.br\/#\/schema\/logo\/image\/\"},\"sameAs\":[\"https:\/\/www.facebook.com\/uvb.vereadoresbrasil\",\"https:\/\/www.instagram.com\/uvbbrasil\/\",\"https:\/\/www.youtube.com\/channel\/UCIlPQ8Xzw5GHNzosQIg9S5A\"]},{\"@type\":\"Person\",\"@id\":\"https:\/\/uvbbrasil.com.br\/#\/schema\/person\/17990098446c098f52effddff4f1b272\",\"name\":\"adminuvb\",\"image\":{\"@type\":\"ImageObject\",\"inLanguage\":\"pt-BR\",\"@id\":\"https:\/\/uvbbrasil.com.br\/#\/schema\/person\/image\/\",\"url\":\"https:\/\/secure.gravatar.com\/avatar\/1a494ea6f8e2dd1ae526e55b0e9497efdba542491e0620d704cccf63c6f77c45?s=96&d=mm&r=g\",\"contentUrl\":\"https:\/\/secure.gravatar.com\/avatar\/1a494ea6f8e2dd1ae526e55b0e9497efdba542491e0620d704cccf63c6f77c45?s=96&d=mm&r=g\",\"caption\":\"adminuvb\"},\"sameAs\":[\"https:\/\/uvbbrasil.com.br\"],\"url\":\"https:\/\/uvbbrasil.com.br\/author\/adminuvb\/\"}]}<\/script>\n<!-- \/ Yoast SEO plugin. -->","yoast_head_json":{"title":"Pol\u00edticas P\u00fablicas de Prote\u00e7\u00e3o Animal s\u00e3o debatidas no 2\u00ba Encontro de Vereadores defensores da Causa animal - UVB Brasil","robots":{"index":"index","follow":"follow","max-snippet":"max-snippet:-1","max-image-preview":"max-image-preview:large","max-video-preview":"max-video-preview:-1"},"canonical":"https:\/\/uvbbrasil.com.br\/politicas-publicas-de-protecao-animal-sao-debatidas-no-2o-encontro-de-vereadores-defensores-da-causa-animal\/","og_locale":"pt_BR","og_type":"article","og_title":"Pol\u00edticas P\u00fablicas de Prote\u00e7\u00e3o Animal s\u00e3o debatidas no 2\u00ba Encontro de Vereadores defensores da Causa animal - UVB Brasil","og_description":"Pol\u00edticas P\u00fablicas de Prote\u00e7\u00e3o Animal foi tema debatido no 2\u00ba Encontro de Vereadores da Causa Animal, na manha desta quinta...","og_url":"https:\/\/uvbbrasil.com.br\/politicas-publicas-de-protecao-animal-sao-debatidas-no-2o-encontro-de-vereadores-defensores-da-causa-animal\/","og_site_name":"UVB Brasil","article_publisher":"https:\/\/www.facebook.com\/uvb.vereadoresbrasil","article_published_time":"2019-10-03T18:09:31+00:00","og_image":[{"width":1280,"height":859,"url":"https:\/\/uvbbrasil.com.br\/wp-content\/uploads\/2019\/10\/sp.jpeg","type":"image\/jpeg"}],"author":"adminuvb","twitter_card":"summary_large_image","twitter_misc":{"Escrito por":"adminuvb","Est. tempo de leitura":"1 minuto"},"schema":{"@context":"https:\/\/schema.org","@graph":[{"@type":"Article","@id":"https:\/\/uvbbrasil.com.br\/politicas-publicas-de-protecao-animal-sao-debatidas-no-2o-encontro-de-vereadores-defensores-da-causa-animal\/#article","isPartOf":{"@id":"https:\/\/uvbbrasil.com.br\/politicas-publicas-de-protecao-animal-sao-debatidas-no-2o-encontro-de-vereadores-defensores-da-causa-animal\/"},"author":{"name":"adminuvb","@id":"https:\/\/uvbbrasil.com.br\/#\/schema\/person\/17990098446c098f52effddff4f1b272"},"headline":"Pol\u00edticas P\u00fablicas de Prote\u00e7\u00e3o Animal s\u00e3o debatidas no 2\u00ba Encontro de Vereadores defensores da Causa animal","datePublished":"2019-10-03T18:09:31+00:00","mainEntityOfPage":{"@id":"https:\/\/uvbbrasil.com.br\/politicas-publicas-de-protecao-animal-sao-debatidas-no-2o-encontro-de-vereadores-defensores-da-causa-animal\/"},"wordCount":195,"commentCount":0,"publisher":{"@id":"https:\/\/uvbbrasil.com.br\/#organization"},"image":{"@id":"https:\/\/uvbbrasil.com.br\/politicas-publicas-de-protecao-animal-sao-debatidas-no-2o-encontro-de-vereadores-defensores-da-causa-animal\/#primaryimage"},"thumbnailUrl":"https:\/\/uvbbrasil.com.br\/wp-content\/uploads\/2019\/10\/sp.jpeg","articleSection":["NOT\u00cdCIAS","UVB"],"inLanguage":"pt-BR","potentialAction":[{"@type":"CommentAction","name":"Comment","target":["https:\/\/uvbbrasil.com.br\/politicas-publicas-de-protecao-animal-sao-debatidas-no-2o-encontro-de-vereadores-defensores-da-causa-animal\/#respond"]}]},{"@type":"WebPage","@id":"https:\/\/uvbbrasil.com.br\/politicas-publicas-de-protecao-animal-sao-debatidas-no-2o-encontro-de-vereadores-defensores-da-causa-animal\/","url":"https:\/\/uvbbrasil.com.br\/politicas-publicas-de-protecao-animal-sao-debatidas-no-2o-encontro-de-vereadores-defensores-da-causa-animal\/","name":"Pol\u00edticas P\u00fablicas de Prote\u00e7\u00e3o Animal s\u00e3o debatidas no 2\u00ba Encontro de Vereadores defensores da Causa animal - UVB Brasil","isPartOf":{"@id":"https:\/\/uvbbrasil.com.br\/#website"},"primaryImageOfPage":{"@id":"https:\/\/uvbbrasil.com.br\/politicas-publicas-de-protecao-animal-sao-debatidas-no-2o-encontro-de-vereadores-defensores-da-causa-animal\/#primaryimage"},"image":{"@id":"https:\/\/uvbbrasil.com.br\/politicas-publicas-de-protecao-animal-sao-debatidas-no-2o-encontro-de-vereadores-defensores-da-causa-animal\/#primaryimage"},"thumbnailUrl":"https:\/\/uvbbrasil.com.br\/wp-content\/uploads\/2019\/10\/sp.jpeg","datePublished":"2019-10-03T18:09:31+00:00","breadcrumb":{"@id":"https:\/\/uvbbrasil.com.br\/politicas-publicas-de-protecao-animal-sao-debatidas-no-2o-encontro-de-vereadores-defensores-da-causa-animal\/#breadcrumb"},"inLanguage":"pt-BR","potentialAction":[{"@type":"ReadAction","target":["https:\/\/uvbbrasil.com.br\/politicas-publicas-de-protecao-animal-sao-debatidas-no-2o-encontro-de-vereadores-defensores-da-causa-animal\/"]}]},{"@type":"ImageObject","inLanguage":"pt-BR","@id":"https:\/\/uvbbrasil.com.br\/politicas-publicas-de-protecao-animal-sao-debatidas-no-2o-encontro-de-vereadores-defensores-da-causa-animal\/#primaryimage","url":"https:\/\/uvbbrasil.com.br\/wp-content\/uploads\/2019\/10\/sp.jpeg","contentUrl":"https:\/\/uvbbrasil.com.br\/wp-content\/uploads\/2019\/10\/sp.jpeg","width":1280,"height":859},{"@type":"BreadcrumbList","@id":"https:\/\/uvbbrasil.com.br\/politicas-publicas-de-protecao-animal-sao-debatidas-no-2o-encontro-de-vereadores-defensores-da-causa-animal\/#breadcrumb","itemListElement":[{"@type":"ListItem","position":1,"name":"In\u00edcio","item":"https:\/\/uvbbrasil.com.br\/"},{"@type":"ListItem","position":2,"name":"Pol\u00edticas P\u00fablicas de Prote\u00e7\u00e3o Animal s\u00e3o debatidas no 2\u00ba Encontro de Vereadores defensores da Causa animal"}]},{"@type":"WebSite","@id":"https:\/\/uvbbrasil.com.br\/#website","url":"https:\/\/uvbbrasil.com.br\/","name":"UVB Brasil","description":"Uni\u00e3o dos Vereadores do Brasil","publisher":{"@id":"https:\/\/uvbbrasil.com.br\/#organization"},"potentialAction":[{"@type":"SearchAction","target":{"@type":"EntryPoint","urlTemplate":"https:\/\/uvbbrasil.com.br\/?s={search_term_string}"},"query-input":{"@type":"PropertyValueSpecification","valueRequired":true,"valueName":"search_term_string"}}],"inLanguage":"pt-BR"},{"@type":"Organization","@id":"https:\/\/uvbbrasil.com.br\/#organization","name":"UVB Brasil","url":"https:\/\/uvbbrasil.com.br\/","logo":{"@type":"ImageObject","inLanguage":"pt-BR","@id":"https:\/\/uvbbrasil.com.br\/#\/schema\/logo\/image\/","url":"https:\/\/uvbbrasil.com.br\/wp-content\/uploads\/2025\/01\/LOGO-UVB-2024-azul-1.jpg","contentUrl":"https:\/\/uvbbrasil.com.br\/wp-content\/uploads\/2025\/01\/LOGO-UVB-2024-azul-1.jpg","width":600,"height":211,"caption":"UVB Brasil"},"image":{"@id":"https:\/\/uvbbrasil.com.br\/#\/schema\/logo\/image\/"},"sameAs":["https:\/\/www.facebook.com\/uvb.vereadoresbrasil","https:\/\/www.instagram.com\/uvbbrasil\/","https:\/\/www.youtube.com\/channel\/UCIlPQ8Xzw5GHNzosQIg9S5A"]},{"@type":"Person","@id":"https:\/\/uvbbrasil.com.br\/#\/schema\/person\/17990098446c098f52effddff4f1b272","name":"adminuvb","image":{"@type":"ImageObject","inLanguage":"pt-BR","@id":"https:\/\/uvbbrasil.com.br\/#\/schema\/person\/image\/","url":"https:\/\/secure.gravatar.com\/avatar\/1a494ea6f8e2dd1ae526e55b0e9497efdba542491e0620d704cccf63c6f77c45?s=96&d=mm&r=g","contentUrl":"https:\/\/secure.gravatar.com\/avatar\/1a494ea6f8e2dd1ae526e55b0e9497efdba542491e0620d704cccf63c6f77c45?s=96&d=mm&r=g","caption":"adminuvb"},"sameAs":["https:\/\/uvbbrasil.com.br"],"url":"https:\/\/uvbbrasil.com.br\/author\/adminuvb\/"}]}},"_links":{"self":[{"href":"https:\/\/uvbbrasil.com.br\/uvb-json\/wp\/v2\/posts\/16270","targetHints":{"allow":["GET"]}}],"collection":[{"href":"https:\/\/uvbbrasil.com.br\/uvb-json\/wp\/v2\/posts"}],"about":[{"href":"https:\/\/uvbbrasil.com.br\/uvb-json\/wp\/v2\/types\/post"}],"author":[{"embeddable":true,"href":"https:\/\/uvbbrasil.com.br\/uvb-json\/wp\/v2\/users\/1"}],"replies":[{"embeddable":true,"href":"https:\/\/uvbbrasil.com.br\/uvb-json\/wp\/v2\/comments?post=16270"}],"version-history":[{"count":0,"href":"https:\/\/uvbbrasil.com.br\/uvb-json\/wp\/v2\/posts\/16270\/revisions"}],"wp:featuredmedia":[{"embeddable":true,"href":"https:\/\/uvbbrasil.com.br\/uvb-json\/wp\/v2\/media\/16271"}],"wp:attachment":[{"href":"https:\/\/uvbbrasil.com.br\/uvb-json\/wp\/v2\/media?parent=16270"}],"wp:term":[{"taxonomy":"category","embeddable":true,"href":"https:\/\/uvbbrasil.com.br\/uvb-json\/wp\/v2\/categories?post=16270"},{"taxonomy":"post_tag","embeddable":true,"href":"https:\/\/uvbbrasil.com.br\/uvb-json\/wp\/v2\/tags?post=16270"}],"curies":[{"name":"wp","href":"https:\/\/api.w.org\/{rel}","templated":true}]}}