{"id":16265,"date":"2019-10-03T12:40:39","date_gmt":"2019-10-03T15:40:39","guid":{"rendered":"https:\/\/wpsandbox4.pante.com.br\/?p=16265"},"modified":"2019-10-03T12:40:39","modified_gmt":"2019-10-03T15:40:39","slug":"presidente-da-uvb-e-recebido-pelo-presidente-da-apm","status":"publish","type":"post","link":"https:\/\/uvbbrasil.com.br\/presidente-da-uvb-e-recebido-pelo-presidente-da-apm\/","title":{"rendered":"Presidente da UVB \u00e9 recebido pelo Presidente da APM"},"content":{"rendered":"<p>S\u00e3o Paulo\/SP- Presidente da UVB, vereador, Gilson Conzatti na companhia dos vereadores Claudio Evangelista do munic\u00edpio de Teodoro Sampaio-SP e Givanildo Soares, presidente da C\u00e2mara Municipal de Itu-SP estiveram visitando a sede da Associa\u00e7\u00e3o Paulista dos Munic\u00edpios-APM \u00a0na tarde de quarta feira (02\/10).<\/p>\n<p>Conzatti e os vereadores foram recebidos pelo presidente da entidade, Carlos Cruz, onde debateram assuntos diversos sobre os temas do municipalismo bem como a cess\u00e3o onerosa, os royalties do pr\u00e9-sal, e pacto federativo.<\/p>\n<p>Na ocasi\u00e3o o Presidente da UVB confirmou apoio ao 63\u00ba Congresso Estadual de Munic\u00edpios que acontecer\u00e1 de 15 a 19 de outubro em Campos do Jord\u00e3o promovido pela APM\u00a0 com o apoio da UVB e confirmou \u00a0presen\u00e7a no evento.<\/p>\n<p>APM \u00e9 uma entidade que surgiu no ano de 1948 e congrega todos os Munic\u00edpios do Estado de S\u00e3o Paulo, e um fato interessante \u00e9 que na composi\u00e7\u00e3o da diretoria\u00a0 \u00e9 formada por prefeitos, vereadores, ex-prefeitos, ex-vereadores e vice-prefeitos , diferente\u00a0 da grande maioria\u00a0 das entidades Estaduais dos Munic\u00edpios onde somente prefeitos fazem parte da diretoria , um exemplo e a Confedera\u00e7\u00e3o Nacional\u00a0 dos Munic\u00edpios \u2013CNM, que \u00e9 composta somente por prefeitos .<\/p>\n<p>A APM tem cumprido seu papel pol\u00edtico na sociedade como entidade suprapartid\u00e1ria, assessorando prefeitos (as), vice-prefeitos (as) e vereadores (as), em alto n\u00edvel nas quest\u00f5es t\u00e9cnico-administrativas e jur\u00eddicas, na organiza\u00e7\u00e3o dos servi\u00e7os p\u00fablicos, na sistematiza\u00e7\u00e3o das a\u00e7\u00f5es dos Conselhos Municipais e, principalmente, na defesa dos interesses dos Munic\u00edpios diante dos Poderes Executivo e Legislativo, da Uni\u00e3o e do Estado, na busca pela emancipa\u00e7\u00e3o pol\u00edtica e financeira.<\/p>\n<p>O presidente da UVB destacou a historia da APM\u00a0 e manifestou que n\u00e3o viu \u00a0forma\u00e7\u00e3o de diretoria \u00a0composta por vereadores e prefeitos juntos \u00a0\u00a0em nenhum outro estado da federa\u00e7\u00e3o. E um fato interessante \u00e9 que o Presidente da Uni\u00e3o dos Vereadores do Estado de S\u00e3o Paulo-UVESP, Sebasti\u00e3o Misiara tamb\u00e9m faz parte da diretoria da\u00a0 Associa\u00e7\u00e3o\u00a0 Paulista dos Munic\u00edpios \u2013APM.<a href=\"https:\/\/uvbbrasil.com.br\/?attachment_id=16267\" rel=\"attachment wp-att-16267\"><img fetchpriority=\"high\" decoding=\"async\" class=\"aligncenter size-full wp-image-16267\" src=\"https:\/\/uvbbrasil.com.br\/wp-content\/uploads\/2019\/10\/imagem-de-dentro.jpeg\" alt=\"\" width=\"1280\" height=\"960\" srcset=\"https:\/\/uvbbrasil.com.br\/wp-content\/uploads\/2019\/10\/imagem-de-dentro.jpeg 1280w, https:\/\/uvbbrasil.com.br\/wp-content\/uploads\/2019\/10\/imagem-de-dentro-300x225.jpeg 300w, https:\/\/uvbbrasil.com.br\/wp-content\/uploads\/2019\/10\/imagem-de-dentro-1024x768.jpeg 1024w, https:\/\/uvbbrasil.com.br\/wp-content\/uploads\/2019\/10\/imagem-de-dentro-768x576.jpeg 768w\" sizes=\"(max-width: 1280px) 100vw, 1280px\" \/><\/a><\/p>\n","protected":false},"excerpt":{"rendered":"<p>S\u00e3o Paulo\/SP- Presidente da UVB, vereador, Gilson Conzatti na companhia dos vereadores Claudio Evangelista do munic\u00edpio de Teodoro Sampaio-SP e&#8230;<\/p>\n","protected":false},"author":1,"featured_media":16266,"comment_status":"open","ping_status":"open","sticky":false,"template":"","format":"standard","meta":{"footnotes":""},"categories":[3,4],"tags":[],"class_list":["post-16265","post","type-post","status-publish","format-standard","has-post-thumbnail","hentry","category-noticias","category-home"],"yoast_head":"<!-- This site is optimized with the Yoast SEO plugin v26.7 - https:\/\/yoast.com\/wordpress\/plugins\/seo\/ -->\n<title>Presidente da UVB \u00e9 recebido pelo Presidente da APM - UVB Brasil<\/title>\n<meta name=\"robots\" content=\"index, follow, max-snippet:-1, max-image-preview:large, max-video-preview:-1\" \/>\n<link rel=\"canonical\" href=\"https:\/\/uvbbrasil.com.br\/presidente-da-uvb-e-recebido-pelo-presidente-da-apm\/\" \/>\n<meta property=\"og:locale\" content=\"pt_BR\" \/>\n<meta property=\"og:type\" content=\"article\" \/>\n<meta property=\"og:title\" content=\"Presidente da UVB \u00e9 recebido pelo Presidente da APM - UVB Brasil\" \/>\n<meta property=\"og:description\" content=\"S\u00e3o Paulo\/SP- Presidente da UVB, vereador, Gilson Conzatti na companhia dos vereadores Claudio Evangelista do munic\u00edpio de Teodoro Sampaio-SP e...\" \/>\n<meta property=\"og:url\" content=\"https:\/\/uvbbrasil.com.br\/presidente-da-uvb-e-recebido-pelo-presidente-da-apm\/\" \/>\n<meta property=\"og:site_name\" content=\"UVB Brasil\" \/>\n<meta property=\"article:publisher\" content=\"https:\/\/www.facebook.com\/uvb.vereadoresbrasil\" \/>\n<meta property=\"article:published_time\" content=\"2019-10-03T15:40:39+00:00\" \/>\n<meta property=\"og:image\" content=\"https:\/\/uvbbrasil.com.br\/wp-content\/uploads\/2019\/10\/destaq.jpeg\" \/>\n\t<meta property=\"og:image:width\" content=\"960\" \/>\n\t<meta property=\"og:image:height\" content=\"1280\" \/>\n\t<meta property=\"og:image:type\" content=\"image\/jpeg\" \/>\n<meta name=\"author\" content=\"adminuvb\" \/>\n<meta name=\"twitter:card\" content=\"summary_large_image\" \/>\n<meta name=\"twitter:label1\" content=\"Escrito por\" \/>\n\t<meta name=\"twitter:data1\" content=\"adminuvb\" \/>\n\t<meta name=\"twitter:label2\" content=\"Est. tempo de leitura\" \/>\n\t<meta name=\"twitter:data2\" content=\"2 minutos\" \/>\n<script type=\"application\/ld+json\" class=\"yoast-schema-graph\">{\"@context\":\"https:\/\/schema.org\",\"@graph\":[{\"@type\":\"Article\",\"@id\":\"https:\/\/uvbbrasil.com.br\/presidente-da-uvb-e-recebido-pelo-presidente-da-apm\/#article\",\"isPartOf\":{\"@id\":\"https:\/\/uvbbrasil.com.br\/presidente-da-uvb-e-recebido-pelo-presidente-da-apm\/\"},\"author\":{\"name\":\"adminuvb\",\"@id\":\"https:\/\/uvbbrasil.com.br\/#\/schema\/person\/17990098446c098f52effddff4f1b272\"},\"headline\":\"Presidente da UVB \u00e9 recebido pelo Presidente da APM\",\"datePublished\":\"2019-10-03T15:40:39+00:00\",\"mainEntityOfPage\":{\"@id\":\"https:\/\/uvbbrasil.com.br\/presidente-da-uvb-e-recebido-pelo-presidente-da-apm\/\"},\"wordCount\":350,\"commentCount\":0,\"publisher\":{\"@id\":\"https:\/\/uvbbrasil.com.br\/#organization\"},\"image\":{\"@id\":\"https:\/\/uvbbrasil.com.br\/presidente-da-uvb-e-recebido-pelo-presidente-da-apm\/#primaryimage\"},\"thumbnailUrl\":\"https:\/\/uvbbrasil.com.br\/wp-content\/uploads\/2019\/10\/destaq.jpeg\",\"articleSection\":[\"NOT\u00cdCIAS\",\"UVB\"],\"inLanguage\":\"pt-BR\",\"potentialAction\":[{\"@type\":\"CommentAction\",\"name\":\"Comment\",\"target\":[\"https:\/\/uvbbrasil.com.br\/presidente-da-uvb-e-recebido-pelo-presidente-da-apm\/#respond\"]}]},{\"@type\":\"WebPage\",\"@id\":\"https:\/\/uvbbrasil.com.br\/presidente-da-uvb-e-recebido-pelo-presidente-da-apm\/\",\"url\":\"https:\/\/uvbbrasil.com.br\/presidente-da-uvb-e-recebido-pelo-presidente-da-apm\/\",\"name\":\"Presidente da UVB \u00e9 recebido pelo Presidente da APM - UVB Brasil\",\"isPartOf\":{\"@id\":\"https:\/\/uvbbrasil.com.br\/#website\"},\"primaryImageOfPage\":{\"@id\":\"https:\/\/uvbbrasil.com.br\/presidente-da-uvb-e-recebido-pelo-presidente-da-apm\/#primaryimage\"},\"image\":{\"@id\":\"https:\/\/uvbbrasil.com.br\/presidente-da-uvb-e-recebido-pelo-presidente-da-apm\/#primaryimage\"},\"thumbnailUrl\":\"https:\/\/uvbbrasil.com.br\/wp-content\/uploads\/2019\/10\/destaq.jpeg\",\"datePublished\":\"2019-10-03T15:40:39+00:00\",\"breadcrumb\":{\"@id\":\"https:\/\/uvbbrasil.com.br\/presidente-da-uvb-e-recebido-pelo-presidente-da-apm\/#breadcrumb\"},\"inLanguage\":\"pt-BR\",\"potentialAction\":[{\"@type\":\"ReadAction\",\"target\":[\"https:\/\/uvbbrasil.com.br\/presidente-da-uvb-e-recebido-pelo-presidente-da-apm\/\"]}]},{\"@type\":\"ImageObject\",\"inLanguage\":\"pt-BR\",\"@id\":\"https:\/\/uvbbrasil.com.br\/presidente-da-uvb-e-recebido-pelo-presidente-da-apm\/#primaryimage\",\"url\":\"https:\/\/uvbbrasil.com.br\/wp-content\/uploads\/2019\/10\/destaq.jpeg\",\"contentUrl\":\"https:\/\/uvbbrasil.com.br\/wp-content\/uploads\/2019\/10\/destaq.jpeg\",\"width\":960,\"height\":1280},{\"@type\":\"BreadcrumbList\",\"@id\":\"https:\/\/uvbbrasil.com.br\/presidente-da-uvb-e-recebido-pelo-presidente-da-apm\/#breadcrumb\",\"itemListElement\":[{\"@type\":\"ListItem\",\"position\":1,\"name\":\"In\u00edcio\",\"item\":\"https:\/\/uvbbrasil.com.br\/\"},{\"@type\":\"ListItem\",\"position\":2,\"name\":\"Presidente da UVB \u00e9 recebido pelo Presidente da APM\"}]},{\"@type\":\"WebSite\",\"@id\":\"https:\/\/uvbbrasil.com.br\/#website\",\"url\":\"https:\/\/uvbbrasil.com.br\/\",\"name\":\"UVB Brasil\",\"description\":\"Uni\u00e3o dos Vereadores do Brasil\",\"publisher\":{\"@id\":\"https:\/\/uvbbrasil.com.br\/#organization\"},\"potentialAction\":[{\"@type\":\"SearchAction\",\"target\":{\"@type\":\"EntryPoint\",\"urlTemplate\":\"https:\/\/uvbbrasil.com.br\/?s={search_term_string}\"},\"query-input\":{\"@type\":\"PropertyValueSpecification\",\"valueRequired\":true,\"valueName\":\"search_term_string\"}}],\"inLanguage\":\"pt-BR\"},{\"@type\":\"Organization\",\"@id\":\"https:\/\/uvbbrasil.com.br\/#organization\",\"name\":\"UVB Brasil\",\"url\":\"https:\/\/uvbbrasil.com.br\/\",\"logo\":{\"@type\":\"ImageObject\",\"inLanguage\":\"pt-BR\",\"@id\":\"https:\/\/uvbbrasil.com.br\/#\/schema\/logo\/image\/\",\"url\":\"https:\/\/uvbbrasil.com.br\/wp-content\/uploads\/2025\/01\/LOGO-UVB-2024-azul-1.jpg\",\"contentUrl\":\"https:\/\/uvbbrasil.com.br\/wp-content\/uploads\/2025\/01\/LOGO-UVB-2024-azul-1.jpg\",\"width\":600,\"height\":211,\"caption\":\"UVB Brasil\"},\"image\":{\"@id\":\"https:\/\/uvbbrasil.com.br\/#\/schema\/logo\/image\/\"},\"sameAs\":[\"https:\/\/www.facebook.com\/uvb.vereadoresbrasil\",\"https:\/\/www.instagram.com\/uvbbrasil\/\",\"https:\/\/www.youtube.com\/channel\/UCIlPQ8Xzw5GHNzosQIg9S5A\"]},{\"@type\":\"Person\",\"@id\":\"https:\/\/uvbbrasil.com.br\/#\/schema\/person\/17990098446c098f52effddff4f1b272\",\"name\":\"adminuvb\",\"image\":{\"@type\":\"ImageObject\",\"inLanguage\":\"pt-BR\",\"@id\":\"https:\/\/uvbbrasil.com.br\/#\/schema\/person\/image\/\",\"url\":\"https:\/\/secure.gravatar.com\/avatar\/1a494ea6f8e2dd1ae526e55b0e9497efdba542491e0620d704cccf63c6f77c45?s=96&d=mm&r=g\",\"contentUrl\":\"https:\/\/secure.gravatar.com\/avatar\/1a494ea6f8e2dd1ae526e55b0e9497efdba542491e0620d704cccf63c6f77c45?s=96&d=mm&r=g\",\"caption\":\"adminuvb\"},\"sameAs\":[\"https:\/\/uvbbrasil.com.br\"],\"url\":\"https:\/\/uvbbrasil.com.br\/author\/adminuvb\/\"}]}<\/script>\n<!-- \/ Yoast SEO plugin. -->","yoast_head_json":{"title":"Presidente da UVB \u00e9 recebido pelo Presidente da APM - UVB Brasil","robots":{"index":"index","follow":"follow","max-snippet":"max-snippet:-1","max-image-preview":"max-image-preview:large","max-video-preview":"max-video-preview:-1"},"canonical":"https:\/\/uvbbrasil.com.br\/presidente-da-uvb-e-recebido-pelo-presidente-da-apm\/","og_locale":"pt_BR","og_type":"article","og_title":"Presidente da UVB \u00e9 recebido pelo Presidente da APM - UVB Brasil","og_description":"S\u00e3o Paulo\/SP- Presidente da UVB, vereador, Gilson Conzatti na companhia dos vereadores Claudio Evangelista do munic\u00edpio de Teodoro Sampaio-SP e...","og_url":"https:\/\/uvbbrasil.com.br\/presidente-da-uvb-e-recebido-pelo-presidente-da-apm\/","og_site_name":"UVB Brasil","article_publisher":"https:\/\/www.facebook.com\/uvb.vereadoresbrasil","article_published_time":"2019-10-03T15:40:39+00:00","og_image":[{"width":960,"height":1280,"url":"https:\/\/uvbbrasil.com.br\/wp-content\/uploads\/2019\/10\/destaq.jpeg","type":"image\/jpeg"}],"author":"adminuvb","twitter_card":"summary_large_image","twitter_misc":{"Escrito por":"adminuvb","Est. tempo de leitura":"2 minutos"},"schema":{"@context":"https:\/\/schema.org","@graph":[{"@type":"Article","@id":"https:\/\/uvbbrasil.com.br\/presidente-da-uvb-e-recebido-pelo-presidente-da-apm\/#article","isPartOf":{"@id":"https:\/\/uvbbrasil.com.br\/presidente-da-uvb-e-recebido-pelo-presidente-da-apm\/"},"author":{"name":"adminuvb","@id":"https:\/\/uvbbrasil.com.br\/#\/schema\/person\/17990098446c098f52effddff4f1b272"},"headline":"Presidente da UVB \u00e9 recebido pelo Presidente da APM","datePublished":"2019-10-03T15:40:39+00:00","mainEntityOfPage":{"@id":"https:\/\/uvbbrasil.com.br\/presidente-da-uvb-e-recebido-pelo-presidente-da-apm\/"},"wordCount":350,"commentCount":0,"publisher":{"@id":"https:\/\/uvbbrasil.com.br\/#organization"},"image":{"@id":"https:\/\/uvbbrasil.com.br\/presidente-da-uvb-e-recebido-pelo-presidente-da-apm\/#primaryimage"},"thumbnailUrl":"https:\/\/uvbbrasil.com.br\/wp-content\/uploads\/2019\/10\/destaq.jpeg","articleSection":["NOT\u00cdCIAS","UVB"],"inLanguage":"pt-BR","potentialAction":[{"@type":"CommentAction","name":"Comment","target":["https:\/\/uvbbrasil.com.br\/presidente-da-uvb-e-recebido-pelo-presidente-da-apm\/#respond"]}]},{"@type":"WebPage","@id":"https:\/\/uvbbrasil.com.br\/presidente-da-uvb-e-recebido-pelo-presidente-da-apm\/","url":"https:\/\/uvbbrasil.com.br\/presidente-da-uvb-e-recebido-pelo-presidente-da-apm\/","name":"Presidente da UVB \u00e9 recebido pelo Presidente da APM - UVB Brasil","isPartOf":{"@id":"https:\/\/uvbbrasil.com.br\/#website"},"primaryImageOfPage":{"@id":"https:\/\/uvbbrasil.com.br\/presidente-da-uvb-e-recebido-pelo-presidente-da-apm\/#primaryimage"},"image":{"@id":"https:\/\/uvbbrasil.com.br\/presidente-da-uvb-e-recebido-pelo-presidente-da-apm\/#primaryimage"},"thumbnailUrl":"https:\/\/uvbbrasil.com.br\/wp-content\/uploads\/2019\/10\/destaq.jpeg","datePublished":"2019-10-03T15:40:39+00:00","breadcrumb":{"@id":"https:\/\/uvbbrasil.com.br\/presidente-da-uvb-e-recebido-pelo-presidente-da-apm\/#breadcrumb"},"inLanguage":"pt-BR","potentialAction":[{"@type":"ReadAction","target":["https:\/\/uvbbrasil.com.br\/presidente-da-uvb-e-recebido-pelo-presidente-da-apm\/"]}]},{"@type":"ImageObject","inLanguage":"pt-BR","@id":"https:\/\/uvbbrasil.com.br\/presidente-da-uvb-e-recebido-pelo-presidente-da-apm\/#primaryimage","url":"https:\/\/uvbbrasil.com.br\/wp-content\/uploads\/2019\/10\/destaq.jpeg","contentUrl":"https:\/\/uvbbrasil.com.br\/wp-content\/uploads\/2019\/10\/destaq.jpeg","width":960,"height":1280},{"@type":"BreadcrumbList","@id":"https:\/\/uvbbrasil.com.br\/presidente-da-uvb-e-recebido-pelo-presidente-da-apm\/#breadcrumb","itemListElement":[{"@type":"ListItem","position":1,"name":"In\u00edcio","item":"https:\/\/uvbbrasil.com.br\/"},{"@type":"ListItem","position":2,"name":"Presidente da UVB \u00e9 recebido pelo Presidente da APM"}]},{"@type":"WebSite","@id":"https:\/\/uvbbrasil.com.br\/#website","url":"https:\/\/uvbbrasil.com.br\/","name":"UVB Brasil","description":"Uni\u00e3o dos Vereadores do Brasil","publisher":{"@id":"https:\/\/uvbbrasil.com.br\/#organization"},"potentialAction":[{"@type":"SearchAction","target":{"@type":"EntryPoint","urlTemplate":"https:\/\/uvbbrasil.com.br\/?s={search_term_string}"},"query-input":{"@type":"PropertyValueSpecification","valueRequired":true,"valueName":"search_term_string"}}],"inLanguage":"pt-BR"},{"@type":"Organization","@id":"https:\/\/uvbbrasil.com.br\/#organization","name":"UVB Brasil","url":"https:\/\/uvbbrasil.com.br\/","logo":{"@type":"ImageObject","inLanguage":"pt-BR","@id":"https:\/\/uvbbrasil.com.br\/#\/schema\/logo\/image\/","url":"https:\/\/uvbbrasil.com.br\/wp-content\/uploads\/2025\/01\/LOGO-UVB-2024-azul-1.jpg","contentUrl":"https:\/\/uvbbrasil.com.br\/wp-content\/uploads\/2025\/01\/LOGO-UVB-2024-azul-1.jpg","width":600,"height":211,"caption":"UVB Brasil"},"image":{"@id":"https:\/\/uvbbrasil.com.br\/#\/schema\/logo\/image\/"},"sameAs":["https:\/\/www.facebook.com\/uvb.vereadoresbrasil","https:\/\/www.instagram.com\/uvbbrasil\/","https:\/\/www.youtube.com\/channel\/UCIlPQ8Xzw5GHNzosQIg9S5A"]},{"@type":"Person","@id":"https:\/\/uvbbrasil.com.br\/#\/schema\/person\/17990098446c098f52effddff4f1b272","name":"adminuvb","image":{"@type":"ImageObject","inLanguage":"pt-BR","@id":"https:\/\/uvbbrasil.com.br\/#\/schema\/person\/image\/","url":"https:\/\/secure.gravatar.com\/avatar\/1a494ea6f8e2dd1ae526e55b0e9497efdba542491e0620d704cccf63c6f77c45?s=96&d=mm&r=g","contentUrl":"https:\/\/secure.gravatar.com\/avatar\/1a494ea6f8e2dd1ae526e55b0e9497efdba542491e0620d704cccf63c6f77c45?s=96&d=mm&r=g","caption":"adminuvb"},"sameAs":["https:\/\/uvbbrasil.com.br"],"url":"https:\/\/uvbbrasil.com.br\/author\/adminuvb\/"}]}},"_links":{"self":[{"href":"https:\/\/uvbbrasil.com.br\/uvb-json\/wp\/v2\/posts\/16265","targetHints":{"allow":["GET"]}}],"collection":[{"href":"https:\/\/uvbbrasil.com.br\/uvb-json\/wp\/v2\/posts"}],"about":[{"href":"https:\/\/uvbbrasil.com.br\/uvb-json\/wp\/v2\/types\/post"}],"author":[{"embeddable":true,"href":"https:\/\/uvbbrasil.com.br\/uvb-json\/wp\/v2\/users\/1"}],"replies":[{"embeddable":true,"href":"https:\/\/uvbbrasil.com.br\/uvb-json\/wp\/v2\/comments?post=16265"}],"version-history":[{"count":0,"href":"https:\/\/uvbbrasil.com.br\/uvb-json\/wp\/v2\/posts\/16265\/revisions"}],"wp:featuredmedia":[{"embeddable":true,"href":"https:\/\/uvbbrasil.com.br\/uvb-json\/wp\/v2\/media\/16266"}],"wp:attachment":[{"href":"https:\/\/uvbbrasil.com.br\/uvb-json\/wp\/v2\/media?parent=16265"}],"wp:term":[{"taxonomy":"category","embeddable":true,"href":"https:\/\/uvbbrasil.com.br\/uvb-json\/wp\/v2\/categories?post=16265"},{"taxonomy":"post_tag","embeddable":true,"href":"https:\/\/uvbbrasil.com.br\/uvb-json\/wp\/v2\/tags?post=16265"}],"curies":[{"name":"wp","href":"https:\/\/api.w.org\/{rel}","templated":true}]}}