{"id":16258,"date":"2019-10-03T09:05:38","date_gmt":"2019-10-03T12:05:38","guid":{"rendered":"https:\/\/wpsandbox4.pante.com.br\/?p=16258"},"modified":"2019-10-03T09:05:38","modified_gmt":"2019-10-03T12:05:38","slug":"policia-rio-prende-mulher-de-acusado-de-matar-vereadora-marielle-franco","status":"publish","type":"post","link":"https:\/\/uvbbrasil.com.br\/policia-rio-prende-mulher-de-acusado-de-matar-vereadora-marielle-franco\/","title":{"rendered":"Pol\u00edcia do Rio prende mulher de acusado de matar a vereadora Marielle Franco"},"content":{"rendered":"<p>Rio de Janeiro\/RJ<strong>&#8211;\u00a0\u00a0<\/strong>A Pol\u00edcia Civil do Rio de Janeiro prendeu na manh\u00e3 desta quinta-feira (3) tr\u00eas pessoas em uma opera\u00e7\u00e3o relacionada \u00e0 morte da vereadora Marielle Franco (PSOL) e do motorista Anderson Gomes, em mar\u00e7o de 2018. Entre elas est\u00e1 Elaine de Figueiredo Lessa, mulher do sargento reformado da PM Ronnie Lessa, acusado de ser um dos autores do crime. Tamb\u00e9m foram presos M\u00e1rcio Montavano, o &#8220;M\u00e1rcio Gordo&#8221; e Josinaldo Freitas, o &#8220;Di Jaca&#8221;, que s\u00e3o suspeitos de ajudar a ocultar provas.<\/p>\n<p>De acordo com a Pol\u00edcia Civil, os envolvidos teriam ocultado armas usadas pelo grupo de Ronnie, entre elas a submetralhadora HK MP5, que teria sido usada para matar Marielle e Anderson.<\/p>\n<p>A suspeita \u00e9 a de que o assassinato da parlamentar tenha liga\u00e7\u00e3o com o crime organizado. Marielle era ativista de direitos humanos e vinha denunciando a trucul\u00eancia policial que ocorria nas favelas, bem como a atua\u00e7\u00e3o de mil\u00edcias.<\/p>\n<p>Os criminosos perseguiram o carro dela por cerca de tr\u00eas quil\u00f4metros e efetuaram os disparos em um lugar sem c\u00e2meras no centro do Rio.<\/p>\n<p>Um quarto mandado de pris\u00e3o ainda est\u00e1 sendo cumprido contra o irm\u00e3o de Elaine, Bruno Figueiredo. Ronnie Lessa tamb\u00e9m \u00e9 alvo de mandado, mas ele j\u00e1 est\u00e1 preso.<\/p>\n<p>Os detidos s\u00e3o acusados de obstru\u00e7\u00e3o judicial, porte de arma e associa\u00e7\u00e3o criminosa. A opera\u00e7\u00e3o, chamada de &#8220;Submersus&#8221;, ainda cumpre 20 mandados de busca e apreens\u00e3o.<\/p>\n<p>Ronnie Lessa est\u00e1 preso na penitenci\u00e1ria federal de Mossor\u00f3, no Rio Grande do Norte.<\/p>\n<p>Al\u00e9m dele, o ex-policial \u00c9lcio Queiroz, que foi expulso da Pol\u00edcia Militar, tamb\u00e9m est\u00e1 preso sob a acusa\u00e7\u00e3o de ter matado Marielle e seu motorista.<a href=\"https:\/\/uvbbrasil.com.br\/?attachment_id=16259\" rel=\"attachment wp-att-16259\"><img fetchpriority=\"high\" decoding=\"async\" class=\"aligncenter size-full wp-image-16259\" src=\"https:\/\/uvbbrasil.com.br\/wp-content\/uploads\/2019\/10\/ma.jpeg\" alt=\"\" width=\"1250\" height=\"600\" srcset=\"https:\/\/uvbbrasil.com.br\/wp-content\/uploads\/2019\/10\/ma.jpeg 1250w, https:\/\/uvbbrasil.com.br\/wp-content\/uploads\/2019\/10\/ma-300x144.jpeg 300w, https:\/\/uvbbrasil.com.br\/wp-content\/uploads\/2019\/10\/ma-1024x492.jpeg 1024w, https:\/\/uvbbrasil.com.br\/wp-content\/uploads\/2019\/10\/ma-768x369.jpeg 768w\" sizes=\"(max-width: 1250px) 100vw, 1250px\" \/><\/a><\/p>\n<p><em>fonte<\/em>:www.brasil247.com.br<\/p>\n","protected":false},"excerpt":{"rendered":"<p>Rio de Janeiro\/RJ&#8211;\u00a0\u00a0A Pol\u00edcia Civil do Rio de Janeiro prendeu na manh\u00e3 desta quinta-feira (3) tr\u00eas pessoas em uma opera\u00e7\u00e3o&#8230;<\/p>\n","protected":false},"author":1,"featured_media":16259,"comment_status":"open","ping_status":"open","sticky":false,"template":"","format":"standard","meta":{"footnotes":""},"categories":[3],"tags":[],"class_list":["post-16258","post","type-post","status-publish","format-standard","has-post-thumbnail","hentry","category-noticias"],"yoast_head":"<!-- This site is optimized with the Yoast SEO plugin v26.7 - https:\/\/yoast.com\/wordpress\/plugins\/seo\/ -->\n<title>Pol\u00edcia do Rio prende mulher de acusado de matar a vereadora Marielle Franco - UVB Brasil<\/title>\n<meta name=\"robots\" content=\"index, follow, max-snippet:-1, max-image-preview:large, max-video-preview:-1\" \/>\n<link rel=\"canonical\" href=\"https:\/\/uvbbrasil.com.br\/policia-rio-prende-mulher-de-acusado-de-matar-vereadora-marielle-franco\/\" \/>\n<meta property=\"og:locale\" content=\"pt_BR\" \/>\n<meta property=\"og:type\" content=\"article\" \/>\n<meta property=\"og:title\" content=\"Pol\u00edcia do Rio prende mulher de acusado de matar a vereadora Marielle Franco - UVB Brasil\" \/>\n<meta property=\"og:description\" content=\"Rio de Janeiro\/RJ&#8211;\u00a0\u00a0A Pol\u00edcia Civil do Rio de Janeiro prendeu na manh\u00e3 desta quinta-feira (3) tr\u00eas pessoas em uma opera\u00e7\u00e3o...\" \/>\n<meta property=\"og:url\" content=\"https:\/\/uvbbrasil.com.br\/policia-rio-prende-mulher-de-acusado-de-matar-vereadora-marielle-franco\/\" \/>\n<meta property=\"og:site_name\" content=\"UVB Brasil\" \/>\n<meta property=\"article:publisher\" content=\"https:\/\/www.facebook.com\/uvb.vereadoresbrasil\" \/>\n<meta property=\"article:published_time\" content=\"2019-10-03T12:05:38+00:00\" \/>\n<meta property=\"og:image\" content=\"https:\/\/uvbbrasil.com.br\/wp-content\/uploads\/2019\/10\/ma.jpeg\" \/>\n\t<meta property=\"og:image:width\" content=\"1250\" \/>\n\t<meta property=\"og:image:height\" content=\"600\" \/>\n\t<meta property=\"og:image:type\" content=\"image\/jpeg\" \/>\n<meta name=\"author\" content=\"adminuvb\" \/>\n<meta name=\"twitter:card\" content=\"summary_large_image\" \/>\n<meta name=\"twitter:label1\" content=\"Escrito por\" \/>\n\t<meta name=\"twitter:data1\" content=\"adminuvb\" \/>\n\t<meta name=\"twitter:label2\" content=\"Est. tempo de leitura\" \/>\n\t<meta name=\"twitter:data2\" content=\"1 minuto\" \/>\n<script type=\"application\/ld+json\" class=\"yoast-schema-graph\">{\"@context\":\"https:\/\/schema.org\",\"@graph\":[{\"@type\":\"Article\",\"@id\":\"https:\/\/uvbbrasil.com.br\/policia-rio-prende-mulher-de-acusado-de-matar-vereadora-marielle-franco\/#article\",\"isPartOf\":{\"@id\":\"https:\/\/uvbbrasil.com.br\/policia-rio-prende-mulher-de-acusado-de-matar-vereadora-marielle-franco\/\"},\"author\":{\"name\":\"adminuvb\",\"@id\":\"https:\/\/uvbbrasil.com.br\/#\/schema\/person\/17990098446c098f52effddff4f1b272\"},\"headline\":\"Pol\u00edcia do Rio prende mulher de acusado de matar a vereadora Marielle Franco\",\"datePublished\":\"2019-10-03T12:05:38+00:00\",\"mainEntityOfPage\":{\"@id\":\"https:\/\/uvbbrasil.com.br\/policia-rio-prende-mulher-de-acusado-de-matar-vereadora-marielle-franco\/\"},\"wordCount\":312,\"commentCount\":0,\"publisher\":{\"@id\":\"https:\/\/uvbbrasil.com.br\/#organization\"},\"image\":{\"@id\":\"https:\/\/uvbbrasil.com.br\/policia-rio-prende-mulher-de-acusado-de-matar-vereadora-marielle-franco\/#primaryimage\"},\"thumbnailUrl\":\"https:\/\/uvbbrasil.com.br\/wp-content\/uploads\/2019\/10\/ma.jpeg\",\"articleSection\":[\"NOT\u00cdCIAS\"],\"inLanguage\":\"pt-BR\",\"potentialAction\":[{\"@type\":\"CommentAction\",\"name\":\"Comment\",\"target\":[\"https:\/\/uvbbrasil.com.br\/policia-rio-prende-mulher-de-acusado-de-matar-vereadora-marielle-franco\/#respond\"]}]},{\"@type\":\"WebPage\",\"@id\":\"https:\/\/uvbbrasil.com.br\/policia-rio-prende-mulher-de-acusado-de-matar-vereadora-marielle-franco\/\",\"url\":\"https:\/\/uvbbrasil.com.br\/policia-rio-prende-mulher-de-acusado-de-matar-vereadora-marielle-franco\/\",\"name\":\"Pol\u00edcia do Rio prende mulher de acusado de matar a vereadora Marielle Franco - UVB Brasil\",\"isPartOf\":{\"@id\":\"https:\/\/uvbbrasil.com.br\/#website\"},\"primaryImageOfPage\":{\"@id\":\"https:\/\/uvbbrasil.com.br\/policia-rio-prende-mulher-de-acusado-de-matar-vereadora-marielle-franco\/#primaryimage\"},\"image\":{\"@id\":\"https:\/\/uvbbrasil.com.br\/policia-rio-prende-mulher-de-acusado-de-matar-vereadora-marielle-franco\/#primaryimage\"},\"thumbnailUrl\":\"https:\/\/uvbbrasil.com.br\/wp-content\/uploads\/2019\/10\/ma.jpeg\",\"datePublished\":\"2019-10-03T12:05:38+00:00\",\"breadcrumb\":{\"@id\":\"https:\/\/uvbbrasil.com.br\/policia-rio-prende-mulher-de-acusado-de-matar-vereadora-marielle-franco\/#breadcrumb\"},\"inLanguage\":\"pt-BR\",\"potentialAction\":[{\"@type\":\"ReadAction\",\"target\":[\"https:\/\/uvbbrasil.com.br\/policia-rio-prende-mulher-de-acusado-de-matar-vereadora-marielle-franco\/\"]}]},{\"@type\":\"ImageObject\",\"inLanguage\":\"pt-BR\",\"@id\":\"https:\/\/uvbbrasil.com.br\/policia-rio-prende-mulher-de-acusado-de-matar-vereadora-marielle-franco\/#primaryimage\",\"url\":\"https:\/\/uvbbrasil.com.br\/wp-content\/uploads\/2019\/10\/ma.jpeg\",\"contentUrl\":\"https:\/\/uvbbrasil.com.br\/wp-content\/uploads\/2019\/10\/ma.jpeg\",\"width\":1250,\"height\":600},{\"@type\":\"BreadcrumbList\",\"@id\":\"https:\/\/uvbbrasil.com.br\/policia-rio-prende-mulher-de-acusado-de-matar-vereadora-marielle-franco\/#breadcrumb\",\"itemListElement\":[{\"@type\":\"ListItem\",\"position\":1,\"name\":\"In\u00edcio\",\"item\":\"https:\/\/uvbbrasil.com.br\/\"},{\"@type\":\"ListItem\",\"position\":2,\"name\":\"Pol\u00edcia do Rio prende mulher de acusado de matar a vereadora Marielle Franco\"}]},{\"@type\":\"WebSite\",\"@id\":\"https:\/\/uvbbrasil.com.br\/#website\",\"url\":\"https:\/\/uvbbrasil.com.br\/\",\"name\":\"UVB Brasil\",\"description\":\"Uni\u00e3o dos Vereadores do Brasil\",\"publisher\":{\"@id\":\"https:\/\/uvbbrasil.com.br\/#organization\"},\"potentialAction\":[{\"@type\":\"SearchAction\",\"target\":{\"@type\":\"EntryPoint\",\"urlTemplate\":\"https:\/\/uvbbrasil.com.br\/?s={search_term_string}\"},\"query-input\":{\"@type\":\"PropertyValueSpecification\",\"valueRequired\":true,\"valueName\":\"search_term_string\"}}],\"inLanguage\":\"pt-BR\"},{\"@type\":\"Organization\",\"@id\":\"https:\/\/uvbbrasil.com.br\/#organization\",\"name\":\"UVB Brasil\",\"url\":\"https:\/\/uvbbrasil.com.br\/\",\"logo\":{\"@type\":\"ImageObject\",\"inLanguage\":\"pt-BR\",\"@id\":\"https:\/\/uvbbrasil.com.br\/#\/schema\/logo\/image\/\",\"url\":\"https:\/\/uvbbrasil.com.br\/wp-content\/uploads\/2025\/01\/LOGO-UVB-2024-azul-1.jpg\",\"contentUrl\":\"https:\/\/uvbbrasil.com.br\/wp-content\/uploads\/2025\/01\/LOGO-UVB-2024-azul-1.jpg\",\"width\":600,\"height\":211,\"caption\":\"UVB Brasil\"},\"image\":{\"@id\":\"https:\/\/uvbbrasil.com.br\/#\/schema\/logo\/image\/\"},\"sameAs\":[\"https:\/\/www.facebook.com\/uvb.vereadoresbrasil\",\"https:\/\/www.instagram.com\/uvbbrasil\/\",\"https:\/\/www.youtube.com\/channel\/UCIlPQ8Xzw5GHNzosQIg9S5A\"]},{\"@type\":\"Person\",\"@id\":\"https:\/\/uvbbrasil.com.br\/#\/schema\/person\/17990098446c098f52effddff4f1b272\",\"name\":\"adminuvb\",\"image\":{\"@type\":\"ImageObject\",\"inLanguage\":\"pt-BR\",\"@id\":\"https:\/\/uvbbrasil.com.br\/#\/schema\/person\/image\/\",\"url\":\"https:\/\/secure.gravatar.com\/avatar\/1a494ea6f8e2dd1ae526e55b0e9497efdba542491e0620d704cccf63c6f77c45?s=96&d=mm&r=g\",\"contentUrl\":\"https:\/\/secure.gravatar.com\/avatar\/1a494ea6f8e2dd1ae526e55b0e9497efdba542491e0620d704cccf63c6f77c45?s=96&d=mm&r=g\",\"caption\":\"adminuvb\"},\"sameAs\":[\"https:\/\/uvbbrasil.com.br\"],\"url\":\"https:\/\/uvbbrasil.com.br\/author\/adminuvb\/\"}]}<\/script>\n<!-- \/ Yoast SEO plugin. -->","yoast_head_json":{"title":"Pol\u00edcia do Rio prende mulher de acusado de matar a vereadora Marielle Franco - UVB Brasil","robots":{"index":"index","follow":"follow","max-snippet":"max-snippet:-1","max-image-preview":"max-image-preview:large","max-video-preview":"max-video-preview:-1"},"canonical":"https:\/\/uvbbrasil.com.br\/policia-rio-prende-mulher-de-acusado-de-matar-vereadora-marielle-franco\/","og_locale":"pt_BR","og_type":"article","og_title":"Pol\u00edcia do Rio prende mulher de acusado de matar a vereadora Marielle Franco - UVB Brasil","og_description":"Rio de Janeiro\/RJ&#8211;\u00a0\u00a0A Pol\u00edcia Civil do Rio de Janeiro prendeu na manh\u00e3 desta quinta-feira (3) tr\u00eas pessoas em uma opera\u00e7\u00e3o...","og_url":"https:\/\/uvbbrasil.com.br\/policia-rio-prende-mulher-de-acusado-de-matar-vereadora-marielle-franco\/","og_site_name":"UVB Brasil","article_publisher":"https:\/\/www.facebook.com\/uvb.vereadoresbrasil","article_published_time":"2019-10-03T12:05:38+00:00","og_image":[{"width":1250,"height":600,"url":"https:\/\/uvbbrasil.com.br\/wp-content\/uploads\/2019\/10\/ma.jpeg","type":"image\/jpeg"}],"author":"adminuvb","twitter_card":"summary_large_image","twitter_misc":{"Escrito por":"adminuvb","Est. tempo de leitura":"1 minuto"},"schema":{"@context":"https:\/\/schema.org","@graph":[{"@type":"Article","@id":"https:\/\/uvbbrasil.com.br\/policia-rio-prende-mulher-de-acusado-de-matar-vereadora-marielle-franco\/#article","isPartOf":{"@id":"https:\/\/uvbbrasil.com.br\/policia-rio-prende-mulher-de-acusado-de-matar-vereadora-marielle-franco\/"},"author":{"name":"adminuvb","@id":"https:\/\/uvbbrasil.com.br\/#\/schema\/person\/17990098446c098f52effddff4f1b272"},"headline":"Pol\u00edcia do Rio prende mulher de acusado de matar a vereadora Marielle Franco","datePublished":"2019-10-03T12:05:38+00:00","mainEntityOfPage":{"@id":"https:\/\/uvbbrasil.com.br\/policia-rio-prende-mulher-de-acusado-de-matar-vereadora-marielle-franco\/"},"wordCount":312,"commentCount":0,"publisher":{"@id":"https:\/\/uvbbrasil.com.br\/#organization"},"image":{"@id":"https:\/\/uvbbrasil.com.br\/policia-rio-prende-mulher-de-acusado-de-matar-vereadora-marielle-franco\/#primaryimage"},"thumbnailUrl":"https:\/\/uvbbrasil.com.br\/wp-content\/uploads\/2019\/10\/ma.jpeg","articleSection":["NOT\u00cdCIAS"],"inLanguage":"pt-BR","potentialAction":[{"@type":"CommentAction","name":"Comment","target":["https:\/\/uvbbrasil.com.br\/policia-rio-prende-mulher-de-acusado-de-matar-vereadora-marielle-franco\/#respond"]}]},{"@type":"WebPage","@id":"https:\/\/uvbbrasil.com.br\/policia-rio-prende-mulher-de-acusado-de-matar-vereadora-marielle-franco\/","url":"https:\/\/uvbbrasil.com.br\/policia-rio-prende-mulher-de-acusado-de-matar-vereadora-marielle-franco\/","name":"Pol\u00edcia do Rio prende mulher de acusado de matar a vereadora Marielle Franco - UVB Brasil","isPartOf":{"@id":"https:\/\/uvbbrasil.com.br\/#website"},"primaryImageOfPage":{"@id":"https:\/\/uvbbrasil.com.br\/policia-rio-prende-mulher-de-acusado-de-matar-vereadora-marielle-franco\/#primaryimage"},"image":{"@id":"https:\/\/uvbbrasil.com.br\/policia-rio-prende-mulher-de-acusado-de-matar-vereadora-marielle-franco\/#primaryimage"},"thumbnailUrl":"https:\/\/uvbbrasil.com.br\/wp-content\/uploads\/2019\/10\/ma.jpeg","datePublished":"2019-10-03T12:05:38+00:00","breadcrumb":{"@id":"https:\/\/uvbbrasil.com.br\/policia-rio-prende-mulher-de-acusado-de-matar-vereadora-marielle-franco\/#breadcrumb"},"inLanguage":"pt-BR","potentialAction":[{"@type":"ReadAction","target":["https:\/\/uvbbrasil.com.br\/policia-rio-prende-mulher-de-acusado-de-matar-vereadora-marielle-franco\/"]}]},{"@type":"ImageObject","inLanguage":"pt-BR","@id":"https:\/\/uvbbrasil.com.br\/policia-rio-prende-mulher-de-acusado-de-matar-vereadora-marielle-franco\/#primaryimage","url":"https:\/\/uvbbrasil.com.br\/wp-content\/uploads\/2019\/10\/ma.jpeg","contentUrl":"https:\/\/uvbbrasil.com.br\/wp-content\/uploads\/2019\/10\/ma.jpeg","width":1250,"height":600},{"@type":"BreadcrumbList","@id":"https:\/\/uvbbrasil.com.br\/policia-rio-prende-mulher-de-acusado-de-matar-vereadora-marielle-franco\/#breadcrumb","itemListElement":[{"@type":"ListItem","position":1,"name":"In\u00edcio","item":"https:\/\/uvbbrasil.com.br\/"},{"@type":"ListItem","position":2,"name":"Pol\u00edcia do Rio prende mulher de acusado de matar a vereadora Marielle Franco"}]},{"@type":"WebSite","@id":"https:\/\/uvbbrasil.com.br\/#website","url":"https:\/\/uvbbrasil.com.br\/","name":"UVB Brasil","description":"Uni\u00e3o dos Vereadores do Brasil","publisher":{"@id":"https:\/\/uvbbrasil.com.br\/#organization"},"potentialAction":[{"@type":"SearchAction","target":{"@type":"EntryPoint","urlTemplate":"https:\/\/uvbbrasil.com.br\/?s={search_term_string}"},"query-input":{"@type":"PropertyValueSpecification","valueRequired":true,"valueName":"search_term_string"}}],"inLanguage":"pt-BR"},{"@type":"Organization","@id":"https:\/\/uvbbrasil.com.br\/#organization","name":"UVB Brasil","url":"https:\/\/uvbbrasil.com.br\/","logo":{"@type":"ImageObject","inLanguage":"pt-BR","@id":"https:\/\/uvbbrasil.com.br\/#\/schema\/logo\/image\/","url":"https:\/\/uvbbrasil.com.br\/wp-content\/uploads\/2025\/01\/LOGO-UVB-2024-azul-1.jpg","contentUrl":"https:\/\/uvbbrasil.com.br\/wp-content\/uploads\/2025\/01\/LOGO-UVB-2024-azul-1.jpg","width":600,"height":211,"caption":"UVB Brasil"},"image":{"@id":"https:\/\/uvbbrasil.com.br\/#\/schema\/logo\/image\/"},"sameAs":["https:\/\/www.facebook.com\/uvb.vereadoresbrasil","https:\/\/www.instagram.com\/uvbbrasil\/","https:\/\/www.youtube.com\/channel\/UCIlPQ8Xzw5GHNzosQIg9S5A"]},{"@type":"Person","@id":"https:\/\/uvbbrasil.com.br\/#\/schema\/person\/17990098446c098f52effddff4f1b272","name":"adminuvb","image":{"@type":"ImageObject","inLanguage":"pt-BR","@id":"https:\/\/uvbbrasil.com.br\/#\/schema\/person\/image\/","url":"https:\/\/secure.gravatar.com\/avatar\/1a494ea6f8e2dd1ae526e55b0e9497efdba542491e0620d704cccf63c6f77c45?s=96&d=mm&r=g","contentUrl":"https:\/\/secure.gravatar.com\/avatar\/1a494ea6f8e2dd1ae526e55b0e9497efdba542491e0620d704cccf63c6f77c45?s=96&d=mm&r=g","caption":"adminuvb"},"sameAs":["https:\/\/uvbbrasil.com.br"],"url":"https:\/\/uvbbrasil.com.br\/author\/adminuvb\/"}]}},"_links":{"self":[{"href":"https:\/\/uvbbrasil.com.br\/uvb-json\/wp\/v2\/posts\/16258","targetHints":{"allow":["GET"]}}],"collection":[{"href":"https:\/\/uvbbrasil.com.br\/uvb-json\/wp\/v2\/posts"}],"about":[{"href":"https:\/\/uvbbrasil.com.br\/uvb-json\/wp\/v2\/types\/post"}],"author":[{"embeddable":true,"href":"https:\/\/uvbbrasil.com.br\/uvb-json\/wp\/v2\/users\/1"}],"replies":[{"embeddable":true,"href":"https:\/\/uvbbrasil.com.br\/uvb-json\/wp\/v2\/comments?post=16258"}],"version-history":[{"count":0,"href":"https:\/\/uvbbrasil.com.br\/uvb-json\/wp\/v2\/posts\/16258\/revisions"}],"wp:featuredmedia":[{"embeddable":true,"href":"https:\/\/uvbbrasil.com.br\/uvb-json\/wp\/v2\/media\/16259"}],"wp:attachment":[{"href":"https:\/\/uvbbrasil.com.br\/uvb-json\/wp\/v2\/media?parent=16258"}],"wp:term":[{"taxonomy":"category","embeddable":true,"href":"https:\/\/uvbbrasil.com.br\/uvb-json\/wp\/v2\/categories?post=16258"},{"taxonomy":"post_tag","embeddable":true,"href":"https:\/\/uvbbrasil.com.br\/uvb-json\/wp\/v2\/tags?post=16258"}],"curies":[{"name":"wp","href":"https:\/\/api.w.org\/{rel}","templated":true}]}}