{"id":15965,"date":"2019-09-12T16:05:57","date_gmt":"2019-09-12T19:05:57","guid":{"rendered":"https:\/\/wpsandbox4.pante.com.br\/?p=15965"},"modified":"2019-09-12T16:05:57","modified_gmt":"2019-09-12T19:05:57","slug":"formacao-legislativa-e-cidadania-e-realidade-na-escola-legislativa-da-uvb","status":"publish","type":"post","link":"https:\/\/uvbbrasil.com.br\/formacao-legislativa-e-cidadania-e-realidade-na-escola-legislativa-da-uvb\/","title":{"rendered":"Forma\u00e7\u00e3o Legislativa \u00e9 realidade na Escola Legislativa da UVB"},"content":{"rendered":"<p>No Curso de Forma\u00e7\u00e3o e Cidadania que se encerrou nesta quinta-feira, 12, na sede da UVB, os vereadores buscaram melhorar suas t\u00e9cnicas legislativas e aperfei\u00e7oar seus mandatos. A ideia da Escola Legislativa com estes\u00a0cursos, \u00e9 trabalhar com pequenos grupos, limitado em vinte participantes, para discutir temas de relev\u00e2ncias do poder legislativo. Uma proposta nova, que, na avalia\u00e7\u00e3o do presidente da UVB, Gilson Conzatti, ser\u00e1 uma realidade em Bras\u00edlia. Implantar a Escola Legislativa da UVB, \u00e9 uma das prioridades que est\u00e1vamos programando para iniciar a algum tempo, mas por diversos fatores, somente agora se tornou de fato.<\/p>\n<p>A Escola Legislativa da UVB ter\u00e1 parceira para seu gerenciamento e buscar\u00e1 empresas, \u00f3rg\u00e3os e profissionais especialistas nas \u00e1reas dos temas propostos na sua grade de curso.<\/p>\n<p><a href=\"https:\/\/uvbbrasil.com.br\/?attachment_id=15961\" rel=\"attachment wp-att-15961\"><img fetchpriority=\"high\" decoding=\"async\" class=\"aligncenter wp-image-15961\" src=\"https:\/\/uvbbrasil.com.br\/wp-content\/uploads\/2019\/09\/12-09.jpeg\" alt=\"\" width=\"400\" height=\"308\" srcset=\"https:\/\/uvbbrasil.com.br\/wp-content\/uploads\/2019\/09\/12-09.jpeg 1280w, https:\/\/uvbbrasil.com.br\/wp-content\/uploads\/2019\/09\/12-09-300x231.jpeg 300w, https:\/\/uvbbrasil.com.br\/wp-content\/uploads\/2019\/09\/12-09-1024x788.jpeg 1024w, https:\/\/uvbbrasil.com.br\/wp-content\/uploads\/2019\/09\/12-09-768x591.jpeg 768w\" sizes=\"(max-width: 400px) 100vw, 400px\" \/><\/a><\/p>\n<p style=\"text-align: center;\">V<em>ereadores\u00a0de Alto Para\u00edso\/PR participaram da atividade na sede da UVB<\/em><\/p>\n","protected":false},"excerpt":{"rendered":"<p>No Curso de Forma\u00e7\u00e3o e Cidadania que se encerrou nesta quinta-feira, 12, na sede da UVB, os vereadores buscaram melhorar&#8230;<\/p>\n","protected":false},"author":1,"featured_media":15963,"comment_status":"open","ping_status":"open","sticky":false,"template":"","format":"standard","meta":{"footnotes":""},"categories":[3,4],"tags":[],"class_list":["post-15965","post","type-post","status-publish","format-standard","has-post-thumbnail","hentry","category-noticias","category-home"],"yoast_head":"<!-- This site is optimized with the Yoast SEO plugin v26.7 - https:\/\/yoast.com\/wordpress\/plugins\/seo\/ -->\n<title>Forma\u00e7\u00e3o Legislativa \u00e9 realidade na Escola Legislativa da UVB - UVB Brasil<\/title>\n<meta name=\"robots\" content=\"index, follow, max-snippet:-1, max-image-preview:large, max-video-preview:-1\" \/>\n<link rel=\"canonical\" href=\"https:\/\/uvbbrasil.com.br\/formacao-legislativa-e-cidadania-e-realidade-na-escola-legislativa-da-uvb\/\" \/>\n<meta property=\"og:locale\" content=\"pt_BR\" \/>\n<meta property=\"og:type\" content=\"article\" \/>\n<meta property=\"og:title\" content=\"Forma\u00e7\u00e3o Legislativa \u00e9 realidade na Escola Legislativa da UVB - UVB Brasil\" \/>\n<meta property=\"og:description\" content=\"No Curso de Forma\u00e7\u00e3o e Cidadania que se encerrou nesta quinta-feira, 12, na sede da UVB, os vereadores buscaram melhorar...\" \/>\n<meta property=\"og:url\" content=\"https:\/\/uvbbrasil.com.br\/formacao-legislativa-e-cidadania-e-realidade-na-escola-legislativa-da-uvb\/\" \/>\n<meta property=\"og:site_name\" content=\"UVB Brasil\" \/>\n<meta property=\"article:publisher\" content=\"https:\/\/www.facebook.com\/uvb.vereadoresbrasil\" \/>\n<meta property=\"article:published_time\" content=\"2019-09-12T19:05:57+00:00\" \/>\n<meta property=\"og:image\" content=\"https:\/\/uvbbrasil.com.br\/wp-content\/uploads\/2019\/09\/escola-legislativa.jpeg\" \/>\n\t<meta property=\"og:image:width\" content=\"1052\" \/>\n\t<meta property=\"og:image:height\" content=\"1280\" \/>\n\t<meta property=\"og:image:type\" content=\"image\/jpeg\" \/>\n<meta name=\"author\" content=\"adminuvb\" \/>\n<meta name=\"twitter:card\" content=\"summary_large_image\" \/>\n<meta name=\"twitter:label1\" content=\"Escrito por\" \/>\n\t<meta name=\"twitter:data1\" content=\"adminuvb\" \/>\n\t<meta name=\"twitter:label2\" content=\"Est. tempo de leitura\" \/>\n\t<meta name=\"twitter:data2\" content=\"1 minuto\" \/>\n<script type=\"application\/ld+json\" class=\"yoast-schema-graph\">{\"@context\":\"https:\/\/schema.org\",\"@graph\":[{\"@type\":\"Article\",\"@id\":\"https:\/\/uvbbrasil.com.br\/formacao-legislativa-e-cidadania-e-realidade-na-escola-legislativa-da-uvb\/#article\",\"isPartOf\":{\"@id\":\"https:\/\/uvbbrasil.com.br\/formacao-legislativa-e-cidadania-e-realidade-na-escola-legislativa-da-uvb\/\"},\"author\":{\"name\":\"adminuvb\",\"@id\":\"https:\/\/uvbbrasil.com.br\/#\/schema\/person\/17990098446c098f52effddff4f1b272\"},\"headline\":\"Forma\u00e7\u00e3o Legislativa \u00e9 realidade na Escola Legislativa da UVB\",\"datePublished\":\"2019-09-12T19:05:57+00:00\",\"mainEntityOfPage\":{\"@id\":\"https:\/\/uvbbrasil.com.br\/formacao-legislativa-e-cidadania-e-realidade-na-escola-legislativa-da-uvb\/\"},\"wordCount\":151,\"commentCount\":0,\"publisher\":{\"@id\":\"https:\/\/uvbbrasil.com.br\/#organization\"},\"image\":{\"@id\":\"https:\/\/uvbbrasil.com.br\/formacao-legislativa-e-cidadania-e-realidade-na-escola-legislativa-da-uvb\/#primaryimage\"},\"thumbnailUrl\":\"https:\/\/uvbbrasil.com.br\/wp-content\/uploads\/2019\/09\/escola-legislativa.jpeg\",\"articleSection\":[\"NOT\u00cdCIAS\",\"UVB\"],\"inLanguage\":\"pt-BR\",\"potentialAction\":[{\"@type\":\"CommentAction\",\"name\":\"Comment\",\"target\":[\"https:\/\/uvbbrasil.com.br\/formacao-legislativa-e-cidadania-e-realidade-na-escola-legislativa-da-uvb\/#respond\"]}]},{\"@type\":\"WebPage\",\"@id\":\"https:\/\/uvbbrasil.com.br\/formacao-legislativa-e-cidadania-e-realidade-na-escola-legislativa-da-uvb\/\",\"url\":\"https:\/\/uvbbrasil.com.br\/formacao-legislativa-e-cidadania-e-realidade-na-escola-legislativa-da-uvb\/\",\"name\":\"Forma\u00e7\u00e3o Legislativa \u00e9 realidade na Escola Legislativa da UVB - UVB Brasil\",\"isPartOf\":{\"@id\":\"https:\/\/uvbbrasil.com.br\/#website\"},\"primaryImageOfPage\":{\"@id\":\"https:\/\/uvbbrasil.com.br\/formacao-legislativa-e-cidadania-e-realidade-na-escola-legislativa-da-uvb\/#primaryimage\"},\"image\":{\"@id\":\"https:\/\/uvbbrasil.com.br\/formacao-legislativa-e-cidadania-e-realidade-na-escola-legislativa-da-uvb\/#primaryimage\"},\"thumbnailUrl\":\"https:\/\/uvbbrasil.com.br\/wp-content\/uploads\/2019\/09\/escola-legislativa.jpeg\",\"datePublished\":\"2019-09-12T19:05:57+00:00\",\"breadcrumb\":{\"@id\":\"https:\/\/uvbbrasil.com.br\/formacao-legislativa-e-cidadania-e-realidade-na-escola-legislativa-da-uvb\/#breadcrumb\"},\"inLanguage\":\"pt-BR\",\"potentialAction\":[{\"@type\":\"ReadAction\",\"target\":[\"https:\/\/uvbbrasil.com.br\/formacao-legislativa-e-cidadania-e-realidade-na-escola-legislativa-da-uvb\/\"]}]},{\"@type\":\"ImageObject\",\"inLanguage\":\"pt-BR\",\"@id\":\"https:\/\/uvbbrasil.com.br\/formacao-legislativa-e-cidadania-e-realidade-na-escola-legislativa-da-uvb\/#primaryimage\",\"url\":\"https:\/\/uvbbrasil.com.br\/wp-content\/uploads\/2019\/09\/escola-legislativa.jpeg\",\"contentUrl\":\"https:\/\/uvbbrasil.com.br\/wp-content\/uploads\/2019\/09\/escola-legislativa.jpeg\",\"width\":1052,\"height\":1280},{\"@type\":\"BreadcrumbList\",\"@id\":\"https:\/\/uvbbrasil.com.br\/formacao-legislativa-e-cidadania-e-realidade-na-escola-legislativa-da-uvb\/#breadcrumb\",\"itemListElement\":[{\"@type\":\"ListItem\",\"position\":1,\"name\":\"In\u00edcio\",\"item\":\"https:\/\/uvbbrasil.com.br\/\"},{\"@type\":\"ListItem\",\"position\":2,\"name\":\"Forma\u00e7\u00e3o Legislativa \u00e9 realidade na Escola Legislativa da UVB\"}]},{\"@type\":\"WebSite\",\"@id\":\"https:\/\/uvbbrasil.com.br\/#website\",\"url\":\"https:\/\/uvbbrasil.com.br\/\",\"name\":\"UVB Brasil\",\"description\":\"Uni\u00e3o dos Vereadores do Brasil\",\"publisher\":{\"@id\":\"https:\/\/uvbbrasil.com.br\/#organization\"},\"potentialAction\":[{\"@type\":\"SearchAction\",\"target\":{\"@type\":\"EntryPoint\",\"urlTemplate\":\"https:\/\/uvbbrasil.com.br\/?s={search_term_string}\"},\"query-input\":{\"@type\":\"PropertyValueSpecification\",\"valueRequired\":true,\"valueName\":\"search_term_string\"}}],\"inLanguage\":\"pt-BR\"},{\"@type\":\"Organization\",\"@id\":\"https:\/\/uvbbrasil.com.br\/#organization\",\"name\":\"UVB Brasil\",\"url\":\"https:\/\/uvbbrasil.com.br\/\",\"logo\":{\"@type\":\"ImageObject\",\"inLanguage\":\"pt-BR\",\"@id\":\"https:\/\/uvbbrasil.com.br\/#\/schema\/logo\/image\/\",\"url\":\"https:\/\/uvbbrasil.com.br\/wp-content\/uploads\/2025\/01\/LOGO-UVB-2024-azul-1.jpg\",\"contentUrl\":\"https:\/\/uvbbrasil.com.br\/wp-content\/uploads\/2025\/01\/LOGO-UVB-2024-azul-1.jpg\",\"width\":600,\"height\":211,\"caption\":\"UVB Brasil\"},\"image\":{\"@id\":\"https:\/\/uvbbrasil.com.br\/#\/schema\/logo\/image\/\"},\"sameAs\":[\"https:\/\/www.facebook.com\/uvb.vereadoresbrasil\",\"https:\/\/www.instagram.com\/uvbbrasil\/\",\"https:\/\/www.youtube.com\/channel\/UCIlPQ8Xzw5GHNzosQIg9S5A\"]},{\"@type\":\"Person\",\"@id\":\"https:\/\/uvbbrasil.com.br\/#\/schema\/person\/17990098446c098f52effddff4f1b272\",\"name\":\"adminuvb\",\"image\":{\"@type\":\"ImageObject\",\"inLanguage\":\"pt-BR\",\"@id\":\"https:\/\/uvbbrasil.com.br\/#\/schema\/person\/image\/\",\"url\":\"https:\/\/secure.gravatar.com\/avatar\/1a494ea6f8e2dd1ae526e55b0e9497efdba542491e0620d704cccf63c6f77c45?s=96&d=mm&r=g\",\"contentUrl\":\"https:\/\/secure.gravatar.com\/avatar\/1a494ea6f8e2dd1ae526e55b0e9497efdba542491e0620d704cccf63c6f77c45?s=96&d=mm&r=g\",\"caption\":\"adminuvb\"},\"sameAs\":[\"https:\/\/uvbbrasil.com.br\"],\"url\":\"https:\/\/uvbbrasil.com.br\/author\/adminuvb\/\"}]}<\/script>\n<!-- \/ Yoast SEO plugin. -->","yoast_head_json":{"title":"Forma\u00e7\u00e3o Legislativa \u00e9 realidade na Escola Legislativa da UVB - UVB Brasil","robots":{"index":"index","follow":"follow","max-snippet":"max-snippet:-1","max-image-preview":"max-image-preview:large","max-video-preview":"max-video-preview:-1"},"canonical":"https:\/\/uvbbrasil.com.br\/formacao-legislativa-e-cidadania-e-realidade-na-escola-legislativa-da-uvb\/","og_locale":"pt_BR","og_type":"article","og_title":"Forma\u00e7\u00e3o Legislativa \u00e9 realidade na Escola Legislativa da UVB - UVB Brasil","og_description":"No Curso de Forma\u00e7\u00e3o e Cidadania que se encerrou nesta quinta-feira, 12, na sede da UVB, os vereadores buscaram melhorar...","og_url":"https:\/\/uvbbrasil.com.br\/formacao-legislativa-e-cidadania-e-realidade-na-escola-legislativa-da-uvb\/","og_site_name":"UVB Brasil","article_publisher":"https:\/\/www.facebook.com\/uvb.vereadoresbrasil","article_published_time":"2019-09-12T19:05:57+00:00","og_image":[{"width":1052,"height":1280,"url":"https:\/\/uvbbrasil.com.br\/wp-content\/uploads\/2019\/09\/escola-legislativa.jpeg","type":"image\/jpeg"}],"author":"adminuvb","twitter_card":"summary_large_image","twitter_misc":{"Escrito por":"adminuvb","Est. tempo de leitura":"1 minuto"},"schema":{"@context":"https:\/\/schema.org","@graph":[{"@type":"Article","@id":"https:\/\/uvbbrasil.com.br\/formacao-legislativa-e-cidadania-e-realidade-na-escola-legislativa-da-uvb\/#article","isPartOf":{"@id":"https:\/\/uvbbrasil.com.br\/formacao-legislativa-e-cidadania-e-realidade-na-escola-legislativa-da-uvb\/"},"author":{"name":"adminuvb","@id":"https:\/\/uvbbrasil.com.br\/#\/schema\/person\/17990098446c098f52effddff4f1b272"},"headline":"Forma\u00e7\u00e3o Legislativa \u00e9 realidade na Escola Legislativa da UVB","datePublished":"2019-09-12T19:05:57+00:00","mainEntityOfPage":{"@id":"https:\/\/uvbbrasil.com.br\/formacao-legislativa-e-cidadania-e-realidade-na-escola-legislativa-da-uvb\/"},"wordCount":151,"commentCount":0,"publisher":{"@id":"https:\/\/uvbbrasil.com.br\/#organization"},"image":{"@id":"https:\/\/uvbbrasil.com.br\/formacao-legislativa-e-cidadania-e-realidade-na-escola-legislativa-da-uvb\/#primaryimage"},"thumbnailUrl":"https:\/\/uvbbrasil.com.br\/wp-content\/uploads\/2019\/09\/escola-legislativa.jpeg","articleSection":["NOT\u00cdCIAS","UVB"],"inLanguage":"pt-BR","potentialAction":[{"@type":"CommentAction","name":"Comment","target":["https:\/\/uvbbrasil.com.br\/formacao-legislativa-e-cidadania-e-realidade-na-escola-legislativa-da-uvb\/#respond"]}]},{"@type":"WebPage","@id":"https:\/\/uvbbrasil.com.br\/formacao-legislativa-e-cidadania-e-realidade-na-escola-legislativa-da-uvb\/","url":"https:\/\/uvbbrasil.com.br\/formacao-legislativa-e-cidadania-e-realidade-na-escola-legislativa-da-uvb\/","name":"Forma\u00e7\u00e3o Legislativa \u00e9 realidade na Escola Legislativa da UVB - UVB Brasil","isPartOf":{"@id":"https:\/\/uvbbrasil.com.br\/#website"},"primaryImageOfPage":{"@id":"https:\/\/uvbbrasil.com.br\/formacao-legislativa-e-cidadania-e-realidade-na-escola-legislativa-da-uvb\/#primaryimage"},"image":{"@id":"https:\/\/uvbbrasil.com.br\/formacao-legislativa-e-cidadania-e-realidade-na-escola-legislativa-da-uvb\/#primaryimage"},"thumbnailUrl":"https:\/\/uvbbrasil.com.br\/wp-content\/uploads\/2019\/09\/escola-legislativa.jpeg","datePublished":"2019-09-12T19:05:57+00:00","breadcrumb":{"@id":"https:\/\/uvbbrasil.com.br\/formacao-legislativa-e-cidadania-e-realidade-na-escola-legislativa-da-uvb\/#breadcrumb"},"inLanguage":"pt-BR","potentialAction":[{"@type":"ReadAction","target":["https:\/\/uvbbrasil.com.br\/formacao-legislativa-e-cidadania-e-realidade-na-escola-legislativa-da-uvb\/"]}]},{"@type":"ImageObject","inLanguage":"pt-BR","@id":"https:\/\/uvbbrasil.com.br\/formacao-legislativa-e-cidadania-e-realidade-na-escola-legislativa-da-uvb\/#primaryimage","url":"https:\/\/uvbbrasil.com.br\/wp-content\/uploads\/2019\/09\/escola-legislativa.jpeg","contentUrl":"https:\/\/uvbbrasil.com.br\/wp-content\/uploads\/2019\/09\/escola-legislativa.jpeg","width":1052,"height":1280},{"@type":"BreadcrumbList","@id":"https:\/\/uvbbrasil.com.br\/formacao-legislativa-e-cidadania-e-realidade-na-escola-legislativa-da-uvb\/#breadcrumb","itemListElement":[{"@type":"ListItem","position":1,"name":"In\u00edcio","item":"https:\/\/uvbbrasil.com.br\/"},{"@type":"ListItem","position":2,"name":"Forma\u00e7\u00e3o Legislativa \u00e9 realidade na Escola Legislativa da UVB"}]},{"@type":"WebSite","@id":"https:\/\/uvbbrasil.com.br\/#website","url":"https:\/\/uvbbrasil.com.br\/","name":"UVB Brasil","description":"Uni\u00e3o dos Vereadores do Brasil","publisher":{"@id":"https:\/\/uvbbrasil.com.br\/#organization"},"potentialAction":[{"@type":"SearchAction","target":{"@type":"EntryPoint","urlTemplate":"https:\/\/uvbbrasil.com.br\/?s={search_term_string}"},"query-input":{"@type":"PropertyValueSpecification","valueRequired":true,"valueName":"search_term_string"}}],"inLanguage":"pt-BR"},{"@type":"Organization","@id":"https:\/\/uvbbrasil.com.br\/#organization","name":"UVB Brasil","url":"https:\/\/uvbbrasil.com.br\/","logo":{"@type":"ImageObject","inLanguage":"pt-BR","@id":"https:\/\/uvbbrasil.com.br\/#\/schema\/logo\/image\/","url":"https:\/\/uvbbrasil.com.br\/wp-content\/uploads\/2025\/01\/LOGO-UVB-2024-azul-1.jpg","contentUrl":"https:\/\/uvbbrasil.com.br\/wp-content\/uploads\/2025\/01\/LOGO-UVB-2024-azul-1.jpg","width":600,"height":211,"caption":"UVB Brasil"},"image":{"@id":"https:\/\/uvbbrasil.com.br\/#\/schema\/logo\/image\/"},"sameAs":["https:\/\/www.facebook.com\/uvb.vereadoresbrasil","https:\/\/www.instagram.com\/uvbbrasil\/","https:\/\/www.youtube.com\/channel\/UCIlPQ8Xzw5GHNzosQIg9S5A"]},{"@type":"Person","@id":"https:\/\/uvbbrasil.com.br\/#\/schema\/person\/17990098446c098f52effddff4f1b272","name":"adminuvb","image":{"@type":"ImageObject","inLanguage":"pt-BR","@id":"https:\/\/uvbbrasil.com.br\/#\/schema\/person\/image\/","url":"https:\/\/secure.gravatar.com\/avatar\/1a494ea6f8e2dd1ae526e55b0e9497efdba542491e0620d704cccf63c6f77c45?s=96&d=mm&r=g","contentUrl":"https:\/\/secure.gravatar.com\/avatar\/1a494ea6f8e2dd1ae526e55b0e9497efdba542491e0620d704cccf63c6f77c45?s=96&d=mm&r=g","caption":"adminuvb"},"sameAs":["https:\/\/uvbbrasil.com.br"],"url":"https:\/\/uvbbrasil.com.br\/author\/adminuvb\/"}]}},"_links":{"self":[{"href":"https:\/\/uvbbrasil.com.br\/uvb-json\/wp\/v2\/posts\/15965","targetHints":{"allow":["GET"]}}],"collection":[{"href":"https:\/\/uvbbrasil.com.br\/uvb-json\/wp\/v2\/posts"}],"about":[{"href":"https:\/\/uvbbrasil.com.br\/uvb-json\/wp\/v2\/types\/post"}],"author":[{"embeddable":true,"href":"https:\/\/uvbbrasil.com.br\/uvb-json\/wp\/v2\/users\/1"}],"replies":[{"embeddable":true,"href":"https:\/\/uvbbrasil.com.br\/uvb-json\/wp\/v2\/comments?post=15965"}],"version-history":[{"count":0,"href":"https:\/\/uvbbrasil.com.br\/uvb-json\/wp\/v2\/posts\/15965\/revisions"}],"wp:featuredmedia":[{"embeddable":true,"href":"https:\/\/uvbbrasil.com.br\/uvb-json\/wp\/v2\/media\/15963"}],"wp:attachment":[{"href":"https:\/\/uvbbrasil.com.br\/uvb-json\/wp\/v2\/media?parent=15965"}],"wp:term":[{"taxonomy":"category","embeddable":true,"href":"https:\/\/uvbbrasil.com.br\/uvb-json\/wp\/v2\/categories?post=15965"},{"taxonomy":"post_tag","embeddable":true,"href":"https:\/\/uvbbrasil.com.br\/uvb-json\/wp\/v2\/tags?post=15965"}],"curies":[{"name":"wp","href":"https:\/\/api.w.org\/{rel}","templated":true}]}}