{"id":15947,"date":"2019-09-12T09:10:46","date_gmt":"2019-09-12T12:10:46","guid":{"rendered":"https:\/\/wpsandbox4.pante.com.br\/?p=15947"},"modified":"2019-09-12T09:10:46","modified_gmt":"2019-09-12T12:10:46","slug":"vereadora-quer-impedir-que-agressores-de-mulheres-possam-ser-nomeados-em-cargos-comissionados-em-paraiso-tocantins","status":"publish","type":"post","link":"https:\/\/uvbbrasil.com.br\/vereadora-quer-impedir-que-agressores-de-mulheres-possam-ser-nomeados-em-cargos-comissionados-em-paraiso-tocantins\/","title":{"rendered":"Vereadora quer impedir que agressores de mulheres possam ser nomeados em cargos comissionados em Para\u00edso do Tocantins-TO"},"content":{"rendered":"<p>Vereadora quer impedir que agressores de mulheres possam ser nomeados em cargos comissionados em Para\u00edso do Tocantins-TO<\/p>\n<p>Depois de apresentar projeto para proibir homenagens a pessoas condenadas pela Lei da Ficha Limpa, a vereadora de Para\u00edso Vanessa Alencar (DEM) quer agora impedir a nomea\u00e7\u00e3o para cargos em comiss\u00e3o, de confian\u00e7a ou fun\u00e7\u00f5es gratificadas de condenados pela Lei Maria da Penha.<\/p>\n<p>1 milh\u00e3o de casos<br \/>\nVanessa lembrou que os \u00faltimos anos \u201ct\u00eam sido marcados pelo assustador aumento no n\u00famero de casos de feminic\u00eddio, de viol\u00eancia contra mulher e de viol\u00eancia dom\u00e9stica\u201d. Em rela\u00e7\u00e3o aos casos de feminic\u00eddio, em 2018, o aumento dos crimes foi de 34% em rela\u00e7\u00e3o a 2016 e, os processos pendentes relativos \u00e0 viol\u00eancia contra a mulher, de 2016 a 2018, acumulam uma alta de 13%, \u201csuperando a marca de um milh\u00e3o de casos\u201d.<\/p>\n<p>Moralidade administrativa<br \/>\nAssim, a parlamentar avaliou que sua proposta visa dar \u201cmais moralidade administrativa com esta restri\u00e7\u00e3o no ordenamento jur\u00eddico municipal\u201d.<\/p>\n<p>Rio j\u00e1 tem<br \/>\nEla lembrou ainda que a Assembleia do Rio de Janeiro aprovou lei semelhante, que j\u00e1 foi sancionada pelo governador Wilson Witzel.<a href=\"https:\/\/uvbbrasil.com.br\/?attachment_id=15948\" rel=\"attachment wp-att-15948\"><img fetchpriority=\"high\" decoding=\"async\" class=\"aligncenter size-full wp-image-15948\" src=\"https:\/\/uvbbrasil.com.br\/wp-content\/uploads\/2019\/09\/vanessa-alencar-comissionados.jpeg\" alt=\"\" width=\"1280\" height=\"853\" srcset=\"https:\/\/uvbbrasil.com.br\/wp-content\/uploads\/2019\/09\/vanessa-alencar-comissionados.jpeg 1280w, https:\/\/uvbbrasil.com.br\/wp-content\/uploads\/2019\/09\/vanessa-alencar-comissionados-300x200.jpeg 300w, https:\/\/uvbbrasil.com.br\/wp-content\/uploads\/2019\/09\/vanessa-alencar-comissionados-1024x682.jpeg 1024w, https:\/\/uvbbrasil.com.br\/wp-content\/uploads\/2019\/09\/vanessa-alencar-comissionados-768x512.jpeg 768w\" sizes=\"(max-width: 1280px) 100vw, 1280px\" \/><\/a><\/p>\n<p style=\"text-align: center;\"><em>Vanessa Alencar ,Vereadora de Para\u00edso do Tocantins-TO\u00a0\u00a0<\/em><\/p>\n<p style=\"text-align: center;\">\n<p style=\"text-align: left;\">fonte:www.clebertoledo.com.br<\/p>\n","protected":false},"excerpt":{"rendered":"<p>Vereadora quer impedir que agressores de mulheres possam ser nomeados em cargos comissionados em Para\u00edso do Tocantins-TO Depois de apresentar&#8230;<\/p>\n","protected":false},"author":1,"featured_media":15948,"comment_status":"open","ping_status":"open","sticky":false,"template":"","format":"standard","meta":{"footnotes":""},"categories":[3],"tags":[],"class_list":["post-15947","post","type-post","status-publish","format-standard","has-post-thumbnail","hentry","category-noticias"],"yoast_head":"<!-- This site is optimized with the Yoast SEO plugin v26.7 - https:\/\/yoast.com\/wordpress\/plugins\/seo\/ -->\n<title>Vereadora quer impedir que agressores de mulheres possam ser nomeados em cargos comissionados em Para\u00edso do Tocantins-TO - UVB Brasil<\/title>\n<meta name=\"robots\" content=\"index, follow, max-snippet:-1, max-image-preview:large, max-video-preview:-1\" \/>\n<link rel=\"canonical\" href=\"https:\/\/uvbbrasil.com.br\/vereadora-quer-impedir-que-agressores-de-mulheres-possam-ser-nomeados-em-cargos-comissionados-em-paraiso-tocantins\/\" \/>\n<meta property=\"og:locale\" content=\"pt_BR\" \/>\n<meta property=\"og:type\" content=\"article\" \/>\n<meta property=\"og:title\" content=\"Vereadora quer impedir que agressores de mulheres possam ser nomeados em cargos comissionados em Para\u00edso do Tocantins-TO - UVB Brasil\" \/>\n<meta property=\"og:description\" content=\"Vereadora quer impedir que agressores de mulheres possam ser nomeados em cargos comissionados em Para\u00edso do Tocantins-TO Depois de apresentar...\" \/>\n<meta property=\"og:url\" content=\"https:\/\/uvbbrasil.com.br\/vereadora-quer-impedir-que-agressores-de-mulheres-possam-ser-nomeados-em-cargos-comissionados-em-paraiso-tocantins\/\" \/>\n<meta property=\"og:site_name\" content=\"UVB Brasil\" \/>\n<meta property=\"article:publisher\" content=\"https:\/\/www.facebook.com\/uvb.vereadoresbrasil\" \/>\n<meta property=\"article:published_time\" content=\"2019-09-12T12:10:46+00:00\" \/>\n<meta property=\"og:image\" content=\"https:\/\/uvbbrasil.com.br\/wp-content\/uploads\/2019\/09\/vanessa-alencar-comissionados.jpeg\" \/>\n\t<meta property=\"og:image:width\" content=\"1280\" \/>\n\t<meta property=\"og:image:height\" content=\"853\" \/>\n\t<meta property=\"og:image:type\" content=\"image\/jpeg\" \/>\n<meta name=\"author\" content=\"adminuvb\" \/>\n<meta name=\"twitter:card\" content=\"summary_large_image\" \/>\n<meta name=\"twitter:label1\" content=\"Escrito por\" \/>\n\t<meta name=\"twitter:data1\" content=\"adminuvb\" \/>\n\t<meta name=\"twitter:label2\" content=\"Est. tempo de leitura\" \/>\n\t<meta name=\"twitter:data2\" content=\"1 minuto\" \/>\n<script type=\"application\/ld+json\" class=\"yoast-schema-graph\">{\"@context\":\"https:\/\/schema.org\",\"@graph\":[{\"@type\":\"Article\",\"@id\":\"https:\/\/uvbbrasil.com.br\/vereadora-quer-impedir-que-agressores-de-mulheres-possam-ser-nomeados-em-cargos-comissionados-em-paraiso-tocantins\/#article\",\"isPartOf\":{\"@id\":\"https:\/\/uvbbrasil.com.br\/vereadora-quer-impedir-que-agressores-de-mulheres-possam-ser-nomeados-em-cargos-comissionados-em-paraiso-tocantins\/\"},\"author\":{\"name\":\"adminuvb\",\"@id\":\"https:\/\/uvbbrasil.com.br\/#\/schema\/person\/17990098446c098f52effddff4f1b272\"},\"headline\":\"Vereadora quer impedir que agressores de mulheres possam ser nomeados em cargos comissionados em Para\u00edso do Tocantins-TO\",\"datePublished\":\"2019-09-12T12:10:46+00:00\",\"mainEntityOfPage\":{\"@id\":\"https:\/\/uvbbrasil.com.br\/vereadora-quer-impedir-que-agressores-de-mulheres-possam-ser-nomeados-em-cargos-comissionados-em-paraiso-tocantins\/\"},\"wordCount\":224,\"commentCount\":0,\"publisher\":{\"@id\":\"https:\/\/uvbbrasil.com.br\/#organization\"},\"image\":{\"@id\":\"https:\/\/uvbbrasil.com.br\/vereadora-quer-impedir-que-agressores-de-mulheres-possam-ser-nomeados-em-cargos-comissionados-em-paraiso-tocantins\/#primaryimage\"},\"thumbnailUrl\":\"https:\/\/uvbbrasil.com.br\/wp-content\/uploads\/2019\/09\/vanessa-alencar-comissionados.jpeg\",\"articleSection\":[\"NOT\u00cdCIAS\"],\"inLanguage\":\"pt-BR\",\"potentialAction\":[{\"@type\":\"CommentAction\",\"name\":\"Comment\",\"target\":[\"https:\/\/uvbbrasil.com.br\/vereadora-quer-impedir-que-agressores-de-mulheres-possam-ser-nomeados-em-cargos-comissionados-em-paraiso-tocantins\/#respond\"]}]},{\"@type\":\"WebPage\",\"@id\":\"https:\/\/uvbbrasil.com.br\/vereadora-quer-impedir-que-agressores-de-mulheres-possam-ser-nomeados-em-cargos-comissionados-em-paraiso-tocantins\/\",\"url\":\"https:\/\/uvbbrasil.com.br\/vereadora-quer-impedir-que-agressores-de-mulheres-possam-ser-nomeados-em-cargos-comissionados-em-paraiso-tocantins\/\",\"name\":\"Vereadora quer impedir que agressores de mulheres possam ser nomeados em cargos comissionados em Para\u00edso do Tocantins-TO - UVB Brasil\",\"isPartOf\":{\"@id\":\"https:\/\/uvbbrasil.com.br\/#website\"},\"primaryImageOfPage\":{\"@id\":\"https:\/\/uvbbrasil.com.br\/vereadora-quer-impedir-que-agressores-de-mulheres-possam-ser-nomeados-em-cargos-comissionados-em-paraiso-tocantins\/#primaryimage\"},\"image\":{\"@id\":\"https:\/\/uvbbrasil.com.br\/vereadora-quer-impedir-que-agressores-de-mulheres-possam-ser-nomeados-em-cargos-comissionados-em-paraiso-tocantins\/#primaryimage\"},\"thumbnailUrl\":\"https:\/\/uvbbrasil.com.br\/wp-content\/uploads\/2019\/09\/vanessa-alencar-comissionados.jpeg\",\"datePublished\":\"2019-09-12T12:10:46+00:00\",\"breadcrumb\":{\"@id\":\"https:\/\/uvbbrasil.com.br\/vereadora-quer-impedir-que-agressores-de-mulheres-possam-ser-nomeados-em-cargos-comissionados-em-paraiso-tocantins\/#breadcrumb\"},\"inLanguage\":\"pt-BR\",\"potentialAction\":[{\"@type\":\"ReadAction\",\"target\":[\"https:\/\/uvbbrasil.com.br\/vereadora-quer-impedir-que-agressores-de-mulheres-possam-ser-nomeados-em-cargos-comissionados-em-paraiso-tocantins\/\"]}]},{\"@type\":\"ImageObject\",\"inLanguage\":\"pt-BR\",\"@id\":\"https:\/\/uvbbrasil.com.br\/vereadora-quer-impedir-que-agressores-de-mulheres-possam-ser-nomeados-em-cargos-comissionados-em-paraiso-tocantins\/#primaryimage\",\"url\":\"https:\/\/uvbbrasil.com.br\/wp-content\/uploads\/2019\/09\/vanessa-alencar-comissionados.jpeg\",\"contentUrl\":\"https:\/\/uvbbrasil.com.br\/wp-content\/uploads\/2019\/09\/vanessa-alencar-comissionados.jpeg\",\"width\":1280,\"height\":853},{\"@type\":\"BreadcrumbList\",\"@id\":\"https:\/\/uvbbrasil.com.br\/vereadora-quer-impedir-que-agressores-de-mulheres-possam-ser-nomeados-em-cargos-comissionados-em-paraiso-tocantins\/#breadcrumb\",\"itemListElement\":[{\"@type\":\"ListItem\",\"position\":1,\"name\":\"In\u00edcio\",\"item\":\"https:\/\/uvbbrasil.com.br\/\"},{\"@type\":\"ListItem\",\"position\":2,\"name\":\"Vereadora quer impedir que agressores de mulheres possam ser nomeados em cargos comissionados em Para\u00edso do Tocantins-TO\"}]},{\"@type\":\"WebSite\",\"@id\":\"https:\/\/uvbbrasil.com.br\/#website\",\"url\":\"https:\/\/uvbbrasil.com.br\/\",\"name\":\"UVB Brasil\",\"description\":\"Uni\u00e3o dos Vereadores do Brasil\",\"publisher\":{\"@id\":\"https:\/\/uvbbrasil.com.br\/#organization\"},\"potentialAction\":[{\"@type\":\"SearchAction\",\"target\":{\"@type\":\"EntryPoint\",\"urlTemplate\":\"https:\/\/uvbbrasil.com.br\/?s={search_term_string}\"},\"query-input\":{\"@type\":\"PropertyValueSpecification\",\"valueRequired\":true,\"valueName\":\"search_term_string\"}}],\"inLanguage\":\"pt-BR\"},{\"@type\":\"Organization\",\"@id\":\"https:\/\/uvbbrasil.com.br\/#organization\",\"name\":\"UVB Brasil\",\"url\":\"https:\/\/uvbbrasil.com.br\/\",\"logo\":{\"@type\":\"ImageObject\",\"inLanguage\":\"pt-BR\",\"@id\":\"https:\/\/uvbbrasil.com.br\/#\/schema\/logo\/image\/\",\"url\":\"https:\/\/uvbbrasil.com.br\/wp-content\/uploads\/2025\/01\/LOGO-UVB-2024-azul-1.jpg\",\"contentUrl\":\"https:\/\/uvbbrasil.com.br\/wp-content\/uploads\/2025\/01\/LOGO-UVB-2024-azul-1.jpg\",\"width\":600,\"height\":211,\"caption\":\"UVB Brasil\"},\"image\":{\"@id\":\"https:\/\/uvbbrasil.com.br\/#\/schema\/logo\/image\/\"},\"sameAs\":[\"https:\/\/www.facebook.com\/uvb.vereadoresbrasil\",\"https:\/\/www.instagram.com\/uvbbrasil\/\",\"https:\/\/www.youtube.com\/channel\/UCIlPQ8Xzw5GHNzosQIg9S5A\"]},{\"@type\":\"Person\",\"@id\":\"https:\/\/uvbbrasil.com.br\/#\/schema\/person\/17990098446c098f52effddff4f1b272\",\"name\":\"adminuvb\",\"image\":{\"@type\":\"ImageObject\",\"inLanguage\":\"pt-BR\",\"@id\":\"https:\/\/uvbbrasil.com.br\/#\/schema\/person\/image\/\",\"url\":\"https:\/\/secure.gravatar.com\/avatar\/1a494ea6f8e2dd1ae526e55b0e9497efdba542491e0620d704cccf63c6f77c45?s=96&d=mm&r=g\",\"contentUrl\":\"https:\/\/secure.gravatar.com\/avatar\/1a494ea6f8e2dd1ae526e55b0e9497efdba542491e0620d704cccf63c6f77c45?s=96&d=mm&r=g\",\"caption\":\"adminuvb\"},\"sameAs\":[\"https:\/\/uvbbrasil.com.br\"],\"url\":\"https:\/\/uvbbrasil.com.br\/author\/adminuvb\/\"}]}<\/script>\n<!-- \/ Yoast SEO plugin. -->","yoast_head_json":{"title":"Vereadora quer impedir que agressores de mulheres possam ser nomeados em cargos comissionados em Para\u00edso do Tocantins-TO - UVB Brasil","robots":{"index":"index","follow":"follow","max-snippet":"max-snippet:-1","max-image-preview":"max-image-preview:large","max-video-preview":"max-video-preview:-1"},"canonical":"https:\/\/uvbbrasil.com.br\/vereadora-quer-impedir-que-agressores-de-mulheres-possam-ser-nomeados-em-cargos-comissionados-em-paraiso-tocantins\/","og_locale":"pt_BR","og_type":"article","og_title":"Vereadora quer impedir que agressores de mulheres possam ser nomeados em cargos comissionados em Para\u00edso do Tocantins-TO - UVB Brasil","og_description":"Vereadora quer impedir que agressores de mulheres possam ser nomeados em cargos comissionados em Para\u00edso do Tocantins-TO Depois de apresentar...","og_url":"https:\/\/uvbbrasil.com.br\/vereadora-quer-impedir-que-agressores-de-mulheres-possam-ser-nomeados-em-cargos-comissionados-em-paraiso-tocantins\/","og_site_name":"UVB Brasil","article_publisher":"https:\/\/www.facebook.com\/uvb.vereadoresbrasil","article_published_time":"2019-09-12T12:10:46+00:00","og_image":[{"width":1280,"height":853,"url":"https:\/\/uvbbrasil.com.br\/wp-content\/uploads\/2019\/09\/vanessa-alencar-comissionados.jpeg","type":"image\/jpeg"}],"author":"adminuvb","twitter_card":"summary_large_image","twitter_misc":{"Escrito por":"adminuvb","Est. tempo de leitura":"1 minuto"},"schema":{"@context":"https:\/\/schema.org","@graph":[{"@type":"Article","@id":"https:\/\/uvbbrasil.com.br\/vereadora-quer-impedir-que-agressores-de-mulheres-possam-ser-nomeados-em-cargos-comissionados-em-paraiso-tocantins\/#article","isPartOf":{"@id":"https:\/\/uvbbrasil.com.br\/vereadora-quer-impedir-que-agressores-de-mulheres-possam-ser-nomeados-em-cargos-comissionados-em-paraiso-tocantins\/"},"author":{"name":"adminuvb","@id":"https:\/\/uvbbrasil.com.br\/#\/schema\/person\/17990098446c098f52effddff4f1b272"},"headline":"Vereadora quer impedir que agressores de mulheres possam ser nomeados em cargos comissionados em Para\u00edso do Tocantins-TO","datePublished":"2019-09-12T12:10:46+00:00","mainEntityOfPage":{"@id":"https:\/\/uvbbrasil.com.br\/vereadora-quer-impedir-que-agressores-de-mulheres-possam-ser-nomeados-em-cargos-comissionados-em-paraiso-tocantins\/"},"wordCount":224,"commentCount":0,"publisher":{"@id":"https:\/\/uvbbrasil.com.br\/#organization"},"image":{"@id":"https:\/\/uvbbrasil.com.br\/vereadora-quer-impedir-que-agressores-de-mulheres-possam-ser-nomeados-em-cargos-comissionados-em-paraiso-tocantins\/#primaryimage"},"thumbnailUrl":"https:\/\/uvbbrasil.com.br\/wp-content\/uploads\/2019\/09\/vanessa-alencar-comissionados.jpeg","articleSection":["NOT\u00cdCIAS"],"inLanguage":"pt-BR","potentialAction":[{"@type":"CommentAction","name":"Comment","target":["https:\/\/uvbbrasil.com.br\/vereadora-quer-impedir-que-agressores-de-mulheres-possam-ser-nomeados-em-cargos-comissionados-em-paraiso-tocantins\/#respond"]}]},{"@type":"WebPage","@id":"https:\/\/uvbbrasil.com.br\/vereadora-quer-impedir-que-agressores-de-mulheres-possam-ser-nomeados-em-cargos-comissionados-em-paraiso-tocantins\/","url":"https:\/\/uvbbrasil.com.br\/vereadora-quer-impedir-que-agressores-de-mulheres-possam-ser-nomeados-em-cargos-comissionados-em-paraiso-tocantins\/","name":"Vereadora quer impedir que agressores de mulheres possam ser nomeados em cargos comissionados em Para\u00edso do Tocantins-TO - UVB Brasil","isPartOf":{"@id":"https:\/\/uvbbrasil.com.br\/#website"},"primaryImageOfPage":{"@id":"https:\/\/uvbbrasil.com.br\/vereadora-quer-impedir-que-agressores-de-mulheres-possam-ser-nomeados-em-cargos-comissionados-em-paraiso-tocantins\/#primaryimage"},"image":{"@id":"https:\/\/uvbbrasil.com.br\/vereadora-quer-impedir-que-agressores-de-mulheres-possam-ser-nomeados-em-cargos-comissionados-em-paraiso-tocantins\/#primaryimage"},"thumbnailUrl":"https:\/\/uvbbrasil.com.br\/wp-content\/uploads\/2019\/09\/vanessa-alencar-comissionados.jpeg","datePublished":"2019-09-12T12:10:46+00:00","breadcrumb":{"@id":"https:\/\/uvbbrasil.com.br\/vereadora-quer-impedir-que-agressores-de-mulheres-possam-ser-nomeados-em-cargos-comissionados-em-paraiso-tocantins\/#breadcrumb"},"inLanguage":"pt-BR","potentialAction":[{"@type":"ReadAction","target":["https:\/\/uvbbrasil.com.br\/vereadora-quer-impedir-que-agressores-de-mulheres-possam-ser-nomeados-em-cargos-comissionados-em-paraiso-tocantins\/"]}]},{"@type":"ImageObject","inLanguage":"pt-BR","@id":"https:\/\/uvbbrasil.com.br\/vereadora-quer-impedir-que-agressores-de-mulheres-possam-ser-nomeados-em-cargos-comissionados-em-paraiso-tocantins\/#primaryimage","url":"https:\/\/uvbbrasil.com.br\/wp-content\/uploads\/2019\/09\/vanessa-alencar-comissionados.jpeg","contentUrl":"https:\/\/uvbbrasil.com.br\/wp-content\/uploads\/2019\/09\/vanessa-alencar-comissionados.jpeg","width":1280,"height":853},{"@type":"BreadcrumbList","@id":"https:\/\/uvbbrasil.com.br\/vereadora-quer-impedir-que-agressores-de-mulheres-possam-ser-nomeados-em-cargos-comissionados-em-paraiso-tocantins\/#breadcrumb","itemListElement":[{"@type":"ListItem","position":1,"name":"In\u00edcio","item":"https:\/\/uvbbrasil.com.br\/"},{"@type":"ListItem","position":2,"name":"Vereadora quer impedir que agressores de mulheres possam ser nomeados em cargos comissionados em Para\u00edso do Tocantins-TO"}]},{"@type":"WebSite","@id":"https:\/\/uvbbrasil.com.br\/#website","url":"https:\/\/uvbbrasil.com.br\/","name":"UVB Brasil","description":"Uni\u00e3o dos Vereadores do Brasil","publisher":{"@id":"https:\/\/uvbbrasil.com.br\/#organization"},"potentialAction":[{"@type":"SearchAction","target":{"@type":"EntryPoint","urlTemplate":"https:\/\/uvbbrasil.com.br\/?s={search_term_string}"},"query-input":{"@type":"PropertyValueSpecification","valueRequired":true,"valueName":"search_term_string"}}],"inLanguage":"pt-BR"},{"@type":"Organization","@id":"https:\/\/uvbbrasil.com.br\/#organization","name":"UVB Brasil","url":"https:\/\/uvbbrasil.com.br\/","logo":{"@type":"ImageObject","inLanguage":"pt-BR","@id":"https:\/\/uvbbrasil.com.br\/#\/schema\/logo\/image\/","url":"https:\/\/uvbbrasil.com.br\/wp-content\/uploads\/2025\/01\/LOGO-UVB-2024-azul-1.jpg","contentUrl":"https:\/\/uvbbrasil.com.br\/wp-content\/uploads\/2025\/01\/LOGO-UVB-2024-azul-1.jpg","width":600,"height":211,"caption":"UVB Brasil"},"image":{"@id":"https:\/\/uvbbrasil.com.br\/#\/schema\/logo\/image\/"},"sameAs":["https:\/\/www.facebook.com\/uvb.vereadoresbrasil","https:\/\/www.instagram.com\/uvbbrasil\/","https:\/\/www.youtube.com\/channel\/UCIlPQ8Xzw5GHNzosQIg9S5A"]},{"@type":"Person","@id":"https:\/\/uvbbrasil.com.br\/#\/schema\/person\/17990098446c098f52effddff4f1b272","name":"adminuvb","image":{"@type":"ImageObject","inLanguage":"pt-BR","@id":"https:\/\/uvbbrasil.com.br\/#\/schema\/person\/image\/","url":"https:\/\/secure.gravatar.com\/avatar\/1a494ea6f8e2dd1ae526e55b0e9497efdba542491e0620d704cccf63c6f77c45?s=96&d=mm&r=g","contentUrl":"https:\/\/secure.gravatar.com\/avatar\/1a494ea6f8e2dd1ae526e55b0e9497efdba542491e0620d704cccf63c6f77c45?s=96&d=mm&r=g","caption":"adminuvb"},"sameAs":["https:\/\/uvbbrasil.com.br"],"url":"https:\/\/uvbbrasil.com.br\/author\/adminuvb\/"}]}},"_links":{"self":[{"href":"https:\/\/uvbbrasil.com.br\/uvb-json\/wp\/v2\/posts\/15947","targetHints":{"allow":["GET"]}}],"collection":[{"href":"https:\/\/uvbbrasil.com.br\/uvb-json\/wp\/v2\/posts"}],"about":[{"href":"https:\/\/uvbbrasil.com.br\/uvb-json\/wp\/v2\/types\/post"}],"author":[{"embeddable":true,"href":"https:\/\/uvbbrasil.com.br\/uvb-json\/wp\/v2\/users\/1"}],"replies":[{"embeddable":true,"href":"https:\/\/uvbbrasil.com.br\/uvb-json\/wp\/v2\/comments?post=15947"}],"version-history":[{"count":0,"href":"https:\/\/uvbbrasil.com.br\/uvb-json\/wp\/v2\/posts\/15947\/revisions"}],"wp:featuredmedia":[{"embeddable":true,"href":"https:\/\/uvbbrasil.com.br\/uvb-json\/wp\/v2\/media\/15948"}],"wp:attachment":[{"href":"https:\/\/uvbbrasil.com.br\/uvb-json\/wp\/v2\/media?parent=15947"}],"wp:term":[{"taxonomy":"category","embeddable":true,"href":"https:\/\/uvbbrasil.com.br\/uvb-json\/wp\/v2\/categories?post=15947"},{"taxonomy":"post_tag","embeddable":true,"href":"https:\/\/uvbbrasil.com.br\/uvb-json\/wp\/v2\/tags?post=15947"}],"curies":[{"name":"wp","href":"https:\/\/api.w.org\/{rel}","templated":true}]}}