{"id":15944,"date":"2019-09-12T08:42:12","date_gmt":"2019-09-12T11:42:12","guid":{"rendered":"https:\/\/wpsandbox4.pante.com.br\/?p=15944"},"modified":"2019-09-12T08:42:12","modified_gmt":"2019-09-12T11:42:12","slug":"fnp-volta-defender-mudancas-no-federalismo-fiscal","status":"publish","type":"post","link":"https:\/\/uvbbrasil.com.br\/fnp-volta-defender-mudancas-no-federalismo-fiscal\/","title":{"rendered":"FNP volta a defender mudan\u00e7as no federalismo fiscal"},"content":{"rendered":"<p>FNP volta a defender mudan\u00e7as no federalismo fiscal \u2013 Em discurso na ter\u00e7a-feira, 10, durante Reuni\u00e3o Deliberativa Ordin\u00e1ria sobre a PEC da Reforma Tribut\u00e1ria (PEC 045\/19), o secret\u00e1rio-executivo da Frente Nacional de Prefeitos (FNP) defendeu que as mudan\u00e7as no federalismo fiscal respondam \u00e0 atual din\u00e2mica populacional. De acordo com o representante da entidade, h\u00e1 um clamor dos prefeitos e da popula\u00e7\u00e3o pela promo\u00e7\u00e3o de justi\u00e7a tribut\u00e1ria.<\/p>\n<p>Durante o debate, realizado na C\u00e2mara dos Deputados, Perre apresentou dados oficiais do IBGE que evidenciam a necessidade da reforma tribut\u00e1ria. Em cidades com at\u00e9 20 mil habitantes, o Fundo de Participa\u00e7\u00e3o dos Munic\u00edpios (FPM) per capita, em 2017, era de R$ 1.131,81, enquanto nas cidades com popula\u00e7\u00e3o acima de 500 mil habitantes o valor n\u00e3o ultrapassa R$ 160.<\/p>\n<p>\u201cN\u00e3o \u00e9 poss\u00edvel continuarmos aceitando o discurso que as cidades pequenas s\u00e3o pobres e as cidades grandes s\u00e3o ricas. Nesse sentido, o FPM (Fundo de Participa\u00e7\u00e3o dos Munic\u00edpios) apresenta distor\u00e7\u00f5es grav\u00edssimas, privilegiando cidades menores em detrimento das m\u00e9dias e grandes cidades\u201d, ressaltou. Conforme explicou o representante da FNP, a distor\u00e7\u00e3o se d\u00e1 porque o Fundo destinado \u00e0s cidades menores considera apenas a popula\u00e7\u00e3o, sem levar em conta as condi\u00e7\u00f5es socioecon\u00f4micas.<\/p>\n<p>\u201cO que a Frente Nacional de Prefeitos pleiteia, entre outros pontos, \u00e9 que o FPM utilize indicadores de fontes oficiais e que tenham elevada frequ\u00eancia de atualiza\u00e7\u00e3o. Outro crit\u00e9rio justo seria premiar localidades pelo esfor\u00e7o fiscal\u201d, defendeu. Ainda segundo Perre, a Receita Corrente L\u00edquida per capita, a propor\u00e7\u00e3o da popula\u00e7\u00e3o SUS Dependente, da popula\u00e7\u00e3o em idade escolar e idosa e a \u00e1rea do munic\u00edpio est\u00e3o entre os poss\u00edveis indicadores que promoveriam justi\u00e7a na reparti\u00e7\u00e3o do FPM.<\/p>\n<p>Simplifica\u00e7\u00e3o<br \/>\nA simplifica\u00e7\u00e3o do ISS, que Perre se referiu como \u201cimposto do futuro\u201d, foi outro ponto defendido durante a reuni\u00e3o. \u201cOs prefeitos querem negociar, mas n\u00e3o v\u00e3o abrir m\u00e3o da compet\u00eancia de gerir o imposto\u201d, declarou.<\/p>\n<p>Inova\u00e7\u00e3o e transpar\u00eancia s\u00e3o foco do IV F\u00f3rum Nacional das Transfer\u00eancias da Uni\u00e3o<\/p>\n<p>O assunto tamb\u00e9m foi pauta de reuni\u00e3o realizada no dia 7 de agosto, na sede da FNP. Na ocasi\u00e3o, integrantes da FNP, da Associa\u00e7\u00e3o Brasileira das Secretarias de Finan\u00e7as (Abrasf) e do F\u00f3rum Nacional de Secret\u00e1rios Municipais de Fazenda e Finan\u00e7as assinaram posicionamento conjunto. \u201cN\u00e3o abrimos m\u00e3o que o ISS continue como um imposto de esfera municipal, sem ser incorporado por nenhum outro ente, porque sabemos que, se isso ocorrer, os munic\u00edpios sair\u00e3o perdendo, ou seja, em \u00faltima inst\u00e2ncia, a popula\u00e7\u00e3o perde\u201d. Acesse o documento na \u00edntegra.<\/p>\n<p>Na C\u00e2mara, al\u00e9m de Gilberto Perre, participaram da renui\u00e3o Rafael Tajra Fonteles, Presidente do Comit\u00ea de Secret\u00e1rios da Fazenda (Comsefaz); Henrique Meirelles, Secret\u00e1rio de Fazenda e Planejamento do Estado de S\u00e3o Paulo; e Glademir Aroldi, Presidente da Confedera\u00e7\u00e3o Nacional dos Munic\u00edpios (CNM).<a href=\"https:\/\/uvbbrasil.com.br\/?attachment_id=15945\" rel=\"attachment wp-att-15945\"><img fetchpriority=\"high\" decoding=\"async\" class=\"aligncenter size-full wp-image-15945\" src=\"https:\/\/uvbbrasil.com.br\/wp-content\/uploads\/2019\/09\/12.jpg\" alt=\"\" width=\"600\" height=\"331\" srcset=\"https:\/\/uvbbrasil.com.br\/wp-content\/uploads\/2019\/09\/12.jpg 600w, https:\/\/uvbbrasil.com.br\/wp-content\/uploads\/2019\/09\/12-300x166.jpg 300w\" sizes=\"(max-width: 600px) 100vw, 600px\" \/><\/a><\/p>\n<p><em>fonte<\/em>:i9treinamentos.com.br<\/p>\n","protected":false},"excerpt":{"rendered":"<p>FNP volta a defender mudan\u00e7as no federalismo fiscal \u2013 Em discurso na ter\u00e7a-feira, 10, durante Reuni\u00e3o Deliberativa Ordin\u00e1ria sobre a&#8230;<\/p>\n","protected":false},"author":1,"featured_media":15945,"comment_status":"open","ping_status":"open","sticky":false,"template":"","format":"standard","meta":{"footnotes":""},"categories":[3],"tags":[],"class_list":["post-15944","post","type-post","status-publish","format-standard","has-post-thumbnail","hentry","category-noticias"],"yoast_head":"<!-- This site is optimized with the Yoast SEO plugin v26.7 - https:\/\/yoast.com\/wordpress\/plugins\/seo\/ -->\n<title>FNP volta a defender mudan\u00e7as no federalismo fiscal - UVB Brasil<\/title>\n<meta name=\"robots\" content=\"index, follow, max-snippet:-1, max-image-preview:large, max-video-preview:-1\" \/>\n<link rel=\"canonical\" href=\"https:\/\/uvbbrasil.com.br\/fnp-volta-defender-mudancas-no-federalismo-fiscal\/\" \/>\n<meta property=\"og:locale\" content=\"pt_BR\" \/>\n<meta property=\"og:type\" content=\"article\" \/>\n<meta property=\"og:title\" content=\"FNP volta a defender mudan\u00e7as no federalismo fiscal - UVB Brasil\" \/>\n<meta property=\"og:description\" content=\"FNP volta a defender mudan\u00e7as no federalismo fiscal \u2013 Em discurso na ter\u00e7a-feira, 10, durante Reuni\u00e3o Deliberativa Ordin\u00e1ria sobre a...\" \/>\n<meta property=\"og:url\" content=\"https:\/\/uvbbrasil.com.br\/fnp-volta-defender-mudancas-no-federalismo-fiscal\/\" \/>\n<meta property=\"og:site_name\" content=\"UVB Brasil\" \/>\n<meta property=\"article:publisher\" content=\"https:\/\/www.facebook.com\/uvb.vereadoresbrasil\" \/>\n<meta property=\"article:published_time\" content=\"2019-09-12T11:42:12+00:00\" \/>\n<meta property=\"og:image\" content=\"https:\/\/uvbbrasil.com.br\/wp-content\/uploads\/2019\/09\/12.jpg\" \/>\n\t<meta property=\"og:image:width\" content=\"600\" \/>\n\t<meta property=\"og:image:height\" content=\"331\" \/>\n\t<meta property=\"og:image:type\" content=\"image\/jpeg\" \/>\n<meta name=\"author\" content=\"adminuvb\" \/>\n<meta name=\"twitter:card\" content=\"summary_large_image\" \/>\n<meta name=\"twitter:label1\" content=\"Escrito por\" \/>\n\t<meta name=\"twitter:data1\" content=\"adminuvb\" \/>\n\t<meta name=\"twitter:label2\" content=\"Est. tempo de leitura\" \/>\n\t<meta name=\"twitter:data2\" content=\"3 minutos\" \/>\n<script type=\"application\/ld+json\" class=\"yoast-schema-graph\">{\"@context\":\"https:\/\/schema.org\",\"@graph\":[{\"@type\":\"Article\",\"@id\":\"https:\/\/uvbbrasil.com.br\/fnp-volta-defender-mudancas-no-federalismo-fiscal\/#article\",\"isPartOf\":{\"@id\":\"https:\/\/uvbbrasil.com.br\/fnp-volta-defender-mudancas-no-federalismo-fiscal\/\"},\"author\":{\"name\":\"adminuvb\",\"@id\":\"https:\/\/uvbbrasil.com.br\/#\/schema\/person\/17990098446c098f52effddff4f1b272\"},\"headline\":\"FNP volta a defender mudan\u00e7as no federalismo fiscal\",\"datePublished\":\"2019-09-12T11:42:12+00:00\",\"mainEntityOfPage\":{\"@id\":\"https:\/\/uvbbrasil.com.br\/fnp-volta-defender-mudancas-no-federalismo-fiscal\/\"},\"wordCount\":530,\"commentCount\":0,\"publisher\":{\"@id\":\"https:\/\/uvbbrasil.com.br\/#organization\"},\"image\":{\"@id\":\"https:\/\/uvbbrasil.com.br\/fnp-volta-defender-mudancas-no-federalismo-fiscal\/#primaryimage\"},\"thumbnailUrl\":\"https:\/\/uvbbrasil.com.br\/wp-content\/uploads\/2019\/09\/12.jpg\",\"articleSection\":[\"NOT\u00cdCIAS\"],\"inLanguage\":\"pt-BR\",\"potentialAction\":[{\"@type\":\"CommentAction\",\"name\":\"Comment\",\"target\":[\"https:\/\/uvbbrasil.com.br\/fnp-volta-defender-mudancas-no-federalismo-fiscal\/#respond\"]}]},{\"@type\":\"WebPage\",\"@id\":\"https:\/\/uvbbrasil.com.br\/fnp-volta-defender-mudancas-no-federalismo-fiscal\/\",\"url\":\"https:\/\/uvbbrasil.com.br\/fnp-volta-defender-mudancas-no-federalismo-fiscal\/\",\"name\":\"FNP volta a defender mudan\u00e7as no federalismo fiscal - UVB Brasil\",\"isPartOf\":{\"@id\":\"https:\/\/uvbbrasil.com.br\/#website\"},\"primaryImageOfPage\":{\"@id\":\"https:\/\/uvbbrasil.com.br\/fnp-volta-defender-mudancas-no-federalismo-fiscal\/#primaryimage\"},\"image\":{\"@id\":\"https:\/\/uvbbrasil.com.br\/fnp-volta-defender-mudancas-no-federalismo-fiscal\/#primaryimage\"},\"thumbnailUrl\":\"https:\/\/uvbbrasil.com.br\/wp-content\/uploads\/2019\/09\/12.jpg\",\"datePublished\":\"2019-09-12T11:42:12+00:00\",\"breadcrumb\":{\"@id\":\"https:\/\/uvbbrasil.com.br\/fnp-volta-defender-mudancas-no-federalismo-fiscal\/#breadcrumb\"},\"inLanguage\":\"pt-BR\",\"potentialAction\":[{\"@type\":\"ReadAction\",\"target\":[\"https:\/\/uvbbrasil.com.br\/fnp-volta-defender-mudancas-no-federalismo-fiscal\/\"]}]},{\"@type\":\"ImageObject\",\"inLanguage\":\"pt-BR\",\"@id\":\"https:\/\/uvbbrasil.com.br\/fnp-volta-defender-mudancas-no-federalismo-fiscal\/#primaryimage\",\"url\":\"https:\/\/uvbbrasil.com.br\/wp-content\/uploads\/2019\/09\/12.jpg\",\"contentUrl\":\"https:\/\/uvbbrasil.com.br\/wp-content\/uploads\/2019\/09\/12.jpg\",\"width\":600,\"height\":331},{\"@type\":\"BreadcrumbList\",\"@id\":\"https:\/\/uvbbrasil.com.br\/fnp-volta-defender-mudancas-no-federalismo-fiscal\/#breadcrumb\",\"itemListElement\":[{\"@type\":\"ListItem\",\"position\":1,\"name\":\"In\u00edcio\",\"item\":\"https:\/\/uvbbrasil.com.br\/\"},{\"@type\":\"ListItem\",\"position\":2,\"name\":\"FNP volta a defender mudan\u00e7as no federalismo fiscal\"}]},{\"@type\":\"WebSite\",\"@id\":\"https:\/\/uvbbrasil.com.br\/#website\",\"url\":\"https:\/\/uvbbrasil.com.br\/\",\"name\":\"UVB Brasil\",\"description\":\"Uni\u00e3o dos Vereadores do Brasil\",\"publisher\":{\"@id\":\"https:\/\/uvbbrasil.com.br\/#organization\"},\"potentialAction\":[{\"@type\":\"SearchAction\",\"target\":{\"@type\":\"EntryPoint\",\"urlTemplate\":\"https:\/\/uvbbrasil.com.br\/?s={search_term_string}\"},\"query-input\":{\"@type\":\"PropertyValueSpecification\",\"valueRequired\":true,\"valueName\":\"search_term_string\"}}],\"inLanguage\":\"pt-BR\"},{\"@type\":\"Organization\",\"@id\":\"https:\/\/uvbbrasil.com.br\/#organization\",\"name\":\"UVB Brasil\",\"url\":\"https:\/\/uvbbrasil.com.br\/\",\"logo\":{\"@type\":\"ImageObject\",\"inLanguage\":\"pt-BR\",\"@id\":\"https:\/\/uvbbrasil.com.br\/#\/schema\/logo\/image\/\",\"url\":\"https:\/\/uvbbrasil.com.br\/wp-content\/uploads\/2025\/01\/LOGO-UVB-2024-azul-1.jpg\",\"contentUrl\":\"https:\/\/uvbbrasil.com.br\/wp-content\/uploads\/2025\/01\/LOGO-UVB-2024-azul-1.jpg\",\"width\":600,\"height\":211,\"caption\":\"UVB Brasil\"},\"image\":{\"@id\":\"https:\/\/uvbbrasil.com.br\/#\/schema\/logo\/image\/\"},\"sameAs\":[\"https:\/\/www.facebook.com\/uvb.vereadoresbrasil\",\"https:\/\/www.instagram.com\/uvbbrasil\/\",\"https:\/\/www.youtube.com\/channel\/UCIlPQ8Xzw5GHNzosQIg9S5A\"]},{\"@type\":\"Person\",\"@id\":\"https:\/\/uvbbrasil.com.br\/#\/schema\/person\/17990098446c098f52effddff4f1b272\",\"name\":\"adminuvb\",\"image\":{\"@type\":\"ImageObject\",\"inLanguage\":\"pt-BR\",\"@id\":\"https:\/\/uvbbrasil.com.br\/#\/schema\/person\/image\/\",\"url\":\"https:\/\/secure.gravatar.com\/avatar\/1a494ea6f8e2dd1ae526e55b0e9497efdba542491e0620d704cccf63c6f77c45?s=96&d=mm&r=g\",\"contentUrl\":\"https:\/\/secure.gravatar.com\/avatar\/1a494ea6f8e2dd1ae526e55b0e9497efdba542491e0620d704cccf63c6f77c45?s=96&d=mm&r=g\",\"caption\":\"adminuvb\"},\"sameAs\":[\"https:\/\/uvbbrasil.com.br\"],\"url\":\"https:\/\/uvbbrasil.com.br\/author\/adminuvb\/\"}]}<\/script>\n<!-- \/ Yoast SEO plugin. -->","yoast_head_json":{"title":"FNP volta a defender mudan\u00e7as no federalismo fiscal - UVB Brasil","robots":{"index":"index","follow":"follow","max-snippet":"max-snippet:-1","max-image-preview":"max-image-preview:large","max-video-preview":"max-video-preview:-1"},"canonical":"https:\/\/uvbbrasil.com.br\/fnp-volta-defender-mudancas-no-federalismo-fiscal\/","og_locale":"pt_BR","og_type":"article","og_title":"FNP volta a defender mudan\u00e7as no federalismo fiscal - UVB Brasil","og_description":"FNP volta a defender mudan\u00e7as no federalismo fiscal \u2013 Em discurso na ter\u00e7a-feira, 10, durante Reuni\u00e3o Deliberativa Ordin\u00e1ria sobre a...","og_url":"https:\/\/uvbbrasil.com.br\/fnp-volta-defender-mudancas-no-federalismo-fiscal\/","og_site_name":"UVB Brasil","article_publisher":"https:\/\/www.facebook.com\/uvb.vereadoresbrasil","article_published_time":"2019-09-12T11:42:12+00:00","og_image":[{"width":600,"height":331,"url":"https:\/\/uvbbrasil.com.br\/wp-content\/uploads\/2019\/09\/12.jpg","type":"image\/jpeg"}],"author":"adminuvb","twitter_card":"summary_large_image","twitter_misc":{"Escrito por":"adminuvb","Est. tempo de leitura":"3 minutos"},"schema":{"@context":"https:\/\/schema.org","@graph":[{"@type":"Article","@id":"https:\/\/uvbbrasil.com.br\/fnp-volta-defender-mudancas-no-federalismo-fiscal\/#article","isPartOf":{"@id":"https:\/\/uvbbrasil.com.br\/fnp-volta-defender-mudancas-no-federalismo-fiscal\/"},"author":{"name":"adminuvb","@id":"https:\/\/uvbbrasil.com.br\/#\/schema\/person\/17990098446c098f52effddff4f1b272"},"headline":"FNP volta a defender mudan\u00e7as no federalismo fiscal","datePublished":"2019-09-12T11:42:12+00:00","mainEntityOfPage":{"@id":"https:\/\/uvbbrasil.com.br\/fnp-volta-defender-mudancas-no-federalismo-fiscal\/"},"wordCount":530,"commentCount":0,"publisher":{"@id":"https:\/\/uvbbrasil.com.br\/#organization"},"image":{"@id":"https:\/\/uvbbrasil.com.br\/fnp-volta-defender-mudancas-no-federalismo-fiscal\/#primaryimage"},"thumbnailUrl":"https:\/\/uvbbrasil.com.br\/wp-content\/uploads\/2019\/09\/12.jpg","articleSection":["NOT\u00cdCIAS"],"inLanguage":"pt-BR","potentialAction":[{"@type":"CommentAction","name":"Comment","target":["https:\/\/uvbbrasil.com.br\/fnp-volta-defender-mudancas-no-federalismo-fiscal\/#respond"]}]},{"@type":"WebPage","@id":"https:\/\/uvbbrasil.com.br\/fnp-volta-defender-mudancas-no-federalismo-fiscal\/","url":"https:\/\/uvbbrasil.com.br\/fnp-volta-defender-mudancas-no-federalismo-fiscal\/","name":"FNP volta a defender mudan\u00e7as no federalismo fiscal - UVB Brasil","isPartOf":{"@id":"https:\/\/uvbbrasil.com.br\/#website"},"primaryImageOfPage":{"@id":"https:\/\/uvbbrasil.com.br\/fnp-volta-defender-mudancas-no-federalismo-fiscal\/#primaryimage"},"image":{"@id":"https:\/\/uvbbrasil.com.br\/fnp-volta-defender-mudancas-no-federalismo-fiscal\/#primaryimage"},"thumbnailUrl":"https:\/\/uvbbrasil.com.br\/wp-content\/uploads\/2019\/09\/12.jpg","datePublished":"2019-09-12T11:42:12+00:00","breadcrumb":{"@id":"https:\/\/uvbbrasil.com.br\/fnp-volta-defender-mudancas-no-federalismo-fiscal\/#breadcrumb"},"inLanguage":"pt-BR","potentialAction":[{"@type":"ReadAction","target":["https:\/\/uvbbrasil.com.br\/fnp-volta-defender-mudancas-no-federalismo-fiscal\/"]}]},{"@type":"ImageObject","inLanguage":"pt-BR","@id":"https:\/\/uvbbrasil.com.br\/fnp-volta-defender-mudancas-no-federalismo-fiscal\/#primaryimage","url":"https:\/\/uvbbrasil.com.br\/wp-content\/uploads\/2019\/09\/12.jpg","contentUrl":"https:\/\/uvbbrasil.com.br\/wp-content\/uploads\/2019\/09\/12.jpg","width":600,"height":331},{"@type":"BreadcrumbList","@id":"https:\/\/uvbbrasil.com.br\/fnp-volta-defender-mudancas-no-federalismo-fiscal\/#breadcrumb","itemListElement":[{"@type":"ListItem","position":1,"name":"In\u00edcio","item":"https:\/\/uvbbrasil.com.br\/"},{"@type":"ListItem","position":2,"name":"FNP volta a defender mudan\u00e7as no federalismo fiscal"}]},{"@type":"WebSite","@id":"https:\/\/uvbbrasil.com.br\/#website","url":"https:\/\/uvbbrasil.com.br\/","name":"UVB Brasil","description":"Uni\u00e3o dos Vereadores do Brasil","publisher":{"@id":"https:\/\/uvbbrasil.com.br\/#organization"},"potentialAction":[{"@type":"SearchAction","target":{"@type":"EntryPoint","urlTemplate":"https:\/\/uvbbrasil.com.br\/?s={search_term_string}"},"query-input":{"@type":"PropertyValueSpecification","valueRequired":true,"valueName":"search_term_string"}}],"inLanguage":"pt-BR"},{"@type":"Organization","@id":"https:\/\/uvbbrasil.com.br\/#organization","name":"UVB Brasil","url":"https:\/\/uvbbrasil.com.br\/","logo":{"@type":"ImageObject","inLanguage":"pt-BR","@id":"https:\/\/uvbbrasil.com.br\/#\/schema\/logo\/image\/","url":"https:\/\/uvbbrasil.com.br\/wp-content\/uploads\/2025\/01\/LOGO-UVB-2024-azul-1.jpg","contentUrl":"https:\/\/uvbbrasil.com.br\/wp-content\/uploads\/2025\/01\/LOGO-UVB-2024-azul-1.jpg","width":600,"height":211,"caption":"UVB Brasil"},"image":{"@id":"https:\/\/uvbbrasil.com.br\/#\/schema\/logo\/image\/"},"sameAs":["https:\/\/www.facebook.com\/uvb.vereadoresbrasil","https:\/\/www.instagram.com\/uvbbrasil\/","https:\/\/www.youtube.com\/channel\/UCIlPQ8Xzw5GHNzosQIg9S5A"]},{"@type":"Person","@id":"https:\/\/uvbbrasil.com.br\/#\/schema\/person\/17990098446c098f52effddff4f1b272","name":"adminuvb","image":{"@type":"ImageObject","inLanguage":"pt-BR","@id":"https:\/\/uvbbrasil.com.br\/#\/schema\/person\/image\/","url":"https:\/\/secure.gravatar.com\/avatar\/1a494ea6f8e2dd1ae526e55b0e9497efdba542491e0620d704cccf63c6f77c45?s=96&d=mm&r=g","contentUrl":"https:\/\/secure.gravatar.com\/avatar\/1a494ea6f8e2dd1ae526e55b0e9497efdba542491e0620d704cccf63c6f77c45?s=96&d=mm&r=g","caption":"adminuvb"},"sameAs":["https:\/\/uvbbrasil.com.br"],"url":"https:\/\/uvbbrasil.com.br\/author\/adminuvb\/"}]}},"_links":{"self":[{"href":"https:\/\/uvbbrasil.com.br\/uvb-json\/wp\/v2\/posts\/15944","targetHints":{"allow":["GET"]}}],"collection":[{"href":"https:\/\/uvbbrasil.com.br\/uvb-json\/wp\/v2\/posts"}],"about":[{"href":"https:\/\/uvbbrasil.com.br\/uvb-json\/wp\/v2\/types\/post"}],"author":[{"embeddable":true,"href":"https:\/\/uvbbrasil.com.br\/uvb-json\/wp\/v2\/users\/1"}],"replies":[{"embeddable":true,"href":"https:\/\/uvbbrasil.com.br\/uvb-json\/wp\/v2\/comments?post=15944"}],"version-history":[{"count":0,"href":"https:\/\/uvbbrasil.com.br\/uvb-json\/wp\/v2\/posts\/15944\/revisions"}],"wp:featuredmedia":[{"embeddable":true,"href":"https:\/\/uvbbrasil.com.br\/uvb-json\/wp\/v2\/media\/15945"}],"wp:attachment":[{"href":"https:\/\/uvbbrasil.com.br\/uvb-json\/wp\/v2\/media?parent=15944"}],"wp:term":[{"taxonomy":"category","embeddable":true,"href":"https:\/\/uvbbrasil.com.br\/uvb-json\/wp\/v2\/categories?post=15944"},{"taxonomy":"post_tag","embeddable":true,"href":"https:\/\/uvbbrasil.com.br\/uvb-json\/wp\/v2\/tags?post=15944"}],"curies":[{"name":"wp","href":"https:\/\/api.w.org\/{rel}","templated":true}]}}