{"id":15758,"date":"2019-09-02T08:29:22","date_gmt":"2019-09-02T11:29:22","guid":{"rendered":"https:\/\/wpsandbox4.pante.com.br\/?p=15758"},"modified":"2019-09-02T08:29:22","modified_gmt":"2019-09-02T11:29:22","slug":"o-que-muda-nas-eleicoes-para-vereador-em-2020","status":"publish","type":"post","link":"https:\/\/uvbbrasil.com.br\/o-que-muda-nas-eleicoes-para-vereador-em-2020\/","title":{"rendered":"O que muda nas elei\u00e7\u00f5es para vereador em 2020?"},"content":{"rendered":"<p>A elei\u00e7\u00e3o para vereador em 2020 ser\u00e1 diferente das anteriores. V\u00e1rias mudan\u00e7as nas regras eleitorais entrar\u00e3o em vigor e \u00e9 preciso estar atualizado para adequar as estrat\u00e9gias de comunica\u00e7\u00e3o pol\u00edtica a elas. A minirreforma de 2017 alterou a Lei das Elei\u00e7\u00f5es e o C\u00f3digo Eleitoral. As mudan\u00e7as aconteceram com o objetivo de garantir ao processo eleitoral uma disputa mais justa e equ\u00e2nime entre os concorrentes.<\/p>\n<p>As principais altera\u00e7\u00f5es para as elei\u00e7\u00f5es de 2020 foram:<br \/>\nO fim das coliga\u00e7\u00f5es proporcionais;<br \/>\nA amplia\u00e7\u00e3o do n\u00famero de candidatos que cada partido poder\u00e1 lan\u00e7ar;<br \/>\nA cria\u00e7\u00e3o do fundo especial de financiamento de campanha;<br \/>\nRedu\u00e7\u00e3o do tempo de domic\u00edlio eleitoral;<br \/>\nEntre outras.<br \/>\nFim das coliga\u00e7\u00f5es proporcionais nas elei\u00e7\u00f5es para vereador em 2020<br \/>\nNeste texto, voc\u00ea encontra um comparativo de como era e como est\u00e1 o cen\u00e1rio para os candidatos \u00e0 verean\u00e7a.<\/p>\n<p>A partir de 2020, os partidos n\u00e3o poder\u00e3o mais fazer coliga\u00e7\u00f5es partid\u00e1rias nas elei\u00e7\u00f5es para deputados e vereadores. Os partidos poder\u00e3o se juntar somente na elei\u00e7\u00e3o majorit\u00e1ria (prefeito), devendo concorrer isoladamente nas elei\u00e7\u00f5es proporcionais (vereadores).<\/p>\n<p>Como era: os votos de todos candidatos e legendas da coliga\u00e7\u00e3o eram somados conjuntamente. De modo que s\u00e3o as coliga\u00e7\u00f5es, e n\u00e3o os partidos individualmente, que conquistam vagas no Legislativo.<\/p>\n<p>Como ficou: com a reforma pol\u00edtica, os partidos n\u00e3o mais poder\u00e3o se coligar em elei\u00e7\u00f5es proporcionais. Isso n\u00e3o significa que o sistema proporcional deixar\u00e1 de existir, mas apenas que os partidos concorrer\u00e3o em chapas separadas, sem alian\u00e7as. Ou seja, contar\u00e3o apenas com seus pr\u00f3prios votos.<\/p>\n<p>Com isso, os partidos mais fortes sair\u00e3o fortalecidos enquanto os menores ter\u00e3o mais dificuldades em elegerem candidatos.<\/p>\n<p>Cl\u00e1usula de barreira nas elei\u00e7\u00f5es para vereador em 2020<br \/>\nCl\u00e1usula de barreira \u00e9 uma lei que restringe a atua\u00e7\u00e3o e o funcionamento de partidos pol\u00edticos que n\u00e3o obtiverem determinada porcentagem de votos para o Congresso. Em 2017, com a Reforma Pol\u00edtica, a Cl\u00e1usula de Barreira foi aprovada pelo Senado Federal, e j\u00e1 valeu para as elei\u00e7\u00f5es de 2018.<\/p>\n<p>Como era: todos os partidos recebiam uma fatia do fundo partid\u00e1rio, usado para manter a estrutura das siglas. O tempo de propaganda em r\u00e1dio e TV era calculado de acordo com a bancada na C\u00e2mara.<\/p>\n<p>Como ficou: passa a existir um desempenho eleitoral m\u00ednimo para que os partidos tenham direito ao tempo de propaganda e ao fundo partid\u00e1rio. Esse desempenho m\u00ednimo exige o cumprimento de pelo menos uma de duas exig\u00eancias:<\/p>\n<p>Os partidos precisam alcan\u00e7ar, no m\u00ednimo, 1,5% do total de votos v\u00e1lidos distribu\u00eddos em 9 estados ou mais. E em cada um desses estados a legenda precisa ter, no m\u00ednimo, 1% dos votos v\u00e1lidos ou eleger 9 deputados distribu\u00eddos em, no m\u00ednimo, 9 estados.<\/p>\n<p>Fundo especial de financiamento de campanha para elei\u00e7\u00e3o de vereador em 2020<br \/>\nO Fundo Especial de Financiamento de Campanha (FEFC) \u00e9 um fundo p\u00fablico destinado ao financiamento das campanhas eleitorais dos candidatos. Ele entrou em vigor nas elei\u00e7\u00f5es de 2018 e valer\u00e1 tamb\u00e9m para as elei\u00e7\u00f5es municipais de 2020.<\/p>\n<p>imagem de uma coruja fazendo a distribui\u00e7\u00e3o de dinheiro para representar a distribui\u00e7\u00e3o do fundo eleitoral para vereadores em 2020<\/p>\n<p>O fundo tem regras para a sua distribui\u00e7\u00e3o definidas em lei: uma pequena parcela \u00e9 rateada entre todos os partidos e o restante de acordo com a vota\u00e7\u00e3o dos partidos e a sua representa\u00e7\u00e3o no Congresso.<\/p>\n<p>Como era: antes os partidos podiam receber doa\u00e7\u00f5es de empresas para as campanhas eleitorais.<br \/>\nComo ficou: Agora al\u00e9m do fundo eleitoral , as campanhas poder\u00e3o contar com doa\u00e7\u00f5es de pessoas f\u00edsicas, limitadas a 10% do rendimento bruto do ano anterior ao das elei\u00e7\u00f5es e com a arrecada\u00e7\u00e3o por ferramentas de financiamento coletivo \u2013 o crowndfunding ou vaquinha virtual.<\/p>\n<p>N\u00famero de candidatos nas elei\u00e7\u00f5es para vereador em 2020<br \/>\nHaver\u00e1 mudan\u00e7a tamb\u00e9m no n\u00famero de candidatos a vereador que ser\u00e3o lan\u00e7ados em 2020. Cada partido poder\u00e1 lan\u00e7ar at\u00e9 150% do n\u00famero de vagas existentes na C\u00e2mara Municipal.<\/p>\n<p>Como era: Antes das novas regras eleitorais, as coliga\u00e7\u00f5es podiam lan\u00e7ar at\u00e9 200% da quantidade de vagas. Para exemplificar: Em um munic\u00edpio com 12 vagas, cada coliga\u00e7\u00e3o poderia lan\u00e7ar em conjunto 24 candidatos a vereadores.<\/p>\n<p>Como ficou: Com a vig\u00eancia da nova legisla\u00e7\u00e3o, cada partido isoladamente dever\u00e1 lan\u00e7ar at\u00e9 150% do n\u00famero de cadeiras. Ou seja, no munic\u00edpio citado acima, cada partido dever\u00e1 lan\u00e7ar sozinho 18 candidatos. Suponhamos que existam 19 partidos concorrendo, o n\u00famero de candidaturas subiria para 342 candidaturas.<\/p>\n<p>As legendas ter\u00e3o que se adaptar \u00e0s mudan\u00e7as. Para o alcance do coeficiente eleitoral haver\u00e1 a necessidade de um n\u00famero maior de candidatos como tamb\u00e9m nomes que tenham maior representatividade em n\u00famero de votos sob pena de alcan\u00e7arem o valor de voto necess\u00e1rios.<\/p>\n<p>Domicilio eleitoral nas elei\u00e7\u00f5es para vereador em 2020<br \/>\nO tempo m\u00ednimo de domic\u00edlio eleitoral diminuiu. Domic\u00edlio eleitoral \u00e9 o lugar da resid\u00eancia ou moradia ou outro lugar em que o eleitor possua algum v\u00ednculo espec\u00edfico, que poder\u00e1 ser familiar, econ\u00f4mico, social ou pol\u00edtico. O domic\u00edlio determina o lugar em que o cidad\u00e3o deve alistar-se como eleitor e assim, poder nele votar e por ele candidatar-se a cargo eletivo.<\/p>\n<p>imagem de uma casa simbolizando as novas regras de domicilio eleitoral para as elei\u00e7\u00f5es de vereadores em 2020Como era: Na \u00faltima elei\u00e7\u00e3o municipal, tinha o candidato que possuir domic\u00edlio eleitoral na respectiva circunscri\u00e7\u00e3o pelo menos um ano antes do pleito.<\/p>\n<p>Como ficou: J\u00e1 nas elei\u00e7\u00f5es de 2020, o candidato deve possuir domic\u00edlio eleitoral pelo prazo m\u00ednimo de 6 meses, o mesmo prazo exigido para a filia\u00e7\u00e3o partid\u00e1ria.<\/p>\n<p>Comece a se prepara agora!<br \/>\nAgora que voc\u00ea j\u00e1 sabe o que ser\u00e1 diferente nas pr\u00f3ximas elei\u00e7\u00f5es, \u00e9 hora de alinhar suas expectativas e come\u00e7ar a dar os primeiros passos da sua campanha de vereador.<\/p>\n<p>Um dos pontos mais importantes neste momento \u00e9 a escolha e prepara\u00e7\u00e3o das pessoas que estar\u00e3o com voc\u00ea em 2020. Al\u00e9m de um melhor rendimento, esta prepara\u00e7\u00e3o antecipada te trar\u00e1 economia e a certeza de n\u00e3o deixar nada para tr\u00e1s.<\/p>\n<p>Uma boa op\u00e7\u00e3o para voc\u00ea e sua equipe se prepararem sem pesar o or\u00e7amento, \u00e9 o Guia do Marketing Pol\u00edtico, uma plataforma on-line que funciona como o Netflix. Voc\u00ea paga uma mensalidade e tem acesso \u00e0 dezenas de aulas r\u00e1pidas e diretas sobre os mais diversos conte\u00fados dentro do marketing pol\u00edtico. A melhor parte \u00e9 que voc\u00ea assiste onde e quando quiser, at\u00e9 mesmo do celular.<a href=\"https:\/\/uvbbrasil.com.br\/?attachment_id=15761\" rel=\"attachment wp-att-15761\"><img fetchpriority=\"high\" decoding=\"async\" class=\"aligncenter  wp-image-15761\" src=\"https:\/\/uvbbrasil.com.br\/wp-content\/uploads\/2019\/09\/Tribunal-trabalha-nas-resolucoes-das-Eleicoes-Municipais-de-2020-oc4uta63cigbh7esz9orzlo8ivqnae21lmpqji0s5w.png\" alt=\"\" width=\"438\" height=\"253\" srcset=\"https:\/\/uvbbrasil.com.br\/wp-content\/uploads\/2019\/09\/Tribunal-trabalha-nas-resolucoes-das-Eleicoes-Municipais-de-2020-oc4uta63cigbh7esz9orzlo8ivqnae21lmpqji0s5w.png 780w, https:\/\/uvbbrasil.com.br\/wp-content\/uploads\/2019\/09\/Tribunal-trabalha-nas-resolucoes-das-Eleicoes-Municipais-de-2020-oc4uta63cigbh7esz9orzlo8ivqnae21lmpqji0s5w-300x173.png 300w, https:\/\/uvbbrasil.com.br\/wp-content\/uploads\/2019\/09\/Tribunal-trabalha-nas-resolucoes-das-Eleicoes-Municipais-de-2020-oc4uta63cigbh7esz9orzlo8ivqnae21lmpqji0s5w-768x443.png 768w\" sizes=\"(max-width: 438px) 100vw, 438px\" \/><\/a><\/p>\n<p><em>fonte<\/em>: www.marketingpoliticohoje.com.br<\/p>\n","protected":false},"excerpt":{"rendered":"<p>A elei\u00e7\u00e3o para vereador em 2020 ser\u00e1 diferente das anteriores. V\u00e1rias mudan\u00e7as nas regras eleitorais entrar\u00e3o em vigor e \u00e9&#8230;<\/p>\n","protected":false},"author":1,"featured_media":15761,"comment_status":"open","ping_status":"open","sticky":false,"template":"","format":"standard","meta":{"footnotes":""},"categories":[3],"tags":[],"class_list":["post-15758","post","type-post","status-publish","format-standard","has-post-thumbnail","hentry","category-noticias"],"yoast_head":"<!-- This site is optimized with the Yoast SEO plugin v27.5 - https:\/\/yoast.com\/product\/yoast-seo-wordpress\/ -->\n<title>O que muda nas elei\u00e7\u00f5es para vereador em 2020? - UVB Brasil<\/title>\n<meta name=\"robots\" content=\"index, follow, max-snippet:-1, max-image-preview:large, max-video-preview:-1\" \/>\n<link rel=\"canonical\" href=\"https:\/\/uvbbrasil.com.br\/o-que-muda-nas-eleicoes-para-vereador-em-2020\/\" \/>\n<meta property=\"og:locale\" content=\"pt_BR\" \/>\n<meta property=\"og:type\" content=\"article\" \/>\n<meta property=\"og:title\" content=\"O que muda nas elei\u00e7\u00f5es para vereador em 2020? - UVB Brasil\" \/>\n<meta property=\"og:description\" content=\"A elei\u00e7\u00e3o para vereador em 2020 ser\u00e1 diferente das anteriores. V\u00e1rias mudan\u00e7as nas regras eleitorais entrar\u00e3o em vigor e \u00e9...\" \/>\n<meta property=\"og:url\" content=\"https:\/\/uvbbrasil.com.br\/o-que-muda-nas-eleicoes-para-vereador-em-2020\/\" \/>\n<meta property=\"og:site_name\" content=\"UVB Brasil\" \/>\n<meta property=\"article:publisher\" content=\"https:\/\/www.facebook.com\/uvb.vereadoresbrasil\" \/>\n<meta property=\"article:published_time\" content=\"2019-09-02T11:29:22+00:00\" \/>\n<meta property=\"og:image\" content=\"https:\/\/uvbbrasil.com.br\/wp-content\/uploads\/2019\/09\/Tribunal-trabalha-nas-resolucoes-das-Eleicoes-Municipais-de-2020-oc4uta63cigbh7esz9orzlo8ivqnae21lmpqji0s5w.png\" \/>\n\t<meta property=\"og:image:width\" content=\"780\" \/>\n\t<meta property=\"og:image:height\" content=\"450\" \/>\n\t<meta property=\"og:image:type\" content=\"image\/png\" \/>\n<meta name=\"author\" content=\"adminuvb\" \/>\n<meta name=\"twitter:card\" content=\"summary_large_image\" \/>\n<meta name=\"twitter:label1\" content=\"Escrito por\" \/>\n\t<meta name=\"twitter:data1\" content=\"adminuvb\" \/>\n\t<meta name=\"twitter:label2\" content=\"Est. tempo de leitura\" \/>\n\t<meta name=\"twitter:data2\" content=\"6 minutos\" \/>\n<script type=\"application\/ld+json\" class=\"yoast-schema-graph\">{\"@context\":\"https:\\\/\\\/schema.org\",\"@graph\":[{\"@type\":\"Article\",\"@id\":\"https:\\\/\\\/uvbbrasil.com.br\\\/o-que-muda-nas-eleicoes-para-vereador-em-2020\\\/#article\",\"isPartOf\":{\"@id\":\"https:\\\/\\\/uvbbrasil.com.br\\\/o-que-muda-nas-eleicoes-para-vereador-em-2020\\\/\"},\"author\":{\"name\":\"adminuvb\",\"@id\":\"https:\\\/\\\/uvbbrasil.com.br\\\/#\\\/schema\\\/person\\\/17990098446c098f52effddff4f1b272\"},\"headline\":\"O que muda nas elei\u00e7\u00f5es para vereador em 2020?\",\"datePublished\":\"2019-09-02T11:29:22+00:00\",\"mainEntityOfPage\":{\"@id\":\"https:\\\/\\\/uvbbrasil.com.br\\\/o-que-muda-nas-eleicoes-para-vereador-em-2020\\\/\"},\"wordCount\":1158,\"commentCount\":0,\"publisher\":{\"@id\":\"https:\\\/\\\/uvbbrasil.com.br\\\/#organization\"},\"image\":{\"@id\":\"https:\\\/\\\/uvbbrasil.com.br\\\/o-que-muda-nas-eleicoes-para-vereador-em-2020\\\/#primaryimage\"},\"thumbnailUrl\":\"https:\\\/\\\/uvbbrasil.com.br\\\/wp-content\\\/uploads\\\/2019\\\/09\\\/Tribunal-trabalha-nas-resolucoes-das-Eleicoes-Municipais-de-2020-oc4uta63cigbh7esz9orzlo8ivqnae21lmpqji0s5w.png\",\"articleSection\":[\"NOT\u00cdCIAS\"],\"inLanguage\":\"pt-BR\",\"potentialAction\":[{\"@type\":\"CommentAction\",\"name\":\"Comment\",\"target\":[\"https:\\\/\\\/uvbbrasil.com.br\\\/o-que-muda-nas-eleicoes-para-vereador-em-2020\\\/#respond\"]}]},{\"@type\":\"WebPage\",\"@id\":\"https:\\\/\\\/uvbbrasil.com.br\\\/o-que-muda-nas-eleicoes-para-vereador-em-2020\\\/\",\"url\":\"https:\\\/\\\/uvbbrasil.com.br\\\/o-que-muda-nas-eleicoes-para-vereador-em-2020\\\/\",\"name\":\"O que muda nas elei\u00e7\u00f5es para vereador em 2020? - UVB Brasil\",\"isPartOf\":{\"@id\":\"https:\\\/\\\/uvbbrasil.com.br\\\/#website\"},\"primaryImageOfPage\":{\"@id\":\"https:\\\/\\\/uvbbrasil.com.br\\\/o-que-muda-nas-eleicoes-para-vereador-em-2020\\\/#primaryimage\"},\"image\":{\"@id\":\"https:\\\/\\\/uvbbrasil.com.br\\\/o-que-muda-nas-eleicoes-para-vereador-em-2020\\\/#primaryimage\"},\"thumbnailUrl\":\"https:\\\/\\\/uvbbrasil.com.br\\\/wp-content\\\/uploads\\\/2019\\\/09\\\/Tribunal-trabalha-nas-resolucoes-das-Eleicoes-Municipais-de-2020-oc4uta63cigbh7esz9orzlo8ivqnae21lmpqji0s5w.png\",\"datePublished\":\"2019-09-02T11:29:22+00:00\",\"breadcrumb\":{\"@id\":\"https:\\\/\\\/uvbbrasil.com.br\\\/o-que-muda-nas-eleicoes-para-vereador-em-2020\\\/#breadcrumb\"},\"inLanguage\":\"pt-BR\",\"potentialAction\":[{\"@type\":\"ReadAction\",\"target\":[\"https:\\\/\\\/uvbbrasil.com.br\\\/o-que-muda-nas-eleicoes-para-vereador-em-2020\\\/\"]}]},{\"@type\":\"ImageObject\",\"inLanguage\":\"pt-BR\",\"@id\":\"https:\\\/\\\/uvbbrasil.com.br\\\/o-que-muda-nas-eleicoes-para-vereador-em-2020\\\/#primaryimage\",\"url\":\"https:\\\/\\\/uvbbrasil.com.br\\\/wp-content\\\/uploads\\\/2019\\\/09\\\/Tribunal-trabalha-nas-resolucoes-das-Eleicoes-Municipais-de-2020-oc4uta63cigbh7esz9orzlo8ivqnae21lmpqji0s5w.png\",\"contentUrl\":\"https:\\\/\\\/uvbbrasil.com.br\\\/wp-content\\\/uploads\\\/2019\\\/09\\\/Tribunal-trabalha-nas-resolucoes-das-Eleicoes-Municipais-de-2020-oc4uta63cigbh7esz9orzlo8ivqnae21lmpqji0s5w.png\",\"width\":780,\"height\":450},{\"@type\":\"BreadcrumbList\",\"@id\":\"https:\\\/\\\/uvbbrasil.com.br\\\/o-que-muda-nas-eleicoes-para-vereador-em-2020\\\/#breadcrumb\",\"itemListElement\":[{\"@type\":\"ListItem\",\"position\":1,\"name\":\"In\u00edcio\",\"item\":\"https:\\\/\\\/uvbbrasil.com.br\\\/\"},{\"@type\":\"ListItem\",\"position\":2,\"name\":\"O que muda nas elei\u00e7\u00f5es para vereador em 2020?\"}]},{\"@type\":\"WebSite\",\"@id\":\"https:\\\/\\\/uvbbrasil.com.br\\\/#website\",\"url\":\"https:\\\/\\\/uvbbrasil.com.br\\\/\",\"name\":\"UVB Brasil\",\"description\":\"Uni\u00e3o dos Vereadores do Brasil\",\"publisher\":{\"@id\":\"https:\\\/\\\/uvbbrasil.com.br\\\/#organization\"},\"potentialAction\":[{\"@type\":\"SearchAction\",\"target\":{\"@type\":\"EntryPoint\",\"urlTemplate\":\"https:\\\/\\\/uvbbrasil.com.br\\\/?s={search_term_string}\"},\"query-input\":{\"@type\":\"PropertyValueSpecification\",\"valueRequired\":true,\"valueName\":\"search_term_string\"}}],\"inLanguage\":\"pt-BR\"},{\"@type\":\"Organization\",\"@id\":\"https:\\\/\\\/uvbbrasil.com.br\\\/#organization\",\"name\":\"UVB Brasil\",\"url\":\"https:\\\/\\\/uvbbrasil.com.br\\\/\",\"logo\":{\"@type\":\"ImageObject\",\"inLanguage\":\"pt-BR\",\"@id\":\"https:\\\/\\\/uvbbrasil.com.br\\\/#\\\/schema\\\/logo\\\/image\\\/\",\"url\":\"https:\\\/\\\/uvbbrasil.com.br\\\/wp-content\\\/uploads\\\/2025\\\/01\\\/LOGO-UVB-2024-azul-1.jpg\",\"contentUrl\":\"https:\\\/\\\/uvbbrasil.com.br\\\/wp-content\\\/uploads\\\/2025\\\/01\\\/LOGO-UVB-2024-azul-1.jpg\",\"width\":600,\"height\":211,\"caption\":\"UVB Brasil\"},\"image\":{\"@id\":\"https:\\\/\\\/uvbbrasil.com.br\\\/#\\\/schema\\\/logo\\\/image\\\/\"},\"sameAs\":[\"https:\\\/\\\/www.facebook.com\\\/uvb.vereadoresbrasil\",\"https:\\\/\\\/www.instagram.com\\\/uvbbrasil\\\/\",\"https:\\\/\\\/www.youtube.com\\\/channel\\\/UCIlPQ8Xzw5GHNzosQIg9S5A\"]},{\"@type\":\"Person\",\"@id\":\"https:\\\/\\\/uvbbrasil.com.br\\\/#\\\/schema\\\/person\\\/17990098446c098f52effddff4f1b272\",\"name\":\"adminuvb\",\"image\":{\"@type\":\"ImageObject\",\"inLanguage\":\"pt-BR\",\"@id\":\"https:\\\/\\\/secure.gravatar.com\\\/avatar\\\/1a494ea6f8e2dd1ae526e55b0e9497efdba542491e0620d704cccf63c6f77c45?s=96&d=mm&r=g\",\"url\":\"https:\\\/\\\/secure.gravatar.com\\\/avatar\\\/1a494ea6f8e2dd1ae526e55b0e9497efdba542491e0620d704cccf63c6f77c45?s=96&d=mm&r=g\",\"contentUrl\":\"https:\\\/\\\/secure.gravatar.com\\\/avatar\\\/1a494ea6f8e2dd1ae526e55b0e9497efdba542491e0620d704cccf63c6f77c45?s=96&d=mm&r=g\",\"caption\":\"adminuvb\"},\"sameAs\":[\"https:\\\/\\\/uvbbrasil.com.br\"],\"url\":\"https:\\\/\\\/uvbbrasil.com.br\\\/author\\\/adminuvb\\\/\"}]}<\/script>\n<!-- \/ Yoast SEO plugin. -->","yoast_head_json":{"title":"O que muda nas elei\u00e7\u00f5es para vereador em 2020? - UVB Brasil","robots":{"index":"index","follow":"follow","max-snippet":"max-snippet:-1","max-image-preview":"max-image-preview:large","max-video-preview":"max-video-preview:-1"},"canonical":"https:\/\/uvbbrasil.com.br\/o-que-muda-nas-eleicoes-para-vereador-em-2020\/","og_locale":"pt_BR","og_type":"article","og_title":"O que muda nas elei\u00e7\u00f5es para vereador em 2020? - UVB Brasil","og_description":"A elei\u00e7\u00e3o para vereador em 2020 ser\u00e1 diferente das anteriores. V\u00e1rias mudan\u00e7as nas regras eleitorais entrar\u00e3o em vigor e \u00e9...","og_url":"https:\/\/uvbbrasil.com.br\/o-que-muda-nas-eleicoes-para-vereador-em-2020\/","og_site_name":"UVB Brasil","article_publisher":"https:\/\/www.facebook.com\/uvb.vereadoresbrasil","article_published_time":"2019-09-02T11:29:22+00:00","og_image":[{"width":780,"height":450,"url":"https:\/\/uvbbrasil.com.br\/wp-content\/uploads\/2019\/09\/Tribunal-trabalha-nas-resolucoes-das-Eleicoes-Municipais-de-2020-oc4uta63cigbh7esz9orzlo8ivqnae21lmpqji0s5w.png","type":"image\/png"}],"author":"adminuvb","twitter_card":"summary_large_image","twitter_misc":{"Escrito por":"adminuvb","Est. tempo de leitura":"6 minutos"},"schema":{"@context":"https:\/\/schema.org","@graph":[{"@type":"Article","@id":"https:\/\/uvbbrasil.com.br\/o-que-muda-nas-eleicoes-para-vereador-em-2020\/#article","isPartOf":{"@id":"https:\/\/uvbbrasil.com.br\/o-que-muda-nas-eleicoes-para-vereador-em-2020\/"},"author":{"name":"adminuvb","@id":"https:\/\/uvbbrasil.com.br\/#\/schema\/person\/17990098446c098f52effddff4f1b272"},"headline":"O que muda nas elei\u00e7\u00f5es para vereador em 2020?","datePublished":"2019-09-02T11:29:22+00:00","mainEntityOfPage":{"@id":"https:\/\/uvbbrasil.com.br\/o-que-muda-nas-eleicoes-para-vereador-em-2020\/"},"wordCount":1158,"commentCount":0,"publisher":{"@id":"https:\/\/uvbbrasil.com.br\/#organization"},"image":{"@id":"https:\/\/uvbbrasil.com.br\/o-que-muda-nas-eleicoes-para-vereador-em-2020\/#primaryimage"},"thumbnailUrl":"https:\/\/uvbbrasil.com.br\/wp-content\/uploads\/2019\/09\/Tribunal-trabalha-nas-resolucoes-das-Eleicoes-Municipais-de-2020-oc4uta63cigbh7esz9orzlo8ivqnae21lmpqji0s5w.png","articleSection":["NOT\u00cdCIAS"],"inLanguage":"pt-BR","potentialAction":[{"@type":"CommentAction","name":"Comment","target":["https:\/\/uvbbrasil.com.br\/o-que-muda-nas-eleicoes-para-vereador-em-2020\/#respond"]}]},{"@type":"WebPage","@id":"https:\/\/uvbbrasil.com.br\/o-que-muda-nas-eleicoes-para-vereador-em-2020\/","url":"https:\/\/uvbbrasil.com.br\/o-que-muda-nas-eleicoes-para-vereador-em-2020\/","name":"O que muda nas elei\u00e7\u00f5es para vereador em 2020? - UVB Brasil","isPartOf":{"@id":"https:\/\/uvbbrasil.com.br\/#website"},"primaryImageOfPage":{"@id":"https:\/\/uvbbrasil.com.br\/o-que-muda-nas-eleicoes-para-vereador-em-2020\/#primaryimage"},"image":{"@id":"https:\/\/uvbbrasil.com.br\/o-que-muda-nas-eleicoes-para-vereador-em-2020\/#primaryimage"},"thumbnailUrl":"https:\/\/uvbbrasil.com.br\/wp-content\/uploads\/2019\/09\/Tribunal-trabalha-nas-resolucoes-das-Eleicoes-Municipais-de-2020-oc4uta63cigbh7esz9orzlo8ivqnae21lmpqji0s5w.png","datePublished":"2019-09-02T11:29:22+00:00","breadcrumb":{"@id":"https:\/\/uvbbrasil.com.br\/o-que-muda-nas-eleicoes-para-vereador-em-2020\/#breadcrumb"},"inLanguage":"pt-BR","potentialAction":[{"@type":"ReadAction","target":["https:\/\/uvbbrasil.com.br\/o-que-muda-nas-eleicoes-para-vereador-em-2020\/"]}]},{"@type":"ImageObject","inLanguage":"pt-BR","@id":"https:\/\/uvbbrasil.com.br\/o-que-muda-nas-eleicoes-para-vereador-em-2020\/#primaryimage","url":"https:\/\/uvbbrasil.com.br\/wp-content\/uploads\/2019\/09\/Tribunal-trabalha-nas-resolucoes-das-Eleicoes-Municipais-de-2020-oc4uta63cigbh7esz9orzlo8ivqnae21lmpqji0s5w.png","contentUrl":"https:\/\/uvbbrasil.com.br\/wp-content\/uploads\/2019\/09\/Tribunal-trabalha-nas-resolucoes-das-Eleicoes-Municipais-de-2020-oc4uta63cigbh7esz9orzlo8ivqnae21lmpqji0s5w.png","width":780,"height":450},{"@type":"BreadcrumbList","@id":"https:\/\/uvbbrasil.com.br\/o-que-muda-nas-eleicoes-para-vereador-em-2020\/#breadcrumb","itemListElement":[{"@type":"ListItem","position":1,"name":"In\u00edcio","item":"https:\/\/uvbbrasil.com.br\/"},{"@type":"ListItem","position":2,"name":"O que muda nas elei\u00e7\u00f5es para vereador em 2020?"}]},{"@type":"WebSite","@id":"https:\/\/uvbbrasil.com.br\/#website","url":"https:\/\/uvbbrasil.com.br\/","name":"UVB Brasil","description":"Uni\u00e3o dos Vereadores do Brasil","publisher":{"@id":"https:\/\/uvbbrasil.com.br\/#organization"},"potentialAction":[{"@type":"SearchAction","target":{"@type":"EntryPoint","urlTemplate":"https:\/\/uvbbrasil.com.br\/?s={search_term_string}"},"query-input":{"@type":"PropertyValueSpecification","valueRequired":true,"valueName":"search_term_string"}}],"inLanguage":"pt-BR"},{"@type":"Organization","@id":"https:\/\/uvbbrasil.com.br\/#organization","name":"UVB Brasil","url":"https:\/\/uvbbrasil.com.br\/","logo":{"@type":"ImageObject","inLanguage":"pt-BR","@id":"https:\/\/uvbbrasil.com.br\/#\/schema\/logo\/image\/","url":"https:\/\/uvbbrasil.com.br\/wp-content\/uploads\/2025\/01\/LOGO-UVB-2024-azul-1.jpg","contentUrl":"https:\/\/uvbbrasil.com.br\/wp-content\/uploads\/2025\/01\/LOGO-UVB-2024-azul-1.jpg","width":600,"height":211,"caption":"UVB Brasil"},"image":{"@id":"https:\/\/uvbbrasil.com.br\/#\/schema\/logo\/image\/"},"sameAs":["https:\/\/www.facebook.com\/uvb.vereadoresbrasil","https:\/\/www.instagram.com\/uvbbrasil\/","https:\/\/www.youtube.com\/channel\/UCIlPQ8Xzw5GHNzosQIg9S5A"]},{"@type":"Person","@id":"https:\/\/uvbbrasil.com.br\/#\/schema\/person\/17990098446c098f52effddff4f1b272","name":"adminuvb","image":{"@type":"ImageObject","inLanguage":"pt-BR","@id":"https:\/\/secure.gravatar.com\/avatar\/1a494ea6f8e2dd1ae526e55b0e9497efdba542491e0620d704cccf63c6f77c45?s=96&d=mm&r=g","url":"https:\/\/secure.gravatar.com\/avatar\/1a494ea6f8e2dd1ae526e55b0e9497efdba542491e0620d704cccf63c6f77c45?s=96&d=mm&r=g","contentUrl":"https:\/\/secure.gravatar.com\/avatar\/1a494ea6f8e2dd1ae526e55b0e9497efdba542491e0620d704cccf63c6f77c45?s=96&d=mm&r=g","caption":"adminuvb"},"sameAs":["https:\/\/uvbbrasil.com.br"],"url":"https:\/\/uvbbrasil.com.br\/author\/adminuvb\/"}]}},"_links":{"self":[{"href":"https:\/\/uvbbrasil.com.br\/uvb-json\/wp\/v2\/posts\/15758","targetHints":{"allow":["GET"]}}],"collection":[{"href":"https:\/\/uvbbrasil.com.br\/uvb-json\/wp\/v2\/posts"}],"about":[{"href":"https:\/\/uvbbrasil.com.br\/uvb-json\/wp\/v2\/types\/post"}],"author":[{"embeddable":true,"href":"https:\/\/uvbbrasil.com.br\/uvb-json\/wp\/v2\/users\/1"}],"replies":[{"embeddable":true,"href":"https:\/\/uvbbrasil.com.br\/uvb-json\/wp\/v2\/comments?post=15758"}],"version-history":[{"count":0,"href":"https:\/\/uvbbrasil.com.br\/uvb-json\/wp\/v2\/posts\/15758\/revisions"}],"wp:featuredmedia":[{"embeddable":true,"href":"https:\/\/uvbbrasil.com.br\/uvb-json\/wp\/v2\/media\/15761"}],"wp:attachment":[{"href":"https:\/\/uvbbrasil.com.br\/uvb-json\/wp\/v2\/media?parent=15758"}],"wp:term":[{"taxonomy":"category","embeddable":true,"href":"https:\/\/uvbbrasil.com.br\/uvb-json\/wp\/v2\/categories?post=15758"},{"taxonomy":"post_tag","embeddable":true,"href":"https:\/\/uvbbrasil.com.br\/uvb-json\/wp\/v2\/tags?post=15758"}],"curies":[{"name":"wp","href":"https:\/\/api.w.org\/{rel}","templated":true}]}}