{"id":15539,"date":"2019-08-16T16:30:11","date_gmt":"2019-08-16T19:30:11","guid":{"rendered":"https:\/\/wpsandbox4.pante.com.br\/?p=15539"},"modified":"2019-08-16T16:30:11","modified_gmt":"2019-08-16T19:30:11","slug":"legislativo-sarandiense-homenageia-servidor-da-corsan-sr-celso-gnoatto","status":"publish","type":"post","link":"https:\/\/uvbbrasil.com.br\/legislativo-sarandiense-homenageia-servidor-da-corsan-sr-celso-gnoatto\/","title":{"rendered":"Legislativo Sarandiense, homenageia servidor da Corsan Sr. Celso Gnoatto."},"content":{"rendered":"<p>&nbsp;<\/p>\n<p>Na 31\u00aa Sess\u00e3o de 2019, que aconteceu no dia 12 de Agosto, os vereadores da bancada do PDT prestaram homenagem ao Sr. Celso Gnoatto, servidor da CORSAN, atrav\u00e9s da Mo\u00e7\u00e3o de Aplausos e reconhecimento criada pelo Vereador em exerc\u00edcio na data da cria\u00e7\u00e3o da Mo\u00e7\u00e3o, Sr. Ozeno Pires Picollo.<\/p>\n<p>Estamos prestando est\u00e1 singela homenagem ao Sr. CELSO GNOATTO em raz\u00e3o dos seus longos 29 anos de servi\u00e7os prestados na comunidade sarandiense pela institui\u00e7\u00e3o Corsan, dada a import\u00e2ncia de se valorizar as pessoas que ajudaram, de alguma forma, no desenvolvimento e na constru\u00e7\u00e3o da hist\u00f3ria do Munic\u00edpio.<\/p>\n<p>O Presidente Alex Ant\u00f4nio Rodrigues, fala sobre o Ato Solene, agradece ao p\u00fablico presente na sess\u00e3o, ao Sr. Celso Gnoatto e seus familiares, ao aos colegas da Corsan que o acompanham o homenageado. Cedeu espe\u00e7o para que o Vereador Wilmar Azeredo representasse o Sr, Ozeno Pires Picollo, propositor desta homenagem e que est\u00e1 na supl\u00eancia no momento. O Ver. Wilmar Azeredo parabeniza o Sr. Celso Gnoatto, agradece pelos 29 anos de importantes trabalhos prestados a comunidade sarandiense.<\/p>\n<p>Foram 29 anos de dedica\u00e7\u00e3o ao servi\u00e7o p\u00fablico pela Corsan, fala da alegria dos familiares, do Gerente e demais colegas do homenageado por este t\u00e3o importante momento. Afirma ser uma grande honra, pois o Celso \u00e9 bom vizinho, amigo, homem dedicado, s\u00e9rio, que sempre fez o melhor pela Corsan e pela comunidade, Celso sempre esteve pronto e a disposi\u00e7\u00e3o com muita gentileza, com prud\u00eancia e conhecimento de causa. S\u00e3o 29 anos de muita entrega, Celso dedicou parte de sua vida ao servi\u00e7o p\u00fablico, conclui dizendo ser o m\u00ednimo que esta Casa pode fazer, reconhec\u00ea-lo, agradecer e lhe homenagear, pois deixou um bom legado nesta institui\u00e7\u00e3o, deixando rastro bonito e exemplar. Sr. Celso Gnoatto, sinta-se acariciado, abra\u00e7ado por esta Casa, homenageado pelo colega Ozeno Pires Picollo e pela bancada do PDT, que est\u00e1 aqui para reconhecer, pois j\u00e1 fala Partido Democr\u00e1tico trabalhista, reconhecimento aos homens e mulheres que trabalham e se dedicam para ganhar o seu p\u00e3o, levar o sustento a sua casa e ainda prestar um bom servi\u00e7o a popula\u00e7\u00e3o. Celso aproveite com muita sa\u00fade e vigor f\u00edsico essa aposentadoria t\u00e3o merecida que alcan\u00e7aste. O Gerente da Corsan Josival Machado tamb\u00e9m se reportou sobre esta importante ato solene, saudou a todos e em especial ao Celso Gnoatto, pois teve o prazer de conhec\u00ea-lo a quase 2 anos que esta em Sarandi, e conviveu com o Celsinho da Corsan, como \u00e9 carinhosamente chamado, Celso sempre envolvido e auxiliando Clubes, Igrejas, a sociedade, e ainda trabalhando, isso sim \u00e9 viver, Celso \u00e9 um exemplo de vida, agradece em nome de toda a Corsan por estes 29 anos que dedicaste sua vida, viveu para a Corsan e para a Comunidade sarandiense. Agradece profundamente ao Ozeno Picollo por ter feito esta Mo\u00e7\u00e3o de Aplausos e Reconhecimento ao Celso, e demais vereadores que apoiaram nesta homenagem.<\/p>\n<p>Hist\u00f3rico do Celso Gnoatto: Celso Gnoatto, Nascido em 19\/10\/1961, filho de Adele Soares Gnoatto e Angelo Luiz Gnoatto, ambos falecidos, natural de Sarandi\/RS. Possui 06 (seis) irm\u00e3os: Enio Gnoato (in mem\u00f3ria), e Mariza Gnoatto, Cesar Gnoatto, Iran Gnoatto, e Jorge Luiz Gnoatto.<\/p>\n<p>Iniciou seus trabalhos na CORSAN 09\/07\/1990, ingressou atrav\u00e9s de concurso p\u00fablico e se aposentou em 10\/06\/2019. Por muitas vezes ficou como Gestor Substituto, sempre sendo refer\u00eancia dentro das unidades de Sarandi e regi\u00e3o. Foi representante da funda\u00e7\u00e3o da CORSAN \u2013 Previd\u00eancia complementar, por 25 anos e por 25 anos representante da Associa\u00e7\u00e3o dos servidores da CORSAN. Celso, tamb\u00e9m realiza trabalhos volunt\u00e1rios em v\u00e1rias entidades do Mun\u00edcipio sempre que requesitado.<\/p>\n<p>Celso se reportou sobre o ato solene, cumprimentou o Presidente Alex, demais vereadores e o p\u00fablico presente, dizendo que depois das palavras proferidas pelo vereador Wilmar e pelo chefe Corsan da unidade de Sarandi, fica agradecido e diz que por 29 anos exerceu o dever prestar um servi\u00e7o digno a comunidade e a todos quantos vieram pedindo uma solu\u00e7\u00e3o de algum problema. Agradece ao amigo Ozeno, por esta Mo\u00e7\u00e3o e a todos aqueles que apoiaram. Saudou ao p\u00fablico presente, aos que acompanham pelos meios de comunica\u00e7\u00e3o, aos colegas da Corsan, agradece a Deus pelos 29 anos de trabalho, aos ensinamentos de seus pais, irm\u00e3os, colegas, e s\u00f3 tem que agradecer, sempre trabalhou com pessoas de fundamento, natural de Sarandi, diz gostar muito desta cidade e do povo daqui.<\/p>\n<p>Logo ap\u00f3s o Presidente convida ao Sr.Celso Gnoatto para receber um Diploma de Gratid\u00e3o, juntamente com seus familiares e colegas da Corsan, Ozeno Picollo e os vereadores da bancada do PDT.<\/p>\n<p>Celso Gnoatto, a comunidade sarandiense lhe parabeniza, agradece e deseja longos anos de vida com muita sa\u00fade e felicidades.<a href=\"https:\/\/uvbbrasil.com.br\/?attachment_id=15540\" rel=\"attachment wp-att-15540\"><img fetchpriority=\"high\" decoding=\"async\" class=\"aligncenter size-full wp-image-15540\" src=\"https:\/\/uvbbrasil.com.br\/wp-content\/uploads\/2019\/08\/SARANDI.jpg\" alt=\"\" width=\"960\" height=\"540\" srcset=\"https:\/\/uvbbrasil.com.br\/wp-content\/uploads\/2019\/08\/SARANDI.jpg 960w, https:\/\/uvbbrasil.com.br\/wp-content\/uploads\/2019\/08\/SARANDI-300x169.jpg 300w, https:\/\/uvbbrasil.com.br\/wp-content\/uploads\/2019\/08\/SARANDI-768x432.jpg 768w\" sizes=\"(max-width: 960px) 100vw, 960px\" \/><\/a><em>fonte:<\/em> www.facebook.com<\/p>\n","protected":false},"excerpt":{"rendered":"<p>&nbsp; Na 31\u00aa Sess\u00e3o de 2019, que aconteceu no dia 12 de Agosto, os vereadores da bancada do PDT prestaram&#8230;<\/p>\n","protected":false},"author":1,"featured_media":15540,"comment_status":"open","ping_status":"open","sticky":false,"template":"","format":"standard","meta":{"footnotes":""},"categories":[3],"tags":[],"class_list":["post-15539","post","type-post","status-publish","format-standard","has-post-thumbnail","hentry","category-noticias"],"yoast_head":"<!-- This site is optimized with the Yoast SEO plugin v26.7 - https:\/\/yoast.com\/wordpress\/plugins\/seo\/ -->\n<title>Legislativo Sarandiense, homenageia servidor da Corsan Sr. Celso Gnoatto. - UVB Brasil<\/title>\n<meta name=\"robots\" content=\"index, follow, max-snippet:-1, max-image-preview:large, max-video-preview:-1\" \/>\n<link rel=\"canonical\" href=\"https:\/\/uvbbrasil.com.br\/legislativo-sarandiense-homenageia-servidor-da-corsan-sr-celso-gnoatto\/\" \/>\n<meta property=\"og:locale\" content=\"pt_BR\" \/>\n<meta property=\"og:type\" content=\"article\" \/>\n<meta property=\"og:title\" content=\"Legislativo Sarandiense, homenageia servidor da Corsan Sr. Celso Gnoatto. - UVB Brasil\" \/>\n<meta property=\"og:description\" content=\"&nbsp; Na 31\u00aa Sess\u00e3o de 2019, que aconteceu no dia 12 de Agosto, os vereadores da bancada do PDT prestaram...\" \/>\n<meta property=\"og:url\" content=\"https:\/\/uvbbrasil.com.br\/legislativo-sarandiense-homenageia-servidor-da-corsan-sr-celso-gnoatto\/\" \/>\n<meta property=\"og:site_name\" content=\"UVB Brasil\" \/>\n<meta property=\"article:publisher\" content=\"https:\/\/www.facebook.com\/uvb.vereadoresbrasil\" \/>\n<meta property=\"article:published_time\" content=\"2019-08-16T19:30:11+00:00\" \/>\n<meta property=\"og:image\" content=\"https:\/\/uvbbrasil.com.br\/wp-content\/uploads\/2019\/08\/SARANDI.jpg\" \/>\n\t<meta property=\"og:image:width\" content=\"960\" \/>\n\t<meta property=\"og:image:height\" content=\"540\" \/>\n\t<meta property=\"og:image:type\" content=\"image\/jpeg\" \/>\n<meta name=\"author\" content=\"adminuvb\" \/>\n<meta name=\"twitter:card\" content=\"summary_large_image\" \/>\n<meta name=\"twitter:label1\" content=\"Escrito por\" \/>\n\t<meta name=\"twitter:data1\" content=\"adminuvb\" \/>\n\t<meta name=\"twitter:label2\" content=\"Est. tempo de leitura\" \/>\n\t<meta name=\"twitter:data2\" content=\"4 minutos\" \/>\n<script type=\"application\/ld+json\" class=\"yoast-schema-graph\">{\"@context\":\"https:\/\/schema.org\",\"@graph\":[{\"@type\":\"Article\",\"@id\":\"https:\/\/uvbbrasil.com.br\/legislativo-sarandiense-homenageia-servidor-da-corsan-sr-celso-gnoatto\/#article\",\"isPartOf\":{\"@id\":\"https:\/\/uvbbrasil.com.br\/legislativo-sarandiense-homenageia-servidor-da-corsan-sr-celso-gnoatto\/\"},\"author\":{\"name\":\"adminuvb\",\"@id\":\"https:\/\/uvbbrasil.com.br\/#\/schema\/person\/17990098446c098f52effddff4f1b272\"},\"headline\":\"Legislativo Sarandiense, homenageia servidor da Corsan Sr. Celso Gnoatto.\",\"datePublished\":\"2019-08-16T19:30:11+00:00\",\"mainEntityOfPage\":{\"@id\":\"https:\/\/uvbbrasil.com.br\/legislativo-sarandiense-homenageia-servidor-da-corsan-sr-celso-gnoatto\/\"},\"wordCount\":824,\"commentCount\":0,\"publisher\":{\"@id\":\"https:\/\/uvbbrasil.com.br\/#organization\"},\"image\":{\"@id\":\"https:\/\/uvbbrasil.com.br\/legislativo-sarandiense-homenageia-servidor-da-corsan-sr-celso-gnoatto\/#primaryimage\"},\"thumbnailUrl\":\"https:\/\/uvbbrasil.com.br\/wp-content\/uploads\/2019\/08\/SARANDI.jpg\",\"articleSection\":[\"NOT\u00cdCIAS\"],\"inLanguage\":\"pt-BR\",\"potentialAction\":[{\"@type\":\"CommentAction\",\"name\":\"Comment\",\"target\":[\"https:\/\/uvbbrasil.com.br\/legislativo-sarandiense-homenageia-servidor-da-corsan-sr-celso-gnoatto\/#respond\"]}]},{\"@type\":\"WebPage\",\"@id\":\"https:\/\/uvbbrasil.com.br\/legislativo-sarandiense-homenageia-servidor-da-corsan-sr-celso-gnoatto\/\",\"url\":\"https:\/\/uvbbrasil.com.br\/legislativo-sarandiense-homenageia-servidor-da-corsan-sr-celso-gnoatto\/\",\"name\":\"Legislativo Sarandiense, homenageia servidor da Corsan Sr. Celso Gnoatto. - UVB Brasil\",\"isPartOf\":{\"@id\":\"https:\/\/uvbbrasil.com.br\/#website\"},\"primaryImageOfPage\":{\"@id\":\"https:\/\/uvbbrasil.com.br\/legislativo-sarandiense-homenageia-servidor-da-corsan-sr-celso-gnoatto\/#primaryimage\"},\"image\":{\"@id\":\"https:\/\/uvbbrasil.com.br\/legislativo-sarandiense-homenageia-servidor-da-corsan-sr-celso-gnoatto\/#primaryimage\"},\"thumbnailUrl\":\"https:\/\/uvbbrasil.com.br\/wp-content\/uploads\/2019\/08\/SARANDI.jpg\",\"datePublished\":\"2019-08-16T19:30:11+00:00\",\"breadcrumb\":{\"@id\":\"https:\/\/uvbbrasil.com.br\/legislativo-sarandiense-homenageia-servidor-da-corsan-sr-celso-gnoatto\/#breadcrumb\"},\"inLanguage\":\"pt-BR\",\"potentialAction\":[{\"@type\":\"ReadAction\",\"target\":[\"https:\/\/uvbbrasil.com.br\/legislativo-sarandiense-homenageia-servidor-da-corsan-sr-celso-gnoatto\/\"]}]},{\"@type\":\"ImageObject\",\"inLanguage\":\"pt-BR\",\"@id\":\"https:\/\/uvbbrasil.com.br\/legislativo-sarandiense-homenageia-servidor-da-corsan-sr-celso-gnoatto\/#primaryimage\",\"url\":\"https:\/\/uvbbrasil.com.br\/wp-content\/uploads\/2019\/08\/SARANDI.jpg\",\"contentUrl\":\"https:\/\/uvbbrasil.com.br\/wp-content\/uploads\/2019\/08\/SARANDI.jpg\",\"width\":960,\"height\":540},{\"@type\":\"BreadcrumbList\",\"@id\":\"https:\/\/uvbbrasil.com.br\/legislativo-sarandiense-homenageia-servidor-da-corsan-sr-celso-gnoatto\/#breadcrumb\",\"itemListElement\":[{\"@type\":\"ListItem\",\"position\":1,\"name\":\"In\u00edcio\",\"item\":\"https:\/\/uvbbrasil.com.br\/\"},{\"@type\":\"ListItem\",\"position\":2,\"name\":\"Legislativo Sarandiense, homenageia servidor da Corsan Sr. Celso Gnoatto.\"}]},{\"@type\":\"WebSite\",\"@id\":\"https:\/\/uvbbrasil.com.br\/#website\",\"url\":\"https:\/\/uvbbrasil.com.br\/\",\"name\":\"UVB Brasil\",\"description\":\"Uni\u00e3o dos Vereadores do Brasil\",\"publisher\":{\"@id\":\"https:\/\/uvbbrasil.com.br\/#organization\"},\"potentialAction\":[{\"@type\":\"SearchAction\",\"target\":{\"@type\":\"EntryPoint\",\"urlTemplate\":\"https:\/\/uvbbrasil.com.br\/?s={search_term_string}\"},\"query-input\":{\"@type\":\"PropertyValueSpecification\",\"valueRequired\":true,\"valueName\":\"search_term_string\"}}],\"inLanguage\":\"pt-BR\"},{\"@type\":\"Organization\",\"@id\":\"https:\/\/uvbbrasil.com.br\/#organization\",\"name\":\"UVB Brasil\",\"url\":\"https:\/\/uvbbrasil.com.br\/\",\"logo\":{\"@type\":\"ImageObject\",\"inLanguage\":\"pt-BR\",\"@id\":\"https:\/\/uvbbrasil.com.br\/#\/schema\/logo\/image\/\",\"url\":\"https:\/\/uvbbrasil.com.br\/wp-content\/uploads\/2025\/01\/LOGO-UVB-2024-azul-1.jpg\",\"contentUrl\":\"https:\/\/uvbbrasil.com.br\/wp-content\/uploads\/2025\/01\/LOGO-UVB-2024-azul-1.jpg\",\"width\":600,\"height\":211,\"caption\":\"UVB Brasil\"},\"image\":{\"@id\":\"https:\/\/uvbbrasil.com.br\/#\/schema\/logo\/image\/\"},\"sameAs\":[\"https:\/\/www.facebook.com\/uvb.vereadoresbrasil\",\"https:\/\/www.instagram.com\/uvbbrasil\/\",\"https:\/\/www.youtube.com\/channel\/UCIlPQ8Xzw5GHNzosQIg9S5A\"]},{\"@type\":\"Person\",\"@id\":\"https:\/\/uvbbrasil.com.br\/#\/schema\/person\/17990098446c098f52effddff4f1b272\",\"name\":\"adminuvb\",\"image\":{\"@type\":\"ImageObject\",\"inLanguage\":\"pt-BR\",\"@id\":\"https:\/\/uvbbrasil.com.br\/#\/schema\/person\/image\/\",\"url\":\"https:\/\/secure.gravatar.com\/avatar\/1a494ea6f8e2dd1ae526e55b0e9497efdba542491e0620d704cccf63c6f77c45?s=96&d=mm&r=g\",\"contentUrl\":\"https:\/\/secure.gravatar.com\/avatar\/1a494ea6f8e2dd1ae526e55b0e9497efdba542491e0620d704cccf63c6f77c45?s=96&d=mm&r=g\",\"caption\":\"adminuvb\"},\"sameAs\":[\"https:\/\/uvbbrasil.com.br\"],\"url\":\"https:\/\/uvbbrasil.com.br\/author\/adminuvb\/\"}]}<\/script>\n<!-- \/ Yoast SEO plugin. -->","yoast_head_json":{"title":"Legislativo Sarandiense, homenageia servidor da Corsan Sr. Celso Gnoatto. - UVB Brasil","robots":{"index":"index","follow":"follow","max-snippet":"max-snippet:-1","max-image-preview":"max-image-preview:large","max-video-preview":"max-video-preview:-1"},"canonical":"https:\/\/uvbbrasil.com.br\/legislativo-sarandiense-homenageia-servidor-da-corsan-sr-celso-gnoatto\/","og_locale":"pt_BR","og_type":"article","og_title":"Legislativo Sarandiense, homenageia servidor da Corsan Sr. Celso Gnoatto. - UVB Brasil","og_description":"&nbsp; Na 31\u00aa Sess\u00e3o de 2019, que aconteceu no dia 12 de Agosto, os vereadores da bancada do PDT prestaram...","og_url":"https:\/\/uvbbrasil.com.br\/legislativo-sarandiense-homenageia-servidor-da-corsan-sr-celso-gnoatto\/","og_site_name":"UVB Brasil","article_publisher":"https:\/\/www.facebook.com\/uvb.vereadoresbrasil","article_published_time":"2019-08-16T19:30:11+00:00","og_image":[{"width":960,"height":540,"url":"https:\/\/uvbbrasil.com.br\/wp-content\/uploads\/2019\/08\/SARANDI.jpg","type":"image\/jpeg"}],"author":"adminuvb","twitter_card":"summary_large_image","twitter_misc":{"Escrito por":"adminuvb","Est. tempo de leitura":"4 minutos"},"schema":{"@context":"https:\/\/schema.org","@graph":[{"@type":"Article","@id":"https:\/\/uvbbrasil.com.br\/legislativo-sarandiense-homenageia-servidor-da-corsan-sr-celso-gnoatto\/#article","isPartOf":{"@id":"https:\/\/uvbbrasil.com.br\/legislativo-sarandiense-homenageia-servidor-da-corsan-sr-celso-gnoatto\/"},"author":{"name":"adminuvb","@id":"https:\/\/uvbbrasil.com.br\/#\/schema\/person\/17990098446c098f52effddff4f1b272"},"headline":"Legislativo Sarandiense, homenageia servidor da Corsan Sr. Celso Gnoatto.","datePublished":"2019-08-16T19:30:11+00:00","mainEntityOfPage":{"@id":"https:\/\/uvbbrasil.com.br\/legislativo-sarandiense-homenageia-servidor-da-corsan-sr-celso-gnoatto\/"},"wordCount":824,"commentCount":0,"publisher":{"@id":"https:\/\/uvbbrasil.com.br\/#organization"},"image":{"@id":"https:\/\/uvbbrasil.com.br\/legislativo-sarandiense-homenageia-servidor-da-corsan-sr-celso-gnoatto\/#primaryimage"},"thumbnailUrl":"https:\/\/uvbbrasil.com.br\/wp-content\/uploads\/2019\/08\/SARANDI.jpg","articleSection":["NOT\u00cdCIAS"],"inLanguage":"pt-BR","potentialAction":[{"@type":"CommentAction","name":"Comment","target":["https:\/\/uvbbrasil.com.br\/legislativo-sarandiense-homenageia-servidor-da-corsan-sr-celso-gnoatto\/#respond"]}]},{"@type":"WebPage","@id":"https:\/\/uvbbrasil.com.br\/legislativo-sarandiense-homenageia-servidor-da-corsan-sr-celso-gnoatto\/","url":"https:\/\/uvbbrasil.com.br\/legislativo-sarandiense-homenageia-servidor-da-corsan-sr-celso-gnoatto\/","name":"Legislativo Sarandiense, homenageia servidor da Corsan Sr. Celso Gnoatto. - UVB Brasil","isPartOf":{"@id":"https:\/\/uvbbrasil.com.br\/#website"},"primaryImageOfPage":{"@id":"https:\/\/uvbbrasil.com.br\/legislativo-sarandiense-homenageia-servidor-da-corsan-sr-celso-gnoatto\/#primaryimage"},"image":{"@id":"https:\/\/uvbbrasil.com.br\/legislativo-sarandiense-homenageia-servidor-da-corsan-sr-celso-gnoatto\/#primaryimage"},"thumbnailUrl":"https:\/\/uvbbrasil.com.br\/wp-content\/uploads\/2019\/08\/SARANDI.jpg","datePublished":"2019-08-16T19:30:11+00:00","breadcrumb":{"@id":"https:\/\/uvbbrasil.com.br\/legislativo-sarandiense-homenageia-servidor-da-corsan-sr-celso-gnoatto\/#breadcrumb"},"inLanguage":"pt-BR","potentialAction":[{"@type":"ReadAction","target":["https:\/\/uvbbrasil.com.br\/legislativo-sarandiense-homenageia-servidor-da-corsan-sr-celso-gnoatto\/"]}]},{"@type":"ImageObject","inLanguage":"pt-BR","@id":"https:\/\/uvbbrasil.com.br\/legislativo-sarandiense-homenageia-servidor-da-corsan-sr-celso-gnoatto\/#primaryimage","url":"https:\/\/uvbbrasil.com.br\/wp-content\/uploads\/2019\/08\/SARANDI.jpg","contentUrl":"https:\/\/uvbbrasil.com.br\/wp-content\/uploads\/2019\/08\/SARANDI.jpg","width":960,"height":540},{"@type":"BreadcrumbList","@id":"https:\/\/uvbbrasil.com.br\/legislativo-sarandiense-homenageia-servidor-da-corsan-sr-celso-gnoatto\/#breadcrumb","itemListElement":[{"@type":"ListItem","position":1,"name":"In\u00edcio","item":"https:\/\/uvbbrasil.com.br\/"},{"@type":"ListItem","position":2,"name":"Legislativo Sarandiense, homenageia servidor da Corsan Sr. Celso Gnoatto."}]},{"@type":"WebSite","@id":"https:\/\/uvbbrasil.com.br\/#website","url":"https:\/\/uvbbrasil.com.br\/","name":"UVB Brasil","description":"Uni\u00e3o dos Vereadores do Brasil","publisher":{"@id":"https:\/\/uvbbrasil.com.br\/#organization"},"potentialAction":[{"@type":"SearchAction","target":{"@type":"EntryPoint","urlTemplate":"https:\/\/uvbbrasil.com.br\/?s={search_term_string}"},"query-input":{"@type":"PropertyValueSpecification","valueRequired":true,"valueName":"search_term_string"}}],"inLanguage":"pt-BR"},{"@type":"Organization","@id":"https:\/\/uvbbrasil.com.br\/#organization","name":"UVB Brasil","url":"https:\/\/uvbbrasil.com.br\/","logo":{"@type":"ImageObject","inLanguage":"pt-BR","@id":"https:\/\/uvbbrasil.com.br\/#\/schema\/logo\/image\/","url":"https:\/\/uvbbrasil.com.br\/wp-content\/uploads\/2025\/01\/LOGO-UVB-2024-azul-1.jpg","contentUrl":"https:\/\/uvbbrasil.com.br\/wp-content\/uploads\/2025\/01\/LOGO-UVB-2024-azul-1.jpg","width":600,"height":211,"caption":"UVB Brasil"},"image":{"@id":"https:\/\/uvbbrasil.com.br\/#\/schema\/logo\/image\/"},"sameAs":["https:\/\/www.facebook.com\/uvb.vereadoresbrasil","https:\/\/www.instagram.com\/uvbbrasil\/","https:\/\/www.youtube.com\/channel\/UCIlPQ8Xzw5GHNzosQIg9S5A"]},{"@type":"Person","@id":"https:\/\/uvbbrasil.com.br\/#\/schema\/person\/17990098446c098f52effddff4f1b272","name":"adminuvb","image":{"@type":"ImageObject","inLanguage":"pt-BR","@id":"https:\/\/uvbbrasil.com.br\/#\/schema\/person\/image\/","url":"https:\/\/secure.gravatar.com\/avatar\/1a494ea6f8e2dd1ae526e55b0e9497efdba542491e0620d704cccf63c6f77c45?s=96&d=mm&r=g","contentUrl":"https:\/\/secure.gravatar.com\/avatar\/1a494ea6f8e2dd1ae526e55b0e9497efdba542491e0620d704cccf63c6f77c45?s=96&d=mm&r=g","caption":"adminuvb"},"sameAs":["https:\/\/uvbbrasil.com.br"],"url":"https:\/\/uvbbrasil.com.br\/author\/adminuvb\/"}]}},"_links":{"self":[{"href":"https:\/\/uvbbrasil.com.br\/uvb-json\/wp\/v2\/posts\/15539","targetHints":{"allow":["GET"]}}],"collection":[{"href":"https:\/\/uvbbrasil.com.br\/uvb-json\/wp\/v2\/posts"}],"about":[{"href":"https:\/\/uvbbrasil.com.br\/uvb-json\/wp\/v2\/types\/post"}],"author":[{"embeddable":true,"href":"https:\/\/uvbbrasil.com.br\/uvb-json\/wp\/v2\/users\/1"}],"replies":[{"embeddable":true,"href":"https:\/\/uvbbrasil.com.br\/uvb-json\/wp\/v2\/comments?post=15539"}],"version-history":[{"count":0,"href":"https:\/\/uvbbrasil.com.br\/uvb-json\/wp\/v2\/posts\/15539\/revisions"}],"wp:featuredmedia":[{"embeddable":true,"href":"https:\/\/uvbbrasil.com.br\/uvb-json\/wp\/v2\/media\/15540"}],"wp:attachment":[{"href":"https:\/\/uvbbrasil.com.br\/uvb-json\/wp\/v2\/media?parent=15539"}],"wp:term":[{"taxonomy":"category","embeddable":true,"href":"https:\/\/uvbbrasil.com.br\/uvb-json\/wp\/v2\/categories?post=15539"},{"taxonomy":"post_tag","embeddable":true,"href":"https:\/\/uvbbrasil.com.br\/uvb-json\/wp\/v2\/tags?post=15539"}],"curies":[{"name":"wp","href":"https:\/\/api.w.org\/{rel}","templated":true}]}}