{"id":15536,"date":"2019-08-16T14:12:59","date_gmt":"2019-08-16T17:12:59","guid":{"rendered":"https:\/\/wpsandbox4.pante.com.br\/?p=15536"},"modified":"2019-08-16T14:12:59","modified_gmt":"2019-08-16T17:12:59","slug":"fnp-defende-maior-participacao-da-uniao-no-fundeb","status":"publish","type":"post","link":"https:\/\/uvbbrasil.com.br\/fnp-defende-maior-participacao-da-uniao-no-fundeb\/","title":{"rendered":"FNP defende maior participa\u00e7\u00e3o da Uni\u00e3o no Fundeb"},"content":{"rendered":"<p>Frente defendeu o aumento da participa\u00e7\u00e3o da Uni\u00e3o no financiamento, de 10% para 40%<\/p>\n<p>FNP defende maior participa\u00e7\u00e3o da Uni\u00e3o no Fundeb \u2013 O novo Fundeb como mecanismo de financiamento para a garantia da qualidade da educa\u00e7\u00e3o esteve em pauta de discuss\u00e3o nesta quarta-feira, 14, durante o 17\u00ba F\u00f3rum Nacional da Undime. A Frente Nacional de Prefeitos (FNP) foi uma das convidadas para o debate e foi representada pelo secret\u00e1rio-executivo da entidade, Gilberto Perre.<\/p>\n<p>\u201cEstamos acompanhando a tramita\u00e7\u00e3o das propostas que tratam do Fundeb. \u00c9 um momento muito importante porque esse financiamento \u00e9 fundamental para educa\u00e7\u00e3o b\u00e1sica. Ao mesmo tempo, o ambiente pol\u00edtico \u00e9 complexo e nos cobra bastante aten\u00e7\u00e3o nessa agenda, para que n\u00e3o enfrentemos retrocessos\u201d, declarou Perre. O representante da FNP destacou, ainda, que a pauta concorre com outras que t\u00eam maior visibilidade, como a reforma da previd\u00eancia, a reforma tribut\u00e1ria e a reforma do pacto federativo.<\/p>\n<p>Esta \u00e9 a segunda vez, s\u00f3 neste m\u00eas de agosto, que a FNP debate o Fundo de Manuten\u00e7\u00e3o e Desenvolvimento da Educa\u00e7\u00e3o B\u00e1sica e de Valoriza\u00e7\u00e3o dos Profissionais da Educa\u00e7\u00e3o (Fundeb). No dia 1\u00ba, gestores municipais e representantes de entidades ligadas ao tema se reuniram na sede da entidade, em Bras\u00edlia\/DF. Saiba mais aqui.<\/p>\n<p>Hoje, reiterando seu posicionamento, a Frente defendeu o aumento da participa\u00e7\u00e3o da Uni\u00e3o no financiamento, de 10% para 40%, mas ressaltou o papel dos gestores na busca por melhorias no financiamento. \u201c\u00c9 muito razo\u00e1vel que secret\u00e1rios, prefeitos e governadores cobrem do governo federal, de fato, um financiamento mais substantivo em rela\u00e7\u00e3o ao Fundeb, mas tamb\u00e9m devemos fazer o nosso dever de casa para n\u00e3o partir para solu\u00e7\u00f5es mais f\u00e1ceis\u201d, ponderou Gilberto Perre, enfatizando que \u201ccom qualidade na arrecada\u00e7\u00e3o pr\u00f3pria \u00e9 poss\u00edvel reduzir a disfun\u00e7\u00e3o fiscal\u201d.<\/p>\n<p>O presidente da Undime, Al\u00e9cio Costa Lima, lembrou a parceria hist\u00f3ria entre as duas entidades. Segundo ele, a Undime e a FNP t\u00eam caminhado juntas h\u00e1 bastante tempo nas pautas referentes \u00e0s pol\u00edticas p\u00fablicas de educa\u00e7\u00e3o nos munic\u00edpios. \u201cAgora estamos trabalhando por uma regulamenta\u00e7\u00e3o que garanta ao Fundeb patamares mais elevados\u201d, acrescentou.<\/p>\n<p>Participaram ainda da mesa redonda o senador Fl\u00e1vio Arns, relator da PEC 64; o professor Josu\u00e9 Modesto, secret\u00e1rio de Educa\u00e7\u00e3o de Aracaju\/SE; e a coordenadora de pol\u00edticas educacionais da Campanha Nacional Pelo Direito \u00e0 Educa\u00e7\u00e3o, Andressa Pelandra.<a href=\"https:\/\/uvbbrasil.com.br\/?attachment_id=15537\" rel=\"attachment wp-att-15537\"><img fetchpriority=\"high\" decoding=\"async\" class=\"aligncenter size-full wp-image-15537\" src=\"https:\/\/uvbbrasil.com.br\/wp-content\/uploads\/2019\/08\/16-08.jpg\" alt=\"\" width=\"780\" height=\"450\" srcset=\"https:\/\/uvbbrasil.com.br\/wp-content\/uploads\/2019\/08\/16-08.jpg 780w, https:\/\/uvbbrasil.com.br\/wp-content\/uploads\/2019\/08\/16-08-300x173.jpg 300w, https:\/\/uvbbrasil.com.br\/wp-content\/uploads\/2019\/08\/16-08-768x443.jpg 768w\" sizes=\"(max-width: 780px) 100vw, 780px\" \/><\/a><\/p>\n<p><em>fonte<\/em>:www.i9treinamentos.com<\/p>\n","protected":false},"excerpt":{"rendered":"<p>Frente defendeu o aumento da participa\u00e7\u00e3o da Uni\u00e3o no financiamento, de 10% para 40% FNP defende maior participa\u00e7\u00e3o da Uni\u00e3o&#8230;<\/p>\n","protected":false},"author":1,"featured_media":15537,"comment_status":"open","ping_status":"open","sticky":false,"template":"","format":"standard","meta":{"footnotes":""},"categories":[3],"tags":[],"class_list":["post-15536","post","type-post","status-publish","format-standard","has-post-thumbnail","hentry","category-noticias"],"yoast_head":"<!-- This site is optimized with the Yoast SEO plugin v26.7 - https:\/\/yoast.com\/wordpress\/plugins\/seo\/ -->\n<title>FNP defende maior participa\u00e7\u00e3o da Uni\u00e3o no Fundeb - UVB Brasil<\/title>\n<meta name=\"robots\" content=\"index, follow, max-snippet:-1, max-image-preview:large, max-video-preview:-1\" \/>\n<link rel=\"canonical\" href=\"https:\/\/uvbbrasil.com.br\/fnp-defende-maior-participacao-da-uniao-no-fundeb\/\" \/>\n<meta property=\"og:locale\" content=\"pt_BR\" \/>\n<meta property=\"og:type\" content=\"article\" \/>\n<meta property=\"og:title\" content=\"FNP defende maior participa\u00e7\u00e3o da Uni\u00e3o no Fundeb - UVB Brasil\" \/>\n<meta property=\"og:description\" content=\"Frente defendeu o aumento da participa\u00e7\u00e3o da Uni\u00e3o no financiamento, de 10% para 40% FNP defende maior participa\u00e7\u00e3o da Uni\u00e3o...\" \/>\n<meta property=\"og:url\" content=\"https:\/\/uvbbrasil.com.br\/fnp-defende-maior-participacao-da-uniao-no-fundeb\/\" \/>\n<meta property=\"og:site_name\" content=\"UVB Brasil\" \/>\n<meta property=\"article:publisher\" content=\"https:\/\/www.facebook.com\/uvb.vereadoresbrasil\" \/>\n<meta property=\"article:published_time\" content=\"2019-08-16T17:12:59+00:00\" \/>\n<meta property=\"og:image\" content=\"https:\/\/uvbbrasil.com.br\/wp-content\/uploads\/2019\/08\/16-08.jpg\" \/>\n\t<meta property=\"og:image:width\" content=\"780\" \/>\n\t<meta property=\"og:image:height\" content=\"450\" \/>\n\t<meta property=\"og:image:type\" content=\"image\/jpeg\" \/>\n<meta name=\"author\" content=\"adminuvb\" \/>\n<meta name=\"twitter:card\" content=\"summary_large_image\" \/>\n<meta name=\"twitter:label1\" content=\"Escrito por\" \/>\n\t<meta name=\"twitter:data1\" content=\"adminuvb\" \/>\n\t<meta name=\"twitter:label2\" content=\"Est. tempo de leitura\" \/>\n\t<meta name=\"twitter:data2\" content=\"2 minutos\" \/>\n<script type=\"application\/ld+json\" class=\"yoast-schema-graph\">{\"@context\":\"https:\/\/schema.org\",\"@graph\":[{\"@type\":\"Article\",\"@id\":\"https:\/\/uvbbrasil.com.br\/fnp-defende-maior-participacao-da-uniao-no-fundeb\/#article\",\"isPartOf\":{\"@id\":\"https:\/\/uvbbrasil.com.br\/fnp-defende-maior-participacao-da-uniao-no-fundeb\/\"},\"author\":{\"name\":\"adminuvb\",\"@id\":\"https:\/\/uvbbrasil.com.br\/#\/schema\/person\/17990098446c098f52effddff4f1b272\"},\"headline\":\"FNP defende maior participa\u00e7\u00e3o da Uni\u00e3o no Fundeb\",\"datePublished\":\"2019-08-16T17:12:59+00:00\",\"mainEntityOfPage\":{\"@id\":\"https:\/\/uvbbrasil.com.br\/fnp-defende-maior-participacao-da-uniao-no-fundeb\/\"},\"wordCount\":428,\"commentCount\":0,\"publisher\":{\"@id\":\"https:\/\/uvbbrasil.com.br\/#organization\"},\"image\":{\"@id\":\"https:\/\/uvbbrasil.com.br\/fnp-defende-maior-participacao-da-uniao-no-fundeb\/#primaryimage\"},\"thumbnailUrl\":\"https:\/\/uvbbrasil.com.br\/wp-content\/uploads\/2019\/08\/16-08.jpg\",\"articleSection\":[\"NOT\u00cdCIAS\"],\"inLanguage\":\"pt-BR\",\"potentialAction\":[{\"@type\":\"CommentAction\",\"name\":\"Comment\",\"target\":[\"https:\/\/uvbbrasil.com.br\/fnp-defende-maior-participacao-da-uniao-no-fundeb\/#respond\"]}]},{\"@type\":\"WebPage\",\"@id\":\"https:\/\/uvbbrasil.com.br\/fnp-defende-maior-participacao-da-uniao-no-fundeb\/\",\"url\":\"https:\/\/uvbbrasil.com.br\/fnp-defende-maior-participacao-da-uniao-no-fundeb\/\",\"name\":\"FNP defende maior participa\u00e7\u00e3o da Uni\u00e3o no Fundeb - UVB Brasil\",\"isPartOf\":{\"@id\":\"https:\/\/uvbbrasil.com.br\/#website\"},\"primaryImageOfPage\":{\"@id\":\"https:\/\/uvbbrasil.com.br\/fnp-defende-maior-participacao-da-uniao-no-fundeb\/#primaryimage\"},\"image\":{\"@id\":\"https:\/\/uvbbrasil.com.br\/fnp-defende-maior-participacao-da-uniao-no-fundeb\/#primaryimage\"},\"thumbnailUrl\":\"https:\/\/uvbbrasil.com.br\/wp-content\/uploads\/2019\/08\/16-08.jpg\",\"datePublished\":\"2019-08-16T17:12:59+00:00\",\"breadcrumb\":{\"@id\":\"https:\/\/uvbbrasil.com.br\/fnp-defende-maior-participacao-da-uniao-no-fundeb\/#breadcrumb\"},\"inLanguage\":\"pt-BR\",\"potentialAction\":[{\"@type\":\"ReadAction\",\"target\":[\"https:\/\/uvbbrasil.com.br\/fnp-defende-maior-participacao-da-uniao-no-fundeb\/\"]}]},{\"@type\":\"ImageObject\",\"inLanguage\":\"pt-BR\",\"@id\":\"https:\/\/uvbbrasil.com.br\/fnp-defende-maior-participacao-da-uniao-no-fundeb\/#primaryimage\",\"url\":\"https:\/\/uvbbrasil.com.br\/wp-content\/uploads\/2019\/08\/16-08.jpg\",\"contentUrl\":\"https:\/\/uvbbrasil.com.br\/wp-content\/uploads\/2019\/08\/16-08.jpg\",\"width\":780,\"height\":450},{\"@type\":\"BreadcrumbList\",\"@id\":\"https:\/\/uvbbrasil.com.br\/fnp-defende-maior-participacao-da-uniao-no-fundeb\/#breadcrumb\",\"itemListElement\":[{\"@type\":\"ListItem\",\"position\":1,\"name\":\"In\u00edcio\",\"item\":\"https:\/\/uvbbrasil.com.br\/\"},{\"@type\":\"ListItem\",\"position\":2,\"name\":\"FNP defende maior participa\u00e7\u00e3o da Uni\u00e3o no Fundeb\"}]},{\"@type\":\"WebSite\",\"@id\":\"https:\/\/uvbbrasil.com.br\/#website\",\"url\":\"https:\/\/uvbbrasil.com.br\/\",\"name\":\"UVB Brasil\",\"description\":\"Uni\u00e3o dos Vereadores do Brasil\",\"publisher\":{\"@id\":\"https:\/\/uvbbrasil.com.br\/#organization\"},\"potentialAction\":[{\"@type\":\"SearchAction\",\"target\":{\"@type\":\"EntryPoint\",\"urlTemplate\":\"https:\/\/uvbbrasil.com.br\/?s={search_term_string}\"},\"query-input\":{\"@type\":\"PropertyValueSpecification\",\"valueRequired\":true,\"valueName\":\"search_term_string\"}}],\"inLanguage\":\"pt-BR\"},{\"@type\":\"Organization\",\"@id\":\"https:\/\/uvbbrasil.com.br\/#organization\",\"name\":\"UVB Brasil\",\"url\":\"https:\/\/uvbbrasil.com.br\/\",\"logo\":{\"@type\":\"ImageObject\",\"inLanguage\":\"pt-BR\",\"@id\":\"https:\/\/uvbbrasil.com.br\/#\/schema\/logo\/image\/\",\"url\":\"https:\/\/uvbbrasil.com.br\/wp-content\/uploads\/2025\/01\/LOGO-UVB-2024-azul-1.jpg\",\"contentUrl\":\"https:\/\/uvbbrasil.com.br\/wp-content\/uploads\/2025\/01\/LOGO-UVB-2024-azul-1.jpg\",\"width\":600,\"height\":211,\"caption\":\"UVB Brasil\"},\"image\":{\"@id\":\"https:\/\/uvbbrasil.com.br\/#\/schema\/logo\/image\/\"},\"sameAs\":[\"https:\/\/www.facebook.com\/uvb.vereadoresbrasil\",\"https:\/\/www.instagram.com\/uvbbrasil\/\",\"https:\/\/www.youtube.com\/channel\/UCIlPQ8Xzw5GHNzosQIg9S5A\"]},{\"@type\":\"Person\",\"@id\":\"https:\/\/uvbbrasil.com.br\/#\/schema\/person\/17990098446c098f52effddff4f1b272\",\"name\":\"adminuvb\",\"image\":{\"@type\":\"ImageObject\",\"inLanguage\":\"pt-BR\",\"@id\":\"https:\/\/uvbbrasil.com.br\/#\/schema\/person\/image\/\",\"url\":\"https:\/\/secure.gravatar.com\/avatar\/1a494ea6f8e2dd1ae526e55b0e9497efdba542491e0620d704cccf63c6f77c45?s=96&d=mm&r=g\",\"contentUrl\":\"https:\/\/secure.gravatar.com\/avatar\/1a494ea6f8e2dd1ae526e55b0e9497efdba542491e0620d704cccf63c6f77c45?s=96&d=mm&r=g\",\"caption\":\"adminuvb\"},\"sameAs\":[\"https:\/\/uvbbrasil.com.br\"],\"url\":\"https:\/\/uvbbrasil.com.br\/author\/adminuvb\/\"}]}<\/script>\n<!-- \/ Yoast SEO plugin. -->","yoast_head_json":{"title":"FNP defende maior participa\u00e7\u00e3o da Uni\u00e3o no Fundeb - UVB Brasil","robots":{"index":"index","follow":"follow","max-snippet":"max-snippet:-1","max-image-preview":"max-image-preview:large","max-video-preview":"max-video-preview:-1"},"canonical":"https:\/\/uvbbrasil.com.br\/fnp-defende-maior-participacao-da-uniao-no-fundeb\/","og_locale":"pt_BR","og_type":"article","og_title":"FNP defende maior participa\u00e7\u00e3o da Uni\u00e3o no Fundeb - UVB Brasil","og_description":"Frente defendeu o aumento da participa\u00e7\u00e3o da Uni\u00e3o no financiamento, de 10% para 40% FNP defende maior participa\u00e7\u00e3o da Uni\u00e3o...","og_url":"https:\/\/uvbbrasil.com.br\/fnp-defende-maior-participacao-da-uniao-no-fundeb\/","og_site_name":"UVB Brasil","article_publisher":"https:\/\/www.facebook.com\/uvb.vereadoresbrasil","article_published_time":"2019-08-16T17:12:59+00:00","og_image":[{"width":780,"height":450,"url":"https:\/\/uvbbrasil.com.br\/wp-content\/uploads\/2019\/08\/16-08.jpg","type":"image\/jpeg"}],"author":"adminuvb","twitter_card":"summary_large_image","twitter_misc":{"Escrito por":"adminuvb","Est. tempo de leitura":"2 minutos"},"schema":{"@context":"https:\/\/schema.org","@graph":[{"@type":"Article","@id":"https:\/\/uvbbrasil.com.br\/fnp-defende-maior-participacao-da-uniao-no-fundeb\/#article","isPartOf":{"@id":"https:\/\/uvbbrasil.com.br\/fnp-defende-maior-participacao-da-uniao-no-fundeb\/"},"author":{"name":"adminuvb","@id":"https:\/\/uvbbrasil.com.br\/#\/schema\/person\/17990098446c098f52effddff4f1b272"},"headline":"FNP defende maior participa\u00e7\u00e3o da Uni\u00e3o no Fundeb","datePublished":"2019-08-16T17:12:59+00:00","mainEntityOfPage":{"@id":"https:\/\/uvbbrasil.com.br\/fnp-defende-maior-participacao-da-uniao-no-fundeb\/"},"wordCount":428,"commentCount":0,"publisher":{"@id":"https:\/\/uvbbrasil.com.br\/#organization"},"image":{"@id":"https:\/\/uvbbrasil.com.br\/fnp-defende-maior-participacao-da-uniao-no-fundeb\/#primaryimage"},"thumbnailUrl":"https:\/\/uvbbrasil.com.br\/wp-content\/uploads\/2019\/08\/16-08.jpg","articleSection":["NOT\u00cdCIAS"],"inLanguage":"pt-BR","potentialAction":[{"@type":"CommentAction","name":"Comment","target":["https:\/\/uvbbrasil.com.br\/fnp-defende-maior-participacao-da-uniao-no-fundeb\/#respond"]}]},{"@type":"WebPage","@id":"https:\/\/uvbbrasil.com.br\/fnp-defende-maior-participacao-da-uniao-no-fundeb\/","url":"https:\/\/uvbbrasil.com.br\/fnp-defende-maior-participacao-da-uniao-no-fundeb\/","name":"FNP defende maior participa\u00e7\u00e3o da Uni\u00e3o no Fundeb - UVB Brasil","isPartOf":{"@id":"https:\/\/uvbbrasil.com.br\/#website"},"primaryImageOfPage":{"@id":"https:\/\/uvbbrasil.com.br\/fnp-defende-maior-participacao-da-uniao-no-fundeb\/#primaryimage"},"image":{"@id":"https:\/\/uvbbrasil.com.br\/fnp-defende-maior-participacao-da-uniao-no-fundeb\/#primaryimage"},"thumbnailUrl":"https:\/\/uvbbrasil.com.br\/wp-content\/uploads\/2019\/08\/16-08.jpg","datePublished":"2019-08-16T17:12:59+00:00","breadcrumb":{"@id":"https:\/\/uvbbrasil.com.br\/fnp-defende-maior-participacao-da-uniao-no-fundeb\/#breadcrumb"},"inLanguage":"pt-BR","potentialAction":[{"@type":"ReadAction","target":["https:\/\/uvbbrasil.com.br\/fnp-defende-maior-participacao-da-uniao-no-fundeb\/"]}]},{"@type":"ImageObject","inLanguage":"pt-BR","@id":"https:\/\/uvbbrasil.com.br\/fnp-defende-maior-participacao-da-uniao-no-fundeb\/#primaryimage","url":"https:\/\/uvbbrasil.com.br\/wp-content\/uploads\/2019\/08\/16-08.jpg","contentUrl":"https:\/\/uvbbrasil.com.br\/wp-content\/uploads\/2019\/08\/16-08.jpg","width":780,"height":450},{"@type":"BreadcrumbList","@id":"https:\/\/uvbbrasil.com.br\/fnp-defende-maior-participacao-da-uniao-no-fundeb\/#breadcrumb","itemListElement":[{"@type":"ListItem","position":1,"name":"In\u00edcio","item":"https:\/\/uvbbrasil.com.br\/"},{"@type":"ListItem","position":2,"name":"FNP defende maior participa\u00e7\u00e3o da Uni\u00e3o no Fundeb"}]},{"@type":"WebSite","@id":"https:\/\/uvbbrasil.com.br\/#website","url":"https:\/\/uvbbrasil.com.br\/","name":"UVB Brasil","description":"Uni\u00e3o dos Vereadores do Brasil","publisher":{"@id":"https:\/\/uvbbrasil.com.br\/#organization"},"potentialAction":[{"@type":"SearchAction","target":{"@type":"EntryPoint","urlTemplate":"https:\/\/uvbbrasil.com.br\/?s={search_term_string}"},"query-input":{"@type":"PropertyValueSpecification","valueRequired":true,"valueName":"search_term_string"}}],"inLanguage":"pt-BR"},{"@type":"Organization","@id":"https:\/\/uvbbrasil.com.br\/#organization","name":"UVB Brasil","url":"https:\/\/uvbbrasil.com.br\/","logo":{"@type":"ImageObject","inLanguage":"pt-BR","@id":"https:\/\/uvbbrasil.com.br\/#\/schema\/logo\/image\/","url":"https:\/\/uvbbrasil.com.br\/wp-content\/uploads\/2025\/01\/LOGO-UVB-2024-azul-1.jpg","contentUrl":"https:\/\/uvbbrasil.com.br\/wp-content\/uploads\/2025\/01\/LOGO-UVB-2024-azul-1.jpg","width":600,"height":211,"caption":"UVB Brasil"},"image":{"@id":"https:\/\/uvbbrasil.com.br\/#\/schema\/logo\/image\/"},"sameAs":["https:\/\/www.facebook.com\/uvb.vereadoresbrasil","https:\/\/www.instagram.com\/uvbbrasil\/","https:\/\/www.youtube.com\/channel\/UCIlPQ8Xzw5GHNzosQIg9S5A"]},{"@type":"Person","@id":"https:\/\/uvbbrasil.com.br\/#\/schema\/person\/17990098446c098f52effddff4f1b272","name":"adminuvb","image":{"@type":"ImageObject","inLanguage":"pt-BR","@id":"https:\/\/uvbbrasil.com.br\/#\/schema\/person\/image\/","url":"https:\/\/secure.gravatar.com\/avatar\/1a494ea6f8e2dd1ae526e55b0e9497efdba542491e0620d704cccf63c6f77c45?s=96&d=mm&r=g","contentUrl":"https:\/\/secure.gravatar.com\/avatar\/1a494ea6f8e2dd1ae526e55b0e9497efdba542491e0620d704cccf63c6f77c45?s=96&d=mm&r=g","caption":"adminuvb"},"sameAs":["https:\/\/uvbbrasil.com.br"],"url":"https:\/\/uvbbrasil.com.br\/author\/adminuvb\/"}]}},"_links":{"self":[{"href":"https:\/\/uvbbrasil.com.br\/uvb-json\/wp\/v2\/posts\/15536","targetHints":{"allow":["GET"]}}],"collection":[{"href":"https:\/\/uvbbrasil.com.br\/uvb-json\/wp\/v2\/posts"}],"about":[{"href":"https:\/\/uvbbrasil.com.br\/uvb-json\/wp\/v2\/types\/post"}],"author":[{"embeddable":true,"href":"https:\/\/uvbbrasil.com.br\/uvb-json\/wp\/v2\/users\/1"}],"replies":[{"embeddable":true,"href":"https:\/\/uvbbrasil.com.br\/uvb-json\/wp\/v2\/comments?post=15536"}],"version-history":[{"count":0,"href":"https:\/\/uvbbrasil.com.br\/uvb-json\/wp\/v2\/posts\/15536\/revisions"}],"wp:featuredmedia":[{"embeddable":true,"href":"https:\/\/uvbbrasil.com.br\/uvb-json\/wp\/v2\/media\/15537"}],"wp:attachment":[{"href":"https:\/\/uvbbrasil.com.br\/uvb-json\/wp\/v2\/media?parent=15536"}],"wp:term":[{"taxonomy":"category","embeddable":true,"href":"https:\/\/uvbbrasil.com.br\/uvb-json\/wp\/v2\/categories?post=15536"},{"taxonomy":"post_tag","embeddable":true,"href":"https:\/\/uvbbrasil.com.br\/uvb-json\/wp\/v2\/tags?post=15536"}],"curies":[{"name":"wp","href":"https:\/\/api.w.org\/{rel}","templated":true}]}}