{"id":15533,"date":"2019-08-16T13:56:38","date_gmt":"2019-08-16T16:56:38","guid":{"rendered":"https:\/\/wpsandbox4.pante.com.br\/?p=15533"},"modified":"2019-08-16T13:56:38","modified_gmt":"2019-08-16T16:56:38","slug":"vereadores-de-encantado-rs-satisfeitos-com-liminar-da-promotoria-contra-vivo","status":"publish","type":"post","link":"https:\/\/uvbbrasil.com.br\/vereadores-de-encantado-rs-satisfeitos-com-liminar-da-promotoria-contra-vivo\/","title":{"rendered":"Vereadores de Encantado-RS satisfeitos com liminar da promotoria contra a vivo"},"content":{"rendered":"<p>&nbsp;<\/p>\n<p>A C\u00e2mara de Vereadores de Encantado, sentiu-se parceira da promotoria com a not\u00edcia publicada hoje, (16.08), dando conta de que decorrente de a\u00e7\u00e3o do Minist\u00e9rio P\u00fablico de Encantado, atrav\u00e9s liminar impetrada pelo promotor p\u00fablico de Encantado Andr\u00e9 Prediger, possibilita que clientes rescindam contratos com a operadora Vivo, sem multas, al\u00e9m de proibir a empresa de comercializar planos, pacotes, chips e servi\u00e7os de telefonia m\u00f3vel em sete munic\u00edpios da regi\u00e3o alta do Vale. A limitar foi concedida pela ju\u00edza Jacqueline Bervian, da Comarca local.<\/p>\n<p>Recordamos que a C\u00e2mara de Vereadores realizou at\u00e9 audi\u00eancia p\u00fablica no Legislativo, reunindo a comunidade e autoridades para reclamar o mau atendimento das operadoras em termos de sinal. Com o decorrer das Sess\u00f5es, a indigna\u00e7\u00e3o sempre foi manifestada pelos vereadores que agora veem o resultado que pode configurar numa iniciativa favor\u00e1vel e definitiva para melhoria dos servi\u00e7os de telefonia, que \u00e9 uma queixa constante de usu\u00e1rios de celulares em v\u00e1rios munic\u00edpios da regi\u00e3o alta.<\/p>\n<p>Uma audi\u00eancia judicial ficou marcada para o dia 24 de outubro, \u00e0s 17h. O presidente do Legislativo Luciano Jos\u00e9 Moresco elogiou o empenho da promotoria p\u00fablica que atende os anseios da comunidade.<a href=\"https:\/\/uvbbrasil.com.br\/?attachment_id=15534\" rel=\"attachment wp-att-15534\"><img fetchpriority=\"high\" decoding=\"async\" class=\"aligncenter size-full wp-image-15534\" src=\"https:\/\/uvbbrasil.com.br\/wp-content\/uploads\/2019\/08\/CELULAR.jpg\" alt=\"\" width=\"960\" height=\"639\" srcset=\"https:\/\/uvbbrasil.com.br\/wp-content\/uploads\/2019\/08\/CELULAR.jpg 960w, https:\/\/uvbbrasil.com.br\/wp-content\/uploads\/2019\/08\/CELULAR-300x200.jpg 300w, https:\/\/uvbbrasil.com.br\/wp-content\/uploads\/2019\/08\/CELULAR-768x511.jpg 768w\" sizes=\"(max-width: 960px) 100vw, 960px\" \/><\/a><\/p>\n<p><em>fonte<\/em>: www.facebook.com<\/p>\n","protected":false},"excerpt":{"rendered":"<p>&nbsp; A C\u00e2mara de Vereadores de Encantado, sentiu-se parceira da promotoria com a not\u00edcia publicada hoje, (16.08), dando conta de&#8230;<\/p>\n","protected":false},"author":1,"featured_media":15534,"comment_status":"open","ping_status":"open","sticky":false,"template":"","format":"standard","meta":{"footnotes":""},"categories":[3],"tags":[],"class_list":["post-15533","post","type-post","status-publish","format-standard","has-post-thumbnail","hentry","category-noticias"],"yoast_head":"<!-- This site is optimized with the Yoast SEO plugin v26.7 - https:\/\/yoast.com\/wordpress\/plugins\/seo\/ -->\n<title>Vereadores de Encantado-RS satisfeitos com liminar da promotoria contra a vivo - UVB Brasil<\/title>\n<meta name=\"robots\" content=\"index, follow, max-snippet:-1, max-image-preview:large, max-video-preview:-1\" \/>\n<link rel=\"canonical\" href=\"https:\/\/uvbbrasil.com.br\/vereadores-de-encantado-rs-satisfeitos-com-liminar-da-promotoria-contra-vivo\/\" \/>\n<meta property=\"og:locale\" content=\"pt_BR\" \/>\n<meta property=\"og:type\" content=\"article\" \/>\n<meta property=\"og:title\" content=\"Vereadores de Encantado-RS satisfeitos com liminar da promotoria contra a vivo - UVB Brasil\" \/>\n<meta property=\"og:description\" content=\"&nbsp; A C\u00e2mara de Vereadores de Encantado, sentiu-se parceira da promotoria com a not\u00edcia publicada hoje, (16.08), dando conta de...\" \/>\n<meta property=\"og:url\" content=\"https:\/\/uvbbrasil.com.br\/vereadores-de-encantado-rs-satisfeitos-com-liminar-da-promotoria-contra-vivo\/\" \/>\n<meta property=\"og:site_name\" content=\"UVB Brasil\" \/>\n<meta property=\"article:publisher\" content=\"https:\/\/www.facebook.com\/uvb.vereadoresbrasil\" \/>\n<meta property=\"article:published_time\" content=\"2019-08-16T16:56:38+00:00\" \/>\n<meta property=\"og:image\" content=\"https:\/\/uvbbrasil.com.br\/wp-content\/uploads\/2019\/08\/CELULAR.jpg\" \/>\n\t<meta property=\"og:image:width\" content=\"960\" \/>\n\t<meta property=\"og:image:height\" content=\"639\" \/>\n\t<meta property=\"og:image:type\" content=\"image\/jpeg\" \/>\n<meta name=\"author\" content=\"adminuvb\" \/>\n<meta name=\"twitter:card\" content=\"summary_large_image\" \/>\n<meta name=\"twitter:label1\" content=\"Escrito por\" \/>\n\t<meta name=\"twitter:data1\" content=\"adminuvb\" \/>\n\t<meta name=\"twitter:label2\" content=\"Est. tempo de leitura\" \/>\n\t<meta name=\"twitter:data2\" content=\"1 minuto\" \/>\n<script type=\"application\/ld+json\" class=\"yoast-schema-graph\">{\"@context\":\"https:\/\/schema.org\",\"@graph\":[{\"@type\":\"Article\",\"@id\":\"https:\/\/uvbbrasil.com.br\/vereadores-de-encantado-rs-satisfeitos-com-liminar-da-promotoria-contra-vivo\/#article\",\"isPartOf\":{\"@id\":\"https:\/\/uvbbrasil.com.br\/vereadores-de-encantado-rs-satisfeitos-com-liminar-da-promotoria-contra-vivo\/\"},\"author\":{\"name\":\"adminuvb\",\"@id\":\"https:\/\/uvbbrasil.com.br\/#\/schema\/person\/17990098446c098f52effddff4f1b272\"},\"headline\":\"Vereadores de Encantado-RS satisfeitos com liminar da promotoria contra a vivo\",\"datePublished\":\"2019-08-16T16:56:38+00:00\",\"mainEntityOfPage\":{\"@id\":\"https:\/\/uvbbrasil.com.br\/vereadores-de-encantado-rs-satisfeitos-com-liminar-da-promotoria-contra-vivo\/\"},\"wordCount\":228,\"commentCount\":0,\"publisher\":{\"@id\":\"https:\/\/uvbbrasil.com.br\/#organization\"},\"image\":{\"@id\":\"https:\/\/uvbbrasil.com.br\/vereadores-de-encantado-rs-satisfeitos-com-liminar-da-promotoria-contra-vivo\/#primaryimage\"},\"thumbnailUrl\":\"https:\/\/uvbbrasil.com.br\/wp-content\/uploads\/2019\/08\/CELULAR.jpg\",\"articleSection\":[\"NOT\u00cdCIAS\"],\"inLanguage\":\"pt-BR\",\"potentialAction\":[{\"@type\":\"CommentAction\",\"name\":\"Comment\",\"target\":[\"https:\/\/uvbbrasil.com.br\/vereadores-de-encantado-rs-satisfeitos-com-liminar-da-promotoria-contra-vivo\/#respond\"]}]},{\"@type\":\"WebPage\",\"@id\":\"https:\/\/uvbbrasil.com.br\/vereadores-de-encantado-rs-satisfeitos-com-liminar-da-promotoria-contra-vivo\/\",\"url\":\"https:\/\/uvbbrasil.com.br\/vereadores-de-encantado-rs-satisfeitos-com-liminar-da-promotoria-contra-vivo\/\",\"name\":\"Vereadores de Encantado-RS satisfeitos com liminar da promotoria contra a vivo - UVB Brasil\",\"isPartOf\":{\"@id\":\"https:\/\/uvbbrasil.com.br\/#website\"},\"primaryImageOfPage\":{\"@id\":\"https:\/\/uvbbrasil.com.br\/vereadores-de-encantado-rs-satisfeitos-com-liminar-da-promotoria-contra-vivo\/#primaryimage\"},\"image\":{\"@id\":\"https:\/\/uvbbrasil.com.br\/vereadores-de-encantado-rs-satisfeitos-com-liminar-da-promotoria-contra-vivo\/#primaryimage\"},\"thumbnailUrl\":\"https:\/\/uvbbrasil.com.br\/wp-content\/uploads\/2019\/08\/CELULAR.jpg\",\"datePublished\":\"2019-08-16T16:56:38+00:00\",\"breadcrumb\":{\"@id\":\"https:\/\/uvbbrasil.com.br\/vereadores-de-encantado-rs-satisfeitos-com-liminar-da-promotoria-contra-vivo\/#breadcrumb\"},\"inLanguage\":\"pt-BR\",\"potentialAction\":[{\"@type\":\"ReadAction\",\"target\":[\"https:\/\/uvbbrasil.com.br\/vereadores-de-encantado-rs-satisfeitos-com-liminar-da-promotoria-contra-vivo\/\"]}]},{\"@type\":\"ImageObject\",\"inLanguage\":\"pt-BR\",\"@id\":\"https:\/\/uvbbrasil.com.br\/vereadores-de-encantado-rs-satisfeitos-com-liminar-da-promotoria-contra-vivo\/#primaryimage\",\"url\":\"https:\/\/uvbbrasil.com.br\/wp-content\/uploads\/2019\/08\/CELULAR.jpg\",\"contentUrl\":\"https:\/\/uvbbrasil.com.br\/wp-content\/uploads\/2019\/08\/CELULAR.jpg\",\"width\":960,\"height\":639},{\"@type\":\"BreadcrumbList\",\"@id\":\"https:\/\/uvbbrasil.com.br\/vereadores-de-encantado-rs-satisfeitos-com-liminar-da-promotoria-contra-vivo\/#breadcrumb\",\"itemListElement\":[{\"@type\":\"ListItem\",\"position\":1,\"name\":\"In\u00edcio\",\"item\":\"https:\/\/uvbbrasil.com.br\/\"},{\"@type\":\"ListItem\",\"position\":2,\"name\":\"Vereadores de Encantado-RS satisfeitos com liminar da promotoria contra a vivo\"}]},{\"@type\":\"WebSite\",\"@id\":\"https:\/\/uvbbrasil.com.br\/#website\",\"url\":\"https:\/\/uvbbrasil.com.br\/\",\"name\":\"UVB Brasil\",\"description\":\"Uni\u00e3o dos Vereadores do Brasil\",\"publisher\":{\"@id\":\"https:\/\/uvbbrasil.com.br\/#organization\"},\"potentialAction\":[{\"@type\":\"SearchAction\",\"target\":{\"@type\":\"EntryPoint\",\"urlTemplate\":\"https:\/\/uvbbrasil.com.br\/?s={search_term_string}\"},\"query-input\":{\"@type\":\"PropertyValueSpecification\",\"valueRequired\":true,\"valueName\":\"search_term_string\"}}],\"inLanguage\":\"pt-BR\"},{\"@type\":\"Organization\",\"@id\":\"https:\/\/uvbbrasil.com.br\/#organization\",\"name\":\"UVB Brasil\",\"url\":\"https:\/\/uvbbrasil.com.br\/\",\"logo\":{\"@type\":\"ImageObject\",\"inLanguage\":\"pt-BR\",\"@id\":\"https:\/\/uvbbrasil.com.br\/#\/schema\/logo\/image\/\",\"url\":\"https:\/\/uvbbrasil.com.br\/wp-content\/uploads\/2025\/01\/LOGO-UVB-2024-azul-1.jpg\",\"contentUrl\":\"https:\/\/uvbbrasil.com.br\/wp-content\/uploads\/2025\/01\/LOGO-UVB-2024-azul-1.jpg\",\"width\":600,\"height\":211,\"caption\":\"UVB Brasil\"},\"image\":{\"@id\":\"https:\/\/uvbbrasil.com.br\/#\/schema\/logo\/image\/\"},\"sameAs\":[\"https:\/\/www.facebook.com\/uvb.vereadoresbrasil\",\"https:\/\/www.instagram.com\/uvbbrasil\/\",\"https:\/\/www.youtube.com\/channel\/UCIlPQ8Xzw5GHNzosQIg9S5A\"]},{\"@type\":\"Person\",\"@id\":\"https:\/\/uvbbrasil.com.br\/#\/schema\/person\/17990098446c098f52effddff4f1b272\",\"name\":\"adminuvb\",\"image\":{\"@type\":\"ImageObject\",\"inLanguage\":\"pt-BR\",\"@id\":\"https:\/\/uvbbrasil.com.br\/#\/schema\/person\/image\/\",\"url\":\"https:\/\/secure.gravatar.com\/avatar\/1a494ea6f8e2dd1ae526e55b0e9497efdba542491e0620d704cccf63c6f77c45?s=96&d=mm&r=g\",\"contentUrl\":\"https:\/\/secure.gravatar.com\/avatar\/1a494ea6f8e2dd1ae526e55b0e9497efdba542491e0620d704cccf63c6f77c45?s=96&d=mm&r=g\",\"caption\":\"adminuvb\"},\"sameAs\":[\"https:\/\/uvbbrasil.com.br\"],\"url\":\"https:\/\/uvbbrasil.com.br\/author\/adminuvb\/\"}]}<\/script>\n<!-- \/ Yoast SEO plugin. -->","yoast_head_json":{"title":"Vereadores de Encantado-RS satisfeitos com liminar da promotoria contra a vivo - UVB Brasil","robots":{"index":"index","follow":"follow","max-snippet":"max-snippet:-1","max-image-preview":"max-image-preview:large","max-video-preview":"max-video-preview:-1"},"canonical":"https:\/\/uvbbrasil.com.br\/vereadores-de-encantado-rs-satisfeitos-com-liminar-da-promotoria-contra-vivo\/","og_locale":"pt_BR","og_type":"article","og_title":"Vereadores de Encantado-RS satisfeitos com liminar da promotoria contra a vivo - UVB Brasil","og_description":"&nbsp; A C\u00e2mara de Vereadores de Encantado, sentiu-se parceira da promotoria com a not\u00edcia publicada hoje, (16.08), dando conta de...","og_url":"https:\/\/uvbbrasil.com.br\/vereadores-de-encantado-rs-satisfeitos-com-liminar-da-promotoria-contra-vivo\/","og_site_name":"UVB Brasil","article_publisher":"https:\/\/www.facebook.com\/uvb.vereadoresbrasil","article_published_time":"2019-08-16T16:56:38+00:00","og_image":[{"width":960,"height":639,"url":"https:\/\/uvbbrasil.com.br\/wp-content\/uploads\/2019\/08\/CELULAR.jpg","type":"image\/jpeg"}],"author":"adminuvb","twitter_card":"summary_large_image","twitter_misc":{"Escrito por":"adminuvb","Est. tempo de leitura":"1 minuto"},"schema":{"@context":"https:\/\/schema.org","@graph":[{"@type":"Article","@id":"https:\/\/uvbbrasil.com.br\/vereadores-de-encantado-rs-satisfeitos-com-liminar-da-promotoria-contra-vivo\/#article","isPartOf":{"@id":"https:\/\/uvbbrasil.com.br\/vereadores-de-encantado-rs-satisfeitos-com-liminar-da-promotoria-contra-vivo\/"},"author":{"name":"adminuvb","@id":"https:\/\/uvbbrasil.com.br\/#\/schema\/person\/17990098446c098f52effddff4f1b272"},"headline":"Vereadores de Encantado-RS satisfeitos com liminar da promotoria contra a vivo","datePublished":"2019-08-16T16:56:38+00:00","mainEntityOfPage":{"@id":"https:\/\/uvbbrasil.com.br\/vereadores-de-encantado-rs-satisfeitos-com-liminar-da-promotoria-contra-vivo\/"},"wordCount":228,"commentCount":0,"publisher":{"@id":"https:\/\/uvbbrasil.com.br\/#organization"},"image":{"@id":"https:\/\/uvbbrasil.com.br\/vereadores-de-encantado-rs-satisfeitos-com-liminar-da-promotoria-contra-vivo\/#primaryimage"},"thumbnailUrl":"https:\/\/uvbbrasil.com.br\/wp-content\/uploads\/2019\/08\/CELULAR.jpg","articleSection":["NOT\u00cdCIAS"],"inLanguage":"pt-BR","potentialAction":[{"@type":"CommentAction","name":"Comment","target":["https:\/\/uvbbrasil.com.br\/vereadores-de-encantado-rs-satisfeitos-com-liminar-da-promotoria-contra-vivo\/#respond"]}]},{"@type":"WebPage","@id":"https:\/\/uvbbrasil.com.br\/vereadores-de-encantado-rs-satisfeitos-com-liminar-da-promotoria-contra-vivo\/","url":"https:\/\/uvbbrasil.com.br\/vereadores-de-encantado-rs-satisfeitos-com-liminar-da-promotoria-contra-vivo\/","name":"Vereadores de Encantado-RS satisfeitos com liminar da promotoria contra a vivo - UVB Brasil","isPartOf":{"@id":"https:\/\/uvbbrasil.com.br\/#website"},"primaryImageOfPage":{"@id":"https:\/\/uvbbrasil.com.br\/vereadores-de-encantado-rs-satisfeitos-com-liminar-da-promotoria-contra-vivo\/#primaryimage"},"image":{"@id":"https:\/\/uvbbrasil.com.br\/vereadores-de-encantado-rs-satisfeitos-com-liminar-da-promotoria-contra-vivo\/#primaryimage"},"thumbnailUrl":"https:\/\/uvbbrasil.com.br\/wp-content\/uploads\/2019\/08\/CELULAR.jpg","datePublished":"2019-08-16T16:56:38+00:00","breadcrumb":{"@id":"https:\/\/uvbbrasil.com.br\/vereadores-de-encantado-rs-satisfeitos-com-liminar-da-promotoria-contra-vivo\/#breadcrumb"},"inLanguage":"pt-BR","potentialAction":[{"@type":"ReadAction","target":["https:\/\/uvbbrasil.com.br\/vereadores-de-encantado-rs-satisfeitos-com-liminar-da-promotoria-contra-vivo\/"]}]},{"@type":"ImageObject","inLanguage":"pt-BR","@id":"https:\/\/uvbbrasil.com.br\/vereadores-de-encantado-rs-satisfeitos-com-liminar-da-promotoria-contra-vivo\/#primaryimage","url":"https:\/\/uvbbrasil.com.br\/wp-content\/uploads\/2019\/08\/CELULAR.jpg","contentUrl":"https:\/\/uvbbrasil.com.br\/wp-content\/uploads\/2019\/08\/CELULAR.jpg","width":960,"height":639},{"@type":"BreadcrumbList","@id":"https:\/\/uvbbrasil.com.br\/vereadores-de-encantado-rs-satisfeitos-com-liminar-da-promotoria-contra-vivo\/#breadcrumb","itemListElement":[{"@type":"ListItem","position":1,"name":"In\u00edcio","item":"https:\/\/uvbbrasil.com.br\/"},{"@type":"ListItem","position":2,"name":"Vereadores de Encantado-RS satisfeitos com liminar da promotoria contra a vivo"}]},{"@type":"WebSite","@id":"https:\/\/uvbbrasil.com.br\/#website","url":"https:\/\/uvbbrasil.com.br\/","name":"UVB Brasil","description":"Uni\u00e3o dos Vereadores do Brasil","publisher":{"@id":"https:\/\/uvbbrasil.com.br\/#organization"},"potentialAction":[{"@type":"SearchAction","target":{"@type":"EntryPoint","urlTemplate":"https:\/\/uvbbrasil.com.br\/?s={search_term_string}"},"query-input":{"@type":"PropertyValueSpecification","valueRequired":true,"valueName":"search_term_string"}}],"inLanguage":"pt-BR"},{"@type":"Organization","@id":"https:\/\/uvbbrasil.com.br\/#organization","name":"UVB Brasil","url":"https:\/\/uvbbrasil.com.br\/","logo":{"@type":"ImageObject","inLanguage":"pt-BR","@id":"https:\/\/uvbbrasil.com.br\/#\/schema\/logo\/image\/","url":"https:\/\/uvbbrasil.com.br\/wp-content\/uploads\/2025\/01\/LOGO-UVB-2024-azul-1.jpg","contentUrl":"https:\/\/uvbbrasil.com.br\/wp-content\/uploads\/2025\/01\/LOGO-UVB-2024-azul-1.jpg","width":600,"height":211,"caption":"UVB Brasil"},"image":{"@id":"https:\/\/uvbbrasil.com.br\/#\/schema\/logo\/image\/"},"sameAs":["https:\/\/www.facebook.com\/uvb.vereadoresbrasil","https:\/\/www.instagram.com\/uvbbrasil\/","https:\/\/www.youtube.com\/channel\/UCIlPQ8Xzw5GHNzosQIg9S5A"]},{"@type":"Person","@id":"https:\/\/uvbbrasil.com.br\/#\/schema\/person\/17990098446c098f52effddff4f1b272","name":"adminuvb","image":{"@type":"ImageObject","inLanguage":"pt-BR","@id":"https:\/\/uvbbrasil.com.br\/#\/schema\/person\/image\/","url":"https:\/\/secure.gravatar.com\/avatar\/1a494ea6f8e2dd1ae526e55b0e9497efdba542491e0620d704cccf63c6f77c45?s=96&d=mm&r=g","contentUrl":"https:\/\/secure.gravatar.com\/avatar\/1a494ea6f8e2dd1ae526e55b0e9497efdba542491e0620d704cccf63c6f77c45?s=96&d=mm&r=g","caption":"adminuvb"},"sameAs":["https:\/\/uvbbrasil.com.br"],"url":"https:\/\/uvbbrasil.com.br\/author\/adminuvb\/"}]}},"_links":{"self":[{"href":"https:\/\/uvbbrasil.com.br\/uvb-json\/wp\/v2\/posts\/15533","targetHints":{"allow":["GET"]}}],"collection":[{"href":"https:\/\/uvbbrasil.com.br\/uvb-json\/wp\/v2\/posts"}],"about":[{"href":"https:\/\/uvbbrasil.com.br\/uvb-json\/wp\/v2\/types\/post"}],"author":[{"embeddable":true,"href":"https:\/\/uvbbrasil.com.br\/uvb-json\/wp\/v2\/users\/1"}],"replies":[{"embeddable":true,"href":"https:\/\/uvbbrasil.com.br\/uvb-json\/wp\/v2\/comments?post=15533"}],"version-history":[{"count":0,"href":"https:\/\/uvbbrasil.com.br\/uvb-json\/wp\/v2\/posts\/15533\/revisions"}],"wp:featuredmedia":[{"embeddable":true,"href":"https:\/\/uvbbrasil.com.br\/uvb-json\/wp\/v2\/media\/15534"}],"wp:attachment":[{"href":"https:\/\/uvbbrasil.com.br\/uvb-json\/wp\/v2\/media?parent=15533"}],"wp:term":[{"taxonomy":"category","embeddable":true,"href":"https:\/\/uvbbrasil.com.br\/uvb-json\/wp\/v2\/categories?post=15533"},{"taxonomy":"post_tag","embeddable":true,"href":"https:\/\/uvbbrasil.com.br\/uvb-json\/wp\/v2\/tags?post=15533"}],"curies":[{"name":"wp","href":"https:\/\/api.w.org\/{rel}","templated":true}]}}