{"id":15525,"date":"2019-08-16T09:18:50","date_gmt":"2019-08-16T12:18:50","guid":{"rendered":"https:\/\/wpsandbox4.pante.com.br\/?p=15525"},"modified":"2019-08-16T09:18:50","modified_gmt":"2019-08-16T12:18:50","slug":"dakila-pesquisas-e-uniao-de-vereadores-brasil-se-reunem-na-cidade-gaucha-de-irai","status":"publish","type":"post","link":"https:\/\/uvbbrasil.com.br\/dakila-pesquisas-e-uniao-de-vereadores-brasil-se-reunem-na-cidade-gaucha-de-irai\/","title":{"rendered":"D\u00e1kila Pesquisas e Uni\u00e3o de Vereadores do Brasil se re\u00fanem na cidade ga\u00facha de Ira\u00ed"},"content":{"rendered":"<p>O Grupo Impacto MS atrav\u00e9s do radialista Eli Sousa acompanhou o presidente da D\u00e1kila, Urandir Fernandes,\u00a0 at\u00e9 o Rio Grande do Sul para conferir de perto a reuni\u00e3o<\/p>\n<p>Na expans\u00e3o de seus estudos de corpos celestes e dos projetos de empreendedorismo, o presidente da empresa cient\u00edfica D\u00e1kila Pesquisa, Urandir Fernandes, esteve nesta quinta-feira (15), na cidade ga\u00facha Ira\u00ed, situada a 458 quil\u00f4metros da capital, Porto Alegre, para se reunir com o presidente da Uni\u00e3o de Vereadores do Brasil (UVB), Gilson Conzatti.<\/p>\n<p>A reuni\u00e3o teve o intuito de discutir parcerias que visam ampliar a divulga\u00e7\u00e3o de trabalhos cient\u00edficos do grupo D\u00e1kila bem como outras a\u00e7\u00f5es que fomentem os munic\u00edpios brasileiros. A empres\u00e1ria Carol Godoy, apresentadora do programa \u201cSem Segredos\u201d e o radialista Eli Sousa, acompanharam os trabalhos do uf\u00f3logo Urandir Fernandes junto ao parlamentar ga\u00facho, Gilson Conzatti.<\/p>\n<p>\u201cFoi a inten\u00e7\u00e3o de parceria com a UVB atrav\u00e9s do Gilson e s\u00e3o os projetos que v\u00e3o ao encontro dos nossos interesses de pesquisa, desenvolvimento econ\u00f4mico, tecnologia e inova\u00e7\u00f5es. Isso faz crescer atrav\u00e9s da economia e, com certeza, uma parceria que fomenta com o com\u00e9rcio local\u201d, explicou o uf\u00f3logo e empres\u00e1rio Urandir Fernandes que lembra que a visita j\u00e1 vinha sendo desenhada h\u00e1 algum tempo, \u201c\u00c9 uma proposta desde abril, ainda em uma viagem nossa em Bras\u00edlia\u201d.<\/p>\n<p>Para o vereador e presidente da UVB, Gilson Conzatti, a chegada de Urandir em Ira\u00ed \u00e9 algo de extrema import\u00e2ncia tanto para o munic\u00edpio como para a Uni\u00e3o de Vereadores do Brasil. \u201cA UVB tem papel fundamental de levar conhecimento para a popula\u00e7\u00e3o\u00a0 brasileira. Quando a D\u00e1kila apareceu em nossa vida foi um ganho extraordin\u00e1rio. Tanto que n\u00f3s estamos, agora, no m\u00eas de setembro com uma palestra do Urandir, em Fortaleza [Estado do Cear\u00e1]. Em outubro, estaremos em S\u00e3o Luiz, no Estado do Maranh\u00e3o, levando esse conhecimento e essa pesquisa que ele tem feito muito bem\u201d, afirmou.<a href=\"https:\/\/uvbbrasil.com.br\/?attachment_id=15527\" rel=\"attachment wp-att-15527\"><img fetchpriority=\"high\" decoding=\"async\" class=\"aligncenter size-full wp-image-15527\" src=\"https:\/\/uvbbrasil.com.br\/wp-content\/uploads\/2019\/08\/gilson-.jpg\" alt=\"\" width=\"300\" height=\"225\" \/><\/a><\/p>\n<p>\u201cDigo sempre que ele est\u00e1 despertando nas pessoas, talvez, algum sentimento que n\u00e3o tinha. Uma forma das pessoas buscarem, tentar entender ou ao menos buscar uma discuss\u00e3o de um tema que o Urandir faz muito bem e com muita convic\u00e7\u00e3o. E, tudo em cima de pesquisa, n\u00e3o s\u00e3o palavras faladas no ar\u201d, garantiu o parlamentar municipal.<\/p>\n<p>Quem concorda com Gilson Conzatti \u00e9 a empres\u00e1ria Carol Godoy. \u201cAcho que o que a gente procura levar \u00e9 a informa\u00e7\u00e3o e que possamos aprender com tudo isso. Acompanho o trabalho do Urandir j\u00e1 h\u00e1 algum tempo e estar aqui em Ira\u00ed para conhecer as atividades do munic\u00edpio \u00e9, sem d\u00favida, um ganho para todos n\u00f3s\u201d, destacou.<\/p>\n<p>Localizada no extremo norte do estado ga\u00facho, Ira\u00ed faz fronteira com o Estado de Santa Catarina, conhecida tamb\u00e9m pela potencialidade de cura das suas \u00e1guas termais. Outro ponto que, possivelmente, tem chamado a aten\u00e7\u00e3o do grupo D\u00e1kila, conforme pontuou o vereador Gilson Conzatti. \u201cTemos a melhor \u00e1gua termal do mundo. Ela \u00e9 uma \u00e1gua com propriedades medicinais, uma \u00e1gua que cura. Muitas pessoas vieram, no passado para c\u00e1 a fim de fazer tratamento de 21 dias. Eram pessoas que chegavam em cadeiras de rodas, por exemplo, e com o tratamento, apenas com a \u00e1gua, j\u00e1 sa\u00edam caminhando\u201d, lembrou.<\/p>\n<p>A cidade ainda \u00e9 pr\u00f3spera na sua cultura e belezas naturais. \u201cIra\u00ed tem muita pedra preciosa, a pedra ametista que tem muita energia. Temos uma cidade que tem muitas matas, muitos rios, a cultura ind\u00edgena. Ent\u00e3o, tudo isso s\u00e3o complementos que v\u00e3o fazendo a hist\u00f3ria do munic\u00edpio. Existem muitas termas em todo o mundo, mas em qualidade de min\u00e9rios e energia a \u00e1gua de Ira\u00ed \u00e9 vista como a melhor do Brasil. A \u00e1gua termal de Ira\u00ed fica atr\u00e1s apenas da Fran\u00e7a, que \u00e9 considerada a melhor do mundo\u201d, revelou.<\/p>\n<p>Amanh\u00e3, 16 de agosto, Urandir Fernandes j\u00e1 retorna com sua comitiva para Mato Grosso do Sul. J\u00e1 na pr\u00f3xima semana, o presidente da D\u00e1kila Pesquisas ser\u00e1 homenageado na C\u00e2mara Municipal de Campo Grande, no dia 21 de agosto (quarta-feira) com o t\u00edtulo cidad\u00e3o campo-grandense.<\/p>\n<p>\u201cEu e todo o grupo D\u00e1kila estamos numa expectativa boa quanto ao evento. Muito mais do\u00a0 que a pr\u00f3pria homenagem em si, que j\u00e1 \u00e9 motivo de muita honra, esperamos que no evento a gente possa construir mais um la\u00e7o de conhecimento, de amizade se expandir cada vez mais as pesquisas. O grupo D\u00e1kila est\u00e1 agradecido por esse reconhecimento que est\u00e1 ocorrendo\u201d, frisou.<\/p>\n<p>Da capital sul-mato-grossense, o pesquisador segue para o munic\u00edpio de Corguinho. \u201cDe 22 a dia 30 de agosto, n\u00f3s vamos comemorar essa homenagem em um evento na cidade de Zigurats e, aproveitamos a oportunidade para convidar a todos que queiram ir que compare\u00e7am e venham comemorar conosco\u201d.<\/p>\n<p>Al\u00e9m das honrarias conquistadas, Urandir quer celebrar tamb\u00e9m todos os feitos cient\u00edficos j\u00e1 feitos pela equipe D\u00e1kila Pesquisas. \u201cTemos muitas novidades em rela\u00e7\u00f5es aos astros. Nossos estudos n\u00e3o se restringem a Terra Convexa e as Anomalias dos Astros. No \u00faltimo eclipse solar que teve [dia 2 de agosto] nossa equipe esteve no Chile. L\u00e1, registramos os melhores momentos do fen\u00f4meno e, em paralelo a isso, fizemos pesquisas diferenciadas em que foram observadas outras anomalias, ou seja, novos estudos em que foi observado um novo corpo celeste que, em \u00e9pocas passadas j\u00e1 pesquisavam a respeito, andavam atr\u00e1s desse objeto, chamado Sol Negro, muitas pessoas conhecem por esse nome porque ele emite luz ultravioleta que ilumina a Lua\u201d.<br \/>\n<a href=\"https:\/\/uvbbrasil.com.br\/?attachment_id=15528\" rel=\"attachment wp-att-15528\"><img decoding=\"async\" class=\"aligncenter size-full wp-image-15528\" src=\"https:\/\/uvbbrasil.com.br\/wp-content\/uploads\/2019\/08\/hotel.jpg\" alt=\"\" width=\"300\" height=\"169\" \/><\/a><\/p>\n<p><em>\u00a0 \u00a0 \u00a0 \u00a0 \u00a0 \u00a0 \u00a0 \u00a0Hotel Ira\u00ed, onde ocorreu a primeira reuni\u00e3o do grupo<\/em><\/p>\n<p>Por fim, o uf\u00f3logo garantiu que muitos dados devem ser divulgados pelos estudiosos da D\u00e1kila Pesquisas. \u201cAl\u00e9m disso, tivemos outra descoberta extraordin\u00e1ria algo bomb\u00e1stico que n\u00f3s vamos falar mais sobre o assunto dentro de um document\u00e1rio e, possivelmente, na r\u00e1dio Segredo FM. Vamos revelar esse segredo que a astronomia mundial n\u00e3o sabe, n\u00e3o conhece esse fen\u00f4meno. Trata-se de uma descoberta ao acaso, enquanto, procur\u00e1vamos este novo astro que \u00e9 o Sol Negro\u201d.<\/p>\n<p>&nbsp;<\/p>\n<p>fonte:www.impactoms.com<\/p>\n","protected":false},"excerpt":{"rendered":"<p>O Grupo Impacto MS atrav\u00e9s do radialista Eli Sousa acompanhou o presidente da D\u00e1kila, Urandir Fernandes,\u00a0 at\u00e9 o Rio Grande&#8230;<\/p>\n","protected":false},"author":1,"featured_media":15526,"comment_status":"open","ping_status":"open","sticky":false,"template":"","format":"standard","meta":{"footnotes":""},"categories":[3,4],"tags":[],"class_list":["post-15525","post","type-post","status-publish","format-standard","has-post-thumbnail","hentry","category-noticias","category-home"],"yoast_head":"<!-- This site is optimized with the Yoast SEO plugin v26.7 - https:\/\/yoast.com\/wordpress\/plugins\/seo\/ -->\n<title>D\u00e1kila Pesquisas e Uni\u00e3o de Vereadores do Brasil se re\u00fanem na cidade ga\u00facha de Ira\u00ed - UVB Brasil<\/title>\n<meta name=\"robots\" content=\"index, follow, max-snippet:-1, max-image-preview:large, max-video-preview:-1\" \/>\n<link rel=\"canonical\" href=\"https:\/\/uvbbrasil.com.br\/dakila-pesquisas-e-uniao-de-vereadores-brasil-se-reunem-na-cidade-gaucha-de-irai\/\" \/>\n<meta property=\"og:locale\" content=\"pt_BR\" \/>\n<meta property=\"og:type\" content=\"article\" \/>\n<meta property=\"og:title\" content=\"D\u00e1kila Pesquisas e Uni\u00e3o de Vereadores do Brasil se re\u00fanem na cidade ga\u00facha de Ira\u00ed - UVB Brasil\" \/>\n<meta property=\"og:description\" content=\"O Grupo Impacto MS atrav\u00e9s do radialista Eli Sousa acompanhou o presidente da D\u00e1kila, Urandir Fernandes,\u00a0 at\u00e9 o Rio Grande...\" \/>\n<meta property=\"og:url\" content=\"https:\/\/uvbbrasil.com.br\/dakila-pesquisas-e-uniao-de-vereadores-brasil-se-reunem-na-cidade-gaucha-de-irai\/\" \/>\n<meta property=\"og:site_name\" content=\"UVB Brasil\" \/>\n<meta property=\"article:publisher\" content=\"https:\/\/www.facebook.com\/uvb.vereadoresbrasil\" \/>\n<meta property=\"article:published_time\" content=\"2019-08-16T12:18:50+00:00\" \/>\n<meta property=\"og:image\" content=\"https:\/\/uvbbrasil.com.br\/wp-content\/uploads\/2019\/08\/dakila.jpg\" \/>\n\t<meta property=\"og:image:width\" content=\"300\" \/>\n\t<meta property=\"og:image:height\" content=\"169\" \/>\n\t<meta property=\"og:image:type\" content=\"image\/jpeg\" \/>\n<meta name=\"author\" content=\"adminuvb\" \/>\n<meta name=\"twitter:card\" content=\"summary_large_image\" \/>\n<meta name=\"twitter:label1\" content=\"Escrito por\" \/>\n\t<meta name=\"twitter:data1\" content=\"adminuvb\" \/>\n\t<meta name=\"twitter:label2\" content=\"Est. tempo de leitura\" \/>\n\t<meta name=\"twitter:data2\" content=\"5 minutos\" \/>\n<script type=\"application\/ld+json\" class=\"yoast-schema-graph\">{\"@context\":\"https:\/\/schema.org\",\"@graph\":[{\"@type\":\"Article\",\"@id\":\"https:\/\/uvbbrasil.com.br\/dakila-pesquisas-e-uniao-de-vereadores-brasil-se-reunem-na-cidade-gaucha-de-irai\/#article\",\"isPartOf\":{\"@id\":\"https:\/\/uvbbrasil.com.br\/dakila-pesquisas-e-uniao-de-vereadores-brasil-se-reunem-na-cidade-gaucha-de-irai\/\"},\"author\":{\"name\":\"adminuvb\",\"@id\":\"https:\/\/uvbbrasil.com.br\/#\/schema\/person\/17990098446c098f52effddff4f1b272\"},\"headline\":\"D\u00e1kila Pesquisas e Uni\u00e3o de Vereadores do Brasil se re\u00fanem na cidade ga\u00facha de Ira\u00ed\",\"datePublished\":\"2019-08-16T12:18:50+00:00\",\"mainEntityOfPage\":{\"@id\":\"https:\/\/uvbbrasil.com.br\/dakila-pesquisas-e-uniao-de-vereadores-brasil-se-reunem-na-cidade-gaucha-de-irai\/\"},\"wordCount\":1064,\"commentCount\":0,\"publisher\":{\"@id\":\"https:\/\/uvbbrasil.com.br\/#organization\"},\"image\":{\"@id\":\"https:\/\/uvbbrasil.com.br\/dakila-pesquisas-e-uniao-de-vereadores-brasil-se-reunem-na-cidade-gaucha-de-irai\/#primaryimage\"},\"thumbnailUrl\":\"https:\/\/uvbbrasil.com.br\/wp-content\/uploads\/2019\/08\/dakila.jpg\",\"articleSection\":[\"NOT\u00cdCIAS\",\"UVB\"],\"inLanguage\":\"pt-BR\",\"potentialAction\":[{\"@type\":\"CommentAction\",\"name\":\"Comment\",\"target\":[\"https:\/\/uvbbrasil.com.br\/dakila-pesquisas-e-uniao-de-vereadores-brasil-se-reunem-na-cidade-gaucha-de-irai\/#respond\"]}]},{\"@type\":\"WebPage\",\"@id\":\"https:\/\/uvbbrasil.com.br\/dakila-pesquisas-e-uniao-de-vereadores-brasil-se-reunem-na-cidade-gaucha-de-irai\/\",\"url\":\"https:\/\/uvbbrasil.com.br\/dakila-pesquisas-e-uniao-de-vereadores-brasil-se-reunem-na-cidade-gaucha-de-irai\/\",\"name\":\"D\u00e1kila Pesquisas e Uni\u00e3o de Vereadores do Brasil se re\u00fanem na cidade ga\u00facha de Ira\u00ed - UVB Brasil\",\"isPartOf\":{\"@id\":\"https:\/\/uvbbrasil.com.br\/#website\"},\"primaryImageOfPage\":{\"@id\":\"https:\/\/uvbbrasil.com.br\/dakila-pesquisas-e-uniao-de-vereadores-brasil-se-reunem-na-cidade-gaucha-de-irai\/#primaryimage\"},\"image\":{\"@id\":\"https:\/\/uvbbrasil.com.br\/dakila-pesquisas-e-uniao-de-vereadores-brasil-se-reunem-na-cidade-gaucha-de-irai\/#primaryimage\"},\"thumbnailUrl\":\"https:\/\/uvbbrasil.com.br\/wp-content\/uploads\/2019\/08\/dakila.jpg\",\"datePublished\":\"2019-08-16T12:18:50+00:00\",\"breadcrumb\":{\"@id\":\"https:\/\/uvbbrasil.com.br\/dakila-pesquisas-e-uniao-de-vereadores-brasil-se-reunem-na-cidade-gaucha-de-irai\/#breadcrumb\"},\"inLanguage\":\"pt-BR\",\"potentialAction\":[{\"@type\":\"ReadAction\",\"target\":[\"https:\/\/uvbbrasil.com.br\/dakila-pesquisas-e-uniao-de-vereadores-brasil-se-reunem-na-cidade-gaucha-de-irai\/\"]}]},{\"@type\":\"ImageObject\",\"inLanguage\":\"pt-BR\",\"@id\":\"https:\/\/uvbbrasil.com.br\/dakila-pesquisas-e-uniao-de-vereadores-brasil-se-reunem-na-cidade-gaucha-de-irai\/#primaryimage\",\"url\":\"https:\/\/uvbbrasil.com.br\/wp-content\/uploads\/2019\/08\/dakila.jpg\",\"contentUrl\":\"https:\/\/uvbbrasil.com.br\/wp-content\/uploads\/2019\/08\/dakila.jpg\",\"width\":300,\"height\":169},{\"@type\":\"BreadcrumbList\",\"@id\":\"https:\/\/uvbbrasil.com.br\/dakila-pesquisas-e-uniao-de-vereadores-brasil-se-reunem-na-cidade-gaucha-de-irai\/#breadcrumb\",\"itemListElement\":[{\"@type\":\"ListItem\",\"position\":1,\"name\":\"In\u00edcio\",\"item\":\"https:\/\/uvbbrasil.com.br\/\"},{\"@type\":\"ListItem\",\"position\":2,\"name\":\"D\u00e1kila Pesquisas e Uni\u00e3o de Vereadores do Brasil se re\u00fanem na cidade ga\u00facha de Ira\u00ed\"}]},{\"@type\":\"WebSite\",\"@id\":\"https:\/\/uvbbrasil.com.br\/#website\",\"url\":\"https:\/\/uvbbrasil.com.br\/\",\"name\":\"UVB Brasil\",\"description\":\"Uni\u00e3o dos Vereadores do Brasil\",\"publisher\":{\"@id\":\"https:\/\/uvbbrasil.com.br\/#organization\"},\"potentialAction\":[{\"@type\":\"SearchAction\",\"target\":{\"@type\":\"EntryPoint\",\"urlTemplate\":\"https:\/\/uvbbrasil.com.br\/?s={search_term_string}\"},\"query-input\":{\"@type\":\"PropertyValueSpecification\",\"valueRequired\":true,\"valueName\":\"search_term_string\"}}],\"inLanguage\":\"pt-BR\"},{\"@type\":\"Organization\",\"@id\":\"https:\/\/uvbbrasil.com.br\/#organization\",\"name\":\"UVB Brasil\",\"url\":\"https:\/\/uvbbrasil.com.br\/\",\"logo\":{\"@type\":\"ImageObject\",\"inLanguage\":\"pt-BR\",\"@id\":\"https:\/\/uvbbrasil.com.br\/#\/schema\/logo\/image\/\",\"url\":\"https:\/\/uvbbrasil.com.br\/wp-content\/uploads\/2025\/01\/LOGO-UVB-2024-azul-1.jpg\",\"contentUrl\":\"https:\/\/uvbbrasil.com.br\/wp-content\/uploads\/2025\/01\/LOGO-UVB-2024-azul-1.jpg\",\"width\":600,\"height\":211,\"caption\":\"UVB Brasil\"},\"image\":{\"@id\":\"https:\/\/uvbbrasil.com.br\/#\/schema\/logo\/image\/\"},\"sameAs\":[\"https:\/\/www.facebook.com\/uvb.vereadoresbrasil\",\"https:\/\/www.instagram.com\/uvbbrasil\/\",\"https:\/\/www.youtube.com\/channel\/UCIlPQ8Xzw5GHNzosQIg9S5A\"]},{\"@type\":\"Person\",\"@id\":\"https:\/\/uvbbrasil.com.br\/#\/schema\/person\/17990098446c098f52effddff4f1b272\",\"name\":\"adminuvb\",\"image\":{\"@type\":\"ImageObject\",\"inLanguage\":\"pt-BR\",\"@id\":\"https:\/\/uvbbrasil.com.br\/#\/schema\/person\/image\/\",\"url\":\"https:\/\/secure.gravatar.com\/avatar\/1a494ea6f8e2dd1ae526e55b0e9497efdba542491e0620d704cccf63c6f77c45?s=96&d=mm&r=g\",\"contentUrl\":\"https:\/\/secure.gravatar.com\/avatar\/1a494ea6f8e2dd1ae526e55b0e9497efdba542491e0620d704cccf63c6f77c45?s=96&d=mm&r=g\",\"caption\":\"adminuvb\"},\"sameAs\":[\"https:\/\/uvbbrasil.com.br\"],\"url\":\"https:\/\/uvbbrasil.com.br\/author\/adminuvb\/\"}]}<\/script>\n<!-- \/ Yoast SEO plugin. -->","yoast_head_json":{"title":"D\u00e1kila Pesquisas e Uni\u00e3o de Vereadores do Brasil se re\u00fanem na cidade ga\u00facha de Ira\u00ed - UVB Brasil","robots":{"index":"index","follow":"follow","max-snippet":"max-snippet:-1","max-image-preview":"max-image-preview:large","max-video-preview":"max-video-preview:-1"},"canonical":"https:\/\/uvbbrasil.com.br\/dakila-pesquisas-e-uniao-de-vereadores-brasil-se-reunem-na-cidade-gaucha-de-irai\/","og_locale":"pt_BR","og_type":"article","og_title":"D\u00e1kila Pesquisas e Uni\u00e3o de Vereadores do Brasil se re\u00fanem na cidade ga\u00facha de Ira\u00ed - UVB Brasil","og_description":"O Grupo Impacto MS atrav\u00e9s do radialista Eli Sousa acompanhou o presidente da D\u00e1kila, Urandir Fernandes,\u00a0 at\u00e9 o Rio Grande...","og_url":"https:\/\/uvbbrasil.com.br\/dakila-pesquisas-e-uniao-de-vereadores-brasil-se-reunem-na-cidade-gaucha-de-irai\/","og_site_name":"UVB Brasil","article_publisher":"https:\/\/www.facebook.com\/uvb.vereadoresbrasil","article_published_time":"2019-08-16T12:18:50+00:00","og_image":[{"width":300,"height":169,"url":"https:\/\/uvbbrasil.com.br\/wp-content\/uploads\/2019\/08\/dakila.jpg","type":"image\/jpeg"}],"author":"adminuvb","twitter_card":"summary_large_image","twitter_misc":{"Escrito por":"adminuvb","Est. tempo de leitura":"5 minutos"},"schema":{"@context":"https:\/\/schema.org","@graph":[{"@type":"Article","@id":"https:\/\/uvbbrasil.com.br\/dakila-pesquisas-e-uniao-de-vereadores-brasil-se-reunem-na-cidade-gaucha-de-irai\/#article","isPartOf":{"@id":"https:\/\/uvbbrasil.com.br\/dakila-pesquisas-e-uniao-de-vereadores-brasil-se-reunem-na-cidade-gaucha-de-irai\/"},"author":{"name":"adminuvb","@id":"https:\/\/uvbbrasil.com.br\/#\/schema\/person\/17990098446c098f52effddff4f1b272"},"headline":"D\u00e1kila Pesquisas e Uni\u00e3o de Vereadores do Brasil se re\u00fanem na cidade ga\u00facha de Ira\u00ed","datePublished":"2019-08-16T12:18:50+00:00","mainEntityOfPage":{"@id":"https:\/\/uvbbrasil.com.br\/dakila-pesquisas-e-uniao-de-vereadores-brasil-se-reunem-na-cidade-gaucha-de-irai\/"},"wordCount":1064,"commentCount":0,"publisher":{"@id":"https:\/\/uvbbrasil.com.br\/#organization"},"image":{"@id":"https:\/\/uvbbrasil.com.br\/dakila-pesquisas-e-uniao-de-vereadores-brasil-se-reunem-na-cidade-gaucha-de-irai\/#primaryimage"},"thumbnailUrl":"https:\/\/uvbbrasil.com.br\/wp-content\/uploads\/2019\/08\/dakila.jpg","articleSection":["NOT\u00cdCIAS","UVB"],"inLanguage":"pt-BR","potentialAction":[{"@type":"CommentAction","name":"Comment","target":["https:\/\/uvbbrasil.com.br\/dakila-pesquisas-e-uniao-de-vereadores-brasil-se-reunem-na-cidade-gaucha-de-irai\/#respond"]}]},{"@type":"WebPage","@id":"https:\/\/uvbbrasil.com.br\/dakila-pesquisas-e-uniao-de-vereadores-brasil-se-reunem-na-cidade-gaucha-de-irai\/","url":"https:\/\/uvbbrasil.com.br\/dakila-pesquisas-e-uniao-de-vereadores-brasil-se-reunem-na-cidade-gaucha-de-irai\/","name":"D\u00e1kila Pesquisas e Uni\u00e3o de Vereadores do Brasil se re\u00fanem na cidade ga\u00facha de Ira\u00ed - UVB Brasil","isPartOf":{"@id":"https:\/\/uvbbrasil.com.br\/#website"},"primaryImageOfPage":{"@id":"https:\/\/uvbbrasil.com.br\/dakila-pesquisas-e-uniao-de-vereadores-brasil-se-reunem-na-cidade-gaucha-de-irai\/#primaryimage"},"image":{"@id":"https:\/\/uvbbrasil.com.br\/dakila-pesquisas-e-uniao-de-vereadores-brasil-se-reunem-na-cidade-gaucha-de-irai\/#primaryimage"},"thumbnailUrl":"https:\/\/uvbbrasil.com.br\/wp-content\/uploads\/2019\/08\/dakila.jpg","datePublished":"2019-08-16T12:18:50+00:00","breadcrumb":{"@id":"https:\/\/uvbbrasil.com.br\/dakila-pesquisas-e-uniao-de-vereadores-brasil-se-reunem-na-cidade-gaucha-de-irai\/#breadcrumb"},"inLanguage":"pt-BR","potentialAction":[{"@type":"ReadAction","target":["https:\/\/uvbbrasil.com.br\/dakila-pesquisas-e-uniao-de-vereadores-brasil-se-reunem-na-cidade-gaucha-de-irai\/"]}]},{"@type":"ImageObject","inLanguage":"pt-BR","@id":"https:\/\/uvbbrasil.com.br\/dakila-pesquisas-e-uniao-de-vereadores-brasil-se-reunem-na-cidade-gaucha-de-irai\/#primaryimage","url":"https:\/\/uvbbrasil.com.br\/wp-content\/uploads\/2019\/08\/dakila.jpg","contentUrl":"https:\/\/uvbbrasil.com.br\/wp-content\/uploads\/2019\/08\/dakila.jpg","width":300,"height":169},{"@type":"BreadcrumbList","@id":"https:\/\/uvbbrasil.com.br\/dakila-pesquisas-e-uniao-de-vereadores-brasil-se-reunem-na-cidade-gaucha-de-irai\/#breadcrumb","itemListElement":[{"@type":"ListItem","position":1,"name":"In\u00edcio","item":"https:\/\/uvbbrasil.com.br\/"},{"@type":"ListItem","position":2,"name":"D\u00e1kila Pesquisas e Uni\u00e3o de Vereadores do Brasil se re\u00fanem na cidade ga\u00facha de Ira\u00ed"}]},{"@type":"WebSite","@id":"https:\/\/uvbbrasil.com.br\/#website","url":"https:\/\/uvbbrasil.com.br\/","name":"UVB Brasil","description":"Uni\u00e3o dos Vereadores do Brasil","publisher":{"@id":"https:\/\/uvbbrasil.com.br\/#organization"},"potentialAction":[{"@type":"SearchAction","target":{"@type":"EntryPoint","urlTemplate":"https:\/\/uvbbrasil.com.br\/?s={search_term_string}"},"query-input":{"@type":"PropertyValueSpecification","valueRequired":true,"valueName":"search_term_string"}}],"inLanguage":"pt-BR"},{"@type":"Organization","@id":"https:\/\/uvbbrasil.com.br\/#organization","name":"UVB Brasil","url":"https:\/\/uvbbrasil.com.br\/","logo":{"@type":"ImageObject","inLanguage":"pt-BR","@id":"https:\/\/uvbbrasil.com.br\/#\/schema\/logo\/image\/","url":"https:\/\/uvbbrasil.com.br\/wp-content\/uploads\/2025\/01\/LOGO-UVB-2024-azul-1.jpg","contentUrl":"https:\/\/uvbbrasil.com.br\/wp-content\/uploads\/2025\/01\/LOGO-UVB-2024-azul-1.jpg","width":600,"height":211,"caption":"UVB Brasil"},"image":{"@id":"https:\/\/uvbbrasil.com.br\/#\/schema\/logo\/image\/"},"sameAs":["https:\/\/www.facebook.com\/uvb.vereadoresbrasil","https:\/\/www.instagram.com\/uvbbrasil\/","https:\/\/www.youtube.com\/channel\/UCIlPQ8Xzw5GHNzosQIg9S5A"]},{"@type":"Person","@id":"https:\/\/uvbbrasil.com.br\/#\/schema\/person\/17990098446c098f52effddff4f1b272","name":"adminuvb","image":{"@type":"ImageObject","inLanguage":"pt-BR","@id":"https:\/\/uvbbrasil.com.br\/#\/schema\/person\/image\/","url":"https:\/\/secure.gravatar.com\/avatar\/1a494ea6f8e2dd1ae526e55b0e9497efdba542491e0620d704cccf63c6f77c45?s=96&d=mm&r=g","contentUrl":"https:\/\/secure.gravatar.com\/avatar\/1a494ea6f8e2dd1ae526e55b0e9497efdba542491e0620d704cccf63c6f77c45?s=96&d=mm&r=g","caption":"adminuvb"},"sameAs":["https:\/\/uvbbrasil.com.br"],"url":"https:\/\/uvbbrasil.com.br\/author\/adminuvb\/"}]}},"_links":{"self":[{"href":"https:\/\/uvbbrasil.com.br\/uvb-json\/wp\/v2\/posts\/15525","targetHints":{"allow":["GET"]}}],"collection":[{"href":"https:\/\/uvbbrasil.com.br\/uvb-json\/wp\/v2\/posts"}],"about":[{"href":"https:\/\/uvbbrasil.com.br\/uvb-json\/wp\/v2\/types\/post"}],"author":[{"embeddable":true,"href":"https:\/\/uvbbrasil.com.br\/uvb-json\/wp\/v2\/users\/1"}],"replies":[{"embeddable":true,"href":"https:\/\/uvbbrasil.com.br\/uvb-json\/wp\/v2\/comments?post=15525"}],"version-history":[{"count":0,"href":"https:\/\/uvbbrasil.com.br\/uvb-json\/wp\/v2\/posts\/15525\/revisions"}],"wp:featuredmedia":[{"embeddable":true,"href":"https:\/\/uvbbrasil.com.br\/uvb-json\/wp\/v2\/media\/15526"}],"wp:attachment":[{"href":"https:\/\/uvbbrasil.com.br\/uvb-json\/wp\/v2\/media?parent=15525"}],"wp:term":[{"taxonomy":"category","embeddable":true,"href":"https:\/\/uvbbrasil.com.br\/uvb-json\/wp\/v2\/categories?post=15525"},{"taxonomy":"post_tag","embeddable":true,"href":"https:\/\/uvbbrasil.com.br\/uvb-json\/wp\/v2\/tags?post=15525"}],"curies":[{"name":"wp","href":"https:\/\/api.w.org\/{rel}","templated":true}]}}