{"id":15456,"date":"2019-08-09T17:48:30","date_gmt":"2019-08-09T20:48:30","guid":{"rendered":"https:\/\/wpsandbox4.pante.com.br\/?p=15456"},"modified":"2019-08-09T17:48:30","modified_gmt":"2019-08-09T20:48:30","slug":"plano-nacional-de-educacao-pode-ajudar-atingir-metas-da-agenda-2030","status":"publish","type":"post","link":"https:\/\/uvbbrasil.com.br\/plano-nacional-de-educacao-pode-ajudar-atingir-metas-da-agenda-2030\/","title":{"rendered":"Plano Nacional de Educa\u00e7\u00e3o pode ajudar a atingir metas da Agenda 2030"},"content":{"rendered":"<p>Objetivos para a educa\u00e7\u00e3o infantil e ensino fundamental ser\u00e3o atingidos, diz Ipea<br \/>\nPlano Nacional de Educa\u00e7\u00e3o pode ajudar a atingir metas da Agenda 2030 \u2013 O cumprimento das metas previstas no Plano Nacional de Educa\u00e7\u00e3o (PNE) pode ajudar o Brasil a concluir, em 2024, 70% das metas previstas para 2030, pelo quarto Objetivo de Desenvolvimento Sustent\u00e1vel (ODS4). A constata\u00e7\u00e3o \u00e9 do Instituto de Pesquisa Econ\u00f4mica Aplicada (Ipea), obtida a partir de um levantamento que retrata a implementa\u00e7\u00e3o do ODS4 no pa\u00eds, tendo por base indicadores de 2016 e 2017.<\/p>\n<p>Assinada por 193 pa\u00edses, a Agenda 2030 aponta 10 metas visando \u00e0 educa\u00e7\u00e3o inclusiva, equitativa e de qualidade e \u00e0 promo\u00e7\u00e3o de oportunidades de aprendizagem para os estudantes brasileiros. No caso do ODS4, foram estabelecidas metas para sua implementa\u00e7\u00e3o tanto para a educa\u00e7\u00e3o infantil como para os ensinos fundamental, m\u00e9dio, profissionalizante e superior.<\/p>\n<p>H\u00e1 tamb\u00e9m metas para a dissemina\u00e7\u00e3o de conte\u00fados relacionados \u00e0 sustentabilidade, \u00e0 infraestrutura das escolas, ao apoio a pa\u00edses menos desenvolvidos e \u00e0 cria\u00e7\u00e3o de garantias para melhores condi\u00e7\u00f5es de trabalho para os professores.<\/p>\n<p>No Brasil, o ODS4 conta com um relevante aliado: o PNE (2014-2024), que fixa 20 metas a serem cumpridas at\u00e9 2024. Entre as metas, est\u00e3o a universaliza\u00e7\u00e3o da educa\u00e7\u00e3o, o ensino em tempo integral na educa\u00e7\u00e3o b\u00e1sica, a amplia\u00e7\u00e3o do ensino t\u00e9cnico e superior e a valoriza\u00e7\u00e3o dos professores.<\/p>\n<p>Educa\u00e7\u00e3o infantil e pr\u00e9-escolar<\/p>\n<p>De acordo com o levantamento do Ipea, n\u00e3o dever\u00e1 haver problemas mais complicados para que o pa\u00eds atinja a meta de prevista para o acesso \u00e0 educa\u00e7\u00e3o infantil, uma vez que 93,7% das crian\u00e7as com idade entre 4 e 5 anos j\u00e1 est\u00e3o matriculadas na pr\u00e9-escola. A meta \u00e9 de chegar \u00e0 marca de 100% at\u00e9 2030.<\/p>\n<p>No caso de crian\u00e7as com idade at\u00e9 3 anos, o estudo revela que pouco mais de um ter\u00e7o frequenta creche. Esse dado, especificamente, \u00e9 considerado \u201cs\u00e9rio\u201d pelos pesquisadores pelo fato de implicar tamb\u00e9m dificuldades para o acesso das m\u00e3es ao mercado de trabalho.<\/p>\n<p>Ensino fundamental e m\u00e9dio<\/p>\n<p>Segundo o Ipea, 98% das crian\u00e7as de 6 a 14 anos estavam matriculadas no ensino fundamental no ano de 2016. Ese percentual, no entanto, cai para 70% quando o recorte abrange jovens de 15 a 17 anos frequentando o ensino m\u00e9dio.<\/p>\n<p>\u201cO acesso ao ensino fundamental e m\u00e9dio n\u00e3o \u00e9 um problema no Brasil, pois 98% das crian\u00e7as e adolescentes de 6 a 14 anos de idade est\u00e3o matriculadas na escola\u201d, diz o estudo. \u201cO desafio brasileiro para cumprir a meta 4.1 do ODS4 \u00e9 a qualidade e a equidade no sistema escolar\u201d, acrescenta.<\/p>\n<p>Na avalia\u00e7\u00e3o do Ipea, o percentual de alunos que n\u00e3o conclu\u00edram o ensino fundamental e m\u00e9dio na idade adequada \u00e9 alto. \u201cApesar da universaliza\u00e7\u00e3o do acesso ao ensino fundamental, \u00e9 preocupante que, em 2017, um quarto dos jovens n\u00e3o concluiu o ensino fundamental na idade esperada\u201d, conclui o estudo desenvolvido pelos pesquisadores Milko Matijascic e Carolina Rolon.<\/p>\n<p>Tempo integral e infraestrutura<\/p>\n<p>Para cumprir essa meta, o Ipea sugere a oferta de ensino em tempo integral, \u201cpois uma maior perman\u00eancia dos alunos na escola permite atingir um patamar maior de aprendizagem, sobretudo para as crian\u00e7as e os jovens que apresentam maiores dificuldades de aprendizagem e menores recursos materiais\u201d.<\/p>\n<p>O Ipea alerta que \u00e9 preciso melhorar a infraestrutura escolar, para o cumprimento do ODS4, tema que demanda a\u00e7\u00f5es espec\u00edficas, mas \u201cn\u00e3o est\u00e1 focado de forma adequada\u201d no Plano Nacional de Educa\u00e7\u00e3o. O acesso \u00e0 internet banda larga e a salas de inform\u00e1tica, exemplifica a pesquisa, \u201cs\u00e3o recursos did\u00e1ticos presentes apenas em cerca da metade das escolas brasileiras\u201d.<\/p>\n<p>Equidade<\/p>\n<p>No caso do ensino superior, o Ipea destaca o benef\u00edcio proporcionado por iniciativas como o Fundo de Financiamento Estudantil (Fies), o Programa Universidade para Todos (ProUni) e o Programa de Apoio a Planos de Reestrutura\u00e7\u00e3o e Expans\u00e3o das Universidades Federais (Reuni). Na avalia\u00e7\u00e3o do Ipea, esses planos \u201ccontribuem para que o pa\u00eds atinja a meta de assegurar a equidade de acesso e perman\u00eancia \u00e0 educa\u00e7\u00e3o profissional e \u00e0 educa\u00e7\u00e3o superior de qualidade, de forma gratuita ou a pre\u00e7os acess\u00edveis\u201d.<\/p>\n<p>Os resultados, no entanto, ainda mostram que o acesso ao ensino superior continua \u201cdesigual e restrito\u201d, uma vez que apenas um quarto dos jovens de 18 a 24 anos cursava ou j\u00e1 tinha completado o ensino superior.<\/p>\n<p>Negros e mulheres<\/p>\n<p>Entre os que cursam o ensino superior, a desigualdade mais evidente est\u00e1 relacionada \u00e0 cor da pele. \u201cApesar dos programas federais, as desigualdades de acesso ao ensino superior s\u00e3o significativas. As cotas aumentaram o n\u00famero de negros cursando o ensino superior, mas, em 2017, a propor\u00e7\u00e3o de jovens negros que cursam este n\u00edvel de ensino \u00e9 pouco mais da metade da propor\u00e7\u00e3o de jovens n\u00e3o negros no ensino superior\u201d, diz o estudo.<\/p>\n<p>As mulheres s\u00e3o mais escolarizadas que os homens. Em 2017, havia 57% de mulheres matriculadas no ensino superior; e 55,7% na educa\u00e7\u00e3o profissional e t\u00e9cnica. No caso dos homens, os percentuais estavam em 43% e 44,3%, respectivamente.<a href=\"https:\/\/uvbbrasil.com.br\/?attachment_id=15457\" rel=\"attachment wp-att-15457\"><img fetchpriority=\"high\" decoding=\"async\" class=\"aligncenter size-full wp-image-15457\" src=\"https:\/\/uvbbrasil.com.br\/wp-content\/uploads\/2019\/08\/SEXTA.jpg\" alt=\"\" width=\"780\" height=\"450\" srcset=\"https:\/\/uvbbrasil.com.br\/wp-content\/uploads\/2019\/08\/SEXTA.jpg 780w, https:\/\/uvbbrasil.com.br\/wp-content\/uploads\/2019\/08\/SEXTA-300x173.jpg 300w, https:\/\/uvbbrasil.com.br\/wp-content\/uploads\/2019\/08\/SEXTA-768x443.jpg 768w\" sizes=\"(max-width: 780px) 100vw, 780px\" \/><\/a><\/p>\n<p><em>fonte<\/em>:www.i9treinamentos.com<\/p>\n","protected":false},"excerpt":{"rendered":"<p>Objetivos para a educa\u00e7\u00e3o infantil e ensino fundamental ser\u00e3o atingidos, diz Ipea Plano Nacional de Educa\u00e7\u00e3o pode ajudar a atingir&#8230;<\/p>\n","protected":false},"author":1,"featured_media":15457,"comment_status":"open","ping_status":"open","sticky":false,"template":"","format":"standard","meta":{"footnotes":""},"categories":[3],"tags":[],"class_list":["post-15456","post","type-post","status-publish","format-standard","has-post-thumbnail","hentry","category-noticias"],"yoast_head":"<!-- This site is optimized with the Yoast SEO plugin v26.7 - https:\/\/yoast.com\/wordpress\/plugins\/seo\/ -->\n<title>Plano Nacional de Educa\u00e7\u00e3o pode ajudar a atingir metas da Agenda 2030 - UVB Brasil<\/title>\n<meta name=\"robots\" content=\"index, follow, max-snippet:-1, max-image-preview:large, max-video-preview:-1\" \/>\n<link rel=\"canonical\" href=\"https:\/\/uvbbrasil.com.br\/plano-nacional-de-educacao-pode-ajudar-atingir-metas-da-agenda-2030\/\" \/>\n<meta property=\"og:locale\" content=\"pt_BR\" \/>\n<meta property=\"og:type\" content=\"article\" \/>\n<meta property=\"og:title\" content=\"Plano Nacional de Educa\u00e7\u00e3o pode ajudar a atingir metas da Agenda 2030 - UVB Brasil\" \/>\n<meta property=\"og:description\" content=\"Objetivos para a educa\u00e7\u00e3o infantil e ensino fundamental ser\u00e3o atingidos, diz Ipea Plano Nacional de Educa\u00e7\u00e3o pode ajudar a atingir...\" \/>\n<meta property=\"og:url\" content=\"https:\/\/uvbbrasil.com.br\/plano-nacional-de-educacao-pode-ajudar-atingir-metas-da-agenda-2030\/\" \/>\n<meta property=\"og:site_name\" content=\"UVB Brasil\" \/>\n<meta property=\"article:publisher\" content=\"https:\/\/www.facebook.com\/uvb.vereadoresbrasil\" \/>\n<meta property=\"article:published_time\" content=\"2019-08-09T20:48:30+00:00\" \/>\n<meta property=\"og:image\" content=\"https:\/\/uvbbrasil.com.br\/wp-content\/uploads\/2019\/08\/SEXTA.jpg\" \/>\n\t<meta property=\"og:image:width\" content=\"780\" \/>\n\t<meta property=\"og:image:height\" content=\"450\" \/>\n\t<meta property=\"og:image:type\" content=\"image\/jpeg\" \/>\n<meta name=\"author\" content=\"adminuvb\" \/>\n<meta name=\"twitter:card\" content=\"summary_large_image\" \/>\n<meta name=\"twitter:label1\" content=\"Escrito por\" \/>\n\t<meta name=\"twitter:data1\" content=\"adminuvb\" \/>\n\t<meta name=\"twitter:label2\" content=\"Est. tempo de leitura\" \/>\n\t<meta name=\"twitter:data2\" content=\"4 minutos\" \/>\n<script type=\"application\/ld+json\" class=\"yoast-schema-graph\">{\"@context\":\"https:\/\/schema.org\",\"@graph\":[{\"@type\":\"Article\",\"@id\":\"https:\/\/uvbbrasil.com.br\/plano-nacional-de-educacao-pode-ajudar-atingir-metas-da-agenda-2030\/#article\",\"isPartOf\":{\"@id\":\"https:\/\/uvbbrasil.com.br\/plano-nacional-de-educacao-pode-ajudar-atingir-metas-da-agenda-2030\/\"},\"author\":{\"name\":\"adminuvb\",\"@id\":\"https:\/\/uvbbrasil.com.br\/#\/schema\/person\/17990098446c098f52effddff4f1b272\"},\"headline\":\"Plano Nacional de Educa\u00e7\u00e3o pode ajudar a atingir metas da Agenda 2030\",\"datePublished\":\"2019-08-09T20:48:30+00:00\",\"mainEntityOfPage\":{\"@id\":\"https:\/\/uvbbrasil.com.br\/plano-nacional-de-educacao-pode-ajudar-atingir-metas-da-agenda-2030\/\"},\"wordCount\":863,\"commentCount\":0,\"publisher\":{\"@id\":\"https:\/\/uvbbrasil.com.br\/#organization\"},\"image\":{\"@id\":\"https:\/\/uvbbrasil.com.br\/plano-nacional-de-educacao-pode-ajudar-atingir-metas-da-agenda-2030\/#primaryimage\"},\"thumbnailUrl\":\"https:\/\/uvbbrasil.com.br\/wp-content\/uploads\/2019\/08\/SEXTA.jpg\",\"articleSection\":[\"NOT\u00cdCIAS\"],\"inLanguage\":\"pt-BR\",\"potentialAction\":[{\"@type\":\"CommentAction\",\"name\":\"Comment\",\"target\":[\"https:\/\/uvbbrasil.com.br\/plano-nacional-de-educacao-pode-ajudar-atingir-metas-da-agenda-2030\/#respond\"]}]},{\"@type\":\"WebPage\",\"@id\":\"https:\/\/uvbbrasil.com.br\/plano-nacional-de-educacao-pode-ajudar-atingir-metas-da-agenda-2030\/\",\"url\":\"https:\/\/uvbbrasil.com.br\/plano-nacional-de-educacao-pode-ajudar-atingir-metas-da-agenda-2030\/\",\"name\":\"Plano Nacional de Educa\u00e7\u00e3o pode ajudar a atingir metas da Agenda 2030 - UVB Brasil\",\"isPartOf\":{\"@id\":\"https:\/\/uvbbrasil.com.br\/#website\"},\"primaryImageOfPage\":{\"@id\":\"https:\/\/uvbbrasil.com.br\/plano-nacional-de-educacao-pode-ajudar-atingir-metas-da-agenda-2030\/#primaryimage\"},\"image\":{\"@id\":\"https:\/\/uvbbrasil.com.br\/plano-nacional-de-educacao-pode-ajudar-atingir-metas-da-agenda-2030\/#primaryimage\"},\"thumbnailUrl\":\"https:\/\/uvbbrasil.com.br\/wp-content\/uploads\/2019\/08\/SEXTA.jpg\",\"datePublished\":\"2019-08-09T20:48:30+00:00\",\"breadcrumb\":{\"@id\":\"https:\/\/uvbbrasil.com.br\/plano-nacional-de-educacao-pode-ajudar-atingir-metas-da-agenda-2030\/#breadcrumb\"},\"inLanguage\":\"pt-BR\",\"potentialAction\":[{\"@type\":\"ReadAction\",\"target\":[\"https:\/\/uvbbrasil.com.br\/plano-nacional-de-educacao-pode-ajudar-atingir-metas-da-agenda-2030\/\"]}]},{\"@type\":\"ImageObject\",\"inLanguage\":\"pt-BR\",\"@id\":\"https:\/\/uvbbrasil.com.br\/plano-nacional-de-educacao-pode-ajudar-atingir-metas-da-agenda-2030\/#primaryimage\",\"url\":\"https:\/\/uvbbrasil.com.br\/wp-content\/uploads\/2019\/08\/SEXTA.jpg\",\"contentUrl\":\"https:\/\/uvbbrasil.com.br\/wp-content\/uploads\/2019\/08\/SEXTA.jpg\",\"width\":780,\"height\":450},{\"@type\":\"BreadcrumbList\",\"@id\":\"https:\/\/uvbbrasil.com.br\/plano-nacional-de-educacao-pode-ajudar-atingir-metas-da-agenda-2030\/#breadcrumb\",\"itemListElement\":[{\"@type\":\"ListItem\",\"position\":1,\"name\":\"In\u00edcio\",\"item\":\"https:\/\/uvbbrasil.com.br\/\"},{\"@type\":\"ListItem\",\"position\":2,\"name\":\"Plano Nacional de Educa\u00e7\u00e3o pode ajudar a atingir metas da Agenda 2030\"}]},{\"@type\":\"WebSite\",\"@id\":\"https:\/\/uvbbrasil.com.br\/#website\",\"url\":\"https:\/\/uvbbrasil.com.br\/\",\"name\":\"UVB Brasil\",\"description\":\"Uni\u00e3o dos Vereadores do Brasil\",\"publisher\":{\"@id\":\"https:\/\/uvbbrasil.com.br\/#organization\"},\"potentialAction\":[{\"@type\":\"SearchAction\",\"target\":{\"@type\":\"EntryPoint\",\"urlTemplate\":\"https:\/\/uvbbrasil.com.br\/?s={search_term_string}\"},\"query-input\":{\"@type\":\"PropertyValueSpecification\",\"valueRequired\":true,\"valueName\":\"search_term_string\"}}],\"inLanguage\":\"pt-BR\"},{\"@type\":\"Organization\",\"@id\":\"https:\/\/uvbbrasil.com.br\/#organization\",\"name\":\"UVB Brasil\",\"url\":\"https:\/\/uvbbrasil.com.br\/\",\"logo\":{\"@type\":\"ImageObject\",\"inLanguage\":\"pt-BR\",\"@id\":\"https:\/\/uvbbrasil.com.br\/#\/schema\/logo\/image\/\",\"url\":\"https:\/\/uvbbrasil.com.br\/wp-content\/uploads\/2025\/01\/LOGO-UVB-2024-azul-1.jpg\",\"contentUrl\":\"https:\/\/uvbbrasil.com.br\/wp-content\/uploads\/2025\/01\/LOGO-UVB-2024-azul-1.jpg\",\"width\":600,\"height\":211,\"caption\":\"UVB Brasil\"},\"image\":{\"@id\":\"https:\/\/uvbbrasil.com.br\/#\/schema\/logo\/image\/\"},\"sameAs\":[\"https:\/\/www.facebook.com\/uvb.vereadoresbrasil\",\"https:\/\/www.instagram.com\/uvbbrasil\/\",\"https:\/\/www.youtube.com\/channel\/UCIlPQ8Xzw5GHNzosQIg9S5A\"]},{\"@type\":\"Person\",\"@id\":\"https:\/\/uvbbrasil.com.br\/#\/schema\/person\/17990098446c098f52effddff4f1b272\",\"name\":\"adminuvb\",\"image\":{\"@type\":\"ImageObject\",\"inLanguage\":\"pt-BR\",\"@id\":\"https:\/\/uvbbrasil.com.br\/#\/schema\/person\/image\/\",\"url\":\"https:\/\/secure.gravatar.com\/avatar\/1a494ea6f8e2dd1ae526e55b0e9497efdba542491e0620d704cccf63c6f77c45?s=96&d=mm&r=g\",\"contentUrl\":\"https:\/\/secure.gravatar.com\/avatar\/1a494ea6f8e2dd1ae526e55b0e9497efdba542491e0620d704cccf63c6f77c45?s=96&d=mm&r=g\",\"caption\":\"adminuvb\"},\"sameAs\":[\"https:\/\/uvbbrasil.com.br\"],\"url\":\"https:\/\/uvbbrasil.com.br\/author\/adminuvb\/\"}]}<\/script>\n<!-- \/ Yoast SEO plugin. -->","yoast_head_json":{"title":"Plano Nacional de Educa\u00e7\u00e3o pode ajudar a atingir metas da Agenda 2030 - UVB Brasil","robots":{"index":"index","follow":"follow","max-snippet":"max-snippet:-1","max-image-preview":"max-image-preview:large","max-video-preview":"max-video-preview:-1"},"canonical":"https:\/\/uvbbrasil.com.br\/plano-nacional-de-educacao-pode-ajudar-atingir-metas-da-agenda-2030\/","og_locale":"pt_BR","og_type":"article","og_title":"Plano Nacional de Educa\u00e7\u00e3o pode ajudar a atingir metas da Agenda 2030 - UVB Brasil","og_description":"Objetivos para a educa\u00e7\u00e3o infantil e ensino fundamental ser\u00e3o atingidos, diz Ipea Plano Nacional de Educa\u00e7\u00e3o pode ajudar a atingir...","og_url":"https:\/\/uvbbrasil.com.br\/plano-nacional-de-educacao-pode-ajudar-atingir-metas-da-agenda-2030\/","og_site_name":"UVB Brasil","article_publisher":"https:\/\/www.facebook.com\/uvb.vereadoresbrasil","article_published_time":"2019-08-09T20:48:30+00:00","og_image":[{"width":780,"height":450,"url":"https:\/\/uvbbrasil.com.br\/wp-content\/uploads\/2019\/08\/SEXTA.jpg","type":"image\/jpeg"}],"author":"adminuvb","twitter_card":"summary_large_image","twitter_misc":{"Escrito por":"adminuvb","Est. tempo de leitura":"4 minutos"},"schema":{"@context":"https:\/\/schema.org","@graph":[{"@type":"Article","@id":"https:\/\/uvbbrasil.com.br\/plano-nacional-de-educacao-pode-ajudar-atingir-metas-da-agenda-2030\/#article","isPartOf":{"@id":"https:\/\/uvbbrasil.com.br\/plano-nacional-de-educacao-pode-ajudar-atingir-metas-da-agenda-2030\/"},"author":{"name":"adminuvb","@id":"https:\/\/uvbbrasil.com.br\/#\/schema\/person\/17990098446c098f52effddff4f1b272"},"headline":"Plano Nacional de Educa\u00e7\u00e3o pode ajudar a atingir metas da Agenda 2030","datePublished":"2019-08-09T20:48:30+00:00","mainEntityOfPage":{"@id":"https:\/\/uvbbrasil.com.br\/plano-nacional-de-educacao-pode-ajudar-atingir-metas-da-agenda-2030\/"},"wordCount":863,"commentCount":0,"publisher":{"@id":"https:\/\/uvbbrasil.com.br\/#organization"},"image":{"@id":"https:\/\/uvbbrasil.com.br\/plano-nacional-de-educacao-pode-ajudar-atingir-metas-da-agenda-2030\/#primaryimage"},"thumbnailUrl":"https:\/\/uvbbrasil.com.br\/wp-content\/uploads\/2019\/08\/SEXTA.jpg","articleSection":["NOT\u00cdCIAS"],"inLanguage":"pt-BR","potentialAction":[{"@type":"CommentAction","name":"Comment","target":["https:\/\/uvbbrasil.com.br\/plano-nacional-de-educacao-pode-ajudar-atingir-metas-da-agenda-2030\/#respond"]}]},{"@type":"WebPage","@id":"https:\/\/uvbbrasil.com.br\/plano-nacional-de-educacao-pode-ajudar-atingir-metas-da-agenda-2030\/","url":"https:\/\/uvbbrasil.com.br\/plano-nacional-de-educacao-pode-ajudar-atingir-metas-da-agenda-2030\/","name":"Plano Nacional de Educa\u00e7\u00e3o pode ajudar a atingir metas da Agenda 2030 - UVB Brasil","isPartOf":{"@id":"https:\/\/uvbbrasil.com.br\/#website"},"primaryImageOfPage":{"@id":"https:\/\/uvbbrasil.com.br\/plano-nacional-de-educacao-pode-ajudar-atingir-metas-da-agenda-2030\/#primaryimage"},"image":{"@id":"https:\/\/uvbbrasil.com.br\/plano-nacional-de-educacao-pode-ajudar-atingir-metas-da-agenda-2030\/#primaryimage"},"thumbnailUrl":"https:\/\/uvbbrasil.com.br\/wp-content\/uploads\/2019\/08\/SEXTA.jpg","datePublished":"2019-08-09T20:48:30+00:00","breadcrumb":{"@id":"https:\/\/uvbbrasil.com.br\/plano-nacional-de-educacao-pode-ajudar-atingir-metas-da-agenda-2030\/#breadcrumb"},"inLanguage":"pt-BR","potentialAction":[{"@type":"ReadAction","target":["https:\/\/uvbbrasil.com.br\/plano-nacional-de-educacao-pode-ajudar-atingir-metas-da-agenda-2030\/"]}]},{"@type":"ImageObject","inLanguage":"pt-BR","@id":"https:\/\/uvbbrasil.com.br\/plano-nacional-de-educacao-pode-ajudar-atingir-metas-da-agenda-2030\/#primaryimage","url":"https:\/\/uvbbrasil.com.br\/wp-content\/uploads\/2019\/08\/SEXTA.jpg","contentUrl":"https:\/\/uvbbrasil.com.br\/wp-content\/uploads\/2019\/08\/SEXTA.jpg","width":780,"height":450},{"@type":"BreadcrumbList","@id":"https:\/\/uvbbrasil.com.br\/plano-nacional-de-educacao-pode-ajudar-atingir-metas-da-agenda-2030\/#breadcrumb","itemListElement":[{"@type":"ListItem","position":1,"name":"In\u00edcio","item":"https:\/\/uvbbrasil.com.br\/"},{"@type":"ListItem","position":2,"name":"Plano Nacional de Educa\u00e7\u00e3o pode ajudar a atingir metas da Agenda 2030"}]},{"@type":"WebSite","@id":"https:\/\/uvbbrasil.com.br\/#website","url":"https:\/\/uvbbrasil.com.br\/","name":"UVB Brasil","description":"Uni\u00e3o dos Vereadores do Brasil","publisher":{"@id":"https:\/\/uvbbrasil.com.br\/#organization"},"potentialAction":[{"@type":"SearchAction","target":{"@type":"EntryPoint","urlTemplate":"https:\/\/uvbbrasil.com.br\/?s={search_term_string}"},"query-input":{"@type":"PropertyValueSpecification","valueRequired":true,"valueName":"search_term_string"}}],"inLanguage":"pt-BR"},{"@type":"Organization","@id":"https:\/\/uvbbrasil.com.br\/#organization","name":"UVB Brasil","url":"https:\/\/uvbbrasil.com.br\/","logo":{"@type":"ImageObject","inLanguage":"pt-BR","@id":"https:\/\/uvbbrasil.com.br\/#\/schema\/logo\/image\/","url":"https:\/\/uvbbrasil.com.br\/wp-content\/uploads\/2025\/01\/LOGO-UVB-2024-azul-1.jpg","contentUrl":"https:\/\/uvbbrasil.com.br\/wp-content\/uploads\/2025\/01\/LOGO-UVB-2024-azul-1.jpg","width":600,"height":211,"caption":"UVB Brasil"},"image":{"@id":"https:\/\/uvbbrasil.com.br\/#\/schema\/logo\/image\/"},"sameAs":["https:\/\/www.facebook.com\/uvb.vereadoresbrasil","https:\/\/www.instagram.com\/uvbbrasil\/","https:\/\/www.youtube.com\/channel\/UCIlPQ8Xzw5GHNzosQIg9S5A"]},{"@type":"Person","@id":"https:\/\/uvbbrasil.com.br\/#\/schema\/person\/17990098446c098f52effddff4f1b272","name":"adminuvb","image":{"@type":"ImageObject","inLanguage":"pt-BR","@id":"https:\/\/uvbbrasil.com.br\/#\/schema\/person\/image\/","url":"https:\/\/secure.gravatar.com\/avatar\/1a494ea6f8e2dd1ae526e55b0e9497efdba542491e0620d704cccf63c6f77c45?s=96&d=mm&r=g","contentUrl":"https:\/\/secure.gravatar.com\/avatar\/1a494ea6f8e2dd1ae526e55b0e9497efdba542491e0620d704cccf63c6f77c45?s=96&d=mm&r=g","caption":"adminuvb"},"sameAs":["https:\/\/uvbbrasil.com.br"],"url":"https:\/\/uvbbrasil.com.br\/author\/adminuvb\/"}]}},"_links":{"self":[{"href":"https:\/\/uvbbrasil.com.br\/uvb-json\/wp\/v2\/posts\/15456","targetHints":{"allow":["GET"]}}],"collection":[{"href":"https:\/\/uvbbrasil.com.br\/uvb-json\/wp\/v2\/posts"}],"about":[{"href":"https:\/\/uvbbrasil.com.br\/uvb-json\/wp\/v2\/types\/post"}],"author":[{"embeddable":true,"href":"https:\/\/uvbbrasil.com.br\/uvb-json\/wp\/v2\/users\/1"}],"replies":[{"embeddable":true,"href":"https:\/\/uvbbrasil.com.br\/uvb-json\/wp\/v2\/comments?post=15456"}],"version-history":[{"count":0,"href":"https:\/\/uvbbrasil.com.br\/uvb-json\/wp\/v2\/posts\/15456\/revisions"}],"wp:featuredmedia":[{"embeddable":true,"href":"https:\/\/uvbbrasil.com.br\/uvb-json\/wp\/v2\/media\/15457"}],"wp:attachment":[{"href":"https:\/\/uvbbrasil.com.br\/uvb-json\/wp\/v2\/media?parent=15456"}],"wp:term":[{"taxonomy":"category","embeddable":true,"href":"https:\/\/uvbbrasil.com.br\/uvb-json\/wp\/v2\/categories?post=15456"},{"taxonomy":"post_tag","embeddable":true,"href":"https:\/\/uvbbrasil.com.br\/uvb-json\/wp\/v2\/tags?post=15456"}],"curies":[{"name":"wp","href":"https:\/\/api.w.org\/{rel}","templated":true}]}}