{"id":15445,"date":"2019-08-09T10:55:46","date_gmt":"2019-08-09T13:55:46","guid":{"rendered":"https:\/\/wpsandbox4.pante.com.br\/?p=15445"},"modified":"2019-08-09T10:55:46","modified_gmt":"2019-08-09T13:55:46","slug":"prefeitos-defendem-que-iss-seja-mantido-nos-municipios-iniciativa-tem-o-apoio-da-uniao-dos-vereadores-brasil-uvb","status":"publish","type":"post","link":"https:\/\/uvbbrasil.com.br\/prefeitos-defendem-que-iss-seja-mantido-nos-municipios-iniciativa-tem-o-apoio-da-uniao-dos-vereadores-brasil-uvb\/","title":{"rendered":"Prefeitos defendem que ISS seja mantido nos munic\u00edpios- A iniciativa tem  o apoio da Uni\u00e3o dos Vereadores do Brasil- UVB"},"content":{"rendered":"<p>&nbsp;<\/p>\n<p>Posicionamento foi apresentado durante reuni\u00e3o para debater propostas de reforma tribut\u00e1ria<\/p>\n<p>Prefeitos defendem que ISS seja mantido nos munic\u00edpios \u2013 Prefeitos definiram, na quarta-feira, 7, que n\u00e3o v\u00e3o abrir m\u00e3o da compet\u00eancia tribut\u00e1ria pr\u00f3pria dos munic\u00edpios em nome do apoio a uma reforma tribut\u00e1ria que comprometa a gest\u00e3o do Imposto Sobre Servi\u00e7os (ISS). A decis\u00e3o est\u00e1 formalizada em um documento com seis pontos, que a Frente Nacional de Prefeitos (FNP) assina em parceria com a Associa\u00e7\u00e3o Brasileira das Secretarias de Finan\u00e7as (Abrasf) e o F\u00f3rum Nacional de Secret\u00e1rios Municipais de Fazenda e Finan\u00e7as, a iniciativa\u00a0 tem\u00a0 o apoio da Uni\u00e3o dos Vereadores do Brasil-UVB.<\/p>\n<p>\u201cN\u00e3o abrimos m\u00e3o que o ISS continue como um imposto de esfera municipal, sem ser incorporado por nenhum outro ente, porque sabemos que, se isso ocorrer, os munic\u00edpios sair\u00e3o perdendo, ou seja, em \u00faltima inst\u00e2ncia, a popula\u00e7\u00e3o perde\u201d, conforme trecho do posicionamento conjunto. Acesse na \u00edntegra aqui.<\/p>\n<p>Um dos pontos defendidos pelo grupo \u00e9 a necessidade de mais informa\u00e7\u00f5es sobre as propostas que tramitam no Congresso Nacional. \u201cApoiamos a simplifica\u00e7\u00e3o tribut\u00e1ria, mas \u00e9 irrespons\u00e1vel fazer qualquer modifica\u00e7\u00e3o sem a previs\u00e3o de dados\u201d, declarou o presidente da FNP, Jonas Donizette, prefeito de Campinas\/SP.<\/p>\n<p>Para o presidente da Abrasf, Vitor Puppi, secret\u00e1rio de Finan\u00e7as de Curitiba\/PR, ainda n\u00e3o h\u00e1 contas s\u00f3lidas que fortale\u00e7am uma reforma. \u201cSem ter n\u00fameros \u00e9 muito complicado justificar o ingresso dos munic\u00edpios em qualquer um desses barcos\u201d, disse.<\/p>\n<p>Nesse sentido, o grupo destacou a \u201cnecessidade premente\u201d pela prorroga\u00e7\u00e3o do prazo para apresenta\u00e7\u00e3o de emendas. Com esse pleito, querem tempo para aprimorar a discuss\u00e3o e ter seguran\u00e7a em suas decis\u00f5es.<\/p>\n<p>Durante a reuni\u00e3o, o consultor econ\u00f4mico da FNP, Jos\u00e9 Roberto Afonso, fez uma avalia\u00e7\u00e3o de cinco propostas que est\u00e3o em tramita\u00e7\u00e3o ou em discuss\u00e3o na pol\u00edtica (PEC 110\/2019; PEC 45\/2019; Proposta RFB\/Cintra; Emenda Substitutiva n\u00ba 2\u00e0 PEC 45\/2019; Proposta Instituto Brasil 200).<\/p>\n<p>Simplifica\u00e7\u00e3o tribut\u00e1ria<\/p>\n<p>Em coletiva de imprensa, o presidente da FNP voltou a refor\u00e7ar que os prefeitos defendem a simplifica\u00e7\u00e3o tribut\u00e1ria no pa\u00eds. Conforme o governante, a unifica\u00e7\u00e3o nacional do ISS, desde que ele continue sob a ger\u00eancia dos munic\u00edpios, \u00e9 um caminho vi\u00e1vel. Para isso, a proposta \u00e9 instituir uma nota fiscal de servi\u00e7os eletr\u00f4nica nacional e padronizar as obriga\u00e7\u00f5es acess\u00f3rias. \u201cO Brasil precisa desta simplifica\u00e7\u00e3o\u201d, concluiu.<\/p>\n<p>A reuni\u00e3o teve a participa\u00e7\u00e3o do vice-presidente de Reforma Tribut\u00e1ria da FNP, Duarte Nogueira, prefeito de Ribeir\u00e3o Preto\/SP; presidente de Finan\u00e7as P\u00fablicas da FNP, Rosalba Ciarlini, prefeita de Mossor\u00f3\/RN; do vice-presidente da Abrasf, Jeferson Passos, secret\u00e1rio de Fazenda de Aracaju\/SE; diretor t\u00e9cnico da Abrasf, Leonardo Busatto, secret\u00e1rio de Fazenda de Porto Alegre\/RS, assessor especial da Fazenda de S\u00e3o Paulo\/sp, Alberto Macedo; secret\u00e1rio de Finan\u00e7as de Campinas\/SP, Tarc\u00edsio Cintra; secret\u00e1rio de Fazenda de Aparecida de Goi\u00e2nia\/GO, Andr\u00e9 Lu\u00eds Ferreira da Rosa, al\u00e9m de assessores e advogados.<a href=\"https:\/\/uvbbrasil.com.br\/?attachment_id=15446\" rel=\"attachment wp-att-15446\"><img fetchpriority=\"high\" decoding=\"async\" class=\"aligncenter size-full wp-image-15446\" src=\"https:\/\/uvbbrasil.com.br\/wp-content\/uploads\/2019\/08\/prefeitos.jpg\" alt=\"\" width=\"780\" height=\"450\" srcset=\"https:\/\/uvbbrasil.com.br\/wp-content\/uploads\/2019\/08\/prefeitos.jpg 780w, https:\/\/uvbbrasil.com.br\/wp-content\/uploads\/2019\/08\/prefeitos-300x173.jpg 300w, https:\/\/uvbbrasil.com.br\/wp-content\/uploads\/2019\/08\/prefeitos-768x443.jpg 768w\" sizes=\"(max-width: 780px) 100vw, 780px\" \/><\/a><\/p>\n<p><em>fonte<\/em> :www.i9treinamentos.com<\/p>\n","protected":false},"excerpt":{"rendered":"<p>&nbsp; Posicionamento foi apresentado durante reuni\u00e3o para debater propostas de reforma tribut\u00e1ria Prefeitos defendem que ISS seja mantido nos munic\u00edpios&#8230;<\/p>\n","protected":false},"author":1,"featured_media":15446,"comment_status":"open","ping_status":"open","sticky":false,"template":"","format":"standard","meta":{"footnotes":""},"categories":[3,4],"tags":[],"class_list":["post-15445","post","type-post","status-publish","format-standard","has-post-thumbnail","hentry","category-noticias","category-home"],"yoast_head":"<!-- This site is optimized with the Yoast SEO plugin v26.7 - https:\/\/yoast.com\/wordpress\/plugins\/seo\/ -->\n<title>Prefeitos defendem que ISS seja mantido nos munic\u00edpios- A iniciativa tem o apoio da Uni\u00e3o dos Vereadores do Brasil- UVB - UVB Brasil<\/title>\n<meta name=\"robots\" content=\"index, follow, max-snippet:-1, max-image-preview:large, max-video-preview:-1\" \/>\n<link rel=\"canonical\" href=\"https:\/\/uvbbrasil.com.br\/prefeitos-defendem-que-iss-seja-mantido-nos-municipios-iniciativa-tem-o-apoio-da-uniao-dos-vereadores-brasil-uvb\/\" \/>\n<meta property=\"og:locale\" content=\"pt_BR\" \/>\n<meta property=\"og:type\" content=\"article\" \/>\n<meta property=\"og:title\" content=\"Prefeitos defendem que ISS seja mantido nos munic\u00edpios- A iniciativa tem o apoio da Uni\u00e3o dos Vereadores do Brasil- UVB - UVB Brasil\" \/>\n<meta property=\"og:description\" content=\"&nbsp; Posicionamento foi apresentado durante reuni\u00e3o para debater propostas de reforma tribut\u00e1ria Prefeitos defendem que ISS seja mantido nos munic\u00edpios...\" \/>\n<meta property=\"og:url\" content=\"https:\/\/uvbbrasil.com.br\/prefeitos-defendem-que-iss-seja-mantido-nos-municipios-iniciativa-tem-o-apoio-da-uniao-dos-vereadores-brasil-uvb\/\" \/>\n<meta property=\"og:site_name\" content=\"UVB Brasil\" \/>\n<meta property=\"article:publisher\" content=\"https:\/\/www.facebook.com\/uvb.vereadoresbrasil\" \/>\n<meta property=\"article:published_time\" content=\"2019-08-09T13:55:46+00:00\" \/>\n<meta property=\"og:image\" content=\"https:\/\/uvbbrasil.com.br\/wp-content\/uploads\/2019\/08\/prefeitos.jpg\" \/>\n\t<meta property=\"og:image:width\" content=\"780\" \/>\n\t<meta property=\"og:image:height\" content=\"450\" \/>\n\t<meta property=\"og:image:type\" content=\"image\/jpeg\" \/>\n<meta name=\"author\" content=\"adminuvb\" \/>\n<meta name=\"twitter:card\" content=\"summary_large_image\" \/>\n<meta name=\"twitter:label1\" content=\"Escrito por\" \/>\n\t<meta name=\"twitter:data1\" content=\"adminuvb\" \/>\n\t<meta name=\"twitter:label2\" content=\"Est. tempo de leitura\" \/>\n\t<meta name=\"twitter:data2\" content=\"3 minutos\" \/>\n<script type=\"application\/ld+json\" class=\"yoast-schema-graph\">{\"@context\":\"https:\/\/schema.org\",\"@graph\":[{\"@type\":\"Article\",\"@id\":\"https:\/\/uvbbrasil.com.br\/prefeitos-defendem-que-iss-seja-mantido-nos-municipios-iniciativa-tem-o-apoio-da-uniao-dos-vereadores-brasil-uvb\/#article\",\"isPartOf\":{\"@id\":\"https:\/\/uvbbrasil.com.br\/prefeitos-defendem-que-iss-seja-mantido-nos-municipios-iniciativa-tem-o-apoio-da-uniao-dos-vereadores-brasil-uvb\/\"},\"author\":{\"name\":\"adminuvb\",\"@id\":\"https:\/\/uvbbrasil.com.br\/#\/schema\/person\/17990098446c098f52effddff4f1b272\"},\"headline\":\"Prefeitos defendem que ISS seja mantido nos munic\u00edpios- A iniciativa tem o apoio da Uni\u00e3o dos Vereadores do Brasil- UVB\",\"datePublished\":\"2019-08-09T13:55:46+00:00\",\"mainEntityOfPage\":{\"@id\":\"https:\/\/uvbbrasil.com.br\/prefeitos-defendem-que-iss-seja-mantido-nos-municipios-iniciativa-tem-o-apoio-da-uniao-dos-vereadores-brasil-uvb\/\"},\"wordCount\":568,\"commentCount\":0,\"publisher\":{\"@id\":\"https:\/\/uvbbrasil.com.br\/#organization\"},\"image\":{\"@id\":\"https:\/\/uvbbrasil.com.br\/prefeitos-defendem-que-iss-seja-mantido-nos-municipios-iniciativa-tem-o-apoio-da-uniao-dos-vereadores-brasil-uvb\/#primaryimage\"},\"thumbnailUrl\":\"https:\/\/uvbbrasil.com.br\/wp-content\/uploads\/2019\/08\/prefeitos.jpg\",\"articleSection\":[\"NOT\u00cdCIAS\",\"UVB\"],\"inLanguage\":\"pt-BR\",\"potentialAction\":[{\"@type\":\"CommentAction\",\"name\":\"Comment\",\"target\":[\"https:\/\/uvbbrasil.com.br\/prefeitos-defendem-que-iss-seja-mantido-nos-municipios-iniciativa-tem-o-apoio-da-uniao-dos-vereadores-brasil-uvb\/#respond\"]}]},{\"@type\":\"WebPage\",\"@id\":\"https:\/\/uvbbrasil.com.br\/prefeitos-defendem-que-iss-seja-mantido-nos-municipios-iniciativa-tem-o-apoio-da-uniao-dos-vereadores-brasil-uvb\/\",\"url\":\"https:\/\/uvbbrasil.com.br\/prefeitos-defendem-que-iss-seja-mantido-nos-municipios-iniciativa-tem-o-apoio-da-uniao-dos-vereadores-brasil-uvb\/\",\"name\":\"Prefeitos defendem que ISS seja mantido nos munic\u00edpios- A iniciativa tem o apoio da Uni\u00e3o dos Vereadores do Brasil- UVB - UVB Brasil\",\"isPartOf\":{\"@id\":\"https:\/\/uvbbrasil.com.br\/#website\"},\"primaryImageOfPage\":{\"@id\":\"https:\/\/uvbbrasil.com.br\/prefeitos-defendem-que-iss-seja-mantido-nos-municipios-iniciativa-tem-o-apoio-da-uniao-dos-vereadores-brasil-uvb\/#primaryimage\"},\"image\":{\"@id\":\"https:\/\/uvbbrasil.com.br\/prefeitos-defendem-que-iss-seja-mantido-nos-municipios-iniciativa-tem-o-apoio-da-uniao-dos-vereadores-brasil-uvb\/#primaryimage\"},\"thumbnailUrl\":\"https:\/\/uvbbrasil.com.br\/wp-content\/uploads\/2019\/08\/prefeitos.jpg\",\"datePublished\":\"2019-08-09T13:55:46+00:00\",\"breadcrumb\":{\"@id\":\"https:\/\/uvbbrasil.com.br\/prefeitos-defendem-que-iss-seja-mantido-nos-municipios-iniciativa-tem-o-apoio-da-uniao-dos-vereadores-brasil-uvb\/#breadcrumb\"},\"inLanguage\":\"pt-BR\",\"potentialAction\":[{\"@type\":\"ReadAction\",\"target\":[\"https:\/\/uvbbrasil.com.br\/prefeitos-defendem-que-iss-seja-mantido-nos-municipios-iniciativa-tem-o-apoio-da-uniao-dos-vereadores-brasil-uvb\/\"]}]},{\"@type\":\"ImageObject\",\"inLanguage\":\"pt-BR\",\"@id\":\"https:\/\/uvbbrasil.com.br\/prefeitos-defendem-que-iss-seja-mantido-nos-municipios-iniciativa-tem-o-apoio-da-uniao-dos-vereadores-brasil-uvb\/#primaryimage\",\"url\":\"https:\/\/uvbbrasil.com.br\/wp-content\/uploads\/2019\/08\/prefeitos.jpg\",\"contentUrl\":\"https:\/\/uvbbrasil.com.br\/wp-content\/uploads\/2019\/08\/prefeitos.jpg\",\"width\":780,\"height\":450},{\"@type\":\"BreadcrumbList\",\"@id\":\"https:\/\/uvbbrasil.com.br\/prefeitos-defendem-que-iss-seja-mantido-nos-municipios-iniciativa-tem-o-apoio-da-uniao-dos-vereadores-brasil-uvb\/#breadcrumb\",\"itemListElement\":[{\"@type\":\"ListItem\",\"position\":1,\"name\":\"In\u00edcio\",\"item\":\"https:\/\/uvbbrasil.com.br\/\"},{\"@type\":\"ListItem\",\"position\":2,\"name\":\"Prefeitos defendem que ISS seja mantido nos munic\u00edpios- A iniciativa tem o apoio da Uni\u00e3o dos Vereadores do Brasil- UVB\"}]},{\"@type\":\"WebSite\",\"@id\":\"https:\/\/uvbbrasil.com.br\/#website\",\"url\":\"https:\/\/uvbbrasil.com.br\/\",\"name\":\"UVB Brasil\",\"description\":\"Uni\u00e3o dos Vereadores do Brasil\",\"publisher\":{\"@id\":\"https:\/\/uvbbrasil.com.br\/#organization\"},\"potentialAction\":[{\"@type\":\"SearchAction\",\"target\":{\"@type\":\"EntryPoint\",\"urlTemplate\":\"https:\/\/uvbbrasil.com.br\/?s={search_term_string}\"},\"query-input\":{\"@type\":\"PropertyValueSpecification\",\"valueRequired\":true,\"valueName\":\"search_term_string\"}}],\"inLanguage\":\"pt-BR\"},{\"@type\":\"Organization\",\"@id\":\"https:\/\/uvbbrasil.com.br\/#organization\",\"name\":\"UVB Brasil\",\"url\":\"https:\/\/uvbbrasil.com.br\/\",\"logo\":{\"@type\":\"ImageObject\",\"inLanguage\":\"pt-BR\",\"@id\":\"https:\/\/uvbbrasil.com.br\/#\/schema\/logo\/image\/\",\"url\":\"https:\/\/uvbbrasil.com.br\/wp-content\/uploads\/2025\/01\/LOGO-UVB-2024-azul-1.jpg\",\"contentUrl\":\"https:\/\/uvbbrasil.com.br\/wp-content\/uploads\/2025\/01\/LOGO-UVB-2024-azul-1.jpg\",\"width\":600,\"height\":211,\"caption\":\"UVB Brasil\"},\"image\":{\"@id\":\"https:\/\/uvbbrasil.com.br\/#\/schema\/logo\/image\/\"},\"sameAs\":[\"https:\/\/www.facebook.com\/uvb.vereadoresbrasil\",\"https:\/\/www.instagram.com\/uvbbrasil\/\",\"https:\/\/www.youtube.com\/channel\/UCIlPQ8Xzw5GHNzosQIg9S5A\"]},{\"@type\":\"Person\",\"@id\":\"https:\/\/uvbbrasil.com.br\/#\/schema\/person\/17990098446c098f52effddff4f1b272\",\"name\":\"adminuvb\",\"image\":{\"@type\":\"ImageObject\",\"inLanguage\":\"pt-BR\",\"@id\":\"https:\/\/uvbbrasil.com.br\/#\/schema\/person\/image\/\",\"url\":\"https:\/\/secure.gravatar.com\/avatar\/1a494ea6f8e2dd1ae526e55b0e9497efdba542491e0620d704cccf63c6f77c45?s=96&d=mm&r=g\",\"contentUrl\":\"https:\/\/secure.gravatar.com\/avatar\/1a494ea6f8e2dd1ae526e55b0e9497efdba542491e0620d704cccf63c6f77c45?s=96&d=mm&r=g\",\"caption\":\"adminuvb\"},\"sameAs\":[\"https:\/\/uvbbrasil.com.br\"],\"url\":\"https:\/\/uvbbrasil.com.br\/author\/adminuvb\/\"}]}<\/script>\n<!-- \/ Yoast SEO plugin. -->","yoast_head_json":{"title":"Prefeitos defendem que ISS seja mantido nos munic\u00edpios- A iniciativa tem o apoio da Uni\u00e3o dos Vereadores do Brasil- UVB - UVB Brasil","robots":{"index":"index","follow":"follow","max-snippet":"max-snippet:-1","max-image-preview":"max-image-preview:large","max-video-preview":"max-video-preview:-1"},"canonical":"https:\/\/uvbbrasil.com.br\/prefeitos-defendem-que-iss-seja-mantido-nos-municipios-iniciativa-tem-o-apoio-da-uniao-dos-vereadores-brasil-uvb\/","og_locale":"pt_BR","og_type":"article","og_title":"Prefeitos defendem que ISS seja mantido nos munic\u00edpios- A iniciativa tem o apoio da Uni\u00e3o dos Vereadores do Brasil- UVB - UVB Brasil","og_description":"&nbsp; Posicionamento foi apresentado durante reuni\u00e3o para debater propostas de reforma tribut\u00e1ria Prefeitos defendem que ISS seja mantido nos munic\u00edpios...","og_url":"https:\/\/uvbbrasil.com.br\/prefeitos-defendem-que-iss-seja-mantido-nos-municipios-iniciativa-tem-o-apoio-da-uniao-dos-vereadores-brasil-uvb\/","og_site_name":"UVB Brasil","article_publisher":"https:\/\/www.facebook.com\/uvb.vereadoresbrasil","article_published_time":"2019-08-09T13:55:46+00:00","og_image":[{"width":780,"height":450,"url":"https:\/\/uvbbrasil.com.br\/wp-content\/uploads\/2019\/08\/prefeitos.jpg","type":"image\/jpeg"}],"author":"adminuvb","twitter_card":"summary_large_image","twitter_misc":{"Escrito por":"adminuvb","Est. tempo de leitura":"3 minutos"},"schema":{"@context":"https:\/\/schema.org","@graph":[{"@type":"Article","@id":"https:\/\/uvbbrasil.com.br\/prefeitos-defendem-que-iss-seja-mantido-nos-municipios-iniciativa-tem-o-apoio-da-uniao-dos-vereadores-brasil-uvb\/#article","isPartOf":{"@id":"https:\/\/uvbbrasil.com.br\/prefeitos-defendem-que-iss-seja-mantido-nos-municipios-iniciativa-tem-o-apoio-da-uniao-dos-vereadores-brasil-uvb\/"},"author":{"name":"adminuvb","@id":"https:\/\/uvbbrasil.com.br\/#\/schema\/person\/17990098446c098f52effddff4f1b272"},"headline":"Prefeitos defendem que ISS seja mantido nos munic\u00edpios- A iniciativa tem o apoio da Uni\u00e3o dos Vereadores do Brasil- UVB","datePublished":"2019-08-09T13:55:46+00:00","mainEntityOfPage":{"@id":"https:\/\/uvbbrasil.com.br\/prefeitos-defendem-que-iss-seja-mantido-nos-municipios-iniciativa-tem-o-apoio-da-uniao-dos-vereadores-brasil-uvb\/"},"wordCount":568,"commentCount":0,"publisher":{"@id":"https:\/\/uvbbrasil.com.br\/#organization"},"image":{"@id":"https:\/\/uvbbrasil.com.br\/prefeitos-defendem-que-iss-seja-mantido-nos-municipios-iniciativa-tem-o-apoio-da-uniao-dos-vereadores-brasil-uvb\/#primaryimage"},"thumbnailUrl":"https:\/\/uvbbrasil.com.br\/wp-content\/uploads\/2019\/08\/prefeitos.jpg","articleSection":["NOT\u00cdCIAS","UVB"],"inLanguage":"pt-BR","potentialAction":[{"@type":"CommentAction","name":"Comment","target":["https:\/\/uvbbrasil.com.br\/prefeitos-defendem-que-iss-seja-mantido-nos-municipios-iniciativa-tem-o-apoio-da-uniao-dos-vereadores-brasil-uvb\/#respond"]}]},{"@type":"WebPage","@id":"https:\/\/uvbbrasil.com.br\/prefeitos-defendem-que-iss-seja-mantido-nos-municipios-iniciativa-tem-o-apoio-da-uniao-dos-vereadores-brasil-uvb\/","url":"https:\/\/uvbbrasil.com.br\/prefeitos-defendem-que-iss-seja-mantido-nos-municipios-iniciativa-tem-o-apoio-da-uniao-dos-vereadores-brasil-uvb\/","name":"Prefeitos defendem que ISS seja mantido nos munic\u00edpios- A iniciativa tem o apoio da Uni\u00e3o dos Vereadores do Brasil- UVB - UVB Brasil","isPartOf":{"@id":"https:\/\/uvbbrasil.com.br\/#website"},"primaryImageOfPage":{"@id":"https:\/\/uvbbrasil.com.br\/prefeitos-defendem-que-iss-seja-mantido-nos-municipios-iniciativa-tem-o-apoio-da-uniao-dos-vereadores-brasil-uvb\/#primaryimage"},"image":{"@id":"https:\/\/uvbbrasil.com.br\/prefeitos-defendem-que-iss-seja-mantido-nos-municipios-iniciativa-tem-o-apoio-da-uniao-dos-vereadores-brasil-uvb\/#primaryimage"},"thumbnailUrl":"https:\/\/uvbbrasil.com.br\/wp-content\/uploads\/2019\/08\/prefeitos.jpg","datePublished":"2019-08-09T13:55:46+00:00","breadcrumb":{"@id":"https:\/\/uvbbrasil.com.br\/prefeitos-defendem-que-iss-seja-mantido-nos-municipios-iniciativa-tem-o-apoio-da-uniao-dos-vereadores-brasil-uvb\/#breadcrumb"},"inLanguage":"pt-BR","potentialAction":[{"@type":"ReadAction","target":["https:\/\/uvbbrasil.com.br\/prefeitos-defendem-que-iss-seja-mantido-nos-municipios-iniciativa-tem-o-apoio-da-uniao-dos-vereadores-brasil-uvb\/"]}]},{"@type":"ImageObject","inLanguage":"pt-BR","@id":"https:\/\/uvbbrasil.com.br\/prefeitos-defendem-que-iss-seja-mantido-nos-municipios-iniciativa-tem-o-apoio-da-uniao-dos-vereadores-brasil-uvb\/#primaryimage","url":"https:\/\/uvbbrasil.com.br\/wp-content\/uploads\/2019\/08\/prefeitos.jpg","contentUrl":"https:\/\/uvbbrasil.com.br\/wp-content\/uploads\/2019\/08\/prefeitos.jpg","width":780,"height":450},{"@type":"BreadcrumbList","@id":"https:\/\/uvbbrasil.com.br\/prefeitos-defendem-que-iss-seja-mantido-nos-municipios-iniciativa-tem-o-apoio-da-uniao-dos-vereadores-brasil-uvb\/#breadcrumb","itemListElement":[{"@type":"ListItem","position":1,"name":"In\u00edcio","item":"https:\/\/uvbbrasil.com.br\/"},{"@type":"ListItem","position":2,"name":"Prefeitos defendem que ISS seja mantido nos munic\u00edpios- A iniciativa tem o apoio da Uni\u00e3o dos Vereadores do Brasil- UVB"}]},{"@type":"WebSite","@id":"https:\/\/uvbbrasil.com.br\/#website","url":"https:\/\/uvbbrasil.com.br\/","name":"UVB Brasil","description":"Uni\u00e3o dos Vereadores do Brasil","publisher":{"@id":"https:\/\/uvbbrasil.com.br\/#organization"},"potentialAction":[{"@type":"SearchAction","target":{"@type":"EntryPoint","urlTemplate":"https:\/\/uvbbrasil.com.br\/?s={search_term_string}"},"query-input":{"@type":"PropertyValueSpecification","valueRequired":true,"valueName":"search_term_string"}}],"inLanguage":"pt-BR"},{"@type":"Organization","@id":"https:\/\/uvbbrasil.com.br\/#organization","name":"UVB Brasil","url":"https:\/\/uvbbrasil.com.br\/","logo":{"@type":"ImageObject","inLanguage":"pt-BR","@id":"https:\/\/uvbbrasil.com.br\/#\/schema\/logo\/image\/","url":"https:\/\/uvbbrasil.com.br\/wp-content\/uploads\/2025\/01\/LOGO-UVB-2024-azul-1.jpg","contentUrl":"https:\/\/uvbbrasil.com.br\/wp-content\/uploads\/2025\/01\/LOGO-UVB-2024-azul-1.jpg","width":600,"height":211,"caption":"UVB Brasil"},"image":{"@id":"https:\/\/uvbbrasil.com.br\/#\/schema\/logo\/image\/"},"sameAs":["https:\/\/www.facebook.com\/uvb.vereadoresbrasil","https:\/\/www.instagram.com\/uvbbrasil\/","https:\/\/www.youtube.com\/channel\/UCIlPQ8Xzw5GHNzosQIg9S5A"]},{"@type":"Person","@id":"https:\/\/uvbbrasil.com.br\/#\/schema\/person\/17990098446c098f52effddff4f1b272","name":"adminuvb","image":{"@type":"ImageObject","inLanguage":"pt-BR","@id":"https:\/\/uvbbrasil.com.br\/#\/schema\/person\/image\/","url":"https:\/\/secure.gravatar.com\/avatar\/1a494ea6f8e2dd1ae526e55b0e9497efdba542491e0620d704cccf63c6f77c45?s=96&d=mm&r=g","contentUrl":"https:\/\/secure.gravatar.com\/avatar\/1a494ea6f8e2dd1ae526e55b0e9497efdba542491e0620d704cccf63c6f77c45?s=96&d=mm&r=g","caption":"adminuvb"},"sameAs":["https:\/\/uvbbrasil.com.br"],"url":"https:\/\/uvbbrasil.com.br\/author\/adminuvb\/"}]}},"_links":{"self":[{"href":"https:\/\/uvbbrasil.com.br\/uvb-json\/wp\/v2\/posts\/15445","targetHints":{"allow":["GET"]}}],"collection":[{"href":"https:\/\/uvbbrasil.com.br\/uvb-json\/wp\/v2\/posts"}],"about":[{"href":"https:\/\/uvbbrasil.com.br\/uvb-json\/wp\/v2\/types\/post"}],"author":[{"embeddable":true,"href":"https:\/\/uvbbrasil.com.br\/uvb-json\/wp\/v2\/users\/1"}],"replies":[{"embeddable":true,"href":"https:\/\/uvbbrasil.com.br\/uvb-json\/wp\/v2\/comments?post=15445"}],"version-history":[{"count":0,"href":"https:\/\/uvbbrasil.com.br\/uvb-json\/wp\/v2\/posts\/15445\/revisions"}],"wp:featuredmedia":[{"embeddable":true,"href":"https:\/\/uvbbrasil.com.br\/uvb-json\/wp\/v2\/media\/15446"}],"wp:attachment":[{"href":"https:\/\/uvbbrasil.com.br\/uvb-json\/wp\/v2\/media?parent=15445"}],"wp:term":[{"taxonomy":"category","embeddable":true,"href":"https:\/\/uvbbrasil.com.br\/uvb-json\/wp\/v2\/categories?post=15445"},{"taxonomy":"post_tag","embeddable":true,"href":"https:\/\/uvbbrasil.com.br\/uvb-json\/wp\/v2\/tags?post=15445"}],"curies":[{"name":"wp","href":"https:\/\/api.w.org\/{rel}","templated":true}]}}