{"id":14792,"date":"2019-06-25T10:33:44","date_gmt":"2019-06-25T13:33:44","guid":{"rendered":"https:\/\/wpsandbox4.pante.com.br\/?p=14792"},"modified":"2019-06-25T10:33:44","modified_gmt":"2019-06-25T13:33:44","slug":"julgamento-piso-dos-acs-e-ace-esta-na-pauta-stf-desta-sexta-feira","status":"publish","type":"post","link":"https:\/\/uvbbrasil.com.br\/julgamento-piso-dos-acs-e-ace-esta-na-pauta-stf-desta-sexta-feira\/","title":{"rendered":"Julgamento do piso dos ACS e ACE est\u00e1 na pauta do STF desta sexta-feira"},"content":{"rendered":"<p>Julgamento do piso dos ACS e ACE est\u00e1 na pauta do STF desta sexta-feira \u2013 A\u00e7\u00e3o que aguarda julgamento no Supremo Tribunal Federal (STF) sobre o piso dos Agentes Comunit\u00e1rios de Sa\u00fade (ACS) e de Combate \u00e0s Endemias (ACE) foi pautado para esta semana. Est\u00e1 na agenda da sess\u00e3o virtual de sexta-feira, 28 de junho, a A\u00e7\u00e3o Direta Inconstitucionalidade (ADI) 6103, cuja requerente \u00e9 a Confedera\u00e7\u00e3o Nacional de Munic\u00edpios (CNM). O relator \u00e9 o ministro Alexandre de Moraes.<\/p>\n<p>Al\u00e9m do impacto financeiro de mais de R$ 4,8 bilh\u00f5es para os cofres municipais at\u00e9 2021, a entidade lembra que o piso salarial nacional da categoria desconsidera as diferen\u00e7as regionais do pa\u00eds e pode promover um efeito cascata para os demais servidores municipais. Aprovado pelo Congresso Nacional no segundo semestre do ano passado, ele passou a vigorar em janeiro de 2019 por meio da Lei 13.708\/2018, com aumento de 52,86%.<\/p>\n<p>Pelo peso nas contas p\u00fablicas, a CNM alerta que h\u00e1 o risco de preju\u00edzo ao atendimento \u00e0 popula\u00e7\u00e3o, \u00e0 expans\u00e3o e \u00e0 qualifica\u00e7\u00e3o da Rede de Aten\u00e7\u00e3o \u00e0 Sa\u00fade (RAS). Outra tend\u00eancia confirmada pelos gestores locais \u00e9 uma significativa redu\u00e7\u00e3o do n\u00famero de agentes por Equipe da Sa\u00fade B\u00e1sica (ESF). Isso porque eles j\u00e1 relatam que buscar\u00e3o mecanismos para reduzir o quadro e evitar ultrapassar o limite de despesas com pessoal determinado pela Lei de Responsabilidade Fiscal (LRF).<\/p>\n<p>As medidas, portanto, desrespeitam a autonomia municipal, desconsideram as realidades locais, violam dispositivos constitucionais que reservam ao Presidente da Rep\u00fablica a prerrogativa de \u201ccriar cargos, fun\u00e7\u00f5es ou empregos p\u00fablicos na administra\u00e7\u00e3o direta e aut\u00e1rquica ou aumento de sua remunera\u00e7\u00e3o\u201d, e criam despesa obrigat\u00f3ria sem nenhuma estimativa de impacto ou previs\u00e3o or\u00e7ament\u00e1ria. Por isso, o pedido da CNM pelo reconhecimento da inconstitucionalidade.<\/p>\n<p>Apesar de o ministro Alexandre de Moraes, em maio deste ano, ter julgado extinto o processo, a CNM peticionou um Agravo Regimental pedindo a reconsidera\u00e7\u00e3o da decis\u00e3o de forma a reconhecer a legitimidade ativa da CNM na mat\u00e9ria. Com isso, foi garantido o julgamento, agendado para esta semana.<a href=\"https:\/\/uvbbrasil.com.br\/?attachment_id=14793\" rel=\"attachment wp-att-14793\"><img fetchpriority=\"high\" decoding=\"async\" class=\"aligncenter size-full wp-image-14793\" src=\"https:\/\/uvbbrasil.com.br\/wp-content\/uploads\/2019\/06\/25-06.jpg\" alt=\"\" width=\"780\" height=\"450\" srcset=\"https:\/\/uvbbrasil.com.br\/wp-content\/uploads\/2019\/06\/25-06.jpg 780w, https:\/\/uvbbrasil.com.br\/wp-content\/uploads\/2019\/06\/25-06-300x173.jpg 300w, https:\/\/uvbbrasil.com.br\/wp-content\/uploads\/2019\/06\/25-06-768x443.jpg 768w\" sizes=\"(max-width: 780px) 100vw, 780px\" \/><\/a><\/p>\n<p><em>fonte<\/em> :www.i9treinamentos.com<\/p>\n","protected":false},"excerpt":{"rendered":"<p>Julgamento do piso dos ACS e ACE est\u00e1 na pauta do STF desta sexta-feira \u2013 A\u00e7\u00e3o que aguarda julgamento no&#8230;<\/p>\n","protected":false},"author":1,"featured_media":14793,"comment_status":"open","ping_status":"open","sticky":false,"template":"","format":"standard","meta":{"footnotes":""},"categories":[3],"tags":[],"class_list":["post-14792","post","type-post","status-publish","format-standard","has-post-thumbnail","hentry","category-noticias"],"yoast_head":"<!-- This site is optimized with the Yoast SEO plugin v26.7 - https:\/\/yoast.com\/wordpress\/plugins\/seo\/ -->\n<title>Julgamento do piso dos ACS e ACE est\u00e1 na pauta do STF desta sexta-feira - UVB Brasil<\/title>\n<meta name=\"robots\" content=\"index, follow, max-snippet:-1, max-image-preview:large, max-video-preview:-1\" \/>\n<link rel=\"canonical\" href=\"https:\/\/uvbbrasil.com.br\/julgamento-piso-dos-acs-e-ace-esta-na-pauta-stf-desta-sexta-feira\/\" \/>\n<meta property=\"og:locale\" content=\"pt_BR\" \/>\n<meta property=\"og:type\" content=\"article\" \/>\n<meta property=\"og:title\" content=\"Julgamento do piso dos ACS e ACE est\u00e1 na pauta do STF desta sexta-feira - UVB Brasil\" \/>\n<meta property=\"og:description\" content=\"Julgamento do piso dos ACS e ACE est\u00e1 na pauta do STF desta sexta-feira \u2013 A\u00e7\u00e3o que aguarda julgamento no...\" \/>\n<meta property=\"og:url\" content=\"https:\/\/uvbbrasil.com.br\/julgamento-piso-dos-acs-e-ace-esta-na-pauta-stf-desta-sexta-feira\/\" \/>\n<meta property=\"og:site_name\" content=\"UVB Brasil\" \/>\n<meta property=\"article:publisher\" content=\"https:\/\/www.facebook.com\/uvb.vereadoresbrasil\" \/>\n<meta property=\"article:published_time\" content=\"2019-06-25T13:33:44+00:00\" \/>\n<meta property=\"og:image\" content=\"https:\/\/uvbbrasil.com.br\/wp-content\/uploads\/2019\/06\/25-06.jpg\" \/>\n\t<meta property=\"og:image:width\" content=\"780\" \/>\n\t<meta property=\"og:image:height\" content=\"450\" \/>\n\t<meta property=\"og:image:type\" content=\"image\/jpeg\" \/>\n<meta name=\"author\" content=\"adminuvb\" \/>\n<meta name=\"twitter:card\" content=\"summary_large_image\" \/>\n<meta name=\"twitter:label1\" content=\"Escrito por\" \/>\n\t<meta name=\"twitter:data1\" content=\"adminuvb\" \/>\n\t<meta name=\"twitter:label2\" content=\"Est. tempo de leitura\" \/>\n\t<meta name=\"twitter:data2\" content=\"2 minutos\" \/>\n<script type=\"application\/ld+json\" class=\"yoast-schema-graph\">{\"@context\":\"https:\/\/schema.org\",\"@graph\":[{\"@type\":\"Article\",\"@id\":\"https:\/\/uvbbrasil.com.br\/julgamento-piso-dos-acs-e-ace-esta-na-pauta-stf-desta-sexta-feira\/#article\",\"isPartOf\":{\"@id\":\"https:\/\/uvbbrasil.com.br\/julgamento-piso-dos-acs-e-ace-esta-na-pauta-stf-desta-sexta-feira\/\"},\"author\":{\"name\":\"adminuvb\",\"@id\":\"https:\/\/uvbbrasil.com.br\/#\/schema\/person\/17990098446c098f52effddff4f1b272\"},\"headline\":\"Julgamento do piso dos ACS e ACE est\u00e1 na pauta do STF desta sexta-feira\",\"datePublished\":\"2019-06-25T13:33:44+00:00\",\"mainEntityOfPage\":{\"@id\":\"https:\/\/uvbbrasil.com.br\/julgamento-piso-dos-acs-e-ace-esta-na-pauta-stf-desta-sexta-feira\/\"},\"wordCount\":376,\"commentCount\":0,\"publisher\":{\"@id\":\"https:\/\/uvbbrasil.com.br\/#organization\"},\"image\":{\"@id\":\"https:\/\/uvbbrasil.com.br\/julgamento-piso-dos-acs-e-ace-esta-na-pauta-stf-desta-sexta-feira\/#primaryimage\"},\"thumbnailUrl\":\"https:\/\/uvbbrasil.com.br\/wp-content\/uploads\/2019\/06\/25-06.jpg\",\"articleSection\":[\"NOT\u00cdCIAS\"],\"inLanguage\":\"pt-BR\",\"potentialAction\":[{\"@type\":\"CommentAction\",\"name\":\"Comment\",\"target\":[\"https:\/\/uvbbrasil.com.br\/julgamento-piso-dos-acs-e-ace-esta-na-pauta-stf-desta-sexta-feira\/#respond\"]}]},{\"@type\":\"WebPage\",\"@id\":\"https:\/\/uvbbrasil.com.br\/julgamento-piso-dos-acs-e-ace-esta-na-pauta-stf-desta-sexta-feira\/\",\"url\":\"https:\/\/uvbbrasil.com.br\/julgamento-piso-dos-acs-e-ace-esta-na-pauta-stf-desta-sexta-feira\/\",\"name\":\"Julgamento do piso dos ACS e ACE est\u00e1 na pauta do STF desta sexta-feira - UVB Brasil\",\"isPartOf\":{\"@id\":\"https:\/\/uvbbrasil.com.br\/#website\"},\"primaryImageOfPage\":{\"@id\":\"https:\/\/uvbbrasil.com.br\/julgamento-piso-dos-acs-e-ace-esta-na-pauta-stf-desta-sexta-feira\/#primaryimage\"},\"image\":{\"@id\":\"https:\/\/uvbbrasil.com.br\/julgamento-piso-dos-acs-e-ace-esta-na-pauta-stf-desta-sexta-feira\/#primaryimage\"},\"thumbnailUrl\":\"https:\/\/uvbbrasil.com.br\/wp-content\/uploads\/2019\/06\/25-06.jpg\",\"datePublished\":\"2019-06-25T13:33:44+00:00\",\"breadcrumb\":{\"@id\":\"https:\/\/uvbbrasil.com.br\/julgamento-piso-dos-acs-e-ace-esta-na-pauta-stf-desta-sexta-feira\/#breadcrumb\"},\"inLanguage\":\"pt-BR\",\"potentialAction\":[{\"@type\":\"ReadAction\",\"target\":[\"https:\/\/uvbbrasil.com.br\/julgamento-piso-dos-acs-e-ace-esta-na-pauta-stf-desta-sexta-feira\/\"]}]},{\"@type\":\"ImageObject\",\"inLanguage\":\"pt-BR\",\"@id\":\"https:\/\/uvbbrasil.com.br\/julgamento-piso-dos-acs-e-ace-esta-na-pauta-stf-desta-sexta-feira\/#primaryimage\",\"url\":\"https:\/\/uvbbrasil.com.br\/wp-content\/uploads\/2019\/06\/25-06.jpg\",\"contentUrl\":\"https:\/\/uvbbrasil.com.br\/wp-content\/uploads\/2019\/06\/25-06.jpg\",\"width\":780,\"height\":450},{\"@type\":\"BreadcrumbList\",\"@id\":\"https:\/\/uvbbrasil.com.br\/julgamento-piso-dos-acs-e-ace-esta-na-pauta-stf-desta-sexta-feira\/#breadcrumb\",\"itemListElement\":[{\"@type\":\"ListItem\",\"position\":1,\"name\":\"In\u00edcio\",\"item\":\"https:\/\/uvbbrasil.com.br\/\"},{\"@type\":\"ListItem\",\"position\":2,\"name\":\"Julgamento do piso dos ACS e ACE est\u00e1 na pauta do STF desta sexta-feira\"}]},{\"@type\":\"WebSite\",\"@id\":\"https:\/\/uvbbrasil.com.br\/#website\",\"url\":\"https:\/\/uvbbrasil.com.br\/\",\"name\":\"UVB Brasil\",\"description\":\"Uni\u00e3o dos Vereadores do Brasil\",\"publisher\":{\"@id\":\"https:\/\/uvbbrasil.com.br\/#organization\"},\"potentialAction\":[{\"@type\":\"SearchAction\",\"target\":{\"@type\":\"EntryPoint\",\"urlTemplate\":\"https:\/\/uvbbrasil.com.br\/?s={search_term_string}\"},\"query-input\":{\"@type\":\"PropertyValueSpecification\",\"valueRequired\":true,\"valueName\":\"search_term_string\"}}],\"inLanguage\":\"pt-BR\"},{\"@type\":\"Organization\",\"@id\":\"https:\/\/uvbbrasil.com.br\/#organization\",\"name\":\"UVB Brasil\",\"url\":\"https:\/\/uvbbrasil.com.br\/\",\"logo\":{\"@type\":\"ImageObject\",\"inLanguage\":\"pt-BR\",\"@id\":\"https:\/\/uvbbrasil.com.br\/#\/schema\/logo\/image\/\",\"url\":\"https:\/\/uvbbrasil.com.br\/wp-content\/uploads\/2025\/01\/LOGO-UVB-2024-azul-1.jpg\",\"contentUrl\":\"https:\/\/uvbbrasil.com.br\/wp-content\/uploads\/2025\/01\/LOGO-UVB-2024-azul-1.jpg\",\"width\":600,\"height\":211,\"caption\":\"UVB Brasil\"},\"image\":{\"@id\":\"https:\/\/uvbbrasil.com.br\/#\/schema\/logo\/image\/\"},\"sameAs\":[\"https:\/\/www.facebook.com\/uvb.vereadoresbrasil\",\"https:\/\/www.instagram.com\/uvbbrasil\/\",\"https:\/\/www.youtube.com\/channel\/UCIlPQ8Xzw5GHNzosQIg9S5A\"]},{\"@type\":\"Person\",\"@id\":\"https:\/\/uvbbrasil.com.br\/#\/schema\/person\/17990098446c098f52effddff4f1b272\",\"name\":\"adminuvb\",\"image\":{\"@type\":\"ImageObject\",\"inLanguage\":\"pt-BR\",\"@id\":\"https:\/\/uvbbrasil.com.br\/#\/schema\/person\/image\/\",\"url\":\"https:\/\/secure.gravatar.com\/avatar\/1a494ea6f8e2dd1ae526e55b0e9497efdba542491e0620d704cccf63c6f77c45?s=96&d=mm&r=g\",\"contentUrl\":\"https:\/\/secure.gravatar.com\/avatar\/1a494ea6f8e2dd1ae526e55b0e9497efdba542491e0620d704cccf63c6f77c45?s=96&d=mm&r=g\",\"caption\":\"adminuvb\"},\"sameAs\":[\"https:\/\/uvbbrasil.com.br\"],\"url\":\"https:\/\/uvbbrasil.com.br\/author\/adminuvb\/\"}]}<\/script>\n<!-- \/ Yoast SEO plugin. -->","yoast_head_json":{"title":"Julgamento do piso dos ACS e ACE est\u00e1 na pauta do STF desta sexta-feira - UVB Brasil","robots":{"index":"index","follow":"follow","max-snippet":"max-snippet:-1","max-image-preview":"max-image-preview:large","max-video-preview":"max-video-preview:-1"},"canonical":"https:\/\/uvbbrasil.com.br\/julgamento-piso-dos-acs-e-ace-esta-na-pauta-stf-desta-sexta-feira\/","og_locale":"pt_BR","og_type":"article","og_title":"Julgamento do piso dos ACS e ACE est\u00e1 na pauta do STF desta sexta-feira - UVB Brasil","og_description":"Julgamento do piso dos ACS e ACE est\u00e1 na pauta do STF desta sexta-feira \u2013 A\u00e7\u00e3o que aguarda julgamento no...","og_url":"https:\/\/uvbbrasil.com.br\/julgamento-piso-dos-acs-e-ace-esta-na-pauta-stf-desta-sexta-feira\/","og_site_name":"UVB Brasil","article_publisher":"https:\/\/www.facebook.com\/uvb.vereadoresbrasil","article_published_time":"2019-06-25T13:33:44+00:00","og_image":[{"width":780,"height":450,"url":"https:\/\/uvbbrasil.com.br\/wp-content\/uploads\/2019\/06\/25-06.jpg","type":"image\/jpeg"}],"author":"adminuvb","twitter_card":"summary_large_image","twitter_misc":{"Escrito por":"adminuvb","Est. tempo de leitura":"2 minutos"},"schema":{"@context":"https:\/\/schema.org","@graph":[{"@type":"Article","@id":"https:\/\/uvbbrasil.com.br\/julgamento-piso-dos-acs-e-ace-esta-na-pauta-stf-desta-sexta-feira\/#article","isPartOf":{"@id":"https:\/\/uvbbrasil.com.br\/julgamento-piso-dos-acs-e-ace-esta-na-pauta-stf-desta-sexta-feira\/"},"author":{"name":"adminuvb","@id":"https:\/\/uvbbrasil.com.br\/#\/schema\/person\/17990098446c098f52effddff4f1b272"},"headline":"Julgamento do piso dos ACS e ACE est\u00e1 na pauta do STF desta sexta-feira","datePublished":"2019-06-25T13:33:44+00:00","mainEntityOfPage":{"@id":"https:\/\/uvbbrasil.com.br\/julgamento-piso-dos-acs-e-ace-esta-na-pauta-stf-desta-sexta-feira\/"},"wordCount":376,"commentCount":0,"publisher":{"@id":"https:\/\/uvbbrasil.com.br\/#organization"},"image":{"@id":"https:\/\/uvbbrasil.com.br\/julgamento-piso-dos-acs-e-ace-esta-na-pauta-stf-desta-sexta-feira\/#primaryimage"},"thumbnailUrl":"https:\/\/uvbbrasil.com.br\/wp-content\/uploads\/2019\/06\/25-06.jpg","articleSection":["NOT\u00cdCIAS"],"inLanguage":"pt-BR","potentialAction":[{"@type":"CommentAction","name":"Comment","target":["https:\/\/uvbbrasil.com.br\/julgamento-piso-dos-acs-e-ace-esta-na-pauta-stf-desta-sexta-feira\/#respond"]}]},{"@type":"WebPage","@id":"https:\/\/uvbbrasil.com.br\/julgamento-piso-dos-acs-e-ace-esta-na-pauta-stf-desta-sexta-feira\/","url":"https:\/\/uvbbrasil.com.br\/julgamento-piso-dos-acs-e-ace-esta-na-pauta-stf-desta-sexta-feira\/","name":"Julgamento do piso dos ACS e ACE est\u00e1 na pauta do STF desta sexta-feira - UVB Brasil","isPartOf":{"@id":"https:\/\/uvbbrasil.com.br\/#website"},"primaryImageOfPage":{"@id":"https:\/\/uvbbrasil.com.br\/julgamento-piso-dos-acs-e-ace-esta-na-pauta-stf-desta-sexta-feira\/#primaryimage"},"image":{"@id":"https:\/\/uvbbrasil.com.br\/julgamento-piso-dos-acs-e-ace-esta-na-pauta-stf-desta-sexta-feira\/#primaryimage"},"thumbnailUrl":"https:\/\/uvbbrasil.com.br\/wp-content\/uploads\/2019\/06\/25-06.jpg","datePublished":"2019-06-25T13:33:44+00:00","breadcrumb":{"@id":"https:\/\/uvbbrasil.com.br\/julgamento-piso-dos-acs-e-ace-esta-na-pauta-stf-desta-sexta-feira\/#breadcrumb"},"inLanguage":"pt-BR","potentialAction":[{"@type":"ReadAction","target":["https:\/\/uvbbrasil.com.br\/julgamento-piso-dos-acs-e-ace-esta-na-pauta-stf-desta-sexta-feira\/"]}]},{"@type":"ImageObject","inLanguage":"pt-BR","@id":"https:\/\/uvbbrasil.com.br\/julgamento-piso-dos-acs-e-ace-esta-na-pauta-stf-desta-sexta-feira\/#primaryimage","url":"https:\/\/uvbbrasil.com.br\/wp-content\/uploads\/2019\/06\/25-06.jpg","contentUrl":"https:\/\/uvbbrasil.com.br\/wp-content\/uploads\/2019\/06\/25-06.jpg","width":780,"height":450},{"@type":"BreadcrumbList","@id":"https:\/\/uvbbrasil.com.br\/julgamento-piso-dos-acs-e-ace-esta-na-pauta-stf-desta-sexta-feira\/#breadcrumb","itemListElement":[{"@type":"ListItem","position":1,"name":"In\u00edcio","item":"https:\/\/uvbbrasil.com.br\/"},{"@type":"ListItem","position":2,"name":"Julgamento do piso dos ACS e ACE est\u00e1 na pauta do STF desta sexta-feira"}]},{"@type":"WebSite","@id":"https:\/\/uvbbrasil.com.br\/#website","url":"https:\/\/uvbbrasil.com.br\/","name":"UVB Brasil","description":"Uni\u00e3o dos Vereadores do Brasil","publisher":{"@id":"https:\/\/uvbbrasil.com.br\/#organization"},"potentialAction":[{"@type":"SearchAction","target":{"@type":"EntryPoint","urlTemplate":"https:\/\/uvbbrasil.com.br\/?s={search_term_string}"},"query-input":{"@type":"PropertyValueSpecification","valueRequired":true,"valueName":"search_term_string"}}],"inLanguage":"pt-BR"},{"@type":"Organization","@id":"https:\/\/uvbbrasil.com.br\/#organization","name":"UVB Brasil","url":"https:\/\/uvbbrasil.com.br\/","logo":{"@type":"ImageObject","inLanguage":"pt-BR","@id":"https:\/\/uvbbrasil.com.br\/#\/schema\/logo\/image\/","url":"https:\/\/uvbbrasil.com.br\/wp-content\/uploads\/2025\/01\/LOGO-UVB-2024-azul-1.jpg","contentUrl":"https:\/\/uvbbrasil.com.br\/wp-content\/uploads\/2025\/01\/LOGO-UVB-2024-azul-1.jpg","width":600,"height":211,"caption":"UVB Brasil"},"image":{"@id":"https:\/\/uvbbrasil.com.br\/#\/schema\/logo\/image\/"},"sameAs":["https:\/\/www.facebook.com\/uvb.vereadoresbrasil","https:\/\/www.instagram.com\/uvbbrasil\/","https:\/\/www.youtube.com\/channel\/UCIlPQ8Xzw5GHNzosQIg9S5A"]},{"@type":"Person","@id":"https:\/\/uvbbrasil.com.br\/#\/schema\/person\/17990098446c098f52effddff4f1b272","name":"adminuvb","image":{"@type":"ImageObject","inLanguage":"pt-BR","@id":"https:\/\/uvbbrasil.com.br\/#\/schema\/person\/image\/","url":"https:\/\/secure.gravatar.com\/avatar\/1a494ea6f8e2dd1ae526e55b0e9497efdba542491e0620d704cccf63c6f77c45?s=96&d=mm&r=g","contentUrl":"https:\/\/secure.gravatar.com\/avatar\/1a494ea6f8e2dd1ae526e55b0e9497efdba542491e0620d704cccf63c6f77c45?s=96&d=mm&r=g","caption":"adminuvb"},"sameAs":["https:\/\/uvbbrasil.com.br"],"url":"https:\/\/uvbbrasil.com.br\/author\/adminuvb\/"}]}},"_links":{"self":[{"href":"https:\/\/uvbbrasil.com.br\/uvb-json\/wp\/v2\/posts\/14792","targetHints":{"allow":["GET"]}}],"collection":[{"href":"https:\/\/uvbbrasil.com.br\/uvb-json\/wp\/v2\/posts"}],"about":[{"href":"https:\/\/uvbbrasil.com.br\/uvb-json\/wp\/v2\/types\/post"}],"author":[{"embeddable":true,"href":"https:\/\/uvbbrasil.com.br\/uvb-json\/wp\/v2\/users\/1"}],"replies":[{"embeddable":true,"href":"https:\/\/uvbbrasil.com.br\/uvb-json\/wp\/v2\/comments?post=14792"}],"version-history":[{"count":0,"href":"https:\/\/uvbbrasil.com.br\/uvb-json\/wp\/v2\/posts\/14792\/revisions"}],"wp:featuredmedia":[{"embeddable":true,"href":"https:\/\/uvbbrasil.com.br\/uvb-json\/wp\/v2\/media\/14793"}],"wp:attachment":[{"href":"https:\/\/uvbbrasil.com.br\/uvb-json\/wp\/v2\/media?parent=14792"}],"wp:term":[{"taxonomy":"category","embeddable":true,"href":"https:\/\/uvbbrasil.com.br\/uvb-json\/wp\/v2\/categories?post=14792"},{"taxonomy":"post_tag","embeddable":true,"href":"https:\/\/uvbbrasil.com.br\/uvb-json\/wp\/v2\/tags?post=14792"}],"curies":[{"name":"wp","href":"https:\/\/api.w.org\/{rel}","templated":true}]}}