{"id":14580,"date":"2019-06-07T12:44:18","date_gmt":"2019-06-07T15:44:18","guid":{"rendered":"https:\/\/wpsandbox4.pante.com.br\/?p=14580"},"modified":"2019-06-07T12:44:18","modified_gmt":"2019-06-07T15:44:18","slug":"conexidades-2019-e-suas-atracoes","status":"publish","type":"post","link":"https:\/\/uvbbrasil.com.br\/conexidades-2019-e-suas-atracoes\/","title":{"rendered":"Conexidades 2019 e suas Atra\u00e7\u00f5es em S\u00e3o Carlos -SP"},"content":{"rendered":"<p>O congresso acontece no Pavilh\u00e3o de Conven\u00e7\u00f5es do Hotel Nacional Inn, localizado na avenida Get\u00falio Vargas, 2.330, no Recreio S\u00e3o Judas Tadeu, at\u00e9 s\u00e1bado (8\/6). A entrada \u00e9 franca. Contudo, mediante cadastro pr\u00e9vio no site www.conexidades.com.br. A expectativa \u00e9 que passem pelo local nos cinco dias de encontro cerca de 6 mil pessoas.<\/p>\n<p>Na cerim\u00f4nia de abertura, as autoridades presentes tamb\u00e9m refor\u00e7aram a import\u00e2ncia de reformas para o Brasil, incluindo a da Previd\u00eancia e a Tribut\u00e1ria, e do posicionamento claro da classe pol\u00edtica com rela\u00e7\u00e3o a quest\u00f5es que mexem diretamente com a vida do cidad\u00e3o, como Emprego e Renda, e Educa\u00e7\u00e3o. A possibilidade de os mandatos dos atuais prefeitos serem estendidos para cinco anos e a necessidade do poder p\u00fablico contingenciar gastos, tamb\u00e9m foram pautas refor\u00e7adas pelos pol\u00edticos que fizeram parte da mesa principal de trabalhos comandada pelo presidente da Uvesp, Sebasti\u00e3o Misiara, e pelo prefeito de S\u00e3o Carlos, Airton Garcia (PSB).<\/p>\n<p>Presidente da Uni\u00e3o dos vereadores do Brasil-UVB, \u00a0Vereador ,Gilson Conzatti ,participou da Programa\u00e7\u00e3o da 2\u00ba Conexidade, \u00a0como apoiador e convidado e parabeniza a equipe da UVESP pelo\u00a0 brilhante acontecimento em favor dos munic\u00edpios de S\u00e3o Paulo\u00a0 e do Brasil.<\/p>\n<p>Representando o governador Jo\u00e3o D\u00f3ria, o secret\u00e1rio estadual de Desenvolvimento Regional, Marcos Vinholi, destacou a import\u00e2ncia do municipalismo no Estado. \u201cO municipalismo \u00e9 indispens\u00e1vel. E, para tanto, estamos desenvolvendo duas a\u00e7\u00f5es importantes: uma com os escrit\u00f3rios regionais do modelo Poupatempo, oferecendo atendimento facilitado e r\u00e1pido aos gestores p\u00fablicos. A outra frente tem rela\u00e7\u00e3o com o investimento no sistema digital, que permite o fim do of\u00edcio, do papel, da burocracia, e, consequentemente, um custeio menor da m\u00e1quina p\u00fablica, al\u00e9m de torna-la muito mais resolutiva. Essa \u00e9 a nova forma de gest\u00e3o, a qual chamamos de \u2018Municipalismo 4.0\u2019\u201d, validou Vinholi.<\/p>\n<p>J\u00e1 o presidente do Tribunal de Contas do Estado de S\u00e3o Paulo defendeu o ajuste de contas e a responsabilidade fiscal como o caminho para uma gest\u00e3o eficiente e mais pr\u00f3xima da realidade econ\u00f4mica do Brasil. \u201cOs prefeitos e munic\u00edpios vivem a mais dura crise econ\u00f4mica da qual temos not\u00edcia\u201d. O Tribunal (de Contas) tem tido o papel de ajudar, de incentivar a encontrar solu\u00e7\u00f5es, e de fiscalizar. \u00c9 preciso ajustar as contas, pois, hoje, h\u00e1 menos dinheiro nos munic\u00edpios e, mesmo assim, alguns gastam mais do que podem com o pagamento de funcion\u00e1rios, ao mesmo tempo em que n\u00e3o investem o percentual previsto na lei em Educa\u00e7\u00e3o\u201d, exemplificou Roque Citadini.<\/p>\n<p>J\u00e1 o turismo \u00a0a participa\u00e7\u00e3o da UNIDESTINOS, presidida por Toni Sando, e tamb\u00e9m da frente parlamentar mista em defesa do turismo e a Comiss\u00e3o de Turismo da C\u00e2mara dos Deputados, cuja coordena\u00e7\u00e3o est\u00e1 entregue ao deputado federal Herculano Passos, que ir\u00e1 dirigir reuni\u00e3o regional da Comiss\u00e3o do Turismo. Estar\u00e3o presentes, tamb\u00e9m, integrantes da Secretaria de Estado do Turismo, DAESP e Minist\u00e9rio do Turismo.<\/p>\n<p>A For\u00e7a A\u00e9rea Brasileira \u2013 FAB, manter\u00e1 um estande com informa\u00e7\u00f5es de acesso \u00e0s For\u00e7as Armadas e um painel comandado pelo Tenente Brigadeiro Marcelo Damasceno, mostrando todo o investimento no Estado de S\u00e3o Paulo. Oportunidade em que as autoridades municipais e sociedade civil ter\u00e3o de saber um pouco mais sobre o papel da Aeron\u00e1utica no territ\u00f3rio brasileiro, e conhecer\u00e3o os projetos na \u00e1rea de tecnologia com o Ministro Marcos Pontes. Ao final deste painel, haver\u00e1 a apresenta\u00e7\u00e3o da Esquadrilha da Fuma\u00e7a. Ainda na linha da tecnologia, um painel muito esperado \u00e9 sobre o \u2018Impacto da Transforma\u00e7\u00e3o Digital nas Pessoas e nas cidades\u2019 refletindo diretamente nas novas profiss\u00f5es, mercados de trabalho e gera\u00e7\u00e3o empregos.<\/p>\n<p>A discuss\u00e3o dos cons\u00f3rcios p\u00fablicos, a sustentabilidade, energia e aterros sanit\u00e1rios e mobilidade urbana, ganhar\u00e3o destaque em painel que ter\u00e1 a coordena\u00e7\u00e3o do deputado federal, Geninho Zuliani, coordenador da Frente Parlamentar dos Cons\u00f3rcios P\u00fablicos, al\u00e9m da Secretaria de Estado de Infraestrutura e Meio Ambiente, CETESB, Eletrobr\u00e1s.<\/p>\n<p>Na educa\u00e7\u00e3o, o coordenador geral do ENEM \u2013 Exame Nacional do Ensino M\u00e9dio (porta de entrada de estudantes em universidades p\u00fablicas e privadas), e tamb\u00e9m coordenador geral de educa\u00e7\u00e3o para o tr\u00e2nsito do Denatran, Francisco Vieira Garonce, ser\u00e1 o palestrante do referido painel.<\/p>\n<div id=\"attachment_14581\" style=\"width: 426px\" class=\"wp-caption alignnone\"><a href=\"https:\/\/uvbbrasil.com.br\/?attachment_id=14581\" rel=\"attachment wp-att-14581\"><img fetchpriority=\"high\" decoding=\"async\" aria-describedby=\"caption-attachment-14581\" class=\"wp-image-14581\" src=\"https:\/\/uvbbrasil.com.br\/wp-content\/uploads\/2019\/06\/presidente-uvb-e-brigadeiro-conexidades.jpeg\" alt=\"\" width=\"416\" height=\"329\" srcset=\"https:\/\/uvbbrasil.com.br\/wp-content\/uploads\/2019\/06\/presidente-uvb-e-brigadeiro-conexidades.jpeg 1280w, https:\/\/uvbbrasil.com.br\/wp-content\/uploads\/2019\/06\/presidente-uvb-e-brigadeiro-conexidades-300x238.jpeg 300w, https:\/\/uvbbrasil.com.br\/wp-content\/uploads\/2019\/06\/presidente-uvb-e-brigadeiro-conexidades-1024x811.jpeg 1024w, https:\/\/uvbbrasil.com.br\/wp-content\/uploads\/2019\/06\/presidente-uvb-e-brigadeiro-conexidades-768x608.jpeg 768w\" sizes=\"(max-width: 416px) 100vw, 416px\" \/><\/a><p id=\"caption-attachment-14581\" class=\"wp-caption-text\">Presidente da UVB e Tenente Brigadeiro Marcelo Damasceno<\/p><\/div>\n<p><a href=\"https:\/\/uvbbrasil.com.br\/?attachment_id=14579\" rel=\"attachment wp-att-14579\"><img decoding=\"async\" class=\"wp-image-14579 alignleft\" src=\"https:\/\/uvbbrasil.com.br\/wp-content\/uploads\/2019\/06\/imagem-conexidades-07.jpeg\" alt=\"\" width=\"415\" height=\"276\" srcset=\"https:\/\/uvbbrasil.com.br\/wp-content\/uploads\/2019\/06\/imagem-conexidades-07.jpeg 720w, https:\/\/uvbbrasil.com.br\/wp-content\/uploads\/2019\/06\/imagem-conexidades-07-300x199.jpeg 300w\" sizes=\"(max-width: 415px) 100vw, 415px\" \/><\/a><\/p>\n","protected":false},"excerpt":{"rendered":"<p>O congresso acontece no Pavilh\u00e3o de Conven\u00e7\u00f5es do Hotel Nacional Inn, localizado na avenida Get\u00falio Vargas, 2.330, no Recreio S\u00e3o&#8230;<\/p>\n","protected":false},"author":1,"featured_media":14579,"comment_status":"open","ping_status":"open","sticky":false,"template":"","format":"standard","meta":{"footnotes":""},"categories":[3],"tags":[],"class_list":["post-14580","post","type-post","status-publish","format-standard","has-post-thumbnail","hentry","category-noticias"],"yoast_head":"<!-- This site is optimized with the Yoast SEO plugin v26.7 - https:\/\/yoast.com\/wordpress\/plugins\/seo\/ -->\n<title>Conexidades 2019 e suas Atra\u00e7\u00f5es em S\u00e3o Carlos -SP - UVB Brasil<\/title>\n<meta name=\"robots\" content=\"index, follow, max-snippet:-1, max-image-preview:large, max-video-preview:-1\" \/>\n<link rel=\"canonical\" href=\"https:\/\/uvbbrasil.com.br\/conexidades-2019-e-suas-atracoes\/\" \/>\n<meta property=\"og:locale\" content=\"pt_BR\" \/>\n<meta property=\"og:type\" content=\"article\" \/>\n<meta property=\"og:title\" content=\"Conexidades 2019 e suas Atra\u00e7\u00f5es em S\u00e3o Carlos -SP - UVB Brasil\" \/>\n<meta property=\"og:description\" content=\"O congresso acontece no Pavilh\u00e3o de Conven\u00e7\u00f5es do Hotel Nacional Inn, localizado na avenida Get\u00falio Vargas, 2.330, no Recreio S\u00e3o...\" \/>\n<meta property=\"og:url\" content=\"https:\/\/uvbbrasil.com.br\/conexidades-2019-e-suas-atracoes\/\" \/>\n<meta property=\"og:site_name\" content=\"UVB Brasil\" \/>\n<meta property=\"article:publisher\" content=\"https:\/\/www.facebook.com\/uvb.vereadoresbrasil\" \/>\n<meta property=\"article:published_time\" content=\"2019-06-07T15:44:18+00:00\" \/>\n<meta property=\"og:image\" content=\"https:\/\/uvbbrasil.com.br\/wp-content\/uploads\/2019\/06\/imagem-conexidades-07.jpeg\" \/>\n\t<meta property=\"og:image:width\" content=\"720\" \/>\n\t<meta property=\"og:image:height\" content=\"478\" \/>\n\t<meta property=\"og:image:type\" content=\"image\/jpeg\" \/>\n<meta name=\"author\" content=\"adminuvb\" \/>\n<meta name=\"twitter:card\" content=\"summary_large_image\" \/>\n<meta name=\"twitter:label1\" content=\"Escrito por\" \/>\n\t<meta name=\"twitter:data1\" content=\"adminuvb\" \/>\n\t<meta name=\"twitter:label2\" content=\"Est. tempo de leitura\" \/>\n\t<meta name=\"twitter:data2\" content=\"4 minutos\" \/>\n<script type=\"application\/ld+json\" class=\"yoast-schema-graph\">{\"@context\":\"https:\/\/schema.org\",\"@graph\":[{\"@type\":\"Article\",\"@id\":\"https:\/\/uvbbrasil.com.br\/conexidades-2019-e-suas-atracoes\/#article\",\"isPartOf\":{\"@id\":\"https:\/\/uvbbrasil.com.br\/conexidades-2019-e-suas-atracoes\/\"},\"author\":{\"name\":\"adminuvb\",\"@id\":\"https:\/\/uvbbrasil.com.br\/#\/schema\/person\/17990098446c098f52effddff4f1b272\"},\"headline\":\"Conexidades 2019 e suas Atra\u00e7\u00f5es em S\u00e3o Carlos -SP\",\"datePublished\":\"2019-06-07T15:44:18+00:00\",\"mainEntityOfPage\":{\"@id\":\"https:\/\/uvbbrasil.com.br\/conexidades-2019-e-suas-atracoes\/\"},\"wordCount\":774,\"commentCount\":0,\"publisher\":{\"@id\":\"https:\/\/uvbbrasil.com.br\/#organization\"},\"image\":{\"@id\":\"https:\/\/uvbbrasil.com.br\/conexidades-2019-e-suas-atracoes\/#primaryimage\"},\"thumbnailUrl\":\"https:\/\/uvbbrasil.com.br\/wp-content\/uploads\/2019\/06\/imagem-conexidades-07.jpeg\",\"articleSection\":[\"NOT\u00cdCIAS\"],\"inLanguage\":\"pt-BR\",\"potentialAction\":[{\"@type\":\"CommentAction\",\"name\":\"Comment\",\"target\":[\"https:\/\/uvbbrasil.com.br\/conexidades-2019-e-suas-atracoes\/#respond\"]}]},{\"@type\":\"WebPage\",\"@id\":\"https:\/\/uvbbrasil.com.br\/conexidades-2019-e-suas-atracoes\/\",\"url\":\"https:\/\/uvbbrasil.com.br\/conexidades-2019-e-suas-atracoes\/\",\"name\":\"Conexidades 2019 e suas Atra\u00e7\u00f5es em S\u00e3o Carlos -SP - UVB Brasil\",\"isPartOf\":{\"@id\":\"https:\/\/uvbbrasil.com.br\/#website\"},\"primaryImageOfPage\":{\"@id\":\"https:\/\/uvbbrasil.com.br\/conexidades-2019-e-suas-atracoes\/#primaryimage\"},\"image\":{\"@id\":\"https:\/\/uvbbrasil.com.br\/conexidades-2019-e-suas-atracoes\/#primaryimage\"},\"thumbnailUrl\":\"https:\/\/uvbbrasil.com.br\/wp-content\/uploads\/2019\/06\/imagem-conexidades-07.jpeg\",\"datePublished\":\"2019-06-07T15:44:18+00:00\",\"breadcrumb\":{\"@id\":\"https:\/\/uvbbrasil.com.br\/conexidades-2019-e-suas-atracoes\/#breadcrumb\"},\"inLanguage\":\"pt-BR\",\"potentialAction\":[{\"@type\":\"ReadAction\",\"target\":[\"https:\/\/uvbbrasil.com.br\/conexidades-2019-e-suas-atracoes\/\"]}]},{\"@type\":\"ImageObject\",\"inLanguage\":\"pt-BR\",\"@id\":\"https:\/\/uvbbrasil.com.br\/conexidades-2019-e-suas-atracoes\/#primaryimage\",\"url\":\"https:\/\/uvbbrasil.com.br\/wp-content\/uploads\/2019\/06\/imagem-conexidades-07.jpeg\",\"contentUrl\":\"https:\/\/uvbbrasil.com.br\/wp-content\/uploads\/2019\/06\/imagem-conexidades-07.jpeg\",\"width\":720,\"height\":478},{\"@type\":\"BreadcrumbList\",\"@id\":\"https:\/\/uvbbrasil.com.br\/conexidades-2019-e-suas-atracoes\/#breadcrumb\",\"itemListElement\":[{\"@type\":\"ListItem\",\"position\":1,\"name\":\"In\u00edcio\",\"item\":\"https:\/\/uvbbrasil.com.br\/\"},{\"@type\":\"ListItem\",\"position\":2,\"name\":\"Conexidades 2019 e suas Atra\u00e7\u00f5es em S\u00e3o Carlos -SP\"}]},{\"@type\":\"WebSite\",\"@id\":\"https:\/\/uvbbrasil.com.br\/#website\",\"url\":\"https:\/\/uvbbrasil.com.br\/\",\"name\":\"UVB Brasil\",\"description\":\"Uni\u00e3o dos Vereadores do Brasil\",\"publisher\":{\"@id\":\"https:\/\/uvbbrasil.com.br\/#organization\"},\"potentialAction\":[{\"@type\":\"SearchAction\",\"target\":{\"@type\":\"EntryPoint\",\"urlTemplate\":\"https:\/\/uvbbrasil.com.br\/?s={search_term_string}\"},\"query-input\":{\"@type\":\"PropertyValueSpecification\",\"valueRequired\":true,\"valueName\":\"search_term_string\"}}],\"inLanguage\":\"pt-BR\"},{\"@type\":\"Organization\",\"@id\":\"https:\/\/uvbbrasil.com.br\/#organization\",\"name\":\"UVB Brasil\",\"url\":\"https:\/\/uvbbrasil.com.br\/\",\"logo\":{\"@type\":\"ImageObject\",\"inLanguage\":\"pt-BR\",\"@id\":\"https:\/\/uvbbrasil.com.br\/#\/schema\/logo\/image\/\",\"url\":\"https:\/\/uvbbrasil.com.br\/wp-content\/uploads\/2025\/01\/LOGO-UVB-2024-azul-1.jpg\",\"contentUrl\":\"https:\/\/uvbbrasil.com.br\/wp-content\/uploads\/2025\/01\/LOGO-UVB-2024-azul-1.jpg\",\"width\":600,\"height\":211,\"caption\":\"UVB Brasil\"},\"image\":{\"@id\":\"https:\/\/uvbbrasil.com.br\/#\/schema\/logo\/image\/\"},\"sameAs\":[\"https:\/\/www.facebook.com\/uvb.vereadoresbrasil\",\"https:\/\/www.instagram.com\/uvbbrasil\/\",\"https:\/\/www.youtube.com\/channel\/UCIlPQ8Xzw5GHNzosQIg9S5A\"]},{\"@type\":\"Person\",\"@id\":\"https:\/\/uvbbrasil.com.br\/#\/schema\/person\/17990098446c098f52effddff4f1b272\",\"name\":\"adminuvb\",\"image\":{\"@type\":\"ImageObject\",\"inLanguage\":\"pt-BR\",\"@id\":\"https:\/\/uvbbrasil.com.br\/#\/schema\/person\/image\/\",\"url\":\"https:\/\/secure.gravatar.com\/avatar\/1a494ea6f8e2dd1ae526e55b0e9497efdba542491e0620d704cccf63c6f77c45?s=96&d=mm&r=g\",\"contentUrl\":\"https:\/\/secure.gravatar.com\/avatar\/1a494ea6f8e2dd1ae526e55b0e9497efdba542491e0620d704cccf63c6f77c45?s=96&d=mm&r=g\",\"caption\":\"adminuvb\"},\"sameAs\":[\"https:\/\/uvbbrasil.com.br\"],\"url\":\"https:\/\/uvbbrasil.com.br\/author\/adminuvb\/\"}]}<\/script>\n<!-- \/ Yoast SEO plugin. -->","yoast_head_json":{"title":"Conexidades 2019 e suas Atra\u00e7\u00f5es em S\u00e3o Carlos -SP - UVB Brasil","robots":{"index":"index","follow":"follow","max-snippet":"max-snippet:-1","max-image-preview":"max-image-preview:large","max-video-preview":"max-video-preview:-1"},"canonical":"https:\/\/uvbbrasil.com.br\/conexidades-2019-e-suas-atracoes\/","og_locale":"pt_BR","og_type":"article","og_title":"Conexidades 2019 e suas Atra\u00e7\u00f5es em S\u00e3o Carlos -SP - UVB Brasil","og_description":"O congresso acontece no Pavilh\u00e3o de Conven\u00e7\u00f5es do Hotel Nacional Inn, localizado na avenida Get\u00falio Vargas, 2.330, no Recreio S\u00e3o...","og_url":"https:\/\/uvbbrasil.com.br\/conexidades-2019-e-suas-atracoes\/","og_site_name":"UVB Brasil","article_publisher":"https:\/\/www.facebook.com\/uvb.vereadoresbrasil","article_published_time":"2019-06-07T15:44:18+00:00","og_image":[{"width":720,"height":478,"url":"https:\/\/uvbbrasil.com.br\/wp-content\/uploads\/2019\/06\/imagem-conexidades-07.jpeg","type":"image\/jpeg"}],"author":"adminuvb","twitter_card":"summary_large_image","twitter_misc":{"Escrito por":"adminuvb","Est. tempo de leitura":"4 minutos"},"schema":{"@context":"https:\/\/schema.org","@graph":[{"@type":"Article","@id":"https:\/\/uvbbrasil.com.br\/conexidades-2019-e-suas-atracoes\/#article","isPartOf":{"@id":"https:\/\/uvbbrasil.com.br\/conexidades-2019-e-suas-atracoes\/"},"author":{"name":"adminuvb","@id":"https:\/\/uvbbrasil.com.br\/#\/schema\/person\/17990098446c098f52effddff4f1b272"},"headline":"Conexidades 2019 e suas Atra\u00e7\u00f5es em S\u00e3o Carlos -SP","datePublished":"2019-06-07T15:44:18+00:00","mainEntityOfPage":{"@id":"https:\/\/uvbbrasil.com.br\/conexidades-2019-e-suas-atracoes\/"},"wordCount":774,"commentCount":0,"publisher":{"@id":"https:\/\/uvbbrasil.com.br\/#organization"},"image":{"@id":"https:\/\/uvbbrasil.com.br\/conexidades-2019-e-suas-atracoes\/#primaryimage"},"thumbnailUrl":"https:\/\/uvbbrasil.com.br\/wp-content\/uploads\/2019\/06\/imagem-conexidades-07.jpeg","articleSection":["NOT\u00cdCIAS"],"inLanguage":"pt-BR","potentialAction":[{"@type":"CommentAction","name":"Comment","target":["https:\/\/uvbbrasil.com.br\/conexidades-2019-e-suas-atracoes\/#respond"]}]},{"@type":"WebPage","@id":"https:\/\/uvbbrasil.com.br\/conexidades-2019-e-suas-atracoes\/","url":"https:\/\/uvbbrasil.com.br\/conexidades-2019-e-suas-atracoes\/","name":"Conexidades 2019 e suas Atra\u00e7\u00f5es em S\u00e3o Carlos -SP - UVB Brasil","isPartOf":{"@id":"https:\/\/uvbbrasil.com.br\/#website"},"primaryImageOfPage":{"@id":"https:\/\/uvbbrasil.com.br\/conexidades-2019-e-suas-atracoes\/#primaryimage"},"image":{"@id":"https:\/\/uvbbrasil.com.br\/conexidades-2019-e-suas-atracoes\/#primaryimage"},"thumbnailUrl":"https:\/\/uvbbrasil.com.br\/wp-content\/uploads\/2019\/06\/imagem-conexidades-07.jpeg","datePublished":"2019-06-07T15:44:18+00:00","breadcrumb":{"@id":"https:\/\/uvbbrasil.com.br\/conexidades-2019-e-suas-atracoes\/#breadcrumb"},"inLanguage":"pt-BR","potentialAction":[{"@type":"ReadAction","target":["https:\/\/uvbbrasil.com.br\/conexidades-2019-e-suas-atracoes\/"]}]},{"@type":"ImageObject","inLanguage":"pt-BR","@id":"https:\/\/uvbbrasil.com.br\/conexidades-2019-e-suas-atracoes\/#primaryimage","url":"https:\/\/uvbbrasil.com.br\/wp-content\/uploads\/2019\/06\/imagem-conexidades-07.jpeg","contentUrl":"https:\/\/uvbbrasil.com.br\/wp-content\/uploads\/2019\/06\/imagem-conexidades-07.jpeg","width":720,"height":478},{"@type":"BreadcrumbList","@id":"https:\/\/uvbbrasil.com.br\/conexidades-2019-e-suas-atracoes\/#breadcrumb","itemListElement":[{"@type":"ListItem","position":1,"name":"In\u00edcio","item":"https:\/\/uvbbrasil.com.br\/"},{"@type":"ListItem","position":2,"name":"Conexidades 2019 e suas Atra\u00e7\u00f5es em S\u00e3o Carlos -SP"}]},{"@type":"WebSite","@id":"https:\/\/uvbbrasil.com.br\/#website","url":"https:\/\/uvbbrasil.com.br\/","name":"UVB Brasil","description":"Uni\u00e3o dos Vereadores do Brasil","publisher":{"@id":"https:\/\/uvbbrasil.com.br\/#organization"},"potentialAction":[{"@type":"SearchAction","target":{"@type":"EntryPoint","urlTemplate":"https:\/\/uvbbrasil.com.br\/?s={search_term_string}"},"query-input":{"@type":"PropertyValueSpecification","valueRequired":true,"valueName":"search_term_string"}}],"inLanguage":"pt-BR"},{"@type":"Organization","@id":"https:\/\/uvbbrasil.com.br\/#organization","name":"UVB Brasil","url":"https:\/\/uvbbrasil.com.br\/","logo":{"@type":"ImageObject","inLanguage":"pt-BR","@id":"https:\/\/uvbbrasil.com.br\/#\/schema\/logo\/image\/","url":"https:\/\/uvbbrasil.com.br\/wp-content\/uploads\/2025\/01\/LOGO-UVB-2024-azul-1.jpg","contentUrl":"https:\/\/uvbbrasil.com.br\/wp-content\/uploads\/2025\/01\/LOGO-UVB-2024-azul-1.jpg","width":600,"height":211,"caption":"UVB Brasil"},"image":{"@id":"https:\/\/uvbbrasil.com.br\/#\/schema\/logo\/image\/"},"sameAs":["https:\/\/www.facebook.com\/uvb.vereadoresbrasil","https:\/\/www.instagram.com\/uvbbrasil\/","https:\/\/www.youtube.com\/channel\/UCIlPQ8Xzw5GHNzosQIg9S5A"]},{"@type":"Person","@id":"https:\/\/uvbbrasil.com.br\/#\/schema\/person\/17990098446c098f52effddff4f1b272","name":"adminuvb","image":{"@type":"ImageObject","inLanguage":"pt-BR","@id":"https:\/\/uvbbrasil.com.br\/#\/schema\/person\/image\/","url":"https:\/\/secure.gravatar.com\/avatar\/1a494ea6f8e2dd1ae526e55b0e9497efdba542491e0620d704cccf63c6f77c45?s=96&d=mm&r=g","contentUrl":"https:\/\/secure.gravatar.com\/avatar\/1a494ea6f8e2dd1ae526e55b0e9497efdba542491e0620d704cccf63c6f77c45?s=96&d=mm&r=g","caption":"adminuvb"},"sameAs":["https:\/\/uvbbrasil.com.br"],"url":"https:\/\/uvbbrasil.com.br\/author\/adminuvb\/"}]}},"_links":{"self":[{"href":"https:\/\/uvbbrasil.com.br\/uvb-json\/wp\/v2\/posts\/14580","targetHints":{"allow":["GET"]}}],"collection":[{"href":"https:\/\/uvbbrasil.com.br\/uvb-json\/wp\/v2\/posts"}],"about":[{"href":"https:\/\/uvbbrasil.com.br\/uvb-json\/wp\/v2\/types\/post"}],"author":[{"embeddable":true,"href":"https:\/\/uvbbrasil.com.br\/uvb-json\/wp\/v2\/users\/1"}],"replies":[{"embeddable":true,"href":"https:\/\/uvbbrasil.com.br\/uvb-json\/wp\/v2\/comments?post=14580"}],"version-history":[{"count":0,"href":"https:\/\/uvbbrasil.com.br\/uvb-json\/wp\/v2\/posts\/14580\/revisions"}],"wp:featuredmedia":[{"embeddable":true,"href":"https:\/\/uvbbrasil.com.br\/uvb-json\/wp\/v2\/media\/14579"}],"wp:attachment":[{"href":"https:\/\/uvbbrasil.com.br\/uvb-json\/wp\/v2\/media?parent=14580"}],"wp:term":[{"taxonomy":"category","embeddable":true,"href":"https:\/\/uvbbrasil.com.br\/uvb-json\/wp\/v2\/categories?post=14580"},{"taxonomy":"post_tag","embeddable":true,"href":"https:\/\/uvbbrasil.com.br\/uvb-json\/wp\/v2\/tags?post=14580"}],"curies":[{"name":"wp","href":"https:\/\/api.w.org\/{rel}","templated":true}]}}