{"id":14329,"date":"2019-05-02T16:52:51","date_gmt":"2019-05-02T19:52:51","guid":{"rendered":"https:\/\/wpsandbox4.pante.com.br\/?p=14329"},"modified":"2019-05-02T16:52:51","modified_gmt":"2019-05-02T19:52:51","slug":"presidente-da-uvb-visita-sede-da-uvc","status":"publish","type":"post","link":"https:\/\/uvbbrasil.com.br\/presidente-da-uvb-visita-sede-da-uvc\/","title":{"rendered":"Presidente da UVB visita sede da UVC"},"content":{"rendered":"<p><a href=\"https:\/\/uvbbrasil.com.br\/wp-content\/uploads\/2019\/05\/visita2.jpg\"><img fetchpriority=\"high\" decoding=\"async\" class=\"alignleft size-full wp-image-14328\" src=\"https:\/\/uvbbrasil.com.br\/wp-content\/uploads\/2019\/05\/visita2.jpg\" alt=\"\" width=\"960\" height=\"960\" srcset=\"https:\/\/uvbbrasil.com.br\/wp-content\/uploads\/2019\/05\/visita2.jpg 960w, https:\/\/uvbbrasil.com.br\/wp-content\/uploads\/2019\/05\/visita2-300x300.jpg 300w, https:\/\/uvbbrasil.com.br\/wp-content\/uploads\/2019\/05\/visita2-150x150.jpg 150w, https:\/\/uvbbrasil.com.br\/wp-content\/uploads\/2019\/05\/visita2-768x768.jpg 768w\" sizes=\"(max-width: 960px) 100vw, 960px\" \/><\/a><a href=\"https:\/\/uvbbrasil.com.br\/wp-content\/uploads\/2019\/05\/visita1.jpg\"><img decoding=\"async\" class=\"alignleft size-full wp-image-14327\" src=\"https:\/\/uvbbrasil.com.br\/wp-content\/uploads\/2019\/05\/visita1.jpg\" alt=\"\" width=\"960\" height=\"960\" srcset=\"https:\/\/uvbbrasil.com.br\/wp-content\/uploads\/2019\/05\/visita1.jpg 960w, https:\/\/uvbbrasil.com.br\/wp-content\/uploads\/2019\/05\/visita1-300x300.jpg 300w, https:\/\/uvbbrasil.com.br\/wp-content\/uploads\/2019\/05\/visita1-150x150.jpg 150w, https:\/\/uvbbrasil.com.br\/wp-content\/uploads\/2019\/05\/visita1-768x768.jpg 768w\" sizes=\"(max-width: 960px) 100vw, 960px\" \/><\/a><\/p>\n<p>&nbsp;<\/p>\n<p>&nbsp;<\/p>\n<p>Nesta quinta-feira, 2 de maio, recebemos em nossa sede a ilustre presen\u00e7a do presidente da UVB, Gilson Conzatti, para uma reuni\u00e3o com nosso presidente, Guto Mota, onde trataram sobre os pr\u00f3ximos eventos que as duas entidades realizar\u00e3o em parceria. Agradecemos o presidente Gilson por sua aten\u00e7\u00e3o especial com nossos projetos. Esse apoio \u00e9 fundamental para o crescimento e destaque nacional da UVC. Estamos juntos! #uvc #uvb #eventos #parcerias<\/p>\n","protected":false},"excerpt":{"rendered":"<p>&nbsp; &nbsp; Nesta quinta-feira, 2 de maio, recebemos em nossa sede a ilustre presen\u00e7a do presidente da UVB, Gilson Conzatti,&#8230;<\/p>\n","protected":false},"author":1,"featured_media":0,"comment_status":"open","ping_status":"open","sticky":false,"template":"","format":"standard","meta":{"footnotes":""},"categories":[3],"tags":[],"class_list":["post-14329","post","type-post","status-publish","format-standard","hentry","category-noticias"],"yoast_head":"<!-- This site is optimized with the Yoast SEO plugin v27.5 - https:\/\/yoast.com\/product\/yoast-seo-wordpress\/ -->\n<title>Presidente da UVB visita sede da UVC - UVB Brasil<\/title>\n<meta name=\"robots\" content=\"index, follow, max-snippet:-1, max-image-preview:large, max-video-preview:-1\" \/>\n<link rel=\"canonical\" href=\"https:\/\/uvbbrasil.com.br\/presidente-da-uvb-visita-sede-da-uvc\/\" \/>\n<meta property=\"og:locale\" content=\"pt_BR\" \/>\n<meta property=\"og:type\" content=\"article\" \/>\n<meta property=\"og:title\" content=\"Presidente da UVB visita sede da UVC - UVB Brasil\" \/>\n<meta property=\"og:description\" content=\"&nbsp; &nbsp; Nesta quinta-feira, 2 de maio, recebemos em nossa sede a ilustre presen\u00e7a do presidente da UVB, Gilson Conzatti,...\" \/>\n<meta property=\"og:url\" content=\"https:\/\/uvbbrasil.com.br\/presidente-da-uvb-visita-sede-da-uvc\/\" \/>\n<meta property=\"og:site_name\" content=\"UVB Brasil\" \/>\n<meta property=\"article:publisher\" content=\"https:\/\/www.facebook.com\/uvb.vereadoresbrasil\" \/>\n<meta property=\"article:published_time\" content=\"2019-05-02T19:52:51+00:00\" \/>\n<meta property=\"og:image\" content=\"https:\/\/uvbbrasil.com.br\/wp-content\/uploads\/2019\/05\/visita2.jpg\" \/>\n\t<meta property=\"og:image:width\" content=\"960\" \/>\n\t<meta property=\"og:image:height\" content=\"960\" \/>\n\t<meta property=\"og:image:type\" content=\"image\/jpeg\" \/>\n<meta name=\"author\" content=\"adminuvb\" \/>\n<meta name=\"twitter:card\" content=\"summary_large_image\" \/>\n<meta name=\"twitter:label1\" content=\"Escrito por\" \/>\n\t<meta name=\"twitter:data1\" content=\"adminuvb\" \/>\n<script type=\"application\/ld+json\" class=\"yoast-schema-graph\">{\"@context\":\"https:\\\/\\\/schema.org\",\"@graph\":[{\"@type\":\"Article\",\"@id\":\"https:\\\/\\\/uvbbrasil.com.br\\\/presidente-da-uvb-visita-sede-da-uvc\\\/#article\",\"isPartOf\":{\"@id\":\"https:\\\/\\\/uvbbrasil.com.br\\\/presidente-da-uvb-visita-sede-da-uvc\\\/\"},\"author\":{\"name\":\"adminuvb\",\"@id\":\"https:\\\/\\\/uvbbrasil.com.br\\\/#\\\/schema\\\/person\\\/17990098446c098f52effddff4f1b272\"},\"headline\":\"Presidente da UVB visita sede da UVC\",\"datePublished\":\"2019-05-02T19:52:51+00:00\",\"mainEntityOfPage\":{\"@id\":\"https:\\\/\\\/uvbbrasil.com.br\\\/presidente-da-uvb-visita-sede-da-uvc\\\/\"},\"wordCount\":80,\"commentCount\":0,\"publisher\":{\"@id\":\"https:\\\/\\\/uvbbrasil.com.br\\\/#organization\"},\"image\":{\"@id\":\"https:\\\/\\\/uvbbrasil.com.br\\\/presidente-da-uvb-visita-sede-da-uvc\\\/#primaryimage\"},\"thumbnailUrl\":\"https:\\\/\\\/uvbbrasil.com.br\\\/wp-content\\\/uploads\\\/2019\\\/05\\\/visita2.jpg\",\"articleSection\":[\"NOT\u00cdCIAS\"],\"inLanguage\":\"pt-BR\",\"potentialAction\":[{\"@type\":\"CommentAction\",\"name\":\"Comment\",\"target\":[\"https:\\\/\\\/uvbbrasil.com.br\\\/presidente-da-uvb-visita-sede-da-uvc\\\/#respond\"]}]},{\"@type\":\"WebPage\",\"@id\":\"https:\\\/\\\/uvbbrasil.com.br\\\/presidente-da-uvb-visita-sede-da-uvc\\\/\",\"url\":\"https:\\\/\\\/uvbbrasil.com.br\\\/presidente-da-uvb-visita-sede-da-uvc\\\/\",\"name\":\"Presidente da UVB visita sede da UVC - UVB Brasil\",\"isPartOf\":{\"@id\":\"https:\\\/\\\/uvbbrasil.com.br\\\/#website\"},\"primaryImageOfPage\":{\"@id\":\"https:\\\/\\\/uvbbrasil.com.br\\\/presidente-da-uvb-visita-sede-da-uvc\\\/#primaryimage\"},\"image\":{\"@id\":\"https:\\\/\\\/uvbbrasil.com.br\\\/presidente-da-uvb-visita-sede-da-uvc\\\/#primaryimage\"},\"thumbnailUrl\":\"https:\\\/\\\/uvbbrasil.com.br\\\/wp-content\\\/uploads\\\/2019\\\/05\\\/visita2.jpg\",\"datePublished\":\"2019-05-02T19:52:51+00:00\",\"breadcrumb\":{\"@id\":\"https:\\\/\\\/uvbbrasil.com.br\\\/presidente-da-uvb-visita-sede-da-uvc\\\/#breadcrumb\"},\"inLanguage\":\"pt-BR\",\"potentialAction\":[{\"@type\":\"ReadAction\",\"target\":[\"https:\\\/\\\/uvbbrasil.com.br\\\/presidente-da-uvb-visita-sede-da-uvc\\\/\"]}]},{\"@type\":\"ImageObject\",\"inLanguage\":\"pt-BR\",\"@id\":\"https:\\\/\\\/uvbbrasil.com.br\\\/presidente-da-uvb-visita-sede-da-uvc\\\/#primaryimage\",\"url\":\"https:\\\/\\\/uvbbrasil.com.br\\\/wp-content\\\/uploads\\\/2019\\\/05\\\/visita2.jpg\",\"contentUrl\":\"https:\\\/\\\/uvbbrasil.com.br\\\/wp-content\\\/uploads\\\/2019\\\/05\\\/visita2.jpg\"},{\"@type\":\"BreadcrumbList\",\"@id\":\"https:\\\/\\\/uvbbrasil.com.br\\\/presidente-da-uvb-visita-sede-da-uvc\\\/#breadcrumb\",\"itemListElement\":[{\"@type\":\"ListItem\",\"position\":1,\"name\":\"In\u00edcio\",\"item\":\"https:\\\/\\\/uvbbrasil.com.br\\\/\"},{\"@type\":\"ListItem\",\"position\":2,\"name\":\"Presidente da UVB visita sede da UVC\"}]},{\"@type\":\"WebSite\",\"@id\":\"https:\\\/\\\/uvbbrasil.com.br\\\/#website\",\"url\":\"https:\\\/\\\/uvbbrasil.com.br\\\/\",\"name\":\"UVB Brasil\",\"description\":\"Uni\u00e3o dos Vereadores do Brasil\",\"publisher\":{\"@id\":\"https:\\\/\\\/uvbbrasil.com.br\\\/#organization\"},\"potentialAction\":[{\"@type\":\"SearchAction\",\"target\":{\"@type\":\"EntryPoint\",\"urlTemplate\":\"https:\\\/\\\/uvbbrasil.com.br\\\/?s={search_term_string}\"},\"query-input\":{\"@type\":\"PropertyValueSpecification\",\"valueRequired\":true,\"valueName\":\"search_term_string\"}}],\"inLanguage\":\"pt-BR\"},{\"@type\":\"Organization\",\"@id\":\"https:\\\/\\\/uvbbrasil.com.br\\\/#organization\",\"name\":\"UVB Brasil\",\"url\":\"https:\\\/\\\/uvbbrasil.com.br\\\/\",\"logo\":{\"@type\":\"ImageObject\",\"inLanguage\":\"pt-BR\",\"@id\":\"https:\\\/\\\/uvbbrasil.com.br\\\/#\\\/schema\\\/logo\\\/image\\\/\",\"url\":\"https:\\\/\\\/uvbbrasil.com.br\\\/wp-content\\\/uploads\\\/2025\\\/01\\\/LOGO-UVB-2024-azul-1.jpg\",\"contentUrl\":\"https:\\\/\\\/uvbbrasil.com.br\\\/wp-content\\\/uploads\\\/2025\\\/01\\\/LOGO-UVB-2024-azul-1.jpg\",\"width\":600,\"height\":211,\"caption\":\"UVB Brasil\"},\"image\":{\"@id\":\"https:\\\/\\\/uvbbrasil.com.br\\\/#\\\/schema\\\/logo\\\/image\\\/\"},\"sameAs\":[\"https:\\\/\\\/www.facebook.com\\\/uvb.vereadoresbrasil\",\"https:\\\/\\\/www.instagram.com\\\/uvbbrasil\\\/\",\"https:\\\/\\\/www.youtube.com\\\/channel\\\/UCIlPQ8Xzw5GHNzosQIg9S5A\"]},{\"@type\":\"Person\",\"@id\":\"https:\\\/\\\/uvbbrasil.com.br\\\/#\\\/schema\\\/person\\\/17990098446c098f52effddff4f1b272\",\"name\":\"adminuvb\",\"image\":{\"@type\":\"ImageObject\",\"inLanguage\":\"pt-BR\",\"@id\":\"https:\\\/\\\/secure.gravatar.com\\\/avatar\\\/1a494ea6f8e2dd1ae526e55b0e9497efdba542491e0620d704cccf63c6f77c45?s=96&d=mm&r=g\",\"url\":\"https:\\\/\\\/secure.gravatar.com\\\/avatar\\\/1a494ea6f8e2dd1ae526e55b0e9497efdba542491e0620d704cccf63c6f77c45?s=96&d=mm&r=g\",\"contentUrl\":\"https:\\\/\\\/secure.gravatar.com\\\/avatar\\\/1a494ea6f8e2dd1ae526e55b0e9497efdba542491e0620d704cccf63c6f77c45?s=96&d=mm&r=g\",\"caption\":\"adminuvb\"},\"sameAs\":[\"https:\\\/\\\/uvbbrasil.com.br\"],\"url\":\"https:\\\/\\\/uvbbrasil.com.br\\\/author\\\/adminuvb\\\/\"}]}<\/script>\n<!-- \/ Yoast SEO plugin. -->","yoast_head_json":{"title":"Presidente da UVB visita sede da UVC - UVB Brasil","robots":{"index":"index","follow":"follow","max-snippet":"max-snippet:-1","max-image-preview":"max-image-preview:large","max-video-preview":"max-video-preview:-1"},"canonical":"https:\/\/uvbbrasil.com.br\/presidente-da-uvb-visita-sede-da-uvc\/","og_locale":"pt_BR","og_type":"article","og_title":"Presidente da UVB visita sede da UVC - UVB Brasil","og_description":"&nbsp; &nbsp; Nesta quinta-feira, 2 de maio, recebemos em nossa sede a ilustre presen\u00e7a do presidente da UVB, Gilson Conzatti,...","og_url":"https:\/\/uvbbrasil.com.br\/presidente-da-uvb-visita-sede-da-uvc\/","og_site_name":"UVB Brasil","article_publisher":"https:\/\/www.facebook.com\/uvb.vereadoresbrasil","article_published_time":"2019-05-02T19:52:51+00:00","og_image":[{"width":960,"height":960,"url":"https:\/\/uvbbrasil.com.br\/wp-content\/uploads\/2019\/05\/visita2.jpg","type":"image\/jpeg"}],"author":"adminuvb","twitter_card":"summary_large_image","twitter_misc":{"Escrito por":"adminuvb"},"schema":{"@context":"https:\/\/schema.org","@graph":[{"@type":"Article","@id":"https:\/\/uvbbrasil.com.br\/presidente-da-uvb-visita-sede-da-uvc\/#article","isPartOf":{"@id":"https:\/\/uvbbrasil.com.br\/presidente-da-uvb-visita-sede-da-uvc\/"},"author":{"name":"adminuvb","@id":"https:\/\/uvbbrasil.com.br\/#\/schema\/person\/17990098446c098f52effddff4f1b272"},"headline":"Presidente da UVB visita sede da UVC","datePublished":"2019-05-02T19:52:51+00:00","mainEntityOfPage":{"@id":"https:\/\/uvbbrasil.com.br\/presidente-da-uvb-visita-sede-da-uvc\/"},"wordCount":80,"commentCount":0,"publisher":{"@id":"https:\/\/uvbbrasil.com.br\/#organization"},"image":{"@id":"https:\/\/uvbbrasil.com.br\/presidente-da-uvb-visita-sede-da-uvc\/#primaryimage"},"thumbnailUrl":"https:\/\/uvbbrasil.com.br\/wp-content\/uploads\/2019\/05\/visita2.jpg","articleSection":["NOT\u00cdCIAS"],"inLanguage":"pt-BR","potentialAction":[{"@type":"CommentAction","name":"Comment","target":["https:\/\/uvbbrasil.com.br\/presidente-da-uvb-visita-sede-da-uvc\/#respond"]}]},{"@type":"WebPage","@id":"https:\/\/uvbbrasil.com.br\/presidente-da-uvb-visita-sede-da-uvc\/","url":"https:\/\/uvbbrasil.com.br\/presidente-da-uvb-visita-sede-da-uvc\/","name":"Presidente da UVB visita sede da UVC - UVB Brasil","isPartOf":{"@id":"https:\/\/uvbbrasil.com.br\/#website"},"primaryImageOfPage":{"@id":"https:\/\/uvbbrasil.com.br\/presidente-da-uvb-visita-sede-da-uvc\/#primaryimage"},"image":{"@id":"https:\/\/uvbbrasil.com.br\/presidente-da-uvb-visita-sede-da-uvc\/#primaryimage"},"thumbnailUrl":"https:\/\/uvbbrasil.com.br\/wp-content\/uploads\/2019\/05\/visita2.jpg","datePublished":"2019-05-02T19:52:51+00:00","breadcrumb":{"@id":"https:\/\/uvbbrasil.com.br\/presidente-da-uvb-visita-sede-da-uvc\/#breadcrumb"},"inLanguage":"pt-BR","potentialAction":[{"@type":"ReadAction","target":["https:\/\/uvbbrasil.com.br\/presidente-da-uvb-visita-sede-da-uvc\/"]}]},{"@type":"ImageObject","inLanguage":"pt-BR","@id":"https:\/\/uvbbrasil.com.br\/presidente-da-uvb-visita-sede-da-uvc\/#primaryimage","url":"https:\/\/uvbbrasil.com.br\/wp-content\/uploads\/2019\/05\/visita2.jpg","contentUrl":"https:\/\/uvbbrasil.com.br\/wp-content\/uploads\/2019\/05\/visita2.jpg"},{"@type":"BreadcrumbList","@id":"https:\/\/uvbbrasil.com.br\/presidente-da-uvb-visita-sede-da-uvc\/#breadcrumb","itemListElement":[{"@type":"ListItem","position":1,"name":"In\u00edcio","item":"https:\/\/uvbbrasil.com.br\/"},{"@type":"ListItem","position":2,"name":"Presidente da UVB visita sede da UVC"}]},{"@type":"WebSite","@id":"https:\/\/uvbbrasil.com.br\/#website","url":"https:\/\/uvbbrasil.com.br\/","name":"UVB Brasil","description":"Uni\u00e3o dos Vereadores do Brasil","publisher":{"@id":"https:\/\/uvbbrasil.com.br\/#organization"},"potentialAction":[{"@type":"SearchAction","target":{"@type":"EntryPoint","urlTemplate":"https:\/\/uvbbrasil.com.br\/?s={search_term_string}"},"query-input":{"@type":"PropertyValueSpecification","valueRequired":true,"valueName":"search_term_string"}}],"inLanguage":"pt-BR"},{"@type":"Organization","@id":"https:\/\/uvbbrasil.com.br\/#organization","name":"UVB Brasil","url":"https:\/\/uvbbrasil.com.br\/","logo":{"@type":"ImageObject","inLanguage":"pt-BR","@id":"https:\/\/uvbbrasil.com.br\/#\/schema\/logo\/image\/","url":"https:\/\/uvbbrasil.com.br\/wp-content\/uploads\/2025\/01\/LOGO-UVB-2024-azul-1.jpg","contentUrl":"https:\/\/uvbbrasil.com.br\/wp-content\/uploads\/2025\/01\/LOGO-UVB-2024-azul-1.jpg","width":600,"height":211,"caption":"UVB Brasil"},"image":{"@id":"https:\/\/uvbbrasil.com.br\/#\/schema\/logo\/image\/"},"sameAs":["https:\/\/www.facebook.com\/uvb.vereadoresbrasil","https:\/\/www.instagram.com\/uvbbrasil\/","https:\/\/www.youtube.com\/channel\/UCIlPQ8Xzw5GHNzosQIg9S5A"]},{"@type":"Person","@id":"https:\/\/uvbbrasil.com.br\/#\/schema\/person\/17990098446c098f52effddff4f1b272","name":"adminuvb","image":{"@type":"ImageObject","inLanguage":"pt-BR","@id":"https:\/\/secure.gravatar.com\/avatar\/1a494ea6f8e2dd1ae526e55b0e9497efdba542491e0620d704cccf63c6f77c45?s=96&d=mm&r=g","url":"https:\/\/secure.gravatar.com\/avatar\/1a494ea6f8e2dd1ae526e55b0e9497efdba542491e0620d704cccf63c6f77c45?s=96&d=mm&r=g","contentUrl":"https:\/\/secure.gravatar.com\/avatar\/1a494ea6f8e2dd1ae526e55b0e9497efdba542491e0620d704cccf63c6f77c45?s=96&d=mm&r=g","caption":"adminuvb"},"sameAs":["https:\/\/uvbbrasil.com.br"],"url":"https:\/\/uvbbrasil.com.br\/author\/adminuvb\/"}]}},"_links":{"self":[{"href":"https:\/\/uvbbrasil.com.br\/uvb-json\/wp\/v2\/posts\/14329","targetHints":{"allow":["GET"]}}],"collection":[{"href":"https:\/\/uvbbrasil.com.br\/uvb-json\/wp\/v2\/posts"}],"about":[{"href":"https:\/\/uvbbrasil.com.br\/uvb-json\/wp\/v2\/types\/post"}],"author":[{"embeddable":true,"href":"https:\/\/uvbbrasil.com.br\/uvb-json\/wp\/v2\/users\/1"}],"replies":[{"embeddable":true,"href":"https:\/\/uvbbrasil.com.br\/uvb-json\/wp\/v2\/comments?post=14329"}],"version-history":[{"count":0,"href":"https:\/\/uvbbrasil.com.br\/uvb-json\/wp\/v2\/posts\/14329\/revisions"}],"wp:attachment":[{"href":"https:\/\/uvbbrasil.com.br\/uvb-json\/wp\/v2\/media?parent=14329"}],"wp:term":[{"taxonomy":"category","embeddable":true,"href":"https:\/\/uvbbrasil.com.br\/uvb-json\/wp\/v2\/categories?post=14329"},{"taxonomy":"post_tag","embeddable":true,"href":"https:\/\/uvbbrasil.com.br\/uvb-json\/wp\/v2\/tags?post=14329"}],"curies":[{"name":"wp","href":"https:\/\/api.w.org\/{rel}","templated":true}]}}