{"id":13947,"date":"2019-04-23T20:37:36","date_gmt":"2019-04-23T23:37:36","guid":{"rendered":"https:\/\/wpsandbox4.pante.com.br\/?p=13947"},"modified":"2019-04-23T20:37:36","modified_gmt":"2019-04-23T23:37:36","slug":"primeiro-dia-de-palestras-na-marcha-dos-vereadores-e-vereadoras-destaca-politica-de-verba-indenizatoria-e-reforma-da-previdencia-social","status":"publish","type":"post","link":"https:\/\/uvbbrasil.com.br\/primeiro-dia-de-palestras-na-marcha-dos-vereadores-e-vereadoras-destaca-politica-de-verba-indenizatoria-e-reforma-da-previdencia-social\/","title":{"rendered":"Primeiro dia de palestras na Marcha dos Vereadores e Vereadoras destaca a pol\u00edtica de verba indenizat\u00f3ria e a reforma da Previd\u00eancia Social"},"content":{"rendered":"<p>A Marcha dos Vereadores e Vereadoras seguiu com a programa\u00e7\u00e3o durante a tarde desta ter\u00e7a-feira (23) no Opera Hall, no Setor de Clubes Norte, reunindo cerca de 3 mil pessoas. As mo\u00e7\u00f5es que antecederam as palestras citaram a reforma da previd\u00eancia, a situa\u00e7\u00e3o da Avenida Trans Amaz\u00f4nia e homenagens de vereadores aos munic\u00edpios representados.<\/p>\n<p>Dando in\u00edcio \u00e0s palestras, o vereador de Natal (RN), Raniere Barbosa (PDT) falou sobre as verbas de gabinete, dando \u00eanfase na verba indenizat\u00f3ria que ressarce os gastos dos gabinetes no fim de cada m\u00eas. Ele ressalta o quanto vereadores s\u00e3o prejudicados em alguns casos em que o Tribunal de Contas n\u00e3o considera o gasto adequado e n\u00e3o devolve o dinheiro investido. \u201cSe o Tribunal achar que um devido gasto n\u00e3o se encaixa na pol\u00edtica de verba indenizat\u00f3ria, quem paga somos n\u00f3s todo fim do m\u00eas.\u201d, afirma. Segundo o vereador, o dinheiro \u00e9 usado para o pagamento de funcion\u00e1rios e outras a\u00e7\u00f5es pertinentes ao trabalho do gabinete e que o caso deve ser olhado com mais cuidado para que ningu\u00e9m fique no preju\u00edzo.<\/p>\n<p>Maria L\u00facia Fattirelli, coordenadora nacional da Auditoria Cidad\u00e3 da D\u00edvida, destaca que a culpa da crise no pa\u00eds n\u00e3o pode ser colocada na atual Previd\u00eancia Social e sim na pol\u00edtica monet\u00e1ria do Banco Central. \u201cO dinheiro que sobra dentro dos bancos n\u00e3o \u00e9 emprestado para a popula\u00e7\u00e3o, pois, com os juros exorbitantes ningu\u00e9m tem condi\u00e7\u00f5es de aceitar um empr\u00e9stimo, o que faz com que os bancos passem o dinheiro para o Banco Central, ao inv\u00e9s de deixar o montante mais acess\u00edvel \u00e0 popula\u00e7\u00e3o de forma justa\u201d, afirma. \u201cPrecisamos de uma press\u00e3o social organizada vinda principalmente dos munic\u00edpios e impedir que a previd\u00eancia seja colocada dentro de um modelo de capitaliza\u00e7\u00e3o. A previd\u00eancia social \u00e9 o maior patrim\u00f4nio econ\u00f4mico do Brasil\u201d, completa.<\/p>\n<p>A Marcha dos Vereadores e Vereadoras segue pelo resto da semana, onde ser\u00e3o debatidos diversos temas condizentes \u00e0 categoria e a popula\u00e7\u00e3o.<\/p>\n<p><a href=\"https:\/\/uvbbrasil.com.br\/wp-content\/uploads\/2019\/04\/1-1.jpeg\"><img fetchpriority=\"high\" decoding=\"async\" class=\"alignleft size-full wp-image-13948\" src=\"https:\/\/uvbbrasil.com.br\/wp-content\/uploads\/2019\/04\/1-1.jpeg\" alt=\"\" width=\"1280\" height=\"960\" srcset=\"https:\/\/uvbbrasil.com.br\/wp-content\/uploads\/2019\/04\/1-1.jpeg 1280w, https:\/\/uvbbrasil.com.br\/wp-content\/uploads\/2019\/04\/1-1-300x225.jpeg 300w, https:\/\/uvbbrasil.com.br\/wp-content\/uploads\/2019\/04\/1-1-1024x768.jpeg 1024w, https:\/\/uvbbrasil.com.br\/wp-content\/uploads\/2019\/04\/1-1-768x576.jpeg 768w\" sizes=\"(max-width: 1280px) 100vw, 1280px\" \/><\/a><a href=\"https:\/\/uvbbrasil.com.br\/wp-content\/uploads\/2019\/04\/2-1.jpeg\"><img decoding=\"async\" class=\"alignleft size-full wp-image-13949\" src=\"https:\/\/uvbbrasil.com.br\/wp-content\/uploads\/2019\/04\/2-1.jpeg\" alt=\"\" width=\"1280\" height=\"960\" srcset=\"https:\/\/uvbbrasil.com.br\/wp-content\/uploads\/2019\/04\/2-1.jpeg 1280w, https:\/\/uvbbrasil.com.br\/wp-content\/uploads\/2019\/04\/2-1-300x225.jpeg 300w, https:\/\/uvbbrasil.com.br\/wp-content\/uploads\/2019\/04\/2-1-1024x768.jpeg 1024w, https:\/\/uvbbrasil.com.br\/wp-content\/uploads\/2019\/04\/2-1-768x576.jpeg 768w\" sizes=\"(max-width: 1280px) 100vw, 1280px\" \/><\/a><a href=\"https:\/\/uvbbrasil.com.br\/wp-content\/uploads\/2019\/04\/3-1.jpeg\"><img decoding=\"async\" class=\"alignleft size-full wp-image-13950\" src=\"https:\/\/uvbbrasil.com.br\/wp-content\/uploads\/2019\/04\/3-1.jpeg\" alt=\"\" width=\"1280\" height=\"960\" srcset=\"https:\/\/uvbbrasil.com.br\/wp-content\/uploads\/2019\/04\/3-1.jpeg 1280w, https:\/\/uvbbrasil.com.br\/wp-content\/uploads\/2019\/04\/3-1-300x225.jpeg 300w, https:\/\/uvbbrasil.com.br\/wp-content\/uploads\/2019\/04\/3-1-1024x768.jpeg 1024w, https:\/\/uvbbrasil.com.br\/wp-content\/uploads\/2019\/04\/3-1-768x576.jpeg 768w\" sizes=\"(max-width: 1280px) 100vw, 1280px\" \/><\/a><a href=\"https:\/\/uvbbrasil.com.br\/wp-content\/uploads\/2019\/04\/4-1.jpeg\"><img loading=\"lazy\" decoding=\"async\" class=\"alignleft size-full wp-image-13951\" src=\"https:\/\/uvbbrasil.com.br\/wp-content\/uploads\/2019\/04\/4-1.jpeg\" alt=\"\" width=\"1280\" height=\"960\" srcset=\"https:\/\/uvbbrasil.com.br\/wp-content\/uploads\/2019\/04\/4-1.jpeg 1280w, https:\/\/uvbbrasil.com.br\/wp-content\/uploads\/2019\/04\/4-1-300x225.jpeg 300w, https:\/\/uvbbrasil.com.br\/wp-content\/uploads\/2019\/04\/4-1-1024x768.jpeg 1024w, https:\/\/uvbbrasil.com.br\/wp-content\/uploads\/2019\/04\/4-1-768x576.jpeg 768w\" sizes=\"(max-width: 1280px) 100vw, 1280px\" \/><\/a><a href=\"https:\/\/uvbbrasil.com.br\/wp-content\/uploads\/2019\/04\/5-1.jpeg\"><img loading=\"lazy\" decoding=\"async\" class=\"alignleft size-full wp-image-13952\" src=\"https:\/\/uvbbrasil.com.br\/wp-content\/uploads\/2019\/04\/5-1.jpeg\" alt=\"\" width=\"1280\" height=\"960\" srcset=\"https:\/\/uvbbrasil.com.br\/wp-content\/uploads\/2019\/04\/5-1.jpeg 1280w, https:\/\/uvbbrasil.com.br\/wp-content\/uploads\/2019\/04\/5-1-300x225.jpeg 300w, https:\/\/uvbbrasil.com.br\/wp-content\/uploads\/2019\/04\/5-1-1024x768.jpeg 1024w, https:\/\/uvbbrasil.com.br\/wp-content\/uploads\/2019\/04\/5-1-768x576.jpeg 768w\" sizes=\"(max-width: 1280px) 100vw, 1280px\" \/><\/a><a href=\"https:\/\/uvbbrasil.com.br\/wp-content\/uploads\/2019\/04\/6-1.jpeg\"><img loading=\"lazy\" decoding=\"async\" class=\"alignleft size-full wp-image-13953\" src=\"https:\/\/uvbbrasil.com.br\/wp-content\/uploads\/2019\/04\/6-1.jpeg\" alt=\"\" width=\"960\" height=\"1280\" srcset=\"https:\/\/uvbbrasil.com.br\/wp-content\/uploads\/2019\/04\/6-1.jpeg 960w, https:\/\/uvbbrasil.com.br\/wp-content\/uploads\/2019\/04\/6-1-225x300.jpeg 225w, https:\/\/uvbbrasil.com.br\/wp-content\/uploads\/2019\/04\/6-1-768x1024.jpeg 768w\" sizes=\"(max-width: 960px) 100vw, 960px\" \/><\/a><a href=\"https:\/\/uvbbrasil.com.br\/wp-content\/uploads\/2019\/04\/7-1.jpeg\"><img loading=\"lazy\" decoding=\"async\" class=\"alignleft size-full wp-image-13954\" src=\"https:\/\/uvbbrasil.com.br\/wp-content\/uploads\/2019\/04\/7-1.jpeg\" alt=\"\" width=\"1280\" height=\"960\" srcset=\"https:\/\/uvbbrasil.com.br\/wp-content\/uploads\/2019\/04\/7-1.jpeg 1280w, https:\/\/uvbbrasil.com.br\/wp-content\/uploads\/2019\/04\/7-1-300x225.jpeg 300w, https:\/\/uvbbrasil.com.br\/wp-content\/uploads\/2019\/04\/7-1-1024x768.jpeg 1024w, https:\/\/uvbbrasil.com.br\/wp-content\/uploads\/2019\/04\/7-1-768x576.jpeg 768w\" sizes=\"(max-width: 1280px) 100vw, 1280px\" \/><\/a><a href=\"https:\/\/uvbbrasil.com.br\/wp-content\/uploads\/2019\/04\/8-1.jpeg\"><img loading=\"lazy\" decoding=\"async\" class=\"alignleft size-full wp-image-13955\" src=\"https:\/\/uvbbrasil.com.br\/wp-content\/uploads\/2019\/04\/8-1.jpeg\" alt=\"\" width=\"1280\" height=\"960\" srcset=\"https:\/\/uvbbrasil.com.br\/wp-content\/uploads\/2019\/04\/8-1.jpeg 1280w, https:\/\/uvbbrasil.com.br\/wp-content\/uploads\/2019\/04\/8-1-300x225.jpeg 300w, https:\/\/uvbbrasil.com.br\/wp-content\/uploads\/2019\/04\/8-1-1024x768.jpeg 1024w, https:\/\/uvbbrasil.com.br\/wp-content\/uploads\/2019\/04\/8-1-768x576.jpeg 768w\" sizes=\"(max-width: 1280px) 100vw, 1280px\" \/><\/a><a href=\"https:\/\/uvbbrasil.com.br\/wp-content\/uploads\/2019\/04\/9-1.jpeg\"><img loading=\"lazy\" decoding=\"async\" class=\"alignleft size-full wp-image-13956\" src=\"https:\/\/uvbbrasil.com.br\/wp-content\/uploads\/2019\/04\/9-1.jpeg\" alt=\"\" width=\"1280\" height=\"960\" srcset=\"https:\/\/uvbbrasil.com.br\/wp-content\/uploads\/2019\/04\/9-1.jpeg 1280w, https:\/\/uvbbrasil.com.br\/wp-content\/uploads\/2019\/04\/9-1-300x225.jpeg 300w, https:\/\/uvbbrasil.com.br\/wp-content\/uploads\/2019\/04\/9-1-1024x768.jpeg 1024w, https:\/\/uvbbrasil.com.br\/wp-content\/uploads\/2019\/04\/9-1-768x576.jpeg 768w\" sizes=\"(max-width: 1280px) 100vw, 1280px\" \/><\/a><a href=\"https:\/\/uvbbrasil.com.br\/wp-content\/uploads\/2019\/04\/10-1.jpeg\"><img loading=\"lazy\" decoding=\"async\" class=\"alignleft size-full wp-image-13957\" src=\"https:\/\/uvbbrasil.com.br\/wp-content\/uploads\/2019\/04\/10-1.jpeg\" alt=\"\" width=\"1280\" height=\"960\" srcset=\"https:\/\/uvbbrasil.com.br\/wp-content\/uploads\/2019\/04\/10-1.jpeg 1280w, https:\/\/uvbbrasil.com.br\/wp-content\/uploads\/2019\/04\/10-1-300x225.jpeg 300w, https:\/\/uvbbrasil.com.br\/wp-content\/uploads\/2019\/04\/10-1-1024x768.jpeg 1024w, https:\/\/uvbbrasil.com.br\/wp-content\/uploads\/2019\/04\/10-1-768x576.jpeg 768w\" sizes=\"(max-width: 1280px) 100vw, 1280px\" \/><\/a><a href=\"https:\/\/uvbbrasil.com.br\/wp-content\/uploads\/2019\/04\/11-1.jpeg\"><img loading=\"lazy\" decoding=\"async\" class=\"alignleft size-full wp-image-13958\" src=\"https:\/\/uvbbrasil.com.br\/wp-content\/uploads\/2019\/04\/11-1.jpeg\" alt=\"\" width=\"1280\" height=\"960\" srcset=\"https:\/\/uvbbrasil.com.br\/wp-content\/uploads\/2019\/04\/11-1.jpeg 1280w, https:\/\/uvbbrasil.com.br\/wp-content\/uploads\/2019\/04\/11-1-300x225.jpeg 300w, https:\/\/uvbbrasil.com.br\/wp-content\/uploads\/2019\/04\/11-1-1024x768.jpeg 1024w, https:\/\/uvbbrasil.com.br\/wp-content\/uploads\/2019\/04\/11-1-768x576.jpeg 768w\" sizes=\"(max-width: 1280px) 100vw, 1280px\" \/><\/a><a href=\"https:\/\/uvbbrasil.com.br\/wp-content\/uploads\/2019\/04\/12-1.jpeg\"><img loading=\"lazy\" decoding=\"async\" class=\"alignleft size-full wp-image-13959\" src=\"https:\/\/uvbbrasil.com.br\/wp-content\/uploads\/2019\/04\/12-1.jpeg\" alt=\"\" width=\"1280\" height=\"960\" srcset=\"https:\/\/uvbbrasil.com.br\/wp-content\/uploads\/2019\/04\/12-1.jpeg 1280w, https:\/\/uvbbrasil.com.br\/wp-content\/uploads\/2019\/04\/12-1-300x225.jpeg 300w, https:\/\/uvbbrasil.com.br\/wp-content\/uploads\/2019\/04\/12-1-1024x768.jpeg 1024w, https:\/\/uvbbrasil.com.br\/wp-content\/uploads\/2019\/04\/12-1-768x576.jpeg 768w\" sizes=\"(max-width: 1280px) 100vw, 1280px\" \/><\/a><a href=\"https:\/\/uvbbrasil.com.br\/wp-content\/uploads\/2019\/04\/13-1.jpeg\"><img loading=\"lazy\" decoding=\"async\" class=\"alignleft size-full wp-image-13960\" src=\"https:\/\/uvbbrasil.com.br\/wp-content\/uploads\/2019\/04\/13-1.jpeg\" alt=\"\" width=\"1280\" height=\"960\" srcset=\"https:\/\/uvbbrasil.com.br\/wp-content\/uploads\/2019\/04\/13-1.jpeg 1280w, https:\/\/uvbbrasil.com.br\/wp-content\/uploads\/2019\/04\/13-1-300x225.jpeg 300w, https:\/\/uvbbrasil.com.br\/wp-content\/uploads\/2019\/04\/13-1-1024x768.jpeg 1024w, https:\/\/uvbbrasil.com.br\/wp-content\/uploads\/2019\/04\/13-1-768x576.jpeg 768w\" sizes=\"(max-width: 1280px) 100vw, 1280px\" \/><\/a><a href=\"https:\/\/uvbbrasil.com.br\/wp-content\/uploads\/2019\/04\/14-1.jpeg\"><img loading=\"lazy\" decoding=\"async\" class=\"alignleft size-full wp-image-13961\" src=\"https:\/\/uvbbrasil.com.br\/wp-content\/uploads\/2019\/04\/14-1.jpeg\" alt=\"\" width=\"1280\" height=\"960\" srcset=\"https:\/\/uvbbrasil.com.br\/wp-content\/uploads\/2019\/04\/14-1.jpeg 1280w, https:\/\/uvbbrasil.com.br\/wp-content\/uploads\/2019\/04\/14-1-300x225.jpeg 300w, https:\/\/uvbbrasil.com.br\/wp-content\/uploads\/2019\/04\/14-1-1024x768.jpeg 1024w, https:\/\/uvbbrasil.com.br\/wp-content\/uploads\/2019\/04\/14-1-768x576.jpeg 768w\" sizes=\"(max-width: 1280px) 100vw, 1280px\" \/><\/a><a href=\"https:\/\/uvbbrasil.com.br\/wp-content\/uploads\/2019\/04\/15-1.jpeg\"><img loading=\"lazy\" decoding=\"async\" class=\"alignleft size-full wp-image-13962\" src=\"https:\/\/uvbbrasil.com.br\/wp-content\/uploads\/2019\/04\/15-1.jpeg\" alt=\"\" width=\"1280\" height=\"960\" srcset=\"https:\/\/uvbbrasil.com.br\/wp-content\/uploads\/2019\/04\/15-1.jpeg 1280w, https:\/\/uvbbrasil.com.br\/wp-content\/uploads\/2019\/04\/15-1-300x225.jpeg 300w, https:\/\/uvbbrasil.com.br\/wp-content\/uploads\/2019\/04\/15-1-1024x768.jpeg 1024w, https:\/\/uvbbrasil.com.br\/wp-content\/uploads\/2019\/04\/15-1-768x576.jpeg 768w\" sizes=\"(max-width: 1280px) 100vw, 1280px\" \/><\/a><a href=\"https:\/\/uvbbrasil.com.br\/wp-content\/uploads\/2019\/04\/16-1.jpeg\"><img loading=\"lazy\" decoding=\"async\" class=\"alignleft size-full wp-image-13963\" src=\"https:\/\/uvbbrasil.com.br\/wp-content\/uploads\/2019\/04\/16-1.jpeg\" alt=\"\" width=\"1280\" height=\"960\" srcset=\"https:\/\/uvbbrasil.com.br\/wp-content\/uploads\/2019\/04\/16-1.jpeg 1280w, https:\/\/uvbbrasil.com.br\/wp-content\/uploads\/2019\/04\/16-1-300x225.jpeg 300w, https:\/\/uvbbrasil.com.br\/wp-content\/uploads\/2019\/04\/16-1-1024x768.jpeg 1024w, https:\/\/uvbbrasil.com.br\/wp-content\/uploads\/2019\/04\/16-1-768x576.jpeg 768w\" sizes=\"(max-width: 1280px) 100vw, 1280px\" \/><\/a><a href=\"https:\/\/uvbbrasil.com.br\/wp-content\/uploads\/2019\/04\/17-1.jpeg\"><img loading=\"lazy\" decoding=\"async\" class=\"alignleft size-full wp-image-13964\" src=\"https:\/\/uvbbrasil.com.br\/wp-content\/uploads\/2019\/04\/17-1.jpeg\" alt=\"\" width=\"1280\" height=\"960\" srcset=\"https:\/\/uvbbrasil.com.br\/wp-content\/uploads\/2019\/04\/17-1.jpeg 1280w, https:\/\/uvbbrasil.com.br\/wp-content\/uploads\/2019\/04\/17-1-300x225.jpeg 300w, https:\/\/uvbbrasil.com.br\/wp-content\/uploads\/2019\/04\/17-1-1024x768.jpeg 1024w, https:\/\/uvbbrasil.com.br\/wp-content\/uploads\/2019\/04\/17-1-768x576.jpeg 768w\" sizes=\"(max-width: 1280px) 100vw, 1280px\" \/><\/a><a href=\"https:\/\/uvbbrasil.com.br\/wp-content\/uploads\/2019\/04\/18-1.jpeg\"><img loading=\"lazy\" decoding=\"async\" class=\"alignleft size-full wp-image-13965\" src=\"https:\/\/uvbbrasil.com.br\/wp-content\/uploads\/2019\/04\/18-1.jpeg\" alt=\"\" width=\"1280\" height=\"960\" srcset=\"https:\/\/uvbbrasil.com.br\/wp-content\/uploads\/2019\/04\/18-1.jpeg 1280w, https:\/\/uvbbrasil.com.br\/wp-content\/uploads\/2019\/04\/18-1-300x225.jpeg 300w, https:\/\/uvbbrasil.com.br\/wp-content\/uploads\/2019\/04\/18-1-1024x768.jpeg 1024w, https:\/\/uvbbrasil.com.br\/wp-content\/uploads\/2019\/04\/18-1-768x576.jpeg 768w\" sizes=\"(max-width: 1280px) 100vw, 1280px\" \/><\/a><a href=\"https:\/\/uvbbrasil.com.br\/wp-content\/uploads\/2019\/04\/19-1.jpeg\"><img loading=\"lazy\" decoding=\"async\" class=\"alignleft size-full wp-image-13966\" src=\"https:\/\/uvbbrasil.com.br\/wp-content\/uploads\/2019\/04\/19-1.jpeg\" alt=\"\" width=\"1280\" height=\"960\" srcset=\"https:\/\/uvbbrasil.com.br\/wp-content\/uploads\/2019\/04\/19-1.jpeg 1280w, https:\/\/uvbbrasil.com.br\/wp-content\/uploads\/2019\/04\/19-1-300x225.jpeg 300w, https:\/\/uvbbrasil.com.br\/wp-content\/uploads\/2019\/04\/19-1-1024x768.jpeg 1024w, https:\/\/uvbbrasil.com.br\/wp-content\/uploads\/2019\/04\/19-1-768x576.jpeg 768w\" sizes=\"(max-width: 1280px) 100vw, 1280px\" \/><\/a><a href=\"https:\/\/uvbbrasil.com.br\/wp-content\/uploads\/2019\/04\/21-1.jpeg\"><img loading=\"lazy\" decoding=\"async\" class=\"alignleft size-full wp-image-13967\" src=\"https:\/\/uvbbrasil.com.br\/wp-content\/uploads\/2019\/04\/21-1.jpeg\" alt=\"\" width=\"1280\" height=\"960\" srcset=\"https:\/\/uvbbrasil.com.br\/wp-content\/uploads\/2019\/04\/21-1.jpeg 1280w, https:\/\/uvbbrasil.com.br\/wp-content\/uploads\/2019\/04\/21-1-300x225.jpeg 300w, https:\/\/uvbbrasil.com.br\/wp-content\/uploads\/2019\/04\/21-1-1024x768.jpeg 1024w, https:\/\/uvbbrasil.com.br\/wp-content\/uploads\/2019\/04\/21-1-768x576.jpeg 768w\" sizes=\"(max-width: 1280px) 100vw, 1280px\" \/><\/a><a href=\"https:\/\/uvbbrasil.com.br\/wp-content\/uploads\/2019\/04\/22-1.jpeg\"><img loading=\"lazy\" decoding=\"async\" class=\"alignleft size-full wp-image-13968\" src=\"https:\/\/uvbbrasil.com.br\/wp-content\/uploads\/2019\/04\/22-1.jpeg\" alt=\"\" width=\"1280\" height=\"960\" srcset=\"https:\/\/uvbbrasil.com.br\/wp-content\/uploads\/2019\/04\/22-1.jpeg 1280w, https:\/\/uvbbrasil.com.br\/wp-content\/uploads\/2019\/04\/22-1-300x225.jpeg 300w, https:\/\/uvbbrasil.com.br\/wp-content\/uploads\/2019\/04\/22-1-1024x768.jpeg 1024w, https:\/\/uvbbrasil.com.br\/wp-content\/uploads\/2019\/04\/22-1-768x576.jpeg 768w\" sizes=\"(max-width: 1280px) 100vw, 1280px\" \/><\/a><a href=\"https:\/\/uvbbrasil.com.br\/wp-content\/uploads\/2019\/04\/23-1.jpeg\"><img loading=\"lazy\" decoding=\"async\" class=\"alignleft size-full wp-image-13969\" src=\"https:\/\/uvbbrasil.com.br\/wp-content\/uploads\/2019\/04\/23-1.jpeg\" alt=\"\" width=\"1280\" height=\"960\" srcset=\"https:\/\/uvbbrasil.com.br\/wp-content\/uploads\/2019\/04\/23-1.jpeg 1280w, https:\/\/uvbbrasil.com.br\/wp-content\/uploads\/2019\/04\/23-1-300x225.jpeg 300w, https:\/\/uvbbrasil.com.br\/wp-content\/uploads\/2019\/04\/23-1-1024x768.jpeg 1024w, https:\/\/uvbbrasil.com.br\/wp-content\/uploads\/2019\/04\/23-1-768x576.jpeg 768w\" sizes=\"(max-width: 1280px) 100vw, 1280px\" \/><\/a><a href=\"https:\/\/uvbbrasil.com.br\/wp-content\/uploads\/2019\/04\/24-1.jpeg\"><img loading=\"lazy\" decoding=\"async\" class=\"alignleft size-full wp-image-13970\" src=\"https:\/\/uvbbrasil.com.br\/wp-content\/uploads\/2019\/04\/24-1.jpeg\" alt=\"\" width=\"1280\" height=\"960\" srcset=\"https:\/\/uvbbrasil.com.br\/wp-content\/uploads\/2019\/04\/24-1.jpeg 1280w, https:\/\/uvbbrasil.com.br\/wp-content\/uploads\/2019\/04\/24-1-300x225.jpeg 300w, https:\/\/uvbbrasil.com.br\/wp-content\/uploads\/2019\/04\/24-1-1024x768.jpeg 1024w, https:\/\/uvbbrasil.com.br\/wp-content\/uploads\/2019\/04\/24-1-768x576.jpeg 768w\" sizes=\"(max-width: 1280px) 100vw, 1280px\" \/><\/a><a href=\"https:\/\/uvbbrasil.com.br\/wp-content\/uploads\/2019\/04\/25-1.jpeg\"><img loading=\"lazy\" decoding=\"async\" class=\"alignleft size-full wp-image-13971\" src=\"https:\/\/uvbbrasil.com.br\/wp-content\/uploads\/2019\/04\/25-1.jpeg\" alt=\"\" width=\"1280\" height=\"960\" srcset=\"https:\/\/uvbbrasil.com.br\/wp-content\/uploads\/2019\/04\/25-1.jpeg 1280w, https:\/\/uvbbrasil.com.br\/wp-content\/uploads\/2019\/04\/25-1-300x225.jpeg 300w, https:\/\/uvbbrasil.com.br\/wp-content\/uploads\/2019\/04\/25-1-1024x768.jpeg 1024w, https:\/\/uvbbrasil.com.br\/wp-content\/uploads\/2019\/04\/25-1-768x576.jpeg 768w\" sizes=\"(max-width: 1280px) 100vw, 1280px\" \/><\/a><a href=\"https:\/\/uvbbrasil.com.br\/wp-content\/uploads\/2019\/04\/26-1.jpeg\"><img loading=\"lazy\" decoding=\"async\" class=\"alignleft size-full wp-image-13972\" src=\"https:\/\/uvbbrasil.com.br\/wp-content\/uploads\/2019\/04\/26-1.jpeg\" alt=\"\" width=\"1280\" height=\"960\" srcset=\"https:\/\/uvbbrasil.com.br\/wp-content\/uploads\/2019\/04\/26-1.jpeg 1280w, https:\/\/uvbbrasil.com.br\/wp-content\/uploads\/2019\/04\/26-1-300x225.jpeg 300w, https:\/\/uvbbrasil.com.br\/wp-content\/uploads\/2019\/04\/26-1-1024x768.jpeg 1024w, https:\/\/uvbbrasil.com.br\/wp-content\/uploads\/2019\/04\/26-1-768x576.jpeg 768w\" sizes=\"(max-width: 1280px) 100vw, 1280px\" \/><\/a><\/p>\n","protected":false},"excerpt":{"rendered":"<p>A Marcha dos Vereadores e Vereadoras seguiu com a programa\u00e7\u00e3o durante a tarde desta ter\u00e7a-feira (23) no Opera Hall, no&#8230;<\/p>\n","protected":false},"author":1,"featured_media":13963,"comment_status":"open","ping_status":"open","sticky":false,"template":"","format":"standard","meta":{"footnotes":""},"categories":[3,4],"tags":[],"class_list":["post-13947","post","type-post","status-publish","format-standard","has-post-thumbnail","hentry","category-noticias","category-home"],"yoast_head":"<!-- This site is optimized with the Yoast SEO plugin v26.7 - https:\/\/yoast.com\/wordpress\/plugins\/seo\/ -->\n<title>Primeiro dia de palestras na Marcha dos Vereadores e Vereadoras destaca a pol\u00edtica de verba indenizat\u00f3ria e a reforma da Previd\u00eancia Social - UVB Brasil<\/title>\n<meta name=\"robots\" content=\"index, follow, max-snippet:-1, max-image-preview:large, max-video-preview:-1\" \/>\n<link rel=\"canonical\" href=\"https:\/\/uvbbrasil.com.br\/primeiro-dia-de-palestras-na-marcha-dos-vereadores-e-vereadoras-destaca-politica-de-verba-indenizatoria-e-reforma-da-previdencia-social\/\" \/>\n<meta property=\"og:locale\" content=\"pt_BR\" \/>\n<meta property=\"og:type\" content=\"article\" \/>\n<meta property=\"og:title\" content=\"Primeiro dia de palestras na Marcha dos Vereadores e Vereadoras destaca a pol\u00edtica de verba indenizat\u00f3ria e a reforma da Previd\u00eancia Social - UVB Brasil\" \/>\n<meta property=\"og:description\" content=\"A Marcha dos Vereadores e Vereadoras seguiu com a programa\u00e7\u00e3o durante a tarde desta ter\u00e7a-feira (23) no Opera Hall, no...\" \/>\n<meta property=\"og:url\" content=\"https:\/\/uvbbrasil.com.br\/primeiro-dia-de-palestras-na-marcha-dos-vereadores-e-vereadoras-destaca-politica-de-verba-indenizatoria-e-reforma-da-previdencia-social\/\" \/>\n<meta property=\"og:site_name\" content=\"UVB Brasil\" \/>\n<meta property=\"article:publisher\" content=\"https:\/\/www.facebook.com\/uvb.vereadoresbrasil\" \/>\n<meta property=\"article:published_time\" content=\"2019-04-23T23:37:36+00:00\" \/>\n<meta property=\"og:image\" content=\"https:\/\/uvbbrasil.com.br\/wp-content\/uploads\/2019\/04\/16-1.jpeg\" \/>\n\t<meta property=\"og:image:width\" content=\"1280\" \/>\n\t<meta property=\"og:image:height\" content=\"960\" \/>\n\t<meta property=\"og:image:type\" content=\"image\/jpeg\" \/>\n<meta name=\"author\" content=\"adminuvb\" \/>\n<meta name=\"twitter:card\" content=\"summary_large_image\" \/>\n<meta name=\"twitter:label1\" content=\"Escrito por\" \/>\n\t<meta name=\"twitter:data1\" content=\"adminuvb\" \/>\n\t<meta name=\"twitter:label2\" content=\"Est. tempo de leitura\" \/>\n\t<meta name=\"twitter:data2\" content=\"2 minutos\" \/>\n<script type=\"application\/ld+json\" class=\"yoast-schema-graph\">{\"@context\":\"https:\/\/schema.org\",\"@graph\":[{\"@type\":\"Article\",\"@id\":\"https:\/\/uvbbrasil.com.br\/primeiro-dia-de-palestras-na-marcha-dos-vereadores-e-vereadoras-destaca-politica-de-verba-indenizatoria-e-reforma-da-previdencia-social\/#article\",\"isPartOf\":{\"@id\":\"https:\/\/uvbbrasil.com.br\/primeiro-dia-de-palestras-na-marcha-dos-vereadores-e-vereadoras-destaca-politica-de-verba-indenizatoria-e-reforma-da-previdencia-social\/\"},\"author\":{\"name\":\"adminuvb\",\"@id\":\"https:\/\/uvbbrasil.com.br\/#\/schema\/person\/17990098446c098f52effddff4f1b272\"},\"headline\":\"Primeiro dia de palestras na Marcha dos Vereadores e Vereadoras destaca a pol\u00edtica de verba indenizat\u00f3ria e a reforma da Previd\u00eancia Social\",\"datePublished\":\"2019-04-23T23:37:36+00:00\",\"mainEntityOfPage\":{\"@id\":\"https:\/\/uvbbrasil.com.br\/primeiro-dia-de-palestras-na-marcha-dos-vereadores-e-vereadoras-destaca-politica-de-verba-indenizatoria-e-reforma-da-previdencia-social\/\"},\"wordCount\":383,\"commentCount\":0,\"publisher\":{\"@id\":\"https:\/\/uvbbrasil.com.br\/#organization\"},\"image\":{\"@id\":\"https:\/\/uvbbrasil.com.br\/primeiro-dia-de-palestras-na-marcha-dos-vereadores-e-vereadoras-destaca-politica-de-verba-indenizatoria-e-reforma-da-previdencia-social\/#primaryimage\"},\"thumbnailUrl\":\"https:\/\/uvbbrasil.com.br\/wp-content\/uploads\/2019\/04\/16-1.jpeg\",\"articleSection\":[\"NOT\u00cdCIAS\",\"UVB\"],\"inLanguage\":\"pt-BR\",\"potentialAction\":[{\"@type\":\"CommentAction\",\"name\":\"Comment\",\"target\":[\"https:\/\/uvbbrasil.com.br\/primeiro-dia-de-palestras-na-marcha-dos-vereadores-e-vereadoras-destaca-politica-de-verba-indenizatoria-e-reforma-da-previdencia-social\/#respond\"]}]},{\"@type\":\"WebPage\",\"@id\":\"https:\/\/uvbbrasil.com.br\/primeiro-dia-de-palestras-na-marcha-dos-vereadores-e-vereadoras-destaca-politica-de-verba-indenizatoria-e-reforma-da-previdencia-social\/\",\"url\":\"https:\/\/uvbbrasil.com.br\/primeiro-dia-de-palestras-na-marcha-dos-vereadores-e-vereadoras-destaca-politica-de-verba-indenizatoria-e-reforma-da-previdencia-social\/\",\"name\":\"Primeiro dia de palestras na Marcha dos Vereadores e Vereadoras destaca a pol\u00edtica de verba indenizat\u00f3ria e a reforma da Previd\u00eancia Social - UVB Brasil\",\"isPartOf\":{\"@id\":\"https:\/\/uvbbrasil.com.br\/#website\"},\"primaryImageOfPage\":{\"@id\":\"https:\/\/uvbbrasil.com.br\/primeiro-dia-de-palestras-na-marcha-dos-vereadores-e-vereadoras-destaca-politica-de-verba-indenizatoria-e-reforma-da-previdencia-social\/#primaryimage\"},\"image\":{\"@id\":\"https:\/\/uvbbrasil.com.br\/primeiro-dia-de-palestras-na-marcha-dos-vereadores-e-vereadoras-destaca-politica-de-verba-indenizatoria-e-reforma-da-previdencia-social\/#primaryimage\"},\"thumbnailUrl\":\"https:\/\/uvbbrasil.com.br\/wp-content\/uploads\/2019\/04\/16-1.jpeg\",\"datePublished\":\"2019-04-23T23:37:36+00:00\",\"breadcrumb\":{\"@id\":\"https:\/\/uvbbrasil.com.br\/primeiro-dia-de-palestras-na-marcha-dos-vereadores-e-vereadoras-destaca-politica-de-verba-indenizatoria-e-reforma-da-previdencia-social\/#breadcrumb\"},\"inLanguage\":\"pt-BR\",\"potentialAction\":[{\"@type\":\"ReadAction\",\"target\":[\"https:\/\/uvbbrasil.com.br\/primeiro-dia-de-palestras-na-marcha-dos-vereadores-e-vereadoras-destaca-politica-de-verba-indenizatoria-e-reforma-da-previdencia-social\/\"]}]},{\"@type\":\"ImageObject\",\"inLanguage\":\"pt-BR\",\"@id\":\"https:\/\/uvbbrasil.com.br\/primeiro-dia-de-palestras-na-marcha-dos-vereadores-e-vereadoras-destaca-politica-de-verba-indenizatoria-e-reforma-da-previdencia-social\/#primaryimage\",\"url\":\"https:\/\/uvbbrasil.com.br\/wp-content\/uploads\/2019\/04\/16-1.jpeg\",\"contentUrl\":\"https:\/\/uvbbrasil.com.br\/wp-content\/uploads\/2019\/04\/16-1.jpeg\",\"width\":1280,\"height\":960},{\"@type\":\"BreadcrumbList\",\"@id\":\"https:\/\/uvbbrasil.com.br\/primeiro-dia-de-palestras-na-marcha-dos-vereadores-e-vereadoras-destaca-politica-de-verba-indenizatoria-e-reforma-da-previdencia-social\/#breadcrumb\",\"itemListElement\":[{\"@type\":\"ListItem\",\"position\":1,\"name\":\"In\u00edcio\",\"item\":\"https:\/\/uvbbrasil.com.br\/\"},{\"@type\":\"ListItem\",\"position\":2,\"name\":\"Primeiro dia de palestras na Marcha dos Vereadores e Vereadoras destaca a pol\u00edtica de verba indenizat\u00f3ria e a reforma da Previd\u00eancia Social\"}]},{\"@type\":\"WebSite\",\"@id\":\"https:\/\/uvbbrasil.com.br\/#website\",\"url\":\"https:\/\/uvbbrasil.com.br\/\",\"name\":\"UVB Brasil\",\"description\":\"Uni\u00e3o dos Vereadores do Brasil\",\"publisher\":{\"@id\":\"https:\/\/uvbbrasil.com.br\/#organization\"},\"potentialAction\":[{\"@type\":\"SearchAction\",\"target\":{\"@type\":\"EntryPoint\",\"urlTemplate\":\"https:\/\/uvbbrasil.com.br\/?s={search_term_string}\"},\"query-input\":{\"@type\":\"PropertyValueSpecification\",\"valueRequired\":true,\"valueName\":\"search_term_string\"}}],\"inLanguage\":\"pt-BR\"},{\"@type\":\"Organization\",\"@id\":\"https:\/\/uvbbrasil.com.br\/#organization\",\"name\":\"UVB Brasil\",\"url\":\"https:\/\/uvbbrasil.com.br\/\",\"logo\":{\"@type\":\"ImageObject\",\"inLanguage\":\"pt-BR\",\"@id\":\"https:\/\/uvbbrasil.com.br\/#\/schema\/logo\/image\/\",\"url\":\"https:\/\/uvbbrasil.com.br\/wp-content\/uploads\/2025\/01\/LOGO-UVB-2024-azul-1.jpg\",\"contentUrl\":\"https:\/\/uvbbrasil.com.br\/wp-content\/uploads\/2025\/01\/LOGO-UVB-2024-azul-1.jpg\",\"width\":600,\"height\":211,\"caption\":\"UVB Brasil\"},\"image\":{\"@id\":\"https:\/\/uvbbrasil.com.br\/#\/schema\/logo\/image\/\"},\"sameAs\":[\"https:\/\/www.facebook.com\/uvb.vereadoresbrasil\",\"https:\/\/www.instagram.com\/uvbbrasil\/\",\"https:\/\/www.youtube.com\/channel\/UCIlPQ8Xzw5GHNzosQIg9S5A\"]},{\"@type\":\"Person\",\"@id\":\"https:\/\/uvbbrasil.com.br\/#\/schema\/person\/17990098446c098f52effddff4f1b272\",\"name\":\"adminuvb\",\"image\":{\"@type\":\"ImageObject\",\"inLanguage\":\"pt-BR\",\"@id\":\"https:\/\/uvbbrasil.com.br\/#\/schema\/person\/image\/\",\"url\":\"https:\/\/secure.gravatar.com\/avatar\/1a494ea6f8e2dd1ae526e55b0e9497efdba542491e0620d704cccf63c6f77c45?s=96&d=mm&r=g\",\"contentUrl\":\"https:\/\/secure.gravatar.com\/avatar\/1a494ea6f8e2dd1ae526e55b0e9497efdba542491e0620d704cccf63c6f77c45?s=96&d=mm&r=g\",\"caption\":\"adminuvb\"},\"sameAs\":[\"https:\/\/uvbbrasil.com.br\"],\"url\":\"https:\/\/uvbbrasil.com.br\/author\/adminuvb\/\"}]}<\/script>\n<!-- \/ Yoast SEO plugin. -->","yoast_head_json":{"title":"Primeiro dia de palestras na Marcha dos Vereadores e Vereadoras destaca a pol\u00edtica de verba indenizat\u00f3ria e a reforma da Previd\u00eancia Social - UVB Brasil","robots":{"index":"index","follow":"follow","max-snippet":"max-snippet:-1","max-image-preview":"max-image-preview:large","max-video-preview":"max-video-preview:-1"},"canonical":"https:\/\/uvbbrasil.com.br\/primeiro-dia-de-palestras-na-marcha-dos-vereadores-e-vereadoras-destaca-politica-de-verba-indenizatoria-e-reforma-da-previdencia-social\/","og_locale":"pt_BR","og_type":"article","og_title":"Primeiro dia de palestras na Marcha dos Vereadores e Vereadoras destaca a pol\u00edtica de verba indenizat\u00f3ria e a reforma da Previd\u00eancia Social - UVB Brasil","og_description":"A Marcha dos Vereadores e Vereadoras seguiu com a programa\u00e7\u00e3o durante a tarde desta ter\u00e7a-feira (23) no Opera Hall, no...","og_url":"https:\/\/uvbbrasil.com.br\/primeiro-dia-de-palestras-na-marcha-dos-vereadores-e-vereadoras-destaca-politica-de-verba-indenizatoria-e-reforma-da-previdencia-social\/","og_site_name":"UVB Brasil","article_publisher":"https:\/\/www.facebook.com\/uvb.vereadoresbrasil","article_published_time":"2019-04-23T23:37:36+00:00","og_image":[{"width":1280,"height":960,"url":"https:\/\/uvbbrasil.com.br\/wp-content\/uploads\/2019\/04\/16-1.jpeg","type":"image\/jpeg"}],"author":"adminuvb","twitter_card":"summary_large_image","twitter_misc":{"Escrito por":"adminuvb","Est. tempo de leitura":"2 minutos"},"schema":{"@context":"https:\/\/schema.org","@graph":[{"@type":"Article","@id":"https:\/\/uvbbrasil.com.br\/primeiro-dia-de-palestras-na-marcha-dos-vereadores-e-vereadoras-destaca-politica-de-verba-indenizatoria-e-reforma-da-previdencia-social\/#article","isPartOf":{"@id":"https:\/\/uvbbrasil.com.br\/primeiro-dia-de-palestras-na-marcha-dos-vereadores-e-vereadoras-destaca-politica-de-verba-indenizatoria-e-reforma-da-previdencia-social\/"},"author":{"name":"adminuvb","@id":"https:\/\/uvbbrasil.com.br\/#\/schema\/person\/17990098446c098f52effddff4f1b272"},"headline":"Primeiro dia de palestras na Marcha dos Vereadores e Vereadoras destaca a pol\u00edtica de verba indenizat\u00f3ria e a reforma da Previd\u00eancia Social","datePublished":"2019-04-23T23:37:36+00:00","mainEntityOfPage":{"@id":"https:\/\/uvbbrasil.com.br\/primeiro-dia-de-palestras-na-marcha-dos-vereadores-e-vereadoras-destaca-politica-de-verba-indenizatoria-e-reforma-da-previdencia-social\/"},"wordCount":383,"commentCount":0,"publisher":{"@id":"https:\/\/uvbbrasil.com.br\/#organization"},"image":{"@id":"https:\/\/uvbbrasil.com.br\/primeiro-dia-de-palestras-na-marcha-dos-vereadores-e-vereadoras-destaca-politica-de-verba-indenizatoria-e-reforma-da-previdencia-social\/#primaryimage"},"thumbnailUrl":"https:\/\/uvbbrasil.com.br\/wp-content\/uploads\/2019\/04\/16-1.jpeg","articleSection":["NOT\u00cdCIAS","UVB"],"inLanguage":"pt-BR","potentialAction":[{"@type":"CommentAction","name":"Comment","target":["https:\/\/uvbbrasil.com.br\/primeiro-dia-de-palestras-na-marcha-dos-vereadores-e-vereadoras-destaca-politica-de-verba-indenizatoria-e-reforma-da-previdencia-social\/#respond"]}]},{"@type":"WebPage","@id":"https:\/\/uvbbrasil.com.br\/primeiro-dia-de-palestras-na-marcha-dos-vereadores-e-vereadoras-destaca-politica-de-verba-indenizatoria-e-reforma-da-previdencia-social\/","url":"https:\/\/uvbbrasil.com.br\/primeiro-dia-de-palestras-na-marcha-dos-vereadores-e-vereadoras-destaca-politica-de-verba-indenizatoria-e-reforma-da-previdencia-social\/","name":"Primeiro dia de palestras na Marcha dos Vereadores e Vereadoras destaca a pol\u00edtica de verba indenizat\u00f3ria e a reforma da Previd\u00eancia Social - UVB Brasil","isPartOf":{"@id":"https:\/\/uvbbrasil.com.br\/#website"},"primaryImageOfPage":{"@id":"https:\/\/uvbbrasil.com.br\/primeiro-dia-de-palestras-na-marcha-dos-vereadores-e-vereadoras-destaca-politica-de-verba-indenizatoria-e-reforma-da-previdencia-social\/#primaryimage"},"image":{"@id":"https:\/\/uvbbrasil.com.br\/primeiro-dia-de-palestras-na-marcha-dos-vereadores-e-vereadoras-destaca-politica-de-verba-indenizatoria-e-reforma-da-previdencia-social\/#primaryimage"},"thumbnailUrl":"https:\/\/uvbbrasil.com.br\/wp-content\/uploads\/2019\/04\/16-1.jpeg","datePublished":"2019-04-23T23:37:36+00:00","breadcrumb":{"@id":"https:\/\/uvbbrasil.com.br\/primeiro-dia-de-palestras-na-marcha-dos-vereadores-e-vereadoras-destaca-politica-de-verba-indenizatoria-e-reforma-da-previdencia-social\/#breadcrumb"},"inLanguage":"pt-BR","potentialAction":[{"@type":"ReadAction","target":["https:\/\/uvbbrasil.com.br\/primeiro-dia-de-palestras-na-marcha-dos-vereadores-e-vereadoras-destaca-politica-de-verba-indenizatoria-e-reforma-da-previdencia-social\/"]}]},{"@type":"ImageObject","inLanguage":"pt-BR","@id":"https:\/\/uvbbrasil.com.br\/primeiro-dia-de-palestras-na-marcha-dos-vereadores-e-vereadoras-destaca-politica-de-verba-indenizatoria-e-reforma-da-previdencia-social\/#primaryimage","url":"https:\/\/uvbbrasil.com.br\/wp-content\/uploads\/2019\/04\/16-1.jpeg","contentUrl":"https:\/\/uvbbrasil.com.br\/wp-content\/uploads\/2019\/04\/16-1.jpeg","width":1280,"height":960},{"@type":"BreadcrumbList","@id":"https:\/\/uvbbrasil.com.br\/primeiro-dia-de-palestras-na-marcha-dos-vereadores-e-vereadoras-destaca-politica-de-verba-indenizatoria-e-reforma-da-previdencia-social\/#breadcrumb","itemListElement":[{"@type":"ListItem","position":1,"name":"In\u00edcio","item":"https:\/\/uvbbrasil.com.br\/"},{"@type":"ListItem","position":2,"name":"Primeiro dia de palestras na Marcha dos Vereadores e Vereadoras destaca a pol\u00edtica de verba indenizat\u00f3ria e a reforma da Previd\u00eancia Social"}]},{"@type":"WebSite","@id":"https:\/\/uvbbrasil.com.br\/#website","url":"https:\/\/uvbbrasil.com.br\/","name":"UVB Brasil","description":"Uni\u00e3o dos Vereadores do Brasil","publisher":{"@id":"https:\/\/uvbbrasil.com.br\/#organization"},"potentialAction":[{"@type":"SearchAction","target":{"@type":"EntryPoint","urlTemplate":"https:\/\/uvbbrasil.com.br\/?s={search_term_string}"},"query-input":{"@type":"PropertyValueSpecification","valueRequired":true,"valueName":"search_term_string"}}],"inLanguage":"pt-BR"},{"@type":"Organization","@id":"https:\/\/uvbbrasil.com.br\/#organization","name":"UVB Brasil","url":"https:\/\/uvbbrasil.com.br\/","logo":{"@type":"ImageObject","inLanguage":"pt-BR","@id":"https:\/\/uvbbrasil.com.br\/#\/schema\/logo\/image\/","url":"https:\/\/uvbbrasil.com.br\/wp-content\/uploads\/2025\/01\/LOGO-UVB-2024-azul-1.jpg","contentUrl":"https:\/\/uvbbrasil.com.br\/wp-content\/uploads\/2025\/01\/LOGO-UVB-2024-azul-1.jpg","width":600,"height":211,"caption":"UVB Brasil"},"image":{"@id":"https:\/\/uvbbrasil.com.br\/#\/schema\/logo\/image\/"},"sameAs":["https:\/\/www.facebook.com\/uvb.vereadoresbrasil","https:\/\/www.instagram.com\/uvbbrasil\/","https:\/\/www.youtube.com\/channel\/UCIlPQ8Xzw5GHNzosQIg9S5A"]},{"@type":"Person","@id":"https:\/\/uvbbrasil.com.br\/#\/schema\/person\/17990098446c098f52effddff4f1b272","name":"adminuvb","image":{"@type":"ImageObject","inLanguage":"pt-BR","@id":"https:\/\/uvbbrasil.com.br\/#\/schema\/person\/image\/","url":"https:\/\/secure.gravatar.com\/avatar\/1a494ea6f8e2dd1ae526e55b0e9497efdba542491e0620d704cccf63c6f77c45?s=96&d=mm&r=g","contentUrl":"https:\/\/secure.gravatar.com\/avatar\/1a494ea6f8e2dd1ae526e55b0e9497efdba542491e0620d704cccf63c6f77c45?s=96&d=mm&r=g","caption":"adminuvb"},"sameAs":["https:\/\/uvbbrasil.com.br"],"url":"https:\/\/uvbbrasil.com.br\/author\/adminuvb\/"}]}},"_links":{"self":[{"href":"https:\/\/uvbbrasil.com.br\/uvb-json\/wp\/v2\/posts\/13947","targetHints":{"allow":["GET"]}}],"collection":[{"href":"https:\/\/uvbbrasil.com.br\/uvb-json\/wp\/v2\/posts"}],"about":[{"href":"https:\/\/uvbbrasil.com.br\/uvb-json\/wp\/v2\/types\/post"}],"author":[{"embeddable":true,"href":"https:\/\/uvbbrasil.com.br\/uvb-json\/wp\/v2\/users\/1"}],"replies":[{"embeddable":true,"href":"https:\/\/uvbbrasil.com.br\/uvb-json\/wp\/v2\/comments?post=13947"}],"version-history":[{"count":0,"href":"https:\/\/uvbbrasil.com.br\/uvb-json\/wp\/v2\/posts\/13947\/revisions"}],"wp:featuredmedia":[{"embeddable":true,"href":"https:\/\/uvbbrasil.com.br\/uvb-json\/wp\/v2\/media\/13963"}],"wp:attachment":[{"href":"https:\/\/uvbbrasil.com.br\/uvb-json\/wp\/v2\/media?parent=13947"}],"wp:term":[{"taxonomy":"category","embeddable":true,"href":"https:\/\/uvbbrasil.com.br\/uvb-json\/wp\/v2\/categories?post=13947"},{"taxonomy":"post_tag","embeddable":true,"href":"https:\/\/uvbbrasil.com.br\/uvb-json\/wp\/v2\/tags?post=13947"}],"curies":[{"name":"wp","href":"https:\/\/api.w.org\/{rel}","templated":true}]}}