{"id":13915,"date":"2019-04-23T15:20:42","date_gmt":"2019-04-23T18:20:42","guid":{"rendered":"https:\/\/wpsandbox4.pante.com.br\/?p=13915"},"modified":"2019-04-23T15:20:42","modified_gmt":"2019-04-23T18:20:42","slug":"marcha-dos-vereadores-2","status":"publish","type":"post","link":"https:\/\/uvbbrasil.com.br\/marcha-dos-vereadores-2\/","title":{"rendered":"Marcha dos Vereadores"},"content":{"rendered":"<p>Discursos de luta e uni\u00e3o marcam o lan\u00e7amento da Frente Parlamentar Mista pelo Fortalecimento dos Legislativos Municipais<\/p>\n<p>A Frente Parlamentar Mista pelo Fortalecimento dos Legislativos Municipais lan\u00e7ada na manh\u00e3 desta ter\u00e7a-feira (23) contou com a presen\u00e7a de diversas entidades ligadas ao tema, incluindo o presidente da Uni\u00e3o dos Vereadores do Brasil (UVB), Gilson Conzatti. O evento aconteceu no Sal\u00e3o Nobre da C\u00e2mara dos Deputados e marca o in\u00edcio da Marcha dos Vereadores e Vereadoras 2019. A Frente ser\u00e1 presidida pela deputada do Amap\u00e1, Aline Gurgel (PRB).<\/p>\n<p>O evento foi palco para legisladores municipais destacarem que s\u00e3o os porta-vozes mais pr\u00f3ximos do povo brasileiro. O papel da Frente ser\u00e1 al\u00e9m do fortalecimento da classe, tamb\u00e9m a luta pelo reconhecimento da categoria.<\/p>\n<p>O pa\u00eds possui mais de 57 mil vereadores, que juntos com os prefeitos de cada um dos mais de 5 mil e 500 munic\u00edpio s\u00e3o respons\u00e1veis pelas demandas e leis de cada cidade. \u201cSomos a maior for\u00e7a pol\u00edtica desse pa\u00eds e ainda assim precisamos gritar bem alto para mostrar a nossa import\u00e2ncia. Os vereadores n\u00e3o servem apenas para eleger deputados, servem tamb\u00e9m, para trabalhar pelo pa\u00eds.\u201d, esclarece Gilson Conzatti sobre as dificuldades enfrentadas pela categoria diante da desvaloriza\u00e7\u00e3o do poder p\u00fablico aos mesmos.<\/p>\n<p>Durante a fala da deputada Aline Gurgel foi refor\u00e7ada a import\u00e2ncia da Frente para a contribui\u00e7\u00e3o do papel dos vereadores no governo, que segundo ela, \u00e9 uma classe injusti\u00e7ada. \u201c\u00c9 importante permanecermos unidos, os vereadores s\u00e3o parte importante do poder p\u00fablico. Eles ganham menos, n\u00e3o tem boas condi\u00e7\u00f5es de trabalho e mesmo assim n\u00e3o se acovardam\u201d, afirma.<\/p>\n<p>O evento tamb\u00e9m foi marcado pela luta feminina das vereadoras que s\u00e3o minoria no poder legislativo municipal e lutam para quebrar barreiras e conquistar um lugar de fala dentro da pol\u00edtica. \u201cSomos minoria entre os vereadores, assim como em todo o poder p\u00fablico, lutamos por mais sororidade e respeito para n\u00f3s e para todas as mulheres que se sentem representadas por n\u00f3s\u201d, explicou Patriciana Guimar\u00e3es (PRB), vereadora do Macap\u00e1.<\/p>\n<p>Os participantes do lan\u00e7amento da Frente ainda estar\u00e3o reunidos pelos pr\u00f3ximos dias para dar continuidade \u00e0 Marcha dos Vereadores e Vereadoras.<\/p>\n<p><a href=\"https:\/\/uvbbrasil.com.br\/wp-content\/uploads\/2019\/04\/7.jpeg\"><img fetchpriority=\"high\" decoding=\"async\" class=\"alignleft size-full wp-image-13922\" src=\"https:\/\/uvbbrasil.com.br\/wp-content\/uploads\/2019\/04\/7.jpeg\" alt=\"\" width=\"1280\" height=\"960\" srcset=\"https:\/\/uvbbrasil.com.br\/wp-content\/uploads\/2019\/04\/7.jpeg 1280w, https:\/\/uvbbrasil.com.br\/wp-content\/uploads\/2019\/04\/7-300x225.jpeg 300w, https:\/\/uvbbrasil.com.br\/wp-content\/uploads\/2019\/04\/7-1024x768.jpeg 1024w, https:\/\/uvbbrasil.com.br\/wp-content\/uploads\/2019\/04\/7-768x576.jpeg 768w\" sizes=\"(max-width: 1280px) 100vw, 1280px\" \/><\/a><a href=\"https:\/\/uvbbrasil.com.br\/wp-content\/uploads\/2019\/04\/8.jpeg\"><img decoding=\"async\" class=\"alignleft size-full wp-image-13923\" src=\"https:\/\/uvbbrasil.com.br\/wp-content\/uploads\/2019\/04\/8.jpeg\" alt=\"\" width=\"1280\" height=\"960\" srcset=\"https:\/\/uvbbrasil.com.br\/wp-content\/uploads\/2019\/04\/8.jpeg 1280w, https:\/\/uvbbrasil.com.br\/wp-content\/uploads\/2019\/04\/8-300x225.jpeg 300w, https:\/\/uvbbrasil.com.br\/wp-content\/uploads\/2019\/04\/8-1024x768.jpeg 1024w, https:\/\/uvbbrasil.com.br\/wp-content\/uploads\/2019\/04\/8-768x576.jpeg 768w\" sizes=\"(max-width: 1280px) 100vw, 1280px\" \/><\/a><a href=\"https:\/\/uvbbrasil.com.br\/wp-content\/uploads\/2019\/04\/9.jpeg\"><img decoding=\"async\" class=\"alignleft size-full wp-image-13924\" src=\"https:\/\/uvbbrasil.com.br\/wp-content\/uploads\/2019\/04\/9.jpeg\" alt=\"\" width=\"1280\" height=\"960\" srcset=\"https:\/\/uvbbrasil.com.br\/wp-content\/uploads\/2019\/04\/9.jpeg 1280w, https:\/\/uvbbrasil.com.br\/wp-content\/uploads\/2019\/04\/9-300x225.jpeg 300w, https:\/\/uvbbrasil.com.br\/wp-content\/uploads\/2019\/04\/9-1024x768.jpeg 1024w, https:\/\/uvbbrasil.com.br\/wp-content\/uploads\/2019\/04\/9-768x576.jpeg 768w\" sizes=\"(max-width: 1280px) 100vw, 1280px\" \/><\/a><a href=\"https:\/\/uvbbrasil.com.br\/wp-content\/uploads\/2019\/04\/10.jpeg\"><img loading=\"lazy\" decoding=\"async\" class=\"alignleft size-full wp-image-13925\" src=\"https:\/\/uvbbrasil.com.br\/wp-content\/uploads\/2019\/04\/10.jpeg\" alt=\"\" width=\"1280\" height=\"960\" srcset=\"https:\/\/uvbbrasil.com.br\/wp-content\/uploads\/2019\/04\/10.jpeg 1280w, https:\/\/uvbbrasil.com.br\/wp-content\/uploads\/2019\/04\/10-300x225.jpeg 300w, https:\/\/uvbbrasil.com.br\/wp-content\/uploads\/2019\/04\/10-1024x768.jpeg 1024w, https:\/\/uvbbrasil.com.br\/wp-content\/uploads\/2019\/04\/10-768x576.jpeg 768w\" sizes=\"(max-width: 1280px) 100vw, 1280px\" \/><\/a><a href=\"https:\/\/uvbbrasil.com.br\/wp-content\/uploads\/2019\/04\/11.jpeg\"><img loading=\"lazy\" decoding=\"async\" class=\"alignleft size-full wp-image-13926\" src=\"https:\/\/uvbbrasil.com.br\/wp-content\/uploads\/2019\/04\/11.jpeg\" alt=\"\" width=\"1280\" height=\"960\" srcset=\"https:\/\/uvbbrasil.com.br\/wp-content\/uploads\/2019\/04\/11.jpeg 1280w, https:\/\/uvbbrasil.com.br\/wp-content\/uploads\/2019\/04\/11-300x225.jpeg 300w, https:\/\/uvbbrasil.com.br\/wp-content\/uploads\/2019\/04\/11-1024x768.jpeg 1024w, https:\/\/uvbbrasil.com.br\/wp-content\/uploads\/2019\/04\/11-768x576.jpeg 768w\" sizes=\"(max-width: 1280px) 100vw, 1280px\" \/><\/a><a href=\"https:\/\/uvbbrasil.com.br\/wp-content\/uploads\/2019\/04\/12.jpeg\"><img loading=\"lazy\" decoding=\"async\" class=\"alignleft size-full wp-image-13927\" src=\"https:\/\/uvbbrasil.com.br\/wp-content\/uploads\/2019\/04\/12.jpeg\" alt=\"\" width=\"1280\" height=\"960\" srcset=\"https:\/\/uvbbrasil.com.br\/wp-content\/uploads\/2019\/04\/12.jpeg 1280w, https:\/\/uvbbrasil.com.br\/wp-content\/uploads\/2019\/04\/12-300x225.jpeg 300w, https:\/\/uvbbrasil.com.br\/wp-content\/uploads\/2019\/04\/12-1024x768.jpeg 1024w, https:\/\/uvbbrasil.com.br\/wp-content\/uploads\/2019\/04\/12-768x576.jpeg 768w\" sizes=\"(max-width: 1280px) 100vw, 1280px\" \/><\/a><a href=\"https:\/\/uvbbrasil.com.br\/wp-content\/uploads\/2019\/04\/13.jpeg\"><img loading=\"lazy\" decoding=\"async\" class=\"alignleft size-full wp-image-13928\" src=\"https:\/\/uvbbrasil.com.br\/wp-content\/uploads\/2019\/04\/13.jpeg\" alt=\"\" width=\"1280\" height=\"960\" srcset=\"https:\/\/uvbbrasil.com.br\/wp-content\/uploads\/2019\/04\/13.jpeg 1280w, https:\/\/uvbbrasil.com.br\/wp-content\/uploads\/2019\/04\/13-300x225.jpeg 300w, https:\/\/uvbbrasil.com.br\/wp-content\/uploads\/2019\/04\/13-1024x768.jpeg 1024w, https:\/\/uvbbrasil.com.br\/wp-content\/uploads\/2019\/04\/13-768x576.jpeg 768w\" sizes=\"(max-width: 1280px) 100vw, 1280px\" \/><\/a><\/p>\n<p><a href=\"https:\/\/uvbbrasil.com.br\/wp-content\/uploads\/2019\/04\/18.jpeg\"><img loading=\"lazy\" decoding=\"async\" class=\"alignleft size-full wp-image-13933\" src=\"https:\/\/uvbbrasil.com.br\/wp-content\/uploads\/2019\/04\/18.jpeg\" alt=\"\" width=\"1280\" height=\"960\" srcset=\"https:\/\/uvbbrasil.com.br\/wp-content\/uploads\/2019\/04\/18.jpeg 1280w, https:\/\/uvbbrasil.com.br\/wp-content\/uploads\/2019\/04\/18-300x225.jpeg 300w, https:\/\/uvbbrasil.com.br\/wp-content\/uploads\/2019\/04\/18-1024x768.jpeg 1024w, https:\/\/uvbbrasil.com.br\/wp-content\/uploads\/2019\/04\/18-768x576.jpeg 768w\" sizes=\"(max-width: 1280px) 100vw, 1280px\" \/><\/a><a href=\"https:\/\/uvbbrasil.com.br\/wp-content\/uploads\/2019\/04\/19.jpeg\"><img loading=\"lazy\" decoding=\"async\" class=\"alignleft size-full wp-image-13934\" src=\"https:\/\/uvbbrasil.com.br\/wp-content\/uploads\/2019\/04\/19.jpeg\" alt=\"\" width=\"1280\" height=\"960\" srcset=\"https:\/\/uvbbrasil.com.br\/wp-content\/uploads\/2019\/04\/19.jpeg 1280w, https:\/\/uvbbrasil.com.br\/wp-content\/uploads\/2019\/04\/19-300x225.jpeg 300w, https:\/\/uvbbrasil.com.br\/wp-content\/uploads\/2019\/04\/19-1024x768.jpeg 1024w, https:\/\/uvbbrasil.com.br\/wp-content\/uploads\/2019\/04\/19-768x576.jpeg 768w\" sizes=\"(max-width: 1280px) 100vw, 1280px\" \/><\/a><a href=\"https:\/\/uvbbrasil.com.br\/wp-content\/uploads\/2019\/04\/20.jpeg\"><img loading=\"lazy\" decoding=\"async\" class=\"alignleft size-full wp-image-13935\" src=\"https:\/\/uvbbrasil.com.br\/wp-content\/uploads\/2019\/04\/20.jpeg\" alt=\"\" width=\"1280\" height=\"960\" srcset=\"https:\/\/uvbbrasil.com.br\/wp-content\/uploads\/2019\/04\/20.jpeg 1280w, https:\/\/uvbbrasil.com.br\/wp-content\/uploads\/2019\/04\/20-300x225.jpeg 300w, https:\/\/uvbbrasil.com.br\/wp-content\/uploads\/2019\/04\/20-1024x768.jpeg 1024w, https:\/\/uvbbrasil.com.br\/wp-content\/uploads\/2019\/04\/20-768x576.jpeg 768w\" sizes=\"(max-width: 1280px) 100vw, 1280px\" \/><\/a><a href=\"https:\/\/uvbbrasil.com.br\/wp-content\/uploads\/2019\/04\/21.jpeg\"><img loading=\"lazy\" decoding=\"async\" class=\"alignleft size-full wp-image-13936\" src=\"https:\/\/uvbbrasil.com.br\/wp-content\/uploads\/2019\/04\/21.jpeg\" alt=\"\" width=\"1280\" height=\"960\" srcset=\"https:\/\/uvbbrasil.com.br\/wp-content\/uploads\/2019\/04\/21.jpeg 1280w, https:\/\/uvbbrasil.com.br\/wp-content\/uploads\/2019\/04\/21-300x225.jpeg 300w, https:\/\/uvbbrasil.com.br\/wp-content\/uploads\/2019\/04\/21-1024x768.jpeg 1024w, https:\/\/uvbbrasil.com.br\/wp-content\/uploads\/2019\/04\/21-768x576.jpeg 768w\" sizes=\"(max-width: 1280px) 100vw, 1280px\" \/><\/a><a href=\"https:\/\/uvbbrasil.com.br\/wp-content\/uploads\/2019\/04\/22.jpeg\"><img loading=\"lazy\" decoding=\"async\" class=\"alignleft size-full wp-image-13937\" src=\"https:\/\/uvbbrasil.com.br\/wp-content\/uploads\/2019\/04\/22.jpeg\" alt=\"\" width=\"1280\" height=\"960\" srcset=\"https:\/\/uvbbrasil.com.br\/wp-content\/uploads\/2019\/04\/22.jpeg 1280w, https:\/\/uvbbrasil.com.br\/wp-content\/uploads\/2019\/04\/22-300x225.jpeg 300w, https:\/\/uvbbrasil.com.br\/wp-content\/uploads\/2019\/04\/22-1024x768.jpeg 1024w, https:\/\/uvbbrasil.com.br\/wp-content\/uploads\/2019\/04\/22-768x576.jpeg 768w\" sizes=\"(max-width: 1280px) 100vw, 1280px\" \/><\/a><a href=\"https:\/\/uvbbrasil.com.br\/wp-content\/uploads\/2019\/04\/23.jpeg\"><img loading=\"lazy\" decoding=\"async\" class=\"alignleft size-full wp-image-13938\" src=\"https:\/\/uvbbrasil.com.br\/wp-content\/uploads\/2019\/04\/23.jpeg\" alt=\"\" width=\"960\" height=\"1280\" srcset=\"https:\/\/uvbbrasil.com.br\/wp-content\/uploads\/2019\/04\/23.jpeg 960w, https:\/\/uvbbrasil.com.br\/wp-content\/uploads\/2019\/04\/23-225x300.jpeg 225w, https:\/\/uvbbrasil.com.br\/wp-content\/uploads\/2019\/04\/23-768x1024.jpeg 768w\" sizes=\"(max-width: 960px) 100vw, 960px\" \/><\/a><a href=\"https:\/\/uvbbrasil.com.br\/wp-content\/uploads\/2019\/04\/24.jpeg\"><img loading=\"lazy\" decoding=\"async\" class=\"alignleft size-full wp-image-13939\" src=\"https:\/\/uvbbrasil.com.br\/wp-content\/uploads\/2019\/04\/24.jpeg\" alt=\"\" width=\"1280\" height=\"960\" srcset=\"https:\/\/uvbbrasil.com.br\/wp-content\/uploads\/2019\/04\/24.jpeg 1280w, https:\/\/uvbbrasil.com.br\/wp-content\/uploads\/2019\/04\/24-300x225.jpeg 300w, https:\/\/uvbbrasil.com.br\/wp-content\/uploads\/2019\/04\/24-1024x768.jpeg 1024w, https:\/\/uvbbrasil.com.br\/wp-content\/uploads\/2019\/04\/24-768x576.jpeg 768w\" sizes=\"(max-width: 1280px) 100vw, 1280px\" \/><\/a><a href=\"https:\/\/uvbbrasil.com.br\/wp-content\/uploads\/2019\/04\/25.jpeg\"><img loading=\"lazy\" decoding=\"async\" class=\"alignleft size-full wp-image-13940\" src=\"https:\/\/uvbbrasil.com.br\/wp-content\/uploads\/2019\/04\/25.jpeg\" alt=\"\" width=\"1280\" height=\"960\" srcset=\"https:\/\/uvbbrasil.com.br\/wp-content\/uploads\/2019\/04\/25.jpeg 1280w, https:\/\/uvbbrasil.com.br\/wp-content\/uploads\/2019\/04\/25-300x225.jpeg 300w, https:\/\/uvbbrasil.com.br\/wp-content\/uploads\/2019\/04\/25-1024x768.jpeg 1024w, https:\/\/uvbbrasil.com.br\/wp-content\/uploads\/2019\/04\/25-768x576.jpeg 768w\" sizes=\"(max-width: 1280px) 100vw, 1280px\" \/><\/a><a href=\"https:\/\/uvbbrasil.com.br\/wp-content\/uploads\/2019\/04\/26.jpeg\"><img loading=\"lazy\" decoding=\"async\" class=\"alignleft size-full wp-image-13941\" src=\"https:\/\/uvbbrasil.com.br\/wp-content\/uploads\/2019\/04\/26.jpeg\" alt=\"\" width=\"1280\" height=\"960\" srcset=\"https:\/\/uvbbrasil.com.br\/wp-content\/uploads\/2019\/04\/26.jpeg 1280w, https:\/\/uvbbrasil.com.br\/wp-content\/uploads\/2019\/04\/26-300x225.jpeg 300w, https:\/\/uvbbrasil.com.br\/wp-content\/uploads\/2019\/04\/26-1024x768.jpeg 1024w, https:\/\/uvbbrasil.com.br\/wp-content\/uploads\/2019\/04\/26-768x576.jpeg 768w\" sizes=\"(max-width: 1280px) 100vw, 1280px\" \/><\/a><a href=\"https:\/\/uvbbrasil.com.br\/wp-content\/uploads\/2019\/04\/27.jpeg\"><img loading=\"lazy\" decoding=\"async\" class=\"alignleft size-full wp-image-13942\" src=\"https:\/\/uvbbrasil.com.br\/wp-content\/uploads\/2019\/04\/27.jpeg\" alt=\"\" width=\"1280\" height=\"960\" srcset=\"https:\/\/uvbbrasil.com.br\/wp-content\/uploads\/2019\/04\/27.jpeg 1280w, https:\/\/uvbbrasil.com.br\/wp-content\/uploads\/2019\/04\/27-300x225.jpeg 300w, https:\/\/uvbbrasil.com.br\/wp-content\/uploads\/2019\/04\/27-1024x768.jpeg 1024w, https:\/\/uvbbrasil.com.br\/wp-content\/uploads\/2019\/04\/27-768x576.jpeg 768w\" sizes=\"(max-width: 1280px) 100vw, 1280px\" \/><\/a><a href=\"https:\/\/uvbbrasil.com.br\/wp-content\/uploads\/2019\/04\/28.jpeg\"><img loading=\"lazy\" decoding=\"async\" class=\"alignleft size-full wp-image-13943\" src=\"https:\/\/uvbbrasil.com.br\/wp-content\/uploads\/2019\/04\/28.jpeg\" alt=\"\" width=\"1280\" height=\"960\" srcset=\"https:\/\/uvbbrasil.com.br\/wp-content\/uploads\/2019\/04\/28.jpeg 1280w, https:\/\/uvbbrasil.com.br\/wp-content\/uploads\/2019\/04\/28-300x225.jpeg 300w, https:\/\/uvbbrasil.com.br\/wp-content\/uploads\/2019\/04\/28-1024x768.jpeg 1024w, https:\/\/uvbbrasil.com.br\/wp-content\/uploads\/2019\/04\/28-768x576.jpeg 768w\" sizes=\"(max-width: 1280px) 100vw, 1280px\" \/><\/a><a href=\"https:\/\/uvbbrasil.com.br\/wp-content\/uploads\/2019\/04\/29.jpeg\"><img loading=\"lazy\" decoding=\"async\" class=\"alignleft size-full wp-image-13944\" src=\"https:\/\/uvbbrasil.com.br\/wp-content\/uploads\/2019\/04\/29.jpeg\" alt=\"\" width=\"1280\" height=\"960\" srcset=\"https:\/\/uvbbrasil.com.br\/wp-content\/uploads\/2019\/04\/29.jpeg 1280w, https:\/\/uvbbrasil.com.br\/wp-content\/uploads\/2019\/04\/29-300x225.jpeg 300w, https:\/\/uvbbrasil.com.br\/wp-content\/uploads\/2019\/04\/29-1024x768.jpeg 1024w, https:\/\/uvbbrasil.com.br\/wp-content\/uploads\/2019\/04\/29-768x576.jpeg 768w\" sizes=\"(max-width: 1280px) 100vw, 1280px\" \/><\/a><a href=\"https:\/\/uvbbrasil.com.br\/wp-content\/uploads\/2019\/04\/30.jpeg\"><img loading=\"lazy\" decoding=\"async\" class=\"alignleft size-full wp-image-13945\" src=\"https:\/\/uvbbrasil.com.br\/wp-content\/uploads\/2019\/04\/30.jpeg\" alt=\"\" width=\"1280\" height=\"960\" srcset=\"https:\/\/uvbbrasil.com.br\/wp-content\/uploads\/2019\/04\/30.jpeg 1280w, https:\/\/uvbbrasil.com.br\/wp-content\/uploads\/2019\/04\/30-300x225.jpeg 300w, https:\/\/uvbbrasil.com.br\/wp-content\/uploads\/2019\/04\/30-1024x768.jpeg 1024w, https:\/\/uvbbrasil.com.br\/wp-content\/uploads\/2019\/04\/30-768x576.jpeg 768w\" sizes=\"(max-width: 1280px) 100vw, 1280px\" \/><\/a><a href=\"https:\/\/uvbbrasil.com.br\/wp-content\/uploads\/2019\/04\/16.jpeg\"><img loading=\"lazy\" decoding=\"async\" class=\"alignleft size-full wp-image-13931\" src=\"https:\/\/uvbbrasil.com.br\/wp-content\/uploads\/2019\/04\/16.jpeg\" alt=\"\" width=\"1280\" height=\"960\" srcset=\"https:\/\/uvbbrasil.com.br\/wp-content\/uploads\/2019\/04\/16.jpeg 1280w, https:\/\/uvbbrasil.com.br\/wp-content\/uploads\/2019\/04\/16-300x225.jpeg 300w, https:\/\/uvbbrasil.com.br\/wp-content\/uploads\/2019\/04\/16-1024x768.jpeg 1024w, https:\/\/uvbbrasil.com.br\/wp-content\/uploads\/2019\/04\/16-768x576.jpeg 768w\" sizes=\"(max-width: 1280px) 100vw, 1280px\" \/><\/a><a href=\"https:\/\/uvbbrasil.com.br\/wp-content\/uploads\/2019\/04\/17.jpeg\"><img loading=\"lazy\" decoding=\"async\" class=\"alignleft size-full wp-image-13932\" src=\"https:\/\/uvbbrasil.com.br\/wp-content\/uploads\/2019\/04\/17.jpeg\" alt=\"\" width=\"1280\" height=\"960\" srcset=\"https:\/\/uvbbrasil.com.br\/wp-content\/uploads\/2019\/04\/17.jpeg 1280w, https:\/\/uvbbrasil.com.br\/wp-content\/uploads\/2019\/04\/17-300x225.jpeg 300w, https:\/\/uvbbrasil.com.br\/wp-content\/uploads\/2019\/04\/17-1024x768.jpeg 1024w, https:\/\/uvbbrasil.com.br\/wp-content\/uploads\/2019\/04\/17-768x576.jpeg 768w\" sizes=\"(max-width: 1280px) 100vw, 1280px\" \/><\/a><a href=\"https:\/\/uvbbrasil.com.br\/wp-content\/uploads\/2019\/04\/14.jpeg\"><img loading=\"lazy\" decoding=\"async\" class=\"alignleft size-full wp-image-13929\" src=\"https:\/\/uvbbrasil.com.br\/wp-content\/uploads\/2019\/04\/14.jpeg\" alt=\"\" width=\"1280\" height=\"960\" srcset=\"https:\/\/uvbbrasil.com.br\/wp-content\/uploads\/2019\/04\/14.jpeg 1280w, https:\/\/uvbbrasil.com.br\/wp-content\/uploads\/2019\/04\/14-300x225.jpeg 300w, https:\/\/uvbbrasil.com.br\/wp-content\/uploads\/2019\/04\/14-1024x768.jpeg 1024w, https:\/\/uvbbrasil.com.br\/wp-content\/uploads\/2019\/04\/14-768x576.jpeg 768w\" sizes=\"(max-width: 1280px) 100vw, 1280px\" \/><\/a><a href=\"https:\/\/uvbbrasil.com.br\/wp-content\/uploads\/2019\/04\/15.jpeg\"><img loading=\"lazy\" decoding=\"async\" class=\"alignleft size-full wp-image-13930\" src=\"https:\/\/uvbbrasil.com.br\/wp-content\/uploads\/2019\/04\/15.jpeg\" alt=\"\" width=\"1280\" height=\"960\" srcset=\"https:\/\/uvbbrasil.com.br\/wp-content\/uploads\/2019\/04\/15.jpeg 1280w, https:\/\/uvbbrasil.com.br\/wp-content\/uploads\/2019\/04\/15-300x225.jpeg 300w, https:\/\/uvbbrasil.com.br\/wp-content\/uploads\/2019\/04\/15-1024x768.jpeg 1024w, https:\/\/uvbbrasil.com.br\/wp-content\/uploads\/2019\/04\/15-768x576.jpeg 768w\" sizes=\"(max-width: 1280px) 100vw, 1280px\" \/><\/a><\/p>\n<p>&nbsp;<\/p>\n<p>&nbsp;<\/p>\n<p><a href=\"https:\/\/uvbbrasil.com.br\/wp-content\/uploads\/2019\/04\/1.jpeg\"><img loading=\"lazy\" decoding=\"async\" class=\"alignleft size-full wp-image-13916\" src=\"https:\/\/uvbbrasil.com.br\/wp-content\/uploads\/2019\/04\/1.jpeg\" alt=\"\" width=\"1280\" height=\"960\" srcset=\"https:\/\/uvbbrasil.com.br\/wp-content\/uploads\/2019\/04\/1.jpeg 1280w, https:\/\/uvbbrasil.com.br\/wp-content\/uploads\/2019\/04\/1-300x225.jpeg 300w, https:\/\/uvbbrasil.com.br\/wp-content\/uploads\/2019\/04\/1-1024x768.jpeg 1024w, https:\/\/uvbbrasil.com.br\/wp-content\/uploads\/2019\/04\/1-768x576.jpeg 768w\" sizes=\"(max-width: 1280px) 100vw, 1280px\" \/><\/a><a href=\"https:\/\/uvbbrasil.com.br\/wp-content\/uploads\/2019\/04\/2.jpeg\"><img loading=\"lazy\" decoding=\"async\" class=\"alignleft size-full wp-image-13917\" src=\"https:\/\/uvbbrasil.com.br\/wp-content\/uploads\/2019\/04\/2.jpeg\" alt=\"\" width=\"960\" height=\"1280\" srcset=\"https:\/\/uvbbrasil.com.br\/wp-content\/uploads\/2019\/04\/2.jpeg 960w, https:\/\/uvbbrasil.com.br\/wp-content\/uploads\/2019\/04\/2-225x300.jpeg 225w, https:\/\/uvbbrasil.com.br\/wp-content\/uploads\/2019\/04\/2-768x1024.jpeg 768w\" sizes=\"(max-width: 960px) 100vw, 960px\" \/><\/a><a href=\"https:\/\/uvbbrasil.com.br\/wp-content\/uploads\/2019\/04\/3.jpeg\"><img loading=\"lazy\" decoding=\"async\" class=\"alignleft size-full wp-image-13918\" src=\"https:\/\/uvbbrasil.com.br\/wp-content\/uploads\/2019\/04\/3.jpeg\" alt=\"\" width=\"1280\" height=\"960\" srcset=\"https:\/\/uvbbrasil.com.br\/wp-content\/uploads\/2019\/04\/3.jpeg 1280w, https:\/\/uvbbrasil.com.br\/wp-content\/uploads\/2019\/04\/3-300x225.jpeg 300w, https:\/\/uvbbrasil.com.br\/wp-content\/uploads\/2019\/04\/3-1024x768.jpeg 1024w, https:\/\/uvbbrasil.com.br\/wp-content\/uploads\/2019\/04\/3-768x576.jpeg 768w\" sizes=\"(max-width: 1280px) 100vw, 1280px\" \/><\/a><a href=\"https:\/\/uvbbrasil.com.br\/wp-content\/uploads\/2019\/04\/4.jpeg\"><img loading=\"lazy\" decoding=\"async\" class=\"alignleft size-full wp-image-13919\" src=\"https:\/\/uvbbrasil.com.br\/wp-content\/uploads\/2019\/04\/4.jpeg\" alt=\"\" width=\"1280\" height=\"960\" srcset=\"https:\/\/uvbbrasil.com.br\/wp-content\/uploads\/2019\/04\/4.jpeg 1280w, https:\/\/uvbbrasil.com.br\/wp-content\/uploads\/2019\/04\/4-300x225.jpeg 300w, https:\/\/uvbbrasil.com.br\/wp-content\/uploads\/2019\/04\/4-1024x768.jpeg 1024w, https:\/\/uvbbrasil.com.br\/wp-content\/uploads\/2019\/04\/4-768x576.jpeg 768w\" sizes=\"(max-width: 1280px) 100vw, 1280px\" \/><\/a><a href=\"https:\/\/uvbbrasil.com.br\/wp-content\/uploads\/2019\/04\/5.jpeg\"><img loading=\"lazy\" decoding=\"async\" class=\"alignleft size-full wp-image-13920\" src=\"https:\/\/uvbbrasil.com.br\/wp-content\/uploads\/2019\/04\/5.jpeg\" alt=\"\" width=\"1280\" height=\"960\" srcset=\"https:\/\/uvbbrasil.com.br\/wp-content\/uploads\/2019\/04\/5.jpeg 1280w, https:\/\/uvbbrasil.com.br\/wp-content\/uploads\/2019\/04\/5-300x225.jpeg 300w, https:\/\/uvbbrasil.com.br\/wp-content\/uploads\/2019\/04\/5-1024x768.jpeg 1024w, https:\/\/uvbbrasil.com.br\/wp-content\/uploads\/2019\/04\/5-768x576.jpeg 768w\" sizes=\"(max-width: 1280px) 100vw, 1280px\" \/><\/a><a href=\"https:\/\/uvbbrasil.com.br\/wp-content\/uploads\/2019\/04\/6.jpeg\"><img loading=\"lazy\" decoding=\"async\" class=\"alignleft size-full wp-image-13921\" src=\"https:\/\/uvbbrasil.com.br\/wp-content\/uploads\/2019\/04\/6.jpeg\" alt=\"\" width=\"1280\" height=\"960\" srcset=\"https:\/\/uvbbrasil.com.br\/wp-content\/uploads\/2019\/04\/6.jpeg 1280w, https:\/\/uvbbrasil.com.br\/wp-content\/uploads\/2019\/04\/6-300x225.jpeg 300w, https:\/\/uvbbrasil.com.br\/wp-content\/uploads\/2019\/04\/6-1024x768.jpeg 1024w, https:\/\/uvbbrasil.com.br\/wp-content\/uploads\/2019\/04\/6-768x576.jpeg 768w\" sizes=\"(max-width: 1280px) 100vw, 1280px\" \/><\/a><\/p>\n","protected":false},"excerpt":{"rendered":"<p>Discursos de luta e uni\u00e3o marcam o lan\u00e7amento da Frente Parlamentar Mista pelo Fortalecimento dos Legislativos Municipais A Frente Parlamentar&#8230;<\/p>\n","protected":false},"author":1,"featured_media":13934,"comment_status":"open","ping_status":"open","sticky":false,"template":"","format":"standard","meta":{"footnotes":""},"categories":[3,4],"tags":[],"class_list":["post-13915","post","type-post","status-publish","format-standard","has-post-thumbnail","hentry","category-noticias","category-home"],"yoast_head":"<!-- This site is optimized with the Yoast SEO plugin v26.7 - https:\/\/yoast.com\/wordpress\/plugins\/seo\/ -->\n<title>Marcha dos Vereadores - UVB Brasil<\/title>\n<meta name=\"robots\" content=\"index, follow, max-snippet:-1, max-image-preview:large, max-video-preview:-1\" \/>\n<link rel=\"canonical\" href=\"https:\/\/uvbbrasil.com.br\/marcha-dos-vereadores-2\/\" \/>\n<meta property=\"og:locale\" content=\"pt_BR\" \/>\n<meta property=\"og:type\" content=\"article\" \/>\n<meta property=\"og:title\" content=\"Marcha dos Vereadores - UVB Brasil\" \/>\n<meta property=\"og:description\" content=\"Discursos de luta e uni\u00e3o marcam o lan\u00e7amento da Frente Parlamentar Mista pelo Fortalecimento dos Legislativos Municipais A Frente Parlamentar...\" \/>\n<meta property=\"og:url\" content=\"https:\/\/uvbbrasil.com.br\/marcha-dos-vereadores-2\/\" \/>\n<meta property=\"og:site_name\" content=\"UVB Brasil\" \/>\n<meta property=\"article:publisher\" content=\"https:\/\/www.facebook.com\/uvb.vereadoresbrasil\" \/>\n<meta property=\"article:published_time\" content=\"2019-04-23T18:20:42+00:00\" \/>\n<meta property=\"og:image\" content=\"https:\/\/uvbbrasil.com.br\/wp-content\/uploads\/2019\/04\/19.jpeg\" \/>\n\t<meta property=\"og:image:width\" content=\"1280\" \/>\n\t<meta property=\"og:image:height\" content=\"960\" \/>\n\t<meta property=\"og:image:type\" content=\"image\/jpeg\" \/>\n<meta name=\"author\" content=\"adminuvb\" \/>\n<meta name=\"twitter:card\" content=\"summary_large_image\" \/>\n<meta name=\"twitter:label1\" content=\"Escrito por\" \/>\n\t<meta name=\"twitter:data1\" content=\"adminuvb\" \/>\n\t<meta name=\"twitter:label2\" content=\"Est. tempo de leitura\" \/>\n\t<meta name=\"twitter:data2\" content=\"2 minutos\" \/>\n<script type=\"application\/ld+json\" class=\"yoast-schema-graph\">{\"@context\":\"https:\/\/schema.org\",\"@graph\":[{\"@type\":\"Article\",\"@id\":\"https:\/\/uvbbrasil.com.br\/marcha-dos-vereadores-2\/#article\",\"isPartOf\":{\"@id\":\"https:\/\/uvbbrasil.com.br\/marcha-dos-vereadores-2\/\"},\"author\":{\"name\":\"adminuvb\",\"@id\":\"https:\/\/uvbbrasil.com.br\/#\/schema\/person\/17990098446c098f52effddff4f1b272\"},\"headline\":\"Marcha dos Vereadores\",\"datePublished\":\"2019-04-23T18:20:42+00:00\",\"mainEntityOfPage\":{\"@id\":\"https:\/\/uvbbrasil.com.br\/marcha-dos-vereadores-2\/\"},\"wordCount\":392,\"commentCount\":0,\"publisher\":{\"@id\":\"https:\/\/uvbbrasil.com.br\/#organization\"},\"image\":{\"@id\":\"https:\/\/uvbbrasil.com.br\/marcha-dos-vereadores-2\/#primaryimage\"},\"thumbnailUrl\":\"https:\/\/uvbbrasil.com.br\/wp-content\/uploads\/2019\/04\/19.jpeg\",\"articleSection\":[\"NOT\u00cdCIAS\",\"UVB\"],\"inLanguage\":\"pt-BR\",\"potentialAction\":[{\"@type\":\"CommentAction\",\"name\":\"Comment\",\"target\":[\"https:\/\/uvbbrasil.com.br\/marcha-dos-vereadores-2\/#respond\"]}]},{\"@type\":\"WebPage\",\"@id\":\"https:\/\/uvbbrasil.com.br\/marcha-dos-vereadores-2\/\",\"url\":\"https:\/\/uvbbrasil.com.br\/marcha-dos-vereadores-2\/\",\"name\":\"Marcha dos Vereadores - UVB Brasil\",\"isPartOf\":{\"@id\":\"https:\/\/uvbbrasil.com.br\/#website\"},\"primaryImageOfPage\":{\"@id\":\"https:\/\/uvbbrasil.com.br\/marcha-dos-vereadores-2\/#primaryimage\"},\"image\":{\"@id\":\"https:\/\/uvbbrasil.com.br\/marcha-dos-vereadores-2\/#primaryimage\"},\"thumbnailUrl\":\"https:\/\/uvbbrasil.com.br\/wp-content\/uploads\/2019\/04\/19.jpeg\",\"datePublished\":\"2019-04-23T18:20:42+00:00\",\"breadcrumb\":{\"@id\":\"https:\/\/uvbbrasil.com.br\/marcha-dos-vereadores-2\/#breadcrumb\"},\"inLanguage\":\"pt-BR\",\"potentialAction\":[{\"@type\":\"ReadAction\",\"target\":[\"https:\/\/uvbbrasil.com.br\/marcha-dos-vereadores-2\/\"]}]},{\"@type\":\"ImageObject\",\"inLanguage\":\"pt-BR\",\"@id\":\"https:\/\/uvbbrasil.com.br\/marcha-dos-vereadores-2\/#primaryimage\",\"url\":\"https:\/\/uvbbrasil.com.br\/wp-content\/uploads\/2019\/04\/19.jpeg\",\"contentUrl\":\"https:\/\/uvbbrasil.com.br\/wp-content\/uploads\/2019\/04\/19.jpeg\",\"width\":1280,\"height\":960},{\"@type\":\"BreadcrumbList\",\"@id\":\"https:\/\/uvbbrasil.com.br\/marcha-dos-vereadores-2\/#breadcrumb\",\"itemListElement\":[{\"@type\":\"ListItem\",\"position\":1,\"name\":\"In\u00edcio\",\"item\":\"https:\/\/uvbbrasil.com.br\/\"},{\"@type\":\"ListItem\",\"position\":2,\"name\":\"Marcha dos Vereadores\"}]},{\"@type\":\"WebSite\",\"@id\":\"https:\/\/uvbbrasil.com.br\/#website\",\"url\":\"https:\/\/uvbbrasil.com.br\/\",\"name\":\"UVB Brasil\",\"description\":\"Uni\u00e3o dos Vereadores do Brasil\",\"publisher\":{\"@id\":\"https:\/\/uvbbrasil.com.br\/#organization\"},\"potentialAction\":[{\"@type\":\"SearchAction\",\"target\":{\"@type\":\"EntryPoint\",\"urlTemplate\":\"https:\/\/uvbbrasil.com.br\/?s={search_term_string}\"},\"query-input\":{\"@type\":\"PropertyValueSpecification\",\"valueRequired\":true,\"valueName\":\"search_term_string\"}}],\"inLanguage\":\"pt-BR\"},{\"@type\":\"Organization\",\"@id\":\"https:\/\/uvbbrasil.com.br\/#organization\",\"name\":\"UVB Brasil\",\"url\":\"https:\/\/uvbbrasil.com.br\/\",\"logo\":{\"@type\":\"ImageObject\",\"inLanguage\":\"pt-BR\",\"@id\":\"https:\/\/uvbbrasil.com.br\/#\/schema\/logo\/image\/\",\"url\":\"https:\/\/uvbbrasil.com.br\/wp-content\/uploads\/2025\/01\/LOGO-UVB-2024-azul-1.jpg\",\"contentUrl\":\"https:\/\/uvbbrasil.com.br\/wp-content\/uploads\/2025\/01\/LOGO-UVB-2024-azul-1.jpg\",\"width\":600,\"height\":211,\"caption\":\"UVB Brasil\"},\"image\":{\"@id\":\"https:\/\/uvbbrasil.com.br\/#\/schema\/logo\/image\/\"},\"sameAs\":[\"https:\/\/www.facebook.com\/uvb.vereadoresbrasil\",\"https:\/\/www.instagram.com\/uvbbrasil\/\",\"https:\/\/www.youtube.com\/channel\/UCIlPQ8Xzw5GHNzosQIg9S5A\"]},{\"@type\":\"Person\",\"@id\":\"https:\/\/uvbbrasil.com.br\/#\/schema\/person\/17990098446c098f52effddff4f1b272\",\"name\":\"adminuvb\",\"image\":{\"@type\":\"ImageObject\",\"inLanguage\":\"pt-BR\",\"@id\":\"https:\/\/uvbbrasil.com.br\/#\/schema\/person\/image\/\",\"url\":\"https:\/\/secure.gravatar.com\/avatar\/1a494ea6f8e2dd1ae526e55b0e9497efdba542491e0620d704cccf63c6f77c45?s=96&d=mm&r=g\",\"contentUrl\":\"https:\/\/secure.gravatar.com\/avatar\/1a494ea6f8e2dd1ae526e55b0e9497efdba542491e0620d704cccf63c6f77c45?s=96&d=mm&r=g\",\"caption\":\"adminuvb\"},\"sameAs\":[\"https:\/\/uvbbrasil.com.br\"],\"url\":\"https:\/\/uvbbrasil.com.br\/author\/adminuvb\/\"}]}<\/script>\n<!-- \/ Yoast SEO plugin. -->","yoast_head_json":{"title":"Marcha dos Vereadores - UVB Brasil","robots":{"index":"index","follow":"follow","max-snippet":"max-snippet:-1","max-image-preview":"max-image-preview:large","max-video-preview":"max-video-preview:-1"},"canonical":"https:\/\/uvbbrasil.com.br\/marcha-dos-vereadores-2\/","og_locale":"pt_BR","og_type":"article","og_title":"Marcha dos Vereadores - UVB Brasil","og_description":"Discursos de luta e uni\u00e3o marcam o lan\u00e7amento da Frente Parlamentar Mista pelo Fortalecimento dos Legislativos Municipais A Frente Parlamentar...","og_url":"https:\/\/uvbbrasil.com.br\/marcha-dos-vereadores-2\/","og_site_name":"UVB Brasil","article_publisher":"https:\/\/www.facebook.com\/uvb.vereadoresbrasil","article_published_time":"2019-04-23T18:20:42+00:00","og_image":[{"width":1280,"height":960,"url":"https:\/\/uvbbrasil.com.br\/wp-content\/uploads\/2019\/04\/19.jpeg","type":"image\/jpeg"}],"author":"adminuvb","twitter_card":"summary_large_image","twitter_misc":{"Escrito por":"adminuvb","Est. tempo de leitura":"2 minutos"},"schema":{"@context":"https:\/\/schema.org","@graph":[{"@type":"Article","@id":"https:\/\/uvbbrasil.com.br\/marcha-dos-vereadores-2\/#article","isPartOf":{"@id":"https:\/\/uvbbrasil.com.br\/marcha-dos-vereadores-2\/"},"author":{"name":"adminuvb","@id":"https:\/\/uvbbrasil.com.br\/#\/schema\/person\/17990098446c098f52effddff4f1b272"},"headline":"Marcha dos Vereadores","datePublished":"2019-04-23T18:20:42+00:00","mainEntityOfPage":{"@id":"https:\/\/uvbbrasil.com.br\/marcha-dos-vereadores-2\/"},"wordCount":392,"commentCount":0,"publisher":{"@id":"https:\/\/uvbbrasil.com.br\/#organization"},"image":{"@id":"https:\/\/uvbbrasil.com.br\/marcha-dos-vereadores-2\/#primaryimage"},"thumbnailUrl":"https:\/\/uvbbrasil.com.br\/wp-content\/uploads\/2019\/04\/19.jpeg","articleSection":["NOT\u00cdCIAS","UVB"],"inLanguage":"pt-BR","potentialAction":[{"@type":"CommentAction","name":"Comment","target":["https:\/\/uvbbrasil.com.br\/marcha-dos-vereadores-2\/#respond"]}]},{"@type":"WebPage","@id":"https:\/\/uvbbrasil.com.br\/marcha-dos-vereadores-2\/","url":"https:\/\/uvbbrasil.com.br\/marcha-dos-vereadores-2\/","name":"Marcha dos Vereadores - UVB Brasil","isPartOf":{"@id":"https:\/\/uvbbrasil.com.br\/#website"},"primaryImageOfPage":{"@id":"https:\/\/uvbbrasil.com.br\/marcha-dos-vereadores-2\/#primaryimage"},"image":{"@id":"https:\/\/uvbbrasil.com.br\/marcha-dos-vereadores-2\/#primaryimage"},"thumbnailUrl":"https:\/\/uvbbrasil.com.br\/wp-content\/uploads\/2019\/04\/19.jpeg","datePublished":"2019-04-23T18:20:42+00:00","breadcrumb":{"@id":"https:\/\/uvbbrasil.com.br\/marcha-dos-vereadores-2\/#breadcrumb"},"inLanguage":"pt-BR","potentialAction":[{"@type":"ReadAction","target":["https:\/\/uvbbrasil.com.br\/marcha-dos-vereadores-2\/"]}]},{"@type":"ImageObject","inLanguage":"pt-BR","@id":"https:\/\/uvbbrasil.com.br\/marcha-dos-vereadores-2\/#primaryimage","url":"https:\/\/uvbbrasil.com.br\/wp-content\/uploads\/2019\/04\/19.jpeg","contentUrl":"https:\/\/uvbbrasil.com.br\/wp-content\/uploads\/2019\/04\/19.jpeg","width":1280,"height":960},{"@type":"BreadcrumbList","@id":"https:\/\/uvbbrasil.com.br\/marcha-dos-vereadores-2\/#breadcrumb","itemListElement":[{"@type":"ListItem","position":1,"name":"In\u00edcio","item":"https:\/\/uvbbrasil.com.br\/"},{"@type":"ListItem","position":2,"name":"Marcha dos Vereadores"}]},{"@type":"WebSite","@id":"https:\/\/uvbbrasil.com.br\/#website","url":"https:\/\/uvbbrasil.com.br\/","name":"UVB Brasil","description":"Uni\u00e3o dos Vereadores do Brasil","publisher":{"@id":"https:\/\/uvbbrasil.com.br\/#organization"},"potentialAction":[{"@type":"SearchAction","target":{"@type":"EntryPoint","urlTemplate":"https:\/\/uvbbrasil.com.br\/?s={search_term_string}"},"query-input":{"@type":"PropertyValueSpecification","valueRequired":true,"valueName":"search_term_string"}}],"inLanguage":"pt-BR"},{"@type":"Organization","@id":"https:\/\/uvbbrasil.com.br\/#organization","name":"UVB Brasil","url":"https:\/\/uvbbrasil.com.br\/","logo":{"@type":"ImageObject","inLanguage":"pt-BR","@id":"https:\/\/uvbbrasil.com.br\/#\/schema\/logo\/image\/","url":"https:\/\/uvbbrasil.com.br\/wp-content\/uploads\/2025\/01\/LOGO-UVB-2024-azul-1.jpg","contentUrl":"https:\/\/uvbbrasil.com.br\/wp-content\/uploads\/2025\/01\/LOGO-UVB-2024-azul-1.jpg","width":600,"height":211,"caption":"UVB Brasil"},"image":{"@id":"https:\/\/uvbbrasil.com.br\/#\/schema\/logo\/image\/"},"sameAs":["https:\/\/www.facebook.com\/uvb.vereadoresbrasil","https:\/\/www.instagram.com\/uvbbrasil\/","https:\/\/www.youtube.com\/channel\/UCIlPQ8Xzw5GHNzosQIg9S5A"]},{"@type":"Person","@id":"https:\/\/uvbbrasil.com.br\/#\/schema\/person\/17990098446c098f52effddff4f1b272","name":"adminuvb","image":{"@type":"ImageObject","inLanguage":"pt-BR","@id":"https:\/\/uvbbrasil.com.br\/#\/schema\/person\/image\/","url":"https:\/\/secure.gravatar.com\/avatar\/1a494ea6f8e2dd1ae526e55b0e9497efdba542491e0620d704cccf63c6f77c45?s=96&d=mm&r=g","contentUrl":"https:\/\/secure.gravatar.com\/avatar\/1a494ea6f8e2dd1ae526e55b0e9497efdba542491e0620d704cccf63c6f77c45?s=96&d=mm&r=g","caption":"adminuvb"},"sameAs":["https:\/\/uvbbrasil.com.br"],"url":"https:\/\/uvbbrasil.com.br\/author\/adminuvb\/"}]}},"_links":{"self":[{"href":"https:\/\/uvbbrasil.com.br\/uvb-json\/wp\/v2\/posts\/13915","targetHints":{"allow":["GET"]}}],"collection":[{"href":"https:\/\/uvbbrasil.com.br\/uvb-json\/wp\/v2\/posts"}],"about":[{"href":"https:\/\/uvbbrasil.com.br\/uvb-json\/wp\/v2\/types\/post"}],"author":[{"embeddable":true,"href":"https:\/\/uvbbrasil.com.br\/uvb-json\/wp\/v2\/users\/1"}],"replies":[{"embeddable":true,"href":"https:\/\/uvbbrasil.com.br\/uvb-json\/wp\/v2\/comments?post=13915"}],"version-history":[{"count":0,"href":"https:\/\/uvbbrasil.com.br\/uvb-json\/wp\/v2\/posts\/13915\/revisions"}],"wp:featuredmedia":[{"embeddable":true,"href":"https:\/\/uvbbrasil.com.br\/uvb-json\/wp\/v2\/media\/13934"}],"wp:attachment":[{"href":"https:\/\/uvbbrasil.com.br\/uvb-json\/wp\/v2\/media?parent=13915"}],"wp:term":[{"taxonomy":"category","embeddable":true,"href":"https:\/\/uvbbrasil.com.br\/uvb-json\/wp\/v2\/categories?post=13915"},{"taxonomy":"post_tag","embeddable":true,"href":"https:\/\/uvbbrasil.com.br\/uvb-json\/wp\/v2\/tags?post=13915"}],"curies":[{"name":"wp","href":"https:\/\/api.w.org\/{rel}","templated":true}]}}