{"id":13909,"date":"2019-04-23T09:19:26","date_gmt":"2019-04-23T12:19:26","guid":{"rendered":"https:\/\/wpsandbox4.pante.com.br\/?p=13909"},"modified":"2019-04-23T09:19:26","modified_gmt":"2019-04-23T12:19:26","slug":"governo-federal-vira-costas-para-os-vereadores-brasil","status":"publish","type":"post","link":"https:\/\/uvbbrasil.com.br\/governo-federal-vira-costas-para-os-vereadores-brasil\/","title":{"rendered":"Governo Federal vira as costas para os vereadores do Brasil"},"content":{"rendered":"<p>Nem Bolsonaro e nem Mour\u00e3o na Marcha dos Vereadores e Vereadoras de 2019. Sem maiores explica\u00e7\u00f5es e com uma agenda no Clube Naval, o Vice &#8211; Presidente da Rep\u00fablica, Hamilton Mour\u00e3o, cancelou sua participa\u00e7\u00e3o na Marcha dos Vereadores e Vereadoras 2019. Mour\u00e3o que tinha confirmado sua presen\u00e7a em audi\u00eancia no \u00faltimo dia 15, ao presidente da UVB, vereador Gilson Conzatti.<\/p>\n<p>Conzatti manifestou que com o cancelamento da\u00a0presen\u00e7a do vice &#8211; presidente, demonstra desconsidera\u00e7\u00e3o e desprest\u00edgio do\u00a0governo federal, com a institui\u00e7\u00e3o poder legislativo municipal, uma vez que o presidente Jair Bolsonaro, atrav\u00e9s de sua assessoria tamb\u00e9m n\u00e3o encontrou agenda para prestigiar os vereadores e vereadoras do Brasil.\u00a0Lamentamos profundamente essa vis\u00e3o do governo federal em rela\u00e7\u00e3o aos vereadores e vereadoras, vamos ecoar nosso grito por um Brasil melhor e vamos fazer chegar ao presidente e ao vice a import\u00e2ncia que temos e de como podemos ajudar o Brasil. Eles podem nos virar as costas, mas n\u00f3s n\u00e3o vamos virar as costas para o Brasil e muito menos para a causa municipalista com o fortalecimento do Poder Legislativo. Esse desprest\u00edgio nos faz mais fortes na luta e na valoriza\u00e7\u00e3o do Poder Legislativo Municipal brasileiro, finalizou o presidente da UVB.<\/p>\n<p>A UVB fundada em 1964, tem 55 anos de hist\u00f3ria, \u00e9 a entidade municipalista mais antiga em atividade no pa\u00eds. Pioneira das Marchas \u00e0 Bras\u00edlia, iniciou o movimento na d\u00e9cada.<\/p>\n<p>No ano passado, o pr\u00e9 candidato Jair Bolsonaro, encontrou agenda para discursar na Marcha de 2018, agora n\u00e3o mais, uma pena, declarou o presidente da UVB, Gilson Conzatti.<\/p>\n<p><a href=\"https:\/\/uvbbrasil.com.br\/wp-content\/uploads\/2019\/04\/mourao-2.jpg\"><img fetchpriority=\"high\" decoding=\"async\" class=\"size-full wp-image-13864 aligncenter\" src=\"https:\/\/uvbbrasil.com.br\/wp-content\/uploads\/2019\/04\/mourao-2.jpg\" alt=\"\" width=\"960\" height=\"639\" srcset=\"https:\/\/uvbbrasil.com.br\/wp-content\/uploads\/2019\/04\/mourao-2.jpg 960w, https:\/\/uvbbrasil.com.br\/wp-content\/uploads\/2019\/04\/mourao-2-300x200.jpg 300w, https:\/\/uvbbrasil.com.br\/wp-content\/uploads\/2019\/04\/mourao-2-768x511.jpg 768w\" sizes=\"(max-width: 960px) 100vw, 960px\" \/><\/a><\/p>\n<p><em>Mour\u00e3o recebeu Conzatti em audi\u00eancia no dia 15 de abril<\/em><\/p>\n","protected":false},"excerpt":{"rendered":"<p>Nem Bolsonaro e nem Mour\u00e3o na Marcha dos Vereadores e Vereadoras de 2019. Sem maiores explica\u00e7\u00f5es e com uma agenda&#8230;<\/p>\n","protected":false},"author":1,"featured_media":1365,"comment_status":"open","ping_status":"open","sticky":false,"template":"","format":"standard","meta":{"footnotes":""},"categories":[3],"tags":[],"class_list":["post-13909","post","type-post","status-publish","format-standard","has-post-thumbnail","hentry","category-noticias"],"yoast_head":"<!-- This site is optimized with the Yoast SEO plugin v26.7 - https:\/\/yoast.com\/wordpress\/plugins\/seo\/ -->\n<title>Governo Federal vira as costas para os vereadores do Brasil - UVB Brasil<\/title>\n<meta name=\"robots\" content=\"index, follow, max-snippet:-1, max-image-preview:large, max-video-preview:-1\" \/>\n<link rel=\"canonical\" href=\"https:\/\/uvbbrasil.com.br\/governo-federal-vira-costas-para-os-vereadores-brasil\/\" \/>\n<meta property=\"og:locale\" content=\"pt_BR\" \/>\n<meta property=\"og:type\" content=\"article\" \/>\n<meta property=\"og:title\" content=\"Governo Federal vira as costas para os vereadores do Brasil - UVB Brasil\" \/>\n<meta property=\"og:description\" content=\"Nem Bolsonaro e nem Mour\u00e3o na Marcha dos Vereadores e Vereadoras de 2019. Sem maiores explica\u00e7\u00f5es e com uma agenda...\" \/>\n<meta property=\"og:url\" content=\"https:\/\/uvbbrasil.com.br\/governo-federal-vira-costas-para-os-vereadores-brasil\/\" \/>\n<meta property=\"og:site_name\" content=\"UVB Brasil\" \/>\n<meta property=\"article:publisher\" content=\"https:\/\/www.facebook.com\/uvb.vereadoresbrasil\" \/>\n<meta property=\"article:published_time\" content=\"2019-04-23T12:19:26+00:00\" \/>\n<meta property=\"og:image\" content=\"https:\/\/uvbbrasil.com.br\/wp-content\/uploads\/2015\/09\/gilson-perfil.jpg\" \/>\n\t<meta property=\"og:image:width\" content=\"440\" \/>\n\t<meta property=\"og:image:height\" content=\"440\" \/>\n\t<meta property=\"og:image:type\" content=\"image\/jpeg\" \/>\n<meta name=\"author\" content=\"adminuvb\" \/>\n<meta name=\"twitter:card\" content=\"summary_large_image\" \/>\n<meta name=\"twitter:label1\" content=\"Escrito por\" \/>\n\t<meta name=\"twitter:data1\" content=\"adminuvb\" \/>\n\t<meta name=\"twitter:label2\" content=\"Est. tempo de leitura\" \/>\n\t<meta name=\"twitter:data2\" content=\"1 minuto\" \/>\n<script type=\"application\/ld+json\" class=\"yoast-schema-graph\">{\"@context\":\"https:\/\/schema.org\",\"@graph\":[{\"@type\":\"Article\",\"@id\":\"https:\/\/uvbbrasil.com.br\/governo-federal-vira-costas-para-os-vereadores-brasil\/#article\",\"isPartOf\":{\"@id\":\"https:\/\/uvbbrasil.com.br\/governo-federal-vira-costas-para-os-vereadores-brasil\/\"},\"author\":{\"name\":\"adminuvb\",\"@id\":\"https:\/\/uvbbrasil.com.br\/#\/schema\/person\/17990098446c098f52effddff4f1b272\"},\"headline\":\"Governo Federal vira as costas para os vereadores do Brasil\",\"datePublished\":\"2019-04-23T12:19:26+00:00\",\"mainEntityOfPage\":{\"@id\":\"https:\/\/uvbbrasil.com.br\/governo-federal-vira-costas-para-os-vereadores-brasil\/\"},\"wordCount\":297,\"commentCount\":0,\"publisher\":{\"@id\":\"https:\/\/uvbbrasil.com.br\/#organization\"},\"image\":{\"@id\":\"https:\/\/uvbbrasil.com.br\/governo-federal-vira-costas-para-os-vereadores-brasil\/#primaryimage\"},\"thumbnailUrl\":\"https:\/\/uvbbrasil.com.br\/wp-content\/uploads\/2015\/09\/gilson-perfil.jpg\",\"articleSection\":[\"NOT\u00cdCIAS\"],\"inLanguage\":\"pt-BR\",\"potentialAction\":[{\"@type\":\"CommentAction\",\"name\":\"Comment\",\"target\":[\"https:\/\/uvbbrasil.com.br\/governo-federal-vira-costas-para-os-vereadores-brasil\/#respond\"]}]},{\"@type\":\"WebPage\",\"@id\":\"https:\/\/uvbbrasil.com.br\/governo-federal-vira-costas-para-os-vereadores-brasil\/\",\"url\":\"https:\/\/uvbbrasil.com.br\/governo-federal-vira-costas-para-os-vereadores-brasil\/\",\"name\":\"Governo Federal vira as costas para os vereadores do Brasil - UVB Brasil\",\"isPartOf\":{\"@id\":\"https:\/\/uvbbrasil.com.br\/#website\"},\"primaryImageOfPage\":{\"@id\":\"https:\/\/uvbbrasil.com.br\/governo-federal-vira-costas-para-os-vereadores-brasil\/#primaryimage\"},\"image\":{\"@id\":\"https:\/\/uvbbrasil.com.br\/governo-federal-vira-costas-para-os-vereadores-brasil\/#primaryimage\"},\"thumbnailUrl\":\"https:\/\/uvbbrasil.com.br\/wp-content\/uploads\/2015\/09\/gilson-perfil.jpg\",\"datePublished\":\"2019-04-23T12:19:26+00:00\",\"breadcrumb\":{\"@id\":\"https:\/\/uvbbrasil.com.br\/governo-federal-vira-costas-para-os-vereadores-brasil\/#breadcrumb\"},\"inLanguage\":\"pt-BR\",\"potentialAction\":[{\"@type\":\"ReadAction\",\"target\":[\"https:\/\/uvbbrasil.com.br\/governo-federal-vira-costas-para-os-vereadores-brasil\/\"]}]},{\"@type\":\"ImageObject\",\"inLanguage\":\"pt-BR\",\"@id\":\"https:\/\/uvbbrasil.com.br\/governo-federal-vira-costas-para-os-vereadores-brasil\/#primaryimage\",\"url\":\"https:\/\/uvbbrasil.com.br\/wp-content\/uploads\/2015\/09\/gilson-perfil.jpg\",\"contentUrl\":\"https:\/\/uvbbrasil.com.br\/wp-content\/uploads\/2015\/09\/gilson-perfil.jpg\",\"width\":440,\"height\":440},{\"@type\":\"BreadcrumbList\",\"@id\":\"https:\/\/uvbbrasil.com.br\/governo-federal-vira-costas-para-os-vereadores-brasil\/#breadcrumb\",\"itemListElement\":[{\"@type\":\"ListItem\",\"position\":1,\"name\":\"In\u00edcio\",\"item\":\"https:\/\/uvbbrasil.com.br\/\"},{\"@type\":\"ListItem\",\"position\":2,\"name\":\"Governo Federal vira as costas para os vereadores do Brasil\"}]},{\"@type\":\"WebSite\",\"@id\":\"https:\/\/uvbbrasil.com.br\/#website\",\"url\":\"https:\/\/uvbbrasil.com.br\/\",\"name\":\"UVB Brasil\",\"description\":\"Uni\u00e3o dos Vereadores do Brasil\",\"publisher\":{\"@id\":\"https:\/\/uvbbrasil.com.br\/#organization\"},\"potentialAction\":[{\"@type\":\"SearchAction\",\"target\":{\"@type\":\"EntryPoint\",\"urlTemplate\":\"https:\/\/uvbbrasil.com.br\/?s={search_term_string}\"},\"query-input\":{\"@type\":\"PropertyValueSpecification\",\"valueRequired\":true,\"valueName\":\"search_term_string\"}}],\"inLanguage\":\"pt-BR\"},{\"@type\":\"Organization\",\"@id\":\"https:\/\/uvbbrasil.com.br\/#organization\",\"name\":\"UVB Brasil\",\"url\":\"https:\/\/uvbbrasil.com.br\/\",\"logo\":{\"@type\":\"ImageObject\",\"inLanguage\":\"pt-BR\",\"@id\":\"https:\/\/uvbbrasil.com.br\/#\/schema\/logo\/image\/\",\"url\":\"https:\/\/uvbbrasil.com.br\/wp-content\/uploads\/2025\/01\/LOGO-UVB-2024-azul-1.jpg\",\"contentUrl\":\"https:\/\/uvbbrasil.com.br\/wp-content\/uploads\/2025\/01\/LOGO-UVB-2024-azul-1.jpg\",\"width\":600,\"height\":211,\"caption\":\"UVB Brasil\"},\"image\":{\"@id\":\"https:\/\/uvbbrasil.com.br\/#\/schema\/logo\/image\/\"},\"sameAs\":[\"https:\/\/www.facebook.com\/uvb.vereadoresbrasil\",\"https:\/\/www.instagram.com\/uvbbrasil\/\",\"https:\/\/www.youtube.com\/channel\/UCIlPQ8Xzw5GHNzosQIg9S5A\"]},{\"@type\":\"Person\",\"@id\":\"https:\/\/uvbbrasil.com.br\/#\/schema\/person\/17990098446c098f52effddff4f1b272\",\"name\":\"adminuvb\",\"image\":{\"@type\":\"ImageObject\",\"inLanguage\":\"pt-BR\",\"@id\":\"https:\/\/uvbbrasil.com.br\/#\/schema\/person\/image\/\",\"url\":\"https:\/\/secure.gravatar.com\/avatar\/1a494ea6f8e2dd1ae526e55b0e9497efdba542491e0620d704cccf63c6f77c45?s=96&d=mm&r=g\",\"contentUrl\":\"https:\/\/secure.gravatar.com\/avatar\/1a494ea6f8e2dd1ae526e55b0e9497efdba542491e0620d704cccf63c6f77c45?s=96&d=mm&r=g\",\"caption\":\"adminuvb\"},\"sameAs\":[\"https:\/\/uvbbrasil.com.br\"],\"url\":\"https:\/\/uvbbrasil.com.br\/author\/adminuvb\/\"}]}<\/script>\n<!-- \/ Yoast SEO plugin. -->","yoast_head_json":{"title":"Governo Federal vira as costas para os vereadores do Brasil - UVB Brasil","robots":{"index":"index","follow":"follow","max-snippet":"max-snippet:-1","max-image-preview":"max-image-preview:large","max-video-preview":"max-video-preview:-1"},"canonical":"https:\/\/uvbbrasil.com.br\/governo-federal-vira-costas-para-os-vereadores-brasil\/","og_locale":"pt_BR","og_type":"article","og_title":"Governo Federal vira as costas para os vereadores do Brasil - UVB Brasil","og_description":"Nem Bolsonaro e nem Mour\u00e3o na Marcha dos Vereadores e Vereadoras de 2019. Sem maiores explica\u00e7\u00f5es e com uma agenda...","og_url":"https:\/\/uvbbrasil.com.br\/governo-federal-vira-costas-para-os-vereadores-brasil\/","og_site_name":"UVB Brasil","article_publisher":"https:\/\/www.facebook.com\/uvb.vereadoresbrasil","article_published_time":"2019-04-23T12:19:26+00:00","og_image":[{"width":440,"height":440,"url":"https:\/\/uvbbrasil.com.br\/wp-content\/uploads\/2015\/09\/gilson-perfil.jpg","type":"image\/jpeg"}],"author":"adminuvb","twitter_card":"summary_large_image","twitter_misc":{"Escrito por":"adminuvb","Est. tempo de leitura":"1 minuto"},"schema":{"@context":"https:\/\/schema.org","@graph":[{"@type":"Article","@id":"https:\/\/uvbbrasil.com.br\/governo-federal-vira-costas-para-os-vereadores-brasil\/#article","isPartOf":{"@id":"https:\/\/uvbbrasil.com.br\/governo-federal-vira-costas-para-os-vereadores-brasil\/"},"author":{"name":"adminuvb","@id":"https:\/\/uvbbrasil.com.br\/#\/schema\/person\/17990098446c098f52effddff4f1b272"},"headline":"Governo Federal vira as costas para os vereadores do Brasil","datePublished":"2019-04-23T12:19:26+00:00","mainEntityOfPage":{"@id":"https:\/\/uvbbrasil.com.br\/governo-federal-vira-costas-para-os-vereadores-brasil\/"},"wordCount":297,"commentCount":0,"publisher":{"@id":"https:\/\/uvbbrasil.com.br\/#organization"},"image":{"@id":"https:\/\/uvbbrasil.com.br\/governo-federal-vira-costas-para-os-vereadores-brasil\/#primaryimage"},"thumbnailUrl":"https:\/\/uvbbrasil.com.br\/wp-content\/uploads\/2015\/09\/gilson-perfil.jpg","articleSection":["NOT\u00cdCIAS"],"inLanguage":"pt-BR","potentialAction":[{"@type":"CommentAction","name":"Comment","target":["https:\/\/uvbbrasil.com.br\/governo-federal-vira-costas-para-os-vereadores-brasil\/#respond"]}]},{"@type":"WebPage","@id":"https:\/\/uvbbrasil.com.br\/governo-federal-vira-costas-para-os-vereadores-brasil\/","url":"https:\/\/uvbbrasil.com.br\/governo-federal-vira-costas-para-os-vereadores-brasil\/","name":"Governo Federal vira as costas para os vereadores do Brasil - UVB Brasil","isPartOf":{"@id":"https:\/\/uvbbrasil.com.br\/#website"},"primaryImageOfPage":{"@id":"https:\/\/uvbbrasil.com.br\/governo-federal-vira-costas-para-os-vereadores-brasil\/#primaryimage"},"image":{"@id":"https:\/\/uvbbrasil.com.br\/governo-federal-vira-costas-para-os-vereadores-brasil\/#primaryimage"},"thumbnailUrl":"https:\/\/uvbbrasil.com.br\/wp-content\/uploads\/2015\/09\/gilson-perfil.jpg","datePublished":"2019-04-23T12:19:26+00:00","breadcrumb":{"@id":"https:\/\/uvbbrasil.com.br\/governo-federal-vira-costas-para-os-vereadores-brasil\/#breadcrumb"},"inLanguage":"pt-BR","potentialAction":[{"@type":"ReadAction","target":["https:\/\/uvbbrasil.com.br\/governo-federal-vira-costas-para-os-vereadores-brasil\/"]}]},{"@type":"ImageObject","inLanguage":"pt-BR","@id":"https:\/\/uvbbrasil.com.br\/governo-federal-vira-costas-para-os-vereadores-brasil\/#primaryimage","url":"https:\/\/uvbbrasil.com.br\/wp-content\/uploads\/2015\/09\/gilson-perfil.jpg","contentUrl":"https:\/\/uvbbrasil.com.br\/wp-content\/uploads\/2015\/09\/gilson-perfil.jpg","width":440,"height":440},{"@type":"BreadcrumbList","@id":"https:\/\/uvbbrasil.com.br\/governo-federal-vira-costas-para-os-vereadores-brasil\/#breadcrumb","itemListElement":[{"@type":"ListItem","position":1,"name":"In\u00edcio","item":"https:\/\/uvbbrasil.com.br\/"},{"@type":"ListItem","position":2,"name":"Governo Federal vira as costas para os vereadores do Brasil"}]},{"@type":"WebSite","@id":"https:\/\/uvbbrasil.com.br\/#website","url":"https:\/\/uvbbrasil.com.br\/","name":"UVB Brasil","description":"Uni\u00e3o dos Vereadores do Brasil","publisher":{"@id":"https:\/\/uvbbrasil.com.br\/#organization"},"potentialAction":[{"@type":"SearchAction","target":{"@type":"EntryPoint","urlTemplate":"https:\/\/uvbbrasil.com.br\/?s={search_term_string}"},"query-input":{"@type":"PropertyValueSpecification","valueRequired":true,"valueName":"search_term_string"}}],"inLanguage":"pt-BR"},{"@type":"Organization","@id":"https:\/\/uvbbrasil.com.br\/#organization","name":"UVB Brasil","url":"https:\/\/uvbbrasil.com.br\/","logo":{"@type":"ImageObject","inLanguage":"pt-BR","@id":"https:\/\/uvbbrasil.com.br\/#\/schema\/logo\/image\/","url":"https:\/\/uvbbrasil.com.br\/wp-content\/uploads\/2025\/01\/LOGO-UVB-2024-azul-1.jpg","contentUrl":"https:\/\/uvbbrasil.com.br\/wp-content\/uploads\/2025\/01\/LOGO-UVB-2024-azul-1.jpg","width":600,"height":211,"caption":"UVB Brasil"},"image":{"@id":"https:\/\/uvbbrasil.com.br\/#\/schema\/logo\/image\/"},"sameAs":["https:\/\/www.facebook.com\/uvb.vereadoresbrasil","https:\/\/www.instagram.com\/uvbbrasil\/","https:\/\/www.youtube.com\/channel\/UCIlPQ8Xzw5GHNzosQIg9S5A"]},{"@type":"Person","@id":"https:\/\/uvbbrasil.com.br\/#\/schema\/person\/17990098446c098f52effddff4f1b272","name":"adminuvb","image":{"@type":"ImageObject","inLanguage":"pt-BR","@id":"https:\/\/uvbbrasil.com.br\/#\/schema\/person\/image\/","url":"https:\/\/secure.gravatar.com\/avatar\/1a494ea6f8e2dd1ae526e55b0e9497efdba542491e0620d704cccf63c6f77c45?s=96&d=mm&r=g","contentUrl":"https:\/\/secure.gravatar.com\/avatar\/1a494ea6f8e2dd1ae526e55b0e9497efdba542491e0620d704cccf63c6f77c45?s=96&d=mm&r=g","caption":"adminuvb"},"sameAs":["https:\/\/uvbbrasil.com.br"],"url":"https:\/\/uvbbrasil.com.br\/author\/adminuvb\/"}]}},"_links":{"self":[{"href":"https:\/\/uvbbrasil.com.br\/uvb-json\/wp\/v2\/posts\/13909","targetHints":{"allow":["GET"]}}],"collection":[{"href":"https:\/\/uvbbrasil.com.br\/uvb-json\/wp\/v2\/posts"}],"about":[{"href":"https:\/\/uvbbrasil.com.br\/uvb-json\/wp\/v2\/types\/post"}],"author":[{"embeddable":true,"href":"https:\/\/uvbbrasil.com.br\/uvb-json\/wp\/v2\/users\/1"}],"replies":[{"embeddable":true,"href":"https:\/\/uvbbrasil.com.br\/uvb-json\/wp\/v2\/comments?post=13909"}],"version-history":[{"count":0,"href":"https:\/\/uvbbrasil.com.br\/uvb-json\/wp\/v2\/posts\/13909\/revisions"}],"wp:featuredmedia":[{"embeddable":true,"href":"https:\/\/uvbbrasil.com.br\/uvb-json\/wp\/v2\/media\/1365"}],"wp:attachment":[{"href":"https:\/\/uvbbrasil.com.br\/uvb-json\/wp\/v2\/media?parent=13909"}],"wp:term":[{"taxonomy":"category","embeddable":true,"href":"https:\/\/uvbbrasil.com.br\/uvb-json\/wp\/v2\/categories?post=13909"},{"taxonomy":"post_tag","embeddable":true,"href":"https:\/\/uvbbrasil.com.br\/uvb-json\/wp\/v2\/tags?post=13909"}],"curies":[{"name":"wp","href":"https:\/\/api.w.org\/{rel}","templated":true}]}}