{"id":13554,"date":"2019-03-10T19:48:40","date_gmt":"2019-03-10T22:48:40","guid":{"rendered":"https:\/\/wpsandbox4.pante.com.br\/?p=13554"},"modified":"2019-03-10T19:48:40","modified_gmt":"2019-03-10T22:48:40","slug":"uvesp-apresenta-2-conexidades-de-04-08-de-junho-em-sao-carlos-sp","status":"publish","type":"post","link":"https:\/\/uvbbrasil.com.br\/uvesp-apresenta-2-conexidades-de-04-08-de-junho-em-sao-carlos-sp\/","title":{"rendered":"UVESP apresenta 2\u00b0 Conexidades que ser\u00e1 realizado em S\u00e3o Carlos-SP"},"content":{"rendered":"<p>Criado pela UVESP (Uni\u00e3o dos Vereadores do Estado de S\u00e3o Paulo), Conexidades anuncia sua segunda edi\u00e7\u00e3o que ser\u00e1 realizada na cidade de S\u00e3o Carlos, de 4 a 8 de junho de 2019. Fruto de um amplo debate com v\u00e1rias lideran\u00e7as do movimento municipalista, Conexidades discute temas totalmente relevantes e de interesse dos munic\u00edpios, com respostas e a\u00e7\u00f5es propostas em formato de apresenta\u00e7\u00f5es e workshops.<\/p>\n<p>Gra\u00e7as ao total envolvimento de empresas, entidades, funda\u00e7\u00f5es e associa\u00e7\u00f5es representativas, a segunda edi\u00e7\u00e3o de Conexidades vai contar com a ades\u00e3o dos maiores munic\u00edpios do estado, bem como participa\u00e7\u00e3o expressiva dos munic\u00edpios de pequeno porte \u2013 com popula\u00e7\u00e3o de at\u00e9 50 mil habitantes \u2013, por meio de iniciativa da Associa\u00e7\u00e3o dos Munic\u00edpios de Pequeno Porte do Estado de S\u00e3o Paulo (AMPPESP).<\/p>\n<p>Com tudo isso e com toda a certeza, mais uma vez Conexidades cumprir\u00e1 o objetivo que carrega em seu nome: instruir, orientar e preparar o agente p\u00fablico visando a excel\u00eancia de suas fun\u00e7\u00f5es, al\u00e9m de \u00a0fazer a Conex\u00e3o entre o poder p\u00fablico e as empresas interessadas em investir nos munic\u00edpios.<\/p>\n<p><strong>S\u00e3o Carlos<\/strong><\/p>\n<p>Por sua import\u00e2ncia estrat\u00e9gica no cen\u00e1rio econ\u00f4mico,\u00a0S\u00e3o Carlos ser\u00e1 palco do maior encontro nacional de parceiros p\u00fablicos e privados em 2019!<\/p>\n<p>Conhecida internacionalmente como &#8220;A Capital da Tecnologia&#8221; e importante p\u00f3lo industrial do interior de S\u00e3o Paulo, com forte presen\u00e7a dos setores industrial, agropecu\u00e1rio e de tecnologia, S\u00e3o Carlos tamb\u00e9m \u00e9 reconhecida como um dos principais centros de estudos e pesquisas do pa\u00eds.<\/p>\n<p><em><strong>Saiba Mais: <\/strong>https:\/\/www.conexidades.com.br\/<\/em><\/p>\n","protected":false},"excerpt":{"rendered":"<p>Criado pela UVESP (Uni\u00e3o dos Vereadores do Estado de S\u00e3o Paulo), Conexidades anuncia sua segunda edi\u00e7\u00e3o que ser\u00e1 realizada na&#8230;<\/p>\n","protected":false},"author":1,"featured_media":13555,"comment_status":"open","ping_status":"open","sticky":false,"template":"","format":"standard","meta":{"footnotes":""},"categories":[3],"tags":[],"class_list":["post-13554","post","type-post","status-publish","format-standard","has-post-thumbnail","hentry","category-noticias"],"yoast_head":"<!-- This site is optimized with the Yoast SEO plugin v26.7 - https:\/\/yoast.com\/wordpress\/plugins\/seo\/ -->\n<title>UVESP apresenta 2\u00b0 Conexidades que ser\u00e1 realizado em S\u00e3o Carlos-SP - UVB Brasil<\/title>\n<meta name=\"robots\" content=\"index, follow, max-snippet:-1, max-image-preview:large, max-video-preview:-1\" \/>\n<link rel=\"canonical\" href=\"https:\/\/uvbbrasil.com.br\/uvesp-apresenta-2-conexidades-de-04-08-de-junho-em-sao-carlos-sp\/\" \/>\n<meta property=\"og:locale\" content=\"pt_BR\" \/>\n<meta property=\"og:type\" content=\"article\" \/>\n<meta property=\"og:title\" content=\"UVESP apresenta 2\u00b0 Conexidades que ser\u00e1 realizado em S\u00e3o Carlos-SP - UVB Brasil\" \/>\n<meta property=\"og:description\" content=\"Criado pela UVESP (Uni\u00e3o dos Vereadores do Estado de S\u00e3o Paulo), Conexidades anuncia sua segunda edi\u00e7\u00e3o que ser\u00e1 realizada na...\" \/>\n<meta property=\"og:url\" content=\"https:\/\/uvbbrasil.com.br\/uvesp-apresenta-2-conexidades-de-04-08-de-junho-em-sao-carlos-sp\/\" \/>\n<meta property=\"og:site_name\" content=\"UVB Brasil\" \/>\n<meta property=\"article:publisher\" content=\"https:\/\/www.facebook.com\/uvb.vereadoresbrasil\" \/>\n<meta property=\"article:published_time\" content=\"2019-03-10T22:48:40+00:00\" \/>\n<meta property=\"og:image\" content=\"https:\/\/uvbbrasil.com.br\/wp-content\/uploads\/2019\/03\/conexidade-s2019.jpg\" \/>\n\t<meta property=\"og:image:width\" content=\"436\" \/>\n\t<meta property=\"og:image:height\" content=\"289\" \/>\n\t<meta property=\"og:image:type\" content=\"image\/jpeg\" \/>\n<meta name=\"author\" content=\"adminuvb\" \/>\n<meta name=\"twitter:card\" content=\"summary_large_image\" \/>\n<meta name=\"twitter:label1\" content=\"Escrito por\" \/>\n\t<meta name=\"twitter:data1\" content=\"adminuvb\" \/>\n\t<meta name=\"twitter:label2\" content=\"Est. tempo de leitura\" \/>\n\t<meta name=\"twitter:data2\" content=\"1 minuto\" \/>\n<script type=\"application\/ld+json\" class=\"yoast-schema-graph\">{\"@context\":\"https:\/\/schema.org\",\"@graph\":[{\"@type\":\"Article\",\"@id\":\"https:\/\/uvbbrasil.com.br\/uvesp-apresenta-2-conexidades-de-04-08-de-junho-em-sao-carlos-sp\/#article\",\"isPartOf\":{\"@id\":\"https:\/\/uvbbrasil.com.br\/uvesp-apresenta-2-conexidades-de-04-08-de-junho-em-sao-carlos-sp\/\"},\"author\":{\"name\":\"adminuvb\",\"@id\":\"https:\/\/uvbbrasil.com.br\/#\/schema\/person\/17990098446c098f52effddff4f1b272\"},\"headline\":\"UVESP apresenta 2\u00b0 Conexidades que ser\u00e1 realizado em S\u00e3o Carlos-SP\",\"datePublished\":\"2019-03-10T22:48:40+00:00\",\"mainEntityOfPage\":{\"@id\":\"https:\/\/uvbbrasil.com.br\/uvesp-apresenta-2-conexidades-de-04-08-de-junho-em-sao-carlos-sp\/\"},\"wordCount\":292,\"commentCount\":0,\"publisher\":{\"@id\":\"https:\/\/uvbbrasil.com.br\/#organization\"},\"image\":{\"@id\":\"https:\/\/uvbbrasil.com.br\/uvesp-apresenta-2-conexidades-de-04-08-de-junho-em-sao-carlos-sp\/#primaryimage\"},\"thumbnailUrl\":\"https:\/\/uvbbrasil.com.br\/wp-content\/uploads\/2019\/03\/conexidade-s2019.jpg\",\"articleSection\":[\"NOT\u00cdCIAS\"],\"inLanguage\":\"pt-BR\",\"potentialAction\":[{\"@type\":\"CommentAction\",\"name\":\"Comment\",\"target\":[\"https:\/\/uvbbrasil.com.br\/uvesp-apresenta-2-conexidades-de-04-08-de-junho-em-sao-carlos-sp\/#respond\"]}]},{\"@type\":\"WebPage\",\"@id\":\"https:\/\/uvbbrasil.com.br\/uvesp-apresenta-2-conexidades-de-04-08-de-junho-em-sao-carlos-sp\/\",\"url\":\"https:\/\/uvbbrasil.com.br\/uvesp-apresenta-2-conexidades-de-04-08-de-junho-em-sao-carlos-sp\/\",\"name\":\"UVESP apresenta 2\u00b0 Conexidades que ser\u00e1 realizado em S\u00e3o Carlos-SP - UVB Brasil\",\"isPartOf\":{\"@id\":\"https:\/\/uvbbrasil.com.br\/#website\"},\"primaryImageOfPage\":{\"@id\":\"https:\/\/uvbbrasil.com.br\/uvesp-apresenta-2-conexidades-de-04-08-de-junho-em-sao-carlos-sp\/#primaryimage\"},\"image\":{\"@id\":\"https:\/\/uvbbrasil.com.br\/uvesp-apresenta-2-conexidades-de-04-08-de-junho-em-sao-carlos-sp\/#primaryimage\"},\"thumbnailUrl\":\"https:\/\/uvbbrasil.com.br\/wp-content\/uploads\/2019\/03\/conexidade-s2019.jpg\",\"datePublished\":\"2019-03-10T22:48:40+00:00\",\"breadcrumb\":{\"@id\":\"https:\/\/uvbbrasil.com.br\/uvesp-apresenta-2-conexidades-de-04-08-de-junho-em-sao-carlos-sp\/#breadcrumb\"},\"inLanguage\":\"pt-BR\",\"potentialAction\":[{\"@type\":\"ReadAction\",\"target\":[\"https:\/\/uvbbrasil.com.br\/uvesp-apresenta-2-conexidades-de-04-08-de-junho-em-sao-carlos-sp\/\"]}]},{\"@type\":\"ImageObject\",\"inLanguage\":\"pt-BR\",\"@id\":\"https:\/\/uvbbrasil.com.br\/uvesp-apresenta-2-conexidades-de-04-08-de-junho-em-sao-carlos-sp\/#primaryimage\",\"url\":\"https:\/\/uvbbrasil.com.br\/wp-content\/uploads\/2019\/03\/conexidade-s2019.jpg\",\"contentUrl\":\"https:\/\/uvbbrasil.com.br\/wp-content\/uploads\/2019\/03\/conexidade-s2019.jpg\",\"width\":436,\"height\":289},{\"@type\":\"BreadcrumbList\",\"@id\":\"https:\/\/uvbbrasil.com.br\/uvesp-apresenta-2-conexidades-de-04-08-de-junho-em-sao-carlos-sp\/#breadcrumb\",\"itemListElement\":[{\"@type\":\"ListItem\",\"position\":1,\"name\":\"In\u00edcio\",\"item\":\"https:\/\/uvbbrasil.com.br\/\"},{\"@type\":\"ListItem\",\"position\":2,\"name\":\"UVESP apresenta 2\u00b0 Conexidades que ser\u00e1 realizado em S\u00e3o Carlos-SP\"}]},{\"@type\":\"WebSite\",\"@id\":\"https:\/\/uvbbrasil.com.br\/#website\",\"url\":\"https:\/\/uvbbrasil.com.br\/\",\"name\":\"UVB Brasil\",\"description\":\"Uni\u00e3o dos Vereadores do Brasil\",\"publisher\":{\"@id\":\"https:\/\/uvbbrasil.com.br\/#organization\"},\"potentialAction\":[{\"@type\":\"SearchAction\",\"target\":{\"@type\":\"EntryPoint\",\"urlTemplate\":\"https:\/\/uvbbrasil.com.br\/?s={search_term_string}\"},\"query-input\":{\"@type\":\"PropertyValueSpecification\",\"valueRequired\":true,\"valueName\":\"search_term_string\"}}],\"inLanguage\":\"pt-BR\"},{\"@type\":\"Organization\",\"@id\":\"https:\/\/uvbbrasil.com.br\/#organization\",\"name\":\"UVB Brasil\",\"url\":\"https:\/\/uvbbrasil.com.br\/\",\"logo\":{\"@type\":\"ImageObject\",\"inLanguage\":\"pt-BR\",\"@id\":\"https:\/\/uvbbrasil.com.br\/#\/schema\/logo\/image\/\",\"url\":\"https:\/\/uvbbrasil.com.br\/wp-content\/uploads\/2025\/01\/LOGO-UVB-2024-azul-1.jpg\",\"contentUrl\":\"https:\/\/uvbbrasil.com.br\/wp-content\/uploads\/2025\/01\/LOGO-UVB-2024-azul-1.jpg\",\"width\":600,\"height\":211,\"caption\":\"UVB Brasil\"},\"image\":{\"@id\":\"https:\/\/uvbbrasil.com.br\/#\/schema\/logo\/image\/\"},\"sameAs\":[\"https:\/\/www.facebook.com\/uvb.vereadoresbrasil\",\"https:\/\/www.instagram.com\/uvbbrasil\/\",\"https:\/\/www.youtube.com\/channel\/UCIlPQ8Xzw5GHNzosQIg9S5A\"]},{\"@type\":\"Person\",\"@id\":\"https:\/\/uvbbrasil.com.br\/#\/schema\/person\/17990098446c098f52effddff4f1b272\",\"name\":\"adminuvb\",\"image\":{\"@type\":\"ImageObject\",\"inLanguage\":\"pt-BR\",\"@id\":\"https:\/\/uvbbrasil.com.br\/#\/schema\/person\/image\/\",\"url\":\"https:\/\/secure.gravatar.com\/avatar\/1a494ea6f8e2dd1ae526e55b0e9497efdba542491e0620d704cccf63c6f77c45?s=96&d=mm&r=g\",\"contentUrl\":\"https:\/\/secure.gravatar.com\/avatar\/1a494ea6f8e2dd1ae526e55b0e9497efdba542491e0620d704cccf63c6f77c45?s=96&d=mm&r=g\",\"caption\":\"adminuvb\"},\"sameAs\":[\"https:\/\/uvbbrasil.com.br\"],\"url\":\"https:\/\/uvbbrasil.com.br\/author\/adminuvb\/\"}]}<\/script>\n<!-- \/ Yoast SEO plugin. -->","yoast_head_json":{"title":"UVESP apresenta 2\u00b0 Conexidades que ser\u00e1 realizado em S\u00e3o Carlos-SP - UVB Brasil","robots":{"index":"index","follow":"follow","max-snippet":"max-snippet:-1","max-image-preview":"max-image-preview:large","max-video-preview":"max-video-preview:-1"},"canonical":"https:\/\/uvbbrasil.com.br\/uvesp-apresenta-2-conexidades-de-04-08-de-junho-em-sao-carlos-sp\/","og_locale":"pt_BR","og_type":"article","og_title":"UVESP apresenta 2\u00b0 Conexidades que ser\u00e1 realizado em S\u00e3o Carlos-SP - UVB Brasil","og_description":"Criado pela UVESP (Uni\u00e3o dos Vereadores do Estado de S\u00e3o Paulo), Conexidades anuncia sua segunda edi\u00e7\u00e3o que ser\u00e1 realizada na...","og_url":"https:\/\/uvbbrasil.com.br\/uvesp-apresenta-2-conexidades-de-04-08-de-junho-em-sao-carlos-sp\/","og_site_name":"UVB Brasil","article_publisher":"https:\/\/www.facebook.com\/uvb.vereadoresbrasil","article_published_time":"2019-03-10T22:48:40+00:00","og_image":[{"width":436,"height":289,"url":"https:\/\/uvbbrasil.com.br\/wp-content\/uploads\/2019\/03\/conexidade-s2019.jpg","type":"image\/jpeg"}],"author":"adminuvb","twitter_card":"summary_large_image","twitter_misc":{"Escrito por":"adminuvb","Est. tempo de leitura":"1 minuto"},"schema":{"@context":"https:\/\/schema.org","@graph":[{"@type":"Article","@id":"https:\/\/uvbbrasil.com.br\/uvesp-apresenta-2-conexidades-de-04-08-de-junho-em-sao-carlos-sp\/#article","isPartOf":{"@id":"https:\/\/uvbbrasil.com.br\/uvesp-apresenta-2-conexidades-de-04-08-de-junho-em-sao-carlos-sp\/"},"author":{"name":"adminuvb","@id":"https:\/\/uvbbrasil.com.br\/#\/schema\/person\/17990098446c098f52effddff4f1b272"},"headline":"UVESP apresenta 2\u00b0 Conexidades que ser\u00e1 realizado em S\u00e3o Carlos-SP","datePublished":"2019-03-10T22:48:40+00:00","mainEntityOfPage":{"@id":"https:\/\/uvbbrasil.com.br\/uvesp-apresenta-2-conexidades-de-04-08-de-junho-em-sao-carlos-sp\/"},"wordCount":292,"commentCount":0,"publisher":{"@id":"https:\/\/uvbbrasil.com.br\/#organization"},"image":{"@id":"https:\/\/uvbbrasil.com.br\/uvesp-apresenta-2-conexidades-de-04-08-de-junho-em-sao-carlos-sp\/#primaryimage"},"thumbnailUrl":"https:\/\/uvbbrasil.com.br\/wp-content\/uploads\/2019\/03\/conexidade-s2019.jpg","articleSection":["NOT\u00cdCIAS"],"inLanguage":"pt-BR","potentialAction":[{"@type":"CommentAction","name":"Comment","target":["https:\/\/uvbbrasil.com.br\/uvesp-apresenta-2-conexidades-de-04-08-de-junho-em-sao-carlos-sp\/#respond"]}]},{"@type":"WebPage","@id":"https:\/\/uvbbrasil.com.br\/uvesp-apresenta-2-conexidades-de-04-08-de-junho-em-sao-carlos-sp\/","url":"https:\/\/uvbbrasil.com.br\/uvesp-apresenta-2-conexidades-de-04-08-de-junho-em-sao-carlos-sp\/","name":"UVESP apresenta 2\u00b0 Conexidades que ser\u00e1 realizado em S\u00e3o Carlos-SP - UVB Brasil","isPartOf":{"@id":"https:\/\/uvbbrasil.com.br\/#website"},"primaryImageOfPage":{"@id":"https:\/\/uvbbrasil.com.br\/uvesp-apresenta-2-conexidades-de-04-08-de-junho-em-sao-carlos-sp\/#primaryimage"},"image":{"@id":"https:\/\/uvbbrasil.com.br\/uvesp-apresenta-2-conexidades-de-04-08-de-junho-em-sao-carlos-sp\/#primaryimage"},"thumbnailUrl":"https:\/\/uvbbrasil.com.br\/wp-content\/uploads\/2019\/03\/conexidade-s2019.jpg","datePublished":"2019-03-10T22:48:40+00:00","breadcrumb":{"@id":"https:\/\/uvbbrasil.com.br\/uvesp-apresenta-2-conexidades-de-04-08-de-junho-em-sao-carlos-sp\/#breadcrumb"},"inLanguage":"pt-BR","potentialAction":[{"@type":"ReadAction","target":["https:\/\/uvbbrasil.com.br\/uvesp-apresenta-2-conexidades-de-04-08-de-junho-em-sao-carlos-sp\/"]}]},{"@type":"ImageObject","inLanguage":"pt-BR","@id":"https:\/\/uvbbrasil.com.br\/uvesp-apresenta-2-conexidades-de-04-08-de-junho-em-sao-carlos-sp\/#primaryimage","url":"https:\/\/uvbbrasil.com.br\/wp-content\/uploads\/2019\/03\/conexidade-s2019.jpg","contentUrl":"https:\/\/uvbbrasil.com.br\/wp-content\/uploads\/2019\/03\/conexidade-s2019.jpg","width":436,"height":289},{"@type":"BreadcrumbList","@id":"https:\/\/uvbbrasil.com.br\/uvesp-apresenta-2-conexidades-de-04-08-de-junho-em-sao-carlos-sp\/#breadcrumb","itemListElement":[{"@type":"ListItem","position":1,"name":"In\u00edcio","item":"https:\/\/uvbbrasil.com.br\/"},{"@type":"ListItem","position":2,"name":"UVESP apresenta 2\u00b0 Conexidades que ser\u00e1 realizado em S\u00e3o Carlos-SP"}]},{"@type":"WebSite","@id":"https:\/\/uvbbrasil.com.br\/#website","url":"https:\/\/uvbbrasil.com.br\/","name":"UVB Brasil","description":"Uni\u00e3o dos Vereadores do Brasil","publisher":{"@id":"https:\/\/uvbbrasil.com.br\/#organization"},"potentialAction":[{"@type":"SearchAction","target":{"@type":"EntryPoint","urlTemplate":"https:\/\/uvbbrasil.com.br\/?s={search_term_string}"},"query-input":{"@type":"PropertyValueSpecification","valueRequired":true,"valueName":"search_term_string"}}],"inLanguage":"pt-BR"},{"@type":"Organization","@id":"https:\/\/uvbbrasil.com.br\/#organization","name":"UVB Brasil","url":"https:\/\/uvbbrasil.com.br\/","logo":{"@type":"ImageObject","inLanguage":"pt-BR","@id":"https:\/\/uvbbrasil.com.br\/#\/schema\/logo\/image\/","url":"https:\/\/uvbbrasil.com.br\/wp-content\/uploads\/2025\/01\/LOGO-UVB-2024-azul-1.jpg","contentUrl":"https:\/\/uvbbrasil.com.br\/wp-content\/uploads\/2025\/01\/LOGO-UVB-2024-azul-1.jpg","width":600,"height":211,"caption":"UVB Brasil"},"image":{"@id":"https:\/\/uvbbrasil.com.br\/#\/schema\/logo\/image\/"},"sameAs":["https:\/\/www.facebook.com\/uvb.vereadoresbrasil","https:\/\/www.instagram.com\/uvbbrasil\/","https:\/\/www.youtube.com\/channel\/UCIlPQ8Xzw5GHNzosQIg9S5A"]},{"@type":"Person","@id":"https:\/\/uvbbrasil.com.br\/#\/schema\/person\/17990098446c098f52effddff4f1b272","name":"adminuvb","image":{"@type":"ImageObject","inLanguage":"pt-BR","@id":"https:\/\/uvbbrasil.com.br\/#\/schema\/person\/image\/","url":"https:\/\/secure.gravatar.com\/avatar\/1a494ea6f8e2dd1ae526e55b0e9497efdba542491e0620d704cccf63c6f77c45?s=96&d=mm&r=g","contentUrl":"https:\/\/secure.gravatar.com\/avatar\/1a494ea6f8e2dd1ae526e55b0e9497efdba542491e0620d704cccf63c6f77c45?s=96&d=mm&r=g","caption":"adminuvb"},"sameAs":["https:\/\/uvbbrasil.com.br"],"url":"https:\/\/uvbbrasil.com.br\/author\/adminuvb\/"}]}},"_links":{"self":[{"href":"https:\/\/uvbbrasil.com.br\/uvb-json\/wp\/v2\/posts\/13554","targetHints":{"allow":["GET"]}}],"collection":[{"href":"https:\/\/uvbbrasil.com.br\/uvb-json\/wp\/v2\/posts"}],"about":[{"href":"https:\/\/uvbbrasil.com.br\/uvb-json\/wp\/v2\/types\/post"}],"author":[{"embeddable":true,"href":"https:\/\/uvbbrasil.com.br\/uvb-json\/wp\/v2\/users\/1"}],"replies":[{"embeddable":true,"href":"https:\/\/uvbbrasil.com.br\/uvb-json\/wp\/v2\/comments?post=13554"}],"version-history":[{"count":0,"href":"https:\/\/uvbbrasil.com.br\/uvb-json\/wp\/v2\/posts\/13554\/revisions"}],"wp:featuredmedia":[{"embeddable":true,"href":"https:\/\/uvbbrasil.com.br\/uvb-json\/wp\/v2\/media\/13555"}],"wp:attachment":[{"href":"https:\/\/uvbbrasil.com.br\/uvb-json\/wp\/v2\/media?parent=13554"}],"wp:term":[{"taxonomy":"category","embeddable":true,"href":"https:\/\/uvbbrasil.com.br\/uvb-json\/wp\/v2\/categories?post=13554"},{"taxonomy":"post_tag","embeddable":true,"href":"https:\/\/uvbbrasil.com.br\/uvb-json\/wp\/v2\/tags?post=13554"}],"curies":[{"name":"wp","href":"https:\/\/api.w.org\/{rel}","templated":true}]}}