{"id":13118,"date":"2019-01-18T00:02:46","date_gmt":"2019-01-18T02:02:46","guid":{"rendered":"https:\/\/wpsandbox4.pante.com.br\/?p=13118"},"modified":"2019-01-18T00:02:46","modified_gmt":"2019-01-18T02:02:46","slug":"gilberto-maciel-e-o-presidente-da-camara-de-peritibasc-para-o-bienio-20192020","status":"publish","type":"post","link":"https:\/\/uvbbrasil.com.br\/gilberto-maciel-e-o-presidente-da-camara-de-peritibasc-para-o-bienio-20192020\/","title":{"rendered":"Gilberto Maciel \u00e9 o presidente da C\u00e2mara de Peritiba\/SC, para o bi\u00eanio 2019\/2020"},"content":{"rendered":"<p>O vereador Gilberto Maciel (PP) foi eleito como novo presidente da C\u00e2mara Municipal de Peritiba\/SC, para o bi\u00eanio 2019\/2020. Os demais membros da nova Mesa Diretora ser\u00e3o: Darlan Rech Gerhardt (PSDB) como Vice-Presidente; Victor Ant\u00f4nio Bays (PR) como 1\u00ba Secret\u00e1rio e Cristiane Salete Hoffmann da Costa (PMDB) como 2\u00ba Secret\u00e1rio.<\/p>\n<p>A elei\u00e7\u00e3o aconteceu na forma regimental, ou seja, na \u00faltima sess\u00e3o ordin\u00e1ria do ano e de forma in\u00e9dita nas \u00faltimas legislaturas, houve uma \u00fanica chapa apresentada, a qual foi eleita por unanimidade.<\/p>\n<p>A posse da mesa eleita \u00e9 autom\u00e1tica, no dia 1\u00ba de janeiro de 2019, conforme disp\u00f5e o Regimento Interno e o in\u00edcio da 3\u00aa sess\u00e3o legislativa, da 13\u00aa legislatura, est\u00e1 previsto para o dia 15 de fevereiro.<\/p>\n<p>Conforme o Regimento Interno, Art. 33.\u00a0 compete \u00e0 mesa da C\u00e2mara privativamente:<\/p>\n<p>I.\u00a0\u00a0\u00a0\u00a0\u00a0\u00a0\u00a0\u00a0\u00a0 propor ao plen\u00e1rio, projetos de resolu\u00e7\u00e3o que criem, transforme e extinga cargos, empregos ou fun\u00e7\u00f5es da C\u00e2mara Municipal e projeto de lei que fixar as correspondentes remunera\u00e7\u00f5es;<\/p>\n<p>II.\u00a0\u00a0\u00a0\u00a0\u00a0\u00a0\u00a0\u00a0 propor projeto de lei que fixar subs\u00eddios dos agentes pol\u00edticos na forma estabelecida na Lei Org\u00e2nica Municipal;<\/p>\n<p>III.\u00a0\u00a0\u00a0\u00a0\u00a0\u00a0\u00a0 propor as resolu\u00e7\u00f5es e decretos legislativos concessivos de afastamento ao prefeito e aos vereadores;<\/p>\n<p>IV.\u00a0\u00a0\u00a0\u00a0\u00a0\u00a0 elaborar e encaminhar ao prefeito at\u00e9 31 de agosto, ap\u00f3s aprova\u00e7\u00e3o pelo Plen\u00e1rio, \u00e0 proposta parcial do or\u00e7amento da C\u00e2mara para ser inclu\u00edda na proposta geral do Munic\u00edpio, prevalecendo, na hip\u00f3tese de n\u00e3o aprova\u00e7\u00e3o pelo plen\u00e1rio, \u00e0 proposta elaborada pela mesa;<\/p>\n<p>V.\u00a0\u00a0\u00a0\u00a0\u00a0\u00a0\u00a0 enviar ao Prefeito Municipal, at\u00e9 o dia primeiro de mar\u00e7o, as contas do exerc\u00edcio anterior;<\/p>\n<p>VI.\u00a0\u00a0\u00a0\u00a0\u00a0\u00a0 declarar a perda de mandato do vereador, de of\u00edcio ou por provoca\u00e7\u00e3o de qualquer dos membros da C\u00e2mara, nos casos previstos na Lei Org\u00e2nica Municipal, assegurada ampla defesa;<\/p>\n<p>VII.\u00a0\u00a0\u00a0\u00a0\u00a0 representar em nome da C\u00e2mara, junto aos poderes da Uni\u00e3o, do Estado e do Distrito Federal;<\/p>\n<p>VIII.\u00a0\u00a0\u00a0\u00a0 organizar cronograma de desembolso das dota\u00e7\u00f5es da C\u00e2mara vinculadamente ao repasse mensal das mesmas pelo executivo;<\/p>\n<p>IX.\u00a0\u00a0\u00a0\u00a0\u00a0\u00a0 proceder \u00e0 reda\u00e7\u00e3o final das resolu\u00e7\u00f5es e decretos legislativos;<\/p>\n<p>X.\u00a0\u00a0\u00a0\u00a0\u00a0\u00a0\u00a0 deliberar sobre as convoca\u00e7\u00f5es de sess\u00f5es extraordin\u00e1rias na C\u00e2mara;<\/p>\n<p>XI.\u00a0\u00a0\u00a0\u00a0\u00a0\u00a0 receber ou recusar as proposi\u00e7\u00f5es apresentadas sem observ\u00e2ncia das disposi\u00e7\u00f5es regimentais;<\/p>\n<p>XII.\u00a0\u00a0\u00a0\u00a0\u00a0 assinar por todos os seus membros, as resolu\u00e7\u00f5es e os decretos legislativos;<\/p>\n<p>XIII.\u00a0\u00a0\u00a0\u00a0 autografar os projetos de lei aprovados, para sua remessa ao Executivo;<\/p>\n<p>XIV.\u00a0\u00a0\u00a0 deliberar sobre a realiza\u00e7\u00e3o de sess\u00f5es solenes fora da Edilidade;<\/p>\n<p>XV.\u00a0\u00a0\u00a0\u00a0 determinar, no inicio da legislatura, o arquivamento das proposi\u00e7\u00f5es n\u00e3o apreciadas na legislatura anterior.<\/p>\n","protected":false},"excerpt":{"rendered":"<p>O vereador Gilberto Maciel (PP) foi eleito como novo presidente da C\u00e2mara Municipal de Peritiba\/SC, para o bi\u00eanio 2019\/2020. Os&#8230;<\/p>\n","protected":false},"author":1,"featured_media":13178,"comment_status":"open","ping_status":"open","sticky":false,"template":"","format":"standard","meta":{"footnotes":""},"categories":[3],"tags":[],"class_list":["post-13118","post","type-post","status-publish","format-standard","has-post-thumbnail","hentry","category-noticias"],"yoast_head":"<!-- This site is optimized with the Yoast SEO plugin v26.7 - https:\/\/yoast.com\/wordpress\/plugins\/seo\/ -->\n<title>Gilberto Maciel \u00e9 o presidente da C\u00e2mara de Peritiba\/SC, para o bi\u00eanio 2019\/2020 - UVB Brasil<\/title>\n<meta name=\"robots\" content=\"index, follow, max-snippet:-1, max-image-preview:large, max-video-preview:-1\" \/>\n<link rel=\"canonical\" href=\"https:\/\/uvbbrasil.com.br\/gilberto-maciel-e-o-presidente-da-camara-de-peritibasc-para-o-bienio-20192020\/\" \/>\n<meta property=\"og:locale\" content=\"pt_BR\" \/>\n<meta property=\"og:type\" content=\"article\" \/>\n<meta property=\"og:title\" content=\"Gilberto Maciel \u00e9 o presidente da C\u00e2mara de Peritiba\/SC, para o bi\u00eanio 2019\/2020 - UVB Brasil\" \/>\n<meta property=\"og:description\" content=\"O vereador Gilberto Maciel (PP) foi eleito como novo presidente da C\u00e2mara Municipal de Peritiba\/SC, para o bi\u00eanio 2019\/2020. Os...\" \/>\n<meta property=\"og:url\" content=\"https:\/\/uvbbrasil.com.br\/gilberto-maciel-e-o-presidente-da-camara-de-peritibasc-para-o-bienio-20192020\/\" \/>\n<meta property=\"og:site_name\" content=\"UVB Brasil\" \/>\n<meta property=\"article:publisher\" content=\"https:\/\/www.facebook.com\/uvb.vereadoresbrasil\" \/>\n<meta property=\"article:published_time\" content=\"2019-01-18T02:02:46+00:00\" \/>\n<meta property=\"og:image\" content=\"https:\/\/uvbbrasil.com.br\/wp-content\/uploads\/2019\/01\/gilberto-x-scaled.jpg\" \/>\n\t<meta property=\"og:image:width\" content=\"1707\" \/>\n\t<meta property=\"og:image:height\" content=\"2560\" \/>\n\t<meta property=\"og:image:type\" content=\"image\/jpeg\" \/>\n<meta name=\"author\" content=\"adminuvb\" \/>\n<meta name=\"twitter:card\" content=\"summary_large_image\" \/>\n<meta name=\"twitter:label1\" content=\"Escrito por\" \/>\n\t<meta name=\"twitter:data1\" content=\"adminuvb\" \/>\n\t<meta name=\"twitter:label2\" content=\"Est. tempo de leitura\" \/>\n\t<meta name=\"twitter:data2\" content=\"2 minutos\" \/>\n<script type=\"application\/ld+json\" class=\"yoast-schema-graph\">{\"@context\":\"https:\/\/schema.org\",\"@graph\":[{\"@type\":\"Article\",\"@id\":\"https:\/\/uvbbrasil.com.br\/gilberto-maciel-e-o-presidente-da-camara-de-peritibasc-para-o-bienio-20192020\/#article\",\"isPartOf\":{\"@id\":\"https:\/\/uvbbrasil.com.br\/gilberto-maciel-e-o-presidente-da-camara-de-peritibasc-para-o-bienio-20192020\/\"},\"author\":{\"name\":\"adminuvb\",\"@id\":\"https:\/\/uvbbrasil.com.br\/#\/schema\/person\/17990098446c098f52effddff4f1b272\"},\"headline\":\"Gilberto Maciel \u00e9 o presidente da C\u00e2mara de Peritiba\/SC, para o bi\u00eanio 2019\/2020\",\"datePublished\":\"2019-01-18T02:02:46+00:00\",\"mainEntityOfPage\":{\"@id\":\"https:\/\/uvbbrasil.com.br\/gilberto-maciel-e-o-presidente-da-camara-de-peritibasc-para-o-bienio-20192020\/\"},\"wordCount\":455,\"commentCount\":0,\"publisher\":{\"@id\":\"https:\/\/uvbbrasil.com.br\/#organization\"},\"image\":{\"@id\":\"https:\/\/uvbbrasil.com.br\/gilberto-maciel-e-o-presidente-da-camara-de-peritibasc-para-o-bienio-20192020\/#primaryimage\"},\"thumbnailUrl\":\"https:\/\/uvbbrasil.com.br\/wp-content\/uploads\/2019\/01\/gilberto-x-scaled.jpg\",\"articleSection\":[\"NOT\u00cdCIAS\"],\"inLanguage\":\"pt-BR\",\"potentialAction\":[{\"@type\":\"CommentAction\",\"name\":\"Comment\",\"target\":[\"https:\/\/uvbbrasil.com.br\/gilberto-maciel-e-o-presidente-da-camara-de-peritibasc-para-o-bienio-20192020\/#respond\"]}]},{\"@type\":\"WebPage\",\"@id\":\"https:\/\/uvbbrasil.com.br\/gilberto-maciel-e-o-presidente-da-camara-de-peritibasc-para-o-bienio-20192020\/\",\"url\":\"https:\/\/uvbbrasil.com.br\/gilberto-maciel-e-o-presidente-da-camara-de-peritibasc-para-o-bienio-20192020\/\",\"name\":\"Gilberto Maciel \u00e9 o presidente da C\u00e2mara de Peritiba\/SC, para o bi\u00eanio 2019\/2020 - UVB Brasil\",\"isPartOf\":{\"@id\":\"https:\/\/uvbbrasil.com.br\/#website\"},\"primaryImageOfPage\":{\"@id\":\"https:\/\/uvbbrasil.com.br\/gilberto-maciel-e-o-presidente-da-camara-de-peritibasc-para-o-bienio-20192020\/#primaryimage\"},\"image\":{\"@id\":\"https:\/\/uvbbrasil.com.br\/gilberto-maciel-e-o-presidente-da-camara-de-peritibasc-para-o-bienio-20192020\/#primaryimage\"},\"thumbnailUrl\":\"https:\/\/uvbbrasil.com.br\/wp-content\/uploads\/2019\/01\/gilberto-x-scaled.jpg\",\"datePublished\":\"2019-01-18T02:02:46+00:00\",\"breadcrumb\":{\"@id\":\"https:\/\/uvbbrasil.com.br\/gilberto-maciel-e-o-presidente-da-camara-de-peritibasc-para-o-bienio-20192020\/#breadcrumb\"},\"inLanguage\":\"pt-BR\",\"potentialAction\":[{\"@type\":\"ReadAction\",\"target\":[\"https:\/\/uvbbrasil.com.br\/gilberto-maciel-e-o-presidente-da-camara-de-peritibasc-para-o-bienio-20192020\/\"]}]},{\"@type\":\"ImageObject\",\"inLanguage\":\"pt-BR\",\"@id\":\"https:\/\/uvbbrasil.com.br\/gilberto-maciel-e-o-presidente-da-camara-de-peritibasc-para-o-bienio-20192020\/#primaryimage\",\"url\":\"https:\/\/uvbbrasil.com.br\/wp-content\/uploads\/2019\/01\/gilberto-x-scaled.jpg\",\"contentUrl\":\"https:\/\/uvbbrasil.com.br\/wp-content\/uploads\/2019\/01\/gilberto-x-scaled.jpg\",\"width\":1707,\"height\":2560},{\"@type\":\"BreadcrumbList\",\"@id\":\"https:\/\/uvbbrasil.com.br\/gilberto-maciel-e-o-presidente-da-camara-de-peritibasc-para-o-bienio-20192020\/#breadcrumb\",\"itemListElement\":[{\"@type\":\"ListItem\",\"position\":1,\"name\":\"In\u00edcio\",\"item\":\"https:\/\/uvbbrasil.com.br\/\"},{\"@type\":\"ListItem\",\"position\":2,\"name\":\"Gilberto Maciel \u00e9 o presidente da C\u00e2mara de Peritiba\/SC, para o bi\u00eanio 2019\/2020\"}]},{\"@type\":\"WebSite\",\"@id\":\"https:\/\/uvbbrasil.com.br\/#website\",\"url\":\"https:\/\/uvbbrasil.com.br\/\",\"name\":\"UVB Brasil\",\"description\":\"Uni\u00e3o dos Vereadores do Brasil\",\"publisher\":{\"@id\":\"https:\/\/uvbbrasil.com.br\/#organization\"},\"potentialAction\":[{\"@type\":\"SearchAction\",\"target\":{\"@type\":\"EntryPoint\",\"urlTemplate\":\"https:\/\/uvbbrasil.com.br\/?s={search_term_string}\"},\"query-input\":{\"@type\":\"PropertyValueSpecification\",\"valueRequired\":true,\"valueName\":\"search_term_string\"}}],\"inLanguage\":\"pt-BR\"},{\"@type\":\"Organization\",\"@id\":\"https:\/\/uvbbrasil.com.br\/#organization\",\"name\":\"UVB Brasil\",\"url\":\"https:\/\/uvbbrasil.com.br\/\",\"logo\":{\"@type\":\"ImageObject\",\"inLanguage\":\"pt-BR\",\"@id\":\"https:\/\/uvbbrasil.com.br\/#\/schema\/logo\/image\/\",\"url\":\"https:\/\/uvbbrasil.com.br\/wp-content\/uploads\/2025\/01\/LOGO-UVB-2024-azul-1.jpg\",\"contentUrl\":\"https:\/\/uvbbrasil.com.br\/wp-content\/uploads\/2025\/01\/LOGO-UVB-2024-azul-1.jpg\",\"width\":600,\"height\":211,\"caption\":\"UVB Brasil\"},\"image\":{\"@id\":\"https:\/\/uvbbrasil.com.br\/#\/schema\/logo\/image\/\"},\"sameAs\":[\"https:\/\/www.facebook.com\/uvb.vereadoresbrasil\",\"https:\/\/www.instagram.com\/uvbbrasil\/\",\"https:\/\/www.youtube.com\/channel\/UCIlPQ8Xzw5GHNzosQIg9S5A\"]},{\"@type\":\"Person\",\"@id\":\"https:\/\/uvbbrasil.com.br\/#\/schema\/person\/17990098446c098f52effddff4f1b272\",\"name\":\"adminuvb\",\"image\":{\"@type\":\"ImageObject\",\"inLanguage\":\"pt-BR\",\"@id\":\"https:\/\/uvbbrasil.com.br\/#\/schema\/person\/image\/\",\"url\":\"https:\/\/secure.gravatar.com\/avatar\/1a494ea6f8e2dd1ae526e55b0e9497efdba542491e0620d704cccf63c6f77c45?s=96&d=mm&r=g\",\"contentUrl\":\"https:\/\/secure.gravatar.com\/avatar\/1a494ea6f8e2dd1ae526e55b0e9497efdba542491e0620d704cccf63c6f77c45?s=96&d=mm&r=g\",\"caption\":\"adminuvb\"},\"sameAs\":[\"https:\/\/uvbbrasil.com.br\"],\"url\":\"https:\/\/uvbbrasil.com.br\/author\/adminuvb\/\"}]}<\/script>\n<!-- \/ Yoast SEO plugin. -->","yoast_head_json":{"title":"Gilberto Maciel \u00e9 o presidente da C\u00e2mara de Peritiba\/SC, para o bi\u00eanio 2019\/2020 - UVB Brasil","robots":{"index":"index","follow":"follow","max-snippet":"max-snippet:-1","max-image-preview":"max-image-preview:large","max-video-preview":"max-video-preview:-1"},"canonical":"https:\/\/uvbbrasil.com.br\/gilberto-maciel-e-o-presidente-da-camara-de-peritibasc-para-o-bienio-20192020\/","og_locale":"pt_BR","og_type":"article","og_title":"Gilberto Maciel \u00e9 o presidente da C\u00e2mara de Peritiba\/SC, para o bi\u00eanio 2019\/2020 - UVB Brasil","og_description":"O vereador Gilberto Maciel (PP) foi eleito como novo presidente da C\u00e2mara Municipal de Peritiba\/SC, para o bi\u00eanio 2019\/2020. Os...","og_url":"https:\/\/uvbbrasil.com.br\/gilberto-maciel-e-o-presidente-da-camara-de-peritibasc-para-o-bienio-20192020\/","og_site_name":"UVB Brasil","article_publisher":"https:\/\/www.facebook.com\/uvb.vereadoresbrasil","article_published_time":"2019-01-18T02:02:46+00:00","og_image":[{"width":1707,"height":2560,"url":"https:\/\/uvbbrasil.com.br\/wp-content\/uploads\/2019\/01\/gilberto-x-scaled.jpg","type":"image\/jpeg"}],"author":"adminuvb","twitter_card":"summary_large_image","twitter_misc":{"Escrito por":"adminuvb","Est. tempo de leitura":"2 minutos"},"schema":{"@context":"https:\/\/schema.org","@graph":[{"@type":"Article","@id":"https:\/\/uvbbrasil.com.br\/gilberto-maciel-e-o-presidente-da-camara-de-peritibasc-para-o-bienio-20192020\/#article","isPartOf":{"@id":"https:\/\/uvbbrasil.com.br\/gilberto-maciel-e-o-presidente-da-camara-de-peritibasc-para-o-bienio-20192020\/"},"author":{"name":"adminuvb","@id":"https:\/\/uvbbrasil.com.br\/#\/schema\/person\/17990098446c098f52effddff4f1b272"},"headline":"Gilberto Maciel \u00e9 o presidente da C\u00e2mara de Peritiba\/SC, para o bi\u00eanio 2019\/2020","datePublished":"2019-01-18T02:02:46+00:00","mainEntityOfPage":{"@id":"https:\/\/uvbbrasil.com.br\/gilberto-maciel-e-o-presidente-da-camara-de-peritibasc-para-o-bienio-20192020\/"},"wordCount":455,"commentCount":0,"publisher":{"@id":"https:\/\/uvbbrasil.com.br\/#organization"},"image":{"@id":"https:\/\/uvbbrasil.com.br\/gilberto-maciel-e-o-presidente-da-camara-de-peritibasc-para-o-bienio-20192020\/#primaryimage"},"thumbnailUrl":"https:\/\/uvbbrasil.com.br\/wp-content\/uploads\/2019\/01\/gilberto-x-scaled.jpg","articleSection":["NOT\u00cdCIAS"],"inLanguage":"pt-BR","potentialAction":[{"@type":"CommentAction","name":"Comment","target":["https:\/\/uvbbrasil.com.br\/gilberto-maciel-e-o-presidente-da-camara-de-peritibasc-para-o-bienio-20192020\/#respond"]}]},{"@type":"WebPage","@id":"https:\/\/uvbbrasil.com.br\/gilberto-maciel-e-o-presidente-da-camara-de-peritibasc-para-o-bienio-20192020\/","url":"https:\/\/uvbbrasil.com.br\/gilberto-maciel-e-o-presidente-da-camara-de-peritibasc-para-o-bienio-20192020\/","name":"Gilberto Maciel \u00e9 o presidente da C\u00e2mara de Peritiba\/SC, para o bi\u00eanio 2019\/2020 - UVB Brasil","isPartOf":{"@id":"https:\/\/uvbbrasil.com.br\/#website"},"primaryImageOfPage":{"@id":"https:\/\/uvbbrasil.com.br\/gilberto-maciel-e-o-presidente-da-camara-de-peritibasc-para-o-bienio-20192020\/#primaryimage"},"image":{"@id":"https:\/\/uvbbrasil.com.br\/gilberto-maciel-e-o-presidente-da-camara-de-peritibasc-para-o-bienio-20192020\/#primaryimage"},"thumbnailUrl":"https:\/\/uvbbrasil.com.br\/wp-content\/uploads\/2019\/01\/gilberto-x-scaled.jpg","datePublished":"2019-01-18T02:02:46+00:00","breadcrumb":{"@id":"https:\/\/uvbbrasil.com.br\/gilberto-maciel-e-o-presidente-da-camara-de-peritibasc-para-o-bienio-20192020\/#breadcrumb"},"inLanguage":"pt-BR","potentialAction":[{"@type":"ReadAction","target":["https:\/\/uvbbrasil.com.br\/gilberto-maciel-e-o-presidente-da-camara-de-peritibasc-para-o-bienio-20192020\/"]}]},{"@type":"ImageObject","inLanguage":"pt-BR","@id":"https:\/\/uvbbrasil.com.br\/gilberto-maciel-e-o-presidente-da-camara-de-peritibasc-para-o-bienio-20192020\/#primaryimage","url":"https:\/\/uvbbrasil.com.br\/wp-content\/uploads\/2019\/01\/gilberto-x-scaled.jpg","contentUrl":"https:\/\/uvbbrasil.com.br\/wp-content\/uploads\/2019\/01\/gilberto-x-scaled.jpg","width":1707,"height":2560},{"@type":"BreadcrumbList","@id":"https:\/\/uvbbrasil.com.br\/gilberto-maciel-e-o-presidente-da-camara-de-peritibasc-para-o-bienio-20192020\/#breadcrumb","itemListElement":[{"@type":"ListItem","position":1,"name":"In\u00edcio","item":"https:\/\/uvbbrasil.com.br\/"},{"@type":"ListItem","position":2,"name":"Gilberto Maciel \u00e9 o presidente da C\u00e2mara de Peritiba\/SC, para o bi\u00eanio 2019\/2020"}]},{"@type":"WebSite","@id":"https:\/\/uvbbrasil.com.br\/#website","url":"https:\/\/uvbbrasil.com.br\/","name":"UVB Brasil","description":"Uni\u00e3o dos Vereadores do Brasil","publisher":{"@id":"https:\/\/uvbbrasil.com.br\/#organization"},"potentialAction":[{"@type":"SearchAction","target":{"@type":"EntryPoint","urlTemplate":"https:\/\/uvbbrasil.com.br\/?s={search_term_string}"},"query-input":{"@type":"PropertyValueSpecification","valueRequired":true,"valueName":"search_term_string"}}],"inLanguage":"pt-BR"},{"@type":"Organization","@id":"https:\/\/uvbbrasil.com.br\/#organization","name":"UVB Brasil","url":"https:\/\/uvbbrasil.com.br\/","logo":{"@type":"ImageObject","inLanguage":"pt-BR","@id":"https:\/\/uvbbrasil.com.br\/#\/schema\/logo\/image\/","url":"https:\/\/uvbbrasil.com.br\/wp-content\/uploads\/2025\/01\/LOGO-UVB-2024-azul-1.jpg","contentUrl":"https:\/\/uvbbrasil.com.br\/wp-content\/uploads\/2025\/01\/LOGO-UVB-2024-azul-1.jpg","width":600,"height":211,"caption":"UVB Brasil"},"image":{"@id":"https:\/\/uvbbrasil.com.br\/#\/schema\/logo\/image\/"},"sameAs":["https:\/\/www.facebook.com\/uvb.vereadoresbrasil","https:\/\/www.instagram.com\/uvbbrasil\/","https:\/\/www.youtube.com\/channel\/UCIlPQ8Xzw5GHNzosQIg9S5A"]},{"@type":"Person","@id":"https:\/\/uvbbrasil.com.br\/#\/schema\/person\/17990098446c098f52effddff4f1b272","name":"adminuvb","image":{"@type":"ImageObject","inLanguage":"pt-BR","@id":"https:\/\/uvbbrasil.com.br\/#\/schema\/person\/image\/","url":"https:\/\/secure.gravatar.com\/avatar\/1a494ea6f8e2dd1ae526e55b0e9497efdba542491e0620d704cccf63c6f77c45?s=96&d=mm&r=g","contentUrl":"https:\/\/secure.gravatar.com\/avatar\/1a494ea6f8e2dd1ae526e55b0e9497efdba542491e0620d704cccf63c6f77c45?s=96&d=mm&r=g","caption":"adminuvb"},"sameAs":["https:\/\/uvbbrasil.com.br"],"url":"https:\/\/uvbbrasil.com.br\/author\/adminuvb\/"}]}},"_links":{"self":[{"href":"https:\/\/uvbbrasil.com.br\/uvb-json\/wp\/v2\/posts\/13118","targetHints":{"allow":["GET"]}}],"collection":[{"href":"https:\/\/uvbbrasil.com.br\/uvb-json\/wp\/v2\/posts"}],"about":[{"href":"https:\/\/uvbbrasil.com.br\/uvb-json\/wp\/v2\/types\/post"}],"author":[{"embeddable":true,"href":"https:\/\/uvbbrasil.com.br\/uvb-json\/wp\/v2\/users\/1"}],"replies":[{"embeddable":true,"href":"https:\/\/uvbbrasil.com.br\/uvb-json\/wp\/v2\/comments?post=13118"}],"version-history":[{"count":0,"href":"https:\/\/uvbbrasil.com.br\/uvb-json\/wp\/v2\/posts\/13118\/revisions"}],"wp:featuredmedia":[{"embeddable":true,"href":"https:\/\/uvbbrasil.com.br\/uvb-json\/wp\/v2\/media\/13178"}],"wp:attachment":[{"href":"https:\/\/uvbbrasil.com.br\/uvb-json\/wp\/v2\/media?parent=13118"}],"wp:term":[{"taxonomy":"category","embeddable":true,"href":"https:\/\/uvbbrasil.com.br\/uvb-json\/wp\/v2\/categories?post=13118"},{"taxonomy":"post_tag","embeddable":true,"href":"https:\/\/uvbbrasil.com.br\/uvb-json\/wp\/v2\/tags?post=13118"}],"curies":[{"name":"wp","href":"https:\/\/api.w.org\/{rel}","templated":true}]}}