{"id":12764,"date":"2018-12-22T19:27:20","date_gmt":"2018-12-22T21:27:20","guid":{"rendered":"https:\/\/wpsandbox4.pante.com.br\/?p=12764"},"modified":"2018-12-22T19:27:20","modified_gmt":"2018-12-22T21:27:20","slug":"alando-lima-toma-posse-dia-03-como-o-novo-presidente-da-camara-de-vereadores-de-igreja-nova","status":"publish","type":"post","link":"https:\/\/uvbbrasil.com.br\/alando-lima-toma-posse-dia-03-como-o-novo-presidente-da-camara-de-vereadores-de-igreja-nova\/","title":{"rendered":"Alando Lima tomar\u00e1 posse como o novo Presidente da C\u00e2mara de Igreja Nova"},"content":{"rendered":"<p>O vereador Alando Lima, assume oficialmente o comando do Poder Legislativo de Igreja Nova, no pr\u00f3ximo dia 03 de janeiro de 2019.<\/p>\n<p>Eleito no dia 24 de abril de 2018, no Plen\u00e1rio Ceci Cunha da C\u00e2mara de Vereadores do Munic\u00edpio de Igreja Nova &#8211; AL, Alando Lima assume para o bi\u00eanio 2019\/2020. Foi eleito em sess\u00e3o solene e por unanimidade dos vereadores presentes, com 10 votos favores.<\/p>\n<p>A solenidade de elei\u00e7\u00e3o foi prestigiada por autoridades municipais e regionais como o vice-prefeito, Manoel Mateus, o deputado estadual, Ronaldo Medeiros, o Gerente Executivo da Ger\u00eancia Executiva do\u00a0INSS\u00a0&#8211;\u00a0Macei\u00f3\/AL, Senhor Edgar\u00a0Barros dos Santos, Maycon Beltr\u00e3o, Secret\u00e1rios municipais, ex-vereadores, outras autoridades e o povo em geral.<\/p>\n<p>Alando Lima \u00e9 o atual vice &#8211; presidente da UVEAL e exerceu a fun\u00e7\u00e3o de Superintendente da Uni\u00e3o dos Vereadores do Brasil &#8211; UVB, no Estado de Alagoas.<\/p>\n<p><strong>A nova Mesa Diretora assume em Sess\u00e3o Solene dia 03 de janeiro<\/strong><\/p>\n<p>A C\u00e2mara Municipal de Vereadores de Igreja Nova, realiza\u00a0Sess\u00e3o Solene de Posse da nova Mesa Diretora para o Bi\u00eanio 2019\/2020\u00a0no dia 03 de janeiro, com in\u00edcio \u00e0s 10 horas, na sede da C\u00e2mara de Vereadores.<\/p>\n<p>O Superintende da UVB para os Estados do Nordeste, Jos\u00e9 An\u00edzio de Amorim &#8211; vereador Aniz\u00e3o, estar\u00e1 representando a Uni\u00e3o dos Vereadores do Brasil &#8211; UVB. A solenidade ter\u00e1 a seguinte programa\u00e7\u00e3o:<\/p>\n<p>10h \u2013 Sess\u00e3o Solene de Posse;<\/p>\n<p>11h \u2013 Entrega do T\u00edtulo de Cidad\u00e3o Igrejanovense, deputada eleita Tereza Nelma e ao deputado Marx Beltr\u00e3o.<\/p>\n<p><strong>Constitui\u00e7\u00e3o da nova Mesa Diretora:<\/strong><\/p>\n<p>Presidente:\u00a0Alando Lima, Vice-Presidente:\u00a0Romualdo Moreira, 1\u00ba Secret\u00e1rio:\u00a0Cid\u00e1rio dos Santos e 2\u00ba Secret\u00e1rio:\u00a0Dalmo Lino.<\/p>\n<p>&nbsp;<\/p>\n<p><em><img fetchpriority=\"high\" decoding=\"async\" class=\"aligncenter wp-image-12765\" src=\"https:\/\/uvbbrasil.com.br\/wp-content\/uploads\/2018\/12\/igreja-nova.jpg\" alt=\"\" width=\"450\" height=\"338\" \/><\/em><\/p>\n<p style=\"text-align: center;\">Vereadores que comp\u00f5em a atual legislatura da CMV de Igreja Nova<\/p>\n<p><em>SECOM &#8211; <\/em><em>Foto: Prof. Atiliano<\/em><\/p>\n","protected":false},"excerpt":{"rendered":"<p>O vereador Alando Lima, assume oficialmente o comando do Poder Legislativo de Igreja Nova, no pr\u00f3ximo dia 03 de janeiro&#8230;<\/p>\n","protected":false},"author":1,"featured_media":12766,"comment_status":"open","ping_status":"open","sticky":false,"template":"","format":"standard","meta":{"footnotes":""},"categories":[3,4],"tags":[],"class_list":["post-12764","post","type-post","status-publish","format-standard","has-post-thumbnail","hentry","category-noticias","category-home"],"yoast_head":"<!-- This site is optimized with the Yoast SEO plugin v26.7 - https:\/\/yoast.com\/wordpress\/plugins\/seo\/ -->\n<title>Alando Lima tomar\u00e1 posse como o novo Presidente da C\u00e2mara de Igreja Nova - UVB Brasil<\/title>\n<meta name=\"robots\" content=\"index, follow, max-snippet:-1, max-image-preview:large, max-video-preview:-1\" \/>\n<link rel=\"canonical\" href=\"https:\/\/uvbbrasil.com.br\/alando-lima-toma-posse-dia-03-como-o-novo-presidente-da-camara-de-vereadores-de-igreja-nova\/\" \/>\n<meta property=\"og:locale\" content=\"pt_BR\" \/>\n<meta property=\"og:type\" content=\"article\" \/>\n<meta property=\"og:title\" content=\"Alando Lima tomar\u00e1 posse como o novo Presidente da C\u00e2mara de Igreja Nova - UVB Brasil\" \/>\n<meta property=\"og:description\" content=\"O vereador Alando Lima, assume oficialmente o comando do Poder Legislativo de Igreja Nova, no pr\u00f3ximo dia 03 de janeiro...\" \/>\n<meta property=\"og:url\" content=\"https:\/\/uvbbrasil.com.br\/alando-lima-toma-posse-dia-03-como-o-novo-presidente-da-camara-de-vereadores-de-igreja-nova\/\" \/>\n<meta property=\"og:site_name\" content=\"UVB Brasil\" \/>\n<meta property=\"article:publisher\" content=\"https:\/\/www.facebook.com\/uvb.vereadoresbrasil\" \/>\n<meta property=\"article:published_time\" content=\"2018-12-22T21:27:20+00:00\" \/>\n<meta property=\"og:image\" content=\"https:\/\/uvbbrasil.com.br\/wp-content\/uploads\/2018\/12\/ALANDO-LIMA.png\" \/>\n\t<meta property=\"og:image:width\" content=\"650\" \/>\n\t<meta property=\"og:image:height\" content=\"750\" \/>\n\t<meta property=\"og:image:type\" content=\"image\/png\" \/>\n<meta name=\"author\" content=\"adminuvb\" \/>\n<meta name=\"twitter:card\" content=\"summary_large_image\" \/>\n<meta name=\"twitter:label1\" content=\"Escrito por\" \/>\n\t<meta name=\"twitter:data1\" content=\"adminuvb\" \/>\n\t<meta name=\"twitter:label2\" content=\"Est. tempo de leitura\" \/>\n\t<meta name=\"twitter:data2\" content=\"2 minutos\" \/>\n<script type=\"application\/ld+json\" class=\"yoast-schema-graph\">{\"@context\":\"https:\/\/schema.org\",\"@graph\":[{\"@type\":\"Article\",\"@id\":\"https:\/\/uvbbrasil.com.br\/alando-lima-toma-posse-dia-03-como-o-novo-presidente-da-camara-de-vereadores-de-igreja-nova\/#article\",\"isPartOf\":{\"@id\":\"https:\/\/uvbbrasil.com.br\/alando-lima-toma-posse-dia-03-como-o-novo-presidente-da-camara-de-vereadores-de-igreja-nova\/\"},\"author\":{\"name\":\"adminuvb\",\"@id\":\"https:\/\/uvbbrasil.com.br\/#\/schema\/person\/17990098446c098f52effddff4f1b272\"},\"headline\":\"Alando Lima tomar\u00e1 posse como o novo Presidente da C\u00e2mara de Igreja Nova\",\"datePublished\":\"2018-12-22T21:27:20+00:00\",\"mainEntityOfPage\":{\"@id\":\"https:\/\/uvbbrasil.com.br\/alando-lima-toma-posse-dia-03-como-o-novo-presidente-da-camara-de-vereadores-de-igreja-nova\/\"},\"wordCount\":316,\"commentCount\":0,\"publisher\":{\"@id\":\"https:\/\/uvbbrasil.com.br\/#organization\"},\"image\":{\"@id\":\"https:\/\/uvbbrasil.com.br\/alando-lima-toma-posse-dia-03-como-o-novo-presidente-da-camara-de-vereadores-de-igreja-nova\/#primaryimage\"},\"thumbnailUrl\":\"https:\/\/uvbbrasil.com.br\/wp-content\/uploads\/2018\/12\/ALANDO-LIMA.png\",\"articleSection\":[\"NOT\u00cdCIAS\",\"UVB\"],\"inLanguage\":\"pt-BR\",\"potentialAction\":[{\"@type\":\"CommentAction\",\"name\":\"Comment\",\"target\":[\"https:\/\/uvbbrasil.com.br\/alando-lima-toma-posse-dia-03-como-o-novo-presidente-da-camara-de-vereadores-de-igreja-nova\/#respond\"]}]},{\"@type\":\"WebPage\",\"@id\":\"https:\/\/uvbbrasil.com.br\/alando-lima-toma-posse-dia-03-como-o-novo-presidente-da-camara-de-vereadores-de-igreja-nova\/\",\"url\":\"https:\/\/uvbbrasil.com.br\/alando-lima-toma-posse-dia-03-como-o-novo-presidente-da-camara-de-vereadores-de-igreja-nova\/\",\"name\":\"Alando Lima tomar\u00e1 posse como o novo Presidente da C\u00e2mara de Igreja Nova - UVB Brasil\",\"isPartOf\":{\"@id\":\"https:\/\/uvbbrasil.com.br\/#website\"},\"primaryImageOfPage\":{\"@id\":\"https:\/\/uvbbrasil.com.br\/alando-lima-toma-posse-dia-03-como-o-novo-presidente-da-camara-de-vereadores-de-igreja-nova\/#primaryimage\"},\"image\":{\"@id\":\"https:\/\/uvbbrasil.com.br\/alando-lima-toma-posse-dia-03-como-o-novo-presidente-da-camara-de-vereadores-de-igreja-nova\/#primaryimage\"},\"thumbnailUrl\":\"https:\/\/uvbbrasil.com.br\/wp-content\/uploads\/2018\/12\/ALANDO-LIMA.png\",\"datePublished\":\"2018-12-22T21:27:20+00:00\",\"breadcrumb\":{\"@id\":\"https:\/\/uvbbrasil.com.br\/alando-lima-toma-posse-dia-03-como-o-novo-presidente-da-camara-de-vereadores-de-igreja-nova\/#breadcrumb\"},\"inLanguage\":\"pt-BR\",\"potentialAction\":[{\"@type\":\"ReadAction\",\"target\":[\"https:\/\/uvbbrasil.com.br\/alando-lima-toma-posse-dia-03-como-o-novo-presidente-da-camara-de-vereadores-de-igreja-nova\/\"]}]},{\"@type\":\"ImageObject\",\"inLanguage\":\"pt-BR\",\"@id\":\"https:\/\/uvbbrasil.com.br\/alando-lima-toma-posse-dia-03-como-o-novo-presidente-da-camara-de-vereadores-de-igreja-nova\/#primaryimage\",\"url\":\"https:\/\/uvbbrasil.com.br\/wp-content\/uploads\/2018\/12\/ALANDO-LIMA.png\",\"contentUrl\":\"https:\/\/uvbbrasil.com.br\/wp-content\/uploads\/2018\/12\/ALANDO-LIMA.png\",\"width\":650,\"height\":750},{\"@type\":\"BreadcrumbList\",\"@id\":\"https:\/\/uvbbrasil.com.br\/alando-lima-toma-posse-dia-03-como-o-novo-presidente-da-camara-de-vereadores-de-igreja-nova\/#breadcrumb\",\"itemListElement\":[{\"@type\":\"ListItem\",\"position\":1,\"name\":\"In\u00edcio\",\"item\":\"https:\/\/uvbbrasil.com.br\/\"},{\"@type\":\"ListItem\",\"position\":2,\"name\":\"Alando Lima tomar\u00e1 posse como o novo Presidente da C\u00e2mara de Igreja Nova\"}]},{\"@type\":\"WebSite\",\"@id\":\"https:\/\/uvbbrasil.com.br\/#website\",\"url\":\"https:\/\/uvbbrasil.com.br\/\",\"name\":\"UVB Brasil\",\"description\":\"Uni\u00e3o dos Vereadores do Brasil\",\"publisher\":{\"@id\":\"https:\/\/uvbbrasil.com.br\/#organization\"},\"potentialAction\":[{\"@type\":\"SearchAction\",\"target\":{\"@type\":\"EntryPoint\",\"urlTemplate\":\"https:\/\/uvbbrasil.com.br\/?s={search_term_string}\"},\"query-input\":{\"@type\":\"PropertyValueSpecification\",\"valueRequired\":true,\"valueName\":\"search_term_string\"}}],\"inLanguage\":\"pt-BR\"},{\"@type\":\"Organization\",\"@id\":\"https:\/\/uvbbrasil.com.br\/#organization\",\"name\":\"UVB Brasil\",\"url\":\"https:\/\/uvbbrasil.com.br\/\",\"logo\":{\"@type\":\"ImageObject\",\"inLanguage\":\"pt-BR\",\"@id\":\"https:\/\/uvbbrasil.com.br\/#\/schema\/logo\/image\/\",\"url\":\"https:\/\/uvbbrasil.com.br\/wp-content\/uploads\/2025\/01\/LOGO-UVB-2024-azul-1.jpg\",\"contentUrl\":\"https:\/\/uvbbrasil.com.br\/wp-content\/uploads\/2025\/01\/LOGO-UVB-2024-azul-1.jpg\",\"width\":600,\"height\":211,\"caption\":\"UVB Brasil\"},\"image\":{\"@id\":\"https:\/\/uvbbrasil.com.br\/#\/schema\/logo\/image\/\"},\"sameAs\":[\"https:\/\/www.facebook.com\/uvb.vereadoresbrasil\",\"https:\/\/www.instagram.com\/uvbbrasil\/\",\"https:\/\/www.youtube.com\/channel\/UCIlPQ8Xzw5GHNzosQIg9S5A\"]},{\"@type\":\"Person\",\"@id\":\"https:\/\/uvbbrasil.com.br\/#\/schema\/person\/17990098446c098f52effddff4f1b272\",\"name\":\"adminuvb\",\"image\":{\"@type\":\"ImageObject\",\"inLanguage\":\"pt-BR\",\"@id\":\"https:\/\/uvbbrasil.com.br\/#\/schema\/person\/image\/\",\"url\":\"https:\/\/secure.gravatar.com\/avatar\/1a494ea6f8e2dd1ae526e55b0e9497efdba542491e0620d704cccf63c6f77c45?s=96&d=mm&r=g\",\"contentUrl\":\"https:\/\/secure.gravatar.com\/avatar\/1a494ea6f8e2dd1ae526e55b0e9497efdba542491e0620d704cccf63c6f77c45?s=96&d=mm&r=g\",\"caption\":\"adminuvb\"},\"sameAs\":[\"https:\/\/uvbbrasil.com.br\"],\"url\":\"https:\/\/uvbbrasil.com.br\/author\/adminuvb\/\"}]}<\/script>\n<!-- \/ Yoast SEO plugin. -->","yoast_head_json":{"title":"Alando Lima tomar\u00e1 posse como o novo Presidente da C\u00e2mara de Igreja Nova - UVB Brasil","robots":{"index":"index","follow":"follow","max-snippet":"max-snippet:-1","max-image-preview":"max-image-preview:large","max-video-preview":"max-video-preview:-1"},"canonical":"https:\/\/uvbbrasil.com.br\/alando-lima-toma-posse-dia-03-como-o-novo-presidente-da-camara-de-vereadores-de-igreja-nova\/","og_locale":"pt_BR","og_type":"article","og_title":"Alando Lima tomar\u00e1 posse como o novo Presidente da C\u00e2mara de Igreja Nova - UVB Brasil","og_description":"O vereador Alando Lima, assume oficialmente o comando do Poder Legislativo de Igreja Nova, no pr\u00f3ximo dia 03 de janeiro...","og_url":"https:\/\/uvbbrasil.com.br\/alando-lima-toma-posse-dia-03-como-o-novo-presidente-da-camara-de-vereadores-de-igreja-nova\/","og_site_name":"UVB Brasil","article_publisher":"https:\/\/www.facebook.com\/uvb.vereadoresbrasil","article_published_time":"2018-12-22T21:27:20+00:00","og_image":[{"width":650,"height":750,"url":"https:\/\/uvbbrasil.com.br\/wp-content\/uploads\/2018\/12\/ALANDO-LIMA.png","type":"image\/png"}],"author":"adminuvb","twitter_card":"summary_large_image","twitter_misc":{"Escrito por":"adminuvb","Est. tempo de leitura":"2 minutos"},"schema":{"@context":"https:\/\/schema.org","@graph":[{"@type":"Article","@id":"https:\/\/uvbbrasil.com.br\/alando-lima-toma-posse-dia-03-como-o-novo-presidente-da-camara-de-vereadores-de-igreja-nova\/#article","isPartOf":{"@id":"https:\/\/uvbbrasil.com.br\/alando-lima-toma-posse-dia-03-como-o-novo-presidente-da-camara-de-vereadores-de-igreja-nova\/"},"author":{"name":"adminuvb","@id":"https:\/\/uvbbrasil.com.br\/#\/schema\/person\/17990098446c098f52effddff4f1b272"},"headline":"Alando Lima tomar\u00e1 posse como o novo Presidente da C\u00e2mara de Igreja Nova","datePublished":"2018-12-22T21:27:20+00:00","mainEntityOfPage":{"@id":"https:\/\/uvbbrasil.com.br\/alando-lima-toma-posse-dia-03-como-o-novo-presidente-da-camara-de-vereadores-de-igreja-nova\/"},"wordCount":316,"commentCount":0,"publisher":{"@id":"https:\/\/uvbbrasil.com.br\/#organization"},"image":{"@id":"https:\/\/uvbbrasil.com.br\/alando-lima-toma-posse-dia-03-como-o-novo-presidente-da-camara-de-vereadores-de-igreja-nova\/#primaryimage"},"thumbnailUrl":"https:\/\/uvbbrasil.com.br\/wp-content\/uploads\/2018\/12\/ALANDO-LIMA.png","articleSection":["NOT\u00cdCIAS","UVB"],"inLanguage":"pt-BR","potentialAction":[{"@type":"CommentAction","name":"Comment","target":["https:\/\/uvbbrasil.com.br\/alando-lima-toma-posse-dia-03-como-o-novo-presidente-da-camara-de-vereadores-de-igreja-nova\/#respond"]}]},{"@type":"WebPage","@id":"https:\/\/uvbbrasil.com.br\/alando-lima-toma-posse-dia-03-como-o-novo-presidente-da-camara-de-vereadores-de-igreja-nova\/","url":"https:\/\/uvbbrasil.com.br\/alando-lima-toma-posse-dia-03-como-o-novo-presidente-da-camara-de-vereadores-de-igreja-nova\/","name":"Alando Lima tomar\u00e1 posse como o novo Presidente da C\u00e2mara de Igreja Nova - UVB Brasil","isPartOf":{"@id":"https:\/\/uvbbrasil.com.br\/#website"},"primaryImageOfPage":{"@id":"https:\/\/uvbbrasil.com.br\/alando-lima-toma-posse-dia-03-como-o-novo-presidente-da-camara-de-vereadores-de-igreja-nova\/#primaryimage"},"image":{"@id":"https:\/\/uvbbrasil.com.br\/alando-lima-toma-posse-dia-03-como-o-novo-presidente-da-camara-de-vereadores-de-igreja-nova\/#primaryimage"},"thumbnailUrl":"https:\/\/uvbbrasil.com.br\/wp-content\/uploads\/2018\/12\/ALANDO-LIMA.png","datePublished":"2018-12-22T21:27:20+00:00","breadcrumb":{"@id":"https:\/\/uvbbrasil.com.br\/alando-lima-toma-posse-dia-03-como-o-novo-presidente-da-camara-de-vereadores-de-igreja-nova\/#breadcrumb"},"inLanguage":"pt-BR","potentialAction":[{"@type":"ReadAction","target":["https:\/\/uvbbrasil.com.br\/alando-lima-toma-posse-dia-03-como-o-novo-presidente-da-camara-de-vereadores-de-igreja-nova\/"]}]},{"@type":"ImageObject","inLanguage":"pt-BR","@id":"https:\/\/uvbbrasil.com.br\/alando-lima-toma-posse-dia-03-como-o-novo-presidente-da-camara-de-vereadores-de-igreja-nova\/#primaryimage","url":"https:\/\/uvbbrasil.com.br\/wp-content\/uploads\/2018\/12\/ALANDO-LIMA.png","contentUrl":"https:\/\/uvbbrasil.com.br\/wp-content\/uploads\/2018\/12\/ALANDO-LIMA.png","width":650,"height":750},{"@type":"BreadcrumbList","@id":"https:\/\/uvbbrasil.com.br\/alando-lima-toma-posse-dia-03-como-o-novo-presidente-da-camara-de-vereadores-de-igreja-nova\/#breadcrumb","itemListElement":[{"@type":"ListItem","position":1,"name":"In\u00edcio","item":"https:\/\/uvbbrasil.com.br\/"},{"@type":"ListItem","position":2,"name":"Alando Lima tomar\u00e1 posse como o novo Presidente da C\u00e2mara de Igreja Nova"}]},{"@type":"WebSite","@id":"https:\/\/uvbbrasil.com.br\/#website","url":"https:\/\/uvbbrasil.com.br\/","name":"UVB Brasil","description":"Uni\u00e3o dos Vereadores do Brasil","publisher":{"@id":"https:\/\/uvbbrasil.com.br\/#organization"},"potentialAction":[{"@type":"SearchAction","target":{"@type":"EntryPoint","urlTemplate":"https:\/\/uvbbrasil.com.br\/?s={search_term_string}"},"query-input":{"@type":"PropertyValueSpecification","valueRequired":true,"valueName":"search_term_string"}}],"inLanguage":"pt-BR"},{"@type":"Organization","@id":"https:\/\/uvbbrasil.com.br\/#organization","name":"UVB Brasil","url":"https:\/\/uvbbrasil.com.br\/","logo":{"@type":"ImageObject","inLanguage":"pt-BR","@id":"https:\/\/uvbbrasil.com.br\/#\/schema\/logo\/image\/","url":"https:\/\/uvbbrasil.com.br\/wp-content\/uploads\/2025\/01\/LOGO-UVB-2024-azul-1.jpg","contentUrl":"https:\/\/uvbbrasil.com.br\/wp-content\/uploads\/2025\/01\/LOGO-UVB-2024-azul-1.jpg","width":600,"height":211,"caption":"UVB Brasil"},"image":{"@id":"https:\/\/uvbbrasil.com.br\/#\/schema\/logo\/image\/"},"sameAs":["https:\/\/www.facebook.com\/uvb.vereadoresbrasil","https:\/\/www.instagram.com\/uvbbrasil\/","https:\/\/www.youtube.com\/channel\/UCIlPQ8Xzw5GHNzosQIg9S5A"]},{"@type":"Person","@id":"https:\/\/uvbbrasil.com.br\/#\/schema\/person\/17990098446c098f52effddff4f1b272","name":"adminuvb","image":{"@type":"ImageObject","inLanguage":"pt-BR","@id":"https:\/\/uvbbrasil.com.br\/#\/schema\/person\/image\/","url":"https:\/\/secure.gravatar.com\/avatar\/1a494ea6f8e2dd1ae526e55b0e9497efdba542491e0620d704cccf63c6f77c45?s=96&d=mm&r=g","contentUrl":"https:\/\/secure.gravatar.com\/avatar\/1a494ea6f8e2dd1ae526e55b0e9497efdba542491e0620d704cccf63c6f77c45?s=96&d=mm&r=g","caption":"adminuvb"},"sameAs":["https:\/\/uvbbrasil.com.br"],"url":"https:\/\/uvbbrasil.com.br\/author\/adminuvb\/"}]}},"_links":{"self":[{"href":"https:\/\/uvbbrasil.com.br\/uvb-json\/wp\/v2\/posts\/12764","targetHints":{"allow":["GET"]}}],"collection":[{"href":"https:\/\/uvbbrasil.com.br\/uvb-json\/wp\/v2\/posts"}],"about":[{"href":"https:\/\/uvbbrasil.com.br\/uvb-json\/wp\/v2\/types\/post"}],"author":[{"embeddable":true,"href":"https:\/\/uvbbrasil.com.br\/uvb-json\/wp\/v2\/users\/1"}],"replies":[{"embeddable":true,"href":"https:\/\/uvbbrasil.com.br\/uvb-json\/wp\/v2\/comments?post=12764"}],"version-history":[{"count":0,"href":"https:\/\/uvbbrasil.com.br\/uvb-json\/wp\/v2\/posts\/12764\/revisions"}],"wp:featuredmedia":[{"embeddable":true,"href":"https:\/\/uvbbrasil.com.br\/uvb-json\/wp\/v2\/media\/12766"}],"wp:attachment":[{"href":"https:\/\/uvbbrasil.com.br\/uvb-json\/wp\/v2\/media?parent=12764"}],"wp:term":[{"taxonomy":"category","embeddable":true,"href":"https:\/\/uvbbrasil.com.br\/uvb-json\/wp\/v2\/categories?post=12764"},{"taxonomy":"post_tag","embeddable":true,"href":"https:\/\/uvbbrasil.com.br\/uvb-json\/wp\/v2\/tags?post=12764"}],"curies":[{"name":"wp","href":"https:\/\/api.w.org\/{rel}","templated":true}]}}