{"id":12721,"date":"2018-12-18T00:07:58","date_gmt":"2018-12-18T02:07:58","guid":{"rendered":"https:\/\/wpsandbox4.pante.com.br\/?p=12721"},"modified":"2018-12-18T00:07:58","modified_gmt":"2018-12-18T02:07:58","slug":"arnaldo-lovetel-e-eleito-presidente-da-camara-de-xanxere","status":"publish","type":"post","link":"https:\/\/uvbbrasil.com.br\/arnaldo-lovetel-e-eleito-presidente-da-camara-de-xanxere\/","title":{"rendered":"Arnaldo Lovetel \u00e9 eleito presidente da C\u00e2mara de Xanxer\u00ea"},"content":{"rendered":"<p class=\"titnoticia\">Xanxer\u00ea\/SC &#8211;\u00a0Em sess\u00e3o extraordin\u00e1ria e espec\u00edfica na quarta-feira (12), a C\u00e2mara Municipal de Xanxer\u00ea realizou a escolha da mesa diretora para o pr\u00f3ximo bi\u00eanio, atendendo convoca\u00e7\u00e3o do atual presidente Lenoir Tiecher na \u00faltima sess\u00e3o ordin\u00e1ria do m\u00eas de novembro de 2018.<\/p>\n<p>Foi apresentada e inscrita a chapa n\u00ba 01, contendo o nome, fun\u00e7\u00e3o e assinatura dos membros: Arnaldo Thomaz Almeida Lovatel (presidente), Luiz Augusto Ceni (vice-presidente), Adriano De Martini (1\u00ba secret\u00e1rio) e Ricardo Lira da Costa (2\u00ba secret\u00e1rio) e inscrita uma candidatura individual para o cargo de presidente, pelo vereador Jo\u00e3o Paulo Menegatti.<\/p>\n<p>Na elei\u00e7\u00e3o de renova\u00e7\u00e3o da mesa, as inscri\u00e7\u00f5es foram feitas at\u00e9 o momento da abertura da sess\u00e3o de elei\u00e7\u00e3o da mesa. Como houve a inscri\u00e7\u00e3o de chapa e nome individual, a elei\u00e7\u00e3o se deu pela vota\u00e7\u00e3o dos cargos em separado e de forma nominal.<\/p>\n<p>Foi eleito para presidente, o vereador Arnaldo Thomaz Almeida Lovatel que somou 5 votos favor\u00e1veis, contra 4 votos do vereador Jo\u00e3o Paulo Menegatti. Para Vice-presidente, foi eleito Luiz Augusto Ceni, com 8 votos favor\u00e1veis e uma absten\u00e7\u00e3o. 1\u00ba secret\u00e1rio foi eleito Adriano De Martini, com 5 votos favor\u00e1veis e 4 absten\u00e7\u00f5es. 2\u00ba secret\u00e1rio Ricardo Lira da Costa, com 8 votos favor\u00e1veis e uma absten\u00e7\u00e3o.<\/p>\n<p>Desta forma, a composi\u00e7\u00e3o da nova mesa diretora do Legislativo para o pr\u00f3ximo bi\u00eanio fica da seguinte forma: Arnaldo Thomaz Almeida Lovatel (presidente), Luiz Augusto Ceni (vice-presidente), Adriano De Martini (1\u00ba secret\u00e1rio) e Ricardo Lira da Costa (2\u00ba secret\u00e1rio).<\/p>\n<p>Ao final da sess\u00e3o espec\u00edfica, foi proclamada vencedora a chapa apresentada e os eleitos ser\u00e3o empossados automaticamente no dia primeiro de janeiro de 2019.<\/p>\n<div id=\"attachment_12723\" style=\"width: 460px\" class=\"wp-caption aligncenter\"><img fetchpriority=\"high\" decoding=\"async\" aria-describedby=\"caption-attachment-12723\" class=\" wp-image-12723\" src=\"https:\/\/uvbbrasil.com.br\/wp-content\/uploads\/2018\/12\/xanxere.jpg\" alt=\"\" width=\"450\" height=\"299\" srcset=\"https:\/\/uvbbrasil.com.br\/wp-content\/uploads\/2018\/12\/xanxere.jpg 640w, https:\/\/uvbbrasil.com.br\/wp-content\/uploads\/2018\/12\/xanxere-300x199.jpg 300w\" sizes=\"(max-width: 450px) 100vw, 450px\" \/><p id=\"caption-attachment-12723\" class=\"wp-caption-text\">Nova mesa diretora da CMV Xanxer\u00ea\/SC<\/p><\/div>\n<p><em>Assessoria de Impresa da CMV Xanxer\u00ea<\/em><\/p>\n","protected":false},"excerpt":{"rendered":"<p>Xanxer\u00ea\/SC &#8211;\u00a0Em sess\u00e3o extraordin\u00e1ria e espec\u00edfica na quarta-feira (12), a C\u00e2mara Municipal de Xanxer\u00ea realizou a escolha da mesa diretora&#8230;<\/p>\n","protected":false},"author":1,"featured_media":12722,"comment_status":"open","ping_status":"open","sticky":false,"template":"","format":"standard","meta":{"footnotes":""},"categories":[3],"tags":[],"class_list":["post-12721","post","type-post","status-publish","format-standard","has-post-thumbnail","hentry","category-noticias"],"yoast_head":"<!-- This site is optimized with the Yoast SEO plugin v27.5 - https:\/\/yoast.com\/product\/yoast-seo-wordpress\/ -->\n<title>Arnaldo Lovetel \u00e9 eleito presidente da C\u00e2mara de Xanxer\u00ea - UVB Brasil<\/title>\n<meta name=\"robots\" content=\"index, follow, max-snippet:-1, max-image-preview:large, max-video-preview:-1\" \/>\n<link rel=\"canonical\" href=\"https:\/\/uvbbrasil.com.br\/arnaldo-lovetel-e-eleito-presidente-da-camara-de-xanxere\/\" \/>\n<meta property=\"og:locale\" content=\"pt_BR\" \/>\n<meta property=\"og:type\" content=\"article\" \/>\n<meta property=\"og:title\" content=\"Arnaldo Lovetel \u00e9 eleito presidente da C\u00e2mara de Xanxer\u00ea - UVB Brasil\" \/>\n<meta property=\"og:description\" content=\"Xanxer\u00ea\/SC &#8211;\u00a0Em sess\u00e3o extraordin\u00e1ria e espec\u00edfica na quarta-feira (12), a C\u00e2mara Municipal de Xanxer\u00ea realizou a escolha da mesa diretora...\" \/>\n<meta property=\"og:url\" content=\"https:\/\/uvbbrasil.com.br\/arnaldo-lovetel-e-eleito-presidente-da-camara-de-xanxere\/\" \/>\n<meta property=\"og:site_name\" content=\"UVB Brasil\" \/>\n<meta property=\"article:publisher\" content=\"https:\/\/www.facebook.com\/uvb.vereadoresbrasil\" \/>\n<meta property=\"article:published_time\" content=\"2018-12-18T02:07:58+00:00\" \/>\n<meta property=\"og:image\" content=\"https:\/\/uvbbrasil.com.br\/wp-content\/uploads\/2018\/12\/xanxere-presidente-2019.jpg\" \/>\n\t<meta property=\"og:image:width\" content=\"640\" \/>\n\t<meta property=\"og:image:height\" content=\"414\" \/>\n\t<meta property=\"og:image:type\" content=\"image\/jpeg\" \/>\n<meta name=\"author\" content=\"adminuvb\" \/>\n<meta name=\"twitter:card\" content=\"summary_large_image\" \/>\n<meta name=\"twitter:label1\" content=\"Escrito por\" \/>\n\t<meta name=\"twitter:data1\" content=\"adminuvb\" \/>\n\t<meta name=\"twitter:label2\" content=\"Est. tempo de leitura\" \/>\n\t<meta name=\"twitter:data2\" content=\"2 minutos\" \/>\n<script type=\"application\/ld+json\" class=\"yoast-schema-graph\">{\"@context\":\"https:\\\/\\\/schema.org\",\"@graph\":[{\"@type\":\"Article\",\"@id\":\"https:\\\/\\\/uvbbrasil.com.br\\\/arnaldo-lovetel-e-eleito-presidente-da-camara-de-xanxere\\\/#article\",\"isPartOf\":{\"@id\":\"https:\\\/\\\/uvbbrasil.com.br\\\/arnaldo-lovetel-e-eleito-presidente-da-camara-de-xanxere\\\/\"},\"author\":{\"name\":\"adminuvb\",\"@id\":\"https:\\\/\\\/uvbbrasil.com.br\\\/#\\\/schema\\\/person\\\/17990098446c098f52effddff4f1b272\"},\"headline\":\"Arnaldo Lovetel \u00e9 eleito presidente da C\u00e2mara de Xanxer\u00ea\",\"datePublished\":\"2018-12-18T02:07:58+00:00\",\"mainEntityOfPage\":{\"@id\":\"https:\\\/\\\/uvbbrasil.com.br\\\/arnaldo-lovetel-e-eleito-presidente-da-camara-de-xanxere\\\/\"},\"wordCount\":319,\"commentCount\":0,\"publisher\":{\"@id\":\"https:\\\/\\\/uvbbrasil.com.br\\\/#organization\"},\"image\":{\"@id\":\"https:\\\/\\\/uvbbrasil.com.br\\\/arnaldo-lovetel-e-eleito-presidente-da-camara-de-xanxere\\\/#primaryimage\"},\"thumbnailUrl\":\"https:\\\/\\\/uvbbrasil.com.br\\\/wp-content\\\/uploads\\\/2018\\\/12\\\/xanxere-presidente-2019.jpg\",\"articleSection\":[\"NOT\u00cdCIAS\"],\"inLanguage\":\"pt-BR\",\"potentialAction\":[{\"@type\":\"CommentAction\",\"name\":\"Comment\",\"target\":[\"https:\\\/\\\/uvbbrasil.com.br\\\/arnaldo-lovetel-e-eleito-presidente-da-camara-de-xanxere\\\/#respond\"]}]},{\"@type\":\"WebPage\",\"@id\":\"https:\\\/\\\/uvbbrasil.com.br\\\/arnaldo-lovetel-e-eleito-presidente-da-camara-de-xanxere\\\/\",\"url\":\"https:\\\/\\\/uvbbrasil.com.br\\\/arnaldo-lovetel-e-eleito-presidente-da-camara-de-xanxere\\\/\",\"name\":\"Arnaldo Lovetel \u00e9 eleito presidente da C\u00e2mara de Xanxer\u00ea - UVB Brasil\",\"isPartOf\":{\"@id\":\"https:\\\/\\\/uvbbrasil.com.br\\\/#website\"},\"primaryImageOfPage\":{\"@id\":\"https:\\\/\\\/uvbbrasil.com.br\\\/arnaldo-lovetel-e-eleito-presidente-da-camara-de-xanxere\\\/#primaryimage\"},\"image\":{\"@id\":\"https:\\\/\\\/uvbbrasil.com.br\\\/arnaldo-lovetel-e-eleito-presidente-da-camara-de-xanxere\\\/#primaryimage\"},\"thumbnailUrl\":\"https:\\\/\\\/uvbbrasil.com.br\\\/wp-content\\\/uploads\\\/2018\\\/12\\\/xanxere-presidente-2019.jpg\",\"datePublished\":\"2018-12-18T02:07:58+00:00\",\"breadcrumb\":{\"@id\":\"https:\\\/\\\/uvbbrasil.com.br\\\/arnaldo-lovetel-e-eleito-presidente-da-camara-de-xanxere\\\/#breadcrumb\"},\"inLanguage\":\"pt-BR\",\"potentialAction\":[{\"@type\":\"ReadAction\",\"target\":[\"https:\\\/\\\/uvbbrasil.com.br\\\/arnaldo-lovetel-e-eleito-presidente-da-camara-de-xanxere\\\/\"]}]},{\"@type\":\"ImageObject\",\"inLanguage\":\"pt-BR\",\"@id\":\"https:\\\/\\\/uvbbrasil.com.br\\\/arnaldo-lovetel-e-eleito-presidente-da-camara-de-xanxere\\\/#primaryimage\",\"url\":\"https:\\\/\\\/uvbbrasil.com.br\\\/wp-content\\\/uploads\\\/2018\\\/12\\\/xanxere-presidente-2019.jpg\",\"contentUrl\":\"https:\\\/\\\/uvbbrasil.com.br\\\/wp-content\\\/uploads\\\/2018\\\/12\\\/xanxere-presidente-2019.jpg\",\"width\":640,\"height\":414,\"caption\":\"????????????????????????????????????\"},{\"@type\":\"BreadcrumbList\",\"@id\":\"https:\\\/\\\/uvbbrasil.com.br\\\/arnaldo-lovetel-e-eleito-presidente-da-camara-de-xanxere\\\/#breadcrumb\",\"itemListElement\":[{\"@type\":\"ListItem\",\"position\":1,\"name\":\"In\u00edcio\",\"item\":\"https:\\\/\\\/uvbbrasil.com.br\\\/\"},{\"@type\":\"ListItem\",\"position\":2,\"name\":\"Arnaldo Lovetel \u00e9 eleito presidente da C\u00e2mara de Xanxer\u00ea\"}]},{\"@type\":\"WebSite\",\"@id\":\"https:\\\/\\\/uvbbrasil.com.br\\\/#website\",\"url\":\"https:\\\/\\\/uvbbrasil.com.br\\\/\",\"name\":\"UVB Brasil\",\"description\":\"Uni\u00e3o dos Vereadores do Brasil\",\"publisher\":{\"@id\":\"https:\\\/\\\/uvbbrasil.com.br\\\/#organization\"},\"potentialAction\":[{\"@type\":\"SearchAction\",\"target\":{\"@type\":\"EntryPoint\",\"urlTemplate\":\"https:\\\/\\\/uvbbrasil.com.br\\\/?s={search_term_string}\"},\"query-input\":{\"@type\":\"PropertyValueSpecification\",\"valueRequired\":true,\"valueName\":\"search_term_string\"}}],\"inLanguage\":\"pt-BR\"},{\"@type\":\"Organization\",\"@id\":\"https:\\\/\\\/uvbbrasil.com.br\\\/#organization\",\"name\":\"UVB Brasil\",\"url\":\"https:\\\/\\\/uvbbrasil.com.br\\\/\",\"logo\":{\"@type\":\"ImageObject\",\"inLanguage\":\"pt-BR\",\"@id\":\"https:\\\/\\\/uvbbrasil.com.br\\\/#\\\/schema\\\/logo\\\/image\\\/\",\"url\":\"https:\\\/\\\/uvbbrasil.com.br\\\/wp-content\\\/uploads\\\/2025\\\/01\\\/LOGO-UVB-2024-azul-1.jpg\",\"contentUrl\":\"https:\\\/\\\/uvbbrasil.com.br\\\/wp-content\\\/uploads\\\/2025\\\/01\\\/LOGO-UVB-2024-azul-1.jpg\",\"width\":600,\"height\":211,\"caption\":\"UVB Brasil\"},\"image\":{\"@id\":\"https:\\\/\\\/uvbbrasil.com.br\\\/#\\\/schema\\\/logo\\\/image\\\/\"},\"sameAs\":[\"https:\\\/\\\/www.facebook.com\\\/uvb.vereadoresbrasil\",\"https:\\\/\\\/www.instagram.com\\\/uvbbrasil\\\/\",\"https:\\\/\\\/www.youtube.com\\\/channel\\\/UCIlPQ8Xzw5GHNzosQIg9S5A\"]},{\"@type\":\"Person\",\"@id\":\"https:\\\/\\\/uvbbrasil.com.br\\\/#\\\/schema\\\/person\\\/17990098446c098f52effddff4f1b272\",\"name\":\"adminuvb\",\"image\":{\"@type\":\"ImageObject\",\"inLanguage\":\"pt-BR\",\"@id\":\"https:\\\/\\\/secure.gravatar.com\\\/avatar\\\/1a494ea6f8e2dd1ae526e55b0e9497efdba542491e0620d704cccf63c6f77c45?s=96&d=mm&r=g\",\"url\":\"https:\\\/\\\/secure.gravatar.com\\\/avatar\\\/1a494ea6f8e2dd1ae526e55b0e9497efdba542491e0620d704cccf63c6f77c45?s=96&d=mm&r=g\",\"contentUrl\":\"https:\\\/\\\/secure.gravatar.com\\\/avatar\\\/1a494ea6f8e2dd1ae526e55b0e9497efdba542491e0620d704cccf63c6f77c45?s=96&d=mm&r=g\",\"caption\":\"adminuvb\"},\"sameAs\":[\"https:\\\/\\\/uvbbrasil.com.br\"],\"url\":\"https:\\\/\\\/uvbbrasil.com.br\\\/author\\\/adminuvb\\\/\"}]}<\/script>\n<!-- \/ Yoast SEO plugin. -->","yoast_head_json":{"title":"Arnaldo Lovetel \u00e9 eleito presidente da C\u00e2mara de Xanxer\u00ea - UVB Brasil","robots":{"index":"index","follow":"follow","max-snippet":"max-snippet:-1","max-image-preview":"max-image-preview:large","max-video-preview":"max-video-preview:-1"},"canonical":"https:\/\/uvbbrasil.com.br\/arnaldo-lovetel-e-eleito-presidente-da-camara-de-xanxere\/","og_locale":"pt_BR","og_type":"article","og_title":"Arnaldo Lovetel \u00e9 eleito presidente da C\u00e2mara de Xanxer\u00ea - UVB Brasil","og_description":"Xanxer\u00ea\/SC &#8211;\u00a0Em sess\u00e3o extraordin\u00e1ria e espec\u00edfica na quarta-feira (12), a C\u00e2mara Municipal de Xanxer\u00ea realizou a escolha da mesa diretora...","og_url":"https:\/\/uvbbrasil.com.br\/arnaldo-lovetel-e-eleito-presidente-da-camara-de-xanxere\/","og_site_name":"UVB Brasil","article_publisher":"https:\/\/www.facebook.com\/uvb.vereadoresbrasil","article_published_time":"2018-12-18T02:07:58+00:00","og_image":[{"width":640,"height":414,"url":"https:\/\/uvbbrasil.com.br\/wp-content\/uploads\/2018\/12\/xanxere-presidente-2019.jpg","type":"image\/jpeg"}],"author":"adminuvb","twitter_card":"summary_large_image","twitter_misc":{"Escrito por":"adminuvb","Est. tempo de leitura":"2 minutos"},"schema":{"@context":"https:\/\/schema.org","@graph":[{"@type":"Article","@id":"https:\/\/uvbbrasil.com.br\/arnaldo-lovetel-e-eleito-presidente-da-camara-de-xanxere\/#article","isPartOf":{"@id":"https:\/\/uvbbrasil.com.br\/arnaldo-lovetel-e-eleito-presidente-da-camara-de-xanxere\/"},"author":{"name":"adminuvb","@id":"https:\/\/uvbbrasil.com.br\/#\/schema\/person\/17990098446c098f52effddff4f1b272"},"headline":"Arnaldo Lovetel \u00e9 eleito presidente da C\u00e2mara de Xanxer\u00ea","datePublished":"2018-12-18T02:07:58+00:00","mainEntityOfPage":{"@id":"https:\/\/uvbbrasil.com.br\/arnaldo-lovetel-e-eleito-presidente-da-camara-de-xanxere\/"},"wordCount":319,"commentCount":0,"publisher":{"@id":"https:\/\/uvbbrasil.com.br\/#organization"},"image":{"@id":"https:\/\/uvbbrasil.com.br\/arnaldo-lovetel-e-eleito-presidente-da-camara-de-xanxere\/#primaryimage"},"thumbnailUrl":"https:\/\/uvbbrasil.com.br\/wp-content\/uploads\/2018\/12\/xanxere-presidente-2019.jpg","articleSection":["NOT\u00cdCIAS"],"inLanguage":"pt-BR","potentialAction":[{"@type":"CommentAction","name":"Comment","target":["https:\/\/uvbbrasil.com.br\/arnaldo-lovetel-e-eleito-presidente-da-camara-de-xanxere\/#respond"]}]},{"@type":"WebPage","@id":"https:\/\/uvbbrasil.com.br\/arnaldo-lovetel-e-eleito-presidente-da-camara-de-xanxere\/","url":"https:\/\/uvbbrasil.com.br\/arnaldo-lovetel-e-eleito-presidente-da-camara-de-xanxere\/","name":"Arnaldo Lovetel \u00e9 eleito presidente da C\u00e2mara de Xanxer\u00ea - UVB Brasil","isPartOf":{"@id":"https:\/\/uvbbrasil.com.br\/#website"},"primaryImageOfPage":{"@id":"https:\/\/uvbbrasil.com.br\/arnaldo-lovetel-e-eleito-presidente-da-camara-de-xanxere\/#primaryimage"},"image":{"@id":"https:\/\/uvbbrasil.com.br\/arnaldo-lovetel-e-eleito-presidente-da-camara-de-xanxere\/#primaryimage"},"thumbnailUrl":"https:\/\/uvbbrasil.com.br\/wp-content\/uploads\/2018\/12\/xanxere-presidente-2019.jpg","datePublished":"2018-12-18T02:07:58+00:00","breadcrumb":{"@id":"https:\/\/uvbbrasil.com.br\/arnaldo-lovetel-e-eleito-presidente-da-camara-de-xanxere\/#breadcrumb"},"inLanguage":"pt-BR","potentialAction":[{"@type":"ReadAction","target":["https:\/\/uvbbrasil.com.br\/arnaldo-lovetel-e-eleito-presidente-da-camara-de-xanxere\/"]}]},{"@type":"ImageObject","inLanguage":"pt-BR","@id":"https:\/\/uvbbrasil.com.br\/arnaldo-lovetel-e-eleito-presidente-da-camara-de-xanxere\/#primaryimage","url":"https:\/\/uvbbrasil.com.br\/wp-content\/uploads\/2018\/12\/xanxere-presidente-2019.jpg","contentUrl":"https:\/\/uvbbrasil.com.br\/wp-content\/uploads\/2018\/12\/xanxere-presidente-2019.jpg","width":640,"height":414,"caption":"????????????????????????????????????"},{"@type":"BreadcrumbList","@id":"https:\/\/uvbbrasil.com.br\/arnaldo-lovetel-e-eleito-presidente-da-camara-de-xanxere\/#breadcrumb","itemListElement":[{"@type":"ListItem","position":1,"name":"In\u00edcio","item":"https:\/\/uvbbrasil.com.br\/"},{"@type":"ListItem","position":2,"name":"Arnaldo Lovetel \u00e9 eleito presidente da C\u00e2mara de Xanxer\u00ea"}]},{"@type":"WebSite","@id":"https:\/\/uvbbrasil.com.br\/#website","url":"https:\/\/uvbbrasil.com.br\/","name":"UVB Brasil","description":"Uni\u00e3o dos Vereadores do Brasil","publisher":{"@id":"https:\/\/uvbbrasil.com.br\/#organization"},"potentialAction":[{"@type":"SearchAction","target":{"@type":"EntryPoint","urlTemplate":"https:\/\/uvbbrasil.com.br\/?s={search_term_string}"},"query-input":{"@type":"PropertyValueSpecification","valueRequired":true,"valueName":"search_term_string"}}],"inLanguage":"pt-BR"},{"@type":"Organization","@id":"https:\/\/uvbbrasil.com.br\/#organization","name":"UVB Brasil","url":"https:\/\/uvbbrasil.com.br\/","logo":{"@type":"ImageObject","inLanguage":"pt-BR","@id":"https:\/\/uvbbrasil.com.br\/#\/schema\/logo\/image\/","url":"https:\/\/uvbbrasil.com.br\/wp-content\/uploads\/2025\/01\/LOGO-UVB-2024-azul-1.jpg","contentUrl":"https:\/\/uvbbrasil.com.br\/wp-content\/uploads\/2025\/01\/LOGO-UVB-2024-azul-1.jpg","width":600,"height":211,"caption":"UVB Brasil"},"image":{"@id":"https:\/\/uvbbrasil.com.br\/#\/schema\/logo\/image\/"},"sameAs":["https:\/\/www.facebook.com\/uvb.vereadoresbrasil","https:\/\/www.instagram.com\/uvbbrasil\/","https:\/\/www.youtube.com\/channel\/UCIlPQ8Xzw5GHNzosQIg9S5A"]},{"@type":"Person","@id":"https:\/\/uvbbrasil.com.br\/#\/schema\/person\/17990098446c098f52effddff4f1b272","name":"adminuvb","image":{"@type":"ImageObject","inLanguage":"pt-BR","@id":"https:\/\/secure.gravatar.com\/avatar\/1a494ea6f8e2dd1ae526e55b0e9497efdba542491e0620d704cccf63c6f77c45?s=96&d=mm&r=g","url":"https:\/\/secure.gravatar.com\/avatar\/1a494ea6f8e2dd1ae526e55b0e9497efdba542491e0620d704cccf63c6f77c45?s=96&d=mm&r=g","contentUrl":"https:\/\/secure.gravatar.com\/avatar\/1a494ea6f8e2dd1ae526e55b0e9497efdba542491e0620d704cccf63c6f77c45?s=96&d=mm&r=g","caption":"adminuvb"},"sameAs":["https:\/\/uvbbrasil.com.br"],"url":"https:\/\/uvbbrasil.com.br\/author\/adminuvb\/"}]}},"_links":{"self":[{"href":"https:\/\/uvbbrasil.com.br\/uvb-json\/wp\/v2\/posts\/12721","targetHints":{"allow":["GET"]}}],"collection":[{"href":"https:\/\/uvbbrasil.com.br\/uvb-json\/wp\/v2\/posts"}],"about":[{"href":"https:\/\/uvbbrasil.com.br\/uvb-json\/wp\/v2\/types\/post"}],"author":[{"embeddable":true,"href":"https:\/\/uvbbrasil.com.br\/uvb-json\/wp\/v2\/users\/1"}],"replies":[{"embeddable":true,"href":"https:\/\/uvbbrasil.com.br\/uvb-json\/wp\/v2\/comments?post=12721"}],"version-history":[{"count":0,"href":"https:\/\/uvbbrasil.com.br\/uvb-json\/wp\/v2\/posts\/12721\/revisions"}],"wp:featuredmedia":[{"embeddable":true,"href":"https:\/\/uvbbrasil.com.br\/uvb-json\/wp\/v2\/media\/12722"}],"wp:attachment":[{"href":"https:\/\/uvbbrasil.com.br\/uvb-json\/wp\/v2\/media?parent=12721"}],"wp:term":[{"taxonomy":"category","embeddable":true,"href":"https:\/\/uvbbrasil.com.br\/uvb-json\/wp\/v2\/categories?post=12721"},{"taxonomy":"post_tag","embeddable":true,"href":"https:\/\/uvbbrasil.com.br\/uvb-json\/wp\/v2\/tags?post=12721"}],"curies":[{"name":"wp","href":"https:\/\/api.w.org\/{rel}","templated":true}]}}