{"id":12176,"date":"2018-09-18T16:54:08","date_gmt":"2018-09-18T19:54:08","guid":{"rendered":"https:\/\/wpsandbox4.pante.com.br\/?p=12176"},"modified":"2018-09-18T16:54:08","modified_gmt":"2018-09-18T19:54:08","slug":"arquivada-denuncia-contra-vereador-fernando-hallberg","status":"publish","type":"post","link":"https:\/\/uvbbrasil.com.br\/arquivada-denuncia-contra-vereador-fernando-hallberg\/","title":{"rendered":"Arquivada den\u00fancia contra vereador Fernando Hallberg"},"content":{"rendered":"<p>Cascavel\/PR &#8211; Com 18 votos favor\u00e1veis e um contr\u00e1rio, foi mantido o parecer da Comiss\u00e3o Processante pelo arquivamento da den\u00fancia feita contra o vereador Fernando Hallberg (PPL). A vota\u00e7\u00e3o aconteceu nesta segunda-feira (17), em \u00fanica delibera\u00e7\u00e3o.<br \/>\nVotaram favor\u00e1veis ao parecer os vereadores Al\u00e9cio Esp\u00ednola, Aldonir Cabral, Carlinhos de Oliveira, Celso Dal Molin, Damasceno Jr., Dr. Bocasanta, Jaime Vasatta, Jeferson Cordeiro, Mauro Seibert, Mazutti, Professor Santello, Olavo Santos, Parra, Paulo Porto, Pedro Sampaio, Policial Madril, Serginho Ribeiro e Valdecir Alc\u00e2ntara e votou contra o vereador Josu\u00e9 de Souza.Na comiss\u00e3o, formada pelos vereadores Serginho Ribeiro, Josu\u00e9 de Souza e Mazutti, foi definido o arquivamento da den\u00fancia de improbidade administrativa protocolada na Casa no dia 16 de agosto por Gilson Teixeira dos Santos e Ricardo Bernardi Castilhos.<img fetchpriority=\"high\" decoding=\"async\" class=\"aligncenter wp-image-12177\" src=\"https:\/\/uvbbrasil.com.br\/wp-content\/uploads\/2018\/09\/cascavel.jpg\" alt=\"\" width=\"374\" height=\"249\" srcset=\"https:\/\/uvbbrasil.com.br\/wp-content\/uploads\/2018\/09\/cascavel.jpg 1280w, https:\/\/uvbbrasil.com.br\/wp-content\/uploads\/2018\/09\/cascavel-300x200.jpg 300w, https:\/\/uvbbrasil.com.br\/wp-content\/uploads\/2018\/09\/cascavel-1024x682.jpg 1024w, https:\/\/uvbbrasil.com.br\/wp-content\/uploads\/2018\/09\/cascavel-768x512.jpg 768w\" sizes=\"(max-width: 374px) 100vw, 374px\" \/><\/p>\n<p><strong>Entenda o caso<\/strong><br \/>\nGilson Teixeira dos Santos e Ricardo Bernardi Castilhos pediram a abertura de comiss\u00e3o processante e pediram a cassa\u00e7\u00e3o de mandato do vereador Fernando Hallberg (PPL) por cometimento de suposta infra\u00e7\u00e3o pol\u00edtico-administrativa. Segundo eles, \u201co vereador Fernando Hallberg, em pleno exerc\u00edcio do mandato, atrav\u00e9s de empresa da qual \u00e9 s\u00f3cio administrador, Editora Aldeia de Cascavel Ltda, recebeu de empresa de propaganda contratada pelo Poder Executivo dinheiro para divulga\u00e7\u00e3o da Campanha Show Rural 2018 para o Munic\u00edpio de Cascavel, veiculada na Revista Aldeia, de propriedade do edil, que \u00e9 publicada pela Editora Aldeia de Cascavel Ltda, inscrita no CNPJ\/MF sob o n\u00ba 22.679.612\/0001-95, em que figuram como s\u00f3cios, reitere-se, Fernando Bottega Hallberg e Rejane Martins Pires\u201d.<\/p>\n<p>MP tamb\u00e9m arquivou a autoden\u00fancia feita por Hallberg para exclarecimento do epis\u00f3dio.<\/p>\n<p><strong>Assessoria de Imprensa\/CMC<\/strong><\/p>\n","protected":false},"excerpt":{"rendered":"<p>Cascavel\/PR &#8211; Com 18 votos favor\u00e1veis e um contr\u00e1rio, foi mantido o parecer da Comiss\u00e3o Processante pelo arquivamento da den\u00fancia&#8230;<\/p>\n","protected":false},"author":1,"featured_media":12178,"comment_status":"open","ping_status":"open","sticky":false,"template":"","format":"standard","meta":{"footnotes":""},"categories":[3],"tags":[],"class_list":["post-12176","post","type-post","status-publish","format-standard","has-post-thumbnail","hentry","category-noticias"],"yoast_head":"<!-- This site is optimized with the Yoast SEO plugin v26.7 - https:\/\/yoast.com\/wordpress\/plugins\/seo\/ -->\n<title>Arquivada den\u00fancia contra vereador Fernando Hallberg - UVB Brasil<\/title>\n<meta name=\"robots\" content=\"index, follow, max-snippet:-1, max-image-preview:large, max-video-preview:-1\" \/>\n<link rel=\"canonical\" href=\"https:\/\/uvbbrasil.com.br\/arquivada-denuncia-contra-vereador-fernando-hallberg\/\" \/>\n<meta property=\"og:locale\" content=\"pt_BR\" \/>\n<meta property=\"og:type\" content=\"article\" \/>\n<meta property=\"og:title\" content=\"Arquivada den\u00fancia contra vereador Fernando Hallberg - UVB Brasil\" \/>\n<meta property=\"og:description\" content=\"Cascavel\/PR &#8211; Com 18 votos favor\u00e1veis e um contr\u00e1rio, foi mantido o parecer da Comiss\u00e3o Processante pelo arquivamento da den\u00fancia...\" \/>\n<meta property=\"og:url\" content=\"https:\/\/uvbbrasil.com.br\/arquivada-denuncia-contra-vereador-fernando-hallberg\/\" \/>\n<meta property=\"og:site_name\" content=\"UVB Brasil\" \/>\n<meta property=\"article:publisher\" content=\"https:\/\/www.facebook.com\/uvb.vereadoresbrasil\" \/>\n<meta property=\"article:published_time\" content=\"2018-09-18T19:54:08+00:00\" \/>\n<meta property=\"og:image\" content=\"https:\/\/uvbbrasil.com.br\/wp-content\/uploads\/2018\/09\/fernando-cascavel.jpg\" \/>\n\t<meta property=\"og:image:width\" content=\"1130\" \/>\n\t<meta property=\"og:image:height\" content=\"565\" \/>\n\t<meta property=\"og:image:type\" content=\"image\/jpeg\" \/>\n<meta name=\"author\" content=\"adminuvb\" \/>\n<meta name=\"twitter:card\" content=\"summary_large_image\" \/>\n<meta name=\"twitter:label1\" content=\"Escrito por\" \/>\n\t<meta name=\"twitter:data1\" content=\"adminuvb\" \/>\n\t<meta name=\"twitter:label2\" content=\"Est. tempo de leitura\" \/>\n\t<meta name=\"twitter:data2\" content=\"1 minuto\" \/>\n<script type=\"application\/ld+json\" class=\"yoast-schema-graph\">{\"@context\":\"https:\/\/schema.org\",\"@graph\":[{\"@type\":\"Article\",\"@id\":\"https:\/\/uvbbrasil.com.br\/arquivada-denuncia-contra-vereador-fernando-hallberg\/#article\",\"isPartOf\":{\"@id\":\"https:\/\/uvbbrasil.com.br\/arquivada-denuncia-contra-vereador-fernando-hallberg\/\"},\"author\":{\"name\":\"adminuvb\",\"@id\":\"https:\/\/uvbbrasil.com.br\/#\/schema\/person\/17990098446c098f52effddff4f1b272\"},\"headline\":\"Arquivada den\u00fancia contra vereador Fernando Hallberg\",\"datePublished\":\"2018-09-18T19:54:08+00:00\",\"mainEntityOfPage\":{\"@id\":\"https:\/\/uvbbrasil.com.br\/arquivada-denuncia-contra-vereador-fernando-hallberg\/\"},\"wordCount\":286,\"commentCount\":0,\"publisher\":{\"@id\":\"https:\/\/uvbbrasil.com.br\/#organization\"},\"image\":{\"@id\":\"https:\/\/uvbbrasil.com.br\/arquivada-denuncia-contra-vereador-fernando-hallberg\/#primaryimage\"},\"thumbnailUrl\":\"https:\/\/uvbbrasil.com.br\/wp-content\/uploads\/2018\/09\/fernando-cascavel.jpg\",\"articleSection\":[\"NOT\u00cdCIAS\"],\"inLanguage\":\"pt-BR\",\"potentialAction\":[{\"@type\":\"CommentAction\",\"name\":\"Comment\",\"target\":[\"https:\/\/uvbbrasil.com.br\/arquivada-denuncia-contra-vereador-fernando-hallberg\/#respond\"]}]},{\"@type\":\"WebPage\",\"@id\":\"https:\/\/uvbbrasil.com.br\/arquivada-denuncia-contra-vereador-fernando-hallberg\/\",\"url\":\"https:\/\/uvbbrasil.com.br\/arquivada-denuncia-contra-vereador-fernando-hallberg\/\",\"name\":\"Arquivada den\u00fancia contra vereador Fernando Hallberg - UVB Brasil\",\"isPartOf\":{\"@id\":\"https:\/\/uvbbrasil.com.br\/#website\"},\"primaryImageOfPage\":{\"@id\":\"https:\/\/uvbbrasil.com.br\/arquivada-denuncia-contra-vereador-fernando-hallberg\/#primaryimage\"},\"image\":{\"@id\":\"https:\/\/uvbbrasil.com.br\/arquivada-denuncia-contra-vereador-fernando-hallberg\/#primaryimage\"},\"thumbnailUrl\":\"https:\/\/uvbbrasil.com.br\/wp-content\/uploads\/2018\/09\/fernando-cascavel.jpg\",\"datePublished\":\"2018-09-18T19:54:08+00:00\",\"breadcrumb\":{\"@id\":\"https:\/\/uvbbrasil.com.br\/arquivada-denuncia-contra-vereador-fernando-hallberg\/#breadcrumb\"},\"inLanguage\":\"pt-BR\",\"potentialAction\":[{\"@type\":\"ReadAction\",\"target\":[\"https:\/\/uvbbrasil.com.br\/arquivada-denuncia-contra-vereador-fernando-hallberg\/\"]}]},{\"@type\":\"ImageObject\",\"inLanguage\":\"pt-BR\",\"@id\":\"https:\/\/uvbbrasil.com.br\/arquivada-denuncia-contra-vereador-fernando-hallberg\/#primaryimage\",\"url\":\"https:\/\/uvbbrasil.com.br\/wp-content\/uploads\/2018\/09\/fernando-cascavel.jpg\",\"contentUrl\":\"https:\/\/uvbbrasil.com.br\/wp-content\/uploads\/2018\/09\/fernando-cascavel.jpg\",\"width\":1130,\"height\":565},{\"@type\":\"BreadcrumbList\",\"@id\":\"https:\/\/uvbbrasil.com.br\/arquivada-denuncia-contra-vereador-fernando-hallberg\/#breadcrumb\",\"itemListElement\":[{\"@type\":\"ListItem\",\"position\":1,\"name\":\"In\u00edcio\",\"item\":\"https:\/\/uvbbrasil.com.br\/\"},{\"@type\":\"ListItem\",\"position\":2,\"name\":\"Arquivada den\u00fancia contra vereador Fernando Hallberg\"}]},{\"@type\":\"WebSite\",\"@id\":\"https:\/\/uvbbrasil.com.br\/#website\",\"url\":\"https:\/\/uvbbrasil.com.br\/\",\"name\":\"UVB Brasil\",\"description\":\"Uni\u00e3o dos Vereadores do Brasil\",\"publisher\":{\"@id\":\"https:\/\/uvbbrasil.com.br\/#organization\"},\"potentialAction\":[{\"@type\":\"SearchAction\",\"target\":{\"@type\":\"EntryPoint\",\"urlTemplate\":\"https:\/\/uvbbrasil.com.br\/?s={search_term_string}\"},\"query-input\":{\"@type\":\"PropertyValueSpecification\",\"valueRequired\":true,\"valueName\":\"search_term_string\"}}],\"inLanguage\":\"pt-BR\"},{\"@type\":\"Organization\",\"@id\":\"https:\/\/uvbbrasil.com.br\/#organization\",\"name\":\"UVB Brasil\",\"url\":\"https:\/\/uvbbrasil.com.br\/\",\"logo\":{\"@type\":\"ImageObject\",\"inLanguage\":\"pt-BR\",\"@id\":\"https:\/\/uvbbrasil.com.br\/#\/schema\/logo\/image\/\",\"url\":\"https:\/\/uvbbrasil.com.br\/wp-content\/uploads\/2025\/01\/LOGO-UVB-2024-azul-1.jpg\",\"contentUrl\":\"https:\/\/uvbbrasil.com.br\/wp-content\/uploads\/2025\/01\/LOGO-UVB-2024-azul-1.jpg\",\"width\":600,\"height\":211,\"caption\":\"UVB Brasil\"},\"image\":{\"@id\":\"https:\/\/uvbbrasil.com.br\/#\/schema\/logo\/image\/\"},\"sameAs\":[\"https:\/\/www.facebook.com\/uvb.vereadoresbrasil\",\"https:\/\/www.instagram.com\/uvbbrasil\/\",\"https:\/\/www.youtube.com\/channel\/UCIlPQ8Xzw5GHNzosQIg9S5A\"]},{\"@type\":\"Person\",\"@id\":\"https:\/\/uvbbrasil.com.br\/#\/schema\/person\/17990098446c098f52effddff4f1b272\",\"name\":\"adminuvb\",\"image\":{\"@type\":\"ImageObject\",\"inLanguage\":\"pt-BR\",\"@id\":\"https:\/\/uvbbrasil.com.br\/#\/schema\/person\/image\/\",\"url\":\"https:\/\/secure.gravatar.com\/avatar\/1a494ea6f8e2dd1ae526e55b0e9497efdba542491e0620d704cccf63c6f77c45?s=96&d=mm&r=g\",\"contentUrl\":\"https:\/\/secure.gravatar.com\/avatar\/1a494ea6f8e2dd1ae526e55b0e9497efdba542491e0620d704cccf63c6f77c45?s=96&d=mm&r=g\",\"caption\":\"adminuvb\"},\"sameAs\":[\"https:\/\/uvbbrasil.com.br\"],\"url\":\"https:\/\/uvbbrasil.com.br\/author\/adminuvb\/\"}]}<\/script>\n<!-- \/ Yoast SEO plugin. -->","yoast_head_json":{"title":"Arquivada den\u00fancia contra vereador Fernando Hallberg - UVB Brasil","robots":{"index":"index","follow":"follow","max-snippet":"max-snippet:-1","max-image-preview":"max-image-preview:large","max-video-preview":"max-video-preview:-1"},"canonical":"https:\/\/uvbbrasil.com.br\/arquivada-denuncia-contra-vereador-fernando-hallberg\/","og_locale":"pt_BR","og_type":"article","og_title":"Arquivada den\u00fancia contra vereador Fernando Hallberg - UVB Brasil","og_description":"Cascavel\/PR &#8211; Com 18 votos favor\u00e1veis e um contr\u00e1rio, foi mantido o parecer da Comiss\u00e3o Processante pelo arquivamento da den\u00fancia...","og_url":"https:\/\/uvbbrasil.com.br\/arquivada-denuncia-contra-vereador-fernando-hallberg\/","og_site_name":"UVB Brasil","article_publisher":"https:\/\/www.facebook.com\/uvb.vereadoresbrasil","article_published_time":"2018-09-18T19:54:08+00:00","og_image":[{"width":1130,"height":565,"url":"https:\/\/uvbbrasil.com.br\/wp-content\/uploads\/2018\/09\/fernando-cascavel.jpg","type":"image\/jpeg"}],"author":"adminuvb","twitter_card":"summary_large_image","twitter_misc":{"Escrito por":"adminuvb","Est. tempo de leitura":"1 minuto"},"schema":{"@context":"https:\/\/schema.org","@graph":[{"@type":"Article","@id":"https:\/\/uvbbrasil.com.br\/arquivada-denuncia-contra-vereador-fernando-hallberg\/#article","isPartOf":{"@id":"https:\/\/uvbbrasil.com.br\/arquivada-denuncia-contra-vereador-fernando-hallberg\/"},"author":{"name":"adminuvb","@id":"https:\/\/uvbbrasil.com.br\/#\/schema\/person\/17990098446c098f52effddff4f1b272"},"headline":"Arquivada den\u00fancia contra vereador Fernando Hallberg","datePublished":"2018-09-18T19:54:08+00:00","mainEntityOfPage":{"@id":"https:\/\/uvbbrasil.com.br\/arquivada-denuncia-contra-vereador-fernando-hallberg\/"},"wordCount":286,"commentCount":0,"publisher":{"@id":"https:\/\/uvbbrasil.com.br\/#organization"},"image":{"@id":"https:\/\/uvbbrasil.com.br\/arquivada-denuncia-contra-vereador-fernando-hallberg\/#primaryimage"},"thumbnailUrl":"https:\/\/uvbbrasil.com.br\/wp-content\/uploads\/2018\/09\/fernando-cascavel.jpg","articleSection":["NOT\u00cdCIAS"],"inLanguage":"pt-BR","potentialAction":[{"@type":"CommentAction","name":"Comment","target":["https:\/\/uvbbrasil.com.br\/arquivada-denuncia-contra-vereador-fernando-hallberg\/#respond"]}]},{"@type":"WebPage","@id":"https:\/\/uvbbrasil.com.br\/arquivada-denuncia-contra-vereador-fernando-hallberg\/","url":"https:\/\/uvbbrasil.com.br\/arquivada-denuncia-contra-vereador-fernando-hallberg\/","name":"Arquivada den\u00fancia contra vereador Fernando Hallberg - UVB Brasil","isPartOf":{"@id":"https:\/\/uvbbrasil.com.br\/#website"},"primaryImageOfPage":{"@id":"https:\/\/uvbbrasil.com.br\/arquivada-denuncia-contra-vereador-fernando-hallberg\/#primaryimage"},"image":{"@id":"https:\/\/uvbbrasil.com.br\/arquivada-denuncia-contra-vereador-fernando-hallberg\/#primaryimage"},"thumbnailUrl":"https:\/\/uvbbrasil.com.br\/wp-content\/uploads\/2018\/09\/fernando-cascavel.jpg","datePublished":"2018-09-18T19:54:08+00:00","breadcrumb":{"@id":"https:\/\/uvbbrasil.com.br\/arquivada-denuncia-contra-vereador-fernando-hallberg\/#breadcrumb"},"inLanguage":"pt-BR","potentialAction":[{"@type":"ReadAction","target":["https:\/\/uvbbrasil.com.br\/arquivada-denuncia-contra-vereador-fernando-hallberg\/"]}]},{"@type":"ImageObject","inLanguage":"pt-BR","@id":"https:\/\/uvbbrasil.com.br\/arquivada-denuncia-contra-vereador-fernando-hallberg\/#primaryimage","url":"https:\/\/uvbbrasil.com.br\/wp-content\/uploads\/2018\/09\/fernando-cascavel.jpg","contentUrl":"https:\/\/uvbbrasil.com.br\/wp-content\/uploads\/2018\/09\/fernando-cascavel.jpg","width":1130,"height":565},{"@type":"BreadcrumbList","@id":"https:\/\/uvbbrasil.com.br\/arquivada-denuncia-contra-vereador-fernando-hallberg\/#breadcrumb","itemListElement":[{"@type":"ListItem","position":1,"name":"In\u00edcio","item":"https:\/\/uvbbrasil.com.br\/"},{"@type":"ListItem","position":2,"name":"Arquivada den\u00fancia contra vereador Fernando Hallberg"}]},{"@type":"WebSite","@id":"https:\/\/uvbbrasil.com.br\/#website","url":"https:\/\/uvbbrasil.com.br\/","name":"UVB Brasil","description":"Uni\u00e3o dos Vereadores do Brasil","publisher":{"@id":"https:\/\/uvbbrasil.com.br\/#organization"},"potentialAction":[{"@type":"SearchAction","target":{"@type":"EntryPoint","urlTemplate":"https:\/\/uvbbrasil.com.br\/?s={search_term_string}"},"query-input":{"@type":"PropertyValueSpecification","valueRequired":true,"valueName":"search_term_string"}}],"inLanguage":"pt-BR"},{"@type":"Organization","@id":"https:\/\/uvbbrasil.com.br\/#organization","name":"UVB Brasil","url":"https:\/\/uvbbrasil.com.br\/","logo":{"@type":"ImageObject","inLanguage":"pt-BR","@id":"https:\/\/uvbbrasil.com.br\/#\/schema\/logo\/image\/","url":"https:\/\/uvbbrasil.com.br\/wp-content\/uploads\/2025\/01\/LOGO-UVB-2024-azul-1.jpg","contentUrl":"https:\/\/uvbbrasil.com.br\/wp-content\/uploads\/2025\/01\/LOGO-UVB-2024-azul-1.jpg","width":600,"height":211,"caption":"UVB Brasil"},"image":{"@id":"https:\/\/uvbbrasil.com.br\/#\/schema\/logo\/image\/"},"sameAs":["https:\/\/www.facebook.com\/uvb.vereadoresbrasil","https:\/\/www.instagram.com\/uvbbrasil\/","https:\/\/www.youtube.com\/channel\/UCIlPQ8Xzw5GHNzosQIg9S5A"]},{"@type":"Person","@id":"https:\/\/uvbbrasil.com.br\/#\/schema\/person\/17990098446c098f52effddff4f1b272","name":"adminuvb","image":{"@type":"ImageObject","inLanguage":"pt-BR","@id":"https:\/\/uvbbrasil.com.br\/#\/schema\/person\/image\/","url":"https:\/\/secure.gravatar.com\/avatar\/1a494ea6f8e2dd1ae526e55b0e9497efdba542491e0620d704cccf63c6f77c45?s=96&d=mm&r=g","contentUrl":"https:\/\/secure.gravatar.com\/avatar\/1a494ea6f8e2dd1ae526e55b0e9497efdba542491e0620d704cccf63c6f77c45?s=96&d=mm&r=g","caption":"adminuvb"},"sameAs":["https:\/\/uvbbrasil.com.br"],"url":"https:\/\/uvbbrasil.com.br\/author\/adminuvb\/"}]}},"_links":{"self":[{"href":"https:\/\/uvbbrasil.com.br\/uvb-json\/wp\/v2\/posts\/12176","targetHints":{"allow":["GET"]}}],"collection":[{"href":"https:\/\/uvbbrasil.com.br\/uvb-json\/wp\/v2\/posts"}],"about":[{"href":"https:\/\/uvbbrasil.com.br\/uvb-json\/wp\/v2\/types\/post"}],"author":[{"embeddable":true,"href":"https:\/\/uvbbrasil.com.br\/uvb-json\/wp\/v2\/users\/1"}],"replies":[{"embeddable":true,"href":"https:\/\/uvbbrasil.com.br\/uvb-json\/wp\/v2\/comments?post=12176"}],"version-history":[{"count":0,"href":"https:\/\/uvbbrasil.com.br\/uvb-json\/wp\/v2\/posts\/12176\/revisions"}],"wp:featuredmedia":[{"embeddable":true,"href":"https:\/\/uvbbrasil.com.br\/uvb-json\/wp\/v2\/media\/12178"}],"wp:attachment":[{"href":"https:\/\/uvbbrasil.com.br\/uvb-json\/wp\/v2\/media?parent=12176"}],"wp:term":[{"taxonomy":"category","embeddable":true,"href":"https:\/\/uvbbrasil.com.br\/uvb-json\/wp\/v2\/categories?post=12176"},{"taxonomy":"post_tag","embeddable":true,"href":"https:\/\/uvbbrasil.com.br\/uvb-json\/wp\/v2\/tags?post=12176"}],"curies":[{"name":"wp","href":"https:\/\/api.w.org\/{rel}","templated":true}]}}