{"id":12140,"date":"2018-09-14T09:33:37","date_gmt":"2018-09-14T12:33:37","guid":{"rendered":"https:\/\/wpsandbox4.pante.com.br\/?p=12140"},"modified":"2018-09-14T09:33:37","modified_gmt":"2018-09-14T12:33:37","slug":"encontro-nacional-de-legislativos-municipais-e-top-legislativo-acontece-em-irai-de-04-07-de-dezembro","status":"publish","type":"post","link":"https:\/\/uvbbrasil.com.br\/encontro-nacional-de-legislativos-municipais-e-top-legislativo-acontece-em-irai-de-04-07-de-dezembro\/","title":{"rendered":"Encontro Nacional de Legislativos Municipais e TOP LEGISLATIVO acontece em Ira\u00ed de 04 a 07 de dezembro"},"content":{"rendered":"<p>Cem personalidades que prestam bons servi\u00e7os ao Poder Legislativo Municipal brasileiro, ser\u00e3o homenageadas\u00a0no dia 05 o Encontro Nacional de Legislativos Municipais, de 04 a 07 de dezembro de 2018, na cidade de Ira\u00ed\/RS, terra onde o presidente da UVB atua como vereador.<\/p>\n<p>A condecora\u00e7\u00e3o \u00e9 destinada a agraciar personalidade como vereadores e vereadoras, assessores, diretores, procuradores, servidores, c\u00e2maras municipais, entidades legislativas, assessorias, pessoas jur\u00eddicas e f\u00edsicas que se destacam com condutas positivas na defesa e na valoriza\u00e7\u00e3o do Poder Legislativo Municipal.<\/p>\n<p>Est\u00e3o confirmados para receber a medalha, o juiz de direito do Rio Grande do Norte e presidente da AMARN, Herval Sampaio, o promotor p\u00fablico de estado de S\u00e3o Paulo, Jo\u00e3o Carlos Cosenzo e 14 presidentes entidades estaduais de vereadores. A organiza\u00e7\u00e3o aceita indica\u00e7\u00f5es de personalidades que ap\u00f3s analisar a justificativa, divulgar\u00e1 os nomes do agraciados.<\/p>\n<p>A entrega da honraria ser\u00e1 realizada, em solenidade presidida pelo presidente da Uni\u00e3o dos Vereadores do Brasil, vereador Gilson Conzatti, que recentemente anunciou que todos os anos ser\u00e3o realizadas entregas da medalha TOP LEGISLATIVO. No dia 25 de novembro a UVB divulga a lista dos homenageados da edi\u00e7\u00e3o 2018.<\/p>\n<p>O presidente da UVB, informa que fez conv\u00eanio com alguns hotel da cidade, sendo que as di\u00e1rias para os primeiros 200 participantes inscritos no\u00a0Encontro Nacional de Legislativos Municipais, as di\u00e1rias com caf\u00e9 da manh\u00e3 ser\u00e3o de R$ 50,00 por participante. Acompanhantes n\u00e3o inscritos, R$ 80,00.<\/p>\n<p><em><strong>Inscri\u00e7\u00f5es: www.wpsandbox4.pante.com.br<\/strong><\/em><\/p>\n<p>D\u00favidas e Informa\u00e7\u00f5es pelo whatsapp \u00a0&#8211; \u00a051 995480574 \u2013 Fernando UVB Porto Alegre \/ 51 980331642 \u2013 Thain\u00e1 UVB Bras\u00edlia \u2013 email: bras\u00edlia@wpsandbox4.pante.com.br<\/p>\n<p><em><strong>Hot\u00e9is Conveniados:<\/strong><\/em><\/p>\n<p>-Hotel S\u00e3o Luiz &#8211; tel: 55 3745 1324 &#8211; s\u00e3oluizhotel@s\u00e3oluizhotel.com.br<\/p>\n<p>-Hotel Thermas &#8211; tel: 55 3745.1245 &#8211;\u00a0reservas@thermasirai.com.br<\/p>\n<p>-Balne\u00e1rio Hotel &#8211; tel: 37451329 &#8211; contato@balne\u00e1riohotel.com.br<\/p>\n<p><img fetchpriority=\"high\" decoding=\"async\" class=\"aligncenter wp-image-11734\" src=\"https:\/\/uvbbrasil.com.br\/wp-content\/uploads\/2018\/06\/ira\u00ed-hoteis.jpg\" alt=\"\" width=\"355\" height=\"498\" \/><\/p>\n","protected":false},"excerpt":{"rendered":"<p>Cem personalidades que prestam bons servi\u00e7os ao Poder Legislativo Municipal brasileiro, ser\u00e3o homenageadas\u00a0no dia 05 o Encontro Nacional de Legislativos&#8230;<\/p>\n","protected":false},"author":1,"featured_media":11525,"comment_status":"open","ping_status":"open","sticky":false,"template":"","format":"standard","meta":{"footnotes":""},"categories":[3,4],"tags":[],"class_list":["post-12140","post","type-post","status-publish","format-standard","has-post-thumbnail","hentry","category-noticias","category-home"],"yoast_head":"<!-- This site is optimized with the Yoast SEO plugin v26.7 - https:\/\/yoast.com\/wordpress\/plugins\/seo\/ -->\n<title>Encontro Nacional de Legislativos Municipais e TOP LEGISLATIVO acontece em Ira\u00ed de 04 a 07 de dezembro - UVB Brasil<\/title>\n<meta name=\"robots\" content=\"index, follow, max-snippet:-1, max-image-preview:large, max-video-preview:-1\" \/>\n<link rel=\"canonical\" href=\"https:\/\/uvbbrasil.com.br\/encontro-nacional-de-legislativos-municipais-e-top-legislativo-acontece-em-irai-de-04-07-de-dezembro\/\" \/>\n<meta property=\"og:locale\" content=\"pt_BR\" \/>\n<meta property=\"og:type\" content=\"article\" \/>\n<meta property=\"og:title\" content=\"Encontro Nacional de Legislativos Municipais e TOP LEGISLATIVO acontece em Ira\u00ed de 04 a 07 de dezembro - UVB Brasil\" \/>\n<meta property=\"og:description\" content=\"Cem personalidades que prestam bons servi\u00e7os ao Poder Legislativo Municipal brasileiro, ser\u00e3o homenageadas\u00a0no dia 05 o Encontro Nacional de Legislativos...\" \/>\n<meta property=\"og:url\" content=\"https:\/\/uvbbrasil.com.br\/encontro-nacional-de-legislativos-municipais-e-top-legislativo-acontece-em-irai-de-04-07-de-dezembro\/\" \/>\n<meta property=\"og:site_name\" content=\"UVB Brasil\" \/>\n<meta property=\"article:publisher\" content=\"https:\/\/www.facebook.com\/uvb.vereadoresbrasil\" \/>\n<meta property=\"article:published_time\" content=\"2018-09-14T12:33:37+00:00\" \/>\n<meta property=\"og:image\" content=\"https:\/\/uvbbrasil.com.br\/wp-content\/uploads\/2018\/07\/TOP-LEGISLATIVO.jpg\" \/>\n\t<meta property=\"og:image:width\" content=\"950\" \/>\n\t<meta property=\"og:image:height\" content=\"960\" \/>\n\t<meta property=\"og:image:type\" content=\"image\/jpeg\" \/>\n<meta name=\"author\" content=\"adminuvb\" \/>\n<meta name=\"twitter:card\" content=\"summary_large_image\" \/>\n<meta name=\"twitter:label1\" content=\"Escrito por\" \/>\n\t<meta name=\"twitter:data1\" content=\"adminuvb\" \/>\n\t<meta name=\"twitter:label2\" content=\"Est. tempo de leitura\" \/>\n\t<meta name=\"twitter:data2\" content=\"2 minutos\" \/>\n<script type=\"application\/ld+json\" class=\"yoast-schema-graph\">{\"@context\":\"https:\/\/schema.org\",\"@graph\":[{\"@type\":\"Article\",\"@id\":\"https:\/\/uvbbrasil.com.br\/encontro-nacional-de-legislativos-municipais-e-top-legislativo-acontece-em-irai-de-04-07-de-dezembro\/#article\",\"isPartOf\":{\"@id\":\"https:\/\/uvbbrasil.com.br\/encontro-nacional-de-legislativos-municipais-e-top-legislativo-acontece-em-irai-de-04-07-de-dezembro\/\"},\"author\":{\"name\":\"adminuvb\",\"@id\":\"https:\/\/uvbbrasil.com.br\/#\/schema\/person\/17990098446c098f52effddff4f1b272\"},\"headline\":\"Encontro Nacional de Legislativos Municipais e TOP LEGISLATIVO acontece em Ira\u00ed de 04 a 07 de dezembro\",\"datePublished\":\"2018-09-14T12:33:37+00:00\",\"mainEntityOfPage\":{\"@id\":\"https:\/\/uvbbrasil.com.br\/encontro-nacional-de-legislativos-municipais-e-top-legislativo-acontece-em-irai-de-04-07-de-dezembro\/\"},\"wordCount\":325,\"commentCount\":0,\"publisher\":{\"@id\":\"https:\/\/uvbbrasil.com.br\/#organization\"},\"image\":{\"@id\":\"https:\/\/uvbbrasil.com.br\/encontro-nacional-de-legislativos-municipais-e-top-legislativo-acontece-em-irai-de-04-07-de-dezembro\/#primaryimage\"},\"thumbnailUrl\":\"https:\/\/uvbbrasil.com.br\/wp-content\/uploads\/2018\/07\/TOP-LEGISLATIVO.jpg\",\"articleSection\":[\"NOT\u00cdCIAS\",\"UVB\"],\"inLanguage\":\"pt-BR\",\"potentialAction\":[{\"@type\":\"CommentAction\",\"name\":\"Comment\",\"target\":[\"https:\/\/uvbbrasil.com.br\/encontro-nacional-de-legislativos-municipais-e-top-legislativo-acontece-em-irai-de-04-07-de-dezembro\/#respond\"]}]},{\"@type\":\"WebPage\",\"@id\":\"https:\/\/uvbbrasil.com.br\/encontro-nacional-de-legislativos-municipais-e-top-legislativo-acontece-em-irai-de-04-07-de-dezembro\/\",\"url\":\"https:\/\/uvbbrasil.com.br\/encontro-nacional-de-legislativos-municipais-e-top-legislativo-acontece-em-irai-de-04-07-de-dezembro\/\",\"name\":\"Encontro Nacional de Legislativos Municipais e TOP LEGISLATIVO acontece em Ira\u00ed de 04 a 07 de dezembro - UVB Brasil\",\"isPartOf\":{\"@id\":\"https:\/\/uvbbrasil.com.br\/#website\"},\"primaryImageOfPage\":{\"@id\":\"https:\/\/uvbbrasil.com.br\/encontro-nacional-de-legislativos-municipais-e-top-legislativo-acontece-em-irai-de-04-07-de-dezembro\/#primaryimage\"},\"image\":{\"@id\":\"https:\/\/uvbbrasil.com.br\/encontro-nacional-de-legislativos-municipais-e-top-legislativo-acontece-em-irai-de-04-07-de-dezembro\/#primaryimage\"},\"thumbnailUrl\":\"https:\/\/uvbbrasil.com.br\/wp-content\/uploads\/2018\/07\/TOP-LEGISLATIVO.jpg\",\"datePublished\":\"2018-09-14T12:33:37+00:00\",\"breadcrumb\":{\"@id\":\"https:\/\/uvbbrasil.com.br\/encontro-nacional-de-legislativos-municipais-e-top-legislativo-acontece-em-irai-de-04-07-de-dezembro\/#breadcrumb\"},\"inLanguage\":\"pt-BR\",\"potentialAction\":[{\"@type\":\"ReadAction\",\"target\":[\"https:\/\/uvbbrasil.com.br\/encontro-nacional-de-legislativos-municipais-e-top-legislativo-acontece-em-irai-de-04-07-de-dezembro\/\"]}]},{\"@type\":\"ImageObject\",\"inLanguage\":\"pt-BR\",\"@id\":\"https:\/\/uvbbrasil.com.br\/encontro-nacional-de-legislativos-municipais-e-top-legislativo-acontece-em-irai-de-04-07-de-dezembro\/#primaryimage\",\"url\":\"https:\/\/uvbbrasil.com.br\/wp-content\/uploads\/2018\/07\/TOP-LEGISLATIVO.jpg\",\"contentUrl\":\"https:\/\/uvbbrasil.com.br\/wp-content\/uploads\/2018\/07\/TOP-LEGISLATIVO.jpg\",\"width\":950,\"height\":960},{\"@type\":\"BreadcrumbList\",\"@id\":\"https:\/\/uvbbrasil.com.br\/encontro-nacional-de-legislativos-municipais-e-top-legislativo-acontece-em-irai-de-04-07-de-dezembro\/#breadcrumb\",\"itemListElement\":[{\"@type\":\"ListItem\",\"position\":1,\"name\":\"In\u00edcio\",\"item\":\"https:\/\/uvbbrasil.com.br\/\"},{\"@type\":\"ListItem\",\"position\":2,\"name\":\"Encontro Nacional de Legislativos Municipais e TOP LEGISLATIVO acontece em Ira\u00ed de 04 a 07 de dezembro\"}]},{\"@type\":\"WebSite\",\"@id\":\"https:\/\/uvbbrasil.com.br\/#website\",\"url\":\"https:\/\/uvbbrasil.com.br\/\",\"name\":\"UVB Brasil\",\"description\":\"Uni\u00e3o dos Vereadores do Brasil\",\"publisher\":{\"@id\":\"https:\/\/uvbbrasil.com.br\/#organization\"},\"potentialAction\":[{\"@type\":\"SearchAction\",\"target\":{\"@type\":\"EntryPoint\",\"urlTemplate\":\"https:\/\/uvbbrasil.com.br\/?s={search_term_string}\"},\"query-input\":{\"@type\":\"PropertyValueSpecification\",\"valueRequired\":true,\"valueName\":\"search_term_string\"}}],\"inLanguage\":\"pt-BR\"},{\"@type\":\"Organization\",\"@id\":\"https:\/\/uvbbrasil.com.br\/#organization\",\"name\":\"UVB Brasil\",\"url\":\"https:\/\/uvbbrasil.com.br\/\",\"logo\":{\"@type\":\"ImageObject\",\"inLanguage\":\"pt-BR\",\"@id\":\"https:\/\/uvbbrasil.com.br\/#\/schema\/logo\/image\/\",\"url\":\"https:\/\/uvbbrasil.com.br\/wp-content\/uploads\/2025\/01\/LOGO-UVB-2024-azul-1.jpg\",\"contentUrl\":\"https:\/\/uvbbrasil.com.br\/wp-content\/uploads\/2025\/01\/LOGO-UVB-2024-azul-1.jpg\",\"width\":600,\"height\":211,\"caption\":\"UVB Brasil\"},\"image\":{\"@id\":\"https:\/\/uvbbrasil.com.br\/#\/schema\/logo\/image\/\"},\"sameAs\":[\"https:\/\/www.facebook.com\/uvb.vereadoresbrasil\",\"https:\/\/www.instagram.com\/uvbbrasil\/\",\"https:\/\/www.youtube.com\/channel\/UCIlPQ8Xzw5GHNzosQIg9S5A\"]},{\"@type\":\"Person\",\"@id\":\"https:\/\/uvbbrasil.com.br\/#\/schema\/person\/17990098446c098f52effddff4f1b272\",\"name\":\"adminuvb\",\"image\":{\"@type\":\"ImageObject\",\"inLanguage\":\"pt-BR\",\"@id\":\"https:\/\/uvbbrasil.com.br\/#\/schema\/person\/image\/\",\"url\":\"https:\/\/secure.gravatar.com\/avatar\/1a494ea6f8e2dd1ae526e55b0e9497efdba542491e0620d704cccf63c6f77c45?s=96&d=mm&r=g\",\"contentUrl\":\"https:\/\/secure.gravatar.com\/avatar\/1a494ea6f8e2dd1ae526e55b0e9497efdba542491e0620d704cccf63c6f77c45?s=96&d=mm&r=g\",\"caption\":\"adminuvb\"},\"sameAs\":[\"https:\/\/uvbbrasil.com.br\"],\"url\":\"https:\/\/uvbbrasil.com.br\/author\/adminuvb\/\"}]}<\/script>\n<!-- \/ Yoast SEO plugin. -->","yoast_head_json":{"title":"Encontro Nacional de Legislativos Municipais e TOP LEGISLATIVO acontece em Ira\u00ed de 04 a 07 de dezembro - UVB Brasil","robots":{"index":"index","follow":"follow","max-snippet":"max-snippet:-1","max-image-preview":"max-image-preview:large","max-video-preview":"max-video-preview:-1"},"canonical":"https:\/\/uvbbrasil.com.br\/encontro-nacional-de-legislativos-municipais-e-top-legislativo-acontece-em-irai-de-04-07-de-dezembro\/","og_locale":"pt_BR","og_type":"article","og_title":"Encontro Nacional de Legislativos Municipais e TOP LEGISLATIVO acontece em Ira\u00ed de 04 a 07 de dezembro - UVB Brasil","og_description":"Cem personalidades que prestam bons servi\u00e7os ao Poder Legislativo Municipal brasileiro, ser\u00e3o homenageadas\u00a0no dia 05 o Encontro Nacional de Legislativos...","og_url":"https:\/\/uvbbrasil.com.br\/encontro-nacional-de-legislativos-municipais-e-top-legislativo-acontece-em-irai-de-04-07-de-dezembro\/","og_site_name":"UVB Brasil","article_publisher":"https:\/\/www.facebook.com\/uvb.vereadoresbrasil","article_published_time":"2018-09-14T12:33:37+00:00","og_image":[{"width":950,"height":960,"url":"https:\/\/uvbbrasil.com.br\/wp-content\/uploads\/2018\/07\/TOP-LEGISLATIVO.jpg","type":"image\/jpeg"}],"author":"adminuvb","twitter_card":"summary_large_image","twitter_misc":{"Escrito por":"adminuvb","Est. tempo de leitura":"2 minutos"},"schema":{"@context":"https:\/\/schema.org","@graph":[{"@type":"Article","@id":"https:\/\/uvbbrasil.com.br\/encontro-nacional-de-legislativos-municipais-e-top-legislativo-acontece-em-irai-de-04-07-de-dezembro\/#article","isPartOf":{"@id":"https:\/\/uvbbrasil.com.br\/encontro-nacional-de-legislativos-municipais-e-top-legislativo-acontece-em-irai-de-04-07-de-dezembro\/"},"author":{"name":"adminuvb","@id":"https:\/\/uvbbrasil.com.br\/#\/schema\/person\/17990098446c098f52effddff4f1b272"},"headline":"Encontro Nacional de Legislativos Municipais e TOP LEGISLATIVO acontece em Ira\u00ed de 04 a 07 de dezembro","datePublished":"2018-09-14T12:33:37+00:00","mainEntityOfPage":{"@id":"https:\/\/uvbbrasil.com.br\/encontro-nacional-de-legislativos-municipais-e-top-legislativo-acontece-em-irai-de-04-07-de-dezembro\/"},"wordCount":325,"commentCount":0,"publisher":{"@id":"https:\/\/uvbbrasil.com.br\/#organization"},"image":{"@id":"https:\/\/uvbbrasil.com.br\/encontro-nacional-de-legislativos-municipais-e-top-legislativo-acontece-em-irai-de-04-07-de-dezembro\/#primaryimage"},"thumbnailUrl":"https:\/\/uvbbrasil.com.br\/wp-content\/uploads\/2018\/07\/TOP-LEGISLATIVO.jpg","articleSection":["NOT\u00cdCIAS","UVB"],"inLanguage":"pt-BR","potentialAction":[{"@type":"CommentAction","name":"Comment","target":["https:\/\/uvbbrasil.com.br\/encontro-nacional-de-legislativos-municipais-e-top-legislativo-acontece-em-irai-de-04-07-de-dezembro\/#respond"]}]},{"@type":"WebPage","@id":"https:\/\/uvbbrasil.com.br\/encontro-nacional-de-legislativos-municipais-e-top-legislativo-acontece-em-irai-de-04-07-de-dezembro\/","url":"https:\/\/uvbbrasil.com.br\/encontro-nacional-de-legislativos-municipais-e-top-legislativo-acontece-em-irai-de-04-07-de-dezembro\/","name":"Encontro Nacional de Legislativos Municipais e TOP LEGISLATIVO acontece em Ira\u00ed de 04 a 07 de dezembro - UVB Brasil","isPartOf":{"@id":"https:\/\/uvbbrasil.com.br\/#website"},"primaryImageOfPage":{"@id":"https:\/\/uvbbrasil.com.br\/encontro-nacional-de-legislativos-municipais-e-top-legislativo-acontece-em-irai-de-04-07-de-dezembro\/#primaryimage"},"image":{"@id":"https:\/\/uvbbrasil.com.br\/encontro-nacional-de-legislativos-municipais-e-top-legislativo-acontece-em-irai-de-04-07-de-dezembro\/#primaryimage"},"thumbnailUrl":"https:\/\/uvbbrasil.com.br\/wp-content\/uploads\/2018\/07\/TOP-LEGISLATIVO.jpg","datePublished":"2018-09-14T12:33:37+00:00","breadcrumb":{"@id":"https:\/\/uvbbrasil.com.br\/encontro-nacional-de-legislativos-municipais-e-top-legislativo-acontece-em-irai-de-04-07-de-dezembro\/#breadcrumb"},"inLanguage":"pt-BR","potentialAction":[{"@type":"ReadAction","target":["https:\/\/uvbbrasil.com.br\/encontro-nacional-de-legislativos-municipais-e-top-legislativo-acontece-em-irai-de-04-07-de-dezembro\/"]}]},{"@type":"ImageObject","inLanguage":"pt-BR","@id":"https:\/\/uvbbrasil.com.br\/encontro-nacional-de-legislativos-municipais-e-top-legislativo-acontece-em-irai-de-04-07-de-dezembro\/#primaryimage","url":"https:\/\/uvbbrasil.com.br\/wp-content\/uploads\/2018\/07\/TOP-LEGISLATIVO.jpg","contentUrl":"https:\/\/uvbbrasil.com.br\/wp-content\/uploads\/2018\/07\/TOP-LEGISLATIVO.jpg","width":950,"height":960},{"@type":"BreadcrumbList","@id":"https:\/\/uvbbrasil.com.br\/encontro-nacional-de-legislativos-municipais-e-top-legislativo-acontece-em-irai-de-04-07-de-dezembro\/#breadcrumb","itemListElement":[{"@type":"ListItem","position":1,"name":"In\u00edcio","item":"https:\/\/uvbbrasil.com.br\/"},{"@type":"ListItem","position":2,"name":"Encontro Nacional de Legislativos Municipais e TOP LEGISLATIVO acontece em Ira\u00ed de 04 a 07 de dezembro"}]},{"@type":"WebSite","@id":"https:\/\/uvbbrasil.com.br\/#website","url":"https:\/\/uvbbrasil.com.br\/","name":"UVB Brasil","description":"Uni\u00e3o dos Vereadores do Brasil","publisher":{"@id":"https:\/\/uvbbrasil.com.br\/#organization"},"potentialAction":[{"@type":"SearchAction","target":{"@type":"EntryPoint","urlTemplate":"https:\/\/uvbbrasil.com.br\/?s={search_term_string}"},"query-input":{"@type":"PropertyValueSpecification","valueRequired":true,"valueName":"search_term_string"}}],"inLanguage":"pt-BR"},{"@type":"Organization","@id":"https:\/\/uvbbrasil.com.br\/#organization","name":"UVB Brasil","url":"https:\/\/uvbbrasil.com.br\/","logo":{"@type":"ImageObject","inLanguage":"pt-BR","@id":"https:\/\/uvbbrasil.com.br\/#\/schema\/logo\/image\/","url":"https:\/\/uvbbrasil.com.br\/wp-content\/uploads\/2025\/01\/LOGO-UVB-2024-azul-1.jpg","contentUrl":"https:\/\/uvbbrasil.com.br\/wp-content\/uploads\/2025\/01\/LOGO-UVB-2024-azul-1.jpg","width":600,"height":211,"caption":"UVB Brasil"},"image":{"@id":"https:\/\/uvbbrasil.com.br\/#\/schema\/logo\/image\/"},"sameAs":["https:\/\/www.facebook.com\/uvb.vereadoresbrasil","https:\/\/www.instagram.com\/uvbbrasil\/","https:\/\/www.youtube.com\/channel\/UCIlPQ8Xzw5GHNzosQIg9S5A"]},{"@type":"Person","@id":"https:\/\/uvbbrasil.com.br\/#\/schema\/person\/17990098446c098f52effddff4f1b272","name":"adminuvb","image":{"@type":"ImageObject","inLanguage":"pt-BR","@id":"https:\/\/uvbbrasil.com.br\/#\/schema\/person\/image\/","url":"https:\/\/secure.gravatar.com\/avatar\/1a494ea6f8e2dd1ae526e55b0e9497efdba542491e0620d704cccf63c6f77c45?s=96&d=mm&r=g","contentUrl":"https:\/\/secure.gravatar.com\/avatar\/1a494ea6f8e2dd1ae526e55b0e9497efdba542491e0620d704cccf63c6f77c45?s=96&d=mm&r=g","caption":"adminuvb"},"sameAs":["https:\/\/uvbbrasil.com.br"],"url":"https:\/\/uvbbrasil.com.br\/author\/adminuvb\/"}]}},"_links":{"self":[{"href":"https:\/\/uvbbrasil.com.br\/uvb-json\/wp\/v2\/posts\/12140","targetHints":{"allow":["GET"]}}],"collection":[{"href":"https:\/\/uvbbrasil.com.br\/uvb-json\/wp\/v2\/posts"}],"about":[{"href":"https:\/\/uvbbrasil.com.br\/uvb-json\/wp\/v2\/types\/post"}],"author":[{"embeddable":true,"href":"https:\/\/uvbbrasil.com.br\/uvb-json\/wp\/v2\/users\/1"}],"replies":[{"embeddable":true,"href":"https:\/\/uvbbrasil.com.br\/uvb-json\/wp\/v2\/comments?post=12140"}],"version-history":[{"count":0,"href":"https:\/\/uvbbrasil.com.br\/uvb-json\/wp\/v2\/posts\/12140\/revisions"}],"wp:featuredmedia":[{"embeddable":true,"href":"https:\/\/uvbbrasil.com.br\/uvb-json\/wp\/v2\/media\/11525"}],"wp:attachment":[{"href":"https:\/\/uvbbrasil.com.br\/uvb-json\/wp\/v2\/media?parent=12140"}],"wp:term":[{"taxonomy":"category","embeddable":true,"href":"https:\/\/uvbbrasil.com.br\/uvb-json\/wp\/v2\/categories?post=12140"},{"taxonomy":"post_tag","embeddable":true,"href":"https:\/\/uvbbrasil.com.br\/uvb-json\/wp\/v2\/tags?post=12140"}],"curies":[{"name":"wp","href":"https:\/\/api.w.org\/{rel}","templated":true}]}}