{"id":11700,"date":"2018-07-30T00:31:51","date_gmt":"2018-07-30T03:31:51","guid":{"rendered":"https:\/\/wpsandbox4.pante.com.br\/?p=11700"},"modified":"2018-07-30T00:31:51","modified_gmt":"2018-07-30T03:31:51","slug":"morre-ex-vereador-guido-mutran-de-maraba","status":"publish","type":"post","link":"https:\/\/uvbbrasil.com.br\/morre-ex-vereador-guido-mutran-de-maraba\/","title":{"rendered":"Morre ex-vereador Guido Mutran de Marab\u00e1"},"content":{"rendered":"<p>Morreu na noite de ontem (29), v\u00edtima de c\u00e2ncer, o ex-vereador de Marab\u00e1\/PA,\u00a0Guido Mutran J\u00fanior (MDB).<\/p>\n<p>A luta travada contra um c\u00e2ncer de est\u00f4mago, h\u00e1 mais de tr\u00eas anos, pelo Ex-vereador de Marab\u00e1,\u00a0<b>GUIDO MUTRAN J\u00daNIOR<\/b>, 58 anos, foi vencida pela doen\u00e7a. Guido Mutran faleceu, ontem (29), por volta de 21 horas, no Hospital HC Camargo, no estado de S\u00e3o Paulo, onde estava internado, h\u00e1 v\u00e1rios dias, na Unidade de Terapia Intensiva (UTI). O Ex-Parlamentar exerceu v\u00e1rios mandatos de vereador, em Marab\u00e1 (PA). Dono de uma postura exemplar como homem p\u00fablico, ele era visto como um dos vereadores mais esclarecidos e combativos que j\u00e1 passaram pela C\u00e2mara Municipal. Possuidor de uma orat\u00f3ria requintada, Guido defendia com energia, altivez e galhardia as demandas de sua comunidade e do povo de Marab\u00e1.<\/p>\n<p>Natural de Bel\u00e9m (PA), antes da pol\u00edtica, Guido Mutran atuou na fun\u00e7\u00e3o de diretor da R\u00e1dio Itacai\u00fanas. Depois foi Coordenador da Ag\u00eancia de Defesa Agropecu\u00e1ria do Estado do Par\u00e1 (Adepar\u00e1) e da Secretaria de Estado de Agricultura (Sagri) em Marab\u00e1. O falecimento de Guido causou grande repercuss\u00e3o no meio pol\u00edtico, familiares, amigos e correligion\u00e1rios. De acordo com pessoas pr\u00f3ximas da fam\u00edlia Mutran, o corpo ser\u00e1 trasladado para Marab\u00e1, local onde ser\u00e1 velado e sepultado. Marab\u00e1 perdeu um grande homem p\u00fablico.<\/p>\n<p>Mutran era m\u00e9dico veterin\u00e1rio de forma\u00e7\u00e3o, eleito pela primeira vez 1996 pelo PFL com 795 votos, reeleito em 2000 pelo PMDB com 1.245 (segundo mais votado)\u00a0\u00a0de fam\u00edlia tradicional na pol\u00edtica, seu pai Guido Mutran foi vereador durante dez anos de quem herdou o legado pol\u00edtico.\u00a0Em 2012, obteve 1.139 votos (suplente), assumindo a vaga de Nagib Mutran Neto que se licenciou da C\u00e2mara Municipal para assumir a Secretaria de Sa\u00fade de Marab\u00e1. Com forte atua\u00e7\u00e3o na fiscaliza\u00e7\u00e3o e na defesa dos direitos da pessoa, fez um excelente trabalho na CPI do Transporte P\u00fablico e Coletivo.<\/p>\n<p>Nos anos de 2014 a 2016, na condi\u00e7\u00e3o de vereador suplente de Marab\u00e1, participou ativamente das atividades da Uni\u00e3o dos Vereadores do Brasil &#8211; UVB, oportunidade que juntamente com a vereadora Irismar Melo, levou para a cidade paraense, uma etapa do Debates Pelo Brasil, realizado pela UVB. Guido tamb\u00e9m participou de atividades da UVB em Santar\u00e9m\/PA, Canela\/RS e Bras\u00edlia\/DF.<\/p>\n<p>Nas elei\u00e7\u00f5es de 2016, Guido Mutran fez 1023 votos.<\/p>\n<p style=\"text-align: left;\">A UVB lamenta profundamente a morte do ex-vereador Guido Mutran, que era um amigo, parceiro e tinha na fun\u00e7\u00e3o p\u00fablica a vontade de fazer a diferen\u00e7a. Mutran deixa um legado da boa pol\u00edtica. A vereadora Irismar Melo, vice-presidente da UVB, estar\u00e1 representando a entidade nos atos f\u00fanebres do ex-vereador.<\/p>\n<p style=\"text-align: center;\"><img fetchpriority=\"high\" decoding=\"async\" class=\"aligncenter size-full wp-image-11702\" src=\"https:\/\/uvbbrasil.com.br\/wp-content\/uploads\/2018\/07\/guido.jpg\" alt=\"\" width=\"960\" height=\"540\" srcset=\"https:\/\/uvbbrasil.com.br\/wp-content\/uploads\/2018\/07\/guido.jpg 960w, https:\/\/uvbbrasil.com.br\/wp-content\/uploads\/2018\/07\/guido-300x169.jpg 300w, https:\/\/uvbbrasil.com.br\/wp-content\/uploads\/2018\/07\/guido-768x432.jpg 768w\" sizes=\"(max-width: 960px) 100vw, 960px\" \/>Guido (centro) na\u00a0Marcha dos Vereadores em Bras\u00edlia,, com os colegas vereadores de marab\u00e1, Miguelito e Irismar<\/p>\n","protected":false},"excerpt":{"rendered":"<p>Morreu na noite de ontem (29), v\u00edtima de c\u00e2ncer, o ex-vereador de Marab\u00e1\/PA,\u00a0Guido Mutran J\u00fanior (MDB). A luta travada contra&#8230;<\/p>\n","protected":false},"author":1,"featured_media":11701,"comment_status":"open","ping_status":"open","sticky":false,"template":"","format":"standard","meta":{"footnotes":""},"categories":[3],"tags":[],"class_list":["post-11700","post","type-post","status-publish","format-standard","has-post-thumbnail","hentry","category-noticias"],"yoast_head":"<!-- This site is optimized with the Yoast SEO plugin v26.7 - https:\/\/yoast.com\/wordpress\/plugins\/seo\/ -->\n<title>Morre ex-vereador Guido Mutran de Marab\u00e1 - UVB Brasil<\/title>\n<meta name=\"robots\" content=\"index, follow, max-snippet:-1, max-image-preview:large, max-video-preview:-1\" \/>\n<link rel=\"canonical\" href=\"https:\/\/uvbbrasil.com.br\/morre-ex-vereador-guido-mutran-de-maraba\/\" \/>\n<meta property=\"og:locale\" content=\"pt_BR\" \/>\n<meta property=\"og:type\" content=\"article\" \/>\n<meta property=\"og:title\" content=\"Morre ex-vereador Guido Mutran de Marab\u00e1 - UVB Brasil\" \/>\n<meta property=\"og:description\" content=\"Morreu na noite de ontem (29), v\u00edtima de c\u00e2ncer, o ex-vereador de Marab\u00e1\/PA,\u00a0Guido Mutran J\u00fanior (MDB). A luta travada contra...\" \/>\n<meta property=\"og:url\" content=\"https:\/\/uvbbrasil.com.br\/morre-ex-vereador-guido-mutran-de-maraba\/\" \/>\n<meta property=\"og:site_name\" content=\"UVB Brasil\" \/>\n<meta property=\"article:publisher\" content=\"https:\/\/www.facebook.com\/uvb.vereadoresbrasil\" \/>\n<meta property=\"article:published_time\" content=\"2018-07-30T03:31:51+00:00\" \/>\n<meta property=\"og:image\" content=\"https:\/\/uvbbrasil.com.br\/wp-content\/uploads\/2018\/07\/guido-mutam.jpeg\" \/>\n\t<meta property=\"og:image:width\" content=\"1000\" \/>\n\t<meta property=\"og:image:height\" content=\"664\" \/>\n\t<meta property=\"og:image:type\" content=\"image\/jpeg\" \/>\n<meta name=\"author\" content=\"adminuvb\" \/>\n<meta name=\"twitter:card\" content=\"summary_large_image\" \/>\n<meta name=\"twitter:label1\" content=\"Escrito por\" \/>\n\t<meta name=\"twitter:data1\" content=\"adminuvb\" \/>\n\t<meta name=\"twitter:label2\" content=\"Est. tempo de leitura\" \/>\n\t<meta name=\"twitter:data2\" content=\"2 minutos\" \/>\n<script type=\"application\/ld+json\" class=\"yoast-schema-graph\">{\"@context\":\"https:\/\/schema.org\",\"@graph\":[{\"@type\":\"Article\",\"@id\":\"https:\/\/uvbbrasil.com.br\/morre-ex-vereador-guido-mutran-de-maraba\/#article\",\"isPartOf\":{\"@id\":\"https:\/\/uvbbrasil.com.br\/morre-ex-vereador-guido-mutran-de-maraba\/\"},\"author\":{\"name\":\"adminuvb\",\"@id\":\"https:\/\/uvbbrasil.com.br\/#\/schema\/person\/17990098446c098f52effddff4f1b272\"},\"headline\":\"Morre ex-vereador Guido Mutran de Marab\u00e1\",\"datePublished\":\"2018-07-30T03:31:51+00:00\",\"mainEntityOfPage\":{\"@id\":\"https:\/\/uvbbrasil.com.br\/morre-ex-vereador-guido-mutran-de-maraba\/\"},\"wordCount\":487,\"commentCount\":0,\"publisher\":{\"@id\":\"https:\/\/uvbbrasil.com.br\/#organization\"},\"image\":{\"@id\":\"https:\/\/uvbbrasil.com.br\/morre-ex-vereador-guido-mutran-de-maraba\/#primaryimage\"},\"thumbnailUrl\":\"https:\/\/uvbbrasil.com.br\/wp-content\/uploads\/2018\/07\/guido-mutam.jpeg\",\"articleSection\":[\"NOT\u00cdCIAS\"],\"inLanguage\":\"pt-BR\",\"potentialAction\":[{\"@type\":\"CommentAction\",\"name\":\"Comment\",\"target\":[\"https:\/\/uvbbrasil.com.br\/morre-ex-vereador-guido-mutran-de-maraba\/#respond\"]}]},{\"@type\":\"WebPage\",\"@id\":\"https:\/\/uvbbrasil.com.br\/morre-ex-vereador-guido-mutran-de-maraba\/\",\"url\":\"https:\/\/uvbbrasil.com.br\/morre-ex-vereador-guido-mutran-de-maraba\/\",\"name\":\"Morre ex-vereador Guido Mutran de Marab\u00e1 - UVB Brasil\",\"isPartOf\":{\"@id\":\"https:\/\/uvbbrasil.com.br\/#website\"},\"primaryImageOfPage\":{\"@id\":\"https:\/\/uvbbrasil.com.br\/morre-ex-vereador-guido-mutran-de-maraba\/#primaryimage\"},\"image\":{\"@id\":\"https:\/\/uvbbrasil.com.br\/morre-ex-vereador-guido-mutran-de-maraba\/#primaryimage\"},\"thumbnailUrl\":\"https:\/\/uvbbrasil.com.br\/wp-content\/uploads\/2018\/07\/guido-mutam.jpeg\",\"datePublished\":\"2018-07-30T03:31:51+00:00\",\"breadcrumb\":{\"@id\":\"https:\/\/uvbbrasil.com.br\/morre-ex-vereador-guido-mutran-de-maraba\/#breadcrumb\"},\"inLanguage\":\"pt-BR\",\"potentialAction\":[{\"@type\":\"ReadAction\",\"target\":[\"https:\/\/uvbbrasil.com.br\/morre-ex-vereador-guido-mutran-de-maraba\/\"]}]},{\"@type\":\"ImageObject\",\"inLanguage\":\"pt-BR\",\"@id\":\"https:\/\/uvbbrasil.com.br\/morre-ex-vereador-guido-mutran-de-maraba\/#primaryimage\",\"url\":\"https:\/\/uvbbrasil.com.br\/wp-content\/uploads\/2018\/07\/guido-mutam.jpeg\",\"contentUrl\":\"https:\/\/uvbbrasil.com.br\/wp-content\/uploads\/2018\/07\/guido-mutam.jpeg\",\"width\":1000,\"height\":664},{\"@type\":\"BreadcrumbList\",\"@id\":\"https:\/\/uvbbrasil.com.br\/morre-ex-vereador-guido-mutran-de-maraba\/#breadcrumb\",\"itemListElement\":[{\"@type\":\"ListItem\",\"position\":1,\"name\":\"In\u00edcio\",\"item\":\"https:\/\/uvbbrasil.com.br\/\"},{\"@type\":\"ListItem\",\"position\":2,\"name\":\"Morre ex-vereador Guido Mutran de Marab\u00e1\"}]},{\"@type\":\"WebSite\",\"@id\":\"https:\/\/uvbbrasil.com.br\/#website\",\"url\":\"https:\/\/uvbbrasil.com.br\/\",\"name\":\"UVB Brasil\",\"description\":\"Uni\u00e3o dos Vereadores do Brasil\",\"publisher\":{\"@id\":\"https:\/\/uvbbrasil.com.br\/#organization\"},\"potentialAction\":[{\"@type\":\"SearchAction\",\"target\":{\"@type\":\"EntryPoint\",\"urlTemplate\":\"https:\/\/uvbbrasil.com.br\/?s={search_term_string}\"},\"query-input\":{\"@type\":\"PropertyValueSpecification\",\"valueRequired\":true,\"valueName\":\"search_term_string\"}}],\"inLanguage\":\"pt-BR\"},{\"@type\":\"Organization\",\"@id\":\"https:\/\/uvbbrasil.com.br\/#organization\",\"name\":\"UVB Brasil\",\"url\":\"https:\/\/uvbbrasil.com.br\/\",\"logo\":{\"@type\":\"ImageObject\",\"inLanguage\":\"pt-BR\",\"@id\":\"https:\/\/uvbbrasil.com.br\/#\/schema\/logo\/image\/\",\"url\":\"https:\/\/uvbbrasil.com.br\/wp-content\/uploads\/2025\/01\/LOGO-UVB-2024-azul-1.jpg\",\"contentUrl\":\"https:\/\/uvbbrasil.com.br\/wp-content\/uploads\/2025\/01\/LOGO-UVB-2024-azul-1.jpg\",\"width\":600,\"height\":211,\"caption\":\"UVB Brasil\"},\"image\":{\"@id\":\"https:\/\/uvbbrasil.com.br\/#\/schema\/logo\/image\/\"},\"sameAs\":[\"https:\/\/www.facebook.com\/uvb.vereadoresbrasil\",\"https:\/\/www.instagram.com\/uvbbrasil\/\",\"https:\/\/www.youtube.com\/channel\/UCIlPQ8Xzw5GHNzosQIg9S5A\"]},{\"@type\":\"Person\",\"@id\":\"https:\/\/uvbbrasil.com.br\/#\/schema\/person\/17990098446c098f52effddff4f1b272\",\"name\":\"adminuvb\",\"image\":{\"@type\":\"ImageObject\",\"inLanguage\":\"pt-BR\",\"@id\":\"https:\/\/uvbbrasil.com.br\/#\/schema\/person\/image\/\",\"url\":\"https:\/\/secure.gravatar.com\/avatar\/1a494ea6f8e2dd1ae526e55b0e9497efdba542491e0620d704cccf63c6f77c45?s=96&d=mm&r=g\",\"contentUrl\":\"https:\/\/secure.gravatar.com\/avatar\/1a494ea6f8e2dd1ae526e55b0e9497efdba542491e0620d704cccf63c6f77c45?s=96&d=mm&r=g\",\"caption\":\"adminuvb\"},\"sameAs\":[\"https:\/\/uvbbrasil.com.br\"],\"url\":\"https:\/\/uvbbrasil.com.br\/author\/adminuvb\/\"}]}<\/script>\n<!-- \/ Yoast SEO plugin. -->","yoast_head_json":{"title":"Morre ex-vereador Guido Mutran de Marab\u00e1 - UVB Brasil","robots":{"index":"index","follow":"follow","max-snippet":"max-snippet:-1","max-image-preview":"max-image-preview:large","max-video-preview":"max-video-preview:-1"},"canonical":"https:\/\/uvbbrasil.com.br\/morre-ex-vereador-guido-mutran-de-maraba\/","og_locale":"pt_BR","og_type":"article","og_title":"Morre ex-vereador Guido Mutran de Marab\u00e1 - UVB Brasil","og_description":"Morreu na noite de ontem (29), v\u00edtima de c\u00e2ncer, o ex-vereador de Marab\u00e1\/PA,\u00a0Guido Mutran J\u00fanior (MDB). A luta travada contra...","og_url":"https:\/\/uvbbrasil.com.br\/morre-ex-vereador-guido-mutran-de-maraba\/","og_site_name":"UVB Brasil","article_publisher":"https:\/\/www.facebook.com\/uvb.vereadoresbrasil","article_published_time":"2018-07-30T03:31:51+00:00","og_image":[{"width":1000,"height":664,"url":"https:\/\/uvbbrasil.com.br\/wp-content\/uploads\/2018\/07\/guido-mutam.jpeg","type":"image\/jpeg"}],"author":"adminuvb","twitter_card":"summary_large_image","twitter_misc":{"Escrito por":"adminuvb","Est. tempo de leitura":"2 minutos"},"schema":{"@context":"https:\/\/schema.org","@graph":[{"@type":"Article","@id":"https:\/\/uvbbrasil.com.br\/morre-ex-vereador-guido-mutran-de-maraba\/#article","isPartOf":{"@id":"https:\/\/uvbbrasil.com.br\/morre-ex-vereador-guido-mutran-de-maraba\/"},"author":{"name":"adminuvb","@id":"https:\/\/uvbbrasil.com.br\/#\/schema\/person\/17990098446c098f52effddff4f1b272"},"headline":"Morre ex-vereador Guido Mutran de Marab\u00e1","datePublished":"2018-07-30T03:31:51+00:00","mainEntityOfPage":{"@id":"https:\/\/uvbbrasil.com.br\/morre-ex-vereador-guido-mutran-de-maraba\/"},"wordCount":487,"commentCount":0,"publisher":{"@id":"https:\/\/uvbbrasil.com.br\/#organization"},"image":{"@id":"https:\/\/uvbbrasil.com.br\/morre-ex-vereador-guido-mutran-de-maraba\/#primaryimage"},"thumbnailUrl":"https:\/\/uvbbrasil.com.br\/wp-content\/uploads\/2018\/07\/guido-mutam.jpeg","articleSection":["NOT\u00cdCIAS"],"inLanguage":"pt-BR","potentialAction":[{"@type":"CommentAction","name":"Comment","target":["https:\/\/uvbbrasil.com.br\/morre-ex-vereador-guido-mutran-de-maraba\/#respond"]}]},{"@type":"WebPage","@id":"https:\/\/uvbbrasil.com.br\/morre-ex-vereador-guido-mutran-de-maraba\/","url":"https:\/\/uvbbrasil.com.br\/morre-ex-vereador-guido-mutran-de-maraba\/","name":"Morre ex-vereador Guido Mutran de Marab\u00e1 - UVB Brasil","isPartOf":{"@id":"https:\/\/uvbbrasil.com.br\/#website"},"primaryImageOfPage":{"@id":"https:\/\/uvbbrasil.com.br\/morre-ex-vereador-guido-mutran-de-maraba\/#primaryimage"},"image":{"@id":"https:\/\/uvbbrasil.com.br\/morre-ex-vereador-guido-mutran-de-maraba\/#primaryimage"},"thumbnailUrl":"https:\/\/uvbbrasil.com.br\/wp-content\/uploads\/2018\/07\/guido-mutam.jpeg","datePublished":"2018-07-30T03:31:51+00:00","breadcrumb":{"@id":"https:\/\/uvbbrasil.com.br\/morre-ex-vereador-guido-mutran-de-maraba\/#breadcrumb"},"inLanguage":"pt-BR","potentialAction":[{"@type":"ReadAction","target":["https:\/\/uvbbrasil.com.br\/morre-ex-vereador-guido-mutran-de-maraba\/"]}]},{"@type":"ImageObject","inLanguage":"pt-BR","@id":"https:\/\/uvbbrasil.com.br\/morre-ex-vereador-guido-mutran-de-maraba\/#primaryimage","url":"https:\/\/uvbbrasil.com.br\/wp-content\/uploads\/2018\/07\/guido-mutam.jpeg","contentUrl":"https:\/\/uvbbrasil.com.br\/wp-content\/uploads\/2018\/07\/guido-mutam.jpeg","width":1000,"height":664},{"@type":"BreadcrumbList","@id":"https:\/\/uvbbrasil.com.br\/morre-ex-vereador-guido-mutran-de-maraba\/#breadcrumb","itemListElement":[{"@type":"ListItem","position":1,"name":"In\u00edcio","item":"https:\/\/uvbbrasil.com.br\/"},{"@type":"ListItem","position":2,"name":"Morre ex-vereador Guido Mutran de Marab\u00e1"}]},{"@type":"WebSite","@id":"https:\/\/uvbbrasil.com.br\/#website","url":"https:\/\/uvbbrasil.com.br\/","name":"UVB Brasil","description":"Uni\u00e3o dos Vereadores do Brasil","publisher":{"@id":"https:\/\/uvbbrasil.com.br\/#organization"},"potentialAction":[{"@type":"SearchAction","target":{"@type":"EntryPoint","urlTemplate":"https:\/\/uvbbrasil.com.br\/?s={search_term_string}"},"query-input":{"@type":"PropertyValueSpecification","valueRequired":true,"valueName":"search_term_string"}}],"inLanguage":"pt-BR"},{"@type":"Organization","@id":"https:\/\/uvbbrasil.com.br\/#organization","name":"UVB Brasil","url":"https:\/\/uvbbrasil.com.br\/","logo":{"@type":"ImageObject","inLanguage":"pt-BR","@id":"https:\/\/uvbbrasil.com.br\/#\/schema\/logo\/image\/","url":"https:\/\/uvbbrasil.com.br\/wp-content\/uploads\/2025\/01\/LOGO-UVB-2024-azul-1.jpg","contentUrl":"https:\/\/uvbbrasil.com.br\/wp-content\/uploads\/2025\/01\/LOGO-UVB-2024-azul-1.jpg","width":600,"height":211,"caption":"UVB Brasil"},"image":{"@id":"https:\/\/uvbbrasil.com.br\/#\/schema\/logo\/image\/"},"sameAs":["https:\/\/www.facebook.com\/uvb.vereadoresbrasil","https:\/\/www.instagram.com\/uvbbrasil\/","https:\/\/www.youtube.com\/channel\/UCIlPQ8Xzw5GHNzosQIg9S5A"]},{"@type":"Person","@id":"https:\/\/uvbbrasil.com.br\/#\/schema\/person\/17990098446c098f52effddff4f1b272","name":"adminuvb","image":{"@type":"ImageObject","inLanguage":"pt-BR","@id":"https:\/\/uvbbrasil.com.br\/#\/schema\/person\/image\/","url":"https:\/\/secure.gravatar.com\/avatar\/1a494ea6f8e2dd1ae526e55b0e9497efdba542491e0620d704cccf63c6f77c45?s=96&d=mm&r=g","contentUrl":"https:\/\/secure.gravatar.com\/avatar\/1a494ea6f8e2dd1ae526e55b0e9497efdba542491e0620d704cccf63c6f77c45?s=96&d=mm&r=g","caption":"adminuvb"},"sameAs":["https:\/\/uvbbrasil.com.br"],"url":"https:\/\/uvbbrasil.com.br\/author\/adminuvb\/"}]}},"_links":{"self":[{"href":"https:\/\/uvbbrasil.com.br\/uvb-json\/wp\/v2\/posts\/11700","targetHints":{"allow":["GET"]}}],"collection":[{"href":"https:\/\/uvbbrasil.com.br\/uvb-json\/wp\/v2\/posts"}],"about":[{"href":"https:\/\/uvbbrasil.com.br\/uvb-json\/wp\/v2\/types\/post"}],"author":[{"embeddable":true,"href":"https:\/\/uvbbrasil.com.br\/uvb-json\/wp\/v2\/users\/1"}],"replies":[{"embeddable":true,"href":"https:\/\/uvbbrasil.com.br\/uvb-json\/wp\/v2\/comments?post=11700"}],"version-history":[{"count":0,"href":"https:\/\/uvbbrasil.com.br\/uvb-json\/wp\/v2\/posts\/11700\/revisions"}],"wp:featuredmedia":[{"embeddable":true,"href":"https:\/\/uvbbrasil.com.br\/uvb-json\/wp\/v2\/media\/11701"}],"wp:attachment":[{"href":"https:\/\/uvbbrasil.com.br\/uvb-json\/wp\/v2\/media?parent=11700"}],"wp:term":[{"taxonomy":"category","embeddable":true,"href":"https:\/\/uvbbrasil.com.br\/uvb-json\/wp\/v2\/categories?post=11700"},{"taxonomy":"post_tag","embeddable":true,"href":"https:\/\/uvbbrasil.com.br\/uvb-json\/wp\/v2\/tags?post=11700"}],"curies":[{"name":"wp","href":"https:\/\/api.w.org\/{rel}","templated":true}]}}