{"id":11443,"date":"2018-06-27T14:08:52","date_gmt":"2018-06-27T17:08:52","guid":{"rendered":"https:\/\/wpsandbox4.pante.com.br\/?p=11443"},"modified":"2018-06-27T14:08:52","modified_gmt":"2018-06-27T17:08:52","slug":"dr-lieverson-perin-diretor-juridico-da-associacao-gaucha-de-municipios-conformado-no-minicipaliza","status":"publish","type":"post","link":"https:\/\/uvbbrasil.com.br\/dr-lieverson-perin-diretor-juridico-da-associacao-gaucha-de-municipios-conformado-no-minicipaliza\/","title":{"rendered":"Dr. Lieverson Perin, diretor jur\u00eddico da Associa\u00e7\u00e3o Ga\u00facha de Munic\u00edpios confirmado no Municipaliza"},"content":{"rendered":"<p>Lieverson Perin \u00e9 advogado especialista em Direito Eleitoral, Diretor Jur\u00eddico da AGM \u2013 Associa\u00e7\u00e3o Ga\u00facha Municipalista, j\u00e1 exerceu atividades como Assessor Jur\u00eddico da Presid\u00eancia do Tribunal de Contas do Estado do Rio\u00a0 Grande do Sul\u00a0 2008 a 2009,\u00a0Membro efetivo do Conselho Gestor da Escola Superior de Gest\u00e3o P\u00fablica TCE- LA-SALLE 2008 a 2009,\u00a0Procurador Geral Adjunto do Munic\u00edpio de Porto Alegre &#8211; RS\u00a0 2015-2016,\u00a0Secret\u00e1rio Adjunto da Secretaria Municipal da Juventude de Porto Alegre \u2013 2011 &#8211; 2012,\u00a0Assessor de gabinete\u00a0 do Secret\u00e1rio Estadual de Minas Energia e Comunica\u00e7\u00f5es\u00a0 1991 a 1993, Assessor da Comiss\u00e3o de Agricultura da Assembl\u00e9ia\u00a0\u00a0\u00a0 Legislativa do\u00a0 Estado do Rio Grande Do Sul \u2013 1994 a 1996, Secret\u00e1rio de Planejamento da Prefeitura Municipal de Ernestina \u2013 de 1997 at\u00e9 1999, Secret\u00e1rio Geral da Comiss\u00e3o Eleitoral da Ordem dos Advogados do Brasil, Seccional Rio Grande do Sul &#8211; 2000, Membro da Comiss\u00e3o Eleitoral da Ordem dos Advogados do Brasil, Seccional Rio Grande do Sul \u2013 2003, Presidente da Comiss\u00e3o Eleitoral da OAB-RS &#8211; 2006, Vice &#8211; Presidente do CETRAN-RS (Conselho Estadual de Tr\u00e2nsito do Estado do Rio Grande do Sul) como representante da Ordem dos Advogados do Brasil \u2013 Seccional do Rio Grande do Sul.<\/p>\n<p>A advogado que tem vasto conhecimento jur\u00eddico no direito administrativo e\u00a0 autor dos livros: Lideran\u00e7a Baseada em Valores,\u00a0A PNL NA POL\u00cdTICA, Direito Eleitoral nas Elei\u00e7\u00f5es Municipais, Direito Eleitoral nas Elei\u00e7\u00f5es Municipais, e Quest\u00f5es Pr\u00e1ticas de Direito Eleitoral.<\/p>\n<p>No 1\u00b0 Municipaliza Brasil, Perin vai abordar o tema Elei\u00e7\u00f5es 2018 e suas reflexos para 2020. A apresenta\u00e7\u00e3o acontece as 11 horas do dia 05 de junho.\u00a01\u00b0 Municipaliza Brasil que acontece de 03 a 06 de julho, no Hotel Everest em Porto Alegre\/RS.<\/p>\n<p>Maiores informa\u00e7\u00f5es: 51 3225 2029 &#8211; e-mail: uvb@wpsandbox4.pante.com.br<\/p>\n<p><img fetchpriority=\"high\" decoding=\"async\" class=\"aligncenter size-full wp-image-11340\" src=\"https:\/\/uvbbrasil.com.br\/wp-content\/uploads\/2018\/06\/municipaliza-Brasil.jpg\" alt=\"\" width=\"960\" height=\"960\" srcset=\"https:\/\/uvbbrasil.com.br\/wp-content\/uploads\/2018\/06\/municipaliza-Brasil.jpg 960w, https:\/\/uvbbrasil.com.br\/wp-content\/uploads\/2018\/06\/municipaliza-Brasil-300x300.jpg 300w, https:\/\/uvbbrasil.com.br\/wp-content\/uploads\/2018\/06\/municipaliza-Brasil-150x150.jpg 150w, https:\/\/uvbbrasil.com.br\/wp-content\/uploads\/2018\/06\/municipaliza-Brasil-768x768.jpg 768w\" sizes=\"(max-width: 960px) 100vw, 960px\" \/><\/p>\n<p>&nbsp;<\/p>\n<p>&nbsp;<\/p>\n<p>&nbsp;<\/p>\n<h3><\/h3>\n","protected":false},"excerpt":{"rendered":"<p>Lieverson Perin \u00e9 advogado especialista em Direito Eleitoral, Diretor Jur\u00eddico da AGM \u2013 Associa\u00e7\u00e3o Ga\u00facha Municipalista, j\u00e1 exerceu atividades como&#8230;<\/p>\n","protected":false},"author":1,"featured_media":11444,"comment_status":"open","ping_status":"open","sticky":false,"template":"","format":"standard","meta":{"footnotes":""},"categories":[3,4],"tags":[],"class_list":["post-11443","post","type-post","status-publish","format-standard","has-post-thumbnail","hentry","category-noticias","category-home"],"yoast_head":"<!-- This site is optimized with the Yoast SEO plugin v27.5 - https:\/\/yoast.com\/product\/yoast-seo-wordpress\/ -->\n<title>Dr. Lieverson Perin, diretor jur\u00eddico da Associa\u00e7\u00e3o Ga\u00facha de Munic\u00edpios confirmado no Municipaliza - UVB Brasil<\/title>\n<meta name=\"robots\" content=\"index, follow, max-snippet:-1, max-image-preview:large, max-video-preview:-1\" \/>\n<link rel=\"canonical\" href=\"https:\/\/uvbbrasil.com.br\/dr-lieverson-perin-diretor-juridico-da-associacao-gaucha-de-municipios-conformado-no-minicipaliza\/\" \/>\n<meta property=\"og:locale\" content=\"pt_BR\" \/>\n<meta property=\"og:type\" content=\"article\" \/>\n<meta property=\"og:title\" content=\"Dr. Lieverson Perin, diretor jur\u00eddico da Associa\u00e7\u00e3o Ga\u00facha de Munic\u00edpios confirmado no Municipaliza - UVB Brasil\" \/>\n<meta property=\"og:description\" content=\"Lieverson Perin \u00e9 advogado especialista em Direito Eleitoral, Diretor Jur\u00eddico da AGM \u2013 Associa\u00e7\u00e3o Ga\u00facha Municipalista, j\u00e1 exerceu atividades como...\" \/>\n<meta property=\"og:url\" content=\"https:\/\/uvbbrasil.com.br\/dr-lieverson-perin-diretor-juridico-da-associacao-gaucha-de-municipios-conformado-no-minicipaliza\/\" \/>\n<meta property=\"og:site_name\" content=\"UVB Brasil\" \/>\n<meta property=\"article:publisher\" content=\"https:\/\/www.facebook.com\/uvb.vereadoresbrasil\" \/>\n<meta property=\"article:published_time\" content=\"2018-06-27T17:08:52+00:00\" \/>\n<meta property=\"og:image\" content=\"https:\/\/uvbbrasil.com.br\/wp-content\/uploads\/2018\/06\/lieverson-perin.png\" \/>\n\t<meta property=\"og:image:width\" content=\"316\" \/>\n\t<meta property=\"og:image:height\" content=\"416\" \/>\n\t<meta property=\"og:image:type\" content=\"image\/png\" \/>\n<meta name=\"author\" content=\"adminuvb\" \/>\n<meta name=\"twitter:card\" content=\"summary_large_image\" \/>\n<meta name=\"twitter:label1\" content=\"Escrito por\" \/>\n\t<meta name=\"twitter:data1\" content=\"adminuvb\" \/>\n\t<meta name=\"twitter:label2\" content=\"Est. tempo de leitura\" \/>\n\t<meta name=\"twitter:data2\" content=\"1 minuto\" \/>\n<script type=\"application\/ld+json\" class=\"yoast-schema-graph\">{\"@context\":\"https:\\\/\\\/schema.org\",\"@graph\":[{\"@type\":\"Article\",\"@id\":\"https:\\\/\\\/uvbbrasil.com.br\\\/dr-lieverson-perin-diretor-juridico-da-associacao-gaucha-de-municipios-conformado-no-minicipaliza\\\/#article\",\"isPartOf\":{\"@id\":\"https:\\\/\\\/uvbbrasil.com.br\\\/dr-lieverson-perin-diretor-juridico-da-associacao-gaucha-de-municipios-conformado-no-minicipaliza\\\/\"},\"author\":{\"name\":\"adminuvb\",\"@id\":\"https:\\\/\\\/uvbbrasil.com.br\\\/#\\\/schema\\\/person\\\/17990098446c098f52effddff4f1b272\"},\"headline\":\"Dr. Lieverson Perin, diretor jur\u00eddico da Associa\u00e7\u00e3o Ga\u00facha de Munic\u00edpios confirmado no Municipaliza\",\"datePublished\":\"2018-06-27T17:08:52+00:00\",\"mainEntityOfPage\":{\"@id\":\"https:\\\/\\\/uvbbrasil.com.br\\\/dr-lieverson-perin-diretor-juridico-da-associacao-gaucha-de-municipios-conformado-no-minicipaliza\\\/\"},\"wordCount\":310,\"commentCount\":0,\"publisher\":{\"@id\":\"https:\\\/\\\/uvbbrasil.com.br\\\/#organization\"},\"image\":{\"@id\":\"https:\\\/\\\/uvbbrasil.com.br\\\/dr-lieverson-perin-diretor-juridico-da-associacao-gaucha-de-municipios-conformado-no-minicipaliza\\\/#primaryimage\"},\"thumbnailUrl\":\"https:\\\/\\\/uvbbrasil.com.br\\\/wp-content\\\/uploads\\\/2018\\\/06\\\/lieverson-perin.png\",\"articleSection\":[\"NOT\u00cdCIAS\",\"UVB\"],\"inLanguage\":\"pt-BR\",\"potentialAction\":[{\"@type\":\"CommentAction\",\"name\":\"Comment\",\"target\":[\"https:\\\/\\\/uvbbrasil.com.br\\\/dr-lieverson-perin-diretor-juridico-da-associacao-gaucha-de-municipios-conformado-no-minicipaliza\\\/#respond\"]}]},{\"@type\":\"WebPage\",\"@id\":\"https:\\\/\\\/uvbbrasil.com.br\\\/dr-lieverson-perin-diretor-juridico-da-associacao-gaucha-de-municipios-conformado-no-minicipaliza\\\/\",\"url\":\"https:\\\/\\\/uvbbrasil.com.br\\\/dr-lieverson-perin-diretor-juridico-da-associacao-gaucha-de-municipios-conformado-no-minicipaliza\\\/\",\"name\":\"Dr. Lieverson Perin, diretor jur\u00eddico da Associa\u00e7\u00e3o Ga\u00facha de Munic\u00edpios confirmado no Municipaliza - UVB Brasil\",\"isPartOf\":{\"@id\":\"https:\\\/\\\/uvbbrasil.com.br\\\/#website\"},\"primaryImageOfPage\":{\"@id\":\"https:\\\/\\\/uvbbrasil.com.br\\\/dr-lieverson-perin-diretor-juridico-da-associacao-gaucha-de-municipios-conformado-no-minicipaliza\\\/#primaryimage\"},\"image\":{\"@id\":\"https:\\\/\\\/uvbbrasil.com.br\\\/dr-lieverson-perin-diretor-juridico-da-associacao-gaucha-de-municipios-conformado-no-minicipaliza\\\/#primaryimage\"},\"thumbnailUrl\":\"https:\\\/\\\/uvbbrasil.com.br\\\/wp-content\\\/uploads\\\/2018\\\/06\\\/lieverson-perin.png\",\"datePublished\":\"2018-06-27T17:08:52+00:00\",\"breadcrumb\":{\"@id\":\"https:\\\/\\\/uvbbrasil.com.br\\\/dr-lieverson-perin-diretor-juridico-da-associacao-gaucha-de-municipios-conformado-no-minicipaliza\\\/#breadcrumb\"},\"inLanguage\":\"pt-BR\",\"potentialAction\":[{\"@type\":\"ReadAction\",\"target\":[\"https:\\\/\\\/uvbbrasil.com.br\\\/dr-lieverson-perin-diretor-juridico-da-associacao-gaucha-de-municipios-conformado-no-minicipaliza\\\/\"]}]},{\"@type\":\"ImageObject\",\"inLanguage\":\"pt-BR\",\"@id\":\"https:\\\/\\\/uvbbrasil.com.br\\\/dr-lieverson-perin-diretor-juridico-da-associacao-gaucha-de-municipios-conformado-no-minicipaliza\\\/#primaryimage\",\"url\":\"https:\\\/\\\/uvbbrasil.com.br\\\/wp-content\\\/uploads\\\/2018\\\/06\\\/lieverson-perin.png\",\"contentUrl\":\"https:\\\/\\\/uvbbrasil.com.br\\\/wp-content\\\/uploads\\\/2018\\\/06\\\/lieverson-perin.png\",\"width\":316,\"height\":416},{\"@type\":\"BreadcrumbList\",\"@id\":\"https:\\\/\\\/uvbbrasil.com.br\\\/dr-lieverson-perin-diretor-juridico-da-associacao-gaucha-de-municipios-conformado-no-minicipaliza\\\/#breadcrumb\",\"itemListElement\":[{\"@type\":\"ListItem\",\"position\":1,\"name\":\"In\u00edcio\",\"item\":\"https:\\\/\\\/uvbbrasil.com.br\\\/\"},{\"@type\":\"ListItem\",\"position\":2,\"name\":\"Dr. Lieverson Perin, diretor jur\u00eddico da Associa\u00e7\u00e3o Ga\u00facha de Munic\u00edpios confirmado no Municipaliza\"}]},{\"@type\":\"WebSite\",\"@id\":\"https:\\\/\\\/uvbbrasil.com.br\\\/#website\",\"url\":\"https:\\\/\\\/uvbbrasil.com.br\\\/\",\"name\":\"UVB Brasil\",\"description\":\"Uni\u00e3o dos Vereadores do Brasil\",\"publisher\":{\"@id\":\"https:\\\/\\\/uvbbrasil.com.br\\\/#organization\"},\"potentialAction\":[{\"@type\":\"SearchAction\",\"target\":{\"@type\":\"EntryPoint\",\"urlTemplate\":\"https:\\\/\\\/uvbbrasil.com.br\\\/?s={search_term_string}\"},\"query-input\":{\"@type\":\"PropertyValueSpecification\",\"valueRequired\":true,\"valueName\":\"search_term_string\"}}],\"inLanguage\":\"pt-BR\"},{\"@type\":\"Organization\",\"@id\":\"https:\\\/\\\/uvbbrasil.com.br\\\/#organization\",\"name\":\"UVB Brasil\",\"url\":\"https:\\\/\\\/uvbbrasil.com.br\\\/\",\"logo\":{\"@type\":\"ImageObject\",\"inLanguage\":\"pt-BR\",\"@id\":\"https:\\\/\\\/uvbbrasil.com.br\\\/#\\\/schema\\\/logo\\\/image\\\/\",\"url\":\"https:\\\/\\\/uvbbrasil.com.br\\\/wp-content\\\/uploads\\\/2025\\\/01\\\/LOGO-UVB-2024-azul-1.jpg\",\"contentUrl\":\"https:\\\/\\\/uvbbrasil.com.br\\\/wp-content\\\/uploads\\\/2025\\\/01\\\/LOGO-UVB-2024-azul-1.jpg\",\"width\":600,\"height\":211,\"caption\":\"UVB Brasil\"},\"image\":{\"@id\":\"https:\\\/\\\/uvbbrasil.com.br\\\/#\\\/schema\\\/logo\\\/image\\\/\"},\"sameAs\":[\"https:\\\/\\\/www.facebook.com\\\/uvb.vereadoresbrasil\",\"https:\\\/\\\/www.instagram.com\\\/uvbbrasil\\\/\",\"https:\\\/\\\/www.youtube.com\\\/channel\\\/UCIlPQ8Xzw5GHNzosQIg9S5A\"]},{\"@type\":\"Person\",\"@id\":\"https:\\\/\\\/uvbbrasil.com.br\\\/#\\\/schema\\\/person\\\/17990098446c098f52effddff4f1b272\",\"name\":\"adminuvb\",\"image\":{\"@type\":\"ImageObject\",\"inLanguage\":\"pt-BR\",\"@id\":\"https:\\\/\\\/secure.gravatar.com\\\/avatar\\\/1a494ea6f8e2dd1ae526e55b0e9497efdba542491e0620d704cccf63c6f77c45?s=96&d=mm&r=g\",\"url\":\"https:\\\/\\\/secure.gravatar.com\\\/avatar\\\/1a494ea6f8e2dd1ae526e55b0e9497efdba542491e0620d704cccf63c6f77c45?s=96&d=mm&r=g\",\"contentUrl\":\"https:\\\/\\\/secure.gravatar.com\\\/avatar\\\/1a494ea6f8e2dd1ae526e55b0e9497efdba542491e0620d704cccf63c6f77c45?s=96&d=mm&r=g\",\"caption\":\"adminuvb\"},\"sameAs\":[\"https:\\\/\\\/uvbbrasil.com.br\"],\"url\":\"https:\\\/\\\/uvbbrasil.com.br\\\/author\\\/adminuvb\\\/\"}]}<\/script>\n<!-- \/ Yoast SEO plugin. -->","yoast_head_json":{"title":"Dr. Lieverson Perin, diretor jur\u00eddico da Associa\u00e7\u00e3o Ga\u00facha de Munic\u00edpios confirmado no Municipaliza - UVB Brasil","robots":{"index":"index","follow":"follow","max-snippet":"max-snippet:-1","max-image-preview":"max-image-preview:large","max-video-preview":"max-video-preview:-1"},"canonical":"https:\/\/uvbbrasil.com.br\/dr-lieverson-perin-diretor-juridico-da-associacao-gaucha-de-municipios-conformado-no-minicipaliza\/","og_locale":"pt_BR","og_type":"article","og_title":"Dr. Lieverson Perin, diretor jur\u00eddico da Associa\u00e7\u00e3o Ga\u00facha de Munic\u00edpios confirmado no Municipaliza - UVB Brasil","og_description":"Lieverson Perin \u00e9 advogado especialista em Direito Eleitoral, Diretor Jur\u00eddico da AGM \u2013 Associa\u00e7\u00e3o Ga\u00facha Municipalista, j\u00e1 exerceu atividades como...","og_url":"https:\/\/uvbbrasil.com.br\/dr-lieverson-perin-diretor-juridico-da-associacao-gaucha-de-municipios-conformado-no-minicipaliza\/","og_site_name":"UVB Brasil","article_publisher":"https:\/\/www.facebook.com\/uvb.vereadoresbrasil","article_published_time":"2018-06-27T17:08:52+00:00","og_image":[{"width":316,"height":416,"url":"https:\/\/uvbbrasil.com.br\/wp-content\/uploads\/2018\/06\/lieverson-perin.png","type":"image\/png"}],"author":"adminuvb","twitter_card":"summary_large_image","twitter_misc":{"Escrito por":"adminuvb","Est. tempo de leitura":"1 minuto"},"schema":{"@context":"https:\/\/schema.org","@graph":[{"@type":"Article","@id":"https:\/\/uvbbrasil.com.br\/dr-lieverson-perin-diretor-juridico-da-associacao-gaucha-de-municipios-conformado-no-minicipaliza\/#article","isPartOf":{"@id":"https:\/\/uvbbrasil.com.br\/dr-lieverson-perin-diretor-juridico-da-associacao-gaucha-de-municipios-conformado-no-minicipaliza\/"},"author":{"name":"adminuvb","@id":"https:\/\/uvbbrasil.com.br\/#\/schema\/person\/17990098446c098f52effddff4f1b272"},"headline":"Dr. Lieverson Perin, diretor jur\u00eddico da Associa\u00e7\u00e3o Ga\u00facha de Munic\u00edpios confirmado no Municipaliza","datePublished":"2018-06-27T17:08:52+00:00","mainEntityOfPage":{"@id":"https:\/\/uvbbrasil.com.br\/dr-lieverson-perin-diretor-juridico-da-associacao-gaucha-de-municipios-conformado-no-minicipaliza\/"},"wordCount":310,"commentCount":0,"publisher":{"@id":"https:\/\/uvbbrasil.com.br\/#organization"},"image":{"@id":"https:\/\/uvbbrasil.com.br\/dr-lieverson-perin-diretor-juridico-da-associacao-gaucha-de-municipios-conformado-no-minicipaliza\/#primaryimage"},"thumbnailUrl":"https:\/\/uvbbrasil.com.br\/wp-content\/uploads\/2018\/06\/lieverson-perin.png","articleSection":["NOT\u00cdCIAS","UVB"],"inLanguage":"pt-BR","potentialAction":[{"@type":"CommentAction","name":"Comment","target":["https:\/\/uvbbrasil.com.br\/dr-lieverson-perin-diretor-juridico-da-associacao-gaucha-de-municipios-conformado-no-minicipaliza\/#respond"]}]},{"@type":"WebPage","@id":"https:\/\/uvbbrasil.com.br\/dr-lieverson-perin-diretor-juridico-da-associacao-gaucha-de-municipios-conformado-no-minicipaliza\/","url":"https:\/\/uvbbrasil.com.br\/dr-lieverson-perin-diretor-juridico-da-associacao-gaucha-de-municipios-conformado-no-minicipaliza\/","name":"Dr. Lieverson Perin, diretor jur\u00eddico da Associa\u00e7\u00e3o Ga\u00facha de Munic\u00edpios confirmado no Municipaliza - UVB Brasil","isPartOf":{"@id":"https:\/\/uvbbrasil.com.br\/#website"},"primaryImageOfPage":{"@id":"https:\/\/uvbbrasil.com.br\/dr-lieverson-perin-diretor-juridico-da-associacao-gaucha-de-municipios-conformado-no-minicipaliza\/#primaryimage"},"image":{"@id":"https:\/\/uvbbrasil.com.br\/dr-lieverson-perin-diretor-juridico-da-associacao-gaucha-de-municipios-conformado-no-minicipaliza\/#primaryimage"},"thumbnailUrl":"https:\/\/uvbbrasil.com.br\/wp-content\/uploads\/2018\/06\/lieverson-perin.png","datePublished":"2018-06-27T17:08:52+00:00","breadcrumb":{"@id":"https:\/\/uvbbrasil.com.br\/dr-lieverson-perin-diretor-juridico-da-associacao-gaucha-de-municipios-conformado-no-minicipaliza\/#breadcrumb"},"inLanguage":"pt-BR","potentialAction":[{"@type":"ReadAction","target":["https:\/\/uvbbrasil.com.br\/dr-lieverson-perin-diretor-juridico-da-associacao-gaucha-de-municipios-conformado-no-minicipaliza\/"]}]},{"@type":"ImageObject","inLanguage":"pt-BR","@id":"https:\/\/uvbbrasil.com.br\/dr-lieverson-perin-diretor-juridico-da-associacao-gaucha-de-municipios-conformado-no-minicipaliza\/#primaryimage","url":"https:\/\/uvbbrasil.com.br\/wp-content\/uploads\/2018\/06\/lieverson-perin.png","contentUrl":"https:\/\/uvbbrasil.com.br\/wp-content\/uploads\/2018\/06\/lieverson-perin.png","width":316,"height":416},{"@type":"BreadcrumbList","@id":"https:\/\/uvbbrasil.com.br\/dr-lieverson-perin-diretor-juridico-da-associacao-gaucha-de-municipios-conformado-no-minicipaliza\/#breadcrumb","itemListElement":[{"@type":"ListItem","position":1,"name":"In\u00edcio","item":"https:\/\/uvbbrasil.com.br\/"},{"@type":"ListItem","position":2,"name":"Dr. Lieverson Perin, diretor jur\u00eddico da Associa\u00e7\u00e3o Ga\u00facha de Munic\u00edpios confirmado no Municipaliza"}]},{"@type":"WebSite","@id":"https:\/\/uvbbrasil.com.br\/#website","url":"https:\/\/uvbbrasil.com.br\/","name":"UVB Brasil","description":"Uni\u00e3o dos Vereadores do Brasil","publisher":{"@id":"https:\/\/uvbbrasil.com.br\/#organization"},"potentialAction":[{"@type":"SearchAction","target":{"@type":"EntryPoint","urlTemplate":"https:\/\/uvbbrasil.com.br\/?s={search_term_string}"},"query-input":{"@type":"PropertyValueSpecification","valueRequired":true,"valueName":"search_term_string"}}],"inLanguage":"pt-BR"},{"@type":"Organization","@id":"https:\/\/uvbbrasil.com.br\/#organization","name":"UVB Brasil","url":"https:\/\/uvbbrasil.com.br\/","logo":{"@type":"ImageObject","inLanguage":"pt-BR","@id":"https:\/\/uvbbrasil.com.br\/#\/schema\/logo\/image\/","url":"https:\/\/uvbbrasil.com.br\/wp-content\/uploads\/2025\/01\/LOGO-UVB-2024-azul-1.jpg","contentUrl":"https:\/\/uvbbrasil.com.br\/wp-content\/uploads\/2025\/01\/LOGO-UVB-2024-azul-1.jpg","width":600,"height":211,"caption":"UVB Brasil"},"image":{"@id":"https:\/\/uvbbrasil.com.br\/#\/schema\/logo\/image\/"},"sameAs":["https:\/\/www.facebook.com\/uvb.vereadoresbrasil","https:\/\/www.instagram.com\/uvbbrasil\/","https:\/\/www.youtube.com\/channel\/UCIlPQ8Xzw5GHNzosQIg9S5A"]},{"@type":"Person","@id":"https:\/\/uvbbrasil.com.br\/#\/schema\/person\/17990098446c098f52effddff4f1b272","name":"adminuvb","image":{"@type":"ImageObject","inLanguage":"pt-BR","@id":"https:\/\/secure.gravatar.com\/avatar\/1a494ea6f8e2dd1ae526e55b0e9497efdba542491e0620d704cccf63c6f77c45?s=96&d=mm&r=g","url":"https:\/\/secure.gravatar.com\/avatar\/1a494ea6f8e2dd1ae526e55b0e9497efdba542491e0620d704cccf63c6f77c45?s=96&d=mm&r=g","contentUrl":"https:\/\/secure.gravatar.com\/avatar\/1a494ea6f8e2dd1ae526e55b0e9497efdba542491e0620d704cccf63c6f77c45?s=96&d=mm&r=g","caption":"adminuvb"},"sameAs":["https:\/\/uvbbrasil.com.br"],"url":"https:\/\/uvbbrasil.com.br\/author\/adminuvb\/"}]}},"_links":{"self":[{"href":"https:\/\/uvbbrasil.com.br\/uvb-json\/wp\/v2\/posts\/11443","targetHints":{"allow":["GET"]}}],"collection":[{"href":"https:\/\/uvbbrasil.com.br\/uvb-json\/wp\/v2\/posts"}],"about":[{"href":"https:\/\/uvbbrasil.com.br\/uvb-json\/wp\/v2\/types\/post"}],"author":[{"embeddable":true,"href":"https:\/\/uvbbrasil.com.br\/uvb-json\/wp\/v2\/users\/1"}],"replies":[{"embeddable":true,"href":"https:\/\/uvbbrasil.com.br\/uvb-json\/wp\/v2\/comments?post=11443"}],"version-history":[{"count":0,"href":"https:\/\/uvbbrasil.com.br\/uvb-json\/wp\/v2\/posts\/11443\/revisions"}],"wp:featuredmedia":[{"embeddable":true,"href":"https:\/\/uvbbrasil.com.br\/uvb-json\/wp\/v2\/media\/11444"}],"wp:attachment":[{"href":"https:\/\/uvbbrasil.com.br\/uvb-json\/wp\/v2\/media?parent=11443"}],"wp:term":[{"taxonomy":"category","embeddable":true,"href":"https:\/\/uvbbrasil.com.br\/uvb-json\/wp\/v2\/categories?post=11443"},{"taxonomy":"post_tag","embeddable":true,"href":"https:\/\/uvbbrasil.com.br\/uvb-json\/wp\/v2\/tags?post=11443"}],"curies":[{"name":"wp","href":"https:\/\/api.w.org\/{rel}","templated":true}]}}