{"id":1131,"date":"2015-08-19T03:20:31","date_gmt":"2015-08-19T03:20:31","guid":{"rendered":"https:\/\/wpsandbox4.pante.com.br\/?p=1131"},"modified":"2015-08-19T03:20:31","modified_gmt":"2015-08-19T03:20:31","slug":"ministro-augusto-nardes-do-tcu-falou-sobre-as-contas-publicas-na-marcha-dos-vereadores","status":"publish","type":"post","link":"https:\/\/uvbbrasil.com.br\/ministro-augusto-nardes-do-tcu-falou-sobre-as-contas-publicas-na-marcha-dos-vereadores\/","title":{"rendered":"Ministro Augusto Nardes do TCU falou sobre as contas p\u00fablicas na Marcha dos Vereadores"},"content":{"rendered":"<p>A Marcha dos Vereadores est\u00e1 sendo prestigiada pelas autoridades da rep\u00fablica da Capital Federal. Em tempos nos quais o debate democr\u00e1tico est\u00e1 em evid\u00eancia, a classe pol\u00edtica anima-se para saber mais e estar a par da din\u00e2mica da governan\u00e7a p\u00fablica no momento.<\/p>\n<p>Os Senadores Valdir Raupp e Garibaldi Alves estiveram presentes. Contribu\u00edram com seus depoimentos a respeito da evolu\u00e7\u00e3o do processo pol\u00edtico e procuraram inspirar os vereadores presentes relatando um pouco de suas pr\u00f3prias trajet\u00f3rias para que todos pudessem se espelhar. <\/p>\n<div id=\"attachment_1133\" style=\"width: 310px\" class=\"wp-caption alignnone\"><a href=\"https:\/\/uvbbrasil.com.br\/wp-content\/uploads\/2015\/08\/image10-e1439953714793.jpg\"><img fetchpriority=\"high\" decoding=\"async\" aria-describedby=\"caption-attachment-1133\" src=\"https:\/\/uvbbrasil.com.br\/wp-content\/uploads\/2015\/08\/image10-e1439953714793-300x224.jpg\" alt=\"Senador Garibaldi Alves\" width=\"300\" height=\"224\" class=\"size-medium wp-image-1133\" srcset=\"https:\/\/uvbbrasil.com.br\/wp-content\/uploads\/2015\/08\/image10-e1439953714793-300x224.jpg 300w, https:\/\/uvbbrasil.com.br\/wp-content\/uploads\/2015\/08\/image10-e1439953714793-1024x765.jpg 1024w, https:\/\/uvbbrasil.com.br\/wp-content\/uploads\/2015\/08\/image10-e1439953714793-768x574.jpg 768w, https:\/\/uvbbrasil.com.br\/wp-content\/uploads\/2015\/08\/image10-e1439953714793-1536x1147.jpg 1536w, https:\/\/uvbbrasil.com.br\/wp-content\/uploads\/2015\/08\/image10-e1439953714793-2048x1530.jpg 2048w\" sizes=\"(max-width: 300px) 100vw, 300px\" \/><\/a><p id=\"caption-attachment-1133\" class=\"wp-caption-text\">Senador Garibaldi Alves<\/p><\/div>\n<p>A palestra final foi do Ministro Augusto Nardes, do TCU, Tribunal de Contas da Uni\u00e3o. Foi um dos momentos mais esperados do dia.<\/p>\n<p>O Ministro ocupa atualmente uma posi\u00e7\u00e3o chave na narrativa pol\u00edtica nacional. Est\u00e1 na situa\u00e7\u00e3o de relator das contas do primeiro mandato da Presidente Dilma Rousseff.<\/p>\n<p>Nesta condi\u00e7\u00e3o, fez breve exposi\u00e7\u00e3o da dr\u00e1stica situa\u00e7\u00e3o de falta de equil\u00edbrio e l\u00f3gica no uso dos recursos pelo Estado brasileiro. E que isso vem gradativamente desconstruindo um horizonte melhor para o pa\u00eds. <\/p>\n<p>Os vereadores ao encerramento do dia acorreram para tirar fotos com o ilustre palestrante.<\/p>\n","protected":false},"excerpt":{"rendered":"<p>A Marcha dos Vereadores est\u00e1 sendo prestigiada pelas autoridades da rep\u00fablica da Capital Federal. Em tempos nos quais o debate&#8230;<\/p>\n","protected":false},"author":1,"featured_media":1132,"comment_status":"open","ping_status":"open","sticky":false,"template":"","format":"standard","meta":{"footnotes":""},"categories":[4],"tags":[],"class_list":["post-1131","post","type-post","status-publish","format-standard","has-post-thumbnail","hentry","category-home"],"yoast_head":"<!-- This site is optimized with the Yoast SEO plugin v27.5 - https:\/\/yoast.com\/product\/yoast-seo-wordpress\/ -->\n<title>Ministro Augusto Nardes do TCU falou sobre as contas p\u00fablicas na Marcha dos Vereadores - UVB Brasil<\/title>\n<meta name=\"robots\" content=\"index, follow, max-snippet:-1, max-image-preview:large, max-video-preview:-1\" \/>\n<link rel=\"canonical\" href=\"https:\/\/uvbbrasil.com.br\/ministro-augusto-nardes-do-tcu-falou-sobre-as-contas-publicas-na-marcha-dos-vereadores\/\" \/>\n<meta property=\"og:locale\" content=\"pt_BR\" \/>\n<meta property=\"og:type\" content=\"article\" \/>\n<meta property=\"og:title\" content=\"Ministro Augusto Nardes do TCU falou sobre as contas p\u00fablicas na Marcha dos Vereadores - UVB Brasil\" \/>\n<meta property=\"og:description\" content=\"A Marcha dos Vereadores est\u00e1 sendo prestigiada pelas autoridades da rep\u00fablica da Capital Federal. Em tempos nos quais o debate...\" \/>\n<meta property=\"og:url\" content=\"https:\/\/uvbbrasil.com.br\/ministro-augusto-nardes-do-tcu-falou-sobre-as-contas-publicas-na-marcha-dos-vereadores\/\" \/>\n<meta property=\"og:site_name\" content=\"UVB Brasil\" \/>\n<meta property=\"article:publisher\" content=\"https:\/\/www.facebook.com\/uvb.vereadoresbrasil\" \/>\n<meta property=\"article:published_time\" content=\"2015-08-19T03:20:31+00:00\" \/>\n<meta property=\"og:image\" content=\"https:\/\/uvbbrasil.com.br\/wp-content\/uploads\/2015\/08\/image9-e1439953435915-scaled.jpg\" \/>\n\t<meta property=\"og:image:width\" content=\"2560\" \/>\n\t<meta property=\"og:image:height\" content=\"1912\" \/>\n\t<meta property=\"og:image:type\" content=\"image\/jpeg\" \/>\n<meta name=\"author\" content=\"adminuvb\" \/>\n<meta name=\"twitter:card\" content=\"summary_large_image\" \/>\n<meta name=\"twitter:label1\" content=\"Escrito por\" \/>\n\t<meta name=\"twitter:data1\" content=\"adminuvb\" \/>\n\t<meta name=\"twitter:label2\" content=\"Est. tempo de leitura\" \/>\n\t<meta name=\"twitter:data2\" content=\"1 minuto\" \/>\n<script type=\"application\/ld+json\" class=\"yoast-schema-graph\">{\"@context\":\"https:\\\/\\\/schema.org\",\"@graph\":[{\"@type\":\"Article\",\"@id\":\"https:\\\/\\\/uvbbrasil.com.br\\\/ministro-augusto-nardes-do-tcu-falou-sobre-as-contas-publicas-na-marcha-dos-vereadores\\\/#article\",\"isPartOf\":{\"@id\":\"https:\\\/\\\/uvbbrasil.com.br\\\/ministro-augusto-nardes-do-tcu-falou-sobre-as-contas-publicas-na-marcha-dos-vereadores\\\/\"},\"author\":{\"name\":\"adminuvb\",\"@id\":\"https:\\\/\\\/uvbbrasil.com.br\\\/#\\\/schema\\\/person\\\/17990098446c098f52effddff4f1b272\"},\"headline\":\"Ministro Augusto Nardes do TCU falou sobre as contas p\u00fablicas na Marcha dos Vereadores\",\"datePublished\":\"2015-08-19T03:20:31+00:00\",\"mainEntityOfPage\":{\"@id\":\"https:\\\/\\\/uvbbrasil.com.br\\\/ministro-augusto-nardes-do-tcu-falou-sobre-as-contas-publicas-na-marcha-dos-vereadores\\\/\"},\"wordCount\":224,\"commentCount\":0,\"publisher\":{\"@id\":\"https:\\\/\\\/uvbbrasil.com.br\\\/#organization\"},\"image\":{\"@id\":\"https:\\\/\\\/uvbbrasil.com.br\\\/ministro-augusto-nardes-do-tcu-falou-sobre-as-contas-publicas-na-marcha-dos-vereadores\\\/#primaryimage\"},\"thumbnailUrl\":\"https:\\\/\\\/uvbbrasil.com.br\\\/wp-content\\\/uploads\\\/2015\\\/08\\\/image9-e1439953435915-scaled.jpg\",\"articleSection\":[\"UVB\"],\"inLanguage\":\"pt-BR\",\"potentialAction\":[{\"@type\":\"CommentAction\",\"name\":\"Comment\",\"target\":[\"https:\\\/\\\/uvbbrasil.com.br\\\/ministro-augusto-nardes-do-tcu-falou-sobre-as-contas-publicas-na-marcha-dos-vereadores\\\/#respond\"]}]},{\"@type\":\"WebPage\",\"@id\":\"https:\\\/\\\/uvbbrasil.com.br\\\/ministro-augusto-nardes-do-tcu-falou-sobre-as-contas-publicas-na-marcha-dos-vereadores\\\/\",\"url\":\"https:\\\/\\\/uvbbrasil.com.br\\\/ministro-augusto-nardes-do-tcu-falou-sobre-as-contas-publicas-na-marcha-dos-vereadores\\\/\",\"name\":\"Ministro Augusto Nardes do TCU falou sobre as contas p\u00fablicas na Marcha dos Vereadores - UVB Brasil\",\"isPartOf\":{\"@id\":\"https:\\\/\\\/uvbbrasil.com.br\\\/#website\"},\"primaryImageOfPage\":{\"@id\":\"https:\\\/\\\/uvbbrasil.com.br\\\/ministro-augusto-nardes-do-tcu-falou-sobre-as-contas-publicas-na-marcha-dos-vereadores\\\/#primaryimage\"},\"image\":{\"@id\":\"https:\\\/\\\/uvbbrasil.com.br\\\/ministro-augusto-nardes-do-tcu-falou-sobre-as-contas-publicas-na-marcha-dos-vereadores\\\/#primaryimage\"},\"thumbnailUrl\":\"https:\\\/\\\/uvbbrasil.com.br\\\/wp-content\\\/uploads\\\/2015\\\/08\\\/image9-e1439953435915-scaled.jpg\",\"datePublished\":\"2015-08-19T03:20:31+00:00\",\"breadcrumb\":{\"@id\":\"https:\\\/\\\/uvbbrasil.com.br\\\/ministro-augusto-nardes-do-tcu-falou-sobre-as-contas-publicas-na-marcha-dos-vereadores\\\/#breadcrumb\"},\"inLanguage\":\"pt-BR\",\"potentialAction\":[{\"@type\":\"ReadAction\",\"target\":[\"https:\\\/\\\/uvbbrasil.com.br\\\/ministro-augusto-nardes-do-tcu-falou-sobre-as-contas-publicas-na-marcha-dos-vereadores\\\/\"]}]},{\"@type\":\"ImageObject\",\"inLanguage\":\"pt-BR\",\"@id\":\"https:\\\/\\\/uvbbrasil.com.br\\\/ministro-augusto-nardes-do-tcu-falou-sobre-as-contas-publicas-na-marcha-dos-vereadores\\\/#primaryimage\",\"url\":\"https:\\\/\\\/uvbbrasil.com.br\\\/wp-content\\\/uploads\\\/2015\\\/08\\\/image9-e1439953435915-scaled.jpg\",\"contentUrl\":\"https:\\\/\\\/uvbbrasil.com.br\\\/wp-content\\\/uploads\\\/2015\\\/08\\\/image9-e1439953435915-scaled.jpg\",\"width\":2560,\"height\":1912},{\"@type\":\"BreadcrumbList\",\"@id\":\"https:\\\/\\\/uvbbrasil.com.br\\\/ministro-augusto-nardes-do-tcu-falou-sobre-as-contas-publicas-na-marcha-dos-vereadores\\\/#breadcrumb\",\"itemListElement\":[{\"@type\":\"ListItem\",\"position\":1,\"name\":\"In\u00edcio\",\"item\":\"https:\\\/\\\/uvbbrasil.com.br\\\/\"},{\"@type\":\"ListItem\",\"position\":2,\"name\":\"Ministro Augusto Nardes do TCU falou sobre as contas p\u00fablicas na Marcha dos Vereadores\"}]},{\"@type\":\"WebSite\",\"@id\":\"https:\\\/\\\/uvbbrasil.com.br\\\/#website\",\"url\":\"https:\\\/\\\/uvbbrasil.com.br\\\/\",\"name\":\"UVB Brasil\",\"description\":\"Uni\u00e3o dos Vereadores do Brasil\",\"publisher\":{\"@id\":\"https:\\\/\\\/uvbbrasil.com.br\\\/#organization\"},\"potentialAction\":[{\"@type\":\"SearchAction\",\"target\":{\"@type\":\"EntryPoint\",\"urlTemplate\":\"https:\\\/\\\/uvbbrasil.com.br\\\/?s={search_term_string}\"},\"query-input\":{\"@type\":\"PropertyValueSpecification\",\"valueRequired\":true,\"valueName\":\"search_term_string\"}}],\"inLanguage\":\"pt-BR\"},{\"@type\":\"Organization\",\"@id\":\"https:\\\/\\\/uvbbrasil.com.br\\\/#organization\",\"name\":\"UVB Brasil\",\"url\":\"https:\\\/\\\/uvbbrasil.com.br\\\/\",\"logo\":{\"@type\":\"ImageObject\",\"inLanguage\":\"pt-BR\",\"@id\":\"https:\\\/\\\/uvbbrasil.com.br\\\/#\\\/schema\\\/logo\\\/image\\\/\",\"url\":\"https:\\\/\\\/uvbbrasil.com.br\\\/wp-content\\\/uploads\\\/2025\\\/01\\\/LOGO-UVB-2024-azul-1.jpg\",\"contentUrl\":\"https:\\\/\\\/uvbbrasil.com.br\\\/wp-content\\\/uploads\\\/2025\\\/01\\\/LOGO-UVB-2024-azul-1.jpg\",\"width\":600,\"height\":211,\"caption\":\"UVB Brasil\"},\"image\":{\"@id\":\"https:\\\/\\\/uvbbrasil.com.br\\\/#\\\/schema\\\/logo\\\/image\\\/\"},\"sameAs\":[\"https:\\\/\\\/www.facebook.com\\\/uvb.vereadoresbrasil\",\"https:\\\/\\\/www.instagram.com\\\/uvbbrasil\\\/\",\"https:\\\/\\\/www.youtube.com\\\/channel\\\/UCIlPQ8Xzw5GHNzosQIg9S5A\"]},{\"@type\":\"Person\",\"@id\":\"https:\\\/\\\/uvbbrasil.com.br\\\/#\\\/schema\\\/person\\\/17990098446c098f52effddff4f1b272\",\"name\":\"adminuvb\",\"image\":{\"@type\":\"ImageObject\",\"inLanguage\":\"pt-BR\",\"@id\":\"https:\\\/\\\/secure.gravatar.com\\\/avatar\\\/1a494ea6f8e2dd1ae526e55b0e9497efdba542491e0620d704cccf63c6f77c45?s=96&d=mm&r=g\",\"url\":\"https:\\\/\\\/secure.gravatar.com\\\/avatar\\\/1a494ea6f8e2dd1ae526e55b0e9497efdba542491e0620d704cccf63c6f77c45?s=96&d=mm&r=g\",\"contentUrl\":\"https:\\\/\\\/secure.gravatar.com\\\/avatar\\\/1a494ea6f8e2dd1ae526e55b0e9497efdba542491e0620d704cccf63c6f77c45?s=96&d=mm&r=g\",\"caption\":\"adminuvb\"},\"sameAs\":[\"https:\\\/\\\/uvbbrasil.com.br\"],\"url\":\"https:\\\/\\\/uvbbrasil.com.br\\\/author\\\/adminuvb\\\/\"}]}<\/script>\n<!-- \/ Yoast SEO plugin. -->","yoast_head_json":{"title":"Ministro Augusto Nardes do TCU falou sobre as contas p\u00fablicas na Marcha dos Vereadores - UVB Brasil","robots":{"index":"index","follow":"follow","max-snippet":"max-snippet:-1","max-image-preview":"max-image-preview:large","max-video-preview":"max-video-preview:-1"},"canonical":"https:\/\/uvbbrasil.com.br\/ministro-augusto-nardes-do-tcu-falou-sobre-as-contas-publicas-na-marcha-dos-vereadores\/","og_locale":"pt_BR","og_type":"article","og_title":"Ministro Augusto Nardes do TCU falou sobre as contas p\u00fablicas na Marcha dos Vereadores - UVB Brasil","og_description":"A Marcha dos Vereadores est\u00e1 sendo prestigiada pelas autoridades da rep\u00fablica da Capital Federal. Em tempos nos quais o debate...","og_url":"https:\/\/uvbbrasil.com.br\/ministro-augusto-nardes-do-tcu-falou-sobre-as-contas-publicas-na-marcha-dos-vereadores\/","og_site_name":"UVB Brasil","article_publisher":"https:\/\/www.facebook.com\/uvb.vereadoresbrasil","article_published_time":"2015-08-19T03:20:31+00:00","og_image":[{"width":2560,"height":1912,"url":"https:\/\/uvbbrasil.com.br\/wp-content\/uploads\/2015\/08\/image9-e1439953435915-scaled.jpg","type":"image\/jpeg"}],"author":"adminuvb","twitter_card":"summary_large_image","twitter_misc":{"Escrito por":"adminuvb","Est. tempo de leitura":"1 minuto"},"schema":{"@context":"https:\/\/schema.org","@graph":[{"@type":"Article","@id":"https:\/\/uvbbrasil.com.br\/ministro-augusto-nardes-do-tcu-falou-sobre-as-contas-publicas-na-marcha-dos-vereadores\/#article","isPartOf":{"@id":"https:\/\/uvbbrasil.com.br\/ministro-augusto-nardes-do-tcu-falou-sobre-as-contas-publicas-na-marcha-dos-vereadores\/"},"author":{"name":"adminuvb","@id":"https:\/\/uvbbrasil.com.br\/#\/schema\/person\/17990098446c098f52effddff4f1b272"},"headline":"Ministro Augusto Nardes do TCU falou sobre as contas p\u00fablicas na Marcha dos Vereadores","datePublished":"2015-08-19T03:20:31+00:00","mainEntityOfPage":{"@id":"https:\/\/uvbbrasil.com.br\/ministro-augusto-nardes-do-tcu-falou-sobre-as-contas-publicas-na-marcha-dos-vereadores\/"},"wordCount":224,"commentCount":0,"publisher":{"@id":"https:\/\/uvbbrasil.com.br\/#organization"},"image":{"@id":"https:\/\/uvbbrasil.com.br\/ministro-augusto-nardes-do-tcu-falou-sobre-as-contas-publicas-na-marcha-dos-vereadores\/#primaryimage"},"thumbnailUrl":"https:\/\/uvbbrasil.com.br\/wp-content\/uploads\/2015\/08\/image9-e1439953435915-scaled.jpg","articleSection":["UVB"],"inLanguage":"pt-BR","potentialAction":[{"@type":"CommentAction","name":"Comment","target":["https:\/\/uvbbrasil.com.br\/ministro-augusto-nardes-do-tcu-falou-sobre-as-contas-publicas-na-marcha-dos-vereadores\/#respond"]}]},{"@type":"WebPage","@id":"https:\/\/uvbbrasil.com.br\/ministro-augusto-nardes-do-tcu-falou-sobre-as-contas-publicas-na-marcha-dos-vereadores\/","url":"https:\/\/uvbbrasil.com.br\/ministro-augusto-nardes-do-tcu-falou-sobre-as-contas-publicas-na-marcha-dos-vereadores\/","name":"Ministro Augusto Nardes do TCU falou sobre as contas p\u00fablicas na Marcha dos Vereadores - UVB Brasil","isPartOf":{"@id":"https:\/\/uvbbrasil.com.br\/#website"},"primaryImageOfPage":{"@id":"https:\/\/uvbbrasil.com.br\/ministro-augusto-nardes-do-tcu-falou-sobre-as-contas-publicas-na-marcha-dos-vereadores\/#primaryimage"},"image":{"@id":"https:\/\/uvbbrasil.com.br\/ministro-augusto-nardes-do-tcu-falou-sobre-as-contas-publicas-na-marcha-dos-vereadores\/#primaryimage"},"thumbnailUrl":"https:\/\/uvbbrasil.com.br\/wp-content\/uploads\/2015\/08\/image9-e1439953435915-scaled.jpg","datePublished":"2015-08-19T03:20:31+00:00","breadcrumb":{"@id":"https:\/\/uvbbrasil.com.br\/ministro-augusto-nardes-do-tcu-falou-sobre-as-contas-publicas-na-marcha-dos-vereadores\/#breadcrumb"},"inLanguage":"pt-BR","potentialAction":[{"@type":"ReadAction","target":["https:\/\/uvbbrasil.com.br\/ministro-augusto-nardes-do-tcu-falou-sobre-as-contas-publicas-na-marcha-dos-vereadores\/"]}]},{"@type":"ImageObject","inLanguage":"pt-BR","@id":"https:\/\/uvbbrasil.com.br\/ministro-augusto-nardes-do-tcu-falou-sobre-as-contas-publicas-na-marcha-dos-vereadores\/#primaryimage","url":"https:\/\/uvbbrasil.com.br\/wp-content\/uploads\/2015\/08\/image9-e1439953435915-scaled.jpg","contentUrl":"https:\/\/uvbbrasil.com.br\/wp-content\/uploads\/2015\/08\/image9-e1439953435915-scaled.jpg","width":2560,"height":1912},{"@type":"BreadcrumbList","@id":"https:\/\/uvbbrasil.com.br\/ministro-augusto-nardes-do-tcu-falou-sobre-as-contas-publicas-na-marcha-dos-vereadores\/#breadcrumb","itemListElement":[{"@type":"ListItem","position":1,"name":"In\u00edcio","item":"https:\/\/uvbbrasil.com.br\/"},{"@type":"ListItem","position":2,"name":"Ministro Augusto Nardes do TCU falou sobre as contas p\u00fablicas na Marcha dos Vereadores"}]},{"@type":"WebSite","@id":"https:\/\/uvbbrasil.com.br\/#website","url":"https:\/\/uvbbrasil.com.br\/","name":"UVB Brasil","description":"Uni\u00e3o dos Vereadores do Brasil","publisher":{"@id":"https:\/\/uvbbrasil.com.br\/#organization"},"potentialAction":[{"@type":"SearchAction","target":{"@type":"EntryPoint","urlTemplate":"https:\/\/uvbbrasil.com.br\/?s={search_term_string}"},"query-input":{"@type":"PropertyValueSpecification","valueRequired":true,"valueName":"search_term_string"}}],"inLanguage":"pt-BR"},{"@type":"Organization","@id":"https:\/\/uvbbrasil.com.br\/#organization","name":"UVB Brasil","url":"https:\/\/uvbbrasil.com.br\/","logo":{"@type":"ImageObject","inLanguage":"pt-BR","@id":"https:\/\/uvbbrasil.com.br\/#\/schema\/logo\/image\/","url":"https:\/\/uvbbrasil.com.br\/wp-content\/uploads\/2025\/01\/LOGO-UVB-2024-azul-1.jpg","contentUrl":"https:\/\/uvbbrasil.com.br\/wp-content\/uploads\/2025\/01\/LOGO-UVB-2024-azul-1.jpg","width":600,"height":211,"caption":"UVB Brasil"},"image":{"@id":"https:\/\/uvbbrasil.com.br\/#\/schema\/logo\/image\/"},"sameAs":["https:\/\/www.facebook.com\/uvb.vereadoresbrasil","https:\/\/www.instagram.com\/uvbbrasil\/","https:\/\/www.youtube.com\/channel\/UCIlPQ8Xzw5GHNzosQIg9S5A"]},{"@type":"Person","@id":"https:\/\/uvbbrasil.com.br\/#\/schema\/person\/17990098446c098f52effddff4f1b272","name":"adminuvb","image":{"@type":"ImageObject","inLanguage":"pt-BR","@id":"https:\/\/secure.gravatar.com\/avatar\/1a494ea6f8e2dd1ae526e55b0e9497efdba542491e0620d704cccf63c6f77c45?s=96&d=mm&r=g","url":"https:\/\/secure.gravatar.com\/avatar\/1a494ea6f8e2dd1ae526e55b0e9497efdba542491e0620d704cccf63c6f77c45?s=96&d=mm&r=g","contentUrl":"https:\/\/secure.gravatar.com\/avatar\/1a494ea6f8e2dd1ae526e55b0e9497efdba542491e0620d704cccf63c6f77c45?s=96&d=mm&r=g","caption":"adminuvb"},"sameAs":["https:\/\/uvbbrasil.com.br"],"url":"https:\/\/uvbbrasil.com.br\/author\/adminuvb\/"}]}},"_links":{"self":[{"href":"https:\/\/uvbbrasil.com.br\/uvb-json\/wp\/v2\/posts\/1131","targetHints":{"allow":["GET"]}}],"collection":[{"href":"https:\/\/uvbbrasil.com.br\/uvb-json\/wp\/v2\/posts"}],"about":[{"href":"https:\/\/uvbbrasil.com.br\/uvb-json\/wp\/v2\/types\/post"}],"author":[{"embeddable":true,"href":"https:\/\/uvbbrasil.com.br\/uvb-json\/wp\/v2\/users\/1"}],"replies":[{"embeddable":true,"href":"https:\/\/uvbbrasil.com.br\/uvb-json\/wp\/v2\/comments?post=1131"}],"version-history":[{"count":0,"href":"https:\/\/uvbbrasil.com.br\/uvb-json\/wp\/v2\/posts\/1131\/revisions"}],"wp:featuredmedia":[{"embeddable":true,"href":"https:\/\/uvbbrasil.com.br\/uvb-json\/wp\/v2\/media\/1132"}],"wp:attachment":[{"href":"https:\/\/uvbbrasil.com.br\/uvb-json\/wp\/v2\/media?parent=1131"}],"wp:term":[{"taxonomy":"category","embeddable":true,"href":"https:\/\/uvbbrasil.com.br\/uvb-json\/wp\/v2\/categories?post=1131"},{"taxonomy":"post_tag","embeddable":true,"href":"https:\/\/uvbbrasil.com.br\/uvb-json\/wp\/v2\/tags?post=1131"}],"curies":[{"name":"wp","href":"https:\/\/api.w.org\/{rel}","templated":true}]}}